{"id":78062,"date":"2026-09-06T11:47:00","date_gmt":"2026-09-06T10:47:00","guid":{"rendered":"https:\/\/www.policlinicogemelli.it\/news-eventi\/la-scomparsa-di-domenico-lofrese-direttore-amministrativo-dellateneo\/"},"modified":"2026-09-06T15:16:33","modified_gmt":"2026-09-06T14:16:33","slug":"la-scomparsa-di-domenico-lofrese-direttore-amministrativo-dellateneo","status":"publish","type":"kf_gem_news","link":"https:\/\/www.policlinicogemelli.it\/en\/news-events\/la-scomparsa-di-domenico-lofrese-direttore-amministrativo-dellateneo\/","title":{"rendered":"La scomparsa di Domenico Lofrese"},"content":{"rendered":"\n<p class=\"wp-block-paragraph\"><em><strong>A lungo direttore amministrativo dell\u2019Ateneo, fu uno degli ultimi collaboratori diretti di Padre Agostino Gemelli<\/strong><\/em><\/p>\n\n\n\n<p class=\"wp-block-paragraph\">Nella notte di sabato 5 settembre si \u00e8 spento il dottor Domenico Lofrese, figura di primo piano nella storia dell\u2019Universit\u00e0 Cattolica del Sacro Cuore, alla quale ha dedicato oltre cinquant\u2019anni di servizio.<\/p>\n\n\n\n<p class=\"wp-block-paragraph\">Nato ad Acquaviva delle Fonti nel 1932, entr\u00f2 giovanissimo in Universit\u00e0 nel 1950. Fu tra gli ultimi funzionari dell\u2019Ateneo ad aver conosciuto e collaborato direttamente con padre Agostino Gemelli, accompagnando poi l\u2019Universit\u00e0 Cattolica in una lunga stagione della sua storia, al fianco dei Rettori che si sono succeduti.<\/p>\n\n\n\n<p class=\"wp-block-paragraph\">Particolarmente profondo fu il suo legame con la Facolt\u00e0 di Medicina e chirurgia e con la sede di Roma. Gi\u00e0 nel 1959 fu chiamato a contribuire alla complessa fase preparatoria che avrebbe condotto alla nascita della Facolt\u00e0 e, successivamente, del Policlinico Gemelli. Nel 1961 ne divenne il primo segretario accademico, assumendo un ruolo determinante nell\u2019avvio delle attivit\u00e0 didattiche e nella progressiva organizzazione amministrativa e accademica della sede romana.<\/p>\n\n\n\n<p class=\"wp-block-paragraph\">Nel corso della sua carriera ricopr\u00ec incarichi di crescente responsabilit\u00e0, fino a diventare direttore amministrativo e componente del Consiglio di amministrazione dell\u2019Universit\u00e0. Fu anche responsabile della casa editrice dell\u2019Ateneo Vita e Pensiero.<\/p>\n\n\n\n<p class=\"wp-block-paragraph\">Con competenza, dedizione e profondo senso di appartenenza, il dottor Lofrese ha contribuito a custodire la memoria delle origini e, insieme, ad accompagnare la crescita e lo sviluppo dell\u2019Universit\u00e0 Cattolica e del Policlinico Gemelli. La sua vicenda professionale e umana \u00e8 espressione del legame tra la visione del fondatore e l\u2019Ateneo di oggi.<\/p>\n\n\n\n<p class=\"wp-block-paragraph\">Il Rettore e tutta la famiglia dell&#8217;Universit\u00e0 Cattolica del Sacro Cuore insieme al Presidente e a tutta la comunit\u00e0 della Fondazione Policlinico Agostino Gemelli IRCCS lo ricordano con profonda gratitudine e si uniscono nella preghiera al dolore dei familiari e di quanti lo hanno conosciuto e stimato.<\/p>\n\n\n\n<p class=\"wp-block-paragraph\">Il rito funebre per Domenico Lofrese avr\u00e0 luogo luned\u00ec 7 settembre, ore 14, a Roma<br>nella Chiesa di San Luigi Maria Grignion de Montfort,<br>Viale dei Monfortani 50.<\/p>\n","protected":false},"excerpt":{"rendered":"<p>A lungo direttore amministrativo dell\u2019Ateneo, fu uno degli ultimi collaboratori diretti di Padre Agostino Gemelli Nella notte di sabato 5 settembre si \u00e8 spento il dottor Domenico Lofrese, figura di primo piano nella storia dell\u2019Universit\u00e0 Cattolica del Sacro Cuore, alla quale ha dedicato oltre cinquant\u2019anni di servizio. Nato ad Acquaviva delle Fonti nel 1932, entr\u00f2 [&hellip;]<\/p>\n","protected":false},"featured_media":78061,"template":"","categorie":[92],"class_list":["post-78062","kf_gem_news","type-kf_gem_news","status-publish","has-post-thumbnail","kf_gem_newscat-assistance","entry"],"acf":[],"yoast_head":"<!-- This site is optimized with the Yoast SEO plugin v28.4 - https:\/\/yoast.com\/product\/yoast-seo-wordpress\/ -->\n<title>La scomparsa di Domenico Lofrese - Policlinico Universitario A. Gemelli IRCCS<\/title>\n<meta name=\"robots\" content=\"index, follow, max-snippet:-1, max-image-preview:large, max-video-preview:-1\" \/>\n<link rel=\"canonical\" href=\"https:\/\/www.policlinicogemelli.it\/en\/news-events\/la-scomparsa-di-domenico-lofrese-direttore-amministrativo-dellateneo\/\" \/>\n<meta property=\"og:locale\" content=\"en_US\" \/>\n<meta property=\"og:type\" content=\"article\" \/>\n<meta property=\"og:title\" content=\"La scomparsa di Domenico Lofrese - Policlinico Universitario A. Gemelli IRCCS\" \/>\n<meta property=\"og:description\" content=\"A lungo direttore amministrativo dell\u2019Ateneo, fu uno degli ultimi collaboratori diretti di Padre Agostino Gemelli Nella notte di sabato 5 settembre si \u00e8 spento il dottor Domenico Lofrese, figura di primo piano nella storia dell\u2019Universit\u00e0 Cattolica del Sacro Cuore, alla quale ha dedicato oltre cinquant\u2019anni di servizio. Nato ad Acquaviva delle Fonti nel 1932, entr\u00f2 [&hellip;]\" \/>\n<meta property=\"og:url\" content=\"https:\/\/www.policlinicogemelli.it\/en\/news-events\/la-scomparsa-di-domenico-lofrese-direttore-amministrativo-dellateneo\/\" \/>\n<meta property=\"og:site_name\" content=\"Policlinico Universitario Agostino Gemelli IRCCS\" \/>\n<meta property=\"article:modified_time\" content=\"2026-09-06T14:16:33+00:00\" \/>\n<meta property=\"og:image\" content=\"https:\/\/www.policlinicogemelli.it\/wp-content\/uploads\/2026\/09\/b1ba17d4-14dd-443f-a774-a8be8206dcc9.jpg\" \/>\n\t<meta property=\"og:image:width\" content=\"1600\" \/>\n\t<meta property=\"og:image:height\" content=\"1304\" \/>\n\t<meta property=\"og:image:type\" content=\"image\/jpeg\" \/>\n<meta name=\"twitter:card\" content=\"summary_large_image\" \/>\n<meta name=\"twitter:label1\" content=\"Est. reading time\" \/>\n\t<meta name=\"twitter:data1\" content=\"2 minutes\" \/>\n<script type=\"application\/ld+json\" class=\"yoast-schema-graph\">{\"@context\":\"https:\\\/\\\/schema.org\",\"@graph\":[{\"@type\":\"WebPage\",\"@id\":\"https:\\\/\\\/www.policlinicogemelli.it\\\/en\\\/news-events\\\/la-scomparsa-di-domenico-lofrese-direttore-amministrativo-dellateneo\\\/\",\"url\":\"https:\\\/\\\/www.policlinicogemelli.it\\\/en\\\/news-events\\\/la-scomparsa-di-domenico-lofrese-direttore-amministrativo-dellateneo\\\/\",\"name\":\"La scomparsa di Domenico Lofrese - Policlinico Universitario A. Gemelli IRCCS\",\"isPartOf\":{\"@id\":\"https:\\\/\\\/www.policlinicogemelli.it\\\/en\\\/#website\"},\"primaryImageOfPage\":{\"@id\":\"https:\\\/\\\/www.policlinicogemelli.it\\\/en\\\/news-events\\\/la-scomparsa-di-domenico-lofrese-direttore-amministrativo-dellateneo\\\/#primaryimage\"},\"image\":{\"@id\":\"https:\\\/\\\/www.policlinicogemelli.it\\\/en\\\/news-events\\\/la-scomparsa-di-domenico-lofrese-direttore-amministrativo-dellateneo\\\/#primaryimage\"},\"thumbnailUrl\":\"https:\\\/\\\/www.policlinicogemelli.it\\\/wp-content\\\/uploads\\\/2026\\\/09\\\/b1ba17d4-14dd-443f-a774-a8be8206dcc9.jpg\",\"datePublished\":\"2026-09-06T10:47:00+00:00\",\"dateModified\":\"2026-09-06T14:16:33+00:00\",\"breadcrumb\":{\"@id\":\"https:\\\/\\\/www.policlinicogemelli.it\\\/en\\\/news-events\\\/la-scomparsa-di-domenico-lofrese-direttore-amministrativo-dellateneo\\\/#breadcrumb\"},\"inLanguage\":\"en-US\",\"potentialAction\":[{\"@type\":\"ReadAction\",\"target\":[\"https:\\\/\\\/www.policlinicogemelli.it\\\/en\\\/news-events\\\/la-scomparsa-di-domenico-lofrese-direttore-amministrativo-dellateneo\\\/\"]}]},{\"@type\":\"ImageObject\",\"inLanguage\":\"en-US\",\"@id\":\"https:\\\/\\\/www.policlinicogemelli.it\\\/en\\\/news-events\\\/la-scomparsa-di-domenico-lofrese-direttore-amministrativo-dellateneo\\\/#primaryimage\",\"url\":\"https:\\\/\\\/www.policlinicogemelli.it\\\/wp-content\\\/uploads\\\/2026\\\/09\\\/b1ba17d4-14dd-443f-a774-a8be8206dcc9.jpg\",\"contentUrl\":\"https:\\\/\\\/www.policlinicogemelli.it\\\/wp-content\\\/uploads\\\/2026\\\/09\\\/b1ba17d4-14dd-443f-a774-a8be8206dcc9.jpg\",\"width\":1600,\"height\":1304},{\"@type\":\"BreadcrumbList\",\"@id\":\"https:\\\/\\\/www.policlinicogemelli.it\\\/en\\\/news-events\\\/la-scomparsa-di-domenico-lofrese-direttore-amministrativo-dellateneo\\\/#breadcrumb\",\"itemListElement\":[{\"@type\":\"ListItem\",\"position\":1,\"name\":\"Home\",\"item\":\"https:\\\/\\\/www.policlinicogemelli.it\\\/en\\\/\"},{\"@type\":\"ListItem\",\"position\":2,\"name\":\"News and Events\",\"item\":\"https:\\\/\\\/www.policlinicogemelli.it\\\/en\\\/news-events\\\/\"},{\"@type\":\"ListItem\",\"position\":3,\"name\":\"La scomparsa di Domenico Lofrese\"}]},{\"@type\":\"WebSite\",\"@id\":\"https:\\\/\\\/www.policlinicogemelli.it\\\/en\\\/#website\",\"url\":\"https:\\\/\\\/www.policlinicogemelli.it\\\/en\\\/\",\"name\":\"Policlinico Universitario Agostino Gemelli IRCCS\",\"description\":\"Policlinico Universitario Agostino Gemelli IRCCS\",\"publisher\":{\"@id\":\"https:\\\/\\\/www.policlinicogemelli.it\\\/en\\\/#organization\"},\"potentialAction\":[{\"@type\":\"SearchAction\",\"target\":{\"@type\":\"EntryPoint\",\"urlTemplate\":\"https:\\\/\\\/www.policlinicogemelli.it\\\/en\\\/?s={search_term_string}\"},\"query-input\":{\"@type\":\"PropertyValueSpecification\",\"valueRequired\":true,\"valueName\":\"search_term_string\"}}],\"inLanguage\":\"en-US\"},{\"@type\":\"Organization\",\"@id\":\"https:\\\/\\\/www.policlinicogemelli.it\\\/en\\\/#organization\",\"name\":\"Policlinico Universitario Agostino Gemelli IRCCS\",\"url\":\"https:\\\/\\\/www.policlinicogemelli.it\\\/en\\\/\",\"logo\":{\"@type\":\"ImageObject\",\"inLanguage\":\"en-US\",\"@id\":\"https:\\\/\\\/www.policlinicogemelli.it\\\/en\\\/#\\\/schema\\\/logo\\\/image\\\/\",\"url\":\"https:\\\/\\\/www.policlinicogemelli.it\\\/wp-content\\\/uploads\\\/2019\\\/02\\\/logo-policlinico-gemelli-250-trasp-color-1.png\",\"contentUrl\":\"https:\\\/\\\/www.policlinicogemelli.it\\\/wp-content\\\/uploads\\\/2019\\\/02\\\/logo-policlinico-gemelli-250-trasp-color-1.png\",\"width\":250,\"height\":82,\"caption\":\"Policlinico Universitario Agostino Gemelli IRCCS\"},\"image\":{\"@id\":\"https:\\\/\\\/www.policlinicogemelli.it\\\/en\\\/#\\\/schema\\\/logo\\\/image\\\/\"}}]}<\/script>\n<!-- \/ Yoast SEO plugin. -->","yoast_head_json":{"title":"La scomparsa di Domenico Lofrese - Policlinico Universitario A. Gemelli IRCCS","robots":{"index":"index","follow":"follow","max-snippet":"max-snippet:-1","max-image-preview":"max-image-preview:large","max-video-preview":"max-video-preview:-1"},"canonical":"https:\/\/www.policlinicogemelli.it\/en\/news-events\/la-scomparsa-di-domenico-lofrese-direttore-amministrativo-dellateneo\/","og_locale":"en_US","og_type":"article","og_title":"La scomparsa di Domenico Lofrese - Policlinico Universitario A. Gemelli IRCCS","og_description":"A lungo direttore amministrativo dell\u2019Ateneo, fu uno degli ultimi collaboratori diretti di Padre Agostino Gemelli Nella notte di sabato 5 settembre si \u00e8 spento il dottor Domenico Lofrese, figura di primo piano nella storia dell\u2019Universit\u00e0 Cattolica del Sacro Cuore, alla quale ha dedicato oltre cinquant\u2019anni di servizio. Nato ad Acquaviva delle Fonti nel 1932, entr\u00f2 [&hellip;]","og_url":"https:\/\/www.policlinicogemelli.it\/en\/news-events\/la-scomparsa-di-domenico-lofrese-direttore-amministrativo-dellateneo\/","og_site_name":"Policlinico Universitario Agostino Gemelli IRCCS","article_modified_time":"2026-09-06T14:16:33+00:00","og_image":[{"width":1600,"height":1304,"url":"https:\/\/www.policlinicogemelli.it\/wp-content\/uploads\/2026\/09\/b1ba17d4-14dd-443f-a774-a8be8206dcc9.jpg","type":"image\/jpeg"}],"twitter_card":"summary_large_image","twitter_misc":{"Est. reading time":"2 minutes"},"schema":{"@context":"https:\/\/schema.org","@graph":[{"@type":"WebPage","@id":"https:\/\/www.policlinicogemelli.it\/en\/news-events\/la-scomparsa-di-domenico-lofrese-direttore-amministrativo-dellateneo\/","url":"https:\/\/www.policlinicogemelli.it\/en\/news-events\/la-scomparsa-di-domenico-lofrese-direttore-amministrativo-dellateneo\/","name":"La scomparsa di Domenico Lofrese - Policlinico Universitario A. Gemelli IRCCS","isPartOf":{"@id":"https:\/\/www.policlinicogemelli.it\/en\/#website"},"primaryImageOfPage":{"@id":"https:\/\/www.policlinicogemelli.it\/en\/news-events\/la-scomparsa-di-domenico-lofrese-direttore-amministrativo-dellateneo\/#primaryimage"},"image":{"@id":"https:\/\/www.policlinicogemelli.it\/en\/news-events\/la-scomparsa-di-domenico-lofrese-direttore-amministrativo-dellateneo\/#primaryimage"},"thumbnailUrl":"https:\/\/www.policlinicogemelli.it\/wp-content\/uploads\/2026\/09\/b1ba17d4-14dd-443f-a774-a8be8206dcc9.jpg","datePublished":"2026-09-06T10:47:00+00:00","dateModified":"2026-09-06T14:16:33+00:00","breadcrumb":{"@id":"https:\/\/www.policlinicogemelli.it\/en\/news-events\/la-scomparsa-di-domenico-lofrese-direttore-amministrativo-dellateneo\/#breadcrumb"},"inLanguage":"en-US","potentialAction":[{"@type":"ReadAction","target":["https:\/\/www.policlinicogemelli.it\/en\/news-events\/la-scomparsa-di-domenico-lofrese-direttore-amministrativo-dellateneo\/"]}]},{"@type":"ImageObject","inLanguage":"en-US","@id":"https:\/\/www.policlinicogemelli.it\/en\/news-events\/la-scomparsa-di-domenico-lofrese-direttore-amministrativo-dellateneo\/#primaryimage","url":"https:\/\/www.policlinicogemelli.it\/wp-content\/uploads\/2026\/09\/b1ba17d4-14dd-443f-a774-a8be8206dcc9.jpg","contentUrl":"https:\/\/www.policlinicogemelli.it\/wp-content\/uploads\/2026\/09\/b1ba17d4-14dd-443f-a774-a8be8206dcc9.jpg","width":1600,"height":1304},{"@type":"BreadcrumbList","@id":"https:\/\/www.policlinicogemelli.it\/en\/news-events\/la-scomparsa-di-domenico-lofrese-direttore-amministrativo-dellateneo\/#breadcrumb","itemListElement":[{"@type":"ListItem","position":1,"name":"Home","item":"https:\/\/www.policlinicogemelli.it\/en\/"},{"@type":"ListItem","position":2,"name":"News and Events","item":"https:\/\/www.policlinicogemelli.it\/en\/news-events\/"},{"@type":"ListItem","position":3,"name":"La scomparsa di Domenico Lofrese"}]},{"@type":"WebSite","@id":"https:\/\/www.policlinicogemelli.it\/en\/#website","url":"https:\/\/www.policlinicogemelli.it\/en\/","name":"Policlinico Universitario Agostino Gemelli IRCCS","description":"Policlinico Universitario Agostino Gemelli IRCCS","publisher":{"@id":"https:\/\/www.policlinicogemelli.it\/en\/#organization"},"potentialAction":[{"@type":"SearchAction","target":{"@type":"EntryPoint","urlTemplate":"https:\/\/www.policlinicogemelli.it\/en\/?s={search_term_string}"},"query-input":{"@type":"PropertyValueSpecification","valueRequired":true,"valueName":"search_term_string"}}],"inLanguage":"en-US"},{"@type":"Organization","@id":"https:\/\/www.policlinicogemelli.it\/en\/#organization","name":"Policlinico Universitario Agostino Gemelli IRCCS","url":"https:\/\/www.policlinicogemelli.it\/en\/","logo":{"@type":"ImageObject","inLanguage":"en-US","@id":"https:\/\/www.policlinicogemelli.it\/en\/#\/schema\/logo\/image\/","url":"https:\/\/www.policlinicogemelli.it\/wp-content\/uploads\/2019\/02\/logo-policlinico-gemelli-250-trasp-color-1.png","contentUrl":"https:\/\/www.policlinicogemelli.it\/wp-content\/uploads\/2019\/02\/logo-policlinico-gemelli-250-trasp-color-1.png","width":250,"height":82,"caption":"Policlinico Universitario Agostino Gemelli IRCCS"},"image":{"@id":"https:\/\/www.policlinicogemelli.it\/en\/#\/schema\/logo\/image\/"}}]}},"rest_api_enabler":[],"_links":{"self":[{"href":"https:\/\/www.policlinicogemelli.it\/en\/wp-json\/wp\/v2\/news\/78062","targetHints":{"allow":["GET"]}}],"collection":[{"href":"https:\/\/www.policlinicogemelli.it\/en\/wp-json\/wp\/v2\/news"}],"about":[{"href":"https:\/\/www.policlinicogemelli.it\/en\/wp-json\/wp\/v2\/types\/kf_gem_news"}],"version-history":[{"count":2,"href":"https:\/\/www.policlinicogemelli.it\/en\/wp-json\/wp\/v2\/news\/78062\/revisions"}],"predecessor-version":[{"id":78069,"href":"https:\/\/www.policlinicogemelli.it\/en\/wp-json\/wp\/v2\/news\/78062\/revisions\/78069"}],"wp:featuredmedia":[{"embeddable":true,"href":"https:\/\/www.policlinicogemelli.it\/en\/wp-json\/wp\/v2\/media\/78061"}],"wp:attachment":[{"href":"https:\/\/www.policlinicogemelli.it\/en\/wp-json\/wp\/v2\/media?parent=78062"}],"wp:term":[{"taxonomy":"kf_gem_newscat","embeddable":true,"href":"https:\/\/www.policlinicogemelli.it\/en\/wp-json\/wp\/v2\/categorie?post=78062"}],"curies":[{"name":"wp","href":"https:\/\/api.w.org\/{rel}","templated":true}]}}