{"id":76134,"date":"2026-04-28T06:57:42","date_gmt":"2026-04-28T05:57:42","guid":{"rendered":"https:\/\/www.policlinicogemelli.it\/news-eventi\/nasce-gimseno-la-rete-senologica-che-unisce-fondazione-policlinico-gemelli-gemelli-isola-e-mater-olbia-nel-segno-del-patient-first\/"},"modified":"2026-04-28T06:57:45","modified_gmt":"2026-04-28T05:57:45","slug":"nasce-gimseno-la-rete-senologica-che-unisce-fondazione-policlinico-gemelli-gemelli-isola-e-mater-olbia-nel-segno-del-patient-first","status":"publish","type":"kf_gem_news","link":"https:\/\/www.policlinicogemelli.it\/en\/news-events\/nasce-gimseno-la-rete-senologica-che-unisce-fondazione-policlinico-gemelli-gemelli-isola-e-mater-olbia-nel-segno-del-patient-first\/","title":{"rendered":"Nasce GIMSeno, la rete senologica che unisce Fondazione Policlinico Gemelli, Gemelli Isola e Mater Olbia nel segno del \u201cpatient first\u201d"},"content":{"rendered":"\n<p><strong><em>Policlinico Gemelli IRCCS, Gemelli Isola e Mater Olbia danno vita a GIMSeno, una rete innovativa che integra competenze cliniche, ricerca e formazione per migliorare i percorsi di cura del tumore al seno. Un modello collaborativo e multidisciplinare che punta sulla condivisione e integrazione delle risorse, cure integrate e centralit\u00e0 della persona, con l\u2019obiettivo di elevare qualit\u00e0 delle cure, migliorare l\u2019outcome delle pazienti e accelerare lo sviluppo scientifico.<\/em><\/strong><\/p>\n\n\n\n<p>Lavorare fianco a fianco, mettendo da parte ogni individualismo e abbattendo le barriere geografiche. Quelle tra Fondazione Policlinico Gemelli IRCCS, Gemelli Isola e Mater Olbia, tre strutture d\u2019eccellenza accumunate da un\u2019unica <em>vision<\/em>: <em>patient first<\/em>.<\/p>\n\n\n\n<p>\u00c8 questo il collante che ha dato vita alla rete senologica GIMSeno. Lo scopo dichiarato \u00e8 quello di valorizzare le attivit\u00e0 cliniche, di formazione e di ricerca delle tre strutture. \u201cMettere in rete i professionisti di queste tre strutture ci consentir\u00e0 di mettere a terra percorsi diagnostico-terapeutici che includano anche le cure integrate (nostra cifra distintiva da sempre) per aumentare l\u2019efficacia delle terapie e migliorare gli <em>outcome<\/em> delle pazienti e, allo stesso tempo, di valorizzare i professionisti che operano in questi diversi contesti, anche attraverso la creazione di spazi di lavoro condivisi; ma anche di ottimizzare l\u2019utilizzo delle preziose risorse nelle tre strutture. Una rete di professionisti connessi quotidianamente, che lavorino e abbiano la possibilit\u00e0 di consultarsi come se si trovassero nella stanza accanto. Un\u2019unica comunit\u00e0 improntata alle relazioni sane tra le persone. Una visione utopica? Noi naturalmente speriamo di no e contiamo sul successo di questo modello non vuole portare una rivoluzione nella senologia ma investirla di un\u2019innovazione gentile, con gli unici ingredienti di lavoro e rispetto per le persone. La condivisione di ogni aspetto del lavoro quotidiano, in ambito clinico, di formazione e di ricerca sar\u00e0 la base del successo\u201d.<\/p>\n\n\n\n<p>Queste le parole di un emozionato <strong>Gianluca Franceschini, <\/strong>professore Ordinario di Chirurgia Generale all\u2019Universit\u00e0 Cattolica del Sacro Cuore e Direttore della UOC di Chirurgia Senologica&nbsp;e del Centro Integrato di Senologia&nbsp;di Fondazione Policlinico Gemelli IRCCS, al <em>kickoff<\/em> di GIMSeno, per la presentazione di questo sogno, diventato progetto, davanti ad un\u2019aula gremita di medici e specializzandi di tutte le specialit\u00e0 impegnate nella battaglia contro i tumori del seno. E gi\u00e0 questo livello di partecipazione \u00e8 un successo, che dimostra come la sua idea sia di quelle vincenti. Una declinazione del classico principio dell\u2019unione che fa la forza, un <em>upgrade <\/em>della multidisciplinariet\u00e0, condivisa tra strutture geograficamente separate (da un fiume le due sorelle romane e dal mare, quella di Olbia) che ha incassato un deciso <em>endorsement bottom-up<\/em>. Ma anche un\u2019approvazione incondizionata da parte dei vertici delle tre strutture, che pensano gi\u00e0 di replicare questo modello anche in altri ambiti di specialit\u00e0.<\/p>\n\n\n\n<p>\u201cMigliorare l\u2019esperienza del paziente lungo tutto il percorso clinico, ma anche oltre la malattia, prendendocene cura come persona, per soddisfare i suoi bisogni emotivi, familiari, sociali e di reinserimento lavorativo. Questa \u00e8 la nostra cifra distintiva: la capacit\u00e0 di accompagnare davvero i pazienti attraverso tutte queste dimensioni \u2013 sottolinea il dottor&nbsp;<strong>Daniele Piacentini,&nbsp;<\/strong>Direttore Generale di Fondazione Policlinico Universitario Agostino Gemelli IRCCS -.&nbsp;&nbsp;E la creazione di GIMSeno rappresenta la multiprofessionalit\u00e0 e la multidisciplinariet\u00e0 nella sua accezione pi\u00f9 alta. Un bellissimo progetto che ha tutte le premesse per funzionare e avere successo, all\u2019interno di Gruppo che oggi effettua pi\u00f9 di 2.000 interventi di chirurgia senologica ogni anno (1.450 interventi al Policlinico Gemelli, 450 a Gemelli Isola e 200 al Mater Olbia). I Percorsi di cura che garantiamo a tutte le pazienti e i pazienti che si rivolgono alle nostre strutture, pi\u00f9 che fondati su sinergie organizzative devono essere fondati su una visione comune dei nostri Ospedali e dei nostri professionisti: garantire al paziente tutti insieme la massima qualit\u00e0 delle cure, dell\u2019assistenza integrata e continuativa lungo tutto il percorso di cura e della ricerca di nuove terapie\u201d.&nbsp;<\/p>\n\n\n\n<p>\u201cUn\u2019idea vincente quella dell\u2019acronimo GIM e di quello che rappresenta, che pu\u00f2 essere declinato in tante altre dimensioni di patologia \u2013 sottolinea il professor <strong>Antonio Gasbarrini<\/strong>, Direttore Scientifico di Fondazione Policlinico Gemelli IRCCS -. \u00c8 un modello ideale anche per la ricerca, quello di mettere in rete le tre strutture. Far lavorare medici di diverse specialit\u00e0, mettendo al centro il paziente e partecipare ai trial clinici su <em>device<\/em> e farmaci rappresentano grandi risultati che anticipano la pratica clinica anche di dieci anni (abbiamo il pi\u00f9 grande centro di trial di fase 1 in Italia). Grande \u00e8 il nostro impegno per una ricerca davvero umana e a misura di paziente. Stiamo sviluppando un progetto di <em>trial matching<\/em> che ci consentir\u00e0 di individuare subito qual \u00e8 la molecola ideale per la sua patologia, estendendo l\u2019offerta anche a quelle ancora al vaglio dei trial clinico sperimentale. Ma i modelli di <em>trial matching<\/em> attualmente esistenti in letteratura in realt\u00e0 non tengono conto del paziente; l\u2019algoritmo che li governa tiene conto del valore economico di una persona per la societ\u00e0 e non il suo valore intrinseco; secondo questo modello una manager trentenne ha pi\u00f9 valore di una casalinga con tre figli. Noi abbiamo deciso di ci discostarci con decisione da questa visione: volgiamo uscire dalla logica degli algoritmi commerciali, per abbracciare una componente etica, in linea con i principi che improntano l\u2019Universit\u00e0 Cattolica, che guider\u00e0 il perimetro nel quale applicare questi algoritmi. Che saranno algoritmi proprietari e non commerciali, basati sulle singole persone e non sul loro valore economico stimato. Una partita enorme che diventer\u00e0 distintiva dell\u2019ecosistema Cattolica e GIM, rispetto agli altri\u201d.<\/p>\n\n\n\n<p>\u201cRingrazio Gianluca Franceschini per aver abbracciato di slancio il progetto GIM, mettendo sul tavolo tante idee, con la voglia di far crescere la nostra struttura \u2013 afferma il dottor <strong>Giovanni Paolo D\u2019Incecco Bayard de Volo,<\/strong> Amministratore Delegato di Mater Olbia-. Abbiamo gi\u00e0 raggiunto numeri importanti in senologia e vogliamo portare anche ad Olbia e in Sardegna tutte le terapie integrate, un elemento che contraddistingue l\u2019operato del Gemelli. GIMSeno non \u00e8 una collaborazione che nasce oggi, ma \u00e8 comunque l\u2019attestazione di una volont\u00e0. Possiamo costruire processi, procedure, PDTA, ma se alla base non c\u2019\u00e8 una visione condivisa, rischiamo di limitarci a perseguire le procedure e a fare dell\u2019applicazione delle procedure il fine da raggiungere, mentre questo rappresenta solo un mezzo. Avere un centro integrato, trasversale, dove si lavora fianco a fianco come se i colleghi delle altre strutture fossero nella stanza accanto. Per il territorio sardo \u00e8 molto importante sentirsi integrato con il resto d\u2019Italia. Come ulteriore collante di questa operazione, e questo \u00e8 evidente gi\u00e0 nel logo, c\u2019\u00e8 un altro elemento fondamentale, la Komen, molto attiva anche in Sardegna oltre che a Roma\u201d.<\/p>\n\n\n\n<p>\u201cCronicizzare una malattia, come il tumore del seno, significa normalizzare questa malattia \u2013 sottolinea la professoressa <strong>Maria Antonietta Gambacorta,<\/strong> vice-Preside della Facolt\u00e0 di Medicina e Chirurgia dell\u2019Universit\u00e0 Cattolica del Sacro Cuore, Ordinario di Radioterapia oncologica e direttrice del Dipartimento Diagnostica per Immagini e Radioterapia Oncologica di Fondazione Policlinico Gemelli IRCCS -. La paziente vuole continuare a vivere e portare avanti una vita normale. Nel piano strategico dell\u2019UCSC, la Rettrice ha sottolineato l\u2019importanza dell\u2019integrazione del sapere. E noi, qui al Policlinico Gemelli possiamo essere i primi attori di questa integrazione del sapere, applicandola alle nostre attivit\u00e0 quotidiane. E assolutamente coerente con questa linea e queste direttrici dell\u2019UCSC \u00e8 il progetto GIM, basato proprio sull\u2019integrazione del sapere di diverse strutture collegate al Policlinico Gemelli, integrate con l\u2019Universit\u00e0 perch\u00e9 anche in queste altre istituzioni noi facciamo formazione. GIMSeno \u00e8 un esempio anche per tutte le altre patologie tumorali che negli anni siamo riusciti a cronicizzare; e rappresenta una speranza anche per quelle che ancora non riusciamo a curare al meglio, come il tumore del pancreas o dell\u2019encefalo\u201d.<\/p>\n\n\n\n<p><strong><em>Maria Rita Montebelli<\/em><\/strong><\/p>\n\n\n\n<p>In foto La presentazione della rete GIMSeno &#8211; Fondazione Policlinico Gemelli, Gemelli Isola e Mater Olbia<\/p>\n\n\n\n<figure class=\"wp-block-image size-large\"><img loading=\"lazy\" decoding=\"async\" width=\"1024\" height=\"683\" src=\"https:\/\/www.policlinicogemelli.it\/wp-content\/uploads\/2026\/04\/Logo-GIMSeno-1024x683.jpg\" alt=\"\" class=\"wp-image-76132\" srcset=\"https:\/\/www.policlinicogemelli.it\/wp-content\/uploads\/2026\/04\/Logo-GIMSeno-1024x683.jpg 1024w, https:\/\/www.policlinicogemelli.it\/wp-content\/uploads\/2026\/04\/Logo-GIMSeno-300x200.jpg 300w, https:\/\/www.policlinicogemelli.it\/wp-content\/uploads\/2026\/04\/Logo-GIMSeno-768x512.jpg 768w, https:\/\/www.policlinicogemelli.it\/wp-content\/uploads\/2026\/04\/Logo-GIMSeno-743x495.jpg 743w, https:\/\/www.policlinicogemelli.it\/wp-content\/uploads\/2026\/04\/Logo-GIMSeno-308x205.jpg 308w, https:\/\/www.policlinicogemelli.it\/wp-content\/uploads\/2026\/04\/Logo-GIMSeno-600x400.jpg 600w, https:\/\/www.policlinicogemelli.it\/wp-content\/uploads\/2026\/04\/Logo-GIMSeno-400x267.jpg 400w, https:\/\/www.policlinicogemelli.it\/wp-content\/uploads\/2026\/04\/Logo-GIMSeno.jpg 1536w\" sizes=\"auto, (max-width: 1024px) 100vw, 1024px\" \/><\/figure>\n","protected":false},"excerpt":{"rendered":"<p>Policlinico Gemelli IRCCS, Gemelli Isola e Mater Olbia danno vita a GIMSeno, una rete innovativa che integra competenze cliniche, ricerca e formazione per migliorare i percorsi di cura del tumore al seno. Un modello collaborativo e multidisciplinare che punta sulla condivisione e integrazione delle risorse, cure integrate e centralit\u00e0 della persona, con l\u2019obiettivo di elevare [&hellip;]<\/p>\n","protected":false},"featured_media":76131,"template":"","categorie":[92],"class_list":{"0":"post-76134","1":"kf_gem_news","2":"type-kf_gem_news","3":"status-publish","4":"has-post-thumbnail","6":"kf_gem_newscat-assistance","7":"entry"},"acf":[],"yoast_head":"<!-- This site is optimized with the Yoast SEO plugin v27.5 - https:\/\/yoast.com\/product\/yoast-seo-wordpress\/ -->\n<title>Nasce GIMSeno, la rete senologica che unisce Fondazione Policlinico Gemelli, Gemelli Isola e Mater Olbia nel segno del \u201cpatient first\u201d - Policlinico Universitario A. Gemelli IRCCS<\/title>\n<meta name=\"robots\" content=\"index, follow, max-snippet:-1, max-image-preview:large, max-video-preview:-1\" \/>\n<link rel=\"canonical\" href=\"https:\/\/www.policlinicogemelli.it\/en\/news-events\/nasce-gimseno-la-rete-senologica-che-unisce-fondazione-policlinico-gemelli-gemelli-isola-e-mater-olbia-nel-segno-del-patient-first\/\" \/>\n<meta property=\"og:locale\" content=\"en_US\" \/>\n<meta property=\"og:type\" content=\"article\" \/>\n<meta property=\"og:title\" content=\"Nasce GIMSeno, la rete senologica che unisce Fondazione Policlinico Gemelli, Gemelli Isola e Mater Olbia nel segno del \u201cpatient first\u201d - Policlinico Universitario A. Gemelli IRCCS\" \/>\n<meta property=\"og:description\" content=\"Policlinico Gemelli IRCCS, Gemelli Isola e Mater Olbia danno vita a GIMSeno, una rete innovativa che integra competenze cliniche, ricerca e formazione per migliorare i percorsi di cura del tumore al seno. Un modello collaborativo e multidisciplinare che punta sulla condivisione e integrazione delle risorse, cure integrate e centralit\u00e0 della persona, con l\u2019obiettivo di elevare [&hellip;]\" \/>\n<meta property=\"og:url\" content=\"https:\/\/www.policlinicogemelli.it\/en\/news-events\/nasce-gimseno-la-rete-senologica-che-unisce-fondazione-policlinico-gemelli-gemelli-isola-e-mater-olbia-nel-segno-del-patient-first\/\" \/>\n<meta property=\"og:site_name\" content=\"Policlinico Universitario Agostino Gemelli IRCCS\" \/>\n<meta property=\"article:modified_time\" content=\"2026-04-28T05:57:45+00:00\" \/>\n<meta property=\"og:image\" content=\"https:\/\/www.policlinicogemelli.it\/wp-content\/uploads\/2026\/04\/Logo-GIMSeno.jpg\" \/>\n\t<meta property=\"og:image:width\" content=\"1536\" \/>\n\t<meta property=\"og:image:height\" content=\"1024\" \/>\n\t<meta property=\"og:image:type\" content=\"image\/jpeg\" \/>\n<meta name=\"twitter:card\" content=\"summary_large_image\" \/>\n<meta name=\"twitter:label1\" content=\"Est. reading time\" \/>\n\t<meta name=\"twitter:data1\" content=\"6 minutes\" \/>\n<script type=\"application\/ld+json\" class=\"yoast-schema-graph\">{\"@context\":\"https:\\\/\\\/schema.org\",\"@graph\":[{\"@type\":\"WebPage\",\"@id\":\"https:\\\/\\\/www.policlinicogemelli.it\\\/en\\\/news-events\\\/nasce-gimseno-la-rete-senologica-che-unisce-fondazione-policlinico-gemelli-gemelli-isola-e-mater-olbia-nel-segno-del-patient-first\\\/\",\"url\":\"https:\\\/\\\/www.policlinicogemelli.it\\\/en\\\/news-events\\\/nasce-gimseno-la-rete-senologica-che-unisce-fondazione-policlinico-gemelli-gemelli-isola-e-mater-olbia-nel-segno-del-patient-first\\\/\",\"name\":\"Nasce GIMSeno, la rete senologica che unisce Fondazione Policlinico Gemelli, Gemelli Isola e Mater Olbia nel segno del \u201cpatient first\u201d - Policlinico Universitario A. Gemelli IRCCS\",\"isPartOf\":{\"@id\":\"https:\\\/\\\/www.policlinicogemelli.it\\\/en\\\/#website\"},\"primaryImageOfPage\":{\"@id\":\"https:\\\/\\\/www.policlinicogemelli.it\\\/en\\\/news-events\\\/nasce-gimseno-la-rete-senologica-che-unisce-fondazione-policlinico-gemelli-gemelli-isola-e-mater-olbia-nel-segno-del-patient-first\\\/#primaryimage\"},\"image\":{\"@id\":\"https:\\\/\\\/www.policlinicogemelli.it\\\/en\\\/news-events\\\/nasce-gimseno-la-rete-senologica-che-unisce-fondazione-policlinico-gemelli-gemelli-isola-e-mater-olbia-nel-segno-del-patient-first\\\/#primaryimage\"},\"thumbnailUrl\":\"https:\\\/\\\/www.policlinicogemelli.it\\\/wp-content\\\/uploads\\\/2026\\\/04\\\/La-presentazione-della-rete-GIMSeno-Fondazione-Policlinico-Gemelli-Gemelli-Isola-e-Mater-Olbia--scaled.jpg\",\"datePublished\":\"2026-04-28T05:57:42+00:00\",\"dateModified\":\"2026-04-28T05:57:45+00:00\",\"breadcrumb\":{\"@id\":\"https:\\\/\\\/www.policlinicogemelli.it\\\/en\\\/news-events\\\/nasce-gimseno-la-rete-senologica-che-unisce-fondazione-policlinico-gemelli-gemelli-isola-e-mater-olbia-nel-segno-del-patient-first\\\/#breadcrumb\"},\"inLanguage\":\"en-US\",\"potentialAction\":[{\"@type\":\"ReadAction\",\"target\":[\"https:\\\/\\\/www.policlinicogemelli.it\\\/en\\\/news-events\\\/nasce-gimseno-la-rete-senologica-che-unisce-fondazione-policlinico-gemelli-gemelli-isola-e-mater-olbia-nel-segno-del-patient-first\\\/\"]}]},{\"@type\":\"ImageObject\",\"inLanguage\":\"en-US\",\"@id\":\"https:\\\/\\\/www.policlinicogemelli.it\\\/en\\\/news-events\\\/nasce-gimseno-la-rete-senologica-che-unisce-fondazione-policlinico-gemelli-gemelli-isola-e-mater-olbia-nel-segno-del-patient-first\\\/#primaryimage\",\"url\":\"https:\\\/\\\/www.policlinicogemelli.it\\\/wp-content\\\/uploads\\\/2026\\\/04\\\/La-presentazione-della-rete-GIMSeno-Fondazione-Policlinico-Gemelli-Gemelli-Isola-e-Mater-Olbia--scaled.jpg\",\"contentUrl\":\"https:\\\/\\\/www.policlinicogemelli.it\\\/wp-content\\\/uploads\\\/2026\\\/04\\\/La-presentazione-della-rete-GIMSeno-Fondazione-Policlinico-Gemelli-Gemelli-Isola-e-Mater-Olbia--scaled.jpg\",\"width\":2560,\"height\":1920},{\"@type\":\"BreadcrumbList\",\"@id\":\"https:\\\/\\\/www.policlinicogemelli.it\\\/en\\\/news-events\\\/nasce-gimseno-la-rete-senologica-che-unisce-fondazione-policlinico-gemelli-gemelli-isola-e-mater-olbia-nel-segno-del-patient-first\\\/#breadcrumb\",\"itemListElement\":[{\"@type\":\"ListItem\",\"position\":1,\"name\":\"Home\",\"item\":\"https:\\\/\\\/www.policlinicogemelli.it\\\/en\\\/\"},{\"@type\":\"ListItem\",\"position\":2,\"name\":\"News and Events\",\"item\":\"https:\\\/\\\/www.policlinicogemelli.it\\\/en\\\/news-events\\\/\"},{\"@type\":\"ListItem\",\"position\":3,\"name\":\"Nasce GIMSeno, la rete senologica che unisce Fondazione Policlinico Gemelli, Gemelli Isola e Mater Olbia nel segno del \u201cpatient first\u201d\"}]},{\"@type\":\"WebSite\",\"@id\":\"https:\\\/\\\/www.policlinicogemelli.it\\\/en\\\/#website\",\"url\":\"https:\\\/\\\/www.policlinicogemelli.it\\\/en\\\/\",\"name\":\"Policlinico Universitario Agostino Gemelli IRCCS\",\"description\":\"Policlinico Universitario Agostino Gemelli IRCCS\",\"publisher\":{\"@id\":\"https:\\\/\\\/www.policlinicogemelli.it\\\/en\\\/#organization\"},\"potentialAction\":[{\"@type\":\"SearchAction\",\"target\":{\"@type\":\"EntryPoint\",\"urlTemplate\":\"https:\\\/\\\/www.policlinicogemelli.it\\\/en\\\/?s={search_term_string}\"},\"query-input\":{\"@type\":\"PropertyValueSpecification\",\"valueRequired\":true,\"valueName\":\"search_term_string\"}}],\"inLanguage\":\"en-US\"},{\"@type\":\"Organization\",\"@id\":\"https:\\\/\\\/www.policlinicogemelli.it\\\/en\\\/#organization\",\"name\":\"Policlinico Universitario Agostino Gemelli IRCCS\",\"url\":\"https:\\\/\\\/www.policlinicogemelli.it\\\/en\\\/\",\"logo\":{\"@type\":\"ImageObject\",\"inLanguage\":\"en-US\",\"@id\":\"https:\\\/\\\/www.policlinicogemelli.it\\\/en\\\/#\\\/schema\\\/logo\\\/image\\\/\",\"url\":\"https:\\\/\\\/www.policlinicogemelli.it\\\/wp-content\\\/uploads\\\/2019\\\/02\\\/logo-policlinico-gemelli-250-trasp-color-1.png\",\"contentUrl\":\"https:\\\/\\\/www.policlinicogemelli.it\\\/wp-content\\\/uploads\\\/2019\\\/02\\\/logo-policlinico-gemelli-250-trasp-color-1.png\",\"width\":250,\"height\":82,\"caption\":\"Policlinico Universitario Agostino Gemelli IRCCS\"},\"image\":{\"@id\":\"https:\\\/\\\/www.policlinicogemelli.it\\\/en\\\/#\\\/schema\\\/logo\\\/image\\\/\"}}]}<\/script>\n<!-- \/ Yoast SEO plugin. -->","yoast_head_json":{"title":"Nasce GIMSeno, la rete senologica che unisce Fondazione Policlinico Gemelli, Gemelli Isola e Mater Olbia nel segno del \u201cpatient first\u201d - Policlinico Universitario A. Gemelli IRCCS","robots":{"index":"index","follow":"follow","max-snippet":"max-snippet:-1","max-image-preview":"max-image-preview:large","max-video-preview":"max-video-preview:-1"},"canonical":"https:\/\/www.policlinicogemelli.it\/en\/news-events\/nasce-gimseno-la-rete-senologica-che-unisce-fondazione-policlinico-gemelli-gemelli-isola-e-mater-olbia-nel-segno-del-patient-first\/","og_locale":"en_US","og_type":"article","og_title":"Nasce GIMSeno, la rete senologica che unisce Fondazione Policlinico Gemelli, Gemelli Isola e Mater Olbia nel segno del \u201cpatient first\u201d - Policlinico Universitario A. Gemelli IRCCS","og_description":"Policlinico Gemelli IRCCS, Gemelli Isola e Mater Olbia danno vita a GIMSeno, una rete innovativa che integra competenze cliniche, ricerca e formazione per migliorare i percorsi di cura del tumore al seno. Un modello collaborativo e multidisciplinare che punta sulla condivisione e integrazione delle risorse, cure integrate e centralit\u00e0 della persona, con l\u2019obiettivo di elevare [&hellip;]","og_url":"https:\/\/www.policlinicogemelli.it\/en\/news-events\/nasce-gimseno-la-rete-senologica-che-unisce-fondazione-policlinico-gemelli-gemelli-isola-e-mater-olbia-nel-segno-del-patient-first\/","og_site_name":"Policlinico Universitario Agostino Gemelli IRCCS","article_modified_time":"2026-04-28T05:57:45+00:00","og_image":[{"width":1536,"height":1024,"url":"https:\/\/www.policlinicogemelli.it\/wp-content\/uploads\/2026\/04\/Logo-GIMSeno.jpg","type":"image\/jpeg"}],"twitter_card":"summary_large_image","twitter_misc":{"Est. reading time":"6 minutes"},"schema":{"@context":"https:\/\/schema.org","@graph":[{"@type":"WebPage","@id":"https:\/\/www.policlinicogemelli.it\/en\/news-events\/nasce-gimseno-la-rete-senologica-che-unisce-fondazione-policlinico-gemelli-gemelli-isola-e-mater-olbia-nel-segno-del-patient-first\/","url":"https:\/\/www.policlinicogemelli.it\/en\/news-events\/nasce-gimseno-la-rete-senologica-che-unisce-fondazione-policlinico-gemelli-gemelli-isola-e-mater-olbia-nel-segno-del-patient-first\/","name":"Nasce GIMSeno, la rete senologica che unisce Fondazione Policlinico Gemelli, Gemelli Isola e Mater Olbia nel segno del \u201cpatient first\u201d - Policlinico Universitario A. Gemelli IRCCS","isPartOf":{"@id":"https:\/\/www.policlinicogemelli.it\/en\/#website"},"primaryImageOfPage":{"@id":"https:\/\/www.policlinicogemelli.it\/en\/news-events\/nasce-gimseno-la-rete-senologica-che-unisce-fondazione-policlinico-gemelli-gemelli-isola-e-mater-olbia-nel-segno-del-patient-first\/#primaryimage"},"image":{"@id":"https:\/\/www.policlinicogemelli.it\/en\/news-events\/nasce-gimseno-la-rete-senologica-che-unisce-fondazione-policlinico-gemelli-gemelli-isola-e-mater-olbia-nel-segno-del-patient-first\/#primaryimage"},"thumbnailUrl":"https:\/\/www.policlinicogemelli.it\/wp-content\/uploads\/2026\/04\/La-presentazione-della-rete-GIMSeno-Fondazione-Policlinico-Gemelli-Gemelli-Isola-e-Mater-Olbia--scaled.jpg","datePublished":"2026-04-28T05:57:42+00:00","dateModified":"2026-04-28T05:57:45+00:00","breadcrumb":{"@id":"https:\/\/www.policlinicogemelli.it\/en\/news-events\/nasce-gimseno-la-rete-senologica-che-unisce-fondazione-policlinico-gemelli-gemelli-isola-e-mater-olbia-nel-segno-del-patient-first\/#breadcrumb"},"inLanguage":"en-US","potentialAction":[{"@type":"ReadAction","target":["https:\/\/www.policlinicogemelli.it\/en\/news-events\/nasce-gimseno-la-rete-senologica-che-unisce-fondazione-policlinico-gemelli-gemelli-isola-e-mater-olbia-nel-segno-del-patient-first\/"]}]},{"@type":"ImageObject","inLanguage":"en-US","@id":"https:\/\/www.policlinicogemelli.it\/en\/news-events\/nasce-gimseno-la-rete-senologica-che-unisce-fondazione-policlinico-gemelli-gemelli-isola-e-mater-olbia-nel-segno-del-patient-first\/#primaryimage","url":"https:\/\/www.policlinicogemelli.it\/wp-content\/uploads\/2026\/04\/La-presentazione-della-rete-GIMSeno-Fondazione-Policlinico-Gemelli-Gemelli-Isola-e-Mater-Olbia--scaled.jpg","contentUrl":"https:\/\/www.policlinicogemelli.it\/wp-content\/uploads\/2026\/04\/La-presentazione-della-rete-GIMSeno-Fondazione-Policlinico-Gemelli-Gemelli-Isola-e-Mater-Olbia--scaled.jpg","width":2560,"height":1920},{"@type":"BreadcrumbList","@id":"https:\/\/www.policlinicogemelli.it\/en\/news-events\/nasce-gimseno-la-rete-senologica-che-unisce-fondazione-policlinico-gemelli-gemelli-isola-e-mater-olbia-nel-segno-del-patient-first\/#breadcrumb","itemListElement":[{"@type":"ListItem","position":1,"name":"Home","item":"https:\/\/www.policlinicogemelli.it\/en\/"},{"@type":"ListItem","position":2,"name":"News and Events","item":"https:\/\/www.policlinicogemelli.it\/en\/news-events\/"},{"@type":"ListItem","position":3,"name":"Nasce GIMSeno, la rete senologica che unisce Fondazione Policlinico Gemelli, Gemelli Isola e Mater Olbia nel segno del \u201cpatient first\u201d"}]},{"@type":"WebSite","@id":"https:\/\/www.policlinicogemelli.it\/en\/#website","url":"https:\/\/www.policlinicogemelli.it\/en\/","name":"Policlinico Universitario Agostino Gemelli IRCCS","description":"Policlinico Universitario Agostino Gemelli IRCCS","publisher":{"@id":"https:\/\/www.policlinicogemelli.it\/en\/#organization"},"potentialAction":[{"@type":"SearchAction","target":{"@type":"EntryPoint","urlTemplate":"https:\/\/www.policlinicogemelli.it\/en\/?s={search_term_string}"},"query-input":{"@type":"PropertyValueSpecification","valueRequired":true,"valueName":"search_term_string"}}],"inLanguage":"en-US"},{"@type":"Organization","@id":"https:\/\/www.policlinicogemelli.it\/en\/#organization","name":"Policlinico Universitario Agostino Gemelli IRCCS","url":"https:\/\/www.policlinicogemelli.it\/en\/","logo":{"@type":"ImageObject","inLanguage":"en-US","@id":"https:\/\/www.policlinicogemelli.it\/en\/#\/schema\/logo\/image\/","url":"https:\/\/www.policlinicogemelli.it\/wp-content\/uploads\/2019\/02\/logo-policlinico-gemelli-250-trasp-color-1.png","contentUrl":"https:\/\/www.policlinicogemelli.it\/wp-content\/uploads\/2019\/02\/logo-policlinico-gemelli-250-trasp-color-1.png","width":250,"height":82,"caption":"Policlinico Universitario Agostino Gemelli IRCCS"},"image":{"@id":"https:\/\/www.policlinicogemelli.it\/en\/#\/schema\/logo\/image\/"}}]}},"rest_api_enabler":[],"_links":{"self":[{"href":"https:\/\/www.policlinicogemelli.it\/en\/wp-json\/wp\/v2\/news\/76134","targetHints":{"allow":["GET"]}}],"collection":[{"href":"https:\/\/www.policlinicogemelli.it\/en\/wp-json\/wp\/v2\/news"}],"about":[{"href":"https:\/\/www.policlinicogemelli.it\/en\/wp-json\/wp\/v2\/types\/kf_gem_news"}],"version-history":[{"count":1,"href":"https:\/\/www.policlinicogemelli.it\/en\/wp-json\/wp\/v2\/news\/76134\/revisions"}],"predecessor-version":[{"id":76136,"href":"https:\/\/www.policlinicogemelli.it\/en\/wp-json\/wp\/v2\/news\/76134\/revisions\/76136"}],"wp:featuredmedia":[{"embeddable":true,"href":"https:\/\/www.policlinicogemelli.it\/en\/wp-json\/wp\/v2\/media\/76131"}],"wp:attachment":[{"href":"https:\/\/www.policlinicogemelli.it\/en\/wp-json\/wp\/v2\/media?parent=76134"}],"wp:term":[{"taxonomy":"kf_gem_newscat","embeddable":true,"href":"https:\/\/www.policlinicogemelli.it\/en\/wp-json\/wp\/v2\/categorie?post=76134"}],"curies":[{"name":"wp","href":"https:\/\/api.w.org\/{rel}","templated":true}]}}