{"id":76123,"date":"2026-04-27T14:17:44","date_gmt":"2026-04-27T13:17:44","guid":{"rendered":"https:\/\/www.policlinicogemelli.it\/news-eventi\/discorso-del-santo-padre-leone-xiv-in-occasione-della-benedizione-della-prima-pietra-del-centro-cuore-papa-francesco\/"},"modified":"2026-04-27T14:40:00","modified_gmt":"2026-04-27T13:40:00","slug":"discorso-del-santo-padre-leone-xiv-in-occasione-della-benedizione-della-prima-pietra-del-centro-cuore-papa-francesco","status":"publish","type":"kf_gem_news","link":"https:\/\/www.policlinicogemelli.it\/en\/news-events\/discorso-del-santo-padre-leone-xiv-in-occasione-della-benedizione-della-prima-pietra-del-centro-cuore-papa-francesco\/","title":{"rendered":"Discorso del Santo Padre Leone XIV in occasione della benedizione della prima pietra del &#8220;Centro Cuore &#8211; Papa Francesco&#8221;"},"content":{"rendered":"\n<p><em>Carissimi, buongiorno e benvenuti!<\/em><\/p>\n\n\n\n<p>Accolgo con piacere il vostro desiderio che il Papa benedica la prima pietra del \u201cCentro Cuore\u201d, la nuova grande opera del Policlinico Gemelli, intitolata a\u00a0Papa Francesco. Il nome\u00a0<em>Cuore<\/em>, dato alla nuova struttura, mi offre lo spunto per la breve riflessione che condivido con voi.<\/p>\n\n\n\n<p>In un primo significato, diciamo funzionale, esso sta per&nbsp;<em>Cardiovascular Unique Offer ReEngineered<\/em>. Indica, cio\u00e8, con un acronimo, efficace nella sua immediatezza, quella parte del vasto villaggio che \u00e8 il \u201cGemelli\u201d dove saranno concentrate le cure delle malattie cardiovascolari. Voi lo definite un nuovo modello organizzativo centrato sulla persona. \u00c8 una sfida impegnativa, che vi auguro di affrontare con entusiasmo, collaborazione e anche preghiera.<\/p>\n\n\n\n<p>Ma la parola \u201ccuore\u201d, per il vostro Policlinico, dice molto di pi\u00f9, perch\u00e9 sta nel nome stesso dell\u2019Universit\u00e0 a cui appartiene: l\u2019Universit\u00e0 Cattolica del Sacro Cuore.<\/p>\n\n\n\n<p>A questo proposito, mi piace ricordare un particolare storico importante. Quando arriv\u00f2 il momento tanto atteso di chiedere il riconoscimento dello Stato per la nuova Universit\u00e0, molti consigliarono a padre Gemelli di non intitolarla al Sacro Cuore, perch\u00e9 quel titolo sarebbe risultato troppo devozionale. E il fondatore si pose onestamente il problema. Ma la\u00a0Beata Armida Barelli\u00a0non ebbe dubbi: l\u2019Universit\u00e0 doveva essere \u201cdel Sacro Cuore\u201d, perch\u00e9 proprio al Cuore di Cristo si doveva la serie di \u201cmiracoli\u201d che avevano reso possibile l\u2019impresa. Gemelli ascolt\u00f2 la sua fidata collaboratrice e il nome fu approvato anche dalle autorit\u00e0 governative.<\/p>\n\n\n\n<p>Oggi, possiamo dire che quella scelta, profetica allora, lo \u00e8 tuttora, se pensiamo che\u00a0Papa Francesco\u00a0ha voluto la sua ultima Enciclica,\u00a0<em>Dilexit nos<\/em>\u00a0\u2013 quasi un testamento \u2013, dedicata \u201call\u2019amore umano e divino del Cuore di Ges\u00f9 Cristo\u201d.<\/p>\n\n\n\n<p>Nella sua prima parte, essa ricorda l\u2019antropologia cristiana, che intende il cuore come centro e sintesi della persona umana. Vorrei citare solo un passaggio: \u00abIl nucleo di ogni essere umano, il suo centro pi\u00f9 intimo, non \u00e8 il nucleo dell\u2019anima ma dell\u2019intera persona nella sua identit\u00e0 unica, che \u00e8 di anima e corpo. Tutto \u00e8 unificato nel cuore, che pu\u00f2 essere la sede dell\u2019amore con tutte le sue componenti spirituali, psichiche e anche fisiche. In definitiva, se in esso regna l\u2019amore, la persona raggiunge la propria identit\u00e0 in modo pieno e luminoso, perch\u00e9 ogni essere umano \u00e8 stato creato anzitutto per l\u2019amore, \u00e8 fatto nelle sue fibre pi\u00f9 profonde per amare ed essere amato\u00bb (n. 21). In questa parte dell\u2019Enciclica\u00a0voi potete ritrovare il quadro di principi e di valori che sono alla base della formazione nel vostro Policlinico, formazione che, in questa occasione, mi permetto semplicemente di incoraggiare: quanto pi\u00f9 il \u201cGemelli\u201d cresce, tanto pi\u00f9 dev\u2019essere curata la formazione umana e cristiana di chi vi opera.<\/p>\n\n\n\n<p>Il messaggio centrale della&nbsp;<em>Dilexit nos<\/em>&nbsp;\u00e8 per\u00f2 teologico e spirituale, incentrato sul mistero d\u2019amore del Cuore di Cristo, fonte principale di ispirazione e di sostegno per la nostra vita e il nostro lavoro. Come una fiamma perenne, questo amore ha suscitato nella Chiesa innumerevoli testimoni di carit\u00e0, anche di carit\u00e0 educativa e sociale. Tra questi possiamo annoverare padre Gemelli, la Beata Armida Barelli e gli altri fondatori dell\u2019Universit\u00e0 Cattolica del Sacro Cuore.<\/p>\n\n\n\n<p>Sappiamo quanto Gemelli avesse a lungo desiderato la Facolt\u00e0 di medicina e siamo certi che egli dall\u2019alto continua ad accompagnare gli sviluppi, in particolare questa iniziativa del Centro Cuore. Con questi sentimenti, benedico tutti voi e la prima pietra della nuova struttura, invocando l\u2019intercessione di Maria Santissima, Sede della Sapienza e Salute dei malati Grazie!<\/p>\n\n\n\n<p><em>Sala del Concistoro<br>Luned\u00ec, 27 aprile 2026<\/em><\/p>\n\n\n\n<p>Foto credit Vatican Media<\/p>\n","protected":false},"excerpt":{"rendered":"<p>Carissimi, buongiorno e benvenuti! Accolgo con piacere il vostro desiderio che il Papa benedica la prima pietra del \u201cCentro Cuore\u201d, la nuova grande opera del Policlinico Gemelli, intitolata a\u00a0Papa Francesco. Il nome\u00a0Cuore, dato alla nuova struttura, mi offre lo spunto per la breve riflessione che condivido con voi. In un primo significato, diciamo funzionale, esso [&hellip;]<\/p>\n","protected":false},"featured_media":76101,"template":"","categorie":[92],"class_list":{"0":"post-76123","1":"kf_gem_news","2":"type-kf_gem_news","3":"status-publish","4":"has-post-thumbnail","6":"kf_gem_newscat-assistance","7":"entry"},"acf":[],"yoast_head":"<!-- This site is optimized with the Yoast SEO plugin v27.5 - https:\/\/yoast.com\/product\/yoast-seo-wordpress\/ -->\n<title>Discorso del Santo Padre Leone XIV in occasione della benedizione della prima pietra del &quot;Centro Cuore - Papa Francesco&quot; - Policlinico Universitario A. Gemelli IRCCS<\/title>\n<meta name=\"robots\" content=\"index, follow, max-snippet:-1, max-image-preview:large, max-video-preview:-1\" \/>\n<link rel=\"canonical\" href=\"https:\/\/www.policlinicogemelli.it\/en\/news-events\/discorso-del-santo-padre-leone-xiv-in-occasione-della-benedizione-della-prima-pietra-del-centro-cuore-papa-francesco\/\" \/>\n<meta property=\"og:locale\" content=\"en_US\" \/>\n<meta property=\"og:type\" content=\"article\" \/>\n<meta property=\"og:title\" content=\"Discorso del Santo Padre Leone XIV in occasione della benedizione della prima pietra del &quot;Centro Cuore - Papa Francesco&quot; - Policlinico Universitario A. Gemelli IRCCS\" \/>\n<meta property=\"og:description\" content=\"Carissimi, buongiorno e benvenuti! Accolgo con piacere il vostro desiderio che il Papa benedica la prima pietra del \u201cCentro Cuore\u201d, la nuova grande opera del Policlinico Gemelli, intitolata a\u00a0Papa Francesco. Il nome\u00a0Cuore, dato alla nuova struttura, mi offre lo spunto per la breve riflessione che condivido con voi. In un primo significato, diciamo funzionale, esso [&hellip;]\" \/>\n<meta property=\"og:url\" content=\"https:\/\/www.policlinicogemelli.it\/en\/news-events\/discorso-del-santo-padre-leone-xiv-in-occasione-della-benedizione-della-prima-pietra-del-centro-cuore-papa-francesco\/\" \/>\n<meta property=\"og:site_name\" content=\"Policlinico Universitario Agostino Gemelli IRCCS\" \/>\n<meta property=\"article:modified_time\" content=\"2026-04-27T13:40:00+00:00\" \/>\n<meta property=\"og:image\" content=\"https:\/\/www.policlinicogemelli.it\/wp-content\/uploads\/2026\/04\/Benedizione-Leone-XIV-prima-pietra-Gemelli-Cuore-Papa-Francesco-3-scaled.jpg\" \/>\n\t<meta property=\"og:image:width\" content=\"2560\" \/>\n\t<meta property=\"og:image:height\" content=\"1707\" \/>\n\t<meta property=\"og:image:type\" content=\"image\/jpeg\" \/>\n<meta name=\"twitter:card\" content=\"summary_large_image\" \/>\n<meta name=\"twitter:label1\" content=\"Est. reading time\" \/>\n\t<meta name=\"twitter:data1\" content=\"3 minutes\" \/>\n<script type=\"application\/ld+json\" class=\"yoast-schema-graph\">{\"@context\":\"https:\\\/\\\/schema.org\",\"@graph\":[{\"@type\":\"WebPage\",\"@id\":\"https:\\\/\\\/www.policlinicogemelli.it\\\/en\\\/news-events\\\/discorso-del-santo-padre-leone-xiv-in-occasione-della-benedizione-della-prima-pietra-del-centro-cuore-papa-francesco\\\/\",\"url\":\"https:\\\/\\\/www.policlinicogemelli.it\\\/en\\\/news-events\\\/discorso-del-santo-padre-leone-xiv-in-occasione-della-benedizione-della-prima-pietra-del-centro-cuore-papa-francesco\\\/\",\"name\":\"Discorso del Santo Padre Leone XIV in occasione della benedizione della prima pietra del \\\"Centro Cuore - Papa Francesco\\\" - Policlinico Universitario A. Gemelli IRCCS\",\"isPartOf\":{\"@id\":\"https:\\\/\\\/www.policlinicogemelli.it\\\/en\\\/#website\"},\"primaryImageOfPage\":{\"@id\":\"https:\\\/\\\/www.policlinicogemelli.it\\\/en\\\/news-events\\\/discorso-del-santo-padre-leone-xiv-in-occasione-della-benedizione-della-prima-pietra-del-centro-cuore-papa-francesco\\\/#primaryimage\"},\"image\":{\"@id\":\"https:\\\/\\\/www.policlinicogemelli.it\\\/en\\\/news-events\\\/discorso-del-santo-padre-leone-xiv-in-occasione-della-benedizione-della-prima-pietra-del-centro-cuore-papa-francesco\\\/#primaryimage\"},\"thumbnailUrl\":\"https:\\\/\\\/www.policlinicogemelli.it\\\/wp-content\\\/uploads\\\/2026\\\/04\\\/Benedizione-Leone-XIV-prima-pietra-Gemelli-Cuore-Papa-Francesco-3-scaled.jpg\",\"datePublished\":\"2026-04-27T13:17:44+00:00\",\"dateModified\":\"2026-04-27T13:40:00+00:00\",\"breadcrumb\":{\"@id\":\"https:\\\/\\\/www.policlinicogemelli.it\\\/en\\\/news-events\\\/discorso-del-santo-padre-leone-xiv-in-occasione-della-benedizione-della-prima-pietra-del-centro-cuore-papa-francesco\\\/#breadcrumb\"},\"inLanguage\":\"en-US\",\"potentialAction\":[{\"@type\":\"ReadAction\",\"target\":[\"https:\\\/\\\/www.policlinicogemelli.it\\\/en\\\/news-events\\\/discorso-del-santo-padre-leone-xiv-in-occasione-della-benedizione-della-prima-pietra-del-centro-cuore-papa-francesco\\\/\"]}]},{\"@type\":\"ImageObject\",\"inLanguage\":\"en-US\",\"@id\":\"https:\\\/\\\/www.policlinicogemelli.it\\\/en\\\/news-events\\\/discorso-del-santo-padre-leone-xiv-in-occasione-della-benedizione-della-prima-pietra-del-centro-cuore-papa-francesco\\\/#primaryimage\",\"url\":\"https:\\\/\\\/www.policlinicogemelli.it\\\/wp-content\\\/uploads\\\/2026\\\/04\\\/Benedizione-Leone-XIV-prima-pietra-Gemelli-Cuore-Papa-Francesco-3-scaled.jpg\",\"contentUrl\":\"https:\\\/\\\/www.policlinicogemelli.it\\\/wp-content\\\/uploads\\\/2026\\\/04\\\/Benedizione-Leone-XIV-prima-pietra-Gemelli-Cuore-Papa-Francesco-3-scaled.jpg\",\"width\":2560,\"height\":1707},{\"@type\":\"BreadcrumbList\",\"@id\":\"https:\\\/\\\/www.policlinicogemelli.it\\\/en\\\/news-events\\\/discorso-del-santo-padre-leone-xiv-in-occasione-della-benedizione-della-prima-pietra-del-centro-cuore-papa-francesco\\\/#breadcrumb\",\"itemListElement\":[{\"@type\":\"ListItem\",\"position\":1,\"name\":\"Home\",\"item\":\"https:\\\/\\\/www.policlinicogemelli.it\\\/en\\\/\"},{\"@type\":\"ListItem\",\"position\":2,\"name\":\"News and Events\",\"item\":\"https:\\\/\\\/www.policlinicogemelli.it\\\/en\\\/news-events\\\/\"},{\"@type\":\"ListItem\",\"position\":3,\"name\":\"Discorso del Santo Padre Leone XIV in occasione della benedizione della prima pietra del &#8220;Centro Cuore &#8211; Papa Francesco&#8221;\"}]},{\"@type\":\"WebSite\",\"@id\":\"https:\\\/\\\/www.policlinicogemelli.it\\\/en\\\/#website\",\"url\":\"https:\\\/\\\/www.policlinicogemelli.it\\\/en\\\/\",\"name\":\"Policlinico Universitario Agostino Gemelli IRCCS\",\"description\":\"Policlinico Universitario Agostino Gemelli IRCCS\",\"publisher\":{\"@id\":\"https:\\\/\\\/www.policlinicogemelli.it\\\/en\\\/#organization\"},\"potentialAction\":[{\"@type\":\"SearchAction\",\"target\":{\"@type\":\"EntryPoint\",\"urlTemplate\":\"https:\\\/\\\/www.policlinicogemelli.it\\\/en\\\/?s={search_term_string}\"},\"query-input\":{\"@type\":\"PropertyValueSpecification\",\"valueRequired\":true,\"valueName\":\"search_term_string\"}}],\"inLanguage\":\"en-US\"},{\"@type\":\"Organization\",\"@id\":\"https:\\\/\\\/www.policlinicogemelli.it\\\/en\\\/#organization\",\"name\":\"Policlinico Universitario Agostino Gemelli IRCCS\",\"url\":\"https:\\\/\\\/www.policlinicogemelli.it\\\/en\\\/\",\"logo\":{\"@type\":\"ImageObject\",\"inLanguage\":\"en-US\",\"@id\":\"https:\\\/\\\/www.policlinicogemelli.it\\\/en\\\/#\\\/schema\\\/logo\\\/image\\\/\",\"url\":\"https:\\\/\\\/www.policlinicogemelli.it\\\/wp-content\\\/uploads\\\/2019\\\/02\\\/logo-policlinico-gemelli-250-trasp-color-1.png\",\"contentUrl\":\"https:\\\/\\\/www.policlinicogemelli.it\\\/wp-content\\\/uploads\\\/2019\\\/02\\\/logo-policlinico-gemelli-250-trasp-color-1.png\",\"width\":250,\"height\":82,\"caption\":\"Policlinico Universitario Agostino Gemelli IRCCS\"},\"image\":{\"@id\":\"https:\\\/\\\/www.policlinicogemelli.it\\\/en\\\/#\\\/schema\\\/logo\\\/image\\\/\"}}]}<\/script>\n<!-- \/ Yoast SEO plugin. -->","yoast_head_json":{"title":"Discorso del Santo Padre Leone XIV in occasione della benedizione della prima pietra del \"Centro Cuore - Papa Francesco\" - Policlinico Universitario A. Gemelli IRCCS","robots":{"index":"index","follow":"follow","max-snippet":"max-snippet:-1","max-image-preview":"max-image-preview:large","max-video-preview":"max-video-preview:-1"},"canonical":"https:\/\/www.policlinicogemelli.it\/en\/news-events\/discorso-del-santo-padre-leone-xiv-in-occasione-della-benedizione-della-prima-pietra-del-centro-cuore-papa-francesco\/","og_locale":"en_US","og_type":"article","og_title":"Discorso del Santo Padre Leone XIV in occasione della benedizione della prima pietra del \"Centro Cuore - Papa Francesco\" - Policlinico Universitario A. Gemelli IRCCS","og_description":"Carissimi, buongiorno e benvenuti! Accolgo con piacere il vostro desiderio che il Papa benedica la prima pietra del \u201cCentro Cuore\u201d, la nuova grande opera del Policlinico Gemelli, intitolata a\u00a0Papa Francesco. Il nome\u00a0Cuore, dato alla nuova struttura, mi offre lo spunto per la breve riflessione che condivido con voi. In un primo significato, diciamo funzionale, esso [&hellip;]","og_url":"https:\/\/www.policlinicogemelli.it\/en\/news-events\/discorso-del-santo-padre-leone-xiv-in-occasione-della-benedizione-della-prima-pietra-del-centro-cuore-papa-francesco\/","og_site_name":"Policlinico Universitario Agostino Gemelli IRCCS","article_modified_time":"2026-04-27T13:40:00+00:00","og_image":[{"width":2560,"height":1707,"url":"https:\/\/www.policlinicogemelli.it\/wp-content\/uploads\/2026\/04\/Benedizione-Leone-XIV-prima-pietra-Gemelli-Cuore-Papa-Francesco-3-scaled.jpg","type":"image\/jpeg"}],"twitter_card":"summary_large_image","twitter_misc":{"Est. reading time":"3 minutes"},"schema":{"@context":"https:\/\/schema.org","@graph":[{"@type":"WebPage","@id":"https:\/\/www.policlinicogemelli.it\/en\/news-events\/discorso-del-santo-padre-leone-xiv-in-occasione-della-benedizione-della-prima-pietra-del-centro-cuore-papa-francesco\/","url":"https:\/\/www.policlinicogemelli.it\/en\/news-events\/discorso-del-santo-padre-leone-xiv-in-occasione-della-benedizione-della-prima-pietra-del-centro-cuore-papa-francesco\/","name":"Discorso del Santo Padre Leone XIV in occasione della benedizione della prima pietra del \"Centro Cuore - Papa Francesco\" - Policlinico Universitario A. Gemelli IRCCS","isPartOf":{"@id":"https:\/\/www.policlinicogemelli.it\/en\/#website"},"primaryImageOfPage":{"@id":"https:\/\/www.policlinicogemelli.it\/en\/news-events\/discorso-del-santo-padre-leone-xiv-in-occasione-della-benedizione-della-prima-pietra-del-centro-cuore-papa-francesco\/#primaryimage"},"image":{"@id":"https:\/\/www.policlinicogemelli.it\/en\/news-events\/discorso-del-santo-padre-leone-xiv-in-occasione-della-benedizione-della-prima-pietra-del-centro-cuore-papa-francesco\/#primaryimage"},"thumbnailUrl":"https:\/\/www.policlinicogemelli.it\/wp-content\/uploads\/2026\/04\/Benedizione-Leone-XIV-prima-pietra-Gemelli-Cuore-Papa-Francesco-3-scaled.jpg","datePublished":"2026-04-27T13:17:44+00:00","dateModified":"2026-04-27T13:40:00+00:00","breadcrumb":{"@id":"https:\/\/www.policlinicogemelli.it\/en\/news-events\/discorso-del-santo-padre-leone-xiv-in-occasione-della-benedizione-della-prima-pietra-del-centro-cuore-papa-francesco\/#breadcrumb"},"inLanguage":"en-US","potentialAction":[{"@type":"ReadAction","target":["https:\/\/www.policlinicogemelli.it\/en\/news-events\/discorso-del-santo-padre-leone-xiv-in-occasione-della-benedizione-della-prima-pietra-del-centro-cuore-papa-francesco\/"]}]},{"@type":"ImageObject","inLanguage":"en-US","@id":"https:\/\/www.policlinicogemelli.it\/en\/news-events\/discorso-del-santo-padre-leone-xiv-in-occasione-della-benedizione-della-prima-pietra-del-centro-cuore-papa-francesco\/#primaryimage","url":"https:\/\/www.policlinicogemelli.it\/wp-content\/uploads\/2026\/04\/Benedizione-Leone-XIV-prima-pietra-Gemelli-Cuore-Papa-Francesco-3-scaled.jpg","contentUrl":"https:\/\/www.policlinicogemelli.it\/wp-content\/uploads\/2026\/04\/Benedizione-Leone-XIV-prima-pietra-Gemelli-Cuore-Papa-Francesco-3-scaled.jpg","width":2560,"height":1707},{"@type":"BreadcrumbList","@id":"https:\/\/www.policlinicogemelli.it\/en\/news-events\/discorso-del-santo-padre-leone-xiv-in-occasione-della-benedizione-della-prima-pietra-del-centro-cuore-papa-francesco\/#breadcrumb","itemListElement":[{"@type":"ListItem","position":1,"name":"Home","item":"https:\/\/www.policlinicogemelli.it\/en\/"},{"@type":"ListItem","position":2,"name":"News and Events","item":"https:\/\/www.policlinicogemelli.it\/en\/news-events\/"},{"@type":"ListItem","position":3,"name":"Discorso del Santo Padre Leone XIV in occasione della benedizione della prima pietra del &#8220;Centro Cuore &#8211; Papa Francesco&#8221;"}]},{"@type":"WebSite","@id":"https:\/\/www.policlinicogemelli.it\/en\/#website","url":"https:\/\/www.policlinicogemelli.it\/en\/","name":"Policlinico Universitario Agostino Gemelli IRCCS","description":"Policlinico Universitario Agostino Gemelli IRCCS","publisher":{"@id":"https:\/\/www.policlinicogemelli.it\/en\/#organization"},"potentialAction":[{"@type":"SearchAction","target":{"@type":"EntryPoint","urlTemplate":"https:\/\/www.policlinicogemelli.it\/en\/?s={search_term_string}"},"query-input":{"@type":"PropertyValueSpecification","valueRequired":true,"valueName":"search_term_string"}}],"inLanguage":"en-US"},{"@type":"Organization","@id":"https:\/\/www.policlinicogemelli.it\/en\/#organization","name":"Policlinico Universitario Agostino Gemelli IRCCS","url":"https:\/\/www.policlinicogemelli.it\/en\/","logo":{"@type":"ImageObject","inLanguage":"en-US","@id":"https:\/\/www.policlinicogemelli.it\/en\/#\/schema\/logo\/image\/","url":"https:\/\/www.policlinicogemelli.it\/wp-content\/uploads\/2019\/02\/logo-policlinico-gemelli-250-trasp-color-1.png","contentUrl":"https:\/\/www.policlinicogemelli.it\/wp-content\/uploads\/2019\/02\/logo-policlinico-gemelli-250-trasp-color-1.png","width":250,"height":82,"caption":"Policlinico Universitario Agostino Gemelli IRCCS"},"image":{"@id":"https:\/\/www.policlinicogemelli.it\/en\/#\/schema\/logo\/image\/"}}]}},"rest_api_enabler":[],"_links":{"self":[{"href":"https:\/\/www.policlinicogemelli.it\/en\/wp-json\/wp\/v2\/news\/76123","targetHints":{"allow":["GET"]}}],"collection":[{"href":"https:\/\/www.policlinicogemelli.it\/en\/wp-json\/wp\/v2\/news"}],"about":[{"href":"https:\/\/www.policlinicogemelli.it\/en\/wp-json\/wp\/v2\/types\/kf_gem_news"}],"version-history":[{"count":2,"href":"https:\/\/www.policlinicogemelli.it\/en\/wp-json\/wp\/v2\/news\/76123\/revisions"}],"predecessor-version":[{"id":76128,"href":"https:\/\/www.policlinicogemelli.it\/en\/wp-json\/wp\/v2\/news\/76123\/revisions\/76128"}],"wp:featuredmedia":[{"embeddable":true,"href":"https:\/\/www.policlinicogemelli.it\/en\/wp-json\/wp\/v2\/media\/76101"}],"wp:attachment":[{"href":"https:\/\/www.policlinicogemelli.it\/en\/wp-json\/wp\/v2\/media?parent=76123"}],"wp:term":[{"taxonomy":"kf_gem_newscat","embeddable":true,"href":"https:\/\/www.policlinicogemelli.it\/en\/wp-json\/wp\/v2\/categorie?post=76123"}],"curies":[{"name":"wp","href":"https:\/\/api.w.org\/{rel}","templated":true}]}}