{"id":76095,"date":"2026-04-27T14:05:51","date_gmt":"2026-04-27T13:05:51","guid":{"rendered":"https:\/\/www.policlinicogemelli.it\/?post_type=kf_gem_news&#038;p=76095"},"modified":"2026-04-27T14:09:03","modified_gmt":"2026-04-27T13:09:03","slug":"il-rettore-della-cattolica-e-il-presidente-della-fondazione-policlinico-gemelli-in-udienza-da-papa-leone-xiv-benedetta-la-prima-pietra-del-centro-cuore-intitolato-a-papa-francesco","status":"publish","type":"kf_gem_news","link":"https:\/\/www.policlinicogemelli.it\/en\/news-events\/il-rettore-della-cattolica-e-il-presidente-della-fondazione-policlinico-gemelli-in-udienza-da-papa-leone-xiv-benedetta-la-prima-pietra-del-centro-cuore-intitolato-a-papa-francesco\/","title":{"rendered":"Il Rettore della Cattolica e il Presidente della Fondazione Policlinico Gemelli in Udienza da Papa Leone XIV: benedetta la prima pietra del Centro CUORE intitolato a Papa Francesco"},"content":{"rendered":"\n<p><strong><em>Questa mattina il Santo Padre ha incontrato una rappresentanza di Universit\u00e0 Cattolica del Sacro Cuore, Istituto G. Toniolo, Fondazione Policlinico A. Gemelli IRCCS e Fondazione Roma per la presentazione dell\u2019innovativo progetto di un centro per la cura delle malattie cardiovascolari.<\/em><\/strong><\/p>\n\n\n\n<p>Questa mattina <strong>Papa Leone XIV<\/strong> ha ricevuto in Udienza il Rettore dell\u2019Universit\u00e0 Cattolica del Sacro Cuore <strong>Elena Beccalli <\/strong>insieme alPresidente della Fondazione Policlinico Universitario Agostino Gemelli IRCCS <strong>Daniele Franco <\/strong>e all\u2019Assistente Ecclesiastico Generale dell\u2019Ateneo<strong>Mons. Claudio Giuliodori <\/strong>per la presentazione del progetto CentroCUORE che sar\u00e0 dedicato a Papa Francesco. Nel corso dell\u2019Udienza Leone XIV ha benedetto la prima pietra del \u201cCentro CUORE \u2013 Papa Francesco\u201d, che sar\u00e0 realizzato entro tre anni. Hanno partecipato all\u2019Udienza il Vicepresidente <strong>Giuseppe Fioroni <\/strong>e il Segretario Generale dell\u2019Istituto Giuseppe Toniolo di Studi Superiori <strong>Enrico Fusi<\/strong>, il Presidente della Fondazione Roma <strong>Franco Parasassi<\/strong> con i membri del consiglio di amministrazione e una rappresentanza di dirigenti, docenti, medici cardiologi e personale sanitario di Universit\u00e0 Cattolica e Policlinico Gemelli, tra cui il Direttore Generale <strong>Daniele Piacentini<\/strong>, il Direttore Scientifico <strong>Antonio Gasbarrini<\/strong>, e il Preside della Facolt\u00e0 di Medicina e Chirurgia <strong>Alessandro Sgambato.<\/strong><\/p>\n\n\n\n<p>Il Centro CUORE \u00e8 un progetto d\u2019avanguardia il cui cantiere \u00e8 partito lo scorso settembre. I lavori sono stati affidati a WeBuild, societ\u00e0 guidata dall\u2019Amministratore Delegato <strong>Pietro Salini<\/strong>, presente all\u2019Udienza.<\/p>\n\n\n\n<p>CUORE vuole trasformare la cura delle malattie cardiovascolari, non solo grazie a tecnologie di ultima generazione e strutture all\u2019avanguardia, ma soprattutto attraverso un modello organizzativo completamente nuovo, centrato sul paziente. L\u2019obiettivo \u00e8 superare il sistema tradizionale, che spesso frammenta i percorsi di cura, per offrire invece un\u2019esperienza integrata, personalizzata ed efficace.<\/p>\n\n\n\n<p>Il progetto tecnico, ideato dallo Studio Binini, \u00e8 stato commissionato dalla Fondazione Policlinico Gemelli e dalla Fondazione Roma &#8211; che ha largamente contribuito alla realizzazione del progetto &#8211; in collaborazione con l\u2019Istituto G. Toniolo di Studi Superiori, all\u2019interno del campus dell\u2019Universit\u00e0 Cattolica del Sacro Cuore a Roma. Il nome CUORE richiama la missione di prossimit\u00e0, cura e innovazione, elementi distintivi del Policlinico Gemelli che ha iniziato la su attivit\u00e0 nel 1964.<\/p>\n\n\n\n<p>\u00abLa benedizione di Papa Leone XIV della prima pietra del Centro CUORE \u2013 Papa Francesco rafforza il valore di questo progetto emblematico che, nel solco della missione dell\u2019Universit\u00e0 Cattolica, nel suo nome richiama il legame profondo con il Sacro Cuore di Ges\u00f9, \u00e8 orientato a coniugare innovazione e centralit\u00e0 del paziente\u2013 dichiara<strong>&nbsp;Elena Beccalli<\/strong>, Rettore dell\u2019Universit\u00e0 Cattolica del Sacro Cuore -. Si tratta di una traduzione dell\u2019idea di cura che contraddistingue l\u2019ecosistema Gemelli: la sintesi tra clinica, ricerca e didattica con una visione della medicina al servizio della persona nella sua interezza e improntata alla solidariet\u00e0. Offrir\u00e0 al paese un innovativo modello clinico-assistenziale basato su percorsi per le cure cardiovascolari, superando l\u2019attuale frammentazione per prestazioni specialistiche. Proprio ieri ricorreva l\u2019anniversario delle esequie di Papa Francesco: questa dedicazione assume pertanto un significato profondo, anche alla luce del suo legame con il Policlinico Gemelli, divenuto per lui, nel momento della malattia, luogo di cura ma anche testimonianza di fede e umanit\u00e0\u00bb.<\/p>\n\n\n\n<p>\u00abCon il Centro CUORE \u2013 Papa Francesco compiamo un passo decisivo verso un modello di sanit\u00e0 pi\u00f9 efficiente, integrato e sostenibile, pienamente inserito nel Servizio Sanitario Nazionale \u2013 afferma <strong>Daniele Franco<\/strong>, Presidente della Fondazione Policlinico Universitario Agostino Gemelli IRCCS -. \u00c8 un investimento strategico che unisce innovazione tecnologica, organizzativa e ambientale per migliorare la qualit\u00e0 delle cure cardiovascolari e ampliarne l\u2019accesso. Il progetto nasce per rispondere ai bisogni complessi dei pazienti, valorizzando un approccio multidisciplinare gi\u00e0 sperimentato con risultati concreti. Il Centro rafforzer\u00e0 la risposta alla domanda di salute della popolazione e arricchir\u00e0 l\u2019offerta di strutture sanitarie di eccellenza della Regione Lazio in cui il Gemelli \u00e8 pienamente integrato\u00bb.<\/p>\n\n\n\n<p>\u00abFondazione Roma, con il Centro CUORE \u2013 Papa Francesco, rinnova concretamente il proprio impegno storico al servizio della salute e del progresso sociale \u2013 sostiene <strong>Franco Parasassi<\/strong>, Presidente della Fondazione Roma <a>\u2013<\/a> contribuendo alla realizzazione di un\u2019infrastruttura sanitaria d\u2019eccellenza che coniuga innovazione, sostenibilit\u00e0 e centralit\u00e0 della persona. La benedizione della prima pietra da parte di Papa Leone XIV conferisce a questo progetto un valore ancora pi\u00f9 profondo: non solo un investimento nel futuro della medicina cardiovascolare, ma anche una testimonianza di responsabilit\u00e0 verso la collettivit\u00e0, nel solco dei valori di solidariet\u00e0, prossimit\u00e0 e bene comune che guidano da sempre la nostra azione\u00bb.<\/p>\n\n\n\n<p><strong>\u201cGemelli CUORE-Papa Francesco\u201d, l\u2019ospedale che ridefinir\u00e0 la cura<\/strong><\/p>\n\n\n\n<p>Il Centro CUORE-Papa Francesco riunir\u00e0 in un nuovo edificio tutte le attivit\u00e0 del Dipartimento di Scienze Cardiovascolari del Policlinico Gemelli &#8211; diretto dal professor <strong>Massimo Massetti<\/strong>, ordinario di cardiochirurgia all\u2019Universit\u00e0 Cattolica del Sacro Cuore &#8211; organizzate secondo il modello di cura che prende in carico i problemi di salute complessivi del paziente e non la singola richiesta di prestazione. Un modello unico in Italia e in Europa, sperimentato dal Dipartimento negli ultimi anni con risultati in fatto di diminuzione della mortalit\u00e0 e di contenimento della spesa, in continuit\u00e0 assistenziale con le strutture sanitarie del Gemelli e del territorio. Un modello innovativo di cura, intorno al quale costruire un ospedale tecnologicamente avanzato all\u2019interno del Servizio Sanitario Nazionale per migliorare non solo la qualit\u00e0 delle cure cardiovascolari, ma anche l\u2019accesso alle stesse. Un ospedale per tutti, inserito nel territorio, che opera in collaborazione e in continuit\u00e0 assistenziale con le altre strutture per i pazienti del Servizio sanitario.<\/p>\n\n\n\n<p>Alla realizzazione del progetto del polo CUORE ha largamente contribuito Fondazione Roma, ente privato <em>non profit<\/em> di natura associativa che da 200 anni opera a sostegno del progresso economico e sociale della collettivit\u00e0, con una particolare attenzione per il mondo della sanit\u00e0.<\/p>\n\n\n\n<p>Il polo sanitario dedicato al cuore verr\u00e0 costruito da WeBuild nel campus dell\u2019Universit\u00e0 Cattolica del Sacro Cuore &#8211; Fondazione Policlinico Universitario Agostino Gemelli IRCCS a Roma sulla collina prospiciente al Pronto soccorso del Gemelli.<\/p>\n\n\n\n<p>CUORE, con una superficie complessiva di 27.000 m\u00b2, sar\u00e0 dotato di 100 posti letto per degenza ordinaria, 28 posti di terapia intensiva, 16 postazioni di day hospital, 9 sale operatorie, attrezzate con tecnologie avanzate per l\u2019imaging cardiovascolare e la telemedicina.<\/p>\n\n\n\n<p>Attenzione massima sar\u00e0 riservata anche al tema della sostenibilit\u00e0 ambientale: il complesso sar\u00e0 dotato di un impianto fotovoltaico da 180 kW, un sistema di climatizzazione a basso impatto ambientale e ampie vetrate per lasciare spazio alla luce naturale e migliorare il comfort degli ambienti di cura.<\/p>\n\n\n\n<p>Foto credit Vatican Media<\/p>\n\n\n\n<figure class=\"wp-block-coblocks-gallery-masonry masonry-grid has-small-gutter\">\n<figure class=\"wp-block-image size-full masonry-brick\"><img loading=\"lazy\" decoding=\"async\" width=\"2560\" height=\"1707\" src=\"https:\/\/www.policlinicogemelli.it\/wp-content\/uploads\/2026\/04\/Benedizione-Leone-XIV-prima-pietra-Gemelli-Cuore-Papa-Francesco-4-scaled.jpg\" alt=\"Image gallery image\" class=\"wp-image-76102\" srcset=\"https:\/\/www.policlinicogemelli.it\/wp-content\/uploads\/2026\/04\/Benedizione-Leone-XIV-prima-pietra-Gemelli-Cuore-Papa-Francesco-4-scaled.jpg 2560w, https:\/\/www.policlinicogemelli.it\/wp-content\/uploads\/2026\/04\/Benedizione-Leone-XIV-prima-pietra-Gemelli-Cuore-Papa-Francesco-4-300x200.jpg 300w, https:\/\/www.policlinicogemelli.it\/wp-content\/uploads\/2026\/04\/Benedizione-Leone-XIV-prima-pietra-Gemelli-Cuore-Papa-Francesco-4-1024x683.jpg 1024w, https:\/\/www.policlinicogemelli.it\/wp-content\/uploads\/2026\/04\/Benedizione-Leone-XIV-prima-pietra-Gemelli-Cuore-Papa-Francesco-4-768x512.jpg 768w, https:\/\/www.policlinicogemelli.it\/wp-content\/uploads\/2026\/04\/Benedizione-Leone-XIV-prima-pietra-Gemelli-Cuore-Papa-Francesco-4-1536x1024.jpg 1536w, https:\/\/www.policlinicogemelli.it\/wp-content\/uploads\/2026\/04\/Benedizione-Leone-XIV-prima-pietra-Gemelli-Cuore-Papa-Francesco-4-2048x1365.jpg 2048w, https:\/\/www.policlinicogemelli.it\/wp-content\/uploads\/2026\/04\/Benedizione-Leone-XIV-prima-pietra-Gemelli-Cuore-Papa-Francesco-4-742x495.jpg 742w, https:\/\/www.policlinicogemelli.it\/wp-content\/uploads\/2026\/04\/Benedizione-Leone-XIV-prima-pietra-Gemelli-Cuore-Papa-Francesco-4-307x205.jpg 307w, https:\/\/www.policlinicogemelli.it\/wp-content\/uploads\/2026\/04\/Benedizione-Leone-XIV-prima-pietra-Gemelli-Cuore-Papa-Francesco-4-600x400.jpg 600w, https:\/\/www.policlinicogemelli.it\/wp-content\/uploads\/2026\/04\/Benedizione-Leone-XIV-prima-pietra-Gemelli-Cuore-Papa-Francesco-4-400x267.jpg 400w\" sizes=\"auto, (max-width: 2560px) 100vw, 2560px\" \/><\/figure>\n\n\n\n<figure class=\"wp-block-image size-full masonry-brick\"><img loading=\"lazy\" decoding=\"async\" width=\"2560\" height=\"1707\" src=\"https:\/\/www.policlinicogemelli.it\/wp-content\/uploads\/2026\/04\/Benedizione-Leone-XIV-prima-pietra-Gemelli-Cuore-Papa-Francesco-3-scaled.jpg\" alt=\"Image gallery image\" class=\"wp-image-76100\" srcset=\"https:\/\/www.policlinicogemelli.it\/wp-content\/uploads\/2026\/04\/Benedizione-Leone-XIV-prima-pietra-Gemelli-Cuore-Papa-Francesco-3-scaled.jpg 2560w, https:\/\/www.policlinicogemelli.it\/wp-content\/uploads\/2026\/04\/Benedizione-Leone-XIV-prima-pietra-Gemelli-Cuore-Papa-Francesco-3-300x200.jpg 300w, https:\/\/www.policlinicogemelli.it\/wp-content\/uploads\/2026\/04\/Benedizione-Leone-XIV-prima-pietra-Gemelli-Cuore-Papa-Francesco-3-1024x683.jpg 1024w, https:\/\/www.policlinicogemelli.it\/wp-content\/uploads\/2026\/04\/Benedizione-Leone-XIV-prima-pietra-Gemelli-Cuore-Papa-Francesco-3-768x512.jpg 768w, https:\/\/www.policlinicogemelli.it\/wp-content\/uploads\/2026\/04\/Benedizione-Leone-XIV-prima-pietra-Gemelli-Cuore-Papa-Francesco-3-1536x1024.jpg 1536w, https:\/\/www.policlinicogemelli.it\/wp-content\/uploads\/2026\/04\/Benedizione-Leone-XIV-prima-pietra-Gemelli-Cuore-Papa-Francesco-3-2048x1365.jpg 2048w, https:\/\/www.policlinicogemelli.it\/wp-content\/uploads\/2026\/04\/Benedizione-Leone-XIV-prima-pietra-Gemelli-Cuore-Papa-Francesco-3-742x495.jpg 742w, https:\/\/www.policlinicogemelli.it\/wp-content\/uploads\/2026\/04\/Benedizione-Leone-XIV-prima-pietra-Gemelli-Cuore-Papa-Francesco-3-307x205.jpg 307w, https:\/\/www.policlinicogemelli.it\/wp-content\/uploads\/2026\/04\/Benedizione-Leone-XIV-prima-pietra-Gemelli-Cuore-Papa-Francesco-3-600x400.jpg 600w, https:\/\/www.policlinicogemelli.it\/wp-content\/uploads\/2026\/04\/Benedizione-Leone-XIV-prima-pietra-Gemelli-Cuore-Papa-Francesco-3-400x267.jpg 400w\" sizes=\"auto, (max-width: 2560px) 100vw, 2560px\" \/><\/figure>\n\n\n\n<figure class=\"wp-block-image size-full masonry-brick\"><img loading=\"lazy\" decoding=\"async\" width=\"2560\" height=\"1707\" src=\"https:\/\/www.policlinicogemelli.it\/wp-content\/uploads\/2026\/04\/Benedizione-Leone-XIV-prima-pietra-Gemelli-Cuore-Papa-Francesco-2-scaled.jpg\" alt=\"Image gallery image\" class=\"wp-image-76098\" srcset=\"https:\/\/www.policlinicogemelli.it\/wp-content\/uploads\/2026\/04\/Benedizione-Leone-XIV-prima-pietra-Gemelli-Cuore-Papa-Francesco-2-scaled.jpg 2560w, https:\/\/www.policlinicogemelli.it\/wp-content\/uploads\/2026\/04\/Benedizione-Leone-XIV-prima-pietra-Gemelli-Cuore-Papa-Francesco-2-300x200.jpg 300w, https:\/\/www.policlinicogemelli.it\/wp-content\/uploads\/2026\/04\/Benedizione-Leone-XIV-prima-pietra-Gemelli-Cuore-Papa-Francesco-2-1024x683.jpg 1024w, https:\/\/www.policlinicogemelli.it\/wp-content\/uploads\/2026\/04\/Benedizione-Leone-XIV-prima-pietra-Gemelli-Cuore-Papa-Francesco-2-768x512.jpg 768w, https:\/\/www.policlinicogemelli.it\/wp-content\/uploads\/2026\/04\/Benedizione-Leone-XIV-prima-pietra-Gemelli-Cuore-Papa-Francesco-2-1536x1024.jpg 1536w, https:\/\/www.policlinicogemelli.it\/wp-content\/uploads\/2026\/04\/Benedizione-Leone-XIV-prima-pietra-Gemelli-Cuore-Papa-Francesco-2-2048x1365.jpg 2048w, https:\/\/www.policlinicogemelli.it\/wp-content\/uploads\/2026\/04\/Benedizione-Leone-XIV-prima-pietra-Gemelli-Cuore-Papa-Francesco-2-742x495.jpg 742w, https:\/\/www.policlinicogemelli.it\/wp-content\/uploads\/2026\/04\/Benedizione-Leone-XIV-prima-pietra-Gemelli-Cuore-Papa-Francesco-2-307x205.jpg 307w, https:\/\/www.policlinicogemelli.it\/wp-content\/uploads\/2026\/04\/Benedizione-Leone-XIV-prima-pietra-Gemelli-Cuore-Papa-Francesco-2-600x400.jpg 600w, https:\/\/www.policlinicogemelli.it\/wp-content\/uploads\/2026\/04\/Benedizione-Leone-XIV-prima-pietra-Gemelli-Cuore-Papa-Francesco-2-400x267.jpg 400w\" sizes=\"auto, (max-width: 2560px) 100vw, 2560px\" \/><\/figure>\n<\/figure>\n","protected":false},"excerpt":{"rendered":"<p>Questa mattina il Santo Padre ha incontrato una rappresentanza di Universit\u00e0 Cattolica del Sacro Cuore, Istituto G. Toniolo, Fondazione Policlinico A. Gemelli IRCCS e Fondazione Roma per la presentazione dell\u2019innovativo progetto di un centro per la cura delle malattie cardiovascolari. Questa mattina Papa Leone XIV ha ricevuto in Udienza il Rettore dell\u2019Universit\u00e0 Cattolica del Sacro [&hellip;]<\/p>\n","protected":false},"featured_media":76105,"template":"","categorie":[92],"class_list":{"0":"post-76095","1":"kf_gem_news","2":"type-kf_gem_news","3":"status-publish","4":"has-post-thumbnail","6":"kf_gem_newscat-assistance","7":"entry"},"acf":[],"yoast_head":"<!-- This site is optimized with the Yoast SEO plugin v27.5 - https:\/\/yoast.com\/product\/yoast-seo-wordpress\/ -->\n<title>Il Rettore della Cattolica e il Presidente della Fondazione Policlinico Gemelli in Udienza da Papa Leone XIV: benedetta la prima pietra del Centro CUORE intitolato a Papa Francesco - Policlinico Universitario A. Gemelli IRCCS<\/title>\n<meta name=\"robots\" content=\"index, follow, max-snippet:-1, max-image-preview:large, max-video-preview:-1\" \/>\n<link rel=\"canonical\" href=\"https:\/\/www.policlinicogemelli.it\/en\/news-events\/il-rettore-della-cattolica-e-il-presidente-della-fondazione-policlinico-gemelli-in-udienza-da-papa-leone-xiv-benedetta-la-prima-pietra-del-centro-cuore-intitolato-a-papa-francesco\/\" \/>\n<meta property=\"og:locale\" content=\"en_US\" \/>\n<meta property=\"og:type\" content=\"article\" \/>\n<meta property=\"og:title\" content=\"Il Rettore della Cattolica e il Presidente della Fondazione Policlinico Gemelli in Udienza da Papa Leone XIV: benedetta la prima pietra del Centro CUORE intitolato a Papa Francesco - Policlinico Universitario A. Gemelli IRCCS\" \/>\n<meta property=\"og:description\" content=\"Questa mattina il Santo Padre ha incontrato una rappresentanza di Universit\u00e0 Cattolica del Sacro Cuore, Istituto G. Toniolo, Fondazione Policlinico A. Gemelli IRCCS e Fondazione Roma per la presentazione dell\u2019innovativo progetto di un centro per la cura delle malattie cardiovascolari. Questa mattina Papa Leone XIV ha ricevuto in Udienza il Rettore dell\u2019Universit\u00e0 Cattolica del Sacro [&hellip;]\" \/>\n<meta property=\"og:url\" content=\"https:\/\/www.policlinicogemelli.it\/en\/news-events\/il-rettore-della-cattolica-e-il-presidente-della-fondazione-policlinico-gemelli-in-udienza-da-papa-leone-xiv-benedetta-la-prima-pietra-del-centro-cuore-intitolato-a-papa-francesco\/\" \/>\n<meta property=\"og:site_name\" content=\"Policlinico Universitario Agostino Gemelli IRCCS\" \/>\n<meta property=\"article:modified_time\" content=\"2026-04-27T13:09:03+00:00\" \/>\n<meta property=\"og:image\" content=\"https:\/\/www.policlinicogemelli.it\/wp-content\/uploads\/2026\/04\/Benedizione-Leone-XIV-prima-pietra-Gemelli-Cuore-Papa-Francesco-scaled.jpg\" \/>\n\t<meta property=\"og:image:width\" content=\"2560\" \/>\n\t<meta property=\"og:image:height\" content=\"1707\" \/>\n\t<meta property=\"og:image:type\" content=\"image\/jpeg\" \/>\n<meta name=\"twitter:card\" content=\"summary_large_image\" \/>\n<meta name=\"twitter:label1\" content=\"Est. reading time\" \/>\n\t<meta name=\"twitter:data1\" content=\"5 minutes\" \/>\n<script type=\"application\/ld+json\" class=\"yoast-schema-graph\">{\"@context\":\"https:\\\/\\\/schema.org\",\"@graph\":[{\"@type\":\"WebPage\",\"@id\":\"https:\\\/\\\/www.policlinicogemelli.it\\\/en\\\/news-events\\\/il-rettore-della-cattolica-e-il-presidente-della-fondazione-policlinico-gemelli-in-udienza-da-papa-leone-xiv-benedetta-la-prima-pietra-del-centro-cuore-intitolato-a-papa-francesco\\\/\",\"url\":\"https:\\\/\\\/www.policlinicogemelli.it\\\/en\\\/news-events\\\/il-rettore-della-cattolica-e-il-presidente-della-fondazione-policlinico-gemelli-in-udienza-da-papa-leone-xiv-benedetta-la-prima-pietra-del-centro-cuore-intitolato-a-papa-francesco\\\/\",\"name\":\"Il Rettore della Cattolica e il Presidente della Fondazione Policlinico Gemelli in Udienza da Papa Leone XIV: benedetta la prima pietra del Centro CUORE intitolato a Papa Francesco - Policlinico Universitario A. Gemelli IRCCS\",\"isPartOf\":{\"@id\":\"https:\\\/\\\/www.policlinicogemelli.it\\\/en\\\/#website\"},\"primaryImageOfPage\":{\"@id\":\"https:\\\/\\\/www.policlinicogemelli.it\\\/en\\\/news-events\\\/il-rettore-della-cattolica-e-il-presidente-della-fondazione-policlinico-gemelli-in-udienza-da-papa-leone-xiv-benedetta-la-prima-pietra-del-centro-cuore-intitolato-a-papa-francesco\\\/#primaryimage\"},\"image\":{\"@id\":\"https:\\\/\\\/www.policlinicogemelli.it\\\/en\\\/news-events\\\/il-rettore-della-cattolica-e-il-presidente-della-fondazione-policlinico-gemelli-in-udienza-da-papa-leone-xiv-benedetta-la-prima-pietra-del-centro-cuore-intitolato-a-papa-francesco\\\/#primaryimage\"},\"thumbnailUrl\":\"https:\\\/\\\/www.policlinicogemelli.it\\\/wp-content\\\/uploads\\\/2026\\\/04\\\/Benedizione-Leone-XIV-prima-pietra-Gemelli-Cuore-Papa-Francesco-scaled.jpg\",\"datePublished\":\"2026-04-27T13:05:51+00:00\",\"dateModified\":\"2026-04-27T13:09:03+00:00\",\"breadcrumb\":{\"@id\":\"https:\\\/\\\/www.policlinicogemelli.it\\\/en\\\/news-events\\\/il-rettore-della-cattolica-e-il-presidente-della-fondazione-policlinico-gemelli-in-udienza-da-papa-leone-xiv-benedetta-la-prima-pietra-del-centro-cuore-intitolato-a-papa-francesco\\\/#breadcrumb\"},\"inLanguage\":\"en-US\",\"potentialAction\":[{\"@type\":\"ReadAction\",\"target\":[\"https:\\\/\\\/www.policlinicogemelli.it\\\/en\\\/news-events\\\/il-rettore-della-cattolica-e-il-presidente-della-fondazione-policlinico-gemelli-in-udienza-da-papa-leone-xiv-benedetta-la-prima-pietra-del-centro-cuore-intitolato-a-papa-francesco\\\/\"]}]},{\"@type\":\"ImageObject\",\"inLanguage\":\"en-US\",\"@id\":\"https:\\\/\\\/www.policlinicogemelli.it\\\/en\\\/news-events\\\/il-rettore-della-cattolica-e-il-presidente-della-fondazione-policlinico-gemelli-in-udienza-da-papa-leone-xiv-benedetta-la-prima-pietra-del-centro-cuore-intitolato-a-papa-francesco\\\/#primaryimage\",\"url\":\"https:\\\/\\\/www.policlinicogemelli.it\\\/wp-content\\\/uploads\\\/2026\\\/04\\\/Benedizione-Leone-XIV-prima-pietra-Gemelli-Cuore-Papa-Francesco-scaled.jpg\",\"contentUrl\":\"https:\\\/\\\/www.policlinicogemelli.it\\\/wp-content\\\/uploads\\\/2026\\\/04\\\/Benedizione-Leone-XIV-prima-pietra-Gemelli-Cuore-Papa-Francesco-scaled.jpg\",\"width\":2560,\"height\":1707},{\"@type\":\"BreadcrumbList\",\"@id\":\"https:\\\/\\\/www.policlinicogemelli.it\\\/en\\\/news-events\\\/il-rettore-della-cattolica-e-il-presidente-della-fondazione-policlinico-gemelli-in-udienza-da-papa-leone-xiv-benedetta-la-prima-pietra-del-centro-cuore-intitolato-a-papa-francesco\\\/#breadcrumb\",\"itemListElement\":[{\"@type\":\"ListItem\",\"position\":1,\"name\":\"Home\",\"item\":\"https:\\\/\\\/www.policlinicogemelli.it\\\/en\\\/\"},{\"@type\":\"ListItem\",\"position\":2,\"name\":\"News and Events\",\"item\":\"https:\\\/\\\/www.policlinicogemelli.it\\\/en\\\/news-events\\\/\"},{\"@type\":\"ListItem\",\"position\":3,\"name\":\"Il Rettore della Cattolica e il Presidente della Fondazione Policlinico Gemelli in Udienza da Papa Leone XIV: benedetta la prima pietra del Centro CUORE intitolato a Papa Francesco\"}]},{\"@type\":\"WebSite\",\"@id\":\"https:\\\/\\\/www.policlinicogemelli.it\\\/en\\\/#website\",\"url\":\"https:\\\/\\\/www.policlinicogemelli.it\\\/en\\\/\",\"name\":\"Policlinico Universitario Agostino Gemelli IRCCS\",\"description\":\"Policlinico Universitario Agostino Gemelli IRCCS\",\"publisher\":{\"@id\":\"https:\\\/\\\/www.policlinicogemelli.it\\\/en\\\/#organization\"},\"potentialAction\":[{\"@type\":\"SearchAction\",\"target\":{\"@type\":\"EntryPoint\",\"urlTemplate\":\"https:\\\/\\\/www.policlinicogemelli.it\\\/en\\\/?s={search_term_string}\"},\"query-input\":{\"@type\":\"PropertyValueSpecification\",\"valueRequired\":true,\"valueName\":\"search_term_string\"}}],\"inLanguage\":\"en-US\"},{\"@type\":\"Organization\",\"@id\":\"https:\\\/\\\/www.policlinicogemelli.it\\\/en\\\/#organization\",\"name\":\"Policlinico Universitario Agostino Gemelli IRCCS\",\"url\":\"https:\\\/\\\/www.policlinicogemelli.it\\\/en\\\/\",\"logo\":{\"@type\":\"ImageObject\",\"inLanguage\":\"en-US\",\"@id\":\"https:\\\/\\\/www.policlinicogemelli.it\\\/en\\\/#\\\/schema\\\/logo\\\/image\\\/\",\"url\":\"https:\\\/\\\/www.policlinicogemelli.it\\\/wp-content\\\/uploads\\\/2019\\\/02\\\/logo-policlinico-gemelli-250-trasp-color-1.png\",\"contentUrl\":\"https:\\\/\\\/www.policlinicogemelli.it\\\/wp-content\\\/uploads\\\/2019\\\/02\\\/logo-policlinico-gemelli-250-trasp-color-1.png\",\"width\":250,\"height\":82,\"caption\":\"Policlinico Universitario Agostino Gemelli IRCCS\"},\"image\":{\"@id\":\"https:\\\/\\\/www.policlinicogemelli.it\\\/en\\\/#\\\/schema\\\/logo\\\/image\\\/\"}}]}<\/script>\n<!-- \/ Yoast SEO plugin. -->","yoast_head_json":{"title":"Il Rettore della Cattolica e il Presidente della Fondazione Policlinico Gemelli in Udienza da Papa Leone XIV: benedetta la prima pietra del Centro CUORE intitolato a Papa Francesco - Policlinico Universitario A. Gemelli IRCCS","robots":{"index":"index","follow":"follow","max-snippet":"max-snippet:-1","max-image-preview":"max-image-preview:large","max-video-preview":"max-video-preview:-1"},"canonical":"https:\/\/www.policlinicogemelli.it\/en\/news-events\/il-rettore-della-cattolica-e-il-presidente-della-fondazione-policlinico-gemelli-in-udienza-da-papa-leone-xiv-benedetta-la-prima-pietra-del-centro-cuore-intitolato-a-papa-francesco\/","og_locale":"en_US","og_type":"article","og_title":"Il Rettore della Cattolica e il Presidente della Fondazione Policlinico Gemelli in Udienza da Papa Leone XIV: benedetta la prima pietra del Centro CUORE intitolato a Papa Francesco - Policlinico Universitario A. Gemelli IRCCS","og_description":"Questa mattina il Santo Padre ha incontrato una rappresentanza di Universit\u00e0 Cattolica del Sacro Cuore, Istituto G. Toniolo, Fondazione Policlinico A. Gemelli IRCCS e Fondazione Roma per la presentazione dell\u2019innovativo progetto di un centro per la cura delle malattie cardiovascolari. Questa mattina Papa Leone XIV ha ricevuto in Udienza il Rettore dell\u2019Universit\u00e0 Cattolica del Sacro [&hellip;]","og_url":"https:\/\/www.policlinicogemelli.it\/en\/news-events\/il-rettore-della-cattolica-e-il-presidente-della-fondazione-policlinico-gemelli-in-udienza-da-papa-leone-xiv-benedetta-la-prima-pietra-del-centro-cuore-intitolato-a-papa-francesco\/","og_site_name":"Policlinico Universitario Agostino Gemelli IRCCS","article_modified_time":"2026-04-27T13:09:03+00:00","og_image":[{"width":2560,"height":1707,"url":"https:\/\/www.policlinicogemelli.it\/wp-content\/uploads\/2026\/04\/Benedizione-Leone-XIV-prima-pietra-Gemelli-Cuore-Papa-Francesco-scaled.jpg","type":"image\/jpeg"}],"twitter_card":"summary_large_image","twitter_misc":{"Est. reading time":"5 minutes"},"schema":{"@context":"https:\/\/schema.org","@graph":[{"@type":"WebPage","@id":"https:\/\/www.policlinicogemelli.it\/en\/news-events\/il-rettore-della-cattolica-e-il-presidente-della-fondazione-policlinico-gemelli-in-udienza-da-papa-leone-xiv-benedetta-la-prima-pietra-del-centro-cuore-intitolato-a-papa-francesco\/","url":"https:\/\/www.policlinicogemelli.it\/en\/news-events\/il-rettore-della-cattolica-e-il-presidente-della-fondazione-policlinico-gemelli-in-udienza-da-papa-leone-xiv-benedetta-la-prima-pietra-del-centro-cuore-intitolato-a-papa-francesco\/","name":"Il Rettore della Cattolica e il Presidente della Fondazione Policlinico Gemelli in Udienza da Papa Leone XIV: benedetta la prima pietra del Centro CUORE intitolato a Papa Francesco - Policlinico Universitario A. Gemelli IRCCS","isPartOf":{"@id":"https:\/\/www.policlinicogemelli.it\/en\/#website"},"primaryImageOfPage":{"@id":"https:\/\/www.policlinicogemelli.it\/en\/news-events\/il-rettore-della-cattolica-e-il-presidente-della-fondazione-policlinico-gemelli-in-udienza-da-papa-leone-xiv-benedetta-la-prima-pietra-del-centro-cuore-intitolato-a-papa-francesco\/#primaryimage"},"image":{"@id":"https:\/\/www.policlinicogemelli.it\/en\/news-events\/il-rettore-della-cattolica-e-il-presidente-della-fondazione-policlinico-gemelli-in-udienza-da-papa-leone-xiv-benedetta-la-prima-pietra-del-centro-cuore-intitolato-a-papa-francesco\/#primaryimage"},"thumbnailUrl":"https:\/\/www.policlinicogemelli.it\/wp-content\/uploads\/2026\/04\/Benedizione-Leone-XIV-prima-pietra-Gemelli-Cuore-Papa-Francesco-scaled.jpg","datePublished":"2026-04-27T13:05:51+00:00","dateModified":"2026-04-27T13:09:03+00:00","breadcrumb":{"@id":"https:\/\/www.policlinicogemelli.it\/en\/news-events\/il-rettore-della-cattolica-e-il-presidente-della-fondazione-policlinico-gemelli-in-udienza-da-papa-leone-xiv-benedetta-la-prima-pietra-del-centro-cuore-intitolato-a-papa-francesco\/#breadcrumb"},"inLanguage":"en-US","potentialAction":[{"@type":"ReadAction","target":["https:\/\/www.policlinicogemelli.it\/en\/news-events\/il-rettore-della-cattolica-e-il-presidente-della-fondazione-policlinico-gemelli-in-udienza-da-papa-leone-xiv-benedetta-la-prima-pietra-del-centro-cuore-intitolato-a-papa-francesco\/"]}]},{"@type":"ImageObject","inLanguage":"en-US","@id":"https:\/\/www.policlinicogemelli.it\/en\/news-events\/il-rettore-della-cattolica-e-il-presidente-della-fondazione-policlinico-gemelli-in-udienza-da-papa-leone-xiv-benedetta-la-prima-pietra-del-centro-cuore-intitolato-a-papa-francesco\/#primaryimage","url":"https:\/\/www.policlinicogemelli.it\/wp-content\/uploads\/2026\/04\/Benedizione-Leone-XIV-prima-pietra-Gemelli-Cuore-Papa-Francesco-scaled.jpg","contentUrl":"https:\/\/www.policlinicogemelli.it\/wp-content\/uploads\/2026\/04\/Benedizione-Leone-XIV-prima-pietra-Gemelli-Cuore-Papa-Francesco-scaled.jpg","width":2560,"height":1707},{"@type":"BreadcrumbList","@id":"https:\/\/www.policlinicogemelli.it\/en\/news-events\/il-rettore-della-cattolica-e-il-presidente-della-fondazione-policlinico-gemelli-in-udienza-da-papa-leone-xiv-benedetta-la-prima-pietra-del-centro-cuore-intitolato-a-papa-francesco\/#breadcrumb","itemListElement":[{"@type":"ListItem","position":1,"name":"Home","item":"https:\/\/www.policlinicogemelli.it\/en\/"},{"@type":"ListItem","position":2,"name":"News and Events","item":"https:\/\/www.policlinicogemelli.it\/en\/news-events\/"},{"@type":"ListItem","position":3,"name":"Il Rettore della Cattolica e il Presidente della Fondazione Policlinico Gemelli in Udienza da Papa Leone XIV: benedetta la prima pietra del Centro CUORE intitolato a Papa Francesco"}]},{"@type":"WebSite","@id":"https:\/\/www.policlinicogemelli.it\/en\/#website","url":"https:\/\/www.policlinicogemelli.it\/en\/","name":"Policlinico Universitario Agostino Gemelli IRCCS","description":"Policlinico Universitario Agostino Gemelli IRCCS","publisher":{"@id":"https:\/\/www.policlinicogemelli.it\/en\/#organization"},"potentialAction":[{"@type":"SearchAction","target":{"@type":"EntryPoint","urlTemplate":"https:\/\/www.policlinicogemelli.it\/en\/?s={search_term_string}"},"query-input":{"@type":"PropertyValueSpecification","valueRequired":true,"valueName":"search_term_string"}}],"inLanguage":"en-US"},{"@type":"Organization","@id":"https:\/\/www.policlinicogemelli.it\/en\/#organization","name":"Policlinico Universitario Agostino Gemelli IRCCS","url":"https:\/\/www.policlinicogemelli.it\/en\/","logo":{"@type":"ImageObject","inLanguage":"en-US","@id":"https:\/\/www.policlinicogemelli.it\/en\/#\/schema\/logo\/image\/","url":"https:\/\/www.policlinicogemelli.it\/wp-content\/uploads\/2019\/02\/logo-policlinico-gemelli-250-trasp-color-1.png","contentUrl":"https:\/\/www.policlinicogemelli.it\/wp-content\/uploads\/2019\/02\/logo-policlinico-gemelli-250-trasp-color-1.png","width":250,"height":82,"caption":"Policlinico Universitario Agostino Gemelli IRCCS"},"image":{"@id":"https:\/\/www.policlinicogemelli.it\/en\/#\/schema\/logo\/image\/"}}]}},"rest_api_enabler":[],"_links":{"self":[{"href":"https:\/\/www.policlinicogemelli.it\/en\/wp-json\/wp\/v2\/news\/76095","targetHints":{"allow":["GET"]}}],"collection":[{"href":"https:\/\/www.policlinicogemelli.it\/en\/wp-json\/wp\/v2\/news"}],"about":[{"href":"https:\/\/www.policlinicogemelli.it\/en\/wp-json\/wp\/v2\/types\/kf_gem_news"}],"version-history":[{"count":2,"href":"https:\/\/www.policlinicogemelli.it\/en\/wp-json\/wp\/v2\/news\/76095\/revisions"}],"predecessor-version":[{"id":76116,"href":"https:\/\/www.policlinicogemelli.it\/en\/wp-json\/wp\/v2\/news\/76095\/revisions\/76116"}],"wp:featuredmedia":[{"embeddable":true,"href":"https:\/\/www.policlinicogemelli.it\/en\/wp-json\/wp\/v2\/media\/76105"}],"wp:attachment":[{"href":"https:\/\/www.policlinicogemelli.it\/en\/wp-json\/wp\/v2\/media?parent=76095"}],"wp:term":[{"taxonomy":"kf_gem_newscat","embeddable":true,"href":"https:\/\/www.policlinicogemelli.it\/en\/wp-json\/wp\/v2\/categorie?post=76095"}],"curies":[{"name":"wp","href":"https:\/\/api.w.org\/{rel}","templated":true}]}}