{"id":73981,"date":"2025-12-08T14:33:32","date_gmt":"2025-12-08T13:33:32","guid":{"rendered":"https:\/\/www.policlinicogemelli.it\/news-eventi\/e-camilla-nero-la-tedofora-della-fiamma-olimpica-per-il-policlinico-gemelli\/"},"modified":"2025-12-09T14:38:53","modified_gmt":"2025-12-09T13:38:53","slug":"e-camilla-nero-la-tedofora-della-fiamma-olimpica-per-il-policlinico-gemelli","status":"publish","type":"kf_gem_news","link":"https:\/\/www.policlinicogemelli.it\/en\/news-events\/e-camilla-nero-la-tedofora-della-fiamma-olimpica-per-il-policlinico-gemelli\/","title":{"rendered":"Camilla Nero tedofora della Fiamma Olimpica per il Policlinico Gemelli"},"content":{"rendered":"\n<p><strong>Camilla Nero<\/strong>, giovane ricercatrice dell\u2019Universit\u00e0 Cattolica del Sacro Cuore e della Fondazione Policlinico Gemelli IRCCS, \u00e8 stata una delle tedofore che ha portato la Fiamma Olimpica nel tratto romano del Grande Viaggio da Olimpia a Milano-Cortina. La scelta della Dottoressa Nero \u00e8 stata del professor <strong>Antonio Gasbarrini,<\/strong> Direttore Scientifico dell\u2019IRCCS Gemelli, a cui il comitato organizzatore ha chiesto di individuare una ricercatrice capace di rappresentare al meglio la visione, l\u2019energia e il valore della nuova generazione di scienziati del nostro Paese.<\/p>\n\n\n\n<p>La candidatura di Camilla Nero non \u00e8 stata casuale. Ginecologa, clinica eccellente e responsabile della UOS di Open Innovation dell\u2019IRCCS Gemelli, Camilla incarna una figura professionale nuova: una ricercatrice capace di coniugare la cura con la tecnologia, la scienza con l\u2019innovazione, la fatica quotidiana dei laboratori con la capacit\u00e0 di immaginare il futuro. \u00c8 anche per questo che \u00e8 stata indicata come esempio straordinario di talento emergente, ponte naturale tra tradizione scientifica e nuove frontiere della ricerca.<\/p>\n\n\n\n<p>\u201cRingrazio di cuore il professor Antonio Gasbarrini per avermi dato l\u2019onore di correre con la Fiamma Olimpica, in rappresentanza dei giovani ricercatori della nostra Universit\u00e0 e del<br>nostro Policlinico \u2013 afferma la dottoressa Camilla Nero \u2013. Avverto profondamente il parallelismo tra i giovani ricercatori e gli sportivi: l\u2019allenamento intenso, la resilienza di fronte ai fallimenti, lo spirito competitivo e, allo stesso tempo, la capacit\u00e0 di fare squadra. In questo senso mi sento davvero una \u2018ricercatrice-sportiva\u2019: disciplina, costanza, passione e lavoro collettivo sono le nostre vere energie propulsive\u201d.<\/p>\n\n\n\n<p>\u201cAbbiamo scelto Camilla \u2013 commenta il professor Antonio Gasbarrini, Ordinario di Medicina Interna della Cattolica e Direttore Scientifico di Fondazione Policlinico Gemelli IRCCS \u2013 perch\u00e9 rappresenta in modo esemplare la nuova generazione di ricercatori: rigorosa, competente, creativa e profondamente motivata. Il suo impegno quotidiano nell\u2019innovazione clinica e nella ricerca testimonia ci\u00f2 che accomuna gli atleti e gli scienziati pi\u00f9 determinati: dedizione, disciplina, coraggio e speranza. Vederla portare la Fiamma \u00e8 un segnale fortissimo: la ricerca italiana corre davvero verso il futuro, guidata da giovani come lei\u201d.<\/p>\n\n\n\n<p>Partita da Olimpia Antica dopo la cerimonia di accensione davanti al tempio di Hera, la Fiamma ha attraversato la Grecia fino allo Stadio Panathinaiko per poi giungere in Italia nelle mani del Presidente Sergio Mattarella. Da Roma la Fiamma ha ripreso il suo viaggio di 12.000 chilometri verso Milano Cortina 2026 e Camilla Nero \u00e8 stata una delle diecimila tedofore che l&#8217;ha accompagnata verso la Cerimonia d\u2019Apertura delle Olimpiadi invernali il prossimo 6 febbraio.<\/p>\n\n\n\n<p>La sua staffetta con la Fiamma Olimpica \u00e8 iniziata davanti alla Basilica di Santa Maria Sopra Minerva, luogo dove il 22 giugno 1633 Galileo Galilei fu costretto all\u2019abiura anti scientifica, cio\u00e8 a rinnegare pubblicamente le teorie copernicane. Da quel punto, in trecento metri, la storia della scienza e il futuro della ricerca si sono incontrate idealmente nella corsa di una giovane ricercatrice che ha portato non solo la Fiamma Olimpica, ma una visione: quella di un Paese che crede nei suoi talenti e li affida al cammino verso il domani.<\/p>\n","protected":false},"excerpt":{"rendered":"<p>Camilla Nero, giovane ricercatrice dell\u2019Universit\u00e0 Cattolica del Sacro Cuore e della Fondazione Policlinico Gemelli IRCCS, \u00e8 stata una delle tedofore che ha portato la Fiamma Olimpica nel tratto romano del Grande Viaggio da Olimpia a Milano-Cortina. La scelta della Dottoressa Nero \u00e8 stata del professor Antonio Gasbarrini, Direttore Scientifico dell\u2019IRCCS Gemelli, a cui il comitato [&hellip;]<\/p>\n","protected":false},"featured_media":74019,"template":"","categorie":[96],"class_list":{"0":"post-73981","1":"kf_gem_news","2":"type-kf_gem_news","3":"status-publish","4":"has-post-thumbnail","6":"kf_gem_newscat-institutional-information","7":"entry"},"acf":[],"yoast_head":"<!-- This site is optimized with the Yoast SEO plugin v27.5 - https:\/\/yoast.com\/product\/yoast-seo-wordpress\/ -->\n<title>Camilla Nero tedofora della Fiamma Olimpica per il Policlinico Gemelli - Policlinico Universitario A. Gemelli IRCCS<\/title>\n<meta name=\"robots\" content=\"index, follow, max-snippet:-1, max-image-preview:large, max-video-preview:-1\" \/>\n<link rel=\"canonical\" href=\"https:\/\/www.policlinicogemelli.it\/en\/news-events\/e-camilla-nero-la-tedofora-della-fiamma-olimpica-per-il-policlinico-gemelli\/\" \/>\n<meta property=\"og:locale\" content=\"en_US\" \/>\n<meta property=\"og:type\" content=\"article\" \/>\n<meta property=\"og:title\" content=\"Camilla Nero tedofora della Fiamma Olimpica per il Policlinico Gemelli - Policlinico Universitario A. Gemelli IRCCS\" \/>\n<meta property=\"og:description\" content=\"Camilla Nero, giovane ricercatrice dell\u2019Universit\u00e0 Cattolica del Sacro Cuore e della Fondazione Policlinico Gemelli IRCCS, \u00e8 stata una delle tedofore che ha portato la Fiamma Olimpica nel tratto romano del Grande Viaggio da Olimpia a Milano-Cortina. La scelta della Dottoressa Nero \u00e8 stata del professor Antonio Gasbarrini, Direttore Scientifico dell\u2019IRCCS Gemelli, a cui il comitato [&hellip;]\" \/>\n<meta property=\"og:url\" content=\"https:\/\/www.policlinicogemelli.it\/en\/news-events\/e-camilla-nero-la-tedofora-della-fiamma-olimpica-per-il-policlinico-gemelli\/\" \/>\n<meta property=\"og:site_name\" content=\"Policlinico Universitario Agostino Gemelli IRCCS\" \/>\n<meta property=\"article:modified_time\" content=\"2025-12-09T13:38:53+00:00\" \/>\n<meta property=\"og:image\" content=\"https:\/\/www.policlinicogemelli.it\/wp-content\/uploads\/2025\/12\/CAMILLA-NERO-FIAMMA-OLIMPICA.jpg\" \/>\n\t<meta property=\"og:image:width\" content=\"1600\" \/>\n\t<meta property=\"og:image:height\" content=\"1067\" \/>\n\t<meta property=\"og:image:type\" content=\"image\/jpeg\" \/>\n<meta name=\"twitter:card\" content=\"summary_large_image\" \/>\n<meta name=\"twitter:label1\" content=\"Est. reading time\" \/>\n\t<meta name=\"twitter:data1\" content=\"2 minutes\" \/>\n<script type=\"application\/ld+json\" class=\"yoast-schema-graph\">{\"@context\":\"https:\\\/\\\/schema.org\",\"@graph\":[{\"@type\":\"WebPage\",\"@id\":\"https:\\\/\\\/www.policlinicogemelli.it\\\/en\\\/news-events\\\/e-camilla-nero-la-tedofora-della-fiamma-olimpica-per-il-policlinico-gemelli\\\/\",\"url\":\"https:\\\/\\\/www.policlinicogemelli.it\\\/en\\\/news-events\\\/e-camilla-nero-la-tedofora-della-fiamma-olimpica-per-il-policlinico-gemelli\\\/\",\"name\":\"Camilla Nero tedofora della Fiamma Olimpica per il Policlinico Gemelli - Policlinico Universitario A. Gemelli IRCCS\",\"isPartOf\":{\"@id\":\"https:\\\/\\\/www.policlinicogemelli.it\\\/en\\\/#website\"},\"primaryImageOfPage\":{\"@id\":\"https:\\\/\\\/www.policlinicogemelli.it\\\/en\\\/news-events\\\/e-camilla-nero-la-tedofora-della-fiamma-olimpica-per-il-policlinico-gemelli\\\/#primaryimage\"},\"image\":{\"@id\":\"https:\\\/\\\/www.policlinicogemelli.it\\\/en\\\/news-events\\\/e-camilla-nero-la-tedofora-della-fiamma-olimpica-per-il-policlinico-gemelli\\\/#primaryimage\"},\"thumbnailUrl\":\"https:\\\/\\\/www.policlinicogemelli.it\\\/wp-content\\\/uploads\\\/2025\\\/12\\\/CAMILLA-NERO-FIAMMA-OLIMPICA.jpg\",\"datePublished\":\"2025-12-08T13:33:32+00:00\",\"dateModified\":\"2025-12-09T13:38:53+00:00\",\"breadcrumb\":{\"@id\":\"https:\\\/\\\/www.policlinicogemelli.it\\\/en\\\/news-events\\\/e-camilla-nero-la-tedofora-della-fiamma-olimpica-per-il-policlinico-gemelli\\\/#breadcrumb\"},\"inLanguage\":\"en-US\",\"potentialAction\":[{\"@type\":\"ReadAction\",\"target\":[\"https:\\\/\\\/www.policlinicogemelli.it\\\/en\\\/news-events\\\/e-camilla-nero-la-tedofora-della-fiamma-olimpica-per-il-policlinico-gemelli\\\/\"]}]},{\"@type\":\"ImageObject\",\"inLanguage\":\"en-US\",\"@id\":\"https:\\\/\\\/www.policlinicogemelli.it\\\/en\\\/news-events\\\/e-camilla-nero-la-tedofora-della-fiamma-olimpica-per-il-policlinico-gemelli\\\/#primaryimage\",\"url\":\"https:\\\/\\\/www.policlinicogemelli.it\\\/wp-content\\\/uploads\\\/2025\\\/12\\\/CAMILLA-NERO-FIAMMA-OLIMPICA.jpg\",\"contentUrl\":\"https:\\\/\\\/www.policlinicogemelli.it\\\/wp-content\\\/uploads\\\/2025\\\/12\\\/CAMILLA-NERO-FIAMMA-OLIMPICA.jpg\",\"width\":1600,\"height\":1067},{\"@type\":\"BreadcrumbList\",\"@id\":\"https:\\\/\\\/www.policlinicogemelli.it\\\/en\\\/news-events\\\/e-camilla-nero-la-tedofora-della-fiamma-olimpica-per-il-policlinico-gemelli\\\/#breadcrumb\",\"itemListElement\":[{\"@type\":\"ListItem\",\"position\":1,\"name\":\"Home\",\"item\":\"https:\\\/\\\/www.policlinicogemelli.it\\\/en\\\/\"},{\"@type\":\"ListItem\",\"position\":2,\"name\":\"News and Events\",\"item\":\"https:\\\/\\\/www.policlinicogemelli.it\\\/en\\\/news-events\\\/\"},{\"@type\":\"ListItem\",\"position\":3,\"name\":\"Camilla Nero tedofora della Fiamma Olimpica per il Policlinico Gemelli\"}]},{\"@type\":\"WebSite\",\"@id\":\"https:\\\/\\\/www.policlinicogemelli.it\\\/en\\\/#website\",\"url\":\"https:\\\/\\\/www.policlinicogemelli.it\\\/en\\\/\",\"name\":\"Policlinico Universitario Agostino Gemelli IRCCS\",\"description\":\"Policlinico Universitario Agostino Gemelli IRCCS\",\"publisher\":{\"@id\":\"https:\\\/\\\/www.policlinicogemelli.it\\\/en\\\/#organization\"},\"potentialAction\":[{\"@type\":\"SearchAction\",\"target\":{\"@type\":\"EntryPoint\",\"urlTemplate\":\"https:\\\/\\\/www.policlinicogemelli.it\\\/en\\\/?s={search_term_string}\"},\"query-input\":{\"@type\":\"PropertyValueSpecification\",\"valueRequired\":true,\"valueName\":\"search_term_string\"}}],\"inLanguage\":\"en-US\"},{\"@type\":\"Organization\",\"@id\":\"https:\\\/\\\/www.policlinicogemelli.it\\\/en\\\/#organization\",\"name\":\"Policlinico Universitario Agostino Gemelli IRCCS\",\"url\":\"https:\\\/\\\/www.policlinicogemelli.it\\\/en\\\/\",\"logo\":{\"@type\":\"ImageObject\",\"inLanguage\":\"en-US\",\"@id\":\"https:\\\/\\\/www.policlinicogemelli.it\\\/en\\\/#\\\/schema\\\/logo\\\/image\\\/\",\"url\":\"https:\\\/\\\/www.policlinicogemelli.it\\\/wp-content\\\/uploads\\\/2019\\\/02\\\/logo-policlinico-gemelli-250-trasp-color-1.png\",\"contentUrl\":\"https:\\\/\\\/www.policlinicogemelli.it\\\/wp-content\\\/uploads\\\/2019\\\/02\\\/logo-policlinico-gemelli-250-trasp-color-1.png\",\"width\":250,\"height\":82,\"caption\":\"Policlinico Universitario Agostino Gemelli IRCCS\"},\"image\":{\"@id\":\"https:\\\/\\\/www.policlinicogemelli.it\\\/en\\\/#\\\/schema\\\/logo\\\/image\\\/\"}}]}<\/script>\n<!-- \/ Yoast SEO plugin. -->","yoast_head_json":{"title":"Camilla Nero tedofora della Fiamma Olimpica per il Policlinico Gemelli - Policlinico Universitario A. Gemelli IRCCS","robots":{"index":"index","follow":"follow","max-snippet":"max-snippet:-1","max-image-preview":"max-image-preview:large","max-video-preview":"max-video-preview:-1"},"canonical":"https:\/\/www.policlinicogemelli.it\/en\/news-events\/e-camilla-nero-la-tedofora-della-fiamma-olimpica-per-il-policlinico-gemelli\/","og_locale":"en_US","og_type":"article","og_title":"Camilla Nero tedofora della Fiamma Olimpica per il Policlinico Gemelli - Policlinico Universitario A. Gemelli IRCCS","og_description":"Camilla Nero, giovane ricercatrice dell\u2019Universit\u00e0 Cattolica del Sacro Cuore e della Fondazione Policlinico Gemelli IRCCS, \u00e8 stata una delle tedofore che ha portato la Fiamma Olimpica nel tratto romano del Grande Viaggio da Olimpia a Milano-Cortina. La scelta della Dottoressa Nero \u00e8 stata del professor Antonio Gasbarrini, Direttore Scientifico dell\u2019IRCCS Gemelli, a cui il comitato [&hellip;]","og_url":"https:\/\/www.policlinicogemelli.it\/en\/news-events\/e-camilla-nero-la-tedofora-della-fiamma-olimpica-per-il-policlinico-gemelli\/","og_site_name":"Policlinico Universitario Agostino Gemelli IRCCS","article_modified_time":"2025-12-09T13:38:53+00:00","og_image":[{"width":1600,"height":1067,"url":"https:\/\/www.policlinicogemelli.it\/wp-content\/uploads\/2025\/12\/CAMILLA-NERO-FIAMMA-OLIMPICA.jpg","type":"image\/jpeg"}],"twitter_card":"summary_large_image","twitter_misc":{"Est. reading time":"2 minutes"},"schema":{"@context":"https:\/\/schema.org","@graph":[{"@type":"WebPage","@id":"https:\/\/www.policlinicogemelli.it\/en\/news-events\/e-camilla-nero-la-tedofora-della-fiamma-olimpica-per-il-policlinico-gemelli\/","url":"https:\/\/www.policlinicogemelli.it\/en\/news-events\/e-camilla-nero-la-tedofora-della-fiamma-olimpica-per-il-policlinico-gemelli\/","name":"Camilla Nero tedofora della Fiamma Olimpica per il Policlinico Gemelli - Policlinico Universitario A. Gemelli IRCCS","isPartOf":{"@id":"https:\/\/www.policlinicogemelli.it\/en\/#website"},"primaryImageOfPage":{"@id":"https:\/\/www.policlinicogemelli.it\/en\/news-events\/e-camilla-nero-la-tedofora-della-fiamma-olimpica-per-il-policlinico-gemelli\/#primaryimage"},"image":{"@id":"https:\/\/www.policlinicogemelli.it\/en\/news-events\/e-camilla-nero-la-tedofora-della-fiamma-olimpica-per-il-policlinico-gemelli\/#primaryimage"},"thumbnailUrl":"https:\/\/www.policlinicogemelli.it\/wp-content\/uploads\/2025\/12\/CAMILLA-NERO-FIAMMA-OLIMPICA.jpg","datePublished":"2025-12-08T13:33:32+00:00","dateModified":"2025-12-09T13:38:53+00:00","breadcrumb":{"@id":"https:\/\/www.policlinicogemelli.it\/en\/news-events\/e-camilla-nero-la-tedofora-della-fiamma-olimpica-per-il-policlinico-gemelli\/#breadcrumb"},"inLanguage":"en-US","potentialAction":[{"@type":"ReadAction","target":["https:\/\/www.policlinicogemelli.it\/en\/news-events\/e-camilla-nero-la-tedofora-della-fiamma-olimpica-per-il-policlinico-gemelli\/"]}]},{"@type":"ImageObject","inLanguage":"en-US","@id":"https:\/\/www.policlinicogemelli.it\/en\/news-events\/e-camilla-nero-la-tedofora-della-fiamma-olimpica-per-il-policlinico-gemelli\/#primaryimage","url":"https:\/\/www.policlinicogemelli.it\/wp-content\/uploads\/2025\/12\/CAMILLA-NERO-FIAMMA-OLIMPICA.jpg","contentUrl":"https:\/\/www.policlinicogemelli.it\/wp-content\/uploads\/2025\/12\/CAMILLA-NERO-FIAMMA-OLIMPICA.jpg","width":1600,"height":1067},{"@type":"BreadcrumbList","@id":"https:\/\/www.policlinicogemelli.it\/en\/news-events\/e-camilla-nero-la-tedofora-della-fiamma-olimpica-per-il-policlinico-gemelli\/#breadcrumb","itemListElement":[{"@type":"ListItem","position":1,"name":"Home","item":"https:\/\/www.policlinicogemelli.it\/en\/"},{"@type":"ListItem","position":2,"name":"News and Events","item":"https:\/\/www.policlinicogemelli.it\/en\/news-events\/"},{"@type":"ListItem","position":3,"name":"Camilla Nero tedofora della Fiamma Olimpica per il Policlinico Gemelli"}]},{"@type":"WebSite","@id":"https:\/\/www.policlinicogemelli.it\/en\/#website","url":"https:\/\/www.policlinicogemelli.it\/en\/","name":"Policlinico Universitario Agostino Gemelli IRCCS","description":"Policlinico Universitario Agostino Gemelli IRCCS","publisher":{"@id":"https:\/\/www.policlinicogemelli.it\/en\/#organization"},"potentialAction":[{"@type":"SearchAction","target":{"@type":"EntryPoint","urlTemplate":"https:\/\/www.policlinicogemelli.it\/en\/?s={search_term_string}"},"query-input":{"@type":"PropertyValueSpecification","valueRequired":true,"valueName":"search_term_string"}}],"inLanguage":"en-US"},{"@type":"Organization","@id":"https:\/\/www.policlinicogemelli.it\/en\/#organization","name":"Policlinico Universitario Agostino Gemelli IRCCS","url":"https:\/\/www.policlinicogemelli.it\/en\/","logo":{"@type":"ImageObject","inLanguage":"en-US","@id":"https:\/\/www.policlinicogemelli.it\/en\/#\/schema\/logo\/image\/","url":"https:\/\/www.policlinicogemelli.it\/wp-content\/uploads\/2019\/02\/logo-policlinico-gemelli-250-trasp-color-1.png","contentUrl":"https:\/\/www.policlinicogemelli.it\/wp-content\/uploads\/2019\/02\/logo-policlinico-gemelli-250-trasp-color-1.png","width":250,"height":82,"caption":"Policlinico Universitario Agostino Gemelli IRCCS"},"image":{"@id":"https:\/\/www.policlinicogemelli.it\/en\/#\/schema\/logo\/image\/"}}]}},"rest_api_enabler":[],"_links":{"self":[{"href":"https:\/\/www.policlinicogemelli.it\/en\/wp-json\/wp\/v2\/news\/73981","targetHints":{"allow":["GET"]}}],"collection":[{"href":"https:\/\/www.policlinicogemelli.it\/en\/wp-json\/wp\/v2\/news"}],"about":[{"href":"https:\/\/www.policlinicogemelli.it\/en\/wp-json\/wp\/v2\/types\/kf_gem_news"}],"version-history":[{"count":2,"href":"https:\/\/www.policlinicogemelli.it\/en\/wp-json\/wp\/v2\/news\/73981\/revisions"}],"predecessor-version":[{"id":74024,"href":"https:\/\/www.policlinicogemelli.it\/en\/wp-json\/wp\/v2\/news\/73981\/revisions\/74024"}],"wp:featuredmedia":[{"embeddable":true,"href":"https:\/\/www.policlinicogemelli.it\/en\/wp-json\/wp\/v2\/media\/74019"}],"wp:attachment":[{"href":"https:\/\/www.policlinicogemelli.it\/en\/wp-json\/wp\/v2\/media?parent=73981"}],"wp:term":[{"taxonomy":"kf_gem_newscat","embeddable":true,"href":"https:\/\/www.policlinicogemelli.it\/en\/wp-json\/wp\/v2\/categorie?post=73981"}],"curies":[{"name":"wp","href":"https:\/\/api.w.org\/{rel}","templated":true}]}}