{"id":73857,"date":"2025-12-04T10:19:48","date_gmt":"2025-12-04T09:19:48","guid":{"rendered":"https:\/\/www.policlinicogemelli.it\/news-eventi\/la-fondazione-policlinico-gemelli-irccs-ottiene-la-certificazione-della-parita-di-genere-rilasciata-da-bureau-veritas-italia\/"},"modified":"2025-12-04T10:19:52","modified_gmt":"2025-12-04T09:19:52","slug":"la-fondazione-policlinico-gemelli-irccs-ottiene-la-certificazione-della-parita-di-genere-rilasciata-da-bureau-veritas-italia","status":"publish","type":"kf_gem_news","link":"https:\/\/www.policlinicogemelli.it\/en\/news-events\/la-fondazione-policlinico-gemelli-irccs-ottiene-la-certificazione-della-parita-di-genere-rilasciata-da-bureau-veritas-italia\/","title":{"rendered":"La Fondazione Policlinico Gemelli IRCCS ottiene la Certificazione della Parit\u00e0 di Genere rilasciata da Bureau Veritas Italia"},"content":{"rendered":"\n<p>La Fondazione Policlinico Universitario Agostino Gemelli IRCCS ha ottenuto la <strong>Certificazione della parit\u00e0 di genere<\/strong>, rilasciata da <strong>Bureau Veritas Italia<\/strong>, riconoscimento che attesta l\u2019adesione a standard nazionali per le pari opportunit\u00e0 in ambito lavorativo, in conformit\u00e0 alla prassi UNI\/PdR 125:2022.<\/p>\n\n\n\n<p>Il riconoscimento arriva al termine di un percorso articolato che ha coinvolto tutte le aree dell\u2019organizzazione, con l\u2019obiettivo di promuovere un ambiente di lavoro inclusivo, equo e rispettoso delle differenze, a favore dell\u2019uguaglianza di genere, della trasparenza e dell\u2019equit\u00e0 nella gestione delle risorse umane.<\/p>\n\n\n\n<p>Come sottolinea la Responsabile del Sistema di gestione per la Parit\u00e0 di genere, <strong>Lucia Sartori<\/strong>, \u201cil conseguimento della certificazione rappresenta per noi un punto di partenza e non di arrivo: continueremo a lavorare ogni giorno per rendere sempre pi\u00f9 concreti i principi di inclusione, rispetto e pari opportunit\u00e0 attraverso azioni operative e monitoraggi costanti\u201d.<\/p>\n\n\n\n<p>Le <strong>aree di intervento<\/strong>&nbsp;che hanno contribuito al conseguimento della certificazione hanno riguardato: la <strong>selezione del Personale<\/strong>, attraverso percorsi strutturati, processi di colloquio neutri e privi di bias; la <strong>genitorialit\u00e0<\/strong>, con la valorizzazione di iniziative e strumenti dedicati come l\u2019asilo nido aziendale e servizi di supporto; la <strong>conciliazione vita-lavoro<\/strong>, promuovendo strumenti di flessibilit\u00e0 oraria e lavoro agile a disposizione del personale; l\u2019<strong>equit\u00e0 retributiva<\/strong>, mediante un\u2019attenta analisi e individuazione di eventuali gap remunerativi; la gestione e <strong>prevenzione delle molestie e delle violenze di genere<\/strong>, con l\u2019attivazione di un nuovo canale di segnalazione inserito anche nel percorso di identificazione e gestione dei rischi. Sono stati inoltre definiti una <strong>Politica<\/strong>&nbsp;aziendale sui principi di Parit\u00e0 di genere e un <strong>Piano Strategico<\/strong>&nbsp;contenente le azioni programmate per i prossimi anni.<\/p>\n\n\n\n<p>Ulteriori ambiti di intervento hanno coinvolto l\u2019analisi della popolazione aziendale, le opportunit\u00e0 di <strong>sviluppo professionale&nbsp;e la mobilit\u00e0 interna<\/strong>, insieme a percorsi di <strong>formazione generale e specifica<\/strong>&nbsp;rivolti a tutto il personale, con risultati eccellenti che contribuiscono a rafforzare la cultura aziendale.<\/p>\n\n\n\n<p>\u201cOttenere la Certificazione della parit\u00e0 di genere non \u00e8 solo un riconoscimento formale \u2013 sostiene <strong>Roberta Galluzzi<\/strong>, Direttrice Risorse Umane della Fondazione Policlinico Universitario A. Gemelli IRCCS -, ma rappresenta un passo concreto nella costruzione di una cultura organizzativa basata sul rispetto delle persone, l\u2019inclusione e le pari opportunit\u00e0. \u00c8 motivo di orgoglio rappresentare un modello di eccellenza, in cui la qualit\u00e0 dell\u2019assistenza sanitaria si affianca a un forte impegno sociale e valoriale\u201d.<\/p>\n","protected":false},"excerpt":{"rendered":"<p>La Fondazione Policlinico Universitario Agostino Gemelli IRCCS ha ottenuto la Certificazione della parit\u00e0 di genere, rilasciata da Bureau Veritas Italia, riconoscimento che attesta l\u2019adesione a standard nazionali per le pari opportunit\u00e0 in ambito lavorativo, in conformit\u00e0 alla prassi UNI\/PdR 125:2022. Il riconoscimento arriva al termine di un percorso articolato che ha coinvolto tutte le aree [&hellip;]<\/p>\n","protected":false},"featured_media":73856,"template":"","categorie":[96],"class_list":{"0":"post-73857","1":"kf_gem_news","2":"type-kf_gem_news","3":"status-publish","4":"has-post-thumbnail","6":"kf_gem_newscat-institutional-information","7":"entry"},"acf":[],"yoast_head":"<!-- This site is optimized with the Yoast SEO plugin v27.5 - https:\/\/yoast.com\/product\/yoast-seo-wordpress\/ -->\n<title>La Fondazione Policlinico Gemelli IRCCS ottiene la Certificazione della Parit\u00e0 di Genere rilasciata da Bureau Veritas Italia - Policlinico Universitario A. Gemelli IRCCS<\/title>\n<meta name=\"robots\" content=\"index, follow, max-snippet:-1, max-image-preview:large, max-video-preview:-1\" \/>\n<link rel=\"canonical\" href=\"https:\/\/www.policlinicogemelli.it\/en\/news-events\/la-fondazione-policlinico-gemelli-irccs-ottiene-la-certificazione-della-parita-di-genere-rilasciata-da-bureau-veritas-italia\/\" \/>\n<meta property=\"og:locale\" content=\"en_US\" \/>\n<meta property=\"og:type\" content=\"article\" \/>\n<meta property=\"og:title\" content=\"La Fondazione Policlinico Gemelli IRCCS ottiene la Certificazione della Parit\u00e0 di Genere rilasciata da Bureau Veritas Italia - Policlinico Universitario A. Gemelli IRCCS\" \/>\n<meta property=\"og:description\" content=\"La Fondazione Policlinico Universitario Agostino Gemelli IRCCS ha ottenuto la Certificazione della parit\u00e0 di genere, rilasciata da Bureau Veritas Italia, riconoscimento che attesta l\u2019adesione a standard nazionali per le pari opportunit\u00e0 in ambito lavorativo, in conformit\u00e0 alla prassi UNI\/PdR 125:2022. Il riconoscimento arriva al termine di un percorso articolato che ha coinvolto tutte le aree [&hellip;]\" \/>\n<meta property=\"og:url\" content=\"https:\/\/www.policlinicogemelli.it\/en\/news-events\/la-fondazione-policlinico-gemelli-irccs-ottiene-la-certificazione-della-parita-di-genere-rilasciata-da-bureau-veritas-italia\/\" \/>\n<meta property=\"og:site_name\" content=\"Policlinico Universitario Agostino Gemelli IRCCS\" \/>\n<meta property=\"article:modified_time\" content=\"2025-12-04T09:19:52+00:00\" \/>\n<meta property=\"og:image\" content=\"https:\/\/www.policlinicogemelli.it\/wp-content\/uploads\/2023\/06\/Share_Gemelli.png\" \/>\n\t<meta property=\"og:image:width\" content=\"1200\" \/>\n\t<meta property=\"og:image:height\" content=\"630\" \/>\n\t<meta property=\"og:image:type\" content=\"image\/png\" \/>\n<meta name=\"twitter:card\" content=\"summary_large_image\" \/>\n<meta name=\"twitter:label1\" content=\"Est. reading time\" \/>\n\t<meta name=\"twitter:data1\" content=\"2 minutes\" \/>\n<script type=\"application\/ld+json\" class=\"yoast-schema-graph\">{\"@context\":\"https:\\\/\\\/schema.org\",\"@graph\":[{\"@type\":\"WebPage\",\"@id\":\"https:\\\/\\\/www.policlinicogemelli.it\\\/en\\\/news-events\\\/la-fondazione-policlinico-gemelli-irccs-ottiene-la-certificazione-della-parita-di-genere-rilasciata-da-bureau-veritas-italia\\\/\",\"url\":\"https:\\\/\\\/www.policlinicogemelli.it\\\/en\\\/news-events\\\/la-fondazione-policlinico-gemelli-irccs-ottiene-la-certificazione-della-parita-di-genere-rilasciata-da-bureau-veritas-italia\\\/\",\"name\":\"La Fondazione Policlinico Gemelli IRCCS ottiene la Certificazione della Parit\u00e0 di Genere rilasciata da Bureau Veritas Italia - Policlinico Universitario A. Gemelli IRCCS\",\"isPartOf\":{\"@id\":\"https:\\\/\\\/www.policlinicogemelli.it\\\/en\\\/#website\"},\"primaryImageOfPage\":{\"@id\":\"https:\\\/\\\/www.policlinicogemelli.it\\\/en\\\/news-events\\\/la-fondazione-policlinico-gemelli-irccs-ottiene-la-certificazione-della-parita-di-genere-rilasciata-da-bureau-veritas-italia\\\/#primaryimage\"},\"image\":{\"@id\":\"https:\\\/\\\/www.policlinicogemelli.it\\\/en\\\/news-events\\\/la-fondazione-policlinico-gemelli-irccs-ottiene-la-certificazione-della-parita-di-genere-rilasciata-da-bureau-veritas-italia\\\/#primaryimage\"},\"thumbnailUrl\":\"https:\\\/\\\/www.policlinicogemelli.it\\\/wp-content\\\/uploads\\\/2025\\\/12\\\/certificazione_parita_genera_news.png\",\"datePublished\":\"2025-12-04T09:19:48+00:00\",\"dateModified\":\"2025-12-04T09:19:52+00:00\",\"breadcrumb\":{\"@id\":\"https:\\\/\\\/www.policlinicogemelli.it\\\/en\\\/news-events\\\/la-fondazione-policlinico-gemelli-irccs-ottiene-la-certificazione-della-parita-di-genere-rilasciata-da-bureau-veritas-italia\\\/#breadcrumb\"},\"inLanguage\":\"en-US\",\"potentialAction\":[{\"@type\":\"ReadAction\",\"target\":[\"https:\\\/\\\/www.policlinicogemelli.it\\\/en\\\/news-events\\\/la-fondazione-policlinico-gemelli-irccs-ottiene-la-certificazione-della-parita-di-genere-rilasciata-da-bureau-veritas-italia\\\/\"]}]},{\"@type\":\"ImageObject\",\"inLanguage\":\"en-US\",\"@id\":\"https:\\\/\\\/www.policlinicogemelli.it\\\/en\\\/news-events\\\/la-fondazione-policlinico-gemelli-irccs-ottiene-la-certificazione-della-parita-di-genere-rilasciata-da-bureau-veritas-italia\\\/#primaryimage\",\"url\":\"https:\\\/\\\/www.policlinicogemelli.it\\\/wp-content\\\/uploads\\\/2025\\\/12\\\/certificazione_parita_genera_news.png\",\"contentUrl\":\"https:\\\/\\\/www.policlinicogemelli.it\\\/wp-content\\\/uploads\\\/2025\\\/12\\\/certificazione_parita_genera_news.png\",\"width\":850,\"height\":495},{\"@type\":\"BreadcrumbList\",\"@id\":\"https:\\\/\\\/www.policlinicogemelli.it\\\/en\\\/news-events\\\/la-fondazione-policlinico-gemelli-irccs-ottiene-la-certificazione-della-parita-di-genere-rilasciata-da-bureau-veritas-italia\\\/#breadcrumb\",\"itemListElement\":[{\"@type\":\"ListItem\",\"position\":1,\"name\":\"Home\",\"item\":\"https:\\\/\\\/www.policlinicogemelli.it\\\/en\\\/\"},{\"@type\":\"ListItem\",\"position\":2,\"name\":\"News and Events\",\"item\":\"https:\\\/\\\/www.policlinicogemelli.it\\\/en\\\/news-events\\\/\"},{\"@type\":\"ListItem\",\"position\":3,\"name\":\"La Fondazione Policlinico Gemelli IRCCS ottiene la Certificazione della Parit\u00e0 di Genere rilasciata da Bureau Veritas Italia\"}]},{\"@type\":\"WebSite\",\"@id\":\"https:\\\/\\\/www.policlinicogemelli.it\\\/en\\\/#website\",\"url\":\"https:\\\/\\\/www.policlinicogemelli.it\\\/en\\\/\",\"name\":\"Policlinico Universitario Agostino Gemelli IRCCS\",\"description\":\"Policlinico Universitario Agostino Gemelli IRCCS\",\"publisher\":{\"@id\":\"https:\\\/\\\/www.policlinicogemelli.it\\\/en\\\/#organization\"},\"potentialAction\":[{\"@type\":\"SearchAction\",\"target\":{\"@type\":\"EntryPoint\",\"urlTemplate\":\"https:\\\/\\\/www.policlinicogemelli.it\\\/en\\\/?s={search_term_string}\"},\"query-input\":{\"@type\":\"PropertyValueSpecification\",\"valueRequired\":true,\"valueName\":\"search_term_string\"}}],\"inLanguage\":\"en-US\"},{\"@type\":\"Organization\",\"@id\":\"https:\\\/\\\/www.policlinicogemelli.it\\\/en\\\/#organization\",\"name\":\"Policlinico Universitario Agostino Gemelli IRCCS\",\"url\":\"https:\\\/\\\/www.policlinicogemelli.it\\\/en\\\/\",\"logo\":{\"@type\":\"ImageObject\",\"inLanguage\":\"en-US\",\"@id\":\"https:\\\/\\\/www.policlinicogemelli.it\\\/en\\\/#\\\/schema\\\/logo\\\/image\\\/\",\"url\":\"https:\\\/\\\/www.policlinicogemelli.it\\\/wp-content\\\/uploads\\\/2019\\\/02\\\/logo-policlinico-gemelli-250-trasp-color-1.png\",\"contentUrl\":\"https:\\\/\\\/www.policlinicogemelli.it\\\/wp-content\\\/uploads\\\/2019\\\/02\\\/logo-policlinico-gemelli-250-trasp-color-1.png\",\"width\":250,\"height\":82,\"caption\":\"Policlinico Universitario Agostino Gemelli IRCCS\"},\"image\":{\"@id\":\"https:\\\/\\\/www.policlinicogemelli.it\\\/en\\\/#\\\/schema\\\/logo\\\/image\\\/\"}}]}<\/script>\n<!-- \/ Yoast SEO plugin. -->","yoast_head_json":{"title":"La Fondazione Policlinico Gemelli IRCCS ottiene la Certificazione della Parit\u00e0 di Genere rilasciata da Bureau Veritas Italia - Policlinico Universitario A. Gemelli IRCCS","robots":{"index":"index","follow":"follow","max-snippet":"max-snippet:-1","max-image-preview":"max-image-preview:large","max-video-preview":"max-video-preview:-1"},"canonical":"https:\/\/www.policlinicogemelli.it\/en\/news-events\/la-fondazione-policlinico-gemelli-irccs-ottiene-la-certificazione-della-parita-di-genere-rilasciata-da-bureau-veritas-italia\/","og_locale":"en_US","og_type":"article","og_title":"La Fondazione Policlinico Gemelli IRCCS ottiene la Certificazione della Parit\u00e0 di Genere rilasciata da Bureau Veritas Italia - Policlinico Universitario A. Gemelli IRCCS","og_description":"La Fondazione Policlinico Universitario Agostino Gemelli IRCCS ha ottenuto la Certificazione della parit\u00e0 di genere, rilasciata da Bureau Veritas Italia, riconoscimento che attesta l\u2019adesione a standard nazionali per le pari opportunit\u00e0 in ambito lavorativo, in conformit\u00e0 alla prassi UNI\/PdR 125:2022. Il riconoscimento arriva al termine di un percorso articolato che ha coinvolto tutte le aree [&hellip;]","og_url":"https:\/\/www.policlinicogemelli.it\/en\/news-events\/la-fondazione-policlinico-gemelli-irccs-ottiene-la-certificazione-della-parita-di-genere-rilasciata-da-bureau-veritas-italia\/","og_site_name":"Policlinico Universitario Agostino Gemelli IRCCS","article_modified_time":"2025-12-04T09:19:52+00:00","og_image":[{"width":1200,"height":630,"url":"https:\/\/www.policlinicogemelli.it\/wp-content\/uploads\/2023\/06\/Share_Gemelli.png","type":"image\/png"}],"twitter_card":"summary_large_image","twitter_misc":{"Est. reading time":"2 minutes"},"schema":{"@context":"https:\/\/schema.org","@graph":[{"@type":"WebPage","@id":"https:\/\/www.policlinicogemelli.it\/en\/news-events\/la-fondazione-policlinico-gemelli-irccs-ottiene-la-certificazione-della-parita-di-genere-rilasciata-da-bureau-veritas-italia\/","url":"https:\/\/www.policlinicogemelli.it\/en\/news-events\/la-fondazione-policlinico-gemelli-irccs-ottiene-la-certificazione-della-parita-di-genere-rilasciata-da-bureau-veritas-italia\/","name":"La Fondazione Policlinico Gemelli IRCCS ottiene la Certificazione della Parit\u00e0 di Genere rilasciata da Bureau Veritas Italia - Policlinico Universitario A. Gemelli IRCCS","isPartOf":{"@id":"https:\/\/www.policlinicogemelli.it\/en\/#website"},"primaryImageOfPage":{"@id":"https:\/\/www.policlinicogemelli.it\/en\/news-events\/la-fondazione-policlinico-gemelli-irccs-ottiene-la-certificazione-della-parita-di-genere-rilasciata-da-bureau-veritas-italia\/#primaryimage"},"image":{"@id":"https:\/\/www.policlinicogemelli.it\/en\/news-events\/la-fondazione-policlinico-gemelli-irccs-ottiene-la-certificazione-della-parita-di-genere-rilasciata-da-bureau-veritas-italia\/#primaryimage"},"thumbnailUrl":"https:\/\/www.policlinicogemelli.it\/wp-content\/uploads\/2025\/12\/certificazione_parita_genera_news.png","datePublished":"2025-12-04T09:19:48+00:00","dateModified":"2025-12-04T09:19:52+00:00","breadcrumb":{"@id":"https:\/\/www.policlinicogemelli.it\/en\/news-events\/la-fondazione-policlinico-gemelli-irccs-ottiene-la-certificazione-della-parita-di-genere-rilasciata-da-bureau-veritas-italia\/#breadcrumb"},"inLanguage":"en-US","potentialAction":[{"@type":"ReadAction","target":["https:\/\/www.policlinicogemelli.it\/en\/news-events\/la-fondazione-policlinico-gemelli-irccs-ottiene-la-certificazione-della-parita-di-genere-rilasciata-da-bureau-veritas-italia\/"]}]},{"@type":"ImageObject","inLanguage":"en-US","@id":"https:\/\/www.policlinicogemelli.it\/en\/news-events\/la-fondazione-policlinico-gemelli-irccs-ottiene-la-certificazione-della-parita-di-genere-rilasciata-da-bureau-veritas-italia\/#primaryimage","url":"https:\/\/www.policlinicogemelli.it\/wp-content\/uploads\/2025\/12\/certificazione_parita_genera_news.png","contentUrl":"https:\/\/www.policlinicogemelli.it\/wp-content\/uploads\/2025\/12\/certificazione_parita_genera_news.png","width":850,"height":495},{"@type":"BreadcrumbList","@id":"https:\/\/www.policlinicogemelli.it\/en\/news-events\/la-fondazione-policlinico-gemelli-irccs-ottiene-la-certificazione-della-parita-di-genere-rilasciata-da-bureau-veritas-italia\/#breadcrumb","itemListElement":[{"@type":"ListItem","position":1,"name":"Home","item":"https:\/\/www.policlinicogemelli.it\/en\/"},{"@type":"ListItem","position":2,"name":"News and Events","item":"https:\/\/www.policlinicogemelli.it\/en\/news-events\/"},{"@type":"ListItem","position":3,"name":"La Fondazione Policlinico Gemelli IRCCS ottiene la Certificazione della Parit\u00e0 di Genere rilasciata da Bureau Veritas Italia"}]},{"@type":"WebSite","@id":"https:\/\/www.policlinicogemelli.it\/en\/#website","url":"https:\/\/www.policlinicogemelli.it\/en\/","name":"Policlinico Universitario Agostino Gemelli IRCCS","description":"Policlinico Universitario Agostino Gemelli IRCCS","publisher":{"@id":"https:\/\/www.policlinicogemelli.it\/en\/#organization"},"potentialAction":[{"@type":"SearchAction","target":{"@type":"EntryPoint","urlTemplate":"https:\/\/www.policlinicogemelli.it\/en\/?s={search_term_string}"},"query-input":{"@type":"PropertyValueSpecification","valueRequired":true,"valueName":"search_term_string"}}],"inLanguage":"en-US"},{"@type":"Organization","@id":"https:\/\/www.policlinicogemelli.it\/en\/#organization","name":"Policlinico Universitario Agostino Gemelli IRCCS","url":"https:\/\/www.policlinicogemelli.it\/en\/","logo":{"@type":"ImageObject","inLanguage":"en-US","@id":"https:\/\/www.policlinicogemelli.it\/en\/#\/schema\/logo\/image\/","url":"https:\/\/www.policlinicogemelli.it\/wp-content\/uploads\/2019\/02\/logo-policlinico-gemelli-250-trasp-color-1.png","contentUrl":"https:\/\/www.policlinicogemelli.it\/wp-content\/uploads\/2019\/02\/logo-policlinico-gemelli-250-trasp-color-1.png","width":250,"height":82,"caption":"Policlinico Universitario Agostino Gemelli IRCCS"},"image":{"@id":"https:\/\/www.policlinicogemelli.it\/en\/#\/schema\/logo\/image\/"}}]}},"rest_api_enabler":[],"_links":{"self":[{"href":"https:\/\/www.policlinicogemelli.it\/en\/wp-json\/wp\/v2\/news\/73857","targetHints":{"allow":["GET"]}}],"collection":[{"href":"https:\/\/www.policlinicogemelli.it\/en\/wp-json\/wp\/v2\/news"}],"about":[{"href":"https:\/\/www.policlinicogemelli.it\/en\/wp-json\/wp\/v2\/types\/kf_gem_news"}],"version-history":[{"count":1,"href":"https:\/\/www.policlinicogemelli.it\/en\/wp-json\/wp\/v2\/news\/73857\/revisions"}],"predecessor-version":[{"id":73859,"href":"https:\/\/www.policlinicogemelli.it\/en\/wp-json\/wp\/v2\/news\/73857\/revisions\/73859"}],"wp:featuredmedia":[{"embeddable":true,"href":"https:\/\/www.policlinicogemelli.it\/en\/wp-json\/wp\/v2\/media\/73856"}],"wp:attachment":[{"href":"https:\/\/www.policlinicogemelli.it\/en\/wp-json\/wp\/v2\/media?parent=73857"}],"wp:term":[{"taxonomy":"kf_gem_newscat","embeddable":true,"href":"https:\/\/www.policlinicogemelli.it\/en\/wp-json\/wp\/v2\/categorie?post=73857"}],"curies":[{"name":"wp","href":"https:\/\/api.w.org\/{rel}","templated":true}]}}