{"id":73835,"date":"2025-12-01T13:11:39","date_gmt":"2025-12-01T12:11:39","guid":{"rendered":"https:\/\/www.policlinicogemelli.it\/news-eventi\/le-messe-dellavvento-in-diretta-ogni-mattina-su-tv2000\/"},"modified":"2025-12-02T13:14:59","modified_gmt":"2025-12-02T12:14:59","slug":"le-messe-dellavvento-in-diretta-ogni-mattina-su-tv2000","status":"publish","type":"kf_gem_news","link":"https:\/\/www.policlinicogemelli.it\/en\/news-events\/le-messe-dellavvento-in-diretta-ogni-mattina-su-tv2000\/","title":{"rendered":"Le Messe dell\u2019Avvento in diretta ogni mattina su TV2000"},"content":{"rendered":"\n<p>Una testimonianza di preghiera e di vicinanza per tutti coloro che seguono le celebrazioni eucaristiche da casa, dai reparti dell\u2019ospedale e da altre strutture sanitarie<strong>: <\/strong>per tutto il periodo di Avvento <strong>da mercoled\u00ec 3 fino a mercoled\u00ec 24 dicembre 2025, ogni giorno alle ore 8.30, dal luned\u00ec al venerd\u00ec, <\/strong>saranno trasmesse in diretta su TV2000 le Celebrazioni Eucaristiche dalla Cappella San Giovanni Paolo II, nella Hall della Fondazione Policlinico Universitario Agostino Gemelli IRCCS, in collaborazione con il Centro Pastorale dell\u2019Universit\u00e0 Cattolica e la Cappellania del Gemelli.<\/p>\n\n\n\n<p>Grazie alla collaborazione con l\u2019emittente televisiva della Conferenza Episcopale Italiana, l\u2019Universit\u00e0 Cattolica del Sacro Cuore e la Fondazione Policlinico Universitario Agostino Gemelli IRCCS vogliono offrire a tutti, soprattutto ai malati, agli anziani che sono in casa, ai pi\u00f9 fragili e lontani, un\u2019occasione quotidiana per pregare insieme e prepararsi al Santo Natale.<\/p>\n\n\n\n<p>Ci accompagnano in questo itinerario le parole di <strong>S. E. Monsignor Claudio Giuliodori<\/strong>, Assistente Ecclesiastico generale dell\u2019Universit\u00e0 Cattolica del Sacro Cuore: \u00abNel contesto del cammino giubilare sentiamo urgente porre segni di speranza, soprattutto per coloro che sono gravati dal peso della malattia, della solitudine e vivono situazioni di marginalit\u00e0. La celebrazione quotidiana dell\u2019Eucaristia trasmessa dal Policlinico Gemelli vuole rappresentare un\u2019occasione di concreto ristoro spirituale e di preghiera comune favorita dalle potenzialit\u00e0 del mezzo televisivo che ci consente di essere vicini a tutti l\u00e0 dove si trovano, nei letti di ospedale, in famiglia o nelle strutture di cura. Si alterneranno ogni giorno nell\u2019animazione della liturgia le diverse componenti della comunit\u00e0 ospedaliera che da sempre unisce la qualit\u00e0 delle cure alla vicinanza umana e spirituale nei confronti dei pazienti\u00bb.<\/p>\n\n\n\n<p><strong><em>Federica Mancinelli<\/em><\/strong><\/p>\n\n\n\n<p><strong>Fonte<\/strong>: <a href=\"https:\/\/eur01.safelinks.protection.outlook.com\/?url=https%3A%2F%2Fsecondotempo.cattolicanews.it%2Fnews-al-policlinico-gemelli-le-messe-d-avvento-in-diretta-su-tv2000&amp;data=05%7C02%7Cemiliana.stefanori%40policlinicogemelli.it%7Ccadfa2e2f7014499f03708de318d5775%7Cf1bd8bda097445ba99ca83c3df4c401e%7C0%7C0%7C639002680507493240%7CUnknown%7CTWFpbGZsb3d8eyJFbXB0eU1hcGkiOnRydWUsIlYiOiIwLjAuMDAwMCIsIlAiOiJXaW4zMiIsIkFOIjoiTWFpbCIsIldUIjoyfQ%3D%3D%7C0%7C%7C%7C&amp;sdata=cl2b2wQAgEJ%2Fafm1Kiyyjc4X%2F%2FGnXamC9dsEUMO3SOs%3D&amp;reserved=0\">https:\/\/secondotempo.cattolicanews.it\/news-al-policlinico-gemelli-le-messe-d-avvento-in-diretta-su-tv2000<\/a><\/p>\n\n\n\n<p><\/p>\n","protected":false},"excerpt":{"rendered":"<p>Una testimonianza di preghiera e di vicinanza per tutti coloro che seguono le celebrazioni eucaristiche da casa, dai reparti dell\u2019ospedale e da altre strutture sanitarie: per tutto il periodo di Avvento da mercoled\u00ec 3 fino a mercoled\u00ec 24 dicembre 2025, ogni giorno alle ore 8.30, dal luned\u00ec al venerd\u00ec, saranno trasmesse in diretta su TV2000 [&hellip;]<\/p>\n","protected":false},"featured_media":73834,"template":"","categorie":[96],"class_list":{"0":"post-73835","1":"kf_gem_news","2":"type-kf_gem_news","3":"status-publish","4":"has-post-thumbnail","6":"kf_gem_newscat-institutional-information","7":"entry"},"acf":[],"yoast_head":"<!-- This site is optimized with the Yoast SEO plugin v27.5 - https:\/\/yoast.com\/product\/yoast-seo-wordpress\/ -->\n<title>Le Messe dell\u2019Avvento in diretta ogni mattina su TV2000 - Policlinico Universitario A. Gemelli IRCCS<\/title>\n<meta name=\"robots\" content=\"index, follow, max-snippet:-1, max-image-preview:large, max-video-preview:-1\" \/>\n<link rel=\"canonical\" href=\"https:\/\/www.policlinicogemelli.it\/en\/news-events\/le-messe-dellavvento-in-diretta-ogni-mattina-su-tv2000\/\" \/>\n<meta property=\"og:locale\" content=\"en_US\" \/>\n<meta property=\"og:type\" content=\"article\" \/>\n<meta property=\"og:title\" content=\"Le Messe dell\u2019Avvento in diretta ogni mattina su TV2000 - Policlinico Universitario A. Gemelli IRCCS\" \/>\n<meta property=\"og:description\" content=\"Una testimonianza di preghiera e di vicinanza per tutti coloro che seguono le celebrazioni eucaristiche da casa, dai reparti dell\u2019ospedale e da altre strutture sanitarie: per tutto il periodo di Avvento da mercoled\u00ec 3 fino a mercoled\u00ec 24 dicembre 2025, ogni giorno alle ore 8.30, dal luned\u00ec al venerd\u00ec, saranno trasmesse in diretta su TV2000 [&hellip;]\" \/>\n<meta property=\"og:url\" content=\"https:\/\/www.policlinicogemelli.it\/en\/news-events\/le-messe-dellavvento-in-diretta-ogni-mattina-su-tv2000\/\" \/>\n<meta property=\"og:site_name\" content=\"Policlinico Universitario Agostino Gemelli IRCCS\" \/>\n<meta property=\"article:modified_time\" content=\"2025-12-02T12:14:59+00:00\" \/>\n<meta property=\"og:image\" content=\"https:\/\/www.policlinicogemelli.it\/wp-content\/uploads\/2023\/06\/Share_Gemelli.png\" \/>\n\t<meta property=\"og:image:width\" content=\"1200\" \/>\n\t<meta property=\"og:image:height\" content=\"630\" \/>\n\t<meta property=\"og:image:type\" content=\"image\/png\" \/>\n<meta name=\"twitter:card\" content=\"summary_large_image\" \/>\n<meta name=\"twitter:label1\" content=\"Est. reading time\" \/>\n\t<meta name=\"twitter:data1\" content=\"1 minute\" \/>\n<script type=\"application\/ld+json\" class=\"yoast-schema-graph\">{\"@context\":\"https:\\\/\\\/schema.org\",\"@graph\":[{\"@type\":\"WebPage\",\"@id\":\"https:\\\/\\\/www.policlinicogemelli.it\\\/en\\\/news-events\\\/le-messe-dellavvento-in-diretta-ogni-mattina-su-tv2000\\\/\",\"url\":\"https:\\\/\\\/www.policlinicogemelli.it\\\/en\\\/news-events\\\/le-messe-dellavvento-in-diretta-ogni-mattina-su-tv2000\\\/\",\"name\":\"Le Messe dell\u2019Avvento in diretta ogni mattina su TV2000 - Policlinico Universitario A. Gemelli IRCCS\",\"isPartOf\":{\"@id\":\"https:\\\/\\\/www.policlinicogemelli.it\\\/en\\\/#website\"},\"primaryImageOfPage\":{\"@id\":\"https:\\\/\\\/www.policlinicogemelli.it\\\/en\\\/news-events\\\/le-messe-dellavvento-in-diretta-ogni-mattina-su-tv2000\\\/#primaryimage\"},\"image\":{\"@id\":\"https:\\\/\\\/www.policlinicogemelli.it\\\/en\\\/news-events\\\/le-messe-dellavvento-in-diretta-ogni-mattina-su-tv2000\\\/#primaryimage\"},\"thumbnailUrl\":\"https:\\\/\\\/www.policlinicogemelli.it\\\/wp-content\\\/uploads\\\/2025\\\/12\\\/Cappella-SanGiovanniPaoloII.jpeg\",\"datePublished\":\"2025-12-01T12:11:39+00:00\",\"dateModified\":\"2025-12-02T12:14:59+00:00\",\"breadcrumb\":{\"@id\":\"https:\\\/\\\/www.policlinicogemelli.it\\\/en\\\/news-events\\\/le-messe-dellavvento-in-diretta-ogni-mattina-su-tv2000\\\/#breadcrumb\"},\"inLanguage\":\"en-US\",\"potentialAction\":[{\"@type\":\"ReadAction\",\"target\":[\"https:\\\/\\\/www.policlinicogemelli.it\\\/en\\\/news-events\\\/le-messe-dellavvento-in-diretta-ogni-mattina-su-tv2000\\\/\"]}]},{\"@type\":\"ImageObject\",\"inLanguage\":\"en-US\",\"@id\":\"https:\\\/\\\/www.policlinicogemelli.it\\\/en\\\/news-events\\\/le-messe-dellavvento-in-diretta-ogni-mattina-su-tv2000\\\/#primaryimage\",\"url\":\"https:\\\/\\\/www.policlinicogemelli.it\\\/wp-content\\\/uploads\\\/2025\\\/12\\\/Cappella-SanGiovanniPaoloII.jpeg\",\"contentUrl\":\"https:\\\/\\\/www.policlinicogemelli.it\\\/wp-content\\\/uploads\\\/2025\\\/12\\\/Cappella-SanGiovanniPaoloII.jpeg\",\"width\":2048,\"height\":1536},{\"@type\":\"BreadcrumbList\",\"@id\":\"https:\\\/\\\/www.policlinicogemelli.it\\\/en\\\/news-events\\\/le-messe-dellavvento-in-diretta-ogni-mattina-su-tv2000\\\/#breadcrumb\",\"itemListElement\":[{\"@type\":\"ListItem\",\"position\":1,\"name\":\"Home\",\"item\":\"https:\\\/\\\/www.policlinicogemelli.it\\\/en\\\/\"},{\"@type\":\"ListItem\",\"position\":2,\"name\":\"News and Events\",\"item\":\"https:\\\/\\\/www.policlinicogemelli.it\\\/en\\\/news-events\\\/\"},{\"@type\":\"ListItem\",\"position\":3,\"name\":\"Le Messe dell\u2019Avvento in diretta ogni mattina su TV2000\"}]},{\"@type\":\"WebSite\",\"@id\":\"https:\\\/\\\/www.policlinicogemelli.it\\\/en\\\/#website\",\"url\":\"https:\\\/\\\/www.policlinicogemelli.it\\\/en\\\/\",\"name\":\"Policlinico Universitario Agostino Gemelli IRCCS\",\"description\":\"Policlinico Universitario Agostino Gemelli IRCCS\",\"publisher\":{\"@id\":\"https:\\\/\\\/www.policlinicogemelli.it\\\/en\\\/#organization\"},\"potentialAction\":[{\"@type\":\"SearchAction\",\"target\":{\"@type\":\"EntryPoint\",\"urlTemplate\":\"https:\\\/\\\/www.policlinicogemelli.it\\\/en\\\/?s={search_term_string}\"},\"query-input\":{\"@type\":\"PropertyValueSpecification\",\"valueRequired\":true,\"valueName\":\"search_term_string\"}}],\"inLanguage\":\"en-US\"},{\"@type\":\"Organization\",\"@id\":\"https:\\\/\\\/www.policlinicogemelli.it\\\/en\\\/#organization\",\"name\":\"Policlinico Universitario Agostino Gemelli IRCCS\",\"url\":\"https:\\\/\\\/www.policlinicogemelli.it\\\/en\\\/\",\"logo\":{\"@type\":\"ImageObject\",\"inLanguage\":\"en-US\",\"@id\":\"https:\\\/\\\/www.policlinicogemelli.it\\\/en\\\/#\\\/schema\\\/logo\\\/image\\\/\",\"url\":\"https:\\\/\\\/www.policlinicogemelli.it\\\/wp-content\\\/uploads\\\/2019\\\/02\\\/logo-policlinico-gemelli-250-trasp-color-1.png\",\"contentUrl\":\"https:\\\/\\\/www.policlinicogemelli.it\\\/wp-content\\\/uploads\\\/2019\\\/02\\\/logo-policlinico-gemelli-250-trasp-color-1.png\",\"width\":250,\"height\":82,\"caption\":\"Policlinico Universitario Agostino Gemelli IRCCS\"},\"image\":{\"@id\":\"https:\\\/\\\/www.policlinicogemelli.it\\\/en\\\/#\\\/schema\\\/logo\\\/image\\\/\"}}]}<\/script>\n<!-- \/ Yoast SEO plugin. -->","yoast_head_json":{"title":"Le Messe dell\u2019Avvento in diretta ogni mattina su TV2000 - Policlinico Universitario A. Gemelli IRCCS","robots":{"index":"index","follow":"follow","max-snippet":"max-snippet:-1","max-image-preview":"max-image-preview:large","max-video-preview":"max-video-preview:-1"},"canonical":"https:\/\/www.policlinicogemelli.it\/en\/news-events\/le-messe-dellavvento-in-diretta-ogni-mattina-su-tv2000\/","og_locale":"en_US","og_type":"article","og_title":"Le Messe dell\u2019Avvento in diretta ogni mattina su TV2000 - Policlinico Universitario A. Gemelli IRCCS","og_description":"Una testimonianza di preghiera e di vicinanza per tutti coloro che seguono le celebrazioni eucaristiche da casa, dai reparti dell\u2019ospedale e da altre strutture sanitarie: per tutto il periodo di Avvento da mercoled\u00ec 3 fino a mercoled\u00ec 24 dicembre 2025, ogni giorno alle ore 8.30, dal luned\u00ec al venerd\u00ec, saranno trasmesse in diretta su TV2000 [&hellip;]","og_url":"https:\/\/www.policlinicogemelli.it\/en\/news-events\/le-messe-dellavvento-in-diretta-ogni-mattina-su-tv2000\/","og_site_name":"Policlinico Universitario Agostino Gemelli IRCCS","article_modified_time":"2025-12-02T12:14:59+00:00","og_image":[{"width":1200,"height":630,"url":"https:\/\/www.policlinicogemelli.it\/wp-content\/uploads\/2023\/06\/Share_Gemelli.png","type":"image\/png"}],"twitter_card":"summary_large_image","twitter_misc":{"Est. reading time":"1 minute"},"schema":{"@context":"https:\/\/schema.org","@graph":[{"@type":"WebPage","@id":"https:\/\/www.policlinicogemelli.it\/en\/news-events\/le-messe-dellavvento-in-diretta-ogni-mattina-su-tv2000\/","url":"https:\/\/www.policlinicogemelli.it\/en\/news-events\/le-messe-dellavvento-in-diretta-ogni-mattina-su-tv2000\/","name":"Le Messe dell\u2019Avvento in diretta ogni mattina su TV2000 - Policlinico Universitario A. Gemelli IRCCS","isPartOf":{"@id":"https:\/\/www.policlinicogemelli.it\/en\/#website"},"primaryImageOfPage":{"@id":"https:\/\/www.policlinicogemelli.it\/en\/news-events\/le-messe-dellavvento-in-diretta-ogni-mattina-su-tv2000\/#primaryimage"},"image":{"@id":"https:\/\/www.policlinicogemelli.it\/en\/news-events\/le-messe-dellavvento-in-diretta-ogni-mattina-su-tv2000\/#primaryimage"},"thumbnailUrl":"https:\/\/www.policlinicogemelli.it\/wp-content\/uploads\/2025\/12\/Cappella-SanGiovanniPaoloII.jpeg","datePublished":"2025-12-01T12:11:39+00:00","dateModified":"2025-12-02T12:14:59+00:00","breadcrumb":{"@id":"https:\/\/www.policlinicogemelli.it\/en\/news-events\/le-messe-dellavvento-in-diretta-ogni-mattina-su-tv2000\/#breadcrumb"},"inLanguage":"en-US","potentialAction":[{"@type":"ReadAction","target":["https:\/\/www.policlinicogemelli.it\/en\/news-events\/le-messe-dellavvento-in-diretta-ogni-mattina-su-tv2000\/"]}]},{"@type":"ImageObject","inLanguage":"en-US","@id":"https:\/\/www.policlinicogemelli.it\/en\/news-events\/le-messe-dellavvento-in-diretta-ogni-mattina-su-tv2000\/#primaryimage","url":"https:\/\/www.policlinicogemelli.it\/wp-content\/uploads\/2025\/12\/Cappella-SanGiovanniPaoloII.jpeg","contentUrl":"https:\/\/www.policlinicogemelli.it\/wp-content\/uploads\/2025\/12\/Cappella-SanGiovanniPaoloII.jpeg","width":2048,"height":1536},{"@type":"BreadcrumbList","@id":"https:\/\/www.policlinicogemelli.it\/en\/news-events\/le-messe-dellavvento-in-diretta-ogni-mattina-su-tv2000\/#breadcrumb","itemListElement":[{"@type":"ListItem","position":1,"name":"Home","item":"https:\/\/www.policlinicogemelli.it\/en\/"},{"@type":"ListItem","position":2,"name":"News and Events","item":"https:\/\/www.policlinicogemelli.it\/en\/news-events\/"},{"@type":"ListItem","position":3,"name":"Le Messe dell\u2019Avvento in diretta ogni mattina su TV2000"}]},{"@type":"WebSite","@id":"https:\/\/www.policlinicogemelli.it\/en\/#website","url":"https:\/\/www.policlinicogemelli.it\/en\/","name":"Policlinico Universitario Agostino Gemelli IRCCS","description":"Policlinico Universitario Agostino Gemelli IRCCS","publisher":{"@id":"https:\/\/www.policlinicogemelli.it\/en\/#organization"},"potentialAction":[{"@type":"SearchAction","target":{"@type":"EntryPoint","urlTemplate":"https:\/\/www.policlinicogemelli.it\/en\/?s={search_term_string}"},"query-input":{"@type":"PropertyValueSpecification","valueRequired":true,"valueName":"search_term_string"}}],"inLanguage":"en-US"},{"@type":"Organization","@id":"https:\/\/www.policlinicogemelli.it\/en\/#organization","name":"Policlinico Universitario Agostino Gemelli IRCCS","url":"https:\/\/www.policlinicogemelli.it\/en\/","logo":{"@type":"ImageObject","inLanguage":"en-US","@id":"https:\/\/www.policlinicogemelli.it\/en\/#\/schema\/logo\/image\/","url":"https:\/\/www.policlinicogemelli.it\/wp-content\/uploads\/2019\/02\/logo-policlinico-gemelli-250-trasp-color-1.png","contentUrl":"https:\/\/www.policlinicogemelli.it\/wp-content\/uploads\/2019\/02\/logo-policlinico-gemelli-250-trasp-color-1.png","width":250,"height":82,"caption":"Policlinico Universitario Agostino Gemelli IRCCS"},"image":{"@id":"https:\/\/www.policlinicogemelli.it\/en\/#\/schema\/logo\/image\/"}}]}},"rest_api_enabler":[],"_links":{"self":[{"href":"https:\/\/www.policlinicogemelli.it\/en\/wp-json\/wp\/v2\/news\/73835","targetHints":{"allow":["GET"]}}],"collection":[{"href":"https:\/\/www.policlinicogemelli.it\/en\/wp-json\/wp\/v2\/news"}],"about":[{"href":"https:\/\/www.policlinicogemelli.it\/en\/wp-json\/wp\/v2\/types\/kf_gem_news"}],"version-history":[{"count":1,"href":"https:\/\/www.policlinicogemelli.it\/en\/wp-json\/wp\/v2\/news\/73835\/revisions"}],"predecessor-version":[{"id":73837,"href":"https:\/\/www.policlinicogemelli.it\/en\/wp-json\/wp\/v2\/news\/73835\/revisions\/73837"}],"wp:featuredmedia":[{"embeddable":true,"href":"https:\/\/www.policlinicogemelli.it\/en\/wp-json\/wp\/v2\/media\/73834"}],"wp:attachment":[{"href":"https:\/\/www.policlinicogemelli.it\/en\/wp-json\/wp\/v2\/media?parent=73835"}],"wp:term":[{"taxonomy":"kf_gem_newscat","embeddable":true,"href":"https:\/\/www.policlinicogemelli.it\/en\/wp-json\/wp\/v2\/categorie?post=73835"}],"curies":[{"name":"wp","href":"https:\/\/api.w.org\/{rel}","templated":true}]}}