{"id":73821,"date":"2025-12-02T11:08:40","date_gmt":"2025-12-02T10:08:40","guid":{"rendered":"https:\/\/www.policlinicogemelli.it\/?post_type=kf_gem_news&#038;p=73821"},"modified":"2025-12-02T11:08:40","modified_gmt":"2025-12-02T10:08:40","slug":"la-notizia-si-fa-cura-il-premio-comunicatore-paolo-graldi-a-nicola-cerbino","status":"publish","type":"kf_gem_news","link":"https:\/\/www.policlinicogemelli.it\/en\/news-events\/la-notizia-si-fa-cura-il-premio-comunicatore-paolo-graldi-a-nicola-cerbino\/","title":{"rendered":"La notizia si fa cura: il Premio \u201cComunicatore\u201d Paolo Graldi a Nicola Cerbino"},"content":{"rendered":"\n<p>Il <strong>Premio Giornalistico <em>Paolo Graldi<\/em> <\/strong>guarda alla qualit\u00e0 dell\u2019informazione, ma anche a chi, dietro le quinte, ne custodisce ogni giorno il senso pi\u00f9 profondo: la dignit\u00e0 di ogni volto. In questa prospettiva si colloca il riconoscimento assegnato a <strong>Nicola Cerbino<\/strong>, direttore delle Relazioni Media e Stampa dell\u2019Universit\u00e0 Cattolica del Sacro Cuore e della Fondazione Policlinico Universitario Agostino Gemelli IRCCS, premiato nella sezione \u201cComunicatore\u201d della seconda edizione del Premio Giornalistico \u201cPaolo Graldi\u201d.<\/p>\n\n\n\n<p>La Giuria, presieduta da <strong>Gianni Letta<\/strong> e coordinata da <strong>Massimo Martinelli<\/strong>, ha selezionato i vincitori valorizzando figure che uniscono autorevolezza e competenza a una rara attitudine a leggere i dettagli degli eventi, dai fatti di cronaca alle grandi vicende globali. \u00c8 lo spirito che ha animato la stagione professionale di Paolo Graldi e che oggi viene riconosciuto nei diversi ambiti: dal giornalismo politico all\u2019inchiesta, dal giudiziario al racconto radiotelevisivo, fino al giornalismo scientifico, ai giovani under 35 e agli autori tv.<\/p>\n\n\n\n<p>In questo mosaico di competenze, il direttore delle Relazioni Media e Stampa dell\u2019Universit\u00e0 Cattolica e del Gemelli rappresenta la cifra di una comunicazione che non si limita a \u201crilanciare notizie\u201d, ma ad accompagnarle, filtrarle, umanizzarle.<\/p>\n\n\n\n<p>&nbsp;Da anni \u00e8 il punto di riferimento per i media e per i rapporti istituzionali dell\u2019Universit\u00e0 Cattolica e del Gemelli: coordina l\u2019ufficio stampa, segue quotidianamente l\u2019interlocuzione con giornalisti e redazioni, costruisce percorsi di comunicazione che tengono insieme ricerca, didattica e assistenza clinica, in un contesto \u2013 quello sanitario \u2013 dove ogni parola pesa quanto una scelta terapeutica.<\/p>\n\n\n\n<p>Il <strong>Premio \u201cComunicatore dell\u2019anno\u201d<\/strong> \u00e8 stato assegnato a Cerbino per la responsabilit\u00e0 con cui ha informato nelle situazioni di emergenza, per la sensibilit\u00e0 assunta come valore aggiunto nella comunicazione di crisi, per la capacit\u00e0 di trasmettere \u2013 anche nei momenti di maggiore tensione sociale \u2013 la presenza discreta ma reale delle istituzioni accanto alle persone pi\u00f9 esposte. A leggere le motivazioni \u00e8 stato il giornalista <strong>Maurizio Caprara<\/strong> che, richiamando la Carta di Perugia del 1995 sul rispetto del malato, ha sottolineato il carattere ineccepibile di Cerbino e la sua straordinaria dedizione.<\/p>\n\n\n\n<p>Alla domanda su come abbia gestito la comunicazione dall\u2019ospedale e dall\u2019universit\u00e0 nei momenti pi\u00f9 duri della pandemia da Covid-19, Cerbino ha anzitutto ringraziato la Giuria e ha riassunto il proprio metodo in alcuni passaggi chiave: innanzitutto il rispetto per le persone; poi l\u2019attenzione alla parola, ricordando che una parola pu\u00f2 creare panico o rassicurare; quindi il richiamo essenziale al rigore delle informazioni, alla necessit\u00e0 di aprirsi all\u2019ascolto dei pazienti e delle loro famiglie, di accogliere e farsi voce anche dei dubbi, offrendo strumenti per capire i problemi. E, non ultimo, l\u2019importanza del lavoro di squadra, evocata attraverso la metafora dell\u2019orchestra, fino a riprendere un passaggio del discorso della rettrice dell\u2019Universit\u00e0 Cattolica del Sacro Cuore <strong>Elena Beccalli<\/strong> all\u2019inaugurazione dell\u2019anno accademico a Milano: <em>\u201cCome in una sinfonia, non tutti sono solisti, ma ogni parte \u00e8 essenziale per la riuscita dell\u2019esecuzione. Nelle grandi orchestre ci sono musicisti che emergono con forza, altri che restano in sottofondo, ma tutti hanno un ruolo insostituibile e contribuiscono all\u2019armonia del suono e all\u2019equilibrio della melodia.\u201d<\/em><\/p>\n\n\n\n<p>La cerimonia di consegna dei premi si \u00e8 svolta venerd\u00ec 28 novembre 2025, alle 15.30, nella suggestiva cornice della Sala della Regina a Palazzo Montecitorio, a Roma. Un luogo emblematico per ricordare, nel segno di Paolo Graldi, che il giornalismo e la comunicazione non sono solo mestieri tecnici, ma responsabilit\u00e0 civili: strumenti attraverso i quali una comunit\u00e0 impara a leggersi dentro e a farsi carico delle proprie ferite pi\u00f9 esposte.<\/p>\n\n\n\n<p>Nel profilo di Nicola Cerbino, questo messaggio trova una sintesi efficace: la comunicazione non come semplice amplificazione di eventi, ma come spazio di mediazione e di tutela, in cui la voce delle istituzioni accademiche e sanitarie dialoga con quella dei cittadini e dove ogni dato, ogni annuncio, ogni storia clinica \u00e8 prima di tutto un incontro con un volto concreto.<br>\u00c8 forse il modo pi\u00f9 fedele per onorare la lezione di Paolo Graldi: raccontare il mondo senza smarrire l\u2019umano.<\/p>\n\n\n\n<p><strong><em>Angelo Palmieri<\/em><\/strong><\/p>\n\n\n\n<figure class=\"wp-block-image size-full\"><img loading=\"lazy\" decoding=\"async\" width=\"850\" height=\"495\" src=\"https:\/\/www.policlinicogemelli.it\/wp-content\/uploads\/2025\/12\/PremioGiornalistico1_news.png\" alt=\"\" class=\"wp-image-73826\" srcset=\"https:\/\/www.policlinicogemelli.it\/wp-content\/uploads\/2025\/12\/PremioGiornalistico1_news.png 850w, https:\/\/www.policlinicogemelli.it\/wp-content\/uploads\/2025\/12\/PremioGiornalistico1_news-300x175.png 300w, https:\/\/www.policlinicogemelli.it\/wp-content\/uploads\/2025\/12\/PremioGiornalistico1_news-768x447.png 768w, https:\/\/www.policlinicogemelli.it\/wp-content\/uploads\/2025\/12\/PremioGiornalistico1_news-350x205.png 350w, https:\/\/www.policlinicogemelli.it\/wp-content\/uploads\/2025\/12\/PremioGiornalistico1_news-400x233.png 400w\" sizes=\"auto, (max-width: 850px) 100vw, 850px\" \/><\/figure>\n","protected":false},"excerpt":{"rendered":"<p>Il Premio Giornalistico Paolo Graldi guarda alla qualit\u00e0 dell\u2019informazione, ma anche a chi, dietro le quinte, ne custodisce ogni giorno il senso pi\u00f9 profondo: la dignit\u00e0 di ogni volto. In questa prospettiva si colloca il riconoscimento assegnato a Nicola Cerbino, direttore delle Relazioni Media e Stampa dell\u2019Universit\u00e0 Cattolica del Sacro Cuore e della Fondazione Policlinico [&hellip;]<\/p>\n","protected":false},"featured_media":73829,"template":"","categorie":[93],"class_list":{"0":"post-73821","1":"kf_gem_news","2":"type-kf_gem_news","3":"status-publish","4":"has-post-thumbnail","6":"kf_gem_newscat-events","7":"entry"},"acf":[],"yoast_head":"<!-- This site is optimized with the Yoast SEO plugin v27.5 - https:\/\/yoast.com\/product\/yoast-seo-wordpress\/ -->\n<title>La notizia si fa cura: il Premio \u201cComunicatore\u201d Paolo Graldi a Nicola Cerbino - Policlinico Universitario A. Gemelli IRCCS<\/title>\n<meta name=\"robots\" content=\"index, follow, max-snippet:-1, max-image-preview:large, max-video-preview:-1\" \/>\n<link rel=\"canonical\" href=\"https:\/\/www.policlinicogemelli.it\/en\/news-events\/la-notizia-si-fa-cura-il-premio-comunicatore-paolo-graldi-a-nicola-cerbino\/\" \/>\n<meta property=\"og:locale\" content=\"en_US\" \/>\n<meta property=\"og:type\" content=\"article\" \/>\n<meta property=\"og:title\" content=\"La notizia si fa cura: il Premio \u201cComunicatore\u201d Paolo Graldi a Nicola Cerbino - Policlinico Universitario A. Gemelli IRCCS\" \/>\n<meta property=\"og:description\" content=\"Il Premio Giornalistico Paolo Graldi guarda alla qualit\u00e0 dell\u2019informazione, ma anche a chi, dietro le quinte, ne custodisce ogni giorno il senso pi\u00f9 profondo: la dignit\u00e0 di ogni volto. In questa prospettiva si colloca il riconoscimento assegnato a Nicola Cerbino, direttore delle Relazioni Media e Stampa dell\u2019Universit\u00e0 Cattolica del Sacro Cuore e della Fondazione Policlinico [&hellip;]\" \/>\n<meta property=\"og:url\" content=\"https:\/\/www.policlinicogemelli.it\/en\/news-events\/la-notizia-si-fa-cura-il-premio-comunicatore-paolo-graldi-a-nicola-cerbino\/\" \/>\n<meta property=\"og:site_name\" content=\"Policlinico Universitario Agostino Gemelli IRCCS\" \/>\n<meta property=\"og:image\" content=\"https:\/\/www.policlinicogemelli.it\/wp-content\/uploads\/2025\/12\/PremioGiornalistico1_news.png\" \/>\n\t<meta property=\"og:image:width\" content=\"850\" \/>\n\t<meta property=\"og:image:height\" content=\"495\" \/>\n\t<meta property=\"og:image:type\" content=\"image\/png\" \/>\n<meta name=\"twitter:card\" content=\"summary_large_image\" \/>\n<meta name=\"twitter:label1\" content=\"Est. reading time\" \/>\n\t<meta name=\"twitter:data1\" content=\"3 minutes\" \/>\n<script type=\"application\/ld+json\" class=\"yoast-schema-graph\">{\"@context\":\"https:\\\/\\\/schema.org\",\"@graph\":[{\"@type\":\"WebPage\",\"@id\":\"https:\\\/\\\/www.policlinicogemelli.it\\\/en\\\/news-events\\\/la-notizia-si-fa-cura-il-premio-comunicatore-paolo-graldi-a-nicola-cerbino\\\/\",\"url\":\"https:\\\/\\\/www.policlinicogemelli.it\\\/en\\\/news-events\\\/la-notizia-si-fa-cura-il-premio-comunicatore-paolo-graldi-a-nicola-cerbino\\\/\",\"name\":\"La notizia si fa cura: il Premio \u201cComunicatore\u201d Paolo Graldi a Nicola Cerbino - Policlinico Universitario A. Gemelli IRCCS\",\"isPartOf\":{\"@id\":\"https:\\\/\\\/www.policlinicogemelli.it\\\/en\\\/#website\"},\"primaryImageOfPage\":{\"@id\":\"https:\\\/\\\/www.policlinicogemelli.it\\\/en\\\/news-events\\\/la-notizia-si-fa-cura-il-premio-comunicatore-paolo-graldi-a-nicola-cerbino\\\/#primaryimage\"},\"image\":{\"@id\":\"https:\\\/\\\/www.policlinicogemelli.it\\\/en\\\/news-events\\\/la-notizia-si-fa-cura-il-premio-comunicatore-paolo-graldi-a-nicola-cerbino\\\/#primaryimage\"},\"thumbnailUrl\":\"https:\\\/\\\/www.policlinicogemelli.it\\\/wp-content\\\/uploads\\\/2025\\\/12\\\/PremioGiornalistico2_news.png\",\"datePublished\":\"2025-12-02T10:08:40+00:00\",\"breadcrumb\":{\"@id\":\"https:\\\/\\\/www.policlinicogemelli.it\\\/en\\\/news-events\\\/la-notizia-si-fa-cura-il-premio-comunicatore-paolo-graldi-a-nicola-cerbino\\\/#breadcrumb\"},\"inLanguage\":\"en-US\",\"potentialAction\":[{\"@type\":\"ReadAction\",\"target\":[\"https:\\\/\\\/www.policlinicogemelli.it\\\/en\\\/news-events\\\/la-notizia-si-fa-cura-il-premio-comunicatore-paolo-graldi-a-nicola-cerbino\\\/\"]}]},{\"@type\":\"ImageObject\",\"inLanguage\":\"en-US\",\"@id\":\"https:\\\/\\\/www.policlinicogemelli.it\\\/en\\\/news-events\\\/la-notizia-si-fa-cura-il-premio-comunicatore-paolo-graldi-a-nicola-cerbino\\\/#primaryimage\",\"url\":\"https:\\\/\\\/www.policlinicogemelli.it\\\/wp-content\\\/uploads\\\/2025\\\/12\\\/PremioGiornalistico2_news.png\",\"contentUrl\":\"https:\\\/\\\/www.policlinicogemelli.it\\\/wp-content\\\/uploads\\\/2025\\\/12\\\/PremioGiornalistico2_news.png\",\"width\":850,\"height\":495},{\"@type\":\"BreadcrumbList\",\"@id\":\"https:\\\/\\\/www.policlinicogemelli.it\\\/en\\\/news-events\\\/la-notizia-si-fa-cura-il-premio-comunicatore-paolo-graldi-a-nicola-cerbino\\\/#breadcrumb\",\"itemListElement\":[{\"@type\":\"ListItem\",\"position\":1,\"name\":\"Home\",\"item\":\"https:\\\/\\\/www.policlinicogemelli.it\\\/en\\\/\"},{\"@type\":\"ListItem\",\"position\":2,\"name\":\"News and Events\",\"item\":\"https:\\\/\\\/www.policlinicogemelli.it\\\/en\\\/news-events\\\/\"},{\"@type\":\"ListItem\",\"position\":3,\"name\":\"La notizia si fa cura: il Premio \u201cComunicatore\u201d Paolo Graldi a Nicola Cerbino\"}]},{\"@type\":\"WebSite\",\"@id\":\"https:\\\/\\\/www.policlinicogemelli.it\\\/en\\\/#website\",\"url\":\"https:\\\/\\\/www.policlinicogemelli.it\\\/en\\\/\",\"name\":\"Policlinico Universitario Agostino Gemelli IRCCS\",\"description\":\"Policlinico Universitario Agostino Gemelli IRCCS\",\"publisher\":{\"@id\":\"https:\\\/\\\/www.policlinicogemelli.it\\\/en\\\/#organization\"},\"potentialAction\":[{\"@type\":\"SearchAction\",\"target\":{\"@type\":\"EntryPoint\",\"urlTemplate\":\"https:\\\/\\\/www.policlinicogemelli.it\\\/en\\\/?s={search_term_string}\"},\"query-input\":{\"@type\":\"PropertyValueSpecification\",\"valueRequired\":true,\"valueName\":\"search_term_string\"}}],\"inLanguage\":\"en-US\"},{\"@type\":\"Organization\",\"@id\":\"https:\\\/\\\/www.policlinicogemelli.it\\\/en\\\/#organization\",\"name\":\"Policlinico Universitario Agostino Gemelli IRCCS\",\"url\":\"https:\\\/\\\/www.policlinicogemelli.it\\\/en\\\/\",\"logo\":{\"@type\":\"ImageObject\",\"inLanguage\":\"en-US\",\"@id\":\"https:\\\/\\\/www.policlinicogemelli.it\\\/en\\\/#\\\/schema\\\/logo\\\/image\\\/\",\"url\":\"https:\\\/\\\/www.policlinicogemelli.it\\\/wp-content\\\/uploads\\\/2019\\\/02\\\/logo-policlinico-gemelli-250-trasp-color-1.png\",\"contentUrl\":\"https:\\\/\\\/www.policlinicogemelli.it\\\/wp-content\\\/uploads\\\/2019\\\/02\\\/logo-policlinico-gemelli-250-trasp-color-1.png\",\"width\":250,\"height\":82,\"caption\":\"Policlinico Universitario Agostino Gemelli IRCCS\"},\"image\":{\"@id\":\"https:\\\/\\\/www.policlinicogemelli.it\\\/en\\\/#\\\/schema\\\/logo\\\/image\\\/\"}}]}<\/script>\n<!-- \/ Yoast SEO plugin. -->","yoast_head_json":{"title":"La notizia si fa cura: il Premio \u201cComunicatore\u201d Paolo Graldi a Nicola Cerbino - Policlinico Universitario A. Gemelli IRCCS","robots":{"index":"index","follow":"follow","max-snippet":"max-snippet:-1","max-image-preview":"max-image-preview:large","max-video-preview":"max-video-preview:-1"},"canonical":"https:\/\/www.policlinicogemelli.it\/en\/news-events\/la-notizia-si-fa-cura-il-premio-comunicatore-paolo-graldi-a-nicola-cerbino\/","og_locale":"en_US","og_type":"article","og_title":"La notizia si fa cura: il Premio \u201cComunicatore\u201d Paolo Graldi a Nicola Cerbino - Policlinico Universitario A. Gemelli IRCCS","og_description":"Il Premio Giornalistico Paolo Graldi guarda alla qualit\u00e0 dell\u2019informazione, ma anche a chi, dietro le quinte, ne custodisce ogni giorno il senso pi\u00f9 profondo: la dignit\u00e0 di ogni volto. In questa prospettiva si colloca il riconoscimento assegnato a Nicola Cerbino, direttore delle Relazioni Media e Stampa dell\u2019Universit\u00e0 Cattolica del Sacro Cuore e della Fondazione Policlinico [&hellip;]","og_url":"https:\/\/www.policlinicogemelli.it\/en\/news-events\/la-notizia-si-fa-cura-il-premio-comunicatore-paolo-graldi-a-nicola-cerbino\/","og_site_name":"Policlinico Universitario Agostino Gemelli IRCCS","og_image":[{"width":850,"height":495,"url":"https:\/\/www.policlinicogemelli.it\/wp-content\/uploads\/2025\/12\/PremioGiornalistico1_news.png","type":"image\/png"}],"twitter_card":"summary_large_image","twitter_misc":{"Est. reading time":"3 minutes"},"schema":{"@context":"https:\/\/schema.org","@graph":[{"@type":"WebPage","@id":"https:\/\/www.policlinicogemelli.it\/en\/news-events\/la-notizia-si-fa-cura-il-premio-comunicatore-paolo-graldi-a-nicola-cerbino\/","url":"https:\/\/www.policlinicogemelli.it\/en\/news-events\/la-notizia-si-fa-cura-il-premio-comunicatore-paolo-graldi-a-nicola-cerbino\/","name":"La notizia si fa cura: il Premio \u201cComunicatore\u201d Paolo Graldi a Nicola Cerbino - Policlinico Universitario A. Gemelli IRCCS","isPartOf":{"@id":"https:\/\/www.policlinicogemelli.it\/en\/#website"},"primaryImageOfPage":{"@id":"https:\/\/www.policlinicogemelli.it\/en\/news-events\/la-notizia-si-fa-cura-il-premio-comunicatore-paolo-graldi-a-nicola-cerbino\/#primaryimage"},"image":{"@id":"https:\/\/www.policlinicogemelli.it\/en\/news-events\/la-notizia-si-fa-cura-il-premio-comunicatore-paolo-graldi-a-nicola-cerbino\/#primaryimage"},"thumbnailUrl":"https:\/\/www.policlinicogemelli.it\/wp-content\/uploads\/2025\/12\/PremioGiornalistico2_news.png","datePublished":"2025-12-02T10:08:40+00:00","breadcrumb":{"@id":"https:\/\/www.policlinicogemelli.it\/en\/news-events\/la-notizia-si-fa-cura-il-premio-comunicatore-paolo-graldi-a-nicola-cerbino\/#breadcrumb"},"inLanguage":"en-US","potentialAction":[{"@type":"ReadAction","target":["https:\/\/www.policlinicogemelli.it\/en\/news-events\/la-notizia-si-fa-cura-il-premio-comunicatore-paolo-graldi-a-nicola-cerbino\/"]}]},{"@type":"ImageObject","inLanguage":"en-US","@id":"https:\/\/www.policlinicogemelli.it\/en\/news-events\/la-notizia-si-fa-cura-il-premio-comunicatore-paolo-graldi-a-nicola-cerbino\/#primaryimage","url":"https:\/\/www.policlinicogemelli.it\/wp-content\/uploads\/2025\/12\/PremioGiornalistico2_news.png","contentUrl":"https:\/\/www.policlinicogemelli.it\/wp-content\/uploads\/2025\/12\/PremioGiornalistico2_news.png","width":850,"height":495},{"@type":"BreadcrumbList","@id":"https:\/\/www.policlinicogemelli.it\/en\/news-events\/la-notizia-si-fa-cura-il-premio-comunicatore-paolo-graldi-a-nicola-cerbino\/#breadcrumb","itemListElement":[{"@type":"ListItem","position":1,"name":"Home","item":"https:\/\/www.policlinicogemelli.it\/en\/"},{"@type":"ListItem","position":2,"name":"News and Events","item":"https:\/\/www.policlinicogemelli.it\/en\/news-events\/"},{"@type":"ListItem","position":3,"name":"La notizia si fa cura: il Premio \u201cComunicatore\u201d Paolo Graldi a Nicola Cerbino"}]},{"@type":"WebSite","@id":"https:\/\/www.policlinicogemelli.it\/en\/#website","url":"https:\/\/www.policlinicogemelli.it\/en\/","name":"Policlinico Universitario Agostino Gemelli IRCCS","description":"Policlinico Universitario Agostino Gemelli IRCCS","publisher":{"@id":"https:\/\/www.policlinicogemelli.it\/en\/#organization"},"potentialAction":[{"@type":"SearchAction","target":{"@type":"EntryPoint","urlTemplate":"https:\/\/www.policlinicogemelli.it\/en\/?s={search_term_string}"},"query-input":{"@type":"PropertyValueSpecification","valueRequired":true,"valueName":"search_term_string"}}],"inLanguage":"en-US"},{"@type":"Organization","@id":"https:\/\/www.policlinicogemelli.it\/en\/#organization","name":"Policlinico Universitario Agostino Gemelli IRCCS","url":"https:\/\/www.policlinicogemelli.it\/en\/","logo":{"@type":"ImageObject","inLanguage":"en-US","@id":"https:\/\/www.policlinicogemelli.it\/en\/#\/schema\/logo\/image\/","url":"https:\/\/www.policlinicogemelli.it\/wp-content\/uploads\/2019\/02\/logo-policlinico-gemelli-250-trasp-color-1.png","contentUrl":"https:\/\/www.policlinicogemelli.it\/wp-content\/uploads\/2019\/02\/logo-policlinico-gemelli-250-trasp-color-1.png","width":250,"height":82,"caption":"Policlinico Universitario Agostino Gemelli IRCCS"},"image":{"@id":"https:\/\/www.policlinicogemelli.it\/en\/#\/schema\/logo\/image\/"}}]}},"rest_api_enabler":[],"_links":{"self":[{"href":"https:\/\/www.policlinicogemelli.it\/en\/wp-json\/wp\/v2\/news\/73821","targetHints":{"allow":["GET"]}}],"collection":[{"href":"https:\/\/www.policlinicogemelli.it\/en\/wp-json\/wp\/v2\/news"}],"about":[{"href":"https:\/\/www.policlinicogemelli.it\/en\/wp-json\/wp\/v2\/types\/kf_gem_news"}],"version-history":[{"count":2,"href":"https:\/\/www.policlinicogemelli.it\/en\/wp-json\/wp\/v2\/news\/73821\/revisions"}],"predecessor-version":[{"id":73831,"href":"https:\/\/www.policlinicogemelli.it\/en\/wp-json\/wp\/v2\/news\/73821\/revisions\/73831"}],"wp:featuredmedia":[{"embeddable":true,"href":"https:\/\/www.policlinicogemelli.it\/en\/wp-json\/wp\/v2\/media\/73829"}],"wp:attachment":[{"href":"https:\/\/www.policlinicogemelli.it\/en\/wp-json\/wp\/v2\/media?parent=73821"}],"wp:term":[{"taxonomy":"kf_gem_newscat","embeddable":true,"href":"https:\/\/www.policlinicogemelli.it\/en\/wp-json\/wp\/v2\/categorie?post=73821"}],"curies":[{"name":"wp","href":"https:\/\/api.w.org\/{rel}","templated":true}]}}