{"id":73766,"date":"2025-12-01T16:50:42","date_gmt":"2025-12-01T15:50:42","guid":{"rendered":"https:\/\/www.policlinicogemelli.it\/?post_type=kf_gem_news&#038;p=73766"},"modified":"2025-12-01T16:50:42","modified_gmt":"2025-12-01T15:50:42","slug":"al-gemelli-il-concerto-per-lavvento-e-la-presentazione-della-casa-dei-bambini","status":"publish","type":"kf_gem_news","link":"https:\/\/www.policlinicogemelli.it\/en\/news-events\/al-gemelli-il-concerto-per-lavvento-e-la-presentazione-della-casa-dei-bambini\/","title":{"rendered":"Al Gemelli il Concerto per l\u2019Avvento e la presentazione della \u201cCasa dei Bambini\u201d"},"content":{"rendered":"\n<p><em><strong>Musica, solidariet\u00e0 e un nuovo progetto di accoglienza per le famiglie dei piccoli pazienti, con il sostegno di 30 Ore per la Vita e Casa Ronald McDonald Italia<\/strong><\/em><\/p>\n\n\n\n<p>Una mattinata di musica, preghiera e solidariet\u00e0 ha aperto oggi, luned\u00ec 1\u00b0 dicembre 2025, il tempo di Avvento al Policlinico Universitario A. Gemelli IRCCS, intrecciando l\u2019ingresso nel cammino verso il Natale con l\u2019annuncio della futura \u201cCasa dei Bambini \u2013 Trenta Ore per la Vita\u201d, realt\u00e0 di accoglienza dedicata alle famiglie dei piccoli pazienti, pensata in sintonia con il Giubileo della Speranza.<\/p>\n\n\n\n<p>Nella Hall San Giovanni Paolo II si \u00e8 svolta la Giornata per l\u2019Avvento, promossa dall\u2019Istituto Giuseppe Toniolo di Studi Superiori, dall\u2019Universit\u00e0 Cattolica del Sacro Cuore e dalla Fondazione Policlinico Universitario Agostino Gemelli IRCCS. Il grande atrio del Policlinico ha accolto il Concerto per l\u2019Avvento della Fanfara della Polizia di Stato, momento di vicinanza e conforto per chi cura e per chi \u00e8 curato, presentato e condotto da <strong>Paola Perego<\/strong>, che ha accompagnato i diversi passaggi della mattinata, dando voce a ospiti e testimonianze.<\/p>\n\n\n\n<p>Dopo un breve saluto introduttivo, la Giornata \u00e8 entrata nel vivo con la benedizione del Presepe e la preghiera di Avvento, presiedute da <strong>S.E. mons. Claudio Giuliodori<\/strong>, assistente ecclesiastico generale dell\u2019Universit\u00e0 Cattolica. Attorno al Presepe, icona discreta della Nativit\u00e0 attesa, la comunit\u00e0 del Gemelli \u2013 pazienti, medici, infermieri, personale tecnico e amministrativo \u2013 si \u00e8 raccolta in un gesto semplice e denso, quasi a ricordare che anche in ospedale il Natale \u00e8, prima di tutto, custodia del volto fragile di chi soffre.<\/p>\n\n\n\n<p>Mons. Giuliodori ha richiamato il senso dell\u2019Avvento come tempo di attesa vigile e di speranza concreta, in cui \u00abil Verbo continua a farsi carne nelle situazioni di ogni giorno\u00bb, e ha sottolineato che il Natale al Gemelli \u00ab\u00e8 tutte le volte che si accoglie la vita e si tiene accesa la speranza, senza lasciarsi vincere dalle tenebre\u00bb. Un pensiero particolare \u00e8 andato <strong>alle oltre quaranta associazioni di volontariato che operano accanto al Policlinico<\/strong> e alla futura Casa dei Bambini, ricordando anche la parola esigente del Vangelo: \u00abSe non diventerete come bambini, non entrerete nel Regno dei cieli\u00bb.<\/p>\n\n\n\n<p>Subito dopo, il taglio del nastro del Villaggio della Solidariet\u00e0, cui hanno preso parte <strong>Simona Renata Baldassarre<\/strong>, Assessore Cultura, Pari Opportunit\u00e0, Politiche giovanili e della Famiglia, Servizio civile della Regione Lazio, <strong>Mariano Angelucci<\/strong>, Presidente Commissione XII &#8211; Turismo, Moda e Relazioni Internazionali del Comune di Roma, ha aperto i mercatini allestiti dalle associazioni di volontariato che affiancano ogni giorno il Gemelli e l\u2019Universit\u00e0 Cattolica. Nei numerosi stand, i volontari offrono prodotti solidali e raccontato progetti di sostegno ai nuclei familiari, iniziative educative e percorsi di prossimit\u00e0: un piccolo \u201cvillaggio\u201d dove la cura si fa anche gesto quotidiano, incontro, relazione. Il Villaggio rester\u00e0 aperto fino a Natale.<\/p>\n\n\n\n<p>All\u2019evento ha partecipato il Prefetto di Roma<strong> Lamberto Giannini<\/strong>.<\/p>\n\n\n\n<p><strong>Il prof. Giuseppe Fioroni<\/strong>, vicepresidente dell\u2019Istituto Giuseppe Toniolo di Studi Superiori, ha portato il saluto dell\u2019Istituto e della rettrice dell\u2019Universit\u00e0 Cattolica, <strong>prof.ssa Elena Beccalli<\/strong>, <strong>dando voce al suo messaggio<\/strong> in cui si richiama come la missione comune di universit\u00e0 e ospedale sia quella di una \u201ccomunit\u00e0 educante\u201d, capace di tenere insieme formazione, ricerca, cura e attenzione agli ultimi, con l\u2019obiettivo di rilanciare sempre pi\u00f9 il tema della solidariet\u00e0.<\/p>\n\n\n\n<p>Nel suo intervento Fioroni ha citato anche don Tonino Bello, evocando l\u2019Avvento come tempo di attesa \u201cin terra e in cielo\u201d, e ha ricordato le parole dell\u2019arcivescovo di Milano sulla necessit\u00e0 di non cedere alla percezione del declino del pensiero cristiano, ma di rilanciare \u2013 soprattutto tra i giovani \u2013 una fede capace di pensiero, responsabilit\u00e0 e prossimit\u00e0. In questa linea, ha sottolineato, la \u201cCasa dei Bambini\u201d si pone come segno concreto di una realt\u00e0 che non accetta che i poveri e i malati siano \u201cgli ultimi della fila\u201d, ma li riconosce come primi destinatari di cura e attenzione.<\/p>\n\n\n\n<p>Il <strong>prof. Alessandro Sgambato<\/strong>, preside della Facolt\u00e0 di Medicina e Chirurgia dell\u2019Universit\u00e0 Cattolica, ha richiamato il cuore della missione affidata al Gemelli: \u00abLa cura \u00e8 il fondamento della nostra quotidianit\u00e0 \u2013 ha ricordato \u2013 e, in fondo, ogni percorso di cura \u00e8 un Avvento, un tempo di attesa e di speranza, anche quando l\u2019esito non \u00e8 quello che desidereremmo\u00bb.<\/p>\n\n\n\n<p>Il <strong>dott. Daniele Piacentini<\/strong>, direttore generale della Fondazione Policlinico Universitario Agostino Gemelli IRCCS, ha messo in luce l\u2019impegno dell\u2019ospedale nel coniugare eccellenza clinica e qualit\u00e0 dell\u2019accoglienza: in una sanit\u00e0 sempre pi\u00f9 complessa, ha affermato, \u00abc\u2019\u00e8 sempre spazio per costruire attesa e speranza, per fare del Gemelli una comunit\u00e0 ampia, in cui ciascuno mette a disposizione il massimo della propria professionalit\u00e0 per restituire all\u2019assistenza un volto autenticamente umano\u00bb. L\u2019Avvento \u00e8 stato cos\u00ec letto come tempo favorevole per ridare alla sanit\u00e0 un profilo di prossimit\u00e0, ascolto e responsabilit\u00e0 condivisa.<\/p>\n\n\n\n<p>Cuore della mattinata \u00e8 stata la presentazione della \u201cCasa dei Bambini \u2013 Trenta Ore per la Vita\u201d, pensata come segno giubilare di speranza e avviata grazie alla collaborazione tra l\u2019Istituto Toniolo (che ha messo a disposizione il terreno), l\u2019Associazione 30 Ore per la Vita e Casa Ronald McDonald Italia, con un progetto curato dall\u2019Ufficio Tecnico del Gemelli.<\/p>\n\n\n\n<p>Il <strong>prof. Eugenio Maria Mercuri<\/strong>, direttore del Dipartimento di Scienze della salute della donna, del bambino e di sanit\u00e0 pubblica del Policlinico Gemelli, ha illustrato le finalit\u00e0 cliniche e assistenziali dell\u2019iniziativa, ricordando che molte delle patologie pediatriche seguite \u2013 spesso rare e complesse \u2013 sono caratterizzate da cronicit\u00e0, alta compromissione funzionale e ripetuti ricoveri. Quasi il 70% dei bambini con disabilit\u00e0 in carico al Gemelli proviene da fuori regione: famiglie costrette a lunghi periodi lontano da casa, tra costi, fatiche logistiche e isolamento. \u00abQuesta nuova struttura \u2013 ha spiegato \u2013 nasce non solo per le famiglie, ma con le famiglie, mettendo al centro le loro difficolt\u00e0 e i loro desideri: un luogo di reale condivisione, dove poter continuare a lavorare in smart working, in un ambiente domotico che semplifichi la vita dei bambini con disabilit\u00e0 e consenta di non spezzare i legami e la quotidianit\u00e0\u00bb. Un ringraziamento particolare \u00e8 andato all\u2019Istituto Toniolo, al Fondo Carit\u00e0 e a quanti, nella comunicazione e nelle strutture del Gemelli, hanno contribuito a rendere possibile questo percorso, tessendo alleanze e sinergie.<\/p>\n\n\n\n<p>Il <strong>fondatore di 30 Ore per la Vita, Silvio Capitta Testi<\/strong>, ha ripercorso il legame costruito nel tempo con l\u2019ospedale, ricordando come l\u2019associazione sia nata proprio per sostenere minori costretti a lunghi periodi di cura lontano da casa. I progetti avviati hanno gi\u00e0 permesso l\u2019accoglienza di decine di migliaia di persone: \u00abNon sono numeri \u2013 ha sottolineato \u2013 ma storie, volti, famiglie che cercano di non sentirsi sole\u00bb. La scelta di finanziare la realizzazione della \u201cCasa dei Bambini\u201d nasce dalla condivisione di una stessa visione: mettere la dimensione umana e familiare al centro dei percorsi di cura.<\/p>\n\n\n\n<p>A sua volta, <strong>Maria Chiara Roti<\/strong>, direttrice generale di Casa Ronald McDonald Italia, ha illustrato il modello di accoglienza delle Case Ronald, fondato sulla logica del <em>family centered care<\/em>: prendersi cura della famiglia per prendersi davvero cura del bambino. Ha ricordato come, in una citt\u00e0 come Roma, il costo della permanenza possa diventare insostenibile e rischiare di impoverire ulteriormente i nuclei pi\u00f9 fragili: \u00abLa famiglia di un bambino malato \u2013 ha sottolineato \u2013 non dovrebbe mai essere costretta a scegliere tra la presenza accanto al figlio e la sostenibilit\u00e0 economica del proprio quotidiano\u00bb. La futura Casa dei Bambini, in questa prospettiva, sar\u00e0 un luogo dove la cura prende il volto di una casa: spazi condivisi, servizi dedicati, una comunit\u00e0 di prossimit\u00e0 che accompagna i tempi lunghi della terapia.<\/p>\n\n\n\n<p>Le conclusioni della presentazione sono state affidate nuovamente a Monsignor Giuliodori che ha collocato la Casa dei Bambini all\u2019interno del cammino giubilare come segno concreto di Vangelo: una casa che nasce per i pi\u00f9 piccoli e per chi li accompagna, come risposta ecclesiale e civile alla domanda di speranza delle famiglie.<\/p>\n\n\n\n<p>La Giornata \u00e8 stata impreziosita dal Concerto per l\u2019Avvento con la Fanfara della Polizia di Stato, diretta dal maestro Massimiliano Profili, con la partecipazione del soprano Martina Paciotti. Dopo un brano introduttivo, l\u2019ouverture dall\u2019opera <em>La gazza ladra<\/em> di Gioachino Rossini, la Fanfara ha offerto un repertorio che ha intrecciato pagine della tradizione natalizia, musica sacra e brani della grande tradizione bandistica italiana, trasformando l\u2019atrio del Gemelli in uno spazio di festa condivisa, dove la musica \u00e8 diventata linguaggio di consolazione e prossimit\u00e0.<\/p>\n\n\n\n<p><strong><em>Angelo Palmieri<\/em><\/strong><\/p>\n\n\n\n<figure class=\"wp-block-coblocks-gallery-masonry masonry-grid has-medium-gutter\">\n<figure class=\"wp-block-image size-large\"><img loading=\"lazy\" decoding=\"async\" width=\"2500\" height=\"1667\" src=\"https:\/\/www.policlinicogemelli.it\/wp-content\/uploads\/2025\/12\/013-Giornata-per-l-Avvento_2245-1.jpg\" alt=\"Image gallery image\" class=\"wp-image-73787\" srcset=\"https:\/\/www.policlinicogemelli.it\/wp-content\/uploads\/2025\/12\/013-Giornata-per-l-Avvento_2245-1.jpg 2500w, https:\/\/www.policlinicogemelli.it\/wp-content\/uploads\/2025\/12\/013-Giornata-per-l-Avvento_2245-1-300x200.jpg 300w, https:\/\/www.policlinicogemelli.it\/wp-content\/uploads\/2025\/12\/013-Giornata-per-l-Avvento_2245-1-1024x683.jpg 1024w, https:\/\/www.policlinicogemelli.it\/wp-content\/uploads\/2025\/12\/013-Giornata-per-l-Avvento_2245-1-768x512.jpg 768w, https:\/\/www.policlinicogemelli.it\/wp-content\/uploads\/2025\/12\/013-Giornata-per-l-Avvento_2245-1-1536x1024.jpg 1536w, https:\/\/www.policlinicogemelli.it\/wp-content\/uploads\/2025\/12\/013-Giornata-per-l-Avvento_2245-1-2048x1366.jpg 2048w, https:\/\/www.policlinicogemelli.it\/wp-content\/uploads\/2025\/12\/013-Giornata-per-l-Avvento_2245-1-742x495.jpg 742w, https:\/\/www.policlinicogemelli.it\/wp-content\/uploads\/2025\/12\/013-Giornata-per-l-Avvento_2245-1-307x205.jpg 307w, https:\/\/www.policlinicogemelli.it\/wp-content\/uploads\/2025\/12\/013-Giornata-per-l-Avvento_2245-1-600x400.jpg 600w, https:\/\/www.policlinicogemelli.it\/wp-content\/uploads\/2025\/12\/013-Giornata-per-l-Avvento_2245-1-400x267.jpg 400w\" sizes=\"auto, (max-width: 2500px) 100vw, 2500px\" \/><\/figure>\n\n\n\n<figure class=\"wp-block-image size-large\"><img loading=\"lazy\" decoding=\"async\" width=\"2500\" height=\"1667\" src=\"https:\/\/www.policlinicogemelli.it\/wp-content\/uploads\/2025\/12\/007-Giornata-per-l-Avvento_1841-1.jpg\" alt=\"Image gallery image\" class=\"wp-image-73781\" srcset=\"https:\/\/www.policlinicogemelli.it\/wp-content\/uploads\/2025\/12\/007-Giornata-per-l-Avvento_1841-1.jpg 2500w, https:\/\/www.policlinicogemelli.it\/wp-content\/uploads\/2025\/12\/007-Giornata-per-l-Avvento_1841-1-300x200.jpg 300w, https:\/\/www.policlinicogemelli.it\/wp-content\/uploads\/2025\/12\/007-Giornata-per-l-Avvento_1841-1-1024x683.jpg 1024w, https:\/\/www.policlinicogemelli.it\/wp-content\/uploads\/2025\/12\/007-Giornata-per-l-Avvento_1841-1-768x512.jpg 768w, https:\/\/www.policlinicogemelli.it\/wp-content\/uploads\/2025\/12\/007-Giornata-per-l-Avvento_1841-1-1536x1024.jpg 1536w, https:\/\/www.policlinicogemelli.it\/wp-content\/uploads\/2025\/12\/007-Giornata-per-l-Avvento_1841-1-2048x1366.jpg 2048w, https:\/\/www.policlinicogemelli.it\/wp-content\/uploads\/2025\/12\/007-Giornata-per-l-Avvento_1841-1-742x495.jpg 742w, https:\/\/www.policlinicogemelli.it\/wp-content\/uploads\/2025\/12\/007-Giornata-per-l-Avvento_1841-1-307x205.jpg 307w, https:\/\/www.policlinicogemelli.it\/wp-content\/uploads\/2025\/12\/007-Giornata-per-l-Avvento_1841-1-600x400.jpg 600w, https:\/\/www.policlinicogemelli.it\/wp-content\/uploads\/2025\/12\/007-Giornata-per-l-Avvento_1841-1-400x267.jpg 400w\" sizes=\"auto, (max-width: 2500px) 100vw, 2500px\" \/><\/figure>\n\n\n\n<figure class=\"wp-block-image size-large\"><img loading=\"lazy\" decoding=\"async\" width=\"2500\" height=\"1667\" src=\"https:\/\/www.policlinicogemelli.it\/wp-content\/uploads\/2025\/12\/015-Giornata-per-l-Avvento_2321.jpg\" alt=\"Image gallery image\" class=\"wp-image-73789\" srcset=\"https:\/\/www.policlinicogemelli.it\/wp-content\/uploads\/2025\/12\/015-Giornata-per-l-Avvento_2321.jpg 2500w, https:\/\/www.policlinicogemelli.it\/wp-content\/uploads\/2025\/12\/015-Giornata-per-l-Avvento_2321-300x200.jpg 300w, https:\/\/www.policlinicogemelli.it\/wp-content\/uploads\/2025\/12\/015-Giornata-per-l-Avvento_2321-1024x683.jpg 1024w, https:\/\/www.policlinicogemelli.it\/wp-content\/uploads\/2025\/12\/015-Giornata-per-l-Avvento_2321-768x512.jpg 768w, https:\/\/www.policlinicogemelli.it\/wp-content\/uploads\/2025\/12\/015-Giornata-per-l-Avvento_2321-1536x1024.jpg 1536w, https:\/\/www.policlinicogemelli.it\/wp-content\/uploads\/2025\/12\/015-Giornata-per-l-Avvento_2321-2048x1366.jpg 2048w, https:\/\/www.policlinicogemelli.it\/wp-content\/uploads\/2025\/12\/015-Giornata-per-l-Avvento_2321-742x495.jpg 742w, https:\/\/www.policlinicogemelli.it\/wp-content\/uploads\/2025\/12\/015-Giornata-per-l-Avvento_2321-307x205.jpg 307w, https:\/\/www.policlinicogemelli.it\/wp-content\/uploads\/2025\/12\/015-Giornata-per-l-Avvento_2321-600x400.jpg 600w, https:\/\/www.policlinicogemelli.it\/wp-content\/uploads\/2025\/12\/015-Giornata-per-l-Avvento_2321-400x267.jpg 400w\" sizes=\"auto, (max-width: 2500px) 100vw, 2500px\" \/><\/figure>\n\n\n\n<figure class=\"wp-block-image size-large\"><img loading=\"lazy\" decoding=\"async\" width=\"2500\" height=\"1667\" src=\"https:\/\/www.policlinicogemelli.it\/wp-content\/uploads\/2025\/12\/029-Giornata-per-l-Avvento_2646.jpg\" alt=\"Image gallery image\" class=\"wp-image-73799\" srcset=\"https:\/\/www.policlinicogemelli.it\/wp-content\/uploads\/2025\/12\/029-Giornata-per-l-Avvento_2646.jpg 2500w, https:\/\/www.policlinicogemelli.it\/wp-content\/uploads\/2025\/12\/029-Giornata-per-l-Avvento_2646-300x200.jpg 300w, https:\/\/www.policlinicogemelli.it\/wp-content\/uploads\/2025\/12\/029-Giornata-per-l-Avvento_2646-1024x683.jpg 1024w, https:\/\/www.policlinicogemelli.it\/wp-content\/uploads\/2025\/12\/029-Giornata-per-l-Avvento_2646-768x512.jpg 768w, https:\/\/www.policlinicogemelli.it\/wp-content\/uploads\/2025\/12\/029-Giornata-per-l-Avvento_2646-1536x1024.jpg 1536w, https:\/\/www.policlinicogemelli.it\/wp-content\/uploads\/2025\/12\/029-Giornata-per-l-Avvento_2646-2048x1366.jpg 2048w, https:\/\/www.policlinicogemelli.it\/wp-content\/uploads\/2025\/12\/029-Giornata-per-l-Avvento_2646-742x495.jpg 742w, https:\/\/www.policlinicogemelli.it\/wp-content\/uploads\/2025\/12\/029-Giornata-per-l-Avvento_2646-307x205.jpg 307w, https:\/\/www.policlinicogemelli.it\/wp-content\/uploads\/2025\/12\/029-Giornata-per-l-Avvento_2646-600x400.jpg 600w, https:\/\/www.policlinicogemelli.it\/wp-content\/uploads\/2025\/12\/029-Giornata-per-l-Avvento_2646-400x267.jpg 400w\" sizes=\"auto, (max-width: 2500px) 100vw, 2500px\" \/><\/figure>\n\n\n\n<figure class=\"wp-block-image size-large\"><img loading=\"lazy\" decoding=\"async\" width=\"2500\" height=\"1667\" src=\"https:\/\/www.policlinicogemelli.it\/wp-content\/uploads\/2025\/12\/027-Giornata-per-l-Avvento_2623.jpg\" alt=\"Image gallery image\" class=\"wp-image-73797\" srcset=\"https:\/\/www.policlinicogemelli.it\/wp-content\/uploads\/2025\/12\/027-Giornata-per-l-Avvento_2623.jpg 2500w, https:\/\/www.policlinicogemelli.it\/wp-content\/uploads\/2025\/12\/027-Giornata-per-l-Avvento_2623-300x200.jpg 300w, https:\/\/www.policlinicogemelli.it\/wp-content\/uploads\/2025\/12\/027-Giornata-per-l-Avvento_2623-1024x683.jpg 1024w, https:\/\/www.policlinicogemelli.it\/wp-content\/uploads\/2025\/12\/027-Giornata-per-l-Avvento_2623-768x512.jpg 768w, https:\/\/www.policlinicogemelli.it\/wp-content\/uploads\/2025\/12\/027-Giornata-per-l-Avvento_2623-1536x1024.jpg 1536w, https:\/\/www.policlinicogemelli.it\/wp-content\/uploads\/2025\/12\/027-Giornata-per-l-Avvento_2623-2048x1366.jpg 2048w, https:\/\/www.policlinicogemelli.it\/wp-content\/uploads\/2025\/12\/027-Giornata-per-l-Avvento_2623-742x495.jpg 742w, https:\/\/www.policlinicogemelli.it\/wp-content\/uploads\/2025\/12\/027-Giornata-per-l-Avvento_2623-307x205.jpg 307w, https:\/\/www.policlinicogemelli.it\/wp-content\/uploads\/2025\/12\/027-Giornata-per-l-Avvento_2623-600x400.jpg 600w, https:\/\/www.policlinicogemelli.it\/wp-content\/uploads\/2025\/12\/027-Giornata-per-l-Avvento_2623-400x267.jpg 400w\" sizes=\"auto, (max-width: 2500px) 100vw, 2500px\" \/><\/figure>\n\n\n\n<figure class=\"wp-block-image size-large\"><img loading=\"lazy\" decoding=\"async\" width=\"2500\" height=\"1667\" src=\"https:\/\/www.policlinicogemelli.it\/wp-content\/uploads\/2025\/12\/022-Giornata-per-l-Avvento_2488.jpg\" alt=\"Image gallery image\" class=\"wp-image-73791\" srcset=\"https:\/\/www.policlinicogemelli.it\/wp-content\/uploads\/2025\/12\/022-Giornata-per-l-Avvento_2488.jpg 2500w, https:\/\/www.policlinicogemelli.it\/wp-content\/uploads\/2025\/12\/022-Giornata-per-l-Avvento_2488-300x200.jpg 300w, https:\/\/www.policlinicogemelli.it\/wp-content\/uploads\/2025\/12\/022-Giornata-per-l-Avvento_2488-1024x683.jpg 1024w, https:\/\/www.policlinicogemelli.it\/wp-content\/uploads\/2025\/12\/022-Giornata-per-l-Avvento_2488-768x512.jpg 768w, https:\/\/www.policlinicogemelli.it\/wp-content\/uploads\/2025\/12\/022-Giornata-per-l-Avvento_2488-1536x1024.jpg 1536w, https:\/\/www.policlinicogemelli.it\/wp-content\/uploads\/2025\/12\/022-Giornata-per-l-Avvento_2488-2048x1366.jpg 2048w, https:\/\/www.policlinicogemelli.it\/wp-content\/uploads\/2025\/12\/022-Giornata-per-l-Avvento_2488-742x495.jpg 742w, https:\/\/www.policlinicogemelli.it\/wp-content\/uploads\/2025\/12\/022-Giornata-per-l-Avvento_2488-307x205.jpg 307w, https:\/\/www.policlinicogemelli.it\/wp-content\/uploads\/2025\/12\/022-Giornata-per-l-Avvento_2488-600x400.jpg 600w, https:\/\/www.policlinicogemelli.it\/wp-content\/uploads\/2025\/12\/022-Giornata-per-l-Avvento_2488-400x267.jpg 400w\" sizes=\"auto, (max-width: 2500px) 100vw, 2500px\" \/><\/figure>\n\n\n\n<figure class=\"wp-block-image size-large\"><img loading=\"lazy\" decoding=\"async\" width=\"2500\" height=\"1667\" src=\"https:\/\/www.policlinicogemelli.it\/wp-content\/uploads\/2025\/12\/025-Giornata-per-l-Avvento_2575.jpg\" alt=\"Image gallery image\" class=\"wp-image-73793\" srcset=\"https:\/\/www.policlinicogemelli.it\/wp-content\/uploads\/2025\/12\/025-Giornata-per-l-Avvento_2575.jpg 2500w, https:\/\/www.policlinicogemelli.it\/wp-content\/uploads\/2025\/12\/025-Giornata-per-l-Avvento_2575-300x200.jpg 300w, https:\/\/www.policlinicogemelli.it\/wp-content\/uploads\/2025\/12\/025-Giornata-per-l-Avvento_2575-1024x683.jpg 1024w, https:\/\/www.policlinicogemelli.it\/wp-content\/uploads\/2025\/12\/025-Giornata-per-l-Avvento_2575-768x512.jpg 768w, https:\/\/www.policlinicogemelli.it\/wp-content\/uploads\/2025\/12\/025-Giornata-per-l-Avvento_2575-1536x1024.jpg 1536w, https:\/\/www.policlinicogemelli.it\/wp-content\/uploads\/2025\/12\/025-Giornata-per-l-Avvento_2575-2048x1366.jpg 2048w, https:\/\/www.policlinicogemelli.it\/wp-content\/uploads\/2025\/12\/025-Giornata-per-l-Avvento_2575-742x495.jpg 742w, https:\/\/www.policlinicogemelli.it\/wp-content\/uploads\/2025\/12\/025-Giornata-per-l-Avvento_2575-307x205.jpg 307w, https:\/\/www.policlinicogemelli.it\/wp-content\/uploads\/2025\/12\/025-Giornata-per-l-Avvento_2575-600x400.jpg 600w, https:\/\/www.policlinicogemelli.it\/wp-content\/uploads\/2025\/12\/025-Giornata-per-l-Avvento_2575-400x267.jpg 400w\" sizes=\"auto, (max-width: 2500px) 100vw, 2500px\" \/><\/figure>\n\n\n\n<figure class=\"wp-block-image size-large\"><img loading=\"lazy\" decoding=\"async\" width=\"2500\" height=\"1667\" src=\"https:\/\/www.policlinicogemelli.it\/wp-content\/uploads\/2025\/12\/034-FOTO-A7402838.jpg\" alt=\"Image gallery image\" class=\"wp-image-73803\" srcset=\"https:\/\/www.policlinicogemelli.it\/wp-content\/uploads\/2025\/12\/034-FOTO-A7402838.jpg 2500w, https:\/\/www.policlinicogemelli.it\/wp-content\/uploads\/2025\/12\/034-FOTO-A7402838-300x200.jpg 300w, https:\/\/www.policlinicogemelli.it\/wp-content\/uploads\/2025\/12\/034-FOTO-A7402838-1024x683.jpg 1024w, https:\/\/www.policlinicogemelli.it\/wp-content\/uploads\/2025\/12\/034-FOTO-A7402838-768x512.jpg 768w, https:\/\/www.policlinicogemelli.it\/wp-content\/uploads\/2025\/12\/034-FOTO-A7402838-1536x1024.jpg 1536w, https:\/\/www.policlinicogemelli.it\/wp-content\/uploads\/2025\/12\/034-FOTO-A7402838-2048x1366.jpg 2048w, https:\/\/www.policlinicogemelli.it\/wp-content\/uploads\/2025\/12\/034-FOTO-A7402838-742x495.jpg 742w, https:\/\/www.policlinicogemelli.it\/wp-content\/uploads\/2025\/12\/034-FOTO-A7402838-307x205.jpg 307w, https:\/\/www.policlinicogemelli.it\/wp-content\/uploads\/2025\/12\/034-FOTO-A7402838-600x400.jpg 600w, https:\/\/www.policlinicogemelli.it\/wp-content\/uploads\/2025\/12\/034-FOTO-A7402838-400x267.jpg 400w\" sizes=\"auto, (max-width: 2500px) 100vw, 2500px\" \/><\/figure>\n\n\n\n<figure class=\"wp-block-image size-large\"><img loading=\"lazy\" decoding=\"async\" width=\"2500\" height=\"1667\" src=\"https:\/\/www.policlinicogemelli.it\/wp-content\/uploads\/2025\/12\/012-Giornata-per-l-Avvento_2146-1.jpg\" alt=\"Image gallery image\" class=\"wp-image-73785\" srcset=\"https:\/\/www.policlinicogemelli.it\/wp-content\/uploads\/2025\/12\/012-Giornata-per-l-Avvento_2146-1.jpg 2500w, https:\/\/www.policlinicogemelli.it\/wp-content\/uploads\/2025\/12\/012-Giornata-per-l-Avvento_2146-1-300x200.jpg 300w, https:\/\/www.policlinicogemelli.it\/wp-content\/uploads\/2025\/12\/012-Giornata-per-l-Avvento_2146-1-1024x683.jpg 1024w, https:\/\/www.policlinicogemelli.it\/wp-content\/uploads\/2025\/12\/012-Giornata-per-l-Avvento_2146-1-768x512.jpg 768w, https:\/\/www.policlinicogemelli.it\/wp-content\/uploads\/2025\/12\/012-Giornata-per-l-Avvento_2146-1-1536x1024.jpg 1536w, https:\/\/www.policlinicogemelli.it\/wp-content\/uploads\/2025\/12\/012-Giornata-per-l-Avvento_2146-1-2048x1366.jpg 2048w, https:\/\/www.policlinicogemelli.it\/wp-content\/uploads\/2025\/12\/012-Giornata-per-l-Avvento_2146-1-742x495.jpg 742w, https:\/\/www.policlinicogemelli.it\/wp-content\/uploads\/2025\/12\/012-Giornata-per-l-Avvento_2146-1-307x205.jpg 307w, https:\/\/www.policlinicogemelli.it\/wp-content\/uploads\/2025\/12\/012-Giornata-per-l-Avvento_2146-1-600x400.jpg 600w, https:\/\/www.policlinicogemelli.it\/wp-content\/uploads\/2025\/12\/012-Giornata-per-l-Avvento_2146-1-400x267.jpg 400w\" sizes=\"auto, (max-width: 2500px) 100vw, 2500px\" \/><\/figure>\n\n\n\n<figure class=\"wp-block-image size-large\"><img loading=\"lazy\" decoding=\"async\" width=\"2500\" height=\"1667\" src=\"https:\/\/www.policlinicogemelli.it\/wp-content\/uploads\/2025\/12\/001-Giornata-per-l-Avvento_1426-1.jpg\" alt=\"Image gallery image\" class=\"wp-image-73779\" srcset=\"https:\/\/www.policlinicogemelli.it\/wp-content\/uploads\/2025\/12\/001-Giornata-per-l-Avvento_1426-1.jpg 2500w, https:\/\/www.policlinicogemelli.it\/wp-content\/uploads\/2025\/12\/001-Giornata-per-l-Avvento_1426-1-300x200.jpg 300w, https:\/\/www.policlinicogemelli.it\/wp-content\/uploads\/2025\/12\/001-Giornata-per-l-Avvento_1426-1-1024x683.jpg 1024w, https:\/\/www.policlinicogemelli.it\/wp-content\/uploads\/2025\/12\/001-Giornata-per-l-Avvento_1426-1-768x512.jpg 768w, https:\/\/www.policlinicogemelli.it\/wp-content\/uploads\/2025\/12\/001-Giornata-per-l-Avvento_1426-1-1536x1024.jpg 1536w, https:\/\/www.policlinicogemelli.it\/wp-content\/uploads\/2025\/12\/001-Giornata-per-l-Avvento_1426-1-2048x1366.jpg 2048w, https:\/\/www.policlinicogemelli.it\/wp-content\/uploads\/2025\/12\/001-Giornata-per-l-Avvento_1426-1-742x495.jpg 742w, https:\/\/www.policlinicogemelli.it\/wp-content\/uploads\/2025\/12\/001-Giornata-per-l-Avvento_1426-1-307x205.jpg 307w, https:\/\/www.policlinicogemelli.it\/wp-content\/uploads\/2025\/12\/001-Giornata-per-l-Avvento_1426-1-600x400.jpg 600w, https:\/\/www.policlinicogemelli.it\/wp-content\/uploads\/2025\/12\/001-Giornata-per-l-Avvento_1426-1-400x267.jpg 400w\" sizes=\"auto, (max-width: 2500px) 100vw, 2500px\" \/><\/figure>\n\n\n\n<figure class=\"wp-block-image size-large\"><img loading=\"lazy\" decoding=\"async\" width=\"2500\" height=\"1667\" src=\"https:\/\/www.policlinicogemelli.it\/wp-content\/uploads\/2025\/12\/032-Giornata-per-l-Avvento_2830.jpg\" alt=\"Image gallery image\" class=\"wp-image-73801\" srcset=\"https:\/\/www.policlinicogemelli.it\/wp-content\/uploads\/2025\/12\/032-Giornata-per-l-Avvento_2830.jpg 2500w, https:\/\/www.policlinicogemelli.it\/wp-content\/uploads\/2025\/12\/032-Giornata-per-l-Avvento_2830-300x200.jpg 300w, https:\/\/www.policlinicogemelli.it\/wp-content\/uploads\/2025\/12\/032-Giornata-per-l-Avvento_2830-1024x683.jpg 1024w, https:\/\/www.policlinicogemelli.it\/wp-content\/uploads\/2025\/12\/032-Giornata-per-l-Avvento_2830-768x512.jpg 768w, https:\/\/www.policlinicogemelli.it\/wp-content\/uploads\/2025\/12\/032-Giornata-per-l-Avvento_2830-1536x1024.jpg 1536w, https:\/\/www.policlinicogemelli.it\/wp-content\/uploads\/2025\/12\/032-Giornata-per-l-Avvento_2830-2048x1366.jpg 2048w, https:\/\/www.policlinicogemelli.it\/wp-content\/uploads\/2025\/12\/032-Giornata-per-l-Avvento_2830-742x495.jpg 742w, https:\/\/www.policlinicogemelli.it\/wp-content\/uploads\/2025\/12\/032-Giornata-per-l-Avvento_2830-307x205.jpg 307w, https:\/\/www.policlinicogemelli.it\/wp-content\/uploads\/2025\/12\/032-Giornata-per-l-Avvento_2830-600x400.jpg 600w, https:\/\/www.policlinicogemelli.it\/wp-content\/uploads\/2025\/12\/032-Giornata-per-l-Avvento_2830-400x267.jpg 400w\" sizes=\"auto, (max-width: 2500px) 100vw, 2500px\" \/><\/figure>\n\n\n\n<figure class=\"wp-block-image size-large\"><img loading=\"lazy\" decoding=\"async\" width=\"2500\" height=\"1667\" src=\"https:\/\/www.policlinicogemelli.it\/wp-content\/uploads\/2025\/12\/026-Giornata-per-l-Avvento_2617.jpg\" alt=\"Image gallery image\" class=\"wp-image-73795\" srcset=\"https:\/\/www.policlinicogemelli.it\/wp-content\/uploads\/2025\/12\/026-Giornata-per-l-Avvento_2617.jpg 2500w, https:\/\/www.policlinicogemelli.it\/wp-content\/uploads\/2025\/12\/026-Giornata-per-l-Avvento_2617-300x200.jpg 300w, https:\/\/www.policlinicogemelli.it\/wp-content\/uploads\/2025\/12\/026-Giornata-per-l-Avvento_2617-1024x683.jpg 1024w, https:\/\/www.policlinicogemelli.it\/wp-content\/uploads\/2025\/12\/026-Giornata-per-l-Avvento_2617-768x512.jpg 768w, https:\/\/www.policlinicogemelli.it\/wp-content\/uploads\/2025\/12\/026-Giornata-per-l-Avvento_2617-1536x1024.jpg 1536w, https:\/\/www.policlinicogemelli.it\/wp-content\/uploads\/2025\/12\/026-Giornata-per-l-Avvento_2617-2048x1366.jpg 2048w, https:\/\/www.policlinicogemelli.it\/wp-content\/uploads\/2025\/12\/026-Giornata-per-l-Avvento_2617-742x495.jpg 742w, https:\/\/www.policlinicogemelli.it\/wp-content\/uploads\/2025\/12\/026-Giornata-per-l-Avvento_2617-307x205.jpg 307w, https:\/\/www.policlinicogemelli.it\/wp-content\/uploads\/2025\/12\/026-Giornata-per-l-Avvento_2617-600x400.jpg 600w, https:\/\/www.policlinicogemelli.it\/wp-content\/uploads\/2025\/12\/026-Giornata-per-l-Avvento_2617-400x267.jpg 400w\" sizes=\"auto, (max-width: 2500px) 100vw, 2500px\" \/><\/figure>\n<\/figure>\n","protected":false},"excerpt":{"rendered":"<p>Musica, solidariet\u00e0 e un nuovo progetto di accoglienza per le famiglie dei piccoli pazienti, con il sostegno di 30 Ore per la Vita e Casa Ronald McDonald Italia Una mattinata di musica, preghiera e solidariet\u00e0 ha aperto oggi, luned\u00ec 1\u00b0 dicembre 2025, il tempo di Avvento al Policlinico Universitario A. Gemelli IRCCS, intrecciando l\u2019ingresso nel [&hellip;]<\/p>\n","protected":false},"featured_media":73765,"template":"","categorie":[96],"class_list":{"0":"post-73766","1":"kf_gem_news","2":"type-kf_gem_news","3":"status-publish","4":"has-post-thumbnail","6":"kf_gem_newscat-institutional-information","7":"entry"},"acf":[],"yoast_head":"<!-- This site is optimized with the Yoast SEO plugin v27.5 - https:\/\/yoast.com\/product\/yoast-seo-wordpress\/ -->\n<title>Al Gemelli il Concerto per l\u2019Avvento e la presentazione della \u201cCasa dei Bambini\u201d - Policlinico Universitario A. Gemelli IRCCS<\/title>\n<meta name=\"robots\" content=\"index, follow, max-snippet:-1, max-image-preview:large, max-video-preview:-1\" \/>\n<link rel=\"canonical\" href=\"https:\/\/www.policlinicogemelli.it\/en\/news-events\/al-gemelli-il-concerto-per-lavvento-e-la-presentazione-della-casa-dei-bambini\/\" \/>\n<meta property=\"og:locale\" content=\"en_US\" \/>\n<meta property=\"og:type\" content=\"article\" \/>\n<meta property=\"og:title\" content=\"Al Gemelli il Concerto per l\u2019Avvento e la presentazione della \u201cCasa dei Bambini\u201d - Policlinico Universitario A. Gemelli IRCCS\" \/>\n<meta property=\"og:description\" content=\"Musica, solidariet\u00e0 e un nuovo progetto di accoglienza per le famiglie dei piccoli pazienti, con il sostegno di 30 Ore per la Vita e Casa Ronald McDonald Italia Una mattinata di musica, preghiera e solidariet\u00e0 ha aperto oggi, luned\u00ec 1\u00b0 dicembre 2025, il tempo di Avvento al Policlinico Universitario A. Gemelli IRCCS, intrecciando l\u2019ingresso nel [&hellip;]\" \/>\n<meta property=\"og:url\" content=\"https:\/\/www.policlinicogemelli.it\/en\/news-events\/al-gemelli-il-concerto-per-lavvento-e-la-presentazione-della-casa-dei-bambini\/\" \/>\n<meta property=\"og:site_name\" content=\"Policlinico Universitario Agostino Gemelli IRCCS\" \/>\n<meta property=\"og:image\" content=\"https:\/\/www.policlinicogemelli.it\/wp-content\/uploads\/2025\/12\/008-Giornata-per-l-Avvento_1976-1024x683.jpg\" \/>\n\t<meta property=\"og:image:width\" content=\"1024\" \/>\n\t<meta property=\"og:image:height\" content=\"683\" \/>\n\t<meta property=\"og:image:type\" content=\"image\/jpeg\" \/>\n<meta name=\"twitter:card\" content=\"summary_large_image\" \/>\n<meta name=\"twitter:label1\" content=\"Est. reading time\" \/>\n\t<meta name=\"twitter:data1\" content=\"7 minutes\" \/>\n<script type=\"application\/ld+json\" class=\"yoast-schema-graph\">{\"@context\":\"https:\\\/\\\/schema.org\",\"@graph\":[{\"@type\":\"WebPage\",\"@id\":\"https:\\\/\\\/www.policlinicogemelli.it\\\/en\\\/news-events\\\/al-gemelli-il-concerto-per-lavvento-e-la-presentazione-della-casa-dei-bambini\\\/\",\"url\":\"https:\\\/\\\/www.policlinicogemelli.it\\\/en\\\/news-events\\\/al-gemelli-il-concerto-per-lavvento-e-la-presentazione-della-casa-dei-bambini\\\/\",\"name\":\"Al Gemelli il Concerto per l\u2019Avvento e la presentazione della \u201cCasa dei Bambini\u201d - Policlinico Universitario A. Gemelli IRCCS\",\"isPartOf\":{\"@id\":\"https:\\\/\\\/www.policlinicogemelli.it\\\/en\\\/#website\"},\"primaryImageOfPage\":{\"@id\":\"https:\\\/\\\/www.policlinicogemelli.it\\\/en\\\/news-events\\\/al-gemelli-il-concerto-per-lavvento-e-la-presentazione-della-casa-dei-bambini\\\/#primaryimage\"},\"image\":{\"@id\":\"https:\\\/\\\/www.policlinicogemelli.it\\\/en\\\/news-events\\\/al-gemelli-il-concerto-per-lavvento-e-la-presentazione-della-casa-dei-bambini\\\/#primaryimage\"},\"thumbnailUrl\":\"https:\\\/\\\/www.policlinicogemelli.it\\\/wp-content\\\/uploads\\\/2025\\\/12\\\/008-Giornata-per-l-Avvento_1976.jpg\",\"datePublished\":\"2025-12-01T15:50:42+00:00\",\"breadcrumb\":{\"@id\":\"https:\\\/\\\/www.policlinicogemelli.it\\\/en\\\/news-events\\\/al-gemelli-il-concerto-per-lavvento-e-la-presentazione-della-casa-dei-bambini\\\/#breadcrumb\"},\"inLanguage\":\"en-US\",\"potentialAction\":[{\"@type\":\"ReadAction\",\"target\":[\"https:\\\/\\\/www.policlinicogemelli.it\\\/en\\\/news-events\\\/al-gemelli-il-concerto-per-lavvento-e-la-presentazione-della-casa-dei-bambini\\\/\"]}]},{\"@type\":\"ImageObject\",\"inLanguage\":\"en-US\",\"@id\":\"https:\\\/\\\/www.policlinicogemelli.it\\\/en\\\/news-events\\\/al-gemelli-il-concerto-per-lavvento-e-la-presentazione-della-casa-dei-bambini\\\/#primaryimage\",\"url\":\"https:\\\/\\\/www.policlinicogemelli.it\\\/wp-content\\\/uploads\\\/2025\\\/12\\\/008-Giornata-per-l-Avvento_1976.jpg\",\"contentUrl\":\"https:\\\/\\\/www.policlinicogemelli.it\\\/wp-content\\\/uploads\\\/2025\\\/12\\\/008-Giornata-per-l-Avvento_1976.jpg\",\"width\":2500,\"height\":1667},{\"@type\":\"BreadcrumbList\",\"@id\":\"https:\\\/\\\/www.policlinicogemelli.it\\\/en\\\/news-events\\\/al-gemelli-il-concerto-per-lavvento-e-la-presentazione-della-casa-dei-bambini\\\/#breadcrumb\",\"itemListElement\":[{\"@type\":\"ListItem\",\"position\":1,\"name\":\"Home\",\"item\":\"https:\\\/\\\/www.policlinicogemelli.it\\\/en\\\/\"},{\"@type\":\"ListItem\",\"position\":2,\"name\":\"News and Events\",\"item\":\"https:\\\/\\\/www.policlinicogemelli.it\\\/en\\\/news-events\\\/\"},{\"@type\":\"ListItem\",\"position\":3,\"name\":\"Al Gemelli il Concerto per l\u2019Avvento e la presentazione della \u201cCasa dei Bambini\u201d\"}]},{\"@type\":\"WebSite\",\"@id\":\"https:\\\/\\\/www.policlinicogemelli.it\\\/en\\\/#website\",\"url\":\"https:\\\/\\\/www.policlinicogemelli.it\\\/en\\\/\",\"name\":\"Policlinico Universitario Agostino Gemelli IRCCS\",\"description\":\"Policlinico Universitario Agostino Gemelli IRCCS\",\"publisher\":{\"@id\":\"https:\\\/\\\/www.policlinicogemelli.it\\\/en\\\/#organization\"},\"potentialAction\":[{\"@type\":\"SearchAction\",\"target\":{\"@type\":\"EntryPoint\",\"urlTemplate\":\"https:\\\/\\\/www.policlinicogemelli.it\\\/en\\\/?s={search_term_string}\"},\"query-input\":{\"@type\":\"PropertyValueSpecification\",\"valueRequired\":true,\"valueName\":\"search_term_string\"}}],\"inLanguage\":\"en-US\"},{\"@type\":\"Organization\",\"@id\":\"https:\\\/\\\/www.policlinicogemelli.it\\\/en\\\/#organization\",\"name\":\"Policlinico Universitario Agostino Gemelli IRCCS\",\"url\":\"https:\\\/\\\/www.policlinicogemelli.it\\\/en\\\/\",\"logo\":{\"@type\":\"ImageObject\",\"inLanguage\":\"en-US\",\"@id\":\"https:\\\/\\\/www.policlinicogemelli.it\\\/en\\\/#\\\/schema\\\/logo\\\/image\\\/\",\"url\":\"https:\\\/\\\/www.policlinicogemelli.it\\\/wp-content\\\/uploads\\\/2019\\\/02\\\/logo-policlinico-gemelli-250-trasp-color-1.png\",\"contentUrl\":\"https:\\\/\\\/www.policlinicogemelli.it\\\/wp-content\\\/uploads\\\/2019\\\/02\\\/logo-policlinico-gemelli-250-trasp-color-1.png\",\"width\":250,\"height\":82,\"caption\":\"Policlinico Universitario Agostino Gemelli IRCCS\"},\"image\":{\"@id\":\"https:\\\/\\\/www.policlinicogemelli.it\\\/en\\\/#\\\/schema\\\/logo\\\/image\\\/\"}}]}<\/script>\n<!-- \/ Yoast SEO plugin. -->","yoast_head_json":{"title":"Al Gemelli il Concerto per l\u2019Avvento e la presentazione della \u201cCasa dei Bambini\u201d - Policlinico Universitario A. Gemelli IRCCS","robots":{"index":"index","follow":"follow","max-snippet":"max-snippet:-1","max-image-preview":"max-image-preview:large","max-video-preview":"max-video-preview:-1"},"canonical":"https:\/\/www.policlinicogemelli.it\/en\/news-events\/al-gemelli-il-concerto-per-lavvento-e-la-presentazione-della-casa-dei-bambini\/","og_locale":"en_US","og_type":"article","og_title":"Al Gemelli il Concerto per l\u2019Avvento e la presentazione della \u201cCasa dei Bambini\u201d - Policlinico Universitario A. Gemelli IRCCS","og_description":"Musica, solidariet\u00e0 e un nuovo progetto di accoglienza per le famiglie dei piccoli pazienti, con il sostegno di 30 Ore per la Vita e Casa Ronald McDonald Italia Una mattinata di musica, preghiera e solidariet\u00e0 ha aperto oggi, luned\u00ec 1\u00b0 dicembre 2025, il tempo di Avvento al Policlinico Universitario A. Gemelli IRCCS, intrecciando l\u2019ingresso nel [&hellip;]","og_url":"https:\/\/www.policlinicogemelli.it\/en\/news-events\/al-gemelli-il-concerto-per-lavvento-e-la-presentazione-della-casa-dei-bambini\/","og_site_name":"Policlinico Universitario Agostino Gemelli IRCCS","og_image":[{"width":1024,"height":683,"url":"https:\/\/www.policlinicogemelli.it\/wp-content\/uploads\/2025\/12\/008-Giornata-per-l-Avvento_1976-1024x683.jpg","type":"image\/jpeg"}],"twitter_card":"summary_large_image","twitter_misc":{"Est. reading time":"7 minutes"},"schema":{"@context":"https:\/\/schema.org","@graph":[{"@type":"WebPage","@id":"https:\/\/www.policlinicogemelli.it\/en\/news-events\/al-gemelli-il-concerto-per-lavvento-e-la-presentazione-della-casa-dei-bambini\/","url":"https:\/\/www.policlinicogemelli.it\/en\/news-events\/al-gemelli-il-concerto-per-lavvento-e-la-presentazione-della-casa-dei-bambini\/","name":"Al Gemelli il Concerto per l\u2019Avvento e la presentazione della \u201cCasa dei Bambini\u201d - Policlinico Universitario A. Gemelli IRCCS","isPartOf":{"@id":"https:\/\/www.policlinicogemelli.it\/en\/#website"},"primaryImageOfPage":{"@id":"https:\/\/www.policlinicogemelli.it\/en\/news-events\/al-gemelli-il-concerto-per-lavvento-e-la-presentazione-della-casa-dei-bambini\/#primaryimage"},"image":{"@id":"https:\/\/www.policlinicogemelli.it\/en\/news-events\/al-gemelli-il-concerto-per-lavvento-e-la-presentazione-della-casa-dei-bambini\/#primaryimage"},"thumbnailUrl":"https:\/\/www.policlinicogemelli.it\/wp-content\/uploads\/2025\/12\/008-Giornata-per-l-Avvento_1976.jpg","datePublished":"2025-12-01T15:50:42+00:00","breadcrumb":{"@id":"https:\/\/www.policlinicogemelli.it\/en\/news-events\/al-gemelli-il-concerto-per-lavvento-e-la-presentazione-della-casa-dei-bambini\/#breadcrumb"},"inLanguage":"en-US","potentialAction":[{"@type":"ReadAction","target":["https:\/\/www.policlinicogemelli.it\/en\/news-events\/al-gemelli-il-concerto-per-lavvento-e-la-presentazione-della-casa-dei-bambini\/"]}]},{"@type":"ImageObject","inLanguage":"en-US","@id":"https:\/\/www.policlinicogemelli.it\/en\/news-events\/al-gemelli-il-concerto-per-lavvento-e-la-presentazione-della-casa-dei-bambini\/#primaryimage","url":"https:\/\/www.policlinicogemelli.it\/wp-content\/uploads\/2025\/12\/008-Giornata-per-l-Avvento_1976.jpg","contentUrl":"https:\/\/www.policlinicogemelli.it\/wp-content\/uploads\/2025\/12\/008-Giornata-per-l-Avvento_1976.jpg","width":2500,"height":1667},{"@type":"BreadcrumbList","@id":"https:\/\/www.policlinicogemelli.it\/en\/news-events\/al-gemelli-il-concerto-per-lavvento-e-la-presentazione-della-casa-dei-bambini\/#breadcrumb","itemListElement":[{"@type":"ListItem","position":1,"name":"Home","item":"https:\/\/www.policlinicogemelli.it\/en\/"},{"@type":"ListItem","position":2,"name":"News and Events","item":"https:\/\/www.policlinicogemelli.it\/en\/news-events\/"},{"@type":"ListItem","position":3,"name":"Al Gemelli il Concerto per l\u2019Avvento e la presentazione della \u201cCasa dei Bambini\u201d"}]},{"@type":"WebSite","@id":"https:\/\/www.policlinicogemelli.it\/en\/#website","url":"https:\/\/www.policlinicogemelli.it\/en\/","name":"Policlinico Universitario Agostino Gemelli IRCCS","description":"Policlinico Universitario Agostino Gemelli IRCCS","publisher":{"@id":"https:\/\/www.policlinicogemelli.it\/en\/#organization"},"potentialAction":[{"@type":"SearchAction","target":{"@type":"EntryPoint","urlTemplate":"https:\/\/www.policlinicogemelli.it\/en\/?s={search_term_string}"},"query-input":{"@type":"PropertyValueSpecification","valueRequired":true,"valueName":"search_term_string"}}],"inLanguage":"en-US"},{"@type":"Organization","@id":"https:\/\/www.policlinicogemelli.it\/en\/#organization","name":"Policlinico Universitario Agostino Gemelli IRCCS","url":"https:\/\/www.policlinicogemelli.it\/en\/","logo":{"@type":"ImageObject","inLanguage":"en-US","@id":"https:\/\/www.policlinicogemelli.it\/en\/#\/schema\/logo\/image\/","url":"https:\/\/www.policlinicogemelli.it\/wp-content\/uploads\/2019\/02\/logo-policlinico-gemelli-250-trasp-color-1.png","contentUrl":"https:\/\/www.policlinicogemelli.it\/wp-content\/uploads\/2019\/02\/logo-policlinico-gemelli-250-trasp-color-1.png","width":250,"height":82,"caption":"Policlinico Universitario Agostino Gemelli IRCCS"},"image":{"@id":"https:\/\/www.policlinicogemelli.it\/en\/#\/schema\/logo\/image\/"}}]}},"rest_api_enabler":[],"_links":{"self":[{"href":"https:\/\/www.policlinicogemelli.it\/en\/wp-json\/wp\/v2\/news\/73766","targetHints":{"allow":["GET"]}}],"collection":[{"href":"https:\/\/www.policlinicogemelli.it\/en\/wp-json\/wp\/v2\/news"}],"about":[{"href":"https:\/\/www.policlinicogemelli.it\/en\/wp-json\/wp\/v2\/types\/kf_gem_news"}],"version-history":[{"count":2,"href":"https:\/\/www.policlinicogemelli.it\/en\/wp-json\/wp\/v2\/news\/73766\/revisions"}],"predecessor-version":[{"id":73807,"href":"https:\/\/www.policlinicogemelli.it\/en\/wp-json\/wp\/v2\/news\/73766\/revisions\/73807"}],"wp:featuredmedia":[{"embeddable":true,"href":"https:\/\/www.policlinicogemelli.it\/en\/wp-json\/wp\/v2\/media\/73765"}],"wp:attachment":[{"href":"https:\/\/www.policlinicogemelli.it\/en\/wp-json\/wp\/v2\/media?parent=73766"}],"wp:term":[{"taxonomy":"kf_gem_newscat","embeddable":true,"href":"https:\/\/www.policlinicogemelli.it\/en\/wp-json\/wp\/v2\/categorie?post=73766"}],"curies":[{"name":"wp","href":"https:\/\/api.w.org\/{rel}","templated":true}]}}