{"id":73025,"date":"2025-10-17T16:49:44","date_gmt":"2025-10-17T15:49:44","guid":{"rendered":"https:\/\/www.policlinicogemelli.it\/news-eventi\/art4mind-nuovo-modello-di-cura-psichiatrica-attraverso-luso-di-arte-e-cultura\/"},"modified":"2025-10-17T16:49:49","modified_gmt":"2025-10-17T15:49:49","slug":"art4mind-nuovo-modello-di-cura-psichiatrica-attraverso-luso-di-arte-e-cultura","status":"publish","type":"kf_gem_news","link":"https:\/\/www.policlinicogemelli.it\/en\/news-events\/art4mind-nuovo-modello-di-cura-psichiatrica-attraverso-luso-di-arte-e-cultura\/","title":{"rendered":"ART4MIND, nuovo modello di cura psichiatrica attraverso l\u2019uso di arte e cultura"},"content":{"rendered":"\n<p><strong><em>Al via il progetto nato dalla collaborazione tra Unhate Foundation e Fondazione Policlinico Gemelli come strumento di terapia integrata<\/em><\/strong> <strong><em>che prevede l\u2019attivazione di laboratori creativi e \u201cartisti in residenza\u201d presso il reparto di day-hospital della UOC di Psichiatria del Policlinico Gemelli, per studiare insieme a medici e pazienti processi di cura dove la bellezza \u00e8 strumento terapeutico integrato.<\/em><\/strong> <strong><em>L\u2019obiettivo \u00e8 sviluppare un nuovo protocollo scientifico e poi estendere l\u2019esperienza di <\/em>ART4MIND<em> in altri reparti psichiatrici in Italia e all\u2019estero.<\/em><\/strong><\/p>\n\n\n\n<p>\u00c8 stato firmato oggi un Accordo di Collaborazione con cui <strong>Unhate Foundation,<\/strong> realt\u00e0 sostenuta da <strong>Edizione, Mundys e Aeroporti di Roma,<\/strong> supporter\u00e0 il progetto <strong>ART4MIND<\/strong><strong> <\/strong>della <strong>Fondazione Policlinico Universitario Agostino Gemelli IRCCS, con il patrocinio della Regione Lazio<\/strong>.<\/p>\n\n\n\n<p>Migliorare il benessere dei pazienti psichiatrici del Policlinico Gemelli e facilitarne al massimo le relazioni sociali: \u00e8 questo il primo obiettivo di <strong>ART4MIND<\/strong><strong>,<\/strong> iniziativa che nasce dall\u2019incontro del <strong>Prof. Gabriele Sani<\/strong>, direttore della UOC di Psichiatria del Policlinico Gemelli a Roma con <strong>Unhate Foundation<\/strong>, realt\u00e0 fortemente impegnata nel contrasto all\u2019odio e al disagio sociale tra i giovani \u201cunder 30\u201d, attraverso l\u2019arte e lo sport. <strong>ART4MIND<\/strong><strong> <\/strong>prevede la realizzazione di una piattaforma innovativa che integra medicina, cultura, arte, scienza dei dati e tecnologie digitali per dar vita a un nuovo modello per la cura del disagio mentale che verr\u00e0 sperimentato per la prima volta <strong>nel reparto di day-hospital della UOC di Psichiatria<\/strong> <strong>del Policlinico Gemelli<\/strong>.<\/p>\n\n\n\n<p><strong>ART4MIND<\/strong><strong> <\/strong>vuol essere cos\u00ec una risposta innovativa al malessere mentale che sta diventando un&#8217;emergenza silenziosa tra i giovani italiani. <strong>Oltre il 42% dei ragazzi<\/strong> tra i 18 e i 34 anni ha dichiarato di aver sofferto di ansia e depressione, fenomeni correlati al crescente isolamento sociale e alla difficolt\u00e0 nelle relazioni (<em>Rapporto ISTAT, 2024<\/em>). Depressione, disturbi della percezione del s\u00e9, disturbi d&#8217;ansia, disturbo ossessivo-compulsivo e schizofrenia colpiscono sempre pi\u00f9 frequentemente i giovani sotto i 30 anni, in particolare le donne o i NEET (le persone che non lavorano e non studiano).<\/p>\n\n\n\n<p><strong>Artisti under 30<\/strong> avranno l&#8217;opportunit\u00e0 di trascorrere periodi di residenza nel <strong>reparto di<\/strong> <strong>day-hospital della UOC di Psichiatria del Policlinico<\/strong>, per intervistare medici e operatori e cogliere tutta la complessit\u00e0 di cosa significa prendersi cura della sofferenza psichica. Artisti, scrittori, poeti potranno cos\u00ec ideare le opere all\u2019interno degli stessi spazi e realizzare laboratori creativi con i pazienti. La convinzione di fondo, supportata da studi scientifici preliminari (<em>Health Evidence Network, synthesis report 67 \u2013 WHO 2019<\/em>), \u00e8 potente e rivoluzionaria: la bellezza \u00e8 curativa.<\/p>\n\n\n\n<p>L\u2019obiettivo \u00e8 dar vita a un processo di cura che nutre l&#8217;anima, concependolo secondo i principi dell\u2019<strong><em>Arts in Health<\/em><\/strong>, e cio\u00e8 dell\u2019impiego di arte e cultura come strumenti di terapia integrata.<\/p>\n\n\n\n<p>Ogni fase di <strong>ART4MIND<\/strong> sar\u00e0 monitorata e documentata per fini di ricerca scientifica, con l\u2019obiettivo di <strong>sistematizzare il modello <\/strong><strong>ART4MIND<\/strong><strong> <\/strong>e <strong>renderlo replicabile<\/strong>. L\u2019auspicio \u00e8 di estendere questo nuovo approccio dall\u2019Unit\u00e0 di Psichiatria del Gemelli a strutture ospedaliere in altri territori, in collaborazione con Enti e Istituzioni interessate.<\/p>\n\n\n\n<p>Il team artistico organizzato da <strong>Unhate Foundation, <\/strong>che ha gi\u00e0 iniziato ad affiancare l\u2019equipe del <strong>Prof. Sani,<\/strong> \u00e8 composto da professionalit\u00e0 diverse e multidisciplinari: il curatore di 21ART e del progetto <strong>Cesare Biasini Selvaggi<\/strong>; l\u2019artista <strong>Alfredo Pirri<\/strong>, i giovani <strong>Giuseppe Matera e Mario Rossi<\/strong>, il <strong>\u201cPoeta della Serra\u201d,<\/strong> la designer <strong>Sara Bologna<\/strong>.<\/p>\n\n\n\n<p><em>\u201cProgetti come ART4MIND incarnano perfettamente la missione della Fondazione Gemelli: mettere la persona al centro e promuovere percorsi di cura innovativi che uniscono scienza, cultura e solidariet\u00e0,\u201d dichiara <strong>Daniele Franco<\/strong>, Presidente della Fondazione Policlinico Gemelli.<\/em><\/p>\n\n\n\n<p><em>\u201cLa collaborazione con Unhate Foundation \u00e8 un esempio virtuoso di come mondi apparentemente distanti \u2013 quello della ricerca clinica e quello della creativit\u00e0 \u2013 possano convergere su un obiettivo comune: migliorare la qualit\u00e0 della vita dei pazienti e generare valore sociale. \u00c8 un modello di partenariato che intendiamo sostenere e far crescere, perch\u00e9 crediamo che la salute passi anche attraverso la bellezza e la partecipazione.\u201d<\/em><\/p>\n\n\n\n<p>\u201c<em>\u00c8 per noi un onore e una grande sfida lavorare assieme alla Fondazione Policlinico Gemelli nello sviluppo di <\/em><strong>ART4MIND<\/strong><em>\u201d,<\/em> commenta <strong>Alessandro Benetton<\/strong>, Ideatore e Presidente di Unhate Foundation. <em>\u201cSi tratta di un progetto che rappresenta perfettamente la nostra visione: trasformare le fratture in opportunit\u00e0, percorrendo nuove strade e sperimentando metodi innovativi. In un momento storico in cui la salute mentale \u00e8 ancora stigmatizzata, specialmente tra i giovani, con questa iniziativa intendiamo mettere in sinergia competenze di mondi diversi per far crescere un nuovo modello di cura e ricerca di frontiera e rispondere alla nostra missione di sanare le ferite sociali che alimentano il disagio, l\u2019isolamento e, di conseguenza, anche l\u2019odio\u201d.<\/em><\/p>\n\n\n\n<p><em>\u201cUnhate Foundation, che abbiamo rilanciato meno di un anno fa, \u00e8 gi\u00e0 impegnata su diversi fronti, dal contrasto all\u2019abbandono scolastico alla&nbsp;creazione di opportunit\u00e0 per la pratica dello sport nelle periferie. Passo dopo passo vogliamo portare il nostro metodo basato sulla discontinuit\u00e0 anche nel campo sociale, cercando alleanze e facendo cose concrete per affrontare problemi concreti\u201d.<\/em><\/p>\n\n\n\n<p><em><br>&#8220;ART4MIND \u00e8 un progetto che unisce arte, medicina e innovazione per rispondere a una delle sfide pi\u00f9 urgenti del nostro tempo: la salute mentale dei giovani \u2013<\/em> dichiara <strong>Francesco Rocca<\/strong>, Presidente della Regione Lazio &#8211; <em>La Regione Lazio \u00e8 da sempre vicina alle iniziative che promuovono il benessere psicologico e l\u2019inclusione sociale, e in questo progetto vediamo una concreta opportunit\u00e0 di innovare il modello di cura, mettendo al centro la persona e il potere trasformativo della bellezza. \u00c8 questa la direzione in cui vogliamo andare: curare non solo il corpo, ma anche l\u2019anima\u201d.<\/em><\/p>\n\n\n\n<p><em>\u201cART4MIND \u00e8 una dimostrazione concreta di come l\u2019innovazione nasca dall\u2019incontro tra competenze diverse e visioni complementari,\u201d afferma <strong>Daniele Piacentini<\/strong>, Direttore Generale della Fondazione Policlinico A. Gemelli IRCCS.<\/em><\/p>\n\n\n\n<p><em>\u201cQuesto progetto rafforza il ruolo del Gemelli come laboratorio di ricerca e sperimentazione al servizio delle persone. Grazie al contributo di Unhate Foundation, potremo offrire anche nell\u2019ambito della salute mentale percorsi che coniugano efficacia clinica, innovazione terapeutica e attenzione alla dimensione umana della cura. \u00c8 un esempio di alleanza tra realt\u00e0 no profit che guarda al futuro e che pu\u00f2 diventare un modello replicabile sul territorio e sar\u00e0 alla base del progetto del nuovo SPDC del Gemelli che prender\u00e0 forma a fine 2027\u201d.<\/em><\/p>\n\n\n\n<p><em>\u201cART4MIND rappresenta un esempio concreto di come la cura possa e debba andare oltre il confine della terapia farmacologica o psicologica tradizionale. L\u2019integrazione tra arte, cultura e scienza permette di connettersi con la dimensione pi\u00f9 profonda e umana del benessere mentale. Questo progetto, che unisce competenze cliniche e linguaggi espressivi artistici \u00e8 una testimonianza del nostro impegno a innovare continuamente i modelli di cura, mettendo al centro la persona nella sua interezza e complessit\u00e0. Nel Day Hospital psichiatrico, l\u2019arte diventa una terza voce che parla tra medico e paziente, mediando, proteggendo e rivelando. \u00c8 una forma di etica incarnata nella bellezza: la scienza si apre alla poesia, la terapia si fa esperienza condivisa\u201d afferma <strong>Antonio Gasbarrini<\/strong>, Direttore Scientifico della Fondazione Policlinico A. Gemelli IRCCS.<\/em><\/p>\n\n\n\n<p><em>\u201cLa collaborazione con Unhate Foundation ci aiuta a realizzare un progetto che ritieniamo fondamentale: portare la bellezza al centro del momento terapeutico,\u201d dichiara il Prof. <strong>Gabriele Sani<\/strong>, Direttore della UOC di Psichiatria della Fondazione Policlinico A. Gemelli IRCCS.<\/em><\/p>\n\n\n\n<p><em>\u201cL\u2019arte e i laboratori creativi offriranno ai pazienti uno spazio di espressione autentica, dove la parola si trasforma in gesto, immagine, colore. In questo contesto la relazione terapeutica si arricchisce di significati nuovi: il paziente non \u00e8 il destinatario delle cure, ma assoluto protagonista di un processo di riscoperta di s\u00e9. L\u2019arte consente di far emergere vissuti profondi, di elaborare emozioni difficili e di restituire speranza e senso a chi vive una condizione di fragilit\u00e0. Il nostro obiettivo \u00e8 validare scientificamente questo approccio, per farne un modello replicabile in altre realt\u00e0 sanitarie.\u201d<\/em><\/p>\n\n\n\n<p>Nella prima foto da sinistra Daniele Piacentini, Direttore Generale Fondazione Gemelli IRCCS, Alessandro Benetton, Presidente Unhate Foundation, e Irene Boni, Consigliere Delegato Unhate Foundation.<\/p>\n\n\n\n<p>Nella seconda foto da sinistra Gabriele Sani, Direttore UOC Psichiatria Policlinico Gemelli, Antonio Gasbarrini, Direttore Scientifico Fondazione Policlinico Gemelli IRCCS, Daniele Piacentini, Direttore Generale Fondazione Gemelli IRCCS, Alessandro Benetton, Presidente Unhate Foundation, e Irene Boni, Consigliere Delegato Unhate Foundation.<\/p>\n\n\n\n<figure class=\"wp-block-image size-large\"><img loading=\"lazy\" decoding=\"async\" width=\"1024\" height=\"683\" src=\"https:\/\/www.policlinicogemelli.it\/wp-content\/uploads\/2025\/10\/foto-1024x683.jpg\" alt=\"\" class=\"wp-image-73021\" srcset=\"https:\/\/www.policlinicogemelli.it\/wp-content\/uploads\/2025\/10\/foto-1024x683.jpg 1024w, https:\/\/www.policlinicogemelli.it\/wp-content\/uploads\/2025\/10\/foto-300x200.jpg 300w, https:\/\/www.policlinicogemelli.it\/wp-content\/uploads\/2025\/10\/foto-768x512.jpg 768w, https:\/\/www.policlinicogemelli.it\/wp-content\/uploads\/2025\/10\/foto-1536x1024.jpg 1536w, https:\/\/www.policlinicogemelli.it\/wp-content\/uploads\/2025\/10\/foto-2048x1365.jpg 2048w, https:\/\/www.policlinicogemelli.it\/wp-content\/uploads\/2025\/10\/foto-743x495.jpg 743w, https:\/\/www.policlinicogemelli.it\/wp-content\/uploads\/2025\/10\/foto-308x205.jpg 308w, https:\/\/www.policlinicogemelli.it\/wp-content\/uploads\/2025\/10\/foto-600x400.jpg 600w, https:\/\/www.policlinicogemelli.it\/wp-content\/uploads\/2025\/10\/foto-400x267.jpg 400w\" sizes=\"auto, (max-width: 1024px) 100vw, 1024px\" \/><\/figure>\n\n\n\n<p><\/p>\n","protected":false},"excerpt":{"rendered":"<p>Al via il progetto nato dalla collaborazione tra Unhate Foundation e Fondazione Policlinico Gemelli come strumento di terapia integrata che prevede l\u2019attivazione di laboratori creativi e \u201cartisti in residenza\u201d presso il reparto di day-hospital della UOC di Psichiatria del Policlinico Gemelli, per studiare insieme a medici e pazienti processi di cura dove la bellezza \u00e8 [&hellip;]<\/p>\n","protected":false},"featured_media":73024,"template":"","categorie":[96],"class_list":{"0":"post-73025","1":"kf_gem_news","2":"type-kf_gem_news","3":"status-publish","4":"has-post-thumbnail","6":"kf_gem_newscat-institutional-information","7":"entry"},"acf":[],"yoast_head":"<!-- This site is optimized with the Yoast SEO plugin v27.5 - https:\/\/yoast.com\/product\/yoast-seo-wordpress\/ -->\n<title>ART4MIND, nuovo modello di cura psichiatrica attraverso l\u2019uso di arte e cultura - Policlinico Universitario A. Gemelli IRCCS<\/title>\n<meta name=\"robots\" content=\"index, follow, max-snippet:-1, max-image-preview:large, max-video-preview:-1\" \/>\n<link rel=\"canonical\" href=\"https:\/\/www.policlinicogemelli.it\/en\/news-events\/art4mind-nuovo-modello-di-cura-psichiatrica-attraverso-luso-di-arte-e-cultura\/\" \/>\n<meta property=\"og:locale\" content=\"en_US\" \/>\n<meta property=\"og:type\" content=\"article\" \/>\n<meta property=\"og:title\" content=\"ART4MIND, nuovo modello di cura psichiatrica attraverso l\u2019uso di arte e cultura - Policlinico Universitario A. Gemelli IRCCS\" \/>\n<meta property=\"og:description\" content=\"Al via il progetto nato dalla collaborazione tra Unhate Foundation e Fondazione Policlinico Gemelli come strumento di terapia integrata che prevede l\u2019attivazione di laboratori creativi e \u201cartisti in residenza\u201d presso il reparto di day-hospital della UOC di Psichiatria del Policlinico Gemelli, per studiare insieme a medici e pazienti processi di cura dove la bellezza \u00e8 [&hellip;]\" \/>\n<meta property=\"og:url\" content=\"https:\/\/www.policlinicogemelli.it\/en\/news-events\/art4mind-nuovo-modello-di-cura-psichiatrica-attraverso-luso-di-arte-e-cultura\/\" \/>\n<meta property=\"og:site_name\" content=\"Policlinico Universitario Agostino Gemelli IRCCS\" \/>\n<meta property=\"article:modified_time\" content=\"2025-10-17T15:49:49+00:00\" \/>\n<meta property=\"og:image\" content=\"https:\/\/www.policlinicogemelli.it\/wp-content\/uploads\/2025\/10\/foto.jpg\" \/>\n\t<meta property=\"og:image:width\" content=\"2400\" \/>\n\t<meta property=\"og:image:height\" content=\"1600\" \/>\n\t<meta property=\"og:image:type\" content=\"image\/jpeg\" \/>\n<meta name=\"twitter:card\" content=\"summary_large_image\" \/>\n<meta name=\"twitter:label1\" content=\"Est. reading time\" \/>\n\t<meta name=\"twitter:data1\" content=\"7 minutes\" \/>\n<script type=\"application\/ld+json\" class=\"yoast-schema-graph\">{\"@context\":\"https:\\\/\\\/schema.org\",\"@graph\":[{\"@type\":\"WebPage\",\"@id\":\"https:\\\/\\\/www.policlinicogemelli.it\\\/en\\\/news-events\\\/art4mind-nuovo-modello-di-cura-psichiatrica-attraverso-luso-di-arte-e-cultura\\\/\",\"url\":\"https:\\\/\\\/www.policlinicogemelli.it\\\/en\\\/news-events\\\/art4mind-nuovo-modello-di-cura-psichiatrica-attraverso-luso-di-arte-e-cultura\\\/\",\"name\":\"ART4MIND, nuovo modello di cura psichiatrica attraverso l\u2019uso di arte e cultura - Policlinico Universitario A. Gemelli IRCCS\",\"isPartOf\":{\"@id\":\"https:\\\/\\\/www.policlinicogemelli.it\\\/en\\\/#website\"},\"primaryImageOfPage\":{\"@id\":\"https:\\\/\\\/www.policlinicogemelli.it\\\/en\\\/news-events\\\/art4mind-nuovo-modello-di-cura-psichiatrica-attraverso-luso-di-arte-e-cultura\\\/#primaryimage\"},\"image\":{\"@id\":\"https:\\\/\\\/www.policlinicogemelli.it\\\/en\\\/news-events\\\/art4mind-nuovo-modello-di-cura-psichiatrica-attraverso-luso-di-arte-e-cultura\\\/#primaryimage\"},\"thumbnailUrl\":\"https:\\\/\\\/www.policlinicogemelli.it\\\/wp-content\\\/uploads\\\/2025\\\/10\\\/foto-dollettiva.jpg\",\"datePublished\":\"2025-10-17T15:49:44+00:00\",\"dateModified\":\"2025-10-17T15:49:49+00:00\",\"breadcrumb\":{\"@id\":\"https:\\\/\\\/www.policlinicogemelli.it\\\/en\\\/news-events\\\/art4mind-nuovo-modello-di-cura-psichiatrica-attraverso-luso-di-arte-e-cultura\\\/#breadcrumb\"},\"inLanguage\":\"en-US\",\"potentialAction\":[{\"@type\":\"ReadAction\",\"target\":[\"https:\\\/\\\/www.policlinicogemelli.it\\\/en\\\/news-events\\\/art4mind-nuovo-modello-di-cura-psichiatrica-attraverso-luso-di-arte-e-cultura\\\/\"]}]},{\"@type\":\"ImageObject\",\"inLanguage\":\"en-US\",\"@id\":\"https:\\\/\\\/www.policlinicogemelli.it\\\/en\\\/news-events\\\/art4mind-nuovo-modello-di-cura-psichiatrica-attraverso-luso-di-arte-e-cultura\\\/#primaryimage\",\"url\":\"https:\\\/\\\/www.policlinicogemelli.it\\\/wp-content\\\/uploads\\\/2025\\\/10\\\/foto-dollettiva.jpg\",\"contentUrl\":\"https:\\\/\\\/www.policlinicogemelli.it\\\/wp-content\\\/uploads\\\/2025\\\/10\\\/foto-dollettiva.jpg\",\"width\":2400,\"height\":1600},{\"@type\":\"BreadcrumbList\",\"@id\":\"https:\\\/\\\/www.policlinicogemelli.it\\\/en\\\/news-events\\\/art4mind-nuovo-modello-di-cura-psichiatrica-attraverso-luso-di-arte-e-cultura\\\/#breadcrumb\",\"itemListElement\":[{\"@type\":\"ListItem\",\"position\":1,\"name\":\"Home\",\"item\":\"https:\\\/\\\/www.policlinicogemelli.it\\\/en\\\/\"},{\"@type\":\"ListItem\",\"position\":2,\"name\":\"News and Events\",\"item\":\"https:\\\/\\\/www.policlinicogemelli.it\\\/en\\\/news-events\\\/\"},{\"@type\":\"ListItem\",\"position\":3,\"name\":\"ART4MIND, nuovo modello di cura psichiatrica attraverso l\u2019uso di arte e cultura\"}]},{\"@type\":\"WebSite\",\"@id\":\"https:\\\/\\\/www.policlinicogemelli.it\\\/en\\\/#website\",\"url\":\"https:\\\/\\\/www.policlinicogemelli.it\\\/en\\\/\",\"name\":\"Policlinico Universitario Agostino Gemelli IRCCS\",\"description\":\"Policlinico Universitario Agostino Gemelli IRCCS\",\"publisher\":{\"@id\":\"https:\\\/\\\/www.policlinicogemelli.it\\\/en\\\/#organization\"},\"potentialAction\":[{\"@type\":\"SearchAction\",\"target\":{\"@type\":\"EntryPoint\",\"urlTemplate\":\"https:\\\/\\\/www.policlinicogemelli.it\\\/en\\\/?s={search_term_string}\"},\"query-input\":{\"@type\":\"PropertyValueSpecification\",\"valueRequired\":true,\"valueName\":\"search_term_string\"}}],\"inLanguage\":\"en-US\"},{\"@type\":\"Organization\",\"@id\":\"https:\\\/\\\/www.policlinicogemelli.it\\\/en\\\/#organization\",\"name\":\"Policlinico Universitario Agostino Gemelli IRCCS\",\"url\":\"https:\\\/\\\/www.policlinicogemelli.it\\\/en\\\/\",\"logo\":{\"@type\":\"ImageObject\",\"inLanguage\":\"en-US\",\"@id\":\"https:\\\/\\\/www.policlinicogemelli.it\\\/en\\\/#\\\/schema\\\/logo\\\/image\\\/\",\"url\":\"https:\\\/\\\/www.policlinicogemelli.it\\\/wp-content\\\/uploads\\\/2019\\\/02\\\/logo-policlinico-gemelli-250-trasp-color-1.png\",\"contentUrl\":\"https:\\\/\\\/www.policlinicogemelli.it\\\/wp-content\\\/uploads\\\/2019\\\/02\\\/logo-policlinico-gemelli-250-trasp-color-1.png\",\"width\":250,\"height\":82,\"caption\":\"Policlinico Universitario Agostino Gemelli IRCCS\"},\"image\":{\"@id\":\"https:\\\/\\\/www.policlinicogemelli.it\\\/en\\\/#\\\/schema\\\/logo\\\/image\\\/\"}}]}<\/script>\n<!-- \/ Yoast SEO plugin. -->","yoast_head_json":{"title":"ART4MIND, nuovo modello di cura psichiatrica attraverso l\u2019uso di arte e cultura - Policlinico Universitario A. Gemelli IRCCS","robots":{"index":"index","follow":"follow","max-snippet":"max-snippet:-1","max-image-preview":"max-image-preview:large","max-video-preview":"max-video-preview:-1"},"canonical":"https:\/\/www.policlinicogemelli.it\/en\/news-events\/art4mind-nuovo-modello-di-cura-psichiatrica-attraverso-luso-di-arte-e-cultura\/","og_locale":"en_US","og_type":"article","og_title":"ART4MIND, nuovo modello di cura psichiatrica attraverso l\u2019uso di arte e cultura - Policlinico Universitario A. Gemelli IRCCS","og_description":"Al via il progetto nato dalla collaborazione tra Unhate Foundation e Fondazione Policlinico Gemelli come strumento di terapia integrata che prevede l\u2019attivazione di laboratori creativi e \u201cartisti in residenza\u201d presso il reparto di day-hospital della UOC di Psichiatria del Policlinico Gemelli, per studiare insieme a medici e pazienti processi di cura dove la bellezza \u00e8 [&hellip;]","og_url":"https:\/\/www.policlinicogemelli.it\/en\/news-events\/art4mind-nuovo-modello-di-cura-psichiatrica-attraverso-luso-di-arte-e-cultura\/","og_site_name":"Policlinico Universitario Agostino Gemelli IRCCS","article_modified_time":"2025-10-17T15:49:49+00:00","og_image":[{"width":2400,"height":1600,"url":"https:\/\/www.policlinicogemelli.it\/wp-content\/uploads\/2025\/10\/foto.jpg","type":"image\/jpeg"}],"twitter_card":"summary_large_image","twitter_misc":{"Est. reading time":"7 minutes"},"schema":{"@context":"https:\/\/schema.org","@graph":[{"@type":"WebPage","@id":"https:\/\/www.policlinicogemelli.it\/en\/news-events\/art4mind-nuovo-modello-di-cura-psichiatrica-attraverso-luso-di-arte-e-cultura\/","url":"https:\/\/www.policlinicogemelli.it\/en\/news-events\/art4mind-nuovo-modello-di-cura-psichiatrica-attraverso-luso-di-arte-e-cultura\/","name":"ART4MIND, nuovo modello di cura psichiatrica attraverso l\u2019uso di arte e cultura - Policlinico Universitario A. Gemelli IRCCS","isPartOf":{"@id":"https:\/\/www.policlinicogemelli.it\/en\/#website"},"primaryImageOfPage":{"@id":"https:\/\/www.policlinicogemelli.it\/en\/news-events\/art4mind-nuovo-modello-di-cura-psichiatrica-attraverso-luso-di-arte-e-cultura\/#primaryimage"},"image":{"@id":"https:\/\/www.policlinicogemelli.it\/en\/news-events\/art4mind-nuovo-modello-di-cura-psichiatrica-attraverso-luso-di-arte-e-cultura\/#primaryimage"},"thumbnailUrl":"https:\/\/www.policlinicogemelli.it\/wp-content\/uploads\/2025\/10\/foto-dollettiva.jpg","datePublished":"2025-10-17T15:49:44+00:00","dateModified":"2025-10-17T15:49:49+00:00","breadcrumb":{"@id":"https:\/\/www.policlinicogemelli.it\/en\/news-events\/art4mind-nuovo-modello-di-cura-psichiatrica-attraverso-luso-di-arte-e-cultura\/#breadcrumb"},"inLanguage":"en-US","potentialAction":[{"@type":"ReadAction","target":["https:\/\/www.policlinicogemelli.it\/en\/news-events\/art4mind-nuovo-modello-di-cura-psichiatrica-attraverso-luso-di-arte-e-cultura\/"]}]},{"@type":"ImageObject","inLanguage":"en-US","@id":"https:\/\/www.policlinicogemelli.it\/en\/news-events\/art4mind-nuovo-modello-di-cura-psichiatrica-attraverso-luso-di-arte-e-cultura\/#primaryimage","url":"https:\/\/www.policlinicogemelli.it\/wp-content\/uploads\/2025\/10\/foto-dollettiva.jpg","contentUrl":"https:\/\/www.policlinicogemelli.it\/wp-content\/uploads\/2025\/10\/foto-dollettiva.jpg","width":2400,"height":1600},{"@type":"BreadcrumbList","@id":"https:\/\/www.policlinicogemelli.it\/en\/news-events\/art4mind-nuovo-modello-di-cura-psichiatrica-attraverso-luso-di-arte-e-cultura\/#breadcrumb","itemListElement":[{"@type":"ListItem","position":1,"name":"Home","item":"https:\/\/www.policlinicogemelli.it\/en\/"},{"@type":"ListItem","position":2,"name":"News and Events","item":"https:\/\/www.policlinicogemelli.it\/en\/news-events\/"},{"@type":"ListItem","position":3,"name":"ART4MIND, nuovo modello di cura psichiatrica attraverso l\u2019uso di arte e cultura"}]},{"@type":"WebSite","@id":"https:\/\/www.policlinicogemelli.it\/en\/#website","url":"https:\/\/www.policlinicogemelli.it\/en\/","name":"Policlinico Universitario Agostino Gemelli IRCCS","description":"Policlinico Universitario Agostino Gemelli IRCCS","publisher":{"@id":"https:\/\/www.policlinicogemelli.it\/en\/#organization"},"potentialAction":[{"@type":"SearchAction","target":{"@type":"EntryPoint","urlTemplate":"https:\/\/www.policlinicogemelli.it\/en\/?s={search_term_string}"},"query-input":{"@type":"PropertyValueSpecification","valueRequired":true,"valueName":"search_term_string"}}],"inLanguage":"en-US"},{"@type":"Organization","@id":"https:\/\/www.policlinicogemelli.it\/en\/#organization","name":"Policlinico Universitario Agostino Gemelli IRCCS","url":"https:\/\/www.policlinicogemelli.it\/en\/","logo":{"@type":"ImageObject","inLanguage":"en-US","@id":"https:\/\/www.policlinicogemelli.it\/en\/#\/schema\/logo\/image\/","url":"https:\/\/www.policlinicogemelli.it\/wp-content\/uploads\/2019\/02\/logo-policlinico-gemelli-250-trasp-color-1.png","contentUrl":"https:\/\/www.policlinicogemelli.it\/wp-content\/uploads\/2019\/02\/logo-policlinico-gemelli-250-trasp-color-1.png","width":250,"height":82,"caption":"Policlinico Universitario Agostino Gemelli IRCCS"},"image":{"@id":"https:\/\/www.policlinicogemelli.it\/en\/#\/schema\/logo\/image\/"}}]}},"rest_api_enabler":[],"_links":{"self":[{"href":"https:\/\/www.policlinicogemelli.it\/en\/wp-json\/wp\/v2\/news\/73025","targetHints":{"allow":["GET"]}}],"collection":[{"href":"https:\/\/www.policlinicogemelli.it\/en\/wp-json\/wp\/v2\/news"}],"about":[{"href":"https:\/\/www.policlinicogemelli.it\/en\/wp-json\/wp\/v2\/types\/kf_gem_news"}],"version-history":[{"count":0,"href":"https:\/\/www.policlinicogemelli.it\/en\/wp-json\/wp\/v2\/news\/73025\/revisions"}],"wp:featuredmedia":[{"embeddable":true,"href":"https:\/\/www.policlinicogemelli.it\/en\/wp-json\/wp\/v2\/media\/73024"}],"wp:attachment":[{"href":"https:\/\/www.policlinicogemelli.it\/en\/wp-json\/wp\/v2\/media?parent=73025"}],"wp:term":[{"taxonomy":"kf_gem_newscat","embeddable":true,"href":"https:\/\/www.policlinicogemelli.it\/en\/wp-json\/wp\/v2\/categorie?post=73025"}],"curies":[{"name":"wp","href":"https:\/\/api.w.org\/{rel}","templated":true}]}}