{"id":70314,"date":"2025-05-19T18:15:00","date_gmt":"2025-05-19T17:15:00","guid":{"rendered":"https:\/\/www.policlinicogemelli.it\/?post_type=kf_gem_news&#038;p=70314"},"modified":"2025-05-20T13:00:38","modified_gmt":"2025-05-20T12:00:38","slug":"fibrosi-polmonare-lalba-di-una-nuova-era-per-i-pazienti","status":"publish","type":"kf_gem_news","link":"https:\/\/www.policlinicogemelli.it\/en\/news-events\/fibrosi-polmonare-lalba-di-una-nuova-era-per-i-pazienti\/","title":{"rendered":"Fibrosi polmonare: l\u2019alba di una nuova era per i pazienti"},"content":{"rendered":"\n<p><strong><em>Pubblicati sul \u201cNew England Journal of Medicine\u201d e presentati in contemporanea al congresso dell\u2019American Thoracic Society (ATS) a San Francisco (USA), i risultati di due importanti studi su nerandomilast,<\/em><\/strong><em> <strong>una terapia innovativa (nonch\u00e9 la prima novit\u00e0 da dieci anni a questa parte per la fibrosi polmonare), che hanno visto protagonista il professor Luca Richeldi, ordinario di Malattie dell\u2019apparato Respiratorio all\u2019Universit\u00e0 Cattolica del Sacro Cuore e direttore della UOC di Pneumologia di Fondazione Policlinico Universitario A. Gemelli IRCCS. E intanto la ricerca di biomarcatori di diagnosi precoce procede grazie allo studio GENESI portato avanti da Fondazione Policlinico Gemelli insieme all\u2019Universit\u00e0 di Catania: analisi delle mutazioni geniche dei pazienti con IPF, screening dei familiari con TAC torace e stetoscopi elettronici gli strumenti di questa indagine.<\/strong><\/em><\/p>\n\n\n\n<p>La fibrosi polmonare \u00e8 una malattia molto seria, con una prognosi di vita da 3 a 5 anni dal momento della diagnosi. Purtroppo, tutti i nuovi potenziali farmaci testati per questa patologia nell\u2019ultimo decennio sono falliti negli studi di fase 2 o fase 3. Ma ci sono importanti novit\u00e0 all\u2019orizzonte. Al congresso annuale dell\u2019<em>American Thoracic Society <\/em>(ATS, San Francisco, 16-21 maggio) sono stati presentati i risultati di due studi di fase 3, condotti con un nuovo farmaco, nerandomilast (Boehringer Ingelheim) sia su pazienti con fibrosi polmonare idiopatica o IPF (studio FIBRONEER -IPF), che nelle forme di fibrosi polmonare progressiva secondarie (studio FIBRONEER \u2013ILD). Il nuovo farmaco \u00e8 un inibitore selettivo delle fosfodiesterasi 4B, a somministrazione orale, che potr\u00e0 essere combinato anche con i farmaci preesistente (nintedanib, attuale farmaco anti-fibrotico di riferimento per questa malattia o pirfenidone). I due trial di fase 3 saranno pubblicati sul NEJM, contemporaneamente alla presentazione all\u2019ATS domenica 18 maggio. Il professor <strong>Luca Richeldi, <\/strong>ordinario di Malattie dell\u2019apparato Respiratorio all\u2019Universit\u00e0 Cattolica del Sacro Cuore e direttore della UOC di Pneumologia di Fondazione Policlinico Gemelli IRCCS,\u00e8 Principal Investigator (PI) globale e primo autore dello studio sulla fibrosi polmonare idiopatica (confermandosi cos\u00ec uno dei maggior esperti mondiali sul tema) ed \u00e8 uno degli autori dello studio sulle fibrosi secondarie, in quanto componente dello <em>steering committee<\/em>. \u201cLa pubblicazione di questi due studi \u2013 commenta il professor Richeldi &#8211; rappresenta un passaggio epocale perch\u00e9 apre ad una nuova generazione di farmaci per questi pazienti, che hanno avuto finora a disposizione opzioni terapeutiche molto limitate e da ora in poi potranno anche giovarsi di trattamenti combinati con pi\u00f9 farmaci. Nerandomilast, oltre ad aver dimostrato una chiara efficacia nel rallentare la progressione della IPF usato da solo, ha anche minori effetti collaterali delle terapie precedenti (il pi\u00f9 comune effetto indesiderato \u00e8 risultato essere la diarrea). Nella IPF, il farmaco ha ridotto la progressione di malattia di oltre il 50% nell\u2019arco delle 52 settimane di durata del trial (lo studio ha randomizzato 1177 pazienti, trattati con nerandomilast 9 o 18 mg al giorno o placebo); e nelle forme di fibrosi non idiopatiche ha dimostrato di produrre anche una riduzione della mortalit\u00e0. Questa duplice indicazione (sia per le forme di fibrosi idiopatiche che per quelle secondarie) rappresenta una novit\u00e0 perch\u00e9 consentir\u00e0 di trattare uno spettro molto pi\u00f9 ampio di patologie, rispetto a quello ristretto dell\u2019IPF. Le forme non idiopatiche comprendono ad esempio le malattie polmonari secondarie a patologie autoimmuni o le patologie da esposizione o da farmaci. Un unico farmaco, il nerandomilast &#8211; prosegue il professor Richeldi &#8211; si \u00e8 dimostrato efficace nel trattamento di patologie considerate finora molto diverse. E pur non \u2018guarendo\u2019 dalla fibrosi polmonare (una volta instauratosi il danno polmonare non regredisce), nerandomilast rappresenta un passo avanti epocale per il trattamento di questa condizione. Importante anche aver centrato un altro endpoint: il nuovo farmaco ritarda l\u2019inizio dell\u2019ossigeno-terapia che, nella mia esperienza, \u00e8 estremamente invalidante per questi pazienti, al punto di limitare (e a volte cancellare) la loro vita sociale, determinando importanti ricadute negative sulla qualit\u00e0 di vita\u201d.<\/p>\n\n\n\n<p>\u201cIl prossimo step al quale stiamo lavorando &#8211; rivela il professor Richeldi &#8211; sar\u00e0 uno studio della durata di due anni in pazienti con la forma pi\u00f9 precoce di malattia, detta ILA (<em>interstitital lung abnormalities<\/em>), trattati con nerandomilast per cercare di capire se trattare la malattia in fase preclinica o subclinica possa rallentarne ulteriormente la progressione e addirittura prevenire l\u2019emergenza dei sintomi della fibrosi polmonare\u201d.<\/p>\n\n\n\n<p><strong>GENESI: uno studio per affinare la diagnosi (anche precoce) dell\u2019IPF rivolto alle persone con IPF e ai loro familiari<\/strong><\/p>\n\n\n\n<p>Le persone con fibrosi polmonare idiopatica (IPF) avranno dunque finalmente a breve a disposizione nerandomilast, una terapia molto efficace nel ritardare la progressione di malattia. Sebbene si tratti dell\u2019unica importante novit\u00e0 di terapia da dieci anni a questa parte, purtroppo non \u00e8 ancora la soluzione, cio\u00e8 la terapia definitiva per l\u2019IPF. Questo farmaco infatti rallenta, ma non riporta indietro le lancette dell\u2019orologio della malattia; ecco perch\u00e9 la diagnosi precoce \u00e8 fondamentale anche per l\u2019IPF. Ma c\u2019\u00e8 ancora tanta ricerca da fare per scoprire le cause della malattia e i biomarcatori di diagnosi precoce, per poter arrivare un giorno alla messa a punto di terapie pi\u00f9 mirate ed efficaci, a \u2018target\u2019. Per cercare di colmare questo gap, da qualche mese, Fondazione Policlinico Gemelli in collaborazione con l\u2019Universit\u00e0 di Catania, ha varato lo <strong>studio GENESI<\/strong> (Genetica Clinica e Screening della Fibrosi Polmonare Idiopatica)*, in 200 pazienti con IPF e 400 loro familiari di primo grado. Si tratta di uno studio finanziato in ambito PNRR che avr\u00e0 una durata di 2 anni. \u201cNella fibrosi polmonare idiopatica \u2013 spiega il professor Richeldi &#8211; c\u2019\u00e8 una componente di rischio familiare; per questo nello studio GENESI, oltre ad arruolare pazienti con IPF da studiare dal punto di vista genetico (la ricerca di mutazioni e alterazioni geniche verr\u00e0 effettuata presso il Policlinico Gemelli su un ampio pannello di geni), sono coinvolti anche i parenti di primo grado over 40 di questi pazienti, che vengono valutati con la TAC ad alta risoluzione e prove respiratorie funzionali per scoprire l\u2019eventuale presenza di iniziale fibrosi. La componente genetica dell\u2019IPF \u2013 prosegue l\u2019esperto &#8211; non \u00e8 ancora chiara; sappiamo che c\u2019\u00e8 una suscettibilit\u00e0 multi-genica, determinata da alcuni geni (come quelli delle mucine, delle telomerasi, del surfattante) che per\u00f2 non rappresentano un rischio quantificabile sostanziale, anche perch\u00e9 l\u2019IPF \u00e8 una malattia derivante dall\u2019interazione tra i geni e l\u2019ambiente. I fattori di rischio principali per IPF sono il fumo di sigaretta, le esposizioni ambientali, il reflusso gastro-esofageo, oltre a questa componente genetica, non ancora ben definita e classificata\u201d. Lo studio GENESI comprende anche un sotto-studio sull\u2019auscultazione del torace. \u201cI cosiddetti <strong>\u2018rantoli a velcro\u2019<\/strong> che si presentano all\u2019auscultazione del torace di questi pazienti &#8211; spiega il professor Richeldi &#8211; sono indicatori molto sensibili e precoci della presenza di fibrosi polmonare. Con questo studio cercheremo dunque, in collaborazione con ingegneri acustici, anche di validare l\u2019auscultazione del torace attraverso un\u2019analisi dei suoni, effettuata grazie agli <strong>stetoscopi elettronici<\/strong> (l\u2019orecchio medico del terzo millennio) e algoritmi di intelligenza artificiale. Questo ci consentir\u00e0 di capire se le persone con alterazioni alla TAC presentano anche un\u2019alterazione dei suoni polmonari, registrati dagli stetoscopi elettronici, perch\u00e9 questo renderebbe molto pi\u00f9 semplice e fattibile lo screening sui familiari e sulle persone a rischio IPF. L\u2019auscultazione del torace attraverso gli stetoscopi elettronici potrebbe configurare una nuova modalit\u00e0 di screening, senza le radiazioni della TAC e a basso costo, effettuabile anche presso l\u2019ambulatorio del Medico di famiglia. Da questa analisi potrebbe scaturire anche uno strumento di intelligenza artificiale, in grado di identificare le caratteristiche dei suoni polmonari collegati alla presenza di questa malattia polmonare\u201d. \u201cLa partecipazione allo studio GENESI \u2013 conclude il dottor <strong>Giacomo Sgalla<\/strong>, responsabile della UOS Fibrosi Polmonari di Fondazione Policlinico Universitario A. Gemelli IRCCS &#8211; non solo contribuir\u00e0 a potenziare la ricerca scientifica sulla fibrosi polmonare, ma offrir\u00e0 ai partecipanti anche l\u2019opportunit\u00e0 di monitorare la propria salute respiratoria. I familiari dei pazienti, infatti, potrebbero scoprire se sono a rischio di sviluppare la malattia, permettendo ai medici di intraprendere azioni preventive, come controlli regolari o trattamenti precoci.\u201d<\/p>\n\n\n\n<p>Chi fosse interessato a partecipare allo studio pu\u00f2 inviare un messaggio e-mail all\u2019indirizzo di posta elettronica: <a href=\"mailto:studio.genesi@policlinicogemelli.it\">studio.genesi@policlinicogemelli.it<\/a><\/p>\n\n\n\n<p>*Lo studio multicentrico GENESI,&nbsp;coordinato dalla&nbsp;UOC di Pneumologia (Direttore&nbsp;Professor <strong>Luca Richeldi<\/strong>) e&nbsp;dalla UOS Fibrosi Polmonari (Responsabile&nbsp;dottor <strong>Giacomo Sgalla<\/strong>) della&nbsp;Fondazione Policlinico Universitario A. Gemelli IRCCS a Roma, \u00e8 risultato vincitore di un Bando Ministeriale nell&#8217;ambito del PNRR.&nbsp;Centro satellite aderente al progetto&nbsp;\u00e8 l\u2019Ospedale Policlinico \u2018G. Rodolico &#8211; San Marco\u2019 di Catania, per cui il responsabile \u00e8 il professor <strong>Carlo Vancheri<\/strong>.&nbsp;<\/p>\n\n\n\n<p><strong><em>Maria Rita Montebelli<\/em><\/strong><\/p>\n\n\n<div class=\"wp-block-image\">\n<figure class=\"aligncenter size-large is-resized\"><img loading=\"lazy\" decoding=\"async\" width=\"768\" height=\"1024\" src=\"https:\/\/www.policlinicogemelli.it\/wp-content\/uploads\/2025\/05\/Luca-Richeldi-2-768x1024.jpg\" alt=\"\" class=\"wp-image-70399\" style=\"width:546px;height:auto\" srcset=\"https:\/\/www.policlinicogemelli.it\/wp-content\/uploads\/2025\/05\/Luca-Richeldi-2-768x1024.jpg 768w, https:\/\/www.policlinicogemelli.it\/wp-content\/uploads\/2025\/05\/Luca-Richeldi-2-225x300.jpg 225w, https:\/\/www.policlinicogemelli.it\/wp-content\/uploads\/2025\/05\/Luca-Richeldi-2-1152x1536.jpg 1152w, https:\/\/www.policlinicogemelli.it\/wp-content\/uploads\/2025\/05\/Luca-Richeldi-2-371x495.jpg 371w, https:\/\/www.policlinicogemelli.it\/wp-content\/uploads\/2025\/05\/Luca-Richeldi-2-154x205.jpg 154w, https:\/\/www.policlinicogemelli.it\/wp-content\/uploads\/2025\/05\/Luca-Richeldi-2-400x533.jpg 400w, https:\/\/www.policlinicogemelli.it\/wp-content\/uploads\/2025\/05\/Luca-Richeldi-2.jpg 1536w\" sizes=\"auto, (max-width: 768px) 100vw, 768px\" \/><\/figure>\n<\/div>\n\n<div class=\"wp-block-image\">\n<figure class=\"aligncenter size-large is-resized\"><img loading=\"lazy\" decoding=\"async\" width=\"768\" height=\"1024\" src=\"https:\/\/www.policlinicogemelli.it\/wp-content\/uploads\/2025\/05\/Luca-Richeldi-3-768x1024.jpg\" alt=\"\" class=\"wp-image-70401\" style=\"width:545px;height:auto\" srcset=\"https:\/\/www.policlinicogemelli.it\/wp-content\/uploads\/2025\/05\/Luca-Richeldi-3-768x1024.jpg 768w, https:\/\/www.policlinicogemelli.it\/wp-content\/uploads\/2025\/05\/Luca-Richeldi-3-225x300.jpg 225w, https:\/\/www.policlinicogemelli.it\/wp-content\/uploads\/2025\/05\/Luca-Richeldi-3-1152x1536.jpg 1152w, https:\/\/www.policlinicogemelli.it\/wp-content\/uploads\/2025\/05\/Luca-Richeldi-3-371x495.jpg 371w, https:\/\/www.policlinicogemelli.it\/wp-content\/uploads\/2025\/05\/Luca-Richeldi-3-154x205.jpg 154w, https:\/\/www.policlinicogemelli.it\/wp-content\/uploads\/2025\/05\/Luca-Richeldi-3-400x533.jpg 400w, https:\/\/www.policlinicogemelli.it\/wp-content\/uploads\/2025\/05\/Luca-Richeldi-3.jpg 1536w\" sizes=\"auto, (max-width: 768px) 100vw, 768px\" \/><\/figure>\n<\/div>","protected":false},"excerpt":{"rendered":"<p>Pubblicati sul \u201cNew England Journal of Medicine\u201d e presentati in contemporanea al congresso dell\u2019American Thoracic Society (ATS) a San Francisco (USA), i risultati di due importanti studi su nerandomilast, una terapia innovativa (nonch\u00e9 la prima novit\u00e0 da dieci anni a questa parte per la fibrosi polmonare), che hanno visto protagonista il professor Luca Richeldi, ordinario [&hellip;]<\/p>\n","protected":false},"featured_media":45054,"template":"","categorie":[95],"class_list":{"0":"post-70314","1":"kf_gem_news","2":"type-kf_gem_news","3":"status-publish","4":"has-post-thumbnail","6":"kf_gem_newscat-research","7":"entry"},"acf":[],"yoast_head":"<!-- This site is optimized with the Yoast SEO plugin v27.5 - https:\/\/yoast.com\/product\/yoast-seo-wordpress\/ -->\n<title>Fibrosi polmonare: l\u2019alba di una nuova era per i pazienti - Policlinico Universitario A. Gemelli IRCCS<\/title>\n<meta name=\"robots\" content=\"index, follow, max-snippet:-1, max-image-preview:large, max-video-preview:-1\" \/>\n<link rel=\"canonical\" href=\"https:\/\/www.policlinicogemelli.it\/en\/news-events\/fibrosi-polmonare-lalba-di-una-nuova-era-per-i-pazienti\/\" \/>\n<meta property=\"og:locale\" content=\"en_US\" \/>\n<meta property=\"og:type\" content=\"article\" \/>\n<meta property=\"og:title\" content=\"Fibrosi polmonare: l\u2019alba di una nuova era per i pazienti - Policlinico Universitario A. Gemelli IRCCS\" \/>\n<meta property=\"og:description\" content=\"Pubblicati sul \u201cNew England Journal of Medicine\u201d e presentati in contemporanea al congresso dell\u2019American Thoracic Society (ATS) a San Francisco (USA), i risultati di due importanti studi su nerandomilast, una terapia innovativa (nonch\u00e9 la prima novit\u00e0 da dieci anni a questa parte per la fibrosi polmonare), che hanno visto protagonista il professor Luca Richeldi, ordinario [&hellip;]\" \/>\n<meta property=\"og:url\" content=\"https:\/\/www.policlinicogemelli.it\/en\/news-events\/fibrosi-polmonare-lalba-di-una-nuova-era-per-i-pazienti\/\" \/>\n<meta property=\"og:site_name\" content=\"Policlinico Universitario Agostino Gemelli IRCCS\" \/>\n<meta property=\"article:modified_time\" content=\"2025-05-20T12:00:38+00:00\" \/>\n<meta property=\"og:image\" content=\"https:\/\/www.policlinicogemelli.it\/wp-content\/uploads\/2022\/05\/Luca-Richeldi.jpg\" \/>\n\t<meta property=\"og:image:width\" content=\"4000\" \/>\n\t<meta property=\"og:image:height\" content=\"2250\" \/>\n\t<meta property=\"og:image:type\" content=\"image\/jpeg\" \/>\n<meta name=\"twitter:card\" content=\"summary_large_image\" \/>\n<meta name=\"twitter:label1\" content=\"Est. reading time\" \/>\n\t<meta name=\"twitter:data1\" content=\"7 minutes\" \/>\n<script type=\"application\/ld+json\" class=\"yoast-schema-graph\">{\"@context\":\"https:\\\/\\\/schema.org\",\"@graph\":[{\"@type\":\"WebPage\",\"@id\":\"https:\\\/\\\/www.policlinicogemelli.it\\\/en\\\/news-events\\\/fibrosi-polmonare-lalba-di-una-nuova-era-per-i-pazienti\\\/\",\"url\":\"https:\\\/\\\/www.policlinicogemelli.it\\\/en\\\/news-events\\\/fibrosi-polmonare-lalba-di-una-nuova-era-per-i-pazienti\\\/\",\"name\":\"Fibrosi polmonare: l\u2019alba di una nuova era per i pazienti - Policlinico Universitario A. Gemelli IRCCS\",\"isPartOf\":{\"@id\":\"https:\\\/\\\/www.policlinicogemelli.it\\\/en\\\/#website\"},\"primaryImageOfPage\":{\"@id\":\"https:\\\/\\\/www.policlinicogemelli.it\\\/en\\\/news-events\\\/fibrosi-polmonare-lalba-di-una-nuova-era-per-i-pazienti\\\/#primaryimage\"},\"image\":{\"@id\":\"https:\\\/\\\/www.policlinicogemelli.it\\\/en\\\/news-events\\\/fibrosi-polmonare-lalba-di-una-nuova-era-per-i-pazienti\\\/#primaryimage\"},\"thumbnailUrl\":\"https:\\\/\\\/www.policlinicogemelli.it\\\/wp-content\\\/uploads\\\/2022\\\/05\\\/Luca-Richeldi.jpg\",\"datePublished\":\"2025-05-19T17:15:00+00:00\",\"dateModified\":\"2025-05-20T12:00:38+00:00\",\"breadcrumb\":{\"@id\":\"https:\\\/\\\/www.policlinicogemelli.it\\\/en\\\/news-events\\\/fibrosi-polmonare-lalba-di-una-nuova-era-per-i-pazienti\\\/#breadcrumb\"},\"inLanguage\":\"en-US\",\"potentialAction\":[{\"@type\":\"ReadAction\",\"target\":[\"https:\\\/\\\/www.policlinicogemelli.it\\\/en\\\/news-events\\\/fibrosi-polmonare-lalba-di-una-nuova-era-per-i-pazienti\\\/\"]}]},{\"@type\":\"ImageObject\",\"inLanguage\":\"en-US\",\"@id\":\"https:\\\/\\\/www.policlinicogemelli.it\\\/en\\\/news-events\\\/fibrosi-polmonare-lalba-di-una-nuova-era-per-i-pazienti\\\/#primaryimage\",\"url\":\"https:\\\/\\\/www.policlinicogemelli.it\\\/wp-content\\\/uploads\\\/2022\\\/05\\\/Luca-Richeldi.jpg\",\"contentUrl\":\"https:\\\/\\\/www.policlinicogemelli.it\\\/wp-content\\\/uploads\\\/2022\\\/05\\\/Luca-Richeldi.jpg\",\"width\":4000,\"height\":2250},{\"@type\":\"BreadcrumbList\",\"@id\":\"https:\\\/\\\/www.policlinicogemelli.it\\\/en\\\/news-events\\\/fibrosi-polmonare-lalba-di-una-nuova-era-per-i-pazienti\\\/#breadcrumb\",\"itemListElement\":[{\"@type\":\"ListItem\",\"position\":1,\"name\":\"Home\",\"item\":\"https:\\\/\\\/www.policlinicogemelli.it\\\/en\\\/\"},{\"@type\":\"ListItem\",\"position\":2,\"name\":\"News and Events\",\"item\":\"https:\\\/\\\/www.policlinicogemelli.it\\\/en\\\/news-events\\\/\"},{\"@type\":\"ListItem\",\"position\":3,\"name\":\"Fibrosi polmonare: l\u2019alba di una nuova era per i pazienti\"}]},{\"@type\":\"WebSite\",\"@id\":\"https:\\\/\\\/www.policlinicogemelli.it\\\/en\\\/#website\",\"url\":\"https:\\\/\\\/www.policlinicogemelli.it\\\/en\\\/\",\"name\":\"Policlinico Universitario Agostino Gemelli IRCCS\",\"description\":\"Policlinico Universitario Agostino Gemelli IRCCS\",\"publisher\":{\"@id\":\"https:\\\/\\\/www.policlinicogemelli.it\\\/en\\\/#organization\"},\"potentialAction\":[{\"@type\":\"SearchAction\",\"target\":{\"@type\":\"EntryPoint\",\"urlTemplate\":\"https:\\\/\\\/www.policlinicogemelli.it\\\/en\\\/?s={search_term_string}\"},\"query-input\":{\"@type\":\"PropertyValueSpecification\",\"valueRequired\":true,\"valueName\":\"search_term_string\"}}],\"inLanguage\":\"en-US\"},{\"@type\":\"Organization\",\"@id\":\"https:\\\/\\\/www.policlinicogemelli.it\\\/en\\\/#organization\",\"name\":\"Policlinico Universitario Agostino Gemelli IRCCS\",\"url\":\"https:\\\/\\\/www.policlinicogemelli.it\\\/en\\\/\",\"logo\":{\"@type\":\"ImageObject\",\"inLanguage\":\"en-US\",\"@id\":\"https:\\\/\\\/www.policlinicogemelli.it\\\/en\\\/#\\\/schema\\\/logo\\\/image\\\/\",\"url\":\"https:\\\/\\\/www.policlinicogemelli.it\\\/wp-content\\\/uploads\\\/2019\\\/02\\\/logo-policlinico-gemelli-250-trasp-color-1.png\",\"contentUrl\":\"https:\\\/\\\/www.policlinicogemelli.it\\\/wp-content\\\/uploads\\\/2019\\\/02\\\/logo-policlinico-gemelli-250-trasp-color-1.png\",\"width\":250,\"height\":82,\"caption\":\"Policlinico Universitario Agostino Gemelli IRCCS\"},\"image\":{\"@id\":\"https:\\\/\\\/www.policlinicogemelli.it\\\/en\\\/#\\\/schema\\\/logo\\\/image\\\/\"}}]}<\/script>\n<!-- \/ Yoast SEO plugin. -->","yoast_head_json":{"title":"Fibrosi polmonare: l\u2019alba di una nuova era per i pazienti - Policlinico Universitario A. Gemelli IRCCS","robots":{"index":"index","follow":"follow","max-snippet":"max-snippet:-1","max-image-preview":"max-image-preview:large","max-video-preview":"max-video-preview:-1"},"canonical":"https:\/\/www.policlinicogemelli.it\/en\/news-events\/fibrosi-polmonare-lalba-di-una-nuova-era-per-i-pazienti\/","og_locale":"en_US","og_type":"article","og_title":"Fibrosi polmonare: l\u2019alba di una nuova era per i pazienti - Policlinico Universitario A. Gemelli IRCCS","og_description":"Pubblicati sul \u201cNew England Journal of Medicine\u201d e presentati in contemporanea al congresso dell\u2019American Thoracic Society (ATS) a San Francisco (USA), i risultati di due importanti studi su nerandomilast, una terapia innovativa (nonch\u00e9 la prima novit\u00e0 da dieci anni a questa parte per la fibrosi polmonare), che hanno visto protagonista il professor Luca Richeldi, ordinario [&hellip;]","og_url":"https:\/\/www.policlinicogemelli.it\/en\/news-events\/fibrosi-polmonare-lalba-di-una-nuova-era-per-i-pazienti\/","og_site_name":"Policlinico Universitario Agostino Gemelli IRCCS","article_modified_time":"2025-05-20T12:00:38+00:00","og_image":[{"width":4000,"height":2250,"url":"https:\/\/www.policlinicogemelli.it\/wp-content\/uploads\/2022\/05\/Luca-Richeldi.jpg","type":"image\/jpeg"}],"twitter_card":"summary_large_image","twitter_misc":{"Est. reading time":"7 minutes"},"schema":{"@context":"https:\/\/schema.org","@graph":[{"@type":"WebPage","@id":"https:\/\/www.policlinicogemelli.it\/en\/news-events\/fibrosi-polmonare-lalba-di-una-nuova-era-per-i-pazienti\/","url":"https:\/\/www.policlinicogemelli.it\/en\/news-events\/fibrosi-polmonare-lalba-di-una-nuova-era-per-i-pazienti\/","name":"Fibrosi polmonare: l\u2019alba di una nuova era per i pazienti - Policlinico Universitario A. Gemelli IRCCS","isPartOf":{"@id":"https:\/\/www.policlinicogemelli.it\/en\/#website"},"primaryImageOfPage":{"@id":"https:\/\/www.policlinicogemelli.it\/en\/news-events\/fibrosi-polmonare-lalba-di-una-nuova-era-per-i-pazienti\/#primaryimage"},"image":{"@id":"https:\/\/www.policlinicogemelli.it\/en\/news-events\/fibrosi-polmonare-lalba-di-una-nuova-era-per-i-pazienti\/#primaryimage"},"thumbnailUrl":"https:\/\/www.policlinicogemelli.it\/wp-content\/uploads\/2022\/05\/Luca-Richeldi.jpg","datePublished":"2025-05-19T17:15:00+00:00","dateModified":"2025-05-20T12:00:38+00:00","breadcrumb":{"@id":"https:\/\/www.policlinicogemelli.it\/en\/news-events\/fibrosi-polmonare-lalba-di-una-nuova-era-per-i-pazienti\/#breadcrumb"},"inLanguage":"en-US","potentialAction":[{"@type":"ReadAction","target":["https:\/\/www.policlinicogemelli.it\/en\/news-events\/fibrosi-polmonare-lalba-di-una-nuova-era-per-i-pazienti\/"]}]},{"@type":"ImageObject","inLanguage":"en-US","@id":"https:\/\/www.policlinicogemelli.it\/en\/news-events\/fibrosi-polmonare-lalba-di-una-nuova-era-per-i-pazienti\/#primaryimage","url":"https:\/\/www.policlinicogemelli.it\/wp-content\/uploads\/2022\/05\/Luca-Richeldi.jpg","contentUrl":"https:\/\/www.policlinicogemelli.it\/wp-content\/uploads\/2022\/05\/Luca-Richeldi.jpg","width":4000,"height":2250},{"@type":"BreadcrumbList","@id":"https:\/\/www.policlinicogemelli.it\/en\/news-events\/fibrosi-polmonare-lalba-di-una-nuova-era-per-i-pazienti\/#breadcrumb","itemListElement":[{"@type":"ListItem","position":1,"name":"Home","item":"https:\/\/www.policlinicogemelli.it\/en\/"},{"@type":"ListItem","position":2,"name":"News and Events","item":"https:\/\/www.policlinicogemelli.it\/en\/news-events\/"},{"@type":"ListItem","position":3,"name":"Fibrosi polmonare: l\u2019alba di una nuova era per i pazienti"}]},{"@type":"WebSite","@id":"https:\/\/www.policlinicogemelli.it\/en\/#website","url":"https:\/\/www.policlinicogemelli.it\/en\/","name":"Policlinico Universitario Agostino Gemelli IRCCS","description":"Policlinico Universitario Agostino Gemelli IRCCS","publisher":{"@id":"https:\/\/www.policlinicogemelli.it\/en\/#organization"},"potentialAction":[{"@type":"SearchAction","target":{"@type":"EntryPoint","urlTemplate":"https:\/\/www.policlinicogemelli.it\/en\/?s={search_term_string}"},"query-input":{"@type":"PropertyValueSpecification","valueRequired":true,"valueName":"search_term_string"}}],"inLanguage":"en-US"},{"@type":"Organization","@id":"https:\/\/www.policlinicogemelli.it\/en\/#organization","name":"Policlinico Universitario Agostino Gemelli IRCCS","url":"https:\/\/www.policlinicogemelli.it\/en\/","logo":{"@type":"ImageObject","inLanguage":"en-US","@id":"https:\/\/www.policlinicogemelli.it\/en\/#\/schema\/logo\/image\/","url":"https:\/\/www.policlinicogemelli.it\/wp-content\/uploads\/2019\/02\/logo-policlinico-gemelli-250-trasp-color-1.png","contentUrl":"https:\/\/www.policlinicogemelli.it\/wp-content\/uploads\/2019\/02\/logo-policlinico-gemelli-250-trasp-color-1.png","width":250,"height":82,"caption":"Policlinico Universitario Agostino Gemelli IRCCS"},"image":{"@id":"https:\/\/www.policlinicogemelli.it\/en\/#\/schema\/logo\/image\/"}}]}},"rest_api_enabler":[],"_links":{"self":[{"href":"https:\/\/www.policlinicogemelli.it\/en\/wp-json\/wp\/v2\/news\/70314","targetHints":{"allow":["GET"]}}],"collection":[{"href":"https:\/\/www.policlinicogemelli.it\/en\/wp-json\/wp\/v2\/news"}],"about":[{"href":"https:\/\/www.policlinicogemelli.it\/en\/wp-json\/wp\/v2\/types\/kf_gem_news"}],"version-history":[{"count":0,"href":"https:\/\/www.policlinicogemelli.it\/en\/wp-json\/wp\/v2\/news\/70314\/revisions"}],"wp:featuredmedia":[{"embeddable":true,"href":"https:\/\/www.policlinicogemelli.it\/en\/wp-json\/wp\/v2\/media\/45054"}],"wp:attachment":[{"href":"https:\/\/www.policlinicogemelli.it\/en\/wp-json\/wp\/v2\/media?parent=70314"}],"wp:term":[{"taxonomy":"kf_gem_newscat","embeddable":true,"href":"https:\/\/www.policlinicogemelli.it\/en\/wp-json\/wp\/v2\/categorie?post=70314"}],"curies":[{"name":"wp","href":"https:\/\/api.w.org\/{rel}","templated":true}]}}