{"id":69928,"date":"2025-04-15T13:16:52","date_gmt":"2025-04-15T12:16:52","guid":{"rendered":"https:\/\/www.policlinicogemelli.it\/?post_type=kf_gem_news&#038;p=69928"},"modified":"2025-04-15T13:16:55","modified_gmt":"2025-04-15T12:16:55","slug":"al-via-la-26esima-edizione-della-race-for-the-cure","status":"publish","type":"kf_gem_news","link":"https:\/\/www.policlinicogemelli.it\/en\/news-events\/al-via-la-26esima-edizione-della-race-for-the-cure\/","title":{"rendered":"Al via la 26esima edizione della Race for the Cure"},"content":{"rendered":"\n<p><strong><em>Il Policlinico Gemelli insieme a Komen Italia per la tutela della salute delle donne.<\/em><\/strong><\/p>\n\n\n\n<p>Presentata nel <strong>Salone d\u2019Onore del CONI<\/strong> la <strong>26esima edizione<\/strong> della <strong>Race for the Cure<\/strong>, la pi\u00f9 grande manifestazione al mondo per la lotta ai tumori del seno, che la <strong>Komen Italia<\/strong> organizza <strong>dall\u20198 all\u201911 maggio <\/strong>al<strong> Circo Massimo<\/strong> sotto l\u2019<strong>Alto Patronato del Presidente della Repubblica <\/strong>e con la partecipazione delle <strong>principali Istituzioni<\/strong>.<\/p>\n\n\n\n<p>La <strong>Race for the Cure<\/strong>, evento simbolo della <strong>Komen Italia<\/strong>, ha come protagoniste le <strong>Donne in Rosa<\/strong> &#8211; donne che stanno affrontando o hanno affrontato il tumore del seno &#8211; e per il suo alto valore sociale e il suo messaggio di speranza quest\u2019anno\u00e8 inserita eccezionalmente nel <strong>calendario Giubilare<\/strong>.<\/p>\n\n\n\n<p>\u201c<em>La Race for the Cure \u00e8 un evento unico, che dopo 25 anni \u00e8 diventato uno degli appuntamenti di solidariet\u00e0 pi\u00f9 attesi e amati dai romani. \u00c8 una miscela davvero rara, capace di legare al meglio sport, salute, prevenzione e solidariet\u00e0 e che grazie alla generosit\u00e0 dei tantissimi partecipanti ha consentito di generare risorse economiche per avviare importanti progetti di ricerca scientifica, formazione e cura dei tumori del seno in tutto il Paese.<\/em> <em>Grazie alla testimonianza forte delle \u201cDonne in Rosa\u201d, la Race ha consentito anche di generare un importante cambiamento culturale nel modo di affrontare questa malattia, sostituendo la paura e l\u2019isolamento con uno spirito positivo di condivisione e vicinanza\u201d, <\/em>dichiara il Prof. <strong>Riccardo Masetti<\/strong>, Fondatore di Komen Italia.<\/p>\n\n\n\n<p>L\u2019elemento centrale della manifestazione sar\u00e0 come sempre il <strong>Villaggio della Salute<\/strong>, che verr\u00e0 inaugurato gioved\u00ec <strong>8 maggio alle ore 11.00 <\/strong>dalla<strong> Presidente del<\/strong> <strong>Comitato d\u2019Onore della Race for the Cure<\/strong>, <strong>Avv. Laura Mattarella<\/strong> alla presenza delle principali Istituzioni e dei partner che rendono possibile l\u2019evento con il quale il Circo Massimo si trasformer\u00e0 in una grande casa della prevenzione e della promozione della salute.<\/p>\n\n\n\n<p>Per quattro giorni infatti, dalle ore 10.00 di gioved\u00ec 8 maggio fino alle ore 16.00 di domenica 11 maggio negli &nbsp;oltre <strong>200 stand<\/strong>&nbsp; del <strong>Villaggio della Salute<\/strong> e con l\u2019ausilio delle<strong> 7 Unit\u00e0 Mobili della Carovana della Prevenzione<\/strong>, saranno offerti gratuitamente esami strumentali e clinici per la diagnosi precoce dei tumori del seno e di altre patologie prevalenti nelle donne (tumori ginecologici, della tiroide, della pelle, del cavo orale, del retto-ano, patologie del fegato, patologie cardiache),&nbsp; oltre ad esami specialistici oculistici, audiologici e uditivi e&nbsp; consulenze su nutrizione, menopausa, salute delle ossa e invecchiamento.<\/p>\n\n\n\n<p>Questa straordinaria offerta di salute sar\u00e0 realizzabile grazie all\u2019impegno della <strong>Fondazione Policlinico Universitario A. Gemelli IRCCS<\/strong>, dell\u2019<strong>Ospedale Isola Tiberina-Gemelli Isola<\/strong>, di altre istituzioni ospedaliere della Capitale, di <strong>Federfarma<\/strong> e <strong>Commissione Difesa Vista<\/strong> oltrech\u00e9 al sostegno di <strong>Fondazione Johnson&amp;Johnson<\/strong>, <strong>Fasda, WS Audiology <\/strong>e della <strong>Regione Lazio<\/strong>, che per tutta la durata della manifestazione attiver\u00e0 un suo&nbsp; sportello informativo per facilitare l\u2019accesso agli screening del tumore del seno, del collo dell\u2019utero e del colon.&nbsp;<\/p>\n\n\n\n<p>Al Villaggio sar\u00e0 possibile donare il sangue presso l&#8217;Autoemoteca del&nbsp;Gruppo donatori sangue <strong>Francesco Olgiati ODV<\/strong> ed effettuare lo screening per la donazione del midollo, grazie alla presenza dell\u2019<strong>ADMO<\/strong>.<\/p>\n\n\n\n<p>Oltre alle attivit\u00e0 di diagnosi precoce (prevenzione secondaria), il <strong>Villaggio della Salute<\/strong> consentir\u00e0 ai visitatori di partecipare ad attivit\u00e0 continuative disport, fitness, sana alimentazione, benessere psicologico e a conferenze sui temi della salute e della prevenzione e ad eventi di intrattenimento per migliorare il proprio stile di vita (prevenzione primaria).<\/p>\n\n\n\n<p><em>\u201cL\u2019Ospedale Isola Tiberina \u00e8 orgoglioso di contribuire anche quest\u2019anno alla 26esima edizione della Race for the Cure con l\u2019esperienza dei propri professionisti e di due delle sette unit\u00e0 mobili della Carovana della Prevenzione promossa da Komen Italia. La diagnosi di carcinoma mammario \u00e8 oggi maggiormente affrontabile, grazie ai progressi della ricerca e alle innovazioni tecnologiche unite alle competenze dei medici e del personale sanitario. La Race for the Cure, rappresenta da oltre 20 anni un\u2019improntante attivit\u00e0 di promozione della prevenzione e di raccolta fondi, rendendo possibile individuare la malattia in fase precoce, supportando la ricerca e migliorando cos\u00ec l\u2019efficacia delle cure. Un ringraziamento speciale a Komen Italia, nostra partner nella realizzazione di un centro dedicato presso l\u2019Ospedale Isola Tiberina, per il suo costante impegno nella sensibilizzazione e nella lotta contro il tumore al seno\u201d, <\/em>dichiara il Direttore Generale Ospedale Isola Tiberina &#8211; Gemelli Isola, <strong>Daniele Piacentini<\/strong>.<\/p>\n\n\n\n<p><em>\u201cGrazie al contributo e alla generosit\u00e0 di migliaia di persone, la Race for the Cure costituisce anche una straordinaria opportunit\u00e0 di raccolta fondi che la Komen Italia, in pieno spirito di servizio, condivide con altre Associazioni che lavorano per la salute delle donne in Italia.<\/em><\/p>\n\n\n\n<p><em>Anche quest\u2019anno siamo orgogliosi di poter aiutare 45 associazioni su tutto il territorio nazionale a mettere meglio in gioco idee virtuose per la realizzazione di progetti di educazione alla salute, prevenzione e sostegno alle donne che vivono l\u2019esperienza della malattia.<\/em><\/p>\n\n\n\n<p><em>Con questo investimento, Komen Italia continua il suo impegno di lunga data nello sviluppare virtuose sinergie con altre realt\u00e0 impegnate nella tutela della salute femminile per contribuire a ridurre le disparit\u00e0 purtroppo ancora oggi presenti nell\u2019accesso alle cure e ai trattamenti con alti standard qualitativi\u201d<\/em>, afferma la Prof.ssa <strong>Daniela Terribile<\/strong>, Presidente di Komen Italia.<\/p>\n\n\n\n<p><em>\u201cLa prevenzione deve essere un diritto per tutti, non un privilegio per pochi. Sosteniamo con entusiasmo la Race for the Cure perch\u00e9 lo sport \u00e8 il veicolo ideale per diffondere sane abitudini di vita e per spingere le persone a prendersi cura di loro stesse. Ringrazio Komen Italia per l\u2019organizzazione della 26esima edizione di una manifestazione che in questi anni, con i fondi ricavati, ha donato oltre 31 milioni di euro in progetti di ricerca, prevenzione e sostegno alle donne che vivono l\u2019esperienza di un tumore del seno.<\/em><\/p>\n\n\n\n<p><em>Sono sicuro che riusciremo a superare quota 150 mila sostenitori presenti. Voglio anche salutare e ringraziare tutti i medici e gli infermieri che saranno presenti al Villaggio e i tanti volontari coinvolti nell\u2019organizzazione della gara, la pi\u00f9 grande manifestazione al mondo per l\u2019informazione e la prevenzione dei tumori del seno e delle principali patologie femminili. Come Roma Capitale abbiamo contribuito all\u2019allestimento del Villaggio dello sport al Circo Massimo, dall\u20198 all\u201911 maggio, dove ci saranno decine di federazioni sportive e tanti campi a disposizione di famiglie e bambini\u201d <\/em>dichiara <strong>Alessandro Onorato<\/strong>, Assessore allo Sport, Turismo, Moda e Grandi Eventi di Roma Capitale.<\/p>\n\n\n\n<p><em>&#8220;Progetti come la Race for The Cure, la Carovana della Prevenzione, la Carovana del Giubileo, che abbiamo fortemente voluto includere negli eventi giubilari, rappresentano un pilastro fondamentale nella lotta contro il tumore al seno. Portare la prevenzione direttamente nei territori significa non solo salvare vite, ma anche abbattere le barriere sociali ed economiche che troppo spesso limitano l\u2019accesso alle cure. L\u2019importanza della prevenzione e dell\u2019accessibilit\u00e0 alle prestazioni sanitarie deve essere una priorit\u00e0 assoluta soprattutto nelle zone dove c\u2019\u00e8 maggior divario economico. Come amministrazione, siamo orgogliosi di essere vicini alla Komen e di sostenere ogni iniziativa che promuova il benessere, l\u2019informazione e la solidariet\u00e0 e la prevenzione\u201d, <\/em>sostiene<strong>Mariano Angelucci<\/strong>, consigliere capitolino e metropolitano, Presidente della Commissione Turismo, Moda e Relazioni internazionali di Roma Capitale.<\/p>\n\n\n\n<p>Il momento pi\u00f9 coinvolgente di questa grande manifestazione sociale sar\u00e0 come sempre la domenica quando i partecipanti si ritroveranno al Circo Massimo per la tradizionale <strong>passeggiata di 2 km<\/strong> e la <strong>corsa di 5 Km aperte a tutti<\/strong>,alle quali si aggiunger\u00e0 <strong>la gara di 10 km riservata agli atleti competitivi<\/strong>.<\/p>\n\n\n\n<p>La partenza della <strong>Race for the Cure<\/strong> \u00e8 programmata alle <strong>ore 10.00 di domenica 11 maggio<\/strong> da via Petroselli (Bocca della Verit\u00e0) per colorare di rosa il centro della Capitale.<\/p>\n\n\n\n<p>L\u2019obiettivo sar\u00e0 <strong>battere un nuovo record<\/strong> e superare il successo della 25esima edizione che, alla presenza del <strong>Presidente della Repubblica Sergio Mattarella<\/strong>, nel Maggio 2024 ha visto la partecipazione di oltre <strong>150 mila sostenitori<\/strong>.<\/p>\n\n\n\n<p>Al termine della passeggiata e della corsa, la mattinata proseguir\u00e0 con la <strong>cerimonia di premiazione al Circo Massimo<\/strong>.<\/p>\n\n\n\n<p><a><\/a>Grazie alla <strong>Race for the Cure<\/strong>,in questo lungo arco temporale, la <strong>Komen Italia<\/strong> ha potuto investire oltre <strong>31 milioni di euro <\/strong>in progetti di ricerca, prevenzione e sostegno alle donne che vivono l\u2019esperienza di un tumore del seno, tra i pi\u00f9 importanti:<\/p>\n\n\n\n<ul class=\"wp-block-list\">\n<li>Assegnazione di<strong> 302 premi di studio a giovani medici<\/strong> per progetti di ricerca o perfezionamento clinico presso centri di eccellenza in Italia e all\u2019estero;<\/li>\n\n\n\n<li>Svolgimento di<strong> 1700 Giornate di Promozione della Salute Femminile<\/strong> peroffrire gratuitamente con le Unit\u00e0 Mobili ad alta tecnologia della Carovana della Prevenzione esami strumentali per la diagnosi precoce dei tumori del seno e dei tumori ginecologici a<strong> 270.000 donne<\/strong> in<strong> 17 regioni italiane<\/strong>;<\/li>\n\n\n\n<li>Erogazione di quasi <strong>5 milioni di euro di contributi economici a 309 associazioni (Grants) <\/strong>per progetti di promozione della salute in tutta Italia;<\/li>\n\n\n\n<li>Svolgimento di oltre<strong> 1.900 sessioni gratuite di formazione in 345 citt\u00e0 italiane per 82.000 partecipanti<\/strong> tra medici di base, infermieri, ostetriche, chirurghi, anatomopatologi, psiconcologi, ginecologi, radiologi e tecnici di radiologia, farmacisti studenti e associazioni femminili;<\/li>\n\n\n\n<li>Avvio di<strong> 2 \u201cCentri Komen Italia di Terapie Integrate in Oncologia\u201d<\/strong> (presso il Policlinico Universitario A. Gemelli IRCCS di Roma e l\u2019Ospedale Bellaria di Bologna) e di <strong>75\u00a0progetti pluriennali<\/strong> per offrire gratuitamente a oltre 55.000 donne con tumore del seno terapie complementari utili a favorire il benessere psicofisico durante e dopo le cure oncologiche, limitando gli effetti collaterali delle terapie tradizionali e riducendo il pericolo di recidiva della malattia. L\u2019impegno e l\u2019esperienza maturata dalla <strong>Komen Italia<\/strong> in questo campo ha aperto la strada alla creazione di un Centro Universitario di Ricerca e Formazione sulle Terapie Integrate nelle neoplasie mammarie (<strong>CERITIN<\/strong>) in collaborazione con la Facolt\u00e0 di Medicina dell&#8217;Universit\u00e0 Cattolica del Sacro Cuore.<\/li>\n<\/ul>\n\n\n\n<p><strong><u>LE ATTIVIT\u00c0 DI PREVENZIONE PRIMARIA AL VILLAGGIO<\/u><\/strong><\/p>\n\n\n\n<p>Grazie al generoso sostegno di numerose <strong>Federazioni Sportive<\/strong> sar\u00e0 possibile praticare o apprendere sotto la guida di istruttori federali: pallavolo, pallacanestro, atletica leggera, tennis, padel, pickleball, golf, scherma storica, pesca sportiva. Tra le novit\u00e0 di quest\u2019anno: lo skateboard, il cricket, il baseball, il softball e il rugby.&nbsp;<\/p>\n\n\n\n<ul class=\"wp-block-list\">\n<li>la <strong>Federazione Italiana Pallavolo<\/strong>, da sempre al fianco della <strong>Race for the Cure<\/strong>,offrir\u00e0 ai bambini la possibilit\u00e0 di cimentarsi nel progetto Volley S3 guidato da<strong> Andrea Lucchetta<\/strong>, Capitano della Nazionale del secolo e appartenente alla cosiddetta generazione dei fenomeni, e <strong>Valerio Vermiglio<\/strong>, Capitano della Nazionale del volley, argento ad Atene e due volte campione d\u2019Europa.<\/li>\n\n\n\n<li>la <strong>Federazione Italiana Pallacanestro<\/strong> allestir\u00e0 nell\u2019area Italbasket un \u201chalf-court\u201d per permettere a tutti di misurarsi con canestri e palla a spicchi.<\/li>\n\n\n\n<li>La <strong>Federazione Italiana Golf<\/strong>, sar\u00e0 presente al villaggio con gli istruttori federali per offrire ai partecipanti sessioni di prova pratica per cimentarsi nella disciplina del golf.<\/li>\n\n\n\n<li>La <strong>Federazione Italiana Giuoco Calcio<\/strong> porter\u00e0 gli ultimi trofei vinti dalla Nazionale Italiana, le Coppe del mondo del 1982 e del 2006 e la Coppa dei campionati europei 2020.<\/li>\n\n\n\n<li>La <strong>Federazione Italiana Tennis, Padel e Pickleball<\/strong> durante le giornate di gioved\u00ec 8, venerd\u00ec 9 e sabato 10 maggio offrir\u00e0 la possibilit\u00e0 di prenotarsi per lezioni di prova di padel gratuite con maestri della Federazione. Anche quest\u2019anno nel <strong>Villaggio della Race<\/strong> sar\u00e0 allestita l\u2019area dedicata al <strong>\u201cPADEL FOR THE CURE\u201d<\/strong>, madrina d\u2019eccezione la conduttrice e giornalista <strong>Eleonora Daniele<\/strong>, ambasciatrice in rosa di Komen Italia, che sfider\u00e0 amici e colleghi.\u00a0<\/li>\n\n\n\n<li>La<strong> Federazione Cricket Italiana<\/strong> guider\u00e0 i partecipanti alla scoperta del cricket con esercizi pratici e dimostrazioni coinvolgenti.<\/li>\n\n\n\n<li>La<strong> Federazione Italiana Pesca Sportiva ed Attivit\u00e0 Subacquee <\/strong>organizzer\u00e0 attivit\u00e0 ludiche e didattiche preparatorie alla pesca per i pi\u00f9 piccoli, con un\u2019attenzione particolare all\u2019educazione ambientale degli ecosistemi legati all\u2019acqua.<\/li>\n\n\n\n<li>La <strong>Federazione Italiana Rugby<\/strong> offrir\u00e0 attivit\u00e0 pratiche, giochi e dimostrazioni per sperimentare i fondamentali di questo sport e scoprire i valori di squadra e rispetto che lo caratterizzano.<\/li>\n\n\n\n<li>L\u2019<strong>Accademia Romana d\u2019Armi SSD<\/strong> offrir\u00e0 al pubblico lezioni introduttive alla scherma storica, accompagnate da dimostrazioni pratiche con atleti qualificati.<\/li>\n\n\n\n<li>Il <strong>Comitato Regionale FISE Lazio Federazione Italiana Sport Equestri<\/strong> allestir\u00e0 un laboratorio dedicato ai bambini per illustrare l\u2019arte della mascalcia con la presenza di un maniscalco che, utilizzando l\u2019attrezzatura storica per la forgia, realizzer\u00e0 ferri di cavallo.<\/li>\n<\/ul>\n\n\n\n<p>Si potr\u00e0 inoltre partecipare a <strong>tante sessioni di fitness<\/strong> con group cycling, super jump, boxe ma anche a lezioni di danza moderna, tango, salsa e danza africana. E ancora laboratori di sana alimentazione, mindfulness, yoga, shiatsu, tai chi, riflessologia facciale e plantare.<\/p>\n\n\n\n<p>Nell\u2019<strong>Area<\/strong> dedicata alle <strong>Donne in Rosa<\/strong> saranno organizzate numerose attivit\u00e0 per il benessere della mente e del corpo con la guida di insegnanti esperti per migliorare la qualit\u00e0 della vita e alleviare gli effetti collaterali delle terapie oncologiche. Previsti anche momenti di approfondimento sulle tante iniziative di <strong>Komen Italia<\/strong> nell\u2019ambito delle terapie integrate a supporto dei percorsi di cura.<\/p>\n\n\n\n<p>Nell\u2019<strong>Area<\/strong> <strong>Conferenze <\/strong>si terranno incontri con specialisti del mondo medico, istituzioni, universit\u00e0 e imprese con dibattiti e tavole rotonde dedicate a progetti, esperienze e soluzioni sulla prevenzione, la promozione della salute e nuovi programmi a supporto del benessere di pazienti e caregiver.<\/p>\n\n\n\n<p>Un ampio spazio sar\u00e0 dedicato alla cultura e alla divulgazione con la premiazione dei finalisti del contest \u201c<strong>Pensaci prima \u2013 Le parole della Prevenzione<\/strong>\u201d,&nbsp;iniziativa formativa svolta con <strong>Edulia Treccani Scuola<\/strong> e l\u2019<strong>Istituto dell\u2019Enciclopedia Italiana<\/strong> con l\u2019obiettivo di diffondere il tema della prevenzione e dei corretti stili di vita tra i pi\u00f9 giovani. Il premio per i primi tre classificati consister\u00e0 in materiale per le attivit\u00e0 sportive scolastiche, offerto dal settore Promozione della <strong>Federazione Italiana Pallavolo<\/strong>. Il contest \u00e8 parte del progetto digitale educativo gratuito\u201c<strong>Pensaci prima<\/strong>\u201d, partito a novembre 2024 e rivolto a docenti e studenti delle scuole secondarie di primo e secondo grado.<\/p>\n\n\n\n<p>Nell\u2019<strong>Area Kids<\/strong>,grazie alla collaborazione con l\u2019Assessorato alla Scuola del Comune di Roma, verr\u00e0 organizzata come di consueto la <strong>Kids for the Cure<\/strong>: la corsa per i bimbi delle scuole dell\u2019infanzia e primarie.<\/p>\n\n\n\n<p>Grazie al <strong>Ministero della Cultura<\/strong>, sar\u00e0 presente uno stand dedicato al <strong>PAC &#8211; Parco Archeologico del Colosseo<\/strong>, che da gioved\u00ec 8 a domenica 10 maggio organizzer\u00e0 per i pi\u00f9 piccoli laboratori ludico-divulgativi sulla storia di Roma.<\/p>\n\n\n\n<p>Attivit\u00e0 ludico-didattiche per i ragazzi della scuola secondaria di primo e secondo grado saranno organizzate a cura de <strong>L\u2019Arte nel Cuore<\/strong>, la prima accademia di formazione artistica a promuovere l&#8217;inclusione sociale attraverso laboratori di teatro e danza per ragazzi con e senza disabilit\u00e0 e da <strong>Rainbow<\/strong> che oltre allo spettacolo \u201cDivertiti con i 44 Gatti\u201d insieme al supporto di Roma 013, curer\u00e0 momenti di sport e gioco. Confermate anche quest\u2019anno le coinvolgenti attivit\u00e0 di Pompieropoli.<\/p>\n\n\n\n<p>Nell&#8217;area Kids verr\u00e0 riprodotto inoltre <strong>un Villaggio della Salute a misura di bambino<\/strong> per insegnare anche ai pi\u00f9 piccoli l&#8217;importanza della prevenzione a cura dell\u2019<strong>Ordine dei Fisioterapisti del Lazio<\/strong>, <strong>Federfarma<\/strong> e <strong>Commissione Difesa Vista<\/strong>.<\/p>\n\n\n\n<p>Al termine della manifestazione si potr\u00e0 partecipare al divertente <strong>PinkNic<\/strong>, un pranzo all\u2019aperto in collaborazione con la <strong>Fondazione Campagna Amica<\/strong>. Da gioved\u00ec 8 a sabato 10 maggio nelle aree Komen Italia, Donne in Rosa, negli stand Iscrizioni e online su sito, con una donazione di 15 euro potrai prenotare il cestino del PinkNic da ritirare domenica 11 direttamente al Circo Massimo presso lo Stand di Campagna Amica. Sar\u00e0 un\u2019occasione in pi\u00f9 per stare insieme, salutarci e darci appuntamento al prossimo anno.<\/p>\n\n\n\n<p>I festeggiamenti al <strong>Villaggio proseguiranno fino<\/strong> alle ore 16:00 con il<strong> djset a cura di Radio Globo grazie al supporto di Valmontone Outlet<\/strong>.<\/p>\n\n\n\n<p><strong><u>Il programma completo \u00e8 disponibile sul sito<\/u><\/strong><strong>: <\/strong><a href=\"https:\/\/eur01.safelinks.protection.outlook.com\/?url=http%3A%2F%2Fwww.komen.it%2F&amp;data=05%7C02%7Cemiliana.stefanori%40policlinicogemelli.it%7C4878bdbe9c4d48ddb90108dd7c009f87%7Cf1bd8bda097445ba99ca83c3df4c401e%7C0%7C0%7C638803065032054041%7CUnknown%7CTWFpbGZsb3d8eyJFbXB0eU1hcGkiOnRydWUsIlYiOiIwLjAuMDAwMCIsIlAiOiJXaW4zMiIsIkFOIjoiTWFpbCIsIldUIjoyfQ%3D%3D%7C0%7C%7C%7C&amp;sdata=MCG0AAwfIVoXsVZD1lNLesE1tbW1eYHPu7WgWcm8pjo%3D&amp;reserved=0\"><strong>www.komen.it<\/strong><\/a><strong>&nbsp;<\/strong><\/p>\n\n\n\n<p><strong>ALTRE INIZIATIVE DA CONOSCERE<\/strong><\/p>\n\n\n\n<p><strong><u>INGRESSO GRATUITO NEI MUSEI PER TUTTI GLI ISCRITTI ALLA RACE<\/u><\/strong><\/p>\n\n\n\n<p>Grazie al Protocollo d\u2019Intesa tra <strong>Komen Italia<\/strong> e il <strong>Ministero della Cultura<\/strong>, tutti gli iscritti alla <strong>Race for the Cure<\/strong> potranno come sempre usufruire dell\u2019<strong>ingresso gratuito nei musei statali <\/strong>nei giorni 8, 9, 10 e 11 maggio. &nbsp;Per <a href=\"https:\/\/eur01.safelinks.protection.outlook.com\/?url=https%3A%2F%2Fwww.raceforthecure.it%2Frace-roma%2Fmusei-race%2F&amp;data=05%7C02%7Cemiliana.stefanori%40policlinicogemelli.it%7C4878bdbe9c4d48ddb90108dd7c009f87%7Cf1bd8bda097445ba99ca83c3df4c401e%7C0%7C0%7C638803065032068586%7CUnknown%7CTWFpbGZsb3d8eyJFbXB0eU1hcGkiOnRydWUsIlYiOiIwLjAuMDAwMCIsIlAiOiJXaW4zMiIsIkFOIjoiTWFpbCIsIldUIjoyfQ%3D%3D%7C0%7C%7C%7C&amp;sdata=gmXX9lm5ZmXgAd7ZOhooURXgk8yAlk109NWtP%2BagJ4A%3D&amp;reserved=0\">https:\/\/www.raceforthecure.it\/race-roma\/musei-race\/<\/a>&nbsp;\u00e8 possibile consultare l\u2019elenco dei musei che aderiscono all\u2019iniziativa.<\/p>\n\n\n\n<p>Per rafforzare l\u2019azione sinergica a favore della prevenzione, della ricerca, della condivisione dell\u2019arte e della bellezza come medicine per il corpo e la mente, il <strong>MiC<\/strong> allestir\u00e0 inoltre uno stand con le immagini pi\u00f9 suggestive dei monumenti italiani che si sono illuminati di rosa e delle opere d\u2019arte protagoniste delle campagne di sensibilizzazione svolte con la <strong>Komen Italia<\/strong> negli ultimi 5 anni.<\/p>\n\n\n\n<p><strong><u>L\u2019 \u201cEMOTIONAL ROOM\u201d DIVENTA UN PERCORSO FRA LE EMOZIONI<\/u><\/strong><\/p>\n\n\n\n<p>L\u2019Emotional Room, lo spazio che la <strong>Komen Italia<\/strong> allestisce nel Villaggio con luci, colori e suoni per stimolare momenti di riflessione e di emozione, quest\u2019anno verr\u00e0 ampliato.<\/p>\n\n\n\n<p>Progettata in collaborazione con l\u2019Art Media Studio di Firenze, l\u2019installazione immersiva far\u00e0 rivivere ai visitatori, sospesi fra cielo e terra in un\u2019atmosfera onirica, le emozioni del lancio dei 5.000 palloncini rosa che per molti anni ha concluso la<strong> Race for the Cure<\/strong>,sostituito dal volo simbolico di un unico palloncino nel rispetto dell\u2019ambiente.<\/p>\n\n\n\n<p><strong><u>CAROVANA DEL GIUBILEO<\/u><\/strong><\/p>\n\n\n\n<p>Il Villaggio della Salute alla Race sar\u00e0 una delle tappe pi\u00f9 importanti della \u201c<strong>Carovana del Giubileo<\/strong>\u201d, il nuovo progetto realizzato con il Patrocinio del Dicastero per l&#8217;Evangelizzazione per il Giubileo 2025 che unisce in un impegno comune a favore della salute femminile <strong>Komen Italia<\/strong>, <strong>Roma Capitale<\/strong>, la <strong>Citt\u00e0 Metropolitana di Roma Capitale<\/strong>, l\u2019<strong>Ospedale Isola Tiberina \u2013 Gemelli Isola <\/strong>e la <strong>Fondazione Policlinico Universitario A. Gemelli IRCCS<\/strong>.<\/p>\n\n\n\n<p>Grazie a questa virtuosa collaborazione, durante l\u2019anno giubilare, si svolgeranno 22 \u201cGiornate di promozione della salute femminile\u201d nelle periferie di Roma Capitale e della Citt\u00e0 Metropolitana di Roma Capitale, per offrire gratuitamente e \u201ca domicilio\u201d esami clinici e strumentali di diagnosi precoce dei principali tumori femminili ad oltre 3.000 donne fragili e\/o pellegrine che parteciperanno alle iniziative giubilari.&nbsp;<\/p>\n\n\n\n<p>Oltre all\u2019Alto Patronato del Presidente della Repubblica la <strong>Race for the Cure<\/strong> \u00e8 sostenuta dal patrocinio e dalla partecipazione di <em>Regione Lazio, Roma Capitale, Fondazione Policlinico Universitario Agostino Gemelli IRCCS,&nbsp; Ospedale Isola Tiberina-Gemelli Isola, Dicastero per l&#8217;Evangelizzazione per il Giubileo 2025, Esercito Italiano, Marina Militare, Aeronautica Militare, Arma dei Carabinieri, Corpo Nazionale dei Vigili del Fuoco, Protezione Civile Arvalia Roma, Societ\u00e0 Italiana degli Autori ed Editori, RAI, Treccani, Universit\u00e0 Luiss Guido Carli,&nbsp; Commissione Difesa Vista, CNA, Federazione Italiana Cuochi,&nbsp; Fondazione Campagna Amica, CONI<\/em>, <em>Sport e Salute<\/em>,<em> Federazione Italiana di Atletica Leggera, Federazione Italiana Giuoco Calcio, Federazione Italiana Golf, Federazione Italiana Pallacanestro,&nbsp; Federazione Italiana Pallavolo, Federazione Italiana Pesca Sportiva e Attivit\u00e0 Subacquee, Federazione Italiana Scherma, Federazione Italiana Sport Equestri Lazio, Federazione Italiana Rugby,&nbsp; Federazione Cricket Italiana, Federazione Italiana Baseball e Softball,&nbsp; Federazione Italiana Tiro con l\u2019Arco, Federazione Italiana Tennis e Padel e in collaborazione con il Ministero della Cultura.<\/em><\/p>\n\n\n\n<p>L&#8217;<strong>Esercito Italiano<\/strong>,in particolare, da anni sostiene la <strong>Race for the Cure<\/strong> con il prezioso supporto logistico e sanitario, anche in questa edizione fornir\u00e0 ai visitatori informazioni utili sull\u2019offerta formativa e sugli sbocchi professionali nell&#8217;Esercito.&nbsp;<\/p>\n\n\n\n<p>Come sempre i <strong>Capitani Famosi della Komen Italia<\/strong> &#8211; personaggi del mondo della cultura, dello spettacolo, della televisione e dello sport \u2013 con le madrine storiche della manifestazione <strong>Maria Grazia Cucinotta<\/strong> e <strong>Rosanna Banfi<\/strong> inviteranno i propri followers a partecipare alla <strong>Race for the Cure<\/strong> attraverso video pubblicati sulle proprie pagine social e rilanciati da @komenitalia.<\/p>\n\n\n\n<p><strong><u>PARTNER DELL\u2019EVENTO<\/u><\/strong><\/p>\n\n\n\n<p>Nel corso degli anni, la <strong>Race for the Cure<\/strong> ha generato partnership virtuose con istituzioni e aziende sensibili alle tematiche della solidariet\u00e0, della salute e della prevenzione.<\/p>\n\n\n\n<p>Di particolare rilievo la collaborazione con <strong>Aveeno<\/strong> e <strong>Biafin<\/strong> partner per le Donne in Rosa, <strong>ACEA<\/strong> partner dell\u2019Area Sport,&nbsp;<strong>Bimby Vorwerk<\/strong> partner dell\u2019Area Alimentazione, <strong>Easy Parking &#8211; Aeroporti di Roma<\/strong> partner Tecnico, <strong>ENEL<\/strong> partner dei Capitani delle Squadre, <strong>MSD<\/strong> partner dei Volontari, <strong>Froneri <\/strong>(Nuii e Maxibon) partner dell\u2019Area Padel, <strong>Todis<\/strong> partner dell\u2019Area Merenda bambini e <strong>Valmontone Outlet<\/strong> partner del Dj Set della domenica. Inoltre rinnovano il proprio sostegno <strong>Fasda<\/strong>,<strong> Ferrovie dello Stato Italiane<\/strong>, <strong>Fondazione Johnson&amp;Johnson<\/strong>, <strong>Kenvue<\/strong> e <strong>Pfizer.<\/strong><\/p>\n\n\n\n<p>L\u2019organizzazione tecnica della corsa \u00e8 affidata ancora una volta a <strong>GSB RUN (Gruppo Sportivo Bancari Romani)<\/strong>. Fornitori ufficiali <strong>Hertz<\/strong>, <strong>Lete<\/strong>,<strong> Radio Globo<\/strong> e<strong> Rainbow<\/strong>.<\/p>\n\n\n\n<p>Grande sostegno alla Race da Tv, Radio, Stampa, Concessionarie di Pubblicit\u00e0 e Web. In particolare si ringraziano: Rai per la media partnership, Mediaset, La7, Sky, Radio Globo, TRM network.<\/p>\n\n\n\n<p>Per la pubblicit\u00e0 Urban Vision, Vivenda, Building Communication, ADR, APA Affissioni, Roma Capitale, Grandi Stazioni Retail, Ferrovie dello Stato Italiane, COTRAL, PR Group, GQuadro Advertising, Cairo RCS, MEDIASEI, EXOMEDIA, Mediazione, The Media, One, SCI, RID 968, Unigamma, Diendi media, Esotas, Digital Led, Wayap, Waymedia e Atac per la personalizzazione di un intero treno della linea A della metropolitana di Roma, tutti i Capitani famosi e le madrine <strong>Maria Grazia Cucinotta<\/strong> e <strong>Rosanna Banfi<\/strong>.&nbsp;<\/p>\n\n\n\n<p>La diretta della partenza della <strong>Race for the Cure<\/strong>&nbsp;sar\u00e0 disponibile sulle pagine social di <strong>Komen Italia<\/strong> @komenitalia e fruibile sul canale 519 della piattaforma SKY e di Tiv\u00f9sat.&nbsp;<\/p>\n\n\n\n<p><strong>Le testate che desiderano condividere la produzione video potranno farne richiesta&nbsp;a Komen Italia&nbsp;entro il 6 maggio 2025 inviando la richiesta a <\/strong><a href=\"mailto:comunicazione@komen.it\"><strong>comunicazione@komen.it<\/strong><\/a>.<\/p>\n\n\n\n<p>L\u2019<strong>11 maggio sar\u00e0 disponibile un clean feed internazionale<\/strong> dell\u2019evento su satellite a copertura europea, indicando le apposite coordinate di ricezione.<\/p>\n\n\n\n<p><strong>Sar\u00e0 possibile condividere il link embed della diretta anche sui propri canali social e siti web istituzionali<\/strong>.<\/p>\n\n\n\n<p><strong><u>COME ISCRIVERSI E PARTECIPARE<\/u><\/strong><\/p>\n\n\n\n<p><strong>Ci si pu\u00f2 iscrivere alla Race <\/strong>con una donazione minima di almeno <strong>18<\/strong> <strong>euro sul sito<\/strong> <a href=\"https:\/\/eur01.safelinks.protection.outlook.com\/?url=http%3A%2F%2Fwww.raceforthecure.it%2F&amp;data=05%7C02%7Cemiliana.stefanori%40policlinicogemelli.it%7C4878bdbe9c4d48ddb90108dd7c009f87%7Cf1bd8bda097445ba99ca83c3df4c401e%7C0%7C0%7C638803065032081462%7CUnknown%7CTWFpbGZsb3d8eyJFbXB0eU1hcGkiOnRydWUsIlYiOiIwLjAuMDAwMCIsIlAiOiJXaW4zMiIsIkFOIjoiTWFpbCIsIldUIjoyfQ%3D%3D%7C0%7C%7C%7C&amp;sdata=QJJqMEQb8GVkBJzyglPL4EnDnULH5Ide3NTQ1HwgRcE%3D&amp;reserved=0\"><strong>www.raceforthecure.it<\/strong><\/a><strong>&nbsp;<\/strong>o in uno degli oltre cento punti di iscrizione in tutta Italia, tra cui i negozi Decathlon di Roma, nei <strong>Corner Komen<\/strong> presso le sedi dell\u2019Associazione e, a partire da gioved\u00ec 8 maggio 2025, anche al <strong>Villaggio della Race al Circo Massimo<\/strong>.<\/p>\n\n\n\n<p>L\u2019iscrizioned\u00e0 diritto a ricevere \u2013 fino a esaurimento \u2013 lo zainetto e l\u2019iconica maglia ufficiale.<\/p>\n\n\n\n<p><em>Info e iscrizioni: <\/em><a href=\"https:\/\/eur01.safelinks.protection.outlook.com\/?url=http%3A%2F%2Fwww.raceforthecure.it%2F&amp;data=05%7C02%7Cemiliana.stefanori%40policlinicogemelli.it%7C4878bdbe9c4d48ddb90108dd7c009f87%7Cf1bd8bda097445ba99ca83c3df4c401e%7C0%7C0%7C638803065032095443%7CUnknown%7CTWFpbGZsb3d8eyJFbXB0eU1hcGkiOnRydWUsIlYiOiIwLjAuMDAwMCIsIlAiOiJXaW4zMiIsIkFOIjoiTWFpbCIsIldUIjoyfQ%3D%3D%7C0%7C%7C%7C&amp;sdata=6Ae2yEOwJIMMBuXPJZaoexxy8M27Fj8iovOVnJrCmWE%3D&amp;reserved=0\"><em>www.raceforthecure.it<\/em><\/a>&nbsp;&nbsp; <a href=\"https:\/\/eur01.safelinks.protection.outlook.com\/?url=http%3A%2F%2Fwww.komen.it%2F&amp;data=05%7C02%7Cemiliana.stefanori%40policlinicogemelli.it%7C4878bdbe9c4d48ddb90108dd7c009f87%7Cf1bd8bda097445ba99ca83c3df4c401e%7C0%7C0%7C638803065032108353%7CUnknown%7CTWFpbGZsb3d8eyJFbXB0eU1hcGkiOnRydWUsIlYiOiIwLjAuMDAwMCIsIlAiOiJXaW4zMiIsIkFOIjoiTWFpbCIsIldUIjoyfQ%3D%3D%7C0%7C%7C%7C&amp;sdata=tJlzc8fyYxpGjXE6S3LwAFDZHDZ4%2FCMrhi%2BsW7SqJDY%3D&amp;reserved=0\"><em>www.komen.it<\/em><\/a><\/p>\n","protected":false},"excerpt":{"rendered":"<p>Il Policlinico Gemelli insieme a Komen Italia per la tutela della salute delle donne. Presentata nel Salone d\u2019Onore del CONI la 26esima edizione della Race for the Cure, la pi\u00f9 grande manifestazione al mondo per la lotta ai tumori del seno, che la Komen Italia organizza dall\u20198 all\u201911 maggio al Circo Massimo sotto l\u2019Alto Patronato [&hellip;]<\/p>\n","protected":false},"featured_media":69932,"template":"","categorie":[93],"class_list":{"0":"post-69928","1":"kf_gem_news","2":"type-kf_gem_news","3":"status-publish","4":"has-post-thumbnail","6":"kf_gem_newscat-events","7":"entry"},"acf":[],"yoast_head":"<!-- This site is optimized with the Yoast SEO plugin v27.5 - https:\/\/yoast.com\/product\/yoast-seo-wordpress\/ -->\n<title>Al via la 26esima edizione della Race for the Cure - Policlinico Universitario A. Gemelli IRCCS<\/title>\n<meta name=\"robots\" content=\"index, follow, max-snippet:-1, max-image-preview:large, max-video-preview:-1\" \/>\n<link rel=\"canonical\" href=\"https:\/\/www.policlinicogemelli.it\/en\/news-events\/al-via-la-26esima-edizione-della-race-for-the-cure\/\" \/>\n<meta property=\"og:locale\" content=\"en_US\" \/>\n<meta property=\"og:type\" content=\"article\" \/>\n<meta property=\"og:title\" content=\"Al via la 26esima edizione della Race for the Cure - Policlinico Universitario A. Gemelli IRCCS\" \/>\n<meta property=\"og:description\" content=\"Il Policlinico Gemelli insieme a Komen Italia per la tutela della salute delle donne. Presentata nel Salone d\u2019Onore del CONI la 26esima edizione della Race for the Cure, la pi\u00f9 grande manifestazione al mondo per la lotta ai tumori del seno, che la Komen Italia organizza dall\u20198 all\u201911 maggio al Circo Massimo sotto l\u2019Alto Patronato [&hellip;]\" \/>\n<meta property=\"og:url\" content=\"https:\/\/www.policlinicogemelli.it\/en\/news-events\/al-via-la-26esima-edizione-della-race-for-the-cure\/\" \/>\n<meta property=\"og:site_name\" content=\"Policlinico Universitario Agostino Gemelli IRCCS\" \/>\n<meta property=\"article:modified_time\" content=\"2025-04-15T12:16:55+00:00\" \/>\n<meta property=\"og:image\" content=\"https:\/\/www.policlinicogemelli.it\/wp-content\/uploads\/2023\/06\/Share_Gemelli.png\" \/>\n\t<meta property=\"og:image:width\" content=\"1200\" \/>\n\t<meta property=\"og:image:height\" content=\"630\" \/>\n\t<meta property=\"og:image:type\" content=\"image\/png\" \/>\n<meta name=\"twitter:card\" content=\"summary_large_image\" \/>\n<meta name=\"twitter:label1\" content=\"Est. reading time\" \/>\n\t<meta name=\"twitter:data1\" content=\"18 minutes\" \/>\n<script type=\"application\/ld+json\" class=\"yoast-schema-graph\">{\"@context\":\"https:\\\/\\\/schema.org\",\"@graph\":[{\"@type\":\"WebPage\",\"@id\":\"https:\\\/\\\/www.policlinicogemelli.it\\\/en\\\/news-events\\\/al-via-la-26esima-edizione-della-race-for-the-cure\\\/\",\"url\":\"https:\\\/\\\/www.policlinicogemelli.it\\\/en\\\/news-events\\\/al-via-la-26esima-edizione-della-race-for-the-cure\\\/\",\"name\":\"Al via la 26esima edizione della Race for the Cure - Policlinico Universitario A. Gemelli IRCCS\",\"isPartOf\":{\"@id\":\"https:\\\/\\\/www.policlinicogemelli.it\\\/en\\\/#website\"},\"primaryImageOfPage\":{\"@id\":\"https:\\\/\\\/www.policlinicogemelli.it\\\/en\\\/news-events\\\/al-via-la-26esima-edizione-della-race-for-the-cure\\\/#primaryimage\"},\"image\":{\"@id\":\"https:\\\/\\\/www.policlinicogemelli.it\\\/en\\\/news-events\\\/al-via-la-26esima-edizione-della-race-for-the-cure\\\/#primaryimage\"},\"thumbnailUrl\":\"https:\\\/\\\/www.policlinicogemelli.it\\\/wp-content\\\/uploads\\\/2025\\\/04\\\/VISUAL-RACE-FOR-THE-CURE-2025-CON-DATE.jpeg\",\"datePublished\":\"2025-04-15T12:16:52+00:00\",\"dateModified\":\"2025-04-15T12:16:55+00:00\",\"breadcrumb\":{\"@id\":\"https:\\\/\\\/www.policlinicogemelli.it\\\/en\\\/news-events\\\/al-via-la-26esima-edizione-della-race-for-the-cure\\\/#breadcrumb\"},\"inLanguage\":\"en-US\",\"potentialAction\":[{\"@type\":\"ReadAction\",\"target\":[\"https:\\\/\\\/www.policlinicogemelli.it\\\/en\\\/news-events\\\/al-via-la-26esima-edizione-della-race-for-the-cure\\\/\"]}]},{\"@type\":\"ImageObject\",\"inLanguage\":\"en-US\",\"@id\":\"https:\\\/\\\/www.policlinicogemelli.it\\\/en\\\/news-events\\\/al-via-la-26esima-edizione-della-race-for-the-cure\\\/#primaryimage\",\"url\":\"https:\\\/\\\/www.policlinicogemelli.it\\\/wp-content\\\/uploads\\\/2025\\\/04\\\/VISUAL-RACE-FOR-THE-CURE-2025-CON-DATE.jpeg\",\"contentUrl\":\"https:\\\/\\\/www.policlinicogemelli.it\\\/wp-content\\\/uploads\\\/2025\\\/04\\\/VISUAL-RACE-FOR-THE-CURE-2025-CON-DATE.jpeg\",\"width\":1600,\"height\":900},{\"@type\":\"BreadcrumbList\",\"@id\":\"https:\\\/\\\/www.policlinicogemelli.it\\\/en\\\/news-events\\\/al-via-la-26esima-edizione-della-race-for-the-cure\\\/#breadcrumb\",\"itemListElement\":[{\"@type\":\"ListItem\",\"position\":1,\"name\":\"Home\",\"item\":\"https:\\\/\\\/www.policlinicogemelli.it\\\/en\\\/\"},{\"@type\":\"ListItem\",\"position\":2,\"name\":\"News and Events\",\"item\":\"https:\\\/\\\/www.policlinicogemelli.it\\\/en\\\/news-events\\\/\"},{\"@type\":\"ListItem\",\"position\":3,\"name\":\"Al via la 26esima edizione della Race for the Cure\"}]},{\"@type\":\"WebSite\",\"@id\":\"https:\\\/\\\/www.policlinicogemelli.it\\\/en\\\/#website\",\"url\":\"https:\\\/\\\/www.policlinicogemelli.it\\\/en\\\/\",\"name\":\"Policlinico Universitario Agostino Gemelli IRCCS\",\"description\":\"Policlinico Universitario Agostino Gemelli IRCCS\",\"publisher\":{\"@id\":\"https:\\\/\\\/www.policlinicogemelli.it\\\/en\\\/#organization\"},\"potentialAction\":[{\"@type\":\"SearchAction\",\"target\":{\"@type\":\"EntryPoint\",\"urlTemplate\":\"https:\\\/\\\/www.policlinicogemelli.it\\\/en\\\/?s={search_term_string}\"},\"query-input\":{\"@type\":\"PropertyValueSpecification\",\"valueRequired\":true,\"valueName\":\"search_term_string\"}}],\"inLanguage\":\"en-US\"},{\"@type\":\"Organization\",\"@id\":\"https:\\\/\\\/www.policlinicogemelli.it\\\/en\\\/#organization\",\"name\":\"Policlinico Universitario Agostino Gemelli IRCCS\",\"url\":\"https:\\\/\\\/www.policlinicogemelli.it\\\/en\\\/\",\"logo\":{\"@type\":\"ImageObject\",\"inLanguage\":\"en-US\",\"@id\":\"https:\\\/\\\/www.policlinicogemelli.it\\\/en\\\/#\\\/schema\\\/logo\\\/image\\\/\",\"url\":\"https:\\\/\\\/www.policlinicogemelli.it\\\/wp-content\\\/uploads\\\/2019\\\/02\\\/logo-policlinico-gemelli-250-trasp-color-1.png\",\"contentUrl\":\"https:\\\/\\\/www.policlinicogemelli.it\\\/wp-content\\\/uploads\\\/2019\\\/02\\\/logo-policlinico-gemelli-250-trasp-color-1.png\",\"width\":250,\"height\":82,\"caption\":\"Policlinico Universitario Agostino Gemelli IRCCS\"},\"image\":{\"@id\":\"https:\\\/\\\/www.policlinicogemelli.it\\\/en\\\/#\\\/schema\\\/logo\\\/image\\\/\"}}]}<\/script>\n<!-- \/ Yoast SEO plugin. -->","yoast_head_json":{"title":"Al via la 26esima edizione della Race for the Cure - Policlinico Universitario A. Gemelli IRCCS","robots":{"index":"index","follow":"follow","max-snippet":"max-snippet:-1","max-image-preview":"max-image-preview:large","max-video-preview":"max-video-preview:-1"},"canonical":"https:\/\/www.policlinicogemelli.it\/en\/news-events\/al-via-la-26esima-edizione-della-race-for-the-cure\/","og_locale":"en_US","og_type":"article","og_title":"Al via la 26esima edizione della Race for the Cure - Policlinico Universitario A. Gemelli IRCCS","og_description":"Il Policlinico Gemelli insieme a Komen Italia per la tutela della salute delle donne. Presentata nel Salone d\u2019Onore del CONI la 26esima edizione della Race for the Cure, la pi\u00f9 grande manifestazione al mondo per la lotta ai tumori del seno, che la Komen Italia organizza dall\u20198 all\u201911 maggio al Circo Massimo sotto l\u2019Alto Patronato [&hellip;]","og_url":"https:\/\/www.policlinicogemelli.it\/en\/news-events\/al-via-la-26esima-edizione-della-race-for-the-cure\/","og_site_name":"Policlinico Universitario Agostino Gemelli IRCCS","article_modified_time":"2025-04-15T12:16:55+00:00","og_image":[{"width":1200,"height":630,"url":"https:\/\/www.policlinicogemelli.it\/wp-content\/uploads\/2023\/06\/Share_Gemelli.png","type":"image\/png"}],"twitter_card":"summary_large_image","twitter_misc":{"Est. reading time":"18 minutes"},"schema":{"@context":"https:\/\/schema.org","@graph":[{"@type":"WebPage","@id":"https:\/\/www.policlinicogemelli.it\/en\/news-events\/al-via-la-26esima-edizione-della-race-for-the-cure\/","url":"https:\/\/www.policlinicogemelli.it\/en\/news-events\/al-via-la-26esima-edizione-della-race-for-the-cure\/","name":"Al via la 26esima edizione della Race for the Cure - Policlinico Universitario A. Gemelli IRCCS","isPartOf":{"@id":"https:\/\/www.policlinicogemelli.it\/en\/#website"},"primaryImageOfPage":{"@id":"https:\/\/www.policlinicogemelli.it\/en\/news-events\/al-via-la-26esima-edizione-della-race-for-the-cure\/#primaryimage"},"image":{"@id":"https:\/\/www.policlinicogemelli.it\/en\/news-events\/al-via-la-26esima-edizione-della-race-for-the-cure\/#primaryimage"},"thumbnailUrl":"https:\/\/www.policlinicogemelli.it\/wp-content\/uploads\/2025\/04\/VISUAL-RACE-FOR-THE-CURE-2025-CON-DATE.jpeg","datePublished":"2025-04-15T12:16:52+00:00","dateModified":"2025-04-15T12:16:55+00:00","breadcrumb":{"@id":"https:\/\/www.policlinicogemelli.it\/en\/news-events\/al-via-la-26esima-edizione-della-race-for-the-cure\/#breadcrumb"},"inLanguage":"en-US","potentialAction":[{"@type":"ReadAction","target":["https:\/\/www.policlinicogemelli.it\/en\/news-events\/al-via-la-26esima-edizione-della-race-for-the-cure\/"]}]},{"@type":"ImageObject","inLanguage":"en-US","@id":"https:\/\/www.policlinicogemelli.it\/en\/news-events\/al-via-la-26esima-edizione-della-race-for-the-cure\/#primaryimage","url":"https:\/\/www.policlinicogemelli.it\/wp-content\/uploads\/2025\/04\/VISUAL-RACE-FOR-THE-CURE-2025-CON-DATE.jpeg","contentUrl":"https:\/\/www.policlinicogemelli.it\/wp-content\/uploads\/2025\/04\/VISUAL-RACE-FOR-THE-CURE-2025-CON-DATE.jpeg","width":1600,"height":900},{"@type":"BreadcrumbList","@id":"https:\/\/www.policlinicogemelli.it\/en\/news-events\/al-via-la-26esima-edizione-della-race-for-the-cure\/#breadcrumb","itemListElement":[{"@type":"ListItem","position":1,"name":"Home","item":"https:\/\/www.policlinicogemelli.it\/en\/"},{"@type":"ListItem","position":2,"name":"News and Events","item":"https:\/\/www.policlinicogemelli.it\/en\/news-events\/"},{"@type":"ListItem","position":3,"name":"Al via la 26esima edizione della Race for the Cure"}]},{"@type":"WebSite","@id":"https:\/\/www.policlinicogemelli.it\/en\/#website","url":"https:\/\/www.policlinicogemelli.it\/en\/","name":"Policlinico Universitario Agostino Gemelli IRCCS","description":"Policlinico Universitario Agostino Gemelli IRCCS","publisher":{"@id":"https:\/\/www.policlinicogemelli.it\/en\/#organization"},"potentialAction":[{"@type":"SearchAction","target":{"@type":"EntryPoint","urlTemplate":"https:\/\/www.policlinicogemelli.it\/en\/?s={search_term_string}"},"query-input":{"@type":"PropertyValueSpecification","valueRequired":true,"valueName":"search_term_string"}}],"inLanguage":"en-US"},{"@type":"Organization","@id":"https:\/\/www.policlinicogemelli.it\/en\/#organization","name":"Policlinico Universitario Agostino Gemelli IRCCS","url":"https:\/\/www.policlinicogemelli.it\/en\/","logo":{"@type":"ImageObject","inLanguage":"en-US","@id":"https:\/\/www.policlinicogemelli.it\/en\/#\/schema\/logo\/image\/","url":"https:\/\/www.policlinicogemelli.it\/wp-content\/uploads\/2019\/02\/logo-policlinico-gemelli-250-trasp-color-1.png","contentUrl":"https:\/\/www.policlinicogemelli.it\/wp-content\/uploads\/2019\/02\/logo-policlinico-gemelli-250-trasp-color-1.png","width":250,"height":82,"caption":"Policlinico Universitario Agostino Gemelli IRCCS"},"image":{"@id":"https:\/\/www.policlinicogemelli.it\/en\/#\/schema\/logo\/image\/"}}]}},"rest_api_enabler":[],"_links":{"self":[{"href":"https:\/\/www.policlinicogemelli.it\/en\/wp-json\/wp\/v2\/news\/69928","targetHints":{"allow":["GET"]}}],"collection":[{"href":"https:\/\/www.policlinicogemelli.it\/en\/wp-json\/wp\/v2\/news"}],"about":[{"href":"https:\/\/www.policlinicogemelli.it\/en\/wp-json\/wp\/v2\/types\/kf_gem_news"}],"version-history":[{"count":0,"href":"https:\/\/www.policlinicogemelli.it\/en\/wp-json\/wp\/v2\/news\/69928\/revisions"}],"wp:featuredmedia":[{"embeddable":true,"href":"https:\/\/www.policlinicogemelli.it\/en\/wp-json\/wp\/v2\/media\/69932"}],"wp:attachment":[{"href":"https:\/\/www.policlinicogemelli.it\/en\/wp-json\/wp\/v2\/media?parent=69928"}],"wp:term":[{"taxonomy":"kf_gem_newscat","embeddable":true,"href":"https:\/\/www.policlinicogemelli.it\/en\/wp-json\/wp\/v2\/categorie?post=69928"}],"curies":[{"name":"wp","href":"https:\/\/api.w.org\/{rel}","templated":true}]}}