{"id":69113,"date":"2025-03-24T10:15:54","date_gmt":"2025-03-24T09:15:54","guid":{"rendered":"https:\/\/www.policlinicogemelli.it\/news-eventi\/il-mondo-rivede-il-papa-il-saluto-dal-gemelli-grazie-a-tutti\/"},"modified":"2025-04-01T15:21:29","modified_gmt":"2025-04-01T14:21:29","slug":"il-mondo-rivede-il-papa-il-saluto-dal-gemelli-grazie-a-tutti","status":"publish","type":"kf_gem_news","link":"https:\/\/www.policlinicogemelli.it\/en\/news-events\/il-mondo-rivede-il-papa-il-saluto-dal-gemelli-grazie-a-tutti\/","title":{"rendered":"Il mondo rivede il Papa, il saluto dal Gemelli: \u201cGrazie a tutti\u201d"},"content":{"rendered":"\n<p>Francesco si \u00e8 affacciato per la prima volta dall\u2019inizio del ricovero dal balcone del Policlinico, prima di lasciare l\u2019ospedale dove era degente dal 14 febbraio. Saluti, benedizioni e pollici in su verso le 3 mila persone radunate nel piazzale che applaudivano e gridavano il suo nome. Dal Pontefice un saluto alla signora Carmela, 78 anni, con in mano un mazzo di fiori gialli: \u201c\u00c8 brava!\u201d<\/p>\n\n\n\n<p class=\"has-text-align-center\"><em>Grazie a tutti!<\/em><\/p>\n\n\n\n<p>Eccolo il Papa, eccolo riapparire ai 3 mila fedeli riuniti dalla mattina nel piazzale del Gemelli che in questi 38 giorni di ricovero ha visto una catena ininterrotta di preghiere per la sua guarigione. Poche parole dal balconcino del quinto piano, il volto provato, le mani sulle ginocchia che si sono alzate per benedire e tirare su i pollici. Un accenno di sorriso nel vedere e sentire questa folla che grida: \u201cFrancesco, Francesco!\u201d, \u201cti vogliamo bene!\u201d, \u201csiamo qui per te!\u201d.<\/p>\n\n\n\n<figure class=\"wp-block-image size-large\"><img loading=\"lazy\" decoding=\"async\" width=\"1024\" height=\"683\" src=\"https:\/\/www.policlinicogemelli.it\/wp-content\/uploads\/2025\/03\/dimissione-Papa-Francesco-23032025-1-1-1024x683.jpg\" alt=\"\" class=\"wp-image-69105\" srcset=\"https:\/\/www.policlinicogemelli.it\/wp-content\/uploads\/2025\/03\/dimissione-Papa-Francesco-23032025-1-1-1024x683.jpg 1024w, https:\/\/www.policlinicogemelli.it\/wp-content\/uploads\/2025\/03\/dimissione-Papa-Francesco-23032025-1-1-300x200.jpg 300w, https:\/\/www.policlinicogemelli.it\/wp-content\/uploads\/2025\/03\/dimissione-Papa-Francesco-23032025-1-1-768x512.jpg 768w, https:\/\/www.policlinicogemelli.it\/wp-content\/uploads\/2025\/03\/dimissione-Papa-Francesco-23032025-1-1-1536x1024.jpg 1536w, https:\/\/www.policlinicogemelli.it\/wp-content\/uploads\/2025\/03\/dimissione-Papa-Francesco-23032025-1-1-2048x1365.jpg 2048w, https:\/\/www.policlinicogemelli.it\/wp-content\/uploads\/2025\/03\/dimissione-Papa-Francesco-23032025-1-1-742x495.jpg 742w, https:\/\/www.policlinicogemelli.it\/wp-content\/uploads\/2025\/03\/dimissione-Papa-Francesco-23032025-1-1-307x205.jpg 307w, https:\/\/www.policlinicogemelli.it\/wp-content\/uploads\/2025\/03\/dimissione-Papa-Francesco-23032025-1-1-600x400.jpg 600w, https:\/\/www.policlinicogemelli.it\/wp-content\/uploads\/2025\/03\/dimissione-Papa-Francesco-23032025-1-1-400x267.jpg 400w\" sizes=\"auto, (max-width: 1024px) 100vw, 1024px\" \/><\/figure>\n\n\n\n<p>Il saluto e la benedizione del Papa dal Policlinico Gemelli &nbsp; (VATICAN MEDIA Divisione Foto)<\/p>\n\n\n\n<p><strong>Il saluto a Carmela, &#8220;la signora dai fiori gialli&#8221;<\/strong><\/p>\n\n\n\n<p>\u201cGrazie a tutti!\u201d, scandisce il Papa con voce flebile. Era previsto un gesto di saluto, ma il Papa ha voluto farsi ascoltare oltre che vedere. Lo sguardo \u00e8 andato da una parte all\u2019altra della piazza, poi, come \u00e8 tipico di lui, si \u00e8 concentrato su un particolare: la signora Carmela Mancuso, 78 anni, calabrese, in prima fila diretta verso il balconcino, con in mano un mazzo di fiori gialli. \u00c8 partita dalla Stazione di San Pietro per recarsi al Gemelli. Lo ha fatto quasi ogni giorno da oltre un mese, ma lo ha fatto anche tante volte durante l\u2019udienza generale del mercoled\u00ec.<\/p>\n\n\n\n<p><em>\u201cE vedo questa signora con i fiori gialli! \u00c8 brava!\u201d<\/em><\/p>\n\n\n\n<p>Un applauso, un coro di \u201cW il Papa!\u201d. La stessa Carmela che piega la testa verso il basso tirata gi\u00f9 dal peso delle lacrime. \u201cNon so che dire. Grazie, grazie, grazie, al Signore e al Santo Padre. Non pensavo di essere cos\u00ec \u2018vista\u2019\u201d, commenta subito dopo ai media vaticani. \u201cDoveva dare la benedizione e invece ha visto il mio fascio di rose. Gli auguro di guarire subito e tornare come prima tra noi\u201d.<\/p>\n\n\n\n<p><strong>L&#8217;abbraccio della gente<\/strong><\/p>\n\n\n\n<p>\u00c8 l\u2019augurio che esprimono infermiere, medici, studenti dell\u2019Universit\u00e0 Cattolica riuniti nel cortile. C&#8217;\u00e8 il sindaco di Roma, Roberto Gualtieri; ci sono fedeli di diverse nazionalit\u00e0 e c&#8217;\u00e8 la Cooperativa Auxilium che ha innalzato prima di mezzogiorno un grande cartellone con le bandiere di tutto il mondo e un appello per la pace. C\u2019\u00e8 un uomo che ieri ha compiuto 75 anni che esibisce un cartello in cui affida Francesco alla intercessione del suo predecessore Giovanni Paolo II. E c\u2019\u00e8 un gruppo che da Piazza San Pietro ha imbracciato la croce del Giubileo \u2013 quella che viene usata per il pellegrinaggio verso la Porta Santa \u2013 ed \u00e8 arrivata fino al Gemelli: \u201c\u00c8 importante essere qui\u201d. Ci sono Emanuela e Adam, con i loro tre figli, che dopo la Messa \u201cqui vicino\u201d hanno voluto portare i bambini a salutare Francesco: \u201cAbbiamo pregato ogni giorno a tavola per lui, era giusto che lo vedessero\u201d, dice il pap\u00e0.<\/p>\n\n\n\n<p>Poi c\u2019\u00e8 lei, suor Genevi\u00e9ve Jeanningros, la religiosa angelo del Luna Park di Ostia, impegnata per la pastorale di rom e sinti ma anche di omosessuali e persone transgender. Una vecchia conoscenza del Papa (la \u201cenfant terrible\u201d, la chiama lui) che va a salutare ogni mercoled\u00ec all\u2019udienza in Piazza San Pietro o in Aula Paolo VI. \u201cNon vedevo l\u2019ora che Francesco si facesse vedere e uscisse\u201d, commenta ai media vaticani. \u201cNon ce la facevamo pi\u00f9. Gli facciamo tanti auguri. Auguri buoni!\u201d.<\/p>\n\n\n\n<figure class=\"wp-block-image size-large\"><img loading=\"lazy\" decoding=\"async\" width=\"1024\" height=\"683\" src=\"https:\/\/www.policlinicogemelli.it\/wp-content\/uploads\/2025\/03\/dimissione-Papa-Francesco-23032025-2-1-1024x683.jpg\" alt=\"\" class=\"wp-image-69107\" srcset=\"https:\/\/www.policlinicogemelli.it\/wp-content\/uploads\/2025\/03\/dimissione-Papa-Francesco-23032025-2-1-1024x683.jpg 1024w, https:\/\/www.policlinicogemelli.it\/wp-content\/uploads\/2025\/03\/dimissione-Papa-Francesco-23032025-2-1-300x200.jpg 300w, https:\/\/www.policlinicogemelli.it\/wp-content\/uploads\/2025\/03\/dimissione-Papa-Francesco-23032025-2-1-768x512.jpg 768w, https:\/\/www.policlinicogemelli.it\/wp-content\/uploads\/2025\/03\/dimissione-Papa-Francesco-23032025-2-1-1536x1024.jpg 1536w, https:\/\/www.policlinicogemelli.it\/wp-content\/uploads\/2025\/03\/dimissione-Papa-Francesco-23032025-2-1-2048x1365.jpg 2048w, https:\/\/www.policlinicogemelli.it\/wp-content\/uploads\/2025\/03\/dimissione-Papa-Francesco-23032025-2-1-742x495.jpg 742w, https:\/\/www.policlinicogemelli.it\/wp-content\/uploads\/2025\/03\/dimissione-Papa-Francesco-23032025-2-1-307x205.jpg 307w, https:\/\/www.policlinicogemelli.it\/wp-content\/uploads\/2025\/03\/dimissione-Papa-Francesco-23032025-2-1-600x400.jpg 600w, https:\/\/www.policlinicogemelli.it\/wp-content\/uploads\/2025\/03\/dimissione-Papa-Francesco-23032025-2-1-400x267.jpg 400w\" sizes=\"auto, (max-width: 1024px) 100vw, 1024px\" \/><\/figure>\n\n\n\n<p>Il saluto e la benedizione del Papa dal Policlinico Gemelli &nbsp; (VATICAN MEDIA Divisione Foto)<\/p>\n\n\n\n<p><strong>I fiori alla Madonna a Santa Maria Maggiore<\/strong><\/p>\n\n\n\n<p>Subito dopo aver lasciato il balconcino, la folla si \u00e8 spostata verso l\u2019ingresso del Gemelli per catturare l\u2019uscita del Pontefice nella consueta e ormai nota Fiat 500L bianca. Ancora saluti e cori hanno accompagnato il passaggio del Papa in auto, con i finestrini alzati. La direzione \u00e8 Santa Maria Maggiore, la Basilica che mai una volta \u2013 dopo un viaggio internazionale o una operazione e un ricovero \u2013 Jorge Mario Bergoglio ha mancato di visitare per pregare la Salus Populi Romani e ringraziarla per la sua protezione. Il Papa ha consegnato dei fiori al cardinale Rolandas Makrickas, arciprete coadiutore della Basilica liberiana, da porre ai piedi dell&#8217;icona mariana. \u00c8 il mazzo donato dalla signora Carmela.&nbsp;<\/p>\n\n\n\n<p>Da Santa Maria Maggiore a Santa Marta, il Papa fa il suo ingresso al Perugino salutando i militari l\u00ec di presidio, la gente del vicinato, tra cui una signora con il cane con la quale scambia alcune parole e Piero Di Domenicantonio, direttore de&nbsp;<em>L&#8217;Osservatore di Strada&nbsp;<\/em>che gli consegna una copia.<\/p>\n\n\n\n<figure class=\"wp-block-image size-full\"><img loading=\"lazy\" decoding=\"async\" width=\"750\" height=\"422\" src=\"https:\/\/www.policlinicogemelli.it\/wp-content\/uploads\/2025\/03\/fiori-papa-francesco.jpeg\" alt=\"\" class=\"wp-image-69109\" srcset=\"https:\/\/www.policlinicogemelli.it\/wp-content\/uploads\/2025\/03\/fiori-papa-francesco.jpeg 750w, https:\/\/www.policlinicogemelli.it\/wp-content\/uploads\/2025\/03\/fiori-papa-francesco-300x169.jpeg 300w, https:\/\/www.policlinicogemelli.it\/wp-content\/uploads\/2025\/03\/fiori-papa-francesco-350x197.jpeg 350w, https:\/\/www.policlinicogemelli.it\/wp-content\/uploads\/2025\/03\/fiori-papa-francesco-400x225.jpeg 400w\" sizes=\"auto, (max-width: 750px) 100vw, 750px\" \/><\/figure>\n\n\n\n<p>I fiori del Papa consegnati al Cardinale Makrickas da porre davanti all\u2019icona della Vergine Salus Populi Romani. \u00a0 (VATICAN MEDIA Divisione Foto)<\/p>\n\n\n\n<p><strong>Il saluto prima dell&#8217;uscita dall&#8217;ospedale<\/strong><\/p>\n\n\n\n<p>Prima di affacciarsi dal balcone dell\u2019ospedale, Papa Francesco ha voluto salutare brevemente in mattinata il personale e i vertici dell\u2019Universit\u00e0 Cattolica e del Policlinico Gemelli: il rettore Elena Beccalli; il presidente della Fondazione Policlinico Universitario Agostino Gemelli IRCCS, Daniele Franco; il preside della Facolt\u00e0 di Medicina e chirurgia della Cattolica, Antonio Gasbarrini; il vicepresidente della Fondazione, Giuseppe Fioroni; il direttore generale, Marco Elefanti, l\u2019assistente ecclesiastico, monsignor Claudio Giuliodori, il direttore sanitario della Fondazione Gemelli, Andrea Cambieri, e Sergio Alfieri, direttore del Dipartimento di Scienze Medico-Chirurgiche del Policlinico e responsabile dell\u2019equipe medica che ha avuto in cura il Papa. Tutti si sono spostati poco prima delle 12 nel piazzale.<\/p>\n\n\n\n<p><strong>La gioia della comunit\u00e0 del Gemelli<\/strong><\/p>\n\n\n\n<p>Gioia e devozione le esprime la rettrice Beccalli a nome di tutta la comunit\u00e0 del Gemelli che in una nota scrive al Papa: \u201cMolte persone malate si sono rispecchiate in una sofferenza che Papa Francesco ha voluto condividere e non nascondere, a conferma della profonda umanit\u00e0 che contraddistingue tutto il suo Magistero\u201d. \u201cSe davvero la Chiesa \u00e8 chiamata a essere ospedale da campo, come ha detto Papa Francesco, il Policlinico Gemelli e la Facolt\u00e0 di Medicina e Chirurgia ad esso collegata non possono che rallegrarsi per aver potuto dare il proprio contributo alla guarigione del Santo Padre\u201d, afferma Beccalli.&nbsp;Da qui, un sentito grazie a tutti i medici e gli infermieri che \u201channo espresso in maniera esemplare la loro professionalit\u00e0, dedizione ed umanit\u00e0, nel segno di quella vocazione alla cura appassionatamente descritta dallo stesso Papa Francesco\u201d.<\/p>\n\n\n\n<p>Fonte: <a href=\"https:\/\/www.vaticannews.va\/it\/papa\/news\/2025-03\/papa-francesco-saluto-gemelli-affaccio-balcone.html\">https:\/\/www.vaticannews.va\/it\/papa\/news\/2025-03\/papa-francesco-saluto-gemelli-affaccio-balcone.html<\/a><\/p>\n\n\n\n<p>Foto: VATICAN MEDIA Divisione Foto<\/p>\n","protected":false},"excerpt":{"rendered":"<p>Francesco si \u00e8 affacciato per la prima volta dall\u2019inizio del ricovero dal balcone del Policlinico, prima di lasciare l\u2019ospedale dove era degente dal 14 febbraio. Saluti, benedizioni e pollici in su verso le 3 mila persone radunate nel piazzale che applaudivano e gridavano il suo nome. Dal Pontefice un saluto alla signora Carmela, 78 anni, [&hellip;]<\/p>\n","protected":false},"featured_media":69112,"template":"","categorie":[93],"class_list":{"0":"post-69113","1":"kf_gem_news","2":"type-kf_gem_news","3":"status-publish","4":"has-post-thumbnail","6":"kf_gem_newscat-events","7":"entry"},"acf":[],"yoast_head":"<!-- This site is optimized with the Yoast SEO plugin v27.5 - https:\/\/yoast.com\/product\/yoast-seo-wordpress\/ -->\n<title>Il mondo rivede il Papa, il saluto dal Gemelli: \u201cGrazie a tutti\u201d - Policlinico Universitario A. Gemelli IRCCS<\/title>\n<meta name=\"robots\" content=\"index, follow, max-snippet:-1, max-image-preview:large, max-video-preview:-1\" \/>\n<link rel=\"canonical\" href=\"https:\/\/www.policlinicogemelli.it\/en\/news-events\/il-mondo-rivede-il-papa-il-saluto-dal-gemelli-grazie-a-tutti\/\" \/>\n<meta property=\"og:locale\" content=\"en_US\" \/>\n<meta property=\"og:type\" content=\"article\" \/>\n<meta property=\"og:title\" content=\"Il mondo rivede il Papa, il saluto dal Gemelli: \u201cGrazie a tutti\u201d - Policlinico Universitario A. Gemelli IRCCS\" \/>\n<meta property=\"og:description\" content=\"Francesco si \u00e8 affacciato per la prima volta dall\u2019inizio del ricovero dal balcone del Policlinico, prima di lasciare l\u2019ospedale dove era degente dal 14 febbraio. Saluti, benedizioni e pollici in su verso le 3 mila persone radunate nel piazzale che applaudivano e gridavano il suo nome. Dal Pontefice un saluto alla signora Carmela, 78 anni, [&hellip;]\" \/>\n<meta property=\"og:url\" content=\"https:\/\/www.policlinicogemelli.it\/en\/news-events\/il-mondo-rivede-il-papa-il-saluto-dal-gemelli-grazie-a-tutti\/\" \/>\n<meta property=\"og:site_name\" content=\"Policlinico Universitario Agostino Gemelli IRCCS\" \/>\n<meta property=\"article:modified_time\" content=\"2025-04-01T14:21:29+00:00\" \/>\n<meta property=\"og:image\" content=\"https:\/\/www.policlinicogemelli.it\/wp-content\/uploads\/2025\/03\/dimissione-Papa-Francesco-23032025-3-1-scaled.jpg\" \/>\n\t<meta property=\"og:image:width\" content=\"2560\" \/>\n\t<meta property=\"og:image:height\" content=\"1707\" \/>\n\t<meta property=\"og:image:type\" content=\"image\/jpeg\" \/>\n<meta name=\"twitter:card\" content=\"summary_large_image\" \/>\n<meta name=\"twitter:label1\" content=\"Est. reading time\" \/>\n\t<meta name=\"twitter:data1\" content=\"5 minutes\" \/>\n<script type=\"application\/ld+json\" class=\"yoast-schema-graph\">{\"@context\":\"https:\\\/\\\/schema.org\",\"@graph\":[{\"@type\":\"WebPage\",\"@id\":\"https:\\\/\\\/www.policlinicogemelli.it\\\/en\\\/news-events\\\/il-mondo-rivede-il-papa-il-saluto-dal-gemelli-grazie-a-tutti\\\/\",\"url\":\"https:\\\/\\\/www.policlinicogemelli.it\\\/en\\\/news-events\\\/il-mondo-rivede-il-papa-il-saluto-dal-gemelli-grazie-a-tutti\\\/\",\"name\":\"Il mondo rivede il Papa, il saluto dal Gemelli: \u201cGrazie a tutti\u201d - Policlinico Universitario A. Gemelli IRCCS\",\"isPartOf\":{\"@id\":\"https:\\\/\\\/www.policlinicogemelli.it\\\/en\\\/#website\"},\"primaryImageOfPage\":{\"@id\":\"https:\\\/\\\/www.policlinicogemelli.it\\\/en\\\/news-events\\\/il-mondo-rivede-il-papa-il-saluto-dal-gemelli-grazie-a-tutti\\\/#primaryimage\"},\"image\":{\"@id\":\"https:\\\/\\\/www.policlinicogemelli.it\\\/en\\\/news-events\\\/il-mondo-rivede-il-papa-il-saluto-dal-gemelli-grazie-a-tutti\\\/#primaryimage\"},\"thumbnailUrl\":\"https:\\\/\\\/www.policlinicogemelli.it\\\/wp-content\\\/uploads\\\/2025\\\/03\\\/dimissione-Papa-Francesco-23032025-3-1-scaled.jpg\",\"datePublished\":\"2025-03-24T09:15:54+00:00\",\"dateModified\":\"2025-04-01T14:21:29+00:00\",\"breadcrumb\":{\"@id\":\"https:\\\/\\\/www.policlinicogemelli.it\\\/en\\\/news-events\\\/il-mondo-rivede-il-papa-il-saluto-dal-gemelli-grazie-a-tutti\\\/#breadcrumb\"},\"inLanguage\":\"en-US\",\"potentialAction\":[{\"@type\":\"ReadAction\",\"target\":[\"https:\\\/\\\/www.policlinicogemelli.it\\\/en\\\/news-events\\\/il-mondo-rivede-il-papa-il-saluto-dal-gemelli-grazie-a-tutti\\\/\"]}]},{\"@type\":\"ImageObject\",\"inLanguage\":\"en-US\",\"@id\":\"https:\\\/\\\/www.policlinicogemelli.it\\\/en\\\/news-events\\\/il-mondo-rivede-il-papa-il-saluto-dal-gemelli-grazie-a-tutti\\\/#primaryimage\",\"url\":\"https:\\\/\\\/www.policlinicogemelli.it\\\/wp-content\\\/uploads\\\/2025\\\/03\\\/dimissione-Papa-Francesco-23032025-3-1-scaled.jpg\",\"contentUrl\":\"https:\\\/\\\/www.policlinicogemelli.it\\\/wp-content\\\/uploads\\\/2025\\\/03\\\/dimissione-Papa-Francesco-23032025-3-1-scaled.jpg\",\"width\":2560,\"height\":1707},{\"@type\":\"BreadcrumbList\",\"@id\":\"https:\\\/\\\/www.policlinicogemelli.it\\\/en\\\/news-events\\\/il-mondo-rivede-il-papa-il-saluto-dal-gemelli-grazie-a-tutti\\\/#breadcrumb\",\"itemListElement\":[{\"@type\":\"ListItem\",\"position\":1,\"name\":\"Home\",\"item\":\"https:\\\/\\\/www.policlinicogemelli.it\\\/en\\\/\"},{\"@type\":\"ListItem\",\"position\":2,\"name\":\"News and Events\",\"item\":\"https:\\\/\\\/www.policlinicogemelli.it\\\/en\\\/news-events\\\/\"},{\"@type\":\"ListItem\",\"position\":3,\"name\":\"Il mondo rivede il Papa, il saluto dal Gemelli: \u201cGrazie a tutti\u201d\"}]},{\"@type\":\"WebSite\",\"@id\":\"https:\\\/\\\/www.policlinicogemelli.it\\\/en\\\/#website\",\"url\":\"https:\\\/\\\/www.policlinicogemelli.it\\\/en\\\/\",\"name\":\"Policlinico Universitario Agostino Gemelli IRCCS\",\"description\":\"Policlinico Universitario Agostino Gemelli IRCCS\",\"publisher\":{\"@id\":\"https:\\\/\\\/www.policlinicogemelli.it\\\/en\\\/#organization\"},\"potentialAction\":[{\"@type\":\"SearchAction\",\"target\":{\"@type\":\"EntryPoint\",\"urlTemplate\":\"https:\\\/\\\/www.policlinicogemelli.it\\\/en\\\/?s={search_term_string}\"},\"query-input\":{\"@type\":\"PropertyValueSpecification\",\"valueRequired\":true,\"valueName\":\"search_term_string\"}}],\"inLanguage\":\"en-US\"},{\"@type\":\"Organization\",\"@id\":\"https:\\\/\\\/www.policlinicogemelli.it\\\/en\\\/#organization\",\"name\":\"Policlinico Universitario Agostino Gemelli IRCCS\",\"url\":\"https:\\\/\\\/www.policlinicogemelli.it\\\/en\\\/\",\"logo\":{\"@type\":\"ImageObject\",\"inLanguage\":\"en-US\",\"@id\":\"https:\\\/\\\/www.policlinicogemelli.it\\\/en\\\/#\\\/schema\\\/logo\\\/image\\\/\",\"url\":\"https:\\\/\\\/www.policlinicogemelli.it\\\/wp-content\\\/uploads\\\/2019\\\/02\\\/logo-policlinico-gemelli-250-trasp-color-1.png\",\"contentUrl\":\"https:\\\/\\\/www.policlinicogemelli.it\\\/wp-content\\\/uploads\\\/2019\\\/02\\\/logo-policlinico-gemelli-250-trasp-color-1.png\",\"width\":250,\"height\":82,\"caption\":\"Policlinico Universitario Agostino Gemelli IRCCS\"},\"image\":{\"@id\":\"https:\\\/\\\/www.policlinicogemelli.it\\\/en\\\/#\\\/schema\\\/logo\\\/image\\\/\"}}]}<\/script>\n<!-- \/ Yoast SEO plugin. -->","yoast_head_json":{"title":"Il mondo rivede il Papa, il saluto dal Gemelli: \u201cGrazie a tutti\u201d - Policlinico Universitario A. Gemelli IRCCS","robots":{"index":"index","follow":"follow","max-snippet":"max-snippet:-1","max-image-preview":"max-image-preview:large","max-video-preview":"max-video-preview:-1"},"canonical":"https:\/\/www.policlinicogemelli.it\/en\/news-events\/il-mondo-rivede-il-papa-il-saluto-dal-gemelli-grazie-a-tutti\/","og_locale":"en_US","og_type":"article","og_title":"Il mondo rivede il Papa, il saluto dal Gemelli: \u201cGrazie a tutti\u201d - Policlinico Universitario A. Gemelli IRCCS","og_description":"Francesco si \u00e8 affacciato per la prima volta dall\u2019inizio del ricovero dal balcone del Policlinico, prima di lasciare l\u2019ospedale dove era degente dal 14 febbraio. Saluti, benedizioni e pollici in su verso le 3 mila persone radunate nel piazzale che applaudivano e gridavano il suo nome. Dal Pontefice un saluto alla signora Carmela, 78 anni, [&hellip;]","og_url":"https:\/\/www.policlinicogemelli.it\/en\/news-events\/il-mondo-rivede-il-papa-il-saluto-dal-gemelli-grazie-a-tutti\/","og_site_name":"Policlinico Universitario Agostino Gemelli IRCCS","article_modified_time":"2025-04-01T14:21:29+00:00","og_image":[{"width":2560,"height":1707,"url":"https:\/\/www.policlinicogemelli.it\/wp-content\/uploads\/2025\/03\/dimissione-Papa-Francesco-23032025-3-1-scaled.jpg","type":"image\/jpeg"}],"twitter_card":"summary_large_image","twitter_misc":{"Est. reading time":"5 minutes"},"schema":{"@context":"https:\/\/schema.org","@graph":[{"@type":"WebPage","@id":"https:\/\/www.policlinicogemelli.it\/en\/news-events\/il-mondo-rivede-il-papa-il-saluto-dal-gemelli-grazie-a-tutti\/","url":"https:\/\/www.policlinicogemelli.it\/en\/news-events\/il-mondo-rivede-il-papa-il-saluto-dal-gemelli-grazie-a-tutti\/","name":"Il mondo rivede il Papa, il saluto dal Gemelli: \u201cGrazie a tutti\u201d - Policlinico Universitario A. Gemelli IRCCS","isPartOf":{"@id":"https:\/\/www.policlinicogemelli.it\/en\/#website"},"primaryImageOfPage":{"@id":"https:\/\/www.policlinicogemelli.it\/en\/news-events\/il-mondo-rivede-il-papa-il-saluto-dal-gemelli-grazie-a-tutti\/#primaryimage"},"image":{"@id":"https:\/\/www.policlinicogemelli.it\/en\/news-events\/il-mondo-rivede-il-papa-il-saluto-dal-gemelli-grazie-a-tutti\/#primaryimage"},"thumbnailUrl":"https:\/\/www.policlinicogemelli.it\/wp-content\/uploads\/2025\/03\/dimissione-Papa-Francesco-23032025-3-1-scaled.jpg","datePublished":"2025-03-24T09:15:54+00:00","dateModified":"2025-04-01T14:21:29+00:00","breadcrumb":{"@id":"https:\/\/www.policlinicogemelli.it\/en\/news-events\/il-mondo-rivede-il-papa-il-saluto-dal-gemelli-grazie-a-tutti\/#breadcrumb"},"inLanguage":"en-US","potentialAction":[{"@type":"ReadAction","target":["https:\/\/www.policlinicogemelli.it\/en\/news-events\/il-mondo-rivede-il-papa-il-saluto-dal-gemelli-grazie-a-tutti\/"]}]},{"@type":"ImageObject","inLanguage":"en-US","@id":"https:\/\/www.policlinicogemelli.it\/en\/news-events\/il-mondo-rivede-il-papa-il-saluto-dal-gemelli-grazie-a-tutti\/#primaryimage","url":"https:\/\/www.policlinicogemelli.it\/wp-content\/uploads\/2025\/03\/dimissione-Papa-Francesco-23032025-3-1-scaled.jpg","contentUrl":"https:\/\/www.policlinicogemelli.it\/wp-content\/uploads\/2025\/03\/dimissione-Papa-Francesco-23032025-3-1-scaled.jpg","width":2560,"height":1707},{"@type":"BreadcrumbList","@id":"https:\/\/www.policlinicogemelli.it\/en\/news-events\/il-mondo-rivede-il-papa-il-saluto-dal-gemelli-grazie-a-tutti\/#breadcrumb","itemListElement":[{"@type":"ListItem","position":1,"name":"Home","item":"https:\/\/www.policlinicogemelli.it\/en\/"},{"@type":"ListItem","position":2,"name":"News and Events","item":"https:\/\/www.policlinicogemelli.it\/en\/news-events\/"},{"@type":"ListItem","position":3,"name":"Il mondo rivede il Papa, il saluto dal Gemelli: \u201cGrazie a tutti\u201d"}]},{"@type":"WebSite","@id":"https:\/\/www.policlinicogemelli.it\/en\/#website","url":"https:\/\/www.policlinicogemelli.it\/en\/","name":"Policlinico Universitario Agostino Gemelli IRCCS","description":"Policlinico Universitario Agostino Gemelli IRCCS","publisher":{"@id":"https:\/\/www.policlinicogemelli.it\/en\/#organization"},"potentialAction":[{"@type":"SearchAction","target":{"@type":"EntryPoint","urlTemplate":"https:\/\/www.policlinicogemelli.it\/en\/?s={search_term_string}"},"query-input":{"@type":"PropertyValueSpecification","valueRequired":true,"valueName":"search_term_string"}}],"inLanguage":"en-US"},{"@type":"Organization","@id":"https:\/\/www.policlinicogemelli.it\/en\/#organization","name":"Policlinico Universitario Agostino Gemelli IRCCS","url":"https:\/\/www.policlinicogemelli.it\/en\/","logo":{"@type":"ImageObject","inLanguage":"en-US","@id":"https:\/\/www.policlinicogemelli.it\/en\/#\/schema\/logo\/image\/","url":"https:\/\/www.policlinicogemelli.it\/wp-content\/uploads\/2019\/02\/logo-policlinico-gemelli-250-trasp-color-1.png","contentUrl":"https:\/\/www.policlinicogemelli.it\/wp-content\/uploads\/2019\/02\/logo-policlinico-gemelli-250-trasp-color-1.png","width":250,"height":82,"caption":"Policlinico Universitario Agostino Gemelli IRCCS"},"image":{"@id":"https:\/\/www.policlinicogemelli.it\/en\/#\/schema\/logo\/image\/"}}]}},"rest_api_enabler":[],"_links":{"self":[{"href":"https:\/\/www.policlinicogemelli.it\/en\/wp-json\/wp\/v2\/news\/69113","targetHints":{"allow":["GET"]}}],"collection":[{"href":"https:\/\/www.policlinicogemelli.it\/en\/wp-json\/wp\/v2\/news"}],"about":[{"href":"https:\/\/www.policlinicogemelli.it\/en\/wp-json\/wp\/v2\/types\/kf_gem_news"}],"version-history":[{"count":0,"href":"https:\/\/www.policlinicogemelli.it\/en\/wp-json\/wp\/v2\/news\/69113\/revisions"}],"wp:featuredmedia":[{"embeddable":true,"href":"https:\/\/www.policlinicogemelli.it\/en\/wp-json\/wp\/v2\/media\/69112"}],"wp:attachment":[{"href":"https:\/\/www.policlinicogemelli.it\/en\/wp-json\/wp\/v2\/media?parent=69113"}],"wp:term":[{"taxonomy":"kf_gem_newscat","embeddable":true,"href":"https:\/\/www.policlinicogemelli.it\/en\/wp-json\/wp\/v2\/categorie?post=69113"}],"curies":[{"name":"wp","href":"https:\/\/api.w.org\/{rel}","templated":true}]}}