{"id":68706,"date":"2025-02-27T08:21:03","date_gmt":"2025-02-27T07:21:03","guid":{"rendered":"https:\/\/www.policlinicogemelli.it\/news-eventi\/reina-al-gemelli-celebra-la-messa-per-il-papa-bello-sentirsi-una-grande-famiglia\/"},"modified":"2025-02-27T08:21:07","modified_gmt":"2025-02-27T07:21:07","slug":"reina-al-gemelli-celebra-la-messa-per-il-papa-bello-sentirsi-una-grande-famiglia","status":"publish","type":"kf_gem_news","link":"https:\/\/www.policlinicogemelli.it\/en\/news-events\/reina-al-gemelli-celebra-la-messa-per-il-papa-bello-sentirsi-una-grande-famiglia\/","title":{"rendered":"Reina al Gemelli celebra la Messa per il Papa: bello sentirsi una grande famiglia"},"content":{"rendered":"\n<p><strong><em>Il vicario per la Diocesi di Roma partecipa all&#8217;adorazione e presiede il rito delle 13, con personale del Policlinico, fedeli, studenti. <\/em><\/strong><\/p>\n\n\n\n<p>L&#8217;importanza di sentirsi famiglia. \u00c8 il cuore dell&#8217;omelia del cardinale Baldo Reina, vicario per la diocesi di Roma, che ieri alle 13 ha presieduto la Messa nella cappella San Giovanni Paolo II del policlinico Gemelli dove il Papa \u00e8 ricoverato da 12 giorni.<\/p>\n\n\n\n<p>Siede alle ultime file della cappella, il cardinale, in raccoglimento. Appare come un fedele tra gli altri, per l&#8217;adorazione che precede la celebrazione eucaristica. Sobriet\u00e0 e discrezione sono i suoi tratti peculiari che, in questa circostanza di preghiera per la salute del Pontefice, si fanno ancora pi\u00f9 intensi e appropriati. Nessuna dichiarazione ai numerosi giornalisti convenuti che, dall&#8217;inizio della degenza del Papa in ospedale, presidiano la hall, questo spazio di sosta orante, e il piazzale antistante dove nel frattempo sono aumentati i disegni dei bambini e i fiori lasciati ai piedi della statua di&nbsp;Wojty\u0142a. A introdurre la Messa, le parole di&nbsp;don Nunzio Currao, assistente pastorale del personale dell&#8217;ospedale, a precisare che il Papa \u00e8 informato di questa celebrazione, ne \u00e8 grato, e si unisce spiritualmente ad essa.<\/p>\n\n\n\n<p>Il cardinale &#8211; che gi\u00e0 ieri aveva celebrato una Messa per la salute del Papa&nbsp;nella chiesa di Santa Maria Addolorata a piazza Buenos Aires, a Roma &#8211; sottolinea quanto numerose sono le iniziative di preghiera che in questi giorni in ogni parte del mondo si stanno organizzando per sostenere il Papa in questo momento di prova. Nell&#8217;omelia il commento del celebre versetto del Vangelo di Marco, della liturgia di oggi, &#8220;<em>Chi non \u00e8 contro di noi \u00e8 per noi&#8221;.&nbsp;<\/em>Ges\u00f9, osserva Reina interpretando il passaggio del capitolo 9, &#8220;pi\u00f9 che stringere intorno a s\u00e9, allarga a partire da s\u00e9 a tutti i segni di bene che con grande generosit\u00e0 elargisce&#8221;. E aggiunge che davvero &#8220;facciamo esperienza di sentirci una grande famiglia. Sperimentiamo la potenza della preghiera e la bellezza di essere famiglia. Magari non ci conosciamo ma siamo qui tutti per lo stesso motivo&#8221;.&nbsp;<\/p>\n\n\n\n<figure class=\"wp-block-image size-full\"><img loading=\"lazy\" decoding=\"async\" width=\"750\" height=\"422\" src=\"https:\/\/www.policlinicogemelli.it\/wp-content\/uploads\/2025\/02\/reina-2.jpeg\" alt=\"\" class=\"wp-image-68704\" srcset=\"https:\/\/www.policlinicogemelli.it\/wp-content\/uploads\/2025\/02\/reina-2.jpeg 750w, https:\/\/www.policlinicogemelli.it\/wp-content\/uploads\/2025\/02\/reina-2-300x169.jpeg 300w, https:\/\/www.policlinicogemelli.it\/wp-content\/uploads\/2025\/02\/reina-2-350x197.jpeg 350w, https:\/\/www.policlinicogemelli.it\/wp-content\/uploads\/2025\/02\/reina-2-400x225.jpeg 400w\" sizes=\"auto, (max-width: 750px) 100vw, 750px\" \/><\/figure>\n\n\n\n<p>&#8220;\u00c8 bello sperimentare questa forza della preghiera&#8221;. Una preghiera che il cardinale invita ad estendere a tutto il mondo. Ricorda quanto il Papa ha pregato, soprattutto negli ultimi mesi, insistentemente, per la pace, elencando uno ad uno i vari conflitti. &#8220;Importante &#8211; insiste ancora Reina &#8211; \u00e8 pregare, dilatare il cuore a Dio e, ancor prima, sperimentare che Dio dilata il nostro cuore. Quando arriva un momento di fragilit\u00e0, di malattia, in cui sperimentiamo quanto \u00e8 limitata la nostra natura, subito con tutte le nostre forze ci aggrappiamo a Dio. E lo facciamo con sincerit\u00e0 di cuore perch\u00e9 avvertiamo un desiderio di infinito che \u00e8 gi\u00e0 riposto nel nostro cuore&#8221;. Essere un cuor solo e un&#8217;anima sola, \u00e8 l&#8217;auspicio del vicario Reina riprendendo quanto si racconta negli Atti degli Apostoli a proposito della prima comunit\u00e0 cristiana. &#8220;In particolare, attorno al nostro Vescovo, chiediamo che il Signore al pi\u00f9 presto lo ristabilisca in salute e gli permetta di continuare a guidare la sua Santa Chiesa, che possa godere del suo Magistero, della sua profezia. Quello che chiediamo per lui, lo chiediamo per tutti i critiani sparsi nel mondo&#8221;, conclude.&nbsp;<\/p>\n\n\n\n<p><strong>Gli animatori pastorali: guardare al malato con carit\u00e0<\/strong><\/p>\n\n\n\n<p>Mentre la comunit\u00e0 del Policlinico Gemelli si prepara al suo Giubileo che &#8211; programmato per sabato 1 marzo, non subir\u00e0 variazione ad eccezione, ovviamente, dell&#8217;udienza giubilare la quale non avr\u00e0 luogo -, a Vatican News parla Federico, laico impegnato nell&#8217;ufficio dell&#8217;assistente pastorale. In questi giorni coordina l&#8217;animazione dei momenti di adorazione e delle Messe al policlinico Gemelli. &#8220;Si stanno unendo a noi anche gli studenti, uniamo le forze e questo ci sta facendo molto bene&#8221;, racconta. Si percepisce una comunione di professioni ed et\u00e0, appartenenze. &#8220;Siamo davvero una grande famiglia, mai come in questo momento lo stiamo vivendo. Penso che stiamo dando una bella testimonianza di quella che deve essere la vicinanza a tutti i malati, e in questi giorni al Papa&#8221;. Qui sempre si \u00e8 invitati a guardare il malato con entrambi gli occhi: la carit\u00e0 e la fede da un lato e, dall&#8217;altro, la medicina. &#8220;Questa \u00e8 la cura. E ognuno mette a servizio i propri talenti&#8221;.<\/p>\n\n\n\n<p>Fonte: <a href=\"https:\/\/www.vaticannews.va\/it\/papa\/news\/2025-02\/cardinale-vicario-messa-cappella-gemelli-papa-francesco.html\">https:\/\/www.vaticannews.va\/it\/papa\/news\/2025-02\/cardinale-vicario-messa-cappella-gemelli-papa-francesco.html<\/a><\/p>\n\n\n\n<p>Foto: Vatican Media<\/p>\n","protected":false},"excerpt":{"rendered":"<p>Il vicario per la Diocesi di Roma partecipa all&#8217;adorazione e presiede il rito delle 13, con personale del Policlinico, fedeli, studenti. L&#8217;importanza di sentirsi famiglia. \u00c8 il cuore dell&#8217;omelia del cardinale Baldo Reina, vicario per la diocesi di Roma, che ieri alle 13 ha presieduto la Messa nella cappella San Giovanni Paolo II del policlinico [&hellip;]<\/p>\n","protected":false},"featured_media":68703,"template":"","categorie":[96],"class_list":{"0":"post-68706","1":"kf_gem_news","2":"type-kf_gem_news","3":"status-publish","4":"has-post-thumbnail","6":"kf_gem_newscat-institutional-information","7":"entry"},"acf":[],"yoast_head":"<!-- This site is optimized with the Yoast SEO plugin v27.5 - https:\/\/yoast.com\/product\/yoast-seo-wordpress\/ -->\n<title>Reina al Gemelli celebra la Messa per il Papa: bello sentirsi una grande famiglia - Policlinico Universitario A. Gemelli IRCCS<\/title>\n<meta name=\"robots\" content=\"index, follow, max-snippet:-1, max-image-preview:large, max-video-preview:-1\" \/>\n<link rel=\"canonical\" href=\"https:\/\/www.policlinicogemelli.it\/en\/news-events\/reina-al-gemelli-celebra-la-messa-per-il-papa-bello-sentirsi-una-grande-famiglia\/\" \/>\n<meta property=\"og:locale\" content=\"en_US\" \/>\n<meta property=\"og:type\" content=\"article\" \/>\n<meta property=\"og:title\" content=\"Reina al Gemelli celebra la Messa per il Papa: bello sentirsi una grande famiglia - Policlinico Universitario A. Gemelli IRCCS\" \/>\n<meta property=\"og:description\" content=\"Il vicario per la Diocesi di Roma partecipa all&#8217;adorazione e presiede il rito delle 13, con personale del Policlinico, fedeli, studenti. L&#8217;importanza di sentirsi famiglia. \u00c8 il cuore dell&#8217;omelia del cardinale Baldo Reina, vicario per la diocesi di Roma, che ieri alle 13 ha presieduto la Messa nella cappella San Giovanni Paolo II del policlinico [&hellip;]\" \/>\n<meta property=\"og:url\" content=\"https:\/\/www.policlinicogemelli.it\/en\/news-events\/reina-al-gemelli-celebra-la-messa-per-il-papa-bello-sentirsi-una-grande-famiglia\/\" \/>\n<meta property=\"og:site_name\" content=\"Policlinico Universitario Agostino Gemelli IRCCS\" \/>\n<meta property=\"article:modified_time\" content=\"2025-02-27T07:21:07+00:00\" \/>\n<meta property=\"og:image\" content=\"https:\/\/www.policlinicogemelli.it\/wp-content\/uploads\/2025\/02\/reina-2.jpeg\" \/>\n\t<meta property=\"og:image:width\" content=\"750\" \/>\n\t<meta property=\"og:image:height\" content=\"422\" \/>\n\t<meta property=\"og:image:type\" content=\"image\/jpeg\" \/>\n<meta name=\"twitter:card\" content=\"summary_large_image\" \/>\n<meta name=\"twitter:label1\" content=\"Est. reading time\" \/>\n\t<meta name=\"twitter:data1\" content=\"3 minutes\" \/>\n<script type=\"application\/ld+json\" class=\"yoast-schema-graph\">{\"@context\":\"https:\\\/\\\/schema.org\",\"@graph\":[{\"@type\":\"WebPage\",\"@id\":\"https:\\\/\\\/www.policlinicogemelli.it\\\/en\\\/news-events\\\/reina-al-gemelli-celebra-la-messa-per-il-papa-bello-sentirsi-una-grande-famiglia\\\/\",\"url\":\"https:\\\/\\\/www.policlinicogemelli.it\\\/en\\\/news-events\\\/reina-al-gemelli-celebra-la-messa-per-il-papa-bello-sentirsi-una-grande-famiglia\\\/\",\"name\":\"Reina al Gemelli celebra la Messa per il Papa: bello sentirsi una grande famiglia - Policlinico Universitario A. Gemelli IRCCS\",\"isPartOf\":{\"@id\":\"https:\\\/\\\/www.policlinicogemelli.it\\\/en\\\/#website\"},\"primaryImageOfPage\":{\"@id\":\"https:\\\/\\\/www.policlinicogemelli.it\\\/en\\\/news-events\\\/reina-al-gemelli-celebra-la-messa-per-il-papa-bello-sentirsi-una-grande-famiglia\\\/#primaryimage\"},\"image\":{\"@id\":\"https:\\\/\\\/www.policlinicogemelli.it\\\/en\\\/news-events\\\/reina-al-gemelli-celebra-la-messa-per-il-papa-bello-sentirsi-una-grande-famiglia\\\/#primaryimage\"},\"thumbnailUrl\":\"https:\\\/\\\/www.policlinicogemelli.it\\\/wp-content\\\/uploads\\\/2025\\\/02\\\/reina.jpg\",\"datePublished\":\"2025-02-27T07:21:03+00:00\",\"dateModified\":\"2025-02-27T07:21:07+00:00\",\"breadcrumb\":{\"@id\":\"https:\\\/\\\/www.policlinicogemelli.it\\\/en\\\/news-events\\\/reina-al-gemelli-celebra-la-messa-per-il-papa-bello-sentirsi-una-grande-famiglia\\\/#breadcrumb\"},\"inLanguage\":\"en-US\",\"potentialAction\":[{\"@type\":\"ReadAction\",\"target\":[\"https:\\\/\\\/www.policlinicogemelli.it\\\/en\\\/news-events\\\/reina-al-gemelli-celebra-la-messa-per-il-papa-bello-sentirsi-una-grande-famiglia\\\/\"]}]},{\"@type\":\"ImageObject\",\"inLanguage\":\"en-US\",\"@id\":\"https:\\\/\\\/www.policlinicogemelli.it\\\/en\\\/news-events\\\/reina-al-gemelli-celebra-la-messa-per-il-papa-bello-sentirsi-una-grande-famiglia\\\/#primaryimage\",\"url\":\"https:\\\/\\\/www.policlinicogemelli.it\\\/wp-content\\\/uploads\\\/2025\\\/02\\\/reina.jpg\",\"contentUrl\":\"https:\\\/\\\/www.policlinicogemelli.it\\\/wp-content\\\/uploads\\\/2025\\\/02\\\/reina.jpg\",\"width\":750,\"height\":422},{\"@type\":\"BreadcrumbList\",\"@id\":\"https:\\\/\\\/www.policlinicogemelli.it\\\/en\\\/news-events\\\/reina-al-gemelli-celebra-la-messa-per-il-papa-bello-sentirsi-una-grande-famiglia\\\/#breadcrumb\",\"itemListElement\":[{\"@type\":\"ListItem\",\"position\":1,\"name\":\"Home\",\"item\":\"https:\\\/\\\/www.policlinicogemelli.it\\\/en\\\/\"},{\"@type\":\"ListItem\",\"position\":2,\"name\":\"News and Events\",\"item\":\"https:\\\/\\\/www.policlinicogemelli.it\\\/en\\\/news-events\\\/\"},{\"@type\":\"ListItem\",\"position\":3,\"name\":\"Reina al Gemelli celebra la Messa per il Papa: bello sentirsi una grande famiglia\"}]},{\"@type\":\"WebSite\",\"@id\":\"https:\\\/\\\/www.policlinicogemelli.it\\\/en\\\/#website\",\"url\":\"https:\\\/\\\/www.policlinicogemelli.it\\\/en\\\/\",\"name\":\"Policlinico Universitario Agostino Gemelli IRCCS\",\"description\":\"Policlinico Universitario Agostino Gemelli IRCCS\",\"publisher\":{\"@id\":\"https:\\\/\\\/www.policlinicogemelli.it\\\/en\\\/#organization\"},\"potentialAction\":[{\"@type\":\"SearchAction\",\"target\":{\"@type\":\"EntryPoint\",\"urlTemplate\":\"https:\\\/\\\/www.policlinicogemelli.it\\\/en\\\/?s={search_term_string}\"},\"query-input\":{\"@type\":\"PropertyValueSpecification\",\"valueRequired\":true,\"valueName\":\"search_term_string\"}}],\"inLanguage\":\"en-US\"},{\"@type\":\"Organization\",\"@id\":\"https:\\\/\\\/www.policlinicogemelli.it\\\/en\\\/#organization\",\"name\":\"Policlinico Universitario Agostino Gemelli IRCCS\",\"url\":\"https:\\\/\\\/www.policlinicogemelli.it\\\/en\\\/\",\"logo\":{\"@type\":\"ImageObject\",\"inLanguage\":\"en-US\",\"@id\":\"https:\\\/\\\/www.policlinicogemelli.it\\\/en\\\/#\\\/schema\\\/logo\\\/image\\\/\",\"url\":\"https:\\\/\\\/www.policlinicogemelli.it\\\/wp-content\\\/uploads\\\/2019\\\/02\\\/logo-policlinico-gemelli-250-trasp-color-1.png\",\"contentUrl\":\"https:\\\/\\\/www.policlinicogemelli.it\\\/wp-content\\\/uploads\\\/2019\\\/02\\\/logo-policlinico-gemelli-250-trasp-color-1.png\",\"width\":250,\"height\":82,\"caption\":\"Policlinico Universitario Agostino Gemelli IRCCS\"},\"image\":{\"@id\":\"https:\\\/\\\/www.policlinicogemelli.it\\\/en\\\/#\\\/schema\\\/logo\\\/image\\\/\"}}]}<\/script>\n<!-- \/ Yoast SEO plugin. -->","yoast_head_json":{"title":"Reina al Gemelli celebra la Messa per il Papa: bello sentirsi una grande famiglia - Policlinico Universitario A. Gemelli IRCCS","robots":{"index":"index","follow":"follow","max-snippet":"max-snippet:-1","max-image-preview":"max-image-preview:large","max-video-preview":"max-video-preview:-1"},"canonical":"https:\/\/www.policlinicogemelli.it\/en\/news-events\/reina-al-gemelli-celebra-la-messa-per-il-papa-bello-sentirsi-una-grande-famiglia\/","og_locale":"en_US","og_type":"article","og_title":"Reina al Gemelli celebra la Messa per il Papa: bello sentirsi una grande famiglia - Policlinico Universitario A. Gemelli IRCCS","og_description":"Il vicario per la Diocesi di Roma partecipa all&#8217;adorazione e presiede il rito delle 13, con personale del Policlinico, fedeli, studenti. L&#8217;importanza di sentirsi famiglia. \u00c8 il cuore dell&#8217;omelia del cardinale Baldo Reina, vicario per la diocesi di Roma, che ieri alle 13 ha presieduto la Messa nella cappella San Giovanni Paolo II del policlinico [&hellip;]","og_url":"https:\/\/www.policlinicogemelli.it\/en\/news-events\/reina-al-gemelli-celebra-la-messa-per-il-papa-bello-sentirsi-una-grande-famiglia\/","og_site_name":"Policlinico Universitario Agostino Gemelli IRCCS","article_modified_time":"2025-02-27T07:21:07+00:00","og_image":[{"width":750,"height":422,"url":"https:\/\/www.policlinicogemelli.it\/wp-content\/uploads\/2025\/02\/reina-2.jpeg","type":"image\/jpeg"}],"twitter_card":"summary_large_image","twitter_misc":{"Est. reading time":"3 minutes"},"schema":{"@context":"https:\/\/schema.org","@graph":[{"@type":"WebPage","@id":"https:\/\/www.policlinicogemelli.it\/en\/news-events\/reina-al-gemelli-celebra-la-messa-per-il-papa-bello-sentirsi-una-grande-famiglia\/","url":"https:\/\/www.policlinicogemelli.it\/en\/news-events\/reina-al-gemelli-celebra-la-messa-per-il-papa-bello-sentirsi-una-grande-famiglia\/","name":"Reina al Gemelli celebra la Messa per il Papa: bello sentirsi una grande famiglia - Policlinico Universitario A. Gemelli IRCCS","isPartOf":{"@id":"https:\/\/www.policlinicogemelli.it\/en\/#website"},"primaryImageOfPage":{"@id":"https:\/\/www.policlinicogemelli.it\/en\/news-events\/reina-al-gemelli-celebra-la-messa-per-il-papa-bello-sentirsi-una-grande-famiglia\/#primaryimage"},"image":{"@id":"https:\/\/www.policlinicogemelli.it\/en\/news-events\/reina-al-gemelli-celebra-la-messa-per-il-papa-bello-sentirsi-una-grande-famiglia\/#primaryimage"},"thumbnailUrl":"https:\/\/www.policlinicogemelli.it\/wp-content\/uploads\/2025\/02\/reina.jpg","datePublished":"2025-02-27T07:21:03+00:00","dateModified":"2025-02-27T07:21:07+00:00","breadcrumb":{"@id":"https:\/\/www.policlinicogemelli.it\/en\/news-events\/reina-al-gemelli-celebra-la-messa-per-il-papa-bello-sentirsi-una-grande-famiglia\/#breadcrumb"},"inLanguage":"en-US","potentialAction":[{"@type":"ReadAction","target":["https:\/\/www.policlinicogemelli.it\/en\/news-events\/reina-al-gemelli-celebra-la-messa-per-il-papa-bello-sentirsi-una-grande-famiglia\/"]}]},{"@type":"ImageObject","inLanguage":"en-US","@id":"https:\/\/www.policlinicogemelli.it\/en\/news-events\/reina-al-gemelli-celebra-la-messa-per-il-papa-bello-sentirsi-una-grande-famiglia\/#primaryimage","url":"https:\/\/www.policlinicogemelli.it\/wp-content\/uploads\/2025\/02\/reina.jpg","contentUrl":"https:\/\/www.policlinicogemelli.it\/wp-content\/uploads\/2025\/02\/reina.jpg","width":750,"height":422},{"@type":"BreadcrumbList","@id":"https:\/\/www.policlinicogemelli.it\/en\/news-events\/reina-al-gemelli-celebra-la-messa-per-il-papa-bello-sentirsi-una-grande-famiglia\/#breadcrumb","itemListElement":[{"@type":"ListItem","position":1,"name":"Home","item":"https:\/\/www.policlinicogemelli.it\/en\/"},{"@type":"ListItem","position":2,"name":"News and Events","item":"https:\/\/www.policlinicogemelli.it\/en\/news-events\/"},{"@type":"ListItem","position":3,"name":"Reina al Gemelli celebra la Messa per il Papa: bello sentirsi una grande famiglia"}]},{"@type":"WebSite","@id":"https:\/\/www.policlinicogemelli.it\/en\/#website","url":"https:\/\/www.policlinicogemelli.it\/en\/","name":"Policlinico Universitario Agostino Gemelli IRCCS","description":"Policlinico Universitario Agostino Gemelli IRCCS","publisher":{"@id":"https:\/\/www.policlinicogemelli.it\/en\/#organization"},"potentialAction":[{"@type":"SearchAction","target":{"@type":"EntryPoint","urlTemplate":"https:\/\/www.policlinicogemelli.it\/en\/?s={search_term_string}"},"query-input":{"@type":"PropertyValueSpecification","valueRequired":true,"valueName":"search_term_string"}}],"inLanguage":"en-US"},{"@type":"Organization","@id":"https:\/\/www.policlinicogemelli.it\/en\/#organization","name":"Policlinico Universitario Agostino Gemelli IRCCS","url":"https:\/\/www.policlinicogemelli.it\/en\/","logo":{"@type":"ImageObject","inLanguage":"en-US","@id":"https:\/\/www.policlinicogemelli.it\/en\/#\/schema\/logo\/image\/","url":"https:\/\/www.policlinicogemelli.it\/wp-content\/uploads\/2019\/02\/logo-policlinico-gemelli-250-trasp-color-1.png","contentUrl":"https:\/\/www.policlinicogemelli.it\/wp-content\/uploads\/2019\/02\/logo-policlinico-gemelli-250-trasp-color-1.png","width":250,"height":82,"caption":"Policlinico Universitario Agostino Gemelli IRCCS"},"image":{"@id":"https:\/\/www.policlinicogemelli.it\/en\/#\/schema\/logo\/image\/"}}]}},"rest_api_enabler":[],"_links":{"self":[{"href":"https:\/\/www.policlinicogemelli.it\/en\/wp-json\/wp\/v2\/news\/68706","targetHints":{"allow":["GET"]}}],"collection":[{"href":"https:\/\/www.policlinicogemelli.it\/en\/wp-json\/wp\/v2\/news"}],"about":[{"href":"https:\/\/www.policlinicogemelli.it\/en\/wp-json\/wp\/v2\/types\/kf_gem_news"}],"version-history":[{"count":0,"href":"https:\/\/www.policlinicogemelli.it\/en\/wp-json\/wp\/v2\/news\/68706\/revisions"}],"wp:featuredmedia":[{"embeddable":true,"href":"https:\/\/www.policlinicogemelli.it\/en\/wp-json\/wp\/v2\/media\/68703"}],"wp:attachment":[{"href":"https:\/\/www.policlinicogemelli.it\/en\/wp-json\/wp\/v2\/media?parent=68706"}],"wp:term":[{"taxonomy":"kf_gem_newscat","embeddable":true,"href":"https:\/\/www.policlinicogemelli.it\/en\/wp-json\/wp\/v2\/categorie?post=68706"}],"curies":[{"name":"wp","href":"https:\/\/api.w.org\/{rel}","templated":true}]}}