{"id":68554,"date":"2025-02-20T18:25:29","date_gmt":"2025-02-20T17:25:29","guid":{"rendered":"https:\/\/www.policlinicogemelli.it\/news-eventi\/la-scomparsa-del-professor-giovanni-scambia\/"},"modified":"2025-03-10T11:59:31","modified_gmt":"2025-03-10T10:59:31","slug":"la-scomparsa-del-professor-giovanni-scambia","status":"publish","type":"kf_gem_news","link":"https:\/\/www.policlinicogemelli.it\/en\/news-events\/la-scomparsa-del-professor-giovanni-scambia\/","title":{"rendered":"La scomparsa del professor Giovanni Scambia"},"content":{"rendered":"\n<p><strong><em>Dopo una breve malattia, \u00e8 morto oggi al Policlinico Gemelli il professore Ordinario di Ginecologia e Ostetricia dell\u2019Universit\u00e0 Cattolica, Direttore Scientifico della Fondazione Policlinico Universitario Agostino Gemelli IRCCS, tra i massimi specialisti mondiali in Ginecologia Oncologica.<\/em><\/strong><\/p>\n\n\n\n<p>Dopo una breve malattia \u00e8 morto oggi all\u2019et\u00e0 di 65 anni, presso il Policlinico Gemelli, il professor <strong>Giovanni Scambia<\/strong>, Ordinario di Ginecologia e Ostetricia all\u2019Universit\u00e0 Cattolica del Sacro Cuore e Direttore Scientifico della Fondazione Policlinico Universitario Agostino Gemelli IRCCS nonch\u00e9 direttore della UOC di Ginecologia Oncologica del Gemelli.<\/p>\n\n\n\n<p>Grande medico, grande ricercatore, grande maestro. Un medico visionario e al contempo concreto, amato da tutte le sue pazienti malate di tumore cui ha sempre offerto il meglio delle terapie disponibili e una grande umanit\u00e0. Ha formato generazioni di ginecologhe e ginecologi che hanno raggiunto importanti posizioni nella disciplina e ha creato uno dei centri di assoluta eccellenza nella ginecologia, portandolo al quarto posto al mondo nel ranking 2025 dei World\u2019s Best Specialized Hospital. Innovatore nella ricerca, autore di oltre 1100 pubblicazioni, instancabile e brillante chirurgo.&nbsp;&nbsp;&nbsp;&nbsp;&nbsp;&nbsp;&nbsp;<\/p>\n\n\n\n<p>Nato a Catanzaro il 24 dicembre del 1959. Il professor Scambia ha legato tutta la sua vita alla Facolt\u00e0 di Medicina e chirurgia dell\u2019Universit\u00e0 Cattolica e del Policlinico Universitario Agostino Gemelli. Laureato nel 1983 in Medicina e Chirurgia all\u2019Universit\u00e0 Cattolica con il massimo dei voti e lode, nel 1987 si \u00e8 specializzato in Ginecologia ed Ostetricia nello stesso Ateneo.<\/p>\n\n\n\n<p>\u201cQuando ho iniziato il mio percorso per diventare ginecologo oncologo non avrei mai pensato di poter dire a una donna in et\u00e0 fertile con un tumore che dopo la guarigione avrebbe potuto avere un bambino, o che l\u2019intelligenza artificiale potesse essere di aiuto a fornire modelli predittivi di risposte alle cure. Eppure, oggi \u00e8 cos\u00ec!\u201d Con queste parole il professor Giovanni Scambia, pochi mesi fa, ha riassunto la sua vita di medico nel docufilm <a href=\"#radici\">\u201cLe radici del domani\u201d<\/a>, racconto dei 60 anni di storia della Ginecologia e Ostetricia dell\u2019Universit\u00e0 Cattolica a Roma nonch\u00e9 l\u2019evoluzione della sua disciplina, dedicato in particolare al suo maestro professor Salvatore Mancuso.<\/p>\n\n\n\n<p>Prestigiosi i riconoscimenti ottenuti da Giovanni Scambia nella sua carriera di accademico e medico.<\/p>\n\n\n\n<p>Il 2 giugno 2017 \u00e8 stato nominato Cavaliere della Repubblica Italiana.<\/p>\n\n\n\n<p>Dal 2019 Presidente E.S.G.E.(European Society for Gynaecological Endoscopy) e Vice Presidente I Sezione Consiglio Superiore di Sanit\u00e0 e Componente del Consiglio Superiore di Sanit\u00e0, l\u2019organo di consulenza tecnico scientifica del Ministro della salute. Nello stesso anno \u00e8 nominato nel nuovo Consiglio Superiore di Sanit\u00e0.<\/p>\n\n\n\n<p>Nel 2021 \u00e8 eletto presidente dei Ginecologi Universitari, nel 2022 membro della Commissione Women\u2019s Cancer della FIGO<\/p>\n\n\n\n<p>\u00c8 stato membro del Comitato Direttivo Centro CROME ( Regenerative Medicine Research Center) e gi\u00e0 Presidente S.I.G.O. Societ\u00e0 italiana di Ginecologia e Ostetricia, membro del comitato scientifico Centro di ricerca Health human care and social intercultural assessments (HERA) Universit\u00e0 Cattolica.<\/p>\n\n\n\n<p>Inoltre, nello stesso periodo, ha fondato la \u201cCatholic Laparoscopy Advances Surgery School\u201d, la quale ha organizzato oltre 20 corsi di aggiornamento in chirurgia laparoscopia, colposcopia ed isteroscopia.<\/p>\n\n\n\n<p>\u00c8 stato, inoltre, membro permanente di numerose societ\u00e0 scientifiche internazionali e nazionali come: Societ\u00e0 Italiana di Ginecologia Oncologica, International Gynecological Cancer Society, E.O.R.T.C. Gynecologic Cancer Coop. Group, European Society of Gynecologic Oncology, Associazione Italiana di Oncologia Medica (AIOM), Associazione Ginecologi Universitari Italiani (AGUI), Societ\u00e0 di Endoscopia Ginecologica (SEGI), Multicentre Italian Trials Ovarian Cancer (MITO), Societ\u00e0 Italiana di Riabilitazione Oncologica (SIRIO).<\/p>\n\n\n\n<p>L\u2019Universit\u00e0 Cattolica e il Policlinico Gemelli si stringono alla Famiglia nella triste consapevolezza di aver perso un medico di straordinario valore, un docente di talento, un illuminato scienziato e un amico sincero di grande umanit\u00e0 con cui ogni giorno potersi confrontare.<br>Un vero visionario dal tratto concreto.<\/p>\n\n\n<style>.wp-block-kadence-spacer.kt-block-spacer-68553_e17d1e-bc .kt-block-spacer{height:20px;}.wp-block-kadence-spacer.kt-block-spacer-68553_e17d1e-bc .kt-divider{border-top-width:1px;height:1px;border-top-color:#eee;width:80%;border-top-style:solid;}<\/style>\n<div class=\"wp-block-kadence-spacer aligncenter kt-block-spacer-68553_e17d1e-bc\"><div class=\"kt-block-spacer kt-block-spacer-halign-center\"><hr class=\"kt-divider\"\/><\/div><\/div>\n\n\n\n<p>Comunichiamo a quanti vorranno partecipare che le esequie del Prof. Giovanni Scambia si terranno\u00a0<strong>sabato 22 febbraio alle ore 11.00\u00a0<\/strong>presso la Chiesa Centrale dell\u2019Universit\u00e0 Cattolica del Sacro Cuore e saranno presiedute da S. Ecc.za Mons. Claudio Giuliodori.<br>\u00a0<br>La camera ardente sar\u00e0 allestita dalle ore 10.00 alle ore 19.00 di oggi, 21 febbraio, presso la stessa Chiesa Centrale.<\/p>\n\n\n<style>.wp-block-kadence-spacer.kt-block-spacer-68553_fd78c6-27 .kt-block-spacer{height:20px;}.wp-block-kadence-spacer.kt-block-spacer-68553_fd78c6-27 .kt-divider{border-top-width:1px;height:1px;border-top-color:#eee;width:80%;border-top-style:solid;}<\/style>\n<div class=\"wp-block-kadence-spacer aligncenter kt-block-spacer-68553_fd78c6-27\"><div class=\"kt-block-spacer kt-block-spacer-halign-center\"><hr class=\"kt-divider\"\/><\/div><\/div>\n\n\n\n<h2 class=\"wp-block-heading has-text-align-center\" id=\"radici\">Le radici del domani<\/h2>\n\n\n\n<iframe loading=\"lazy\" width=\"850\" height=\"495\" src=\"https:\/\/www.youtube.com\/embed\/i_kkKJ0-TQw?si=vpEPKvJunjZMMS-n\" title=\"YouTube video player\" frameborder=\"0\" allow=\"accelerometer; autoplay; clipboard-write; encrypted-media; gyroscope; picture-in-picture; web-share\" referrerpolicy=\"strict-origin-when-cross-origin\" allowfullscreen><\/iframe>\n\n\n\n<p><\/p>\n","protected":false},"excerpt":{"rendered":"<p>Dopo una breve malattia, \u00e8 morto oggi al Policlinico Gemelli il professore Ordinario di Ginecologia e Ostetricia dell\u2019Universit\u00e0 Cattolica, Direttore Scientifico della Fondazione Policlinico Universitario Agostino Gemelli IRCCS, tra i massimi specialisti mondiali in Ginecologia Oncologica. Dopo una breve malattia \u00e8 morto oggi all\u2019et\u00e0 di 65 anni, presso il Policlinico Gemelli, il professor Giovanni Scambia, [&hellip;]<\/p>\n","protected":false},"featured_media":67720,"template":"","categorie":[96],"class_list":{"0":"post-68554","1":"kf_gem_news","2":"type-kf_gem_news","3":"status-publish","4":"has-post-thumbnail","6":"kf_gem_newscat-institutional-information","7":"entry"},"acf":[],"yoast_head":"<!-- This site is optimized with the Yoast SEO plugin v27.5 - https:\/\/yoast.com\/product\/yoast-seo-wordpress\/ -->\n<title>La scomparsa del professor Giovanni Scambia - Policlinico Universitario A. Gemelli IRCCS<\/title>\n<meta name=\"robots\" content=\"index, follow, max-snippet:-1, max-image-preview:large, max-video-preview:-1\" \/>\n<link rel=\"canonical\" href=\"https:\/\/www.policlinicogemelli.it\/en\/news-events\/la-scomparsa-del-professor-giovanni-scambia\/\" \/>\n<meta property=\"og:locale\" content=\"en_US\" \/>\n<meta property=\"og:type\" content=\"article\" \/>\n<meta property=\"og:title\" content=\"La scomparsa del professor Giovanni Scambia - Policlinico Universitario A. Gemelli IRCCS\" \/>\n<meta property=\"og:description\" content=\"Dopo una breve malattia, \u00e8 morto oggi al Policlinico Gemelli il professore Ordinario di Ginecologia e Ostetricia dell\u2019Universit\u00e0 Cattolica, Direttore Scientifico della Fondazione Policlinico Universitario Agostino Gemelli IRCCS, tra i massimi specialisti mondiali in Ginecologia Oncologica. Dopo una breve malattia \u00e8 morto oggi all\u2019et\u00e0 di 65 anni, presso il Policlinico Gemelli, il professor Giovanni Scambia, [&hellip;]\" \/>\n<meta property=\"og:url\" content=\"https:\/\/www.policlinicogemelli.it\/en\/news-events\/la-scomparsa-del-professor-giovanni-scambia\/\" \/>\n<meta property=\"og:site_name\" content=\"Policlinico Universitario Agostino Gemelli IRCCS\" \/>\n<meta property=\"article:modified_time\" content=\"2025-03-10T10:59:31+00:00\" \/>\n<meta property=\"og:image\" content=\"https:\/\/www.policlinicogemelli.it\/wp-content\/uploads\/2024\/12\/GiovanniScambia.jpg\" \/>\n\t<meta property=\"og:image:width\" content=\"850\" \/>\n\t<meta property=\"og:image:height\" content=\"495\" \/>\n\t<meta property=\"og:image:type\" content=\"image\/jpeg\" \/>\n<meta name=\"twitter:card\" content=\"summary_large_image\" \/>\n<meta name=\"twitter:label1\" content=\"Est. reading time\" \/>\n\t<meta name=\"twitter:data1\" content=\"3 minutes\" \/>\n<script type=\"application\/ld+json\" class=\"yoast-schema-graph\">{\"@context\":\"https:\\\/\\\/schema.org\",\"@graph\":[{\"@type\":\"WebPage\",\"@id\":\"https:\\\/\\\/www.policlinicogemelli.it\\\/en\\\/news-events\\\/la-scomparsa-del-professor-giovanni-scambia\\\/\",\"url\":\"https:\\\/\\\/www.policlinicogemelli.it\\\/en\\\/news-events\\\/la-scomparsa-del-professor-giovanni-scambia\\\/\",\"name\":\"La scomparsa del professor Giovanni Scambia - Policlinico Universitario A. Gemelli IRCCS\",\"isPartOf\":{\"@id\":\"https:\\\/\\\/www.policlinicogemelli.it\\\/en\\\/#website\"},\"primaryImageOfPage\":{\"@id\":\"https:\\\/\\\/www.policlinicogemelli.it\\\/en\\\/news-events\\\/la-scomparsa-del-professor-giovanni-scambia\\\/#primaryimage\"},\"image\":{\"@id\":\"https:\\\/\\\/www.policlinicogemelli.it\\\/en\\\/news-events\\\/la-scomparsa-del-professor-giovanni-scambia\\\/#primaryimage\"},\"thumbnailUrl\":\"https:\\\/\\\/www.policlinicogemelli.it\\\/wp-content\\\/uploads\\\/2024\\\/12\\\/GiovanniScambia.jpg\",\"datePublished\":\"2025-02-20T17:25:29+00:00\",\"dateModified\":\"2025-03-10T10:59:31+00:00\",\"breadcrumb\":{\"@id\":\"https:\\\/\\\/www.policlinicogemelli.it\\\/en\\\/news-events\\\/la-scomparsa-del-professor-giovanni-scambia\\\/#breadcrumb\"},\"inLanguage\":\"en-US\",\"potentialAction\":[{\"@type\":\"ReadAction\",\"target\":[\"https:\\\/\\\/www.policlinicogemelli.it\\\/en\\\/news-events\\\/la-scomparsa-del-professor-giovanni-scambia\\\/\"]}]},{\"@type\":\"ImageObject\",\"inLanguage\":\"en-US\",\"@id\":\"https:\\\/\\\/www.policlinicogemelli.it\\\/en\\\/news-events\\\/la-scomparsa-del-professor-giovanni-scambia\\\/#primaryimage\",\"url\":\"https:\\\/\\\/www.policlinicogemelli.it\\\/wp-content\\\/uploads\\\/2024\\\/12\\\/GiovanniScambia.jpg\",\"contentUrl\":\"https:\\\/\\\/www.policlinicogemelli.it\\\/wp-content\\\/uploads\\\/2024\\\/12\\\/GiovanniScambia.jpg\",\"width\":850,\"height\":495},{\"@type\":\"BreadcrumbList\",\"@id\":\"https:\\\/\\\/www.policlinicogemelli.it\\\/en\\\/news-events\\\/la-scomparsa-del-professor-giovanni-scambia\\\/#breadcrumb\",\"itemListElement\":[{\"@type\":\"ListItem\",\"position\":1,\"name\":\"Home\",\"item\":\"https:\\\/\\\/www.policlinicogemelli.it\\\/en\\\/\"},{\"@type\":\"ListItem\",\"position\":2,\"name\":\"News and Events\",\"item\":\"https:\\\/\\\/www.policlinicogemelli.it\\\/en\\\/news-events\\\/\"},{\"@type\":\"ListItem\",\"position\":3,\"name\":\"La scomparsa del professor Giovanni Scambia\"}]},{\"@type\":\"WebSite\",\"@id\":\"https:\\\/\\\/www.policlinicogemelli.it\\\/en\\\/#website\",\"url\":\"https:\\\/\\\/www.policlinicogemelli.it\\\/en\\\/\",\"name\":\"Policlinico Universitario Agostino Gemelli IRCCS\",\"description\":\"Policlinico Universitario Agostino Gemelli IRCCS\",\"publisher\":{\"@id\":\"https:\\\/\\\/www.policlinicogemelli.it\\\/en\\\/#organization\"},\"potentialAction\":[{\"@type\":\"SearchAction\",\"target\":{\"@type\":\"EntryPoint\",\"urlTemplate\":\"https:\\\/\\\/www.policlinicogemelli.it\\\/en\\\/?s={search_term_string}\"},\"query-input\":{\"@type\":\"PropertyValueSpecification\",\"valueRequired\":true,\"valueName\":\"search_term_string\"}}],\"inLanguage\":\"en-US\"},{\"@type\":\"Organization\",\"@id\":\"https:\\\/\\\/www.policlinicogemelli.it\\\/en\\\/#organization\",\"name\":\"Policlinico Universitario Agostino Gemelli IRCCS\",\"url\":\"https:\\\/\\\/www.policlinicogemelli.it\\\/en\\\/\",\"logo\":{\"@type\":\"ImageObject\",\"inLanguage\":\"en-US\",\"@id\":\"https:\\\/\\\/www.policlinicogemelli.it\\\/en\\\/#\\\/schema\\\/logo\\\/image\\\/\",\"url\":\"https:\\\/\\\/www.policlinicogemelli.it\\\/wp-content\\\/uploads\\\/2019\\\/02\\\/logo-policlinico-gemelli-250-trasp-color-1.png\",\"contentUrl\":\"https:\\\/\\\/www.policlinicogemelli.it\\\/wp-content\\\/uploads\\\/2019\\\/02\\\/logo-policlinico-gemelli-250-trasp-color-1.png\",\"width\":250,\"height\":82,\"caption\":\"Policlinico Universitario Agostino Gemelli IRCCS\"},\"image\":{\"@id\":\"https:\\\/\\\/www.policlinicogemelli.it\\\/en\\\/#\\\/schema\\\/logo\\\/image\\\/\"}}]}<\/script>\n<!-- \/ Yoast SEO plugin. -->","yoast_head_json":{"title":"La scomparsa del professor Giovanni Scambia - Policlinico Universitario A. Gemelli IRCCS","robots":{"index":"index","follow":"follow","max-snippet":"max-snippet:-1","max-image-preview":"max-image-preview:large","max-video-preview":"max-video-preview:-1"},"canonical":"https:\/\/www.policlinicogemelli.it\/en\/news-events\/la-scomparsa-del-professor-giovanni-scambia\/","og_locale":"en_US","og_type":"article","og_title":"La scomparsa del professor Giovanni Scambia - Policlinico Universitario A. Gemelli IRCCS","og_description":"Dopo una breve malattia, \u00e8 morto oggi al Policlinico Gemelli il professore Ordinario di Ginecologia e Ostetricia dell\u2019Universit\u00e0 Cattolica, Direttore Scientifico della Fondazione Policlinico Universitario Agostino Gemelli IRCCS, tra i massimi specialisti mondiali in Ginecologia Oncologica. Dopo una breve malattia \u00e8 morto oggi all\u2019et\u00e0 di 65 anni, presso il Policlinico Gemelli, il professor Giovanni Scambia, [&hellip;]","og_url":"https:\/\/www.policlinicogemelli.it\/en\/news-events\/la-scomparsa-del-professor-giovanni-scambia\/","og_site_name":"Policlinico Universitario Agostino Gemelli IRCCS","article_modified_time":"2025-03-10T10:59:31+00:00","og_image":[{"width":850,"height":495,"url":"https:\/\/www.policlinicogemelli.it\/wp-content\/uploads\/2024\/12\/GiovanniScambia.jpg","type":"image\/jpeg"}],"twitter_card":"summary_large_image","twitter_misc":{"Est. reading time":"3 minutes"},"schema":{"@context":"https:\/\/schema.org","@graph":[{"@type":"WebPage","@id":"https:\/\/www.policlinicogemelli.it\/en\/news-events\/la-scomparsa-del-professor-giovanni-scambia\/","url":"https:\/\/www.policlinicogemelli.it\/en\/news-events\/la-scomparsa-del-professor-giovanni-scambia\/","name":"La scomparsa del professor Giovanni Scambia - Policlinico Universitario A. Gemelli IRCCS","isPartOf":{"@id":"https:\/\/www.policlinicogemelli.it\/en\/#website"},"primaryImageOfPage":{"@id":"https:\/\/www.policlinicogemelli.it\/en\/news-events\/la-scomparsa-del-professor-giovanni-scambia\/#primaryimage"},"image":{"@id":"https:\/\/www.policlinicogemelli.it\/en\/news-events\/la-scomparsa-del-professor-giovanni-scambia\/#primaryimage"},"thumbnailUrl":"https:\/\/www.policlinicogemelli.it\/wp-content\/uploads\/2024\/12\/GiovanniScambia.jpg","datePublished":"2025-02-20T17:25:29+00:00","dateModified":"2025-03-10T10:59:31+00:00","breadcrumb":{"@id":"https:\/\/www.policlinicogemelli.it\/en\/news-events\/la-scomparsa-del-professor-giovanni-scambia\/#breadcrumb"},"inLanguage":"en-US","potentialAction":[{"@type":"ReadAction","target":["https:\/\/www.policlinicogemelli.it\/en\/news-events\/la-scomparsa-del-professor-giovanni-scambia\/"]}]},{"@type":"ImageObject","inLanguage":"en-US","@id":"https:\/\/www.policlinicogemelli.it\/en\/news-events\/la-scomparsa-del-professor-giovanni-scambia\/#primaryimage","url":"https:\/\/www.policlinicogemelli.it\/wp-content\/uploads\/2024\/12\/GiovanniScambia.jpg","contentUrl":"https:\/\/www.policlinicogemelli.it\/wp-content\/uploads\/2024\/12\/GiovanniScambia.jpg","width":850,"height":495},{"@type":"BreadcrumbList","@id":"https:\/\/www.policlinicogemelli.it\/en\/news-events\/la-scomparsa-del-professor-giovanni-scambia\/#breadcrumb","itemListElement":[{"@type":"ListItem","position":1,"name":"Home","item":"https:\/\/www.policlinicogemelli.it\/en\/"},{"@type":"ListItem","position":2,"name":"News and Events","item":"https:\/\/www.policlinicogemelli.it\/en\/news-events\/"},{"@type":"ListItem","position":3,"name":"La scomparsa del professor Giovanni Scambia"}]},{"@type":"WebSite","@id":"https:\/\/www.policlinicogemelli.it\/en\/#website","url":"https:\/\/www.policlinicogemelli.it\/en\/","name":"Policlinico Universitario Agostino Gemelli IRCCS","description":"Policlinico Universitario Agostino Gemelli IRCCS","publisher":{"@id":"https:\/\/www.policlinicogemelli.it\/en\/#organization"},"potentialAction":[{"@type":"SearchAction","target":{"@type":"EntryPoint","urlTemplate":"https:\/\/www.policlinicogemelli.it\/en\/?s={search_term_string}"},"query-input":{"@type":"PropertyValueSpecification","valueRequired":true,"valueName":"search_term_string"}}],"inLanguage":"en-US"},{"@type":"Organization","@id":"https:\/\/www.policlinicogemelli.it\/en\/#organization","name":"Policlinico Universitario Agostino Gemelli IRCCS","url":"https:\/\/www.policlinicogemelli.it\/en\/","logo":{"@type":"ImageObject","inLanguage":"en-US","@id":"https:\/\/www.policlinicogemelli.it\/en\/#\/schema\/logo\/image\/","url":"https:\/\/www.policlinicogemelli.it\/wp-content\/uploads\/2019\/02\/logo-policlinico-gemelli-250-trasp-color-1.png","contentUrl":"https:\/\/www.policlinicogemelli.it\/wp-content\/uploads\/2019\/02\/logo-policlinico-gemelli-250-trasp-color-1.png","width":250,"height":82,"caption":"Policlinico Universitario Agostino Gemelli IRCCS"},"image":{"@id":"https:\/\/www.policlinicogemelli.it\/en\/#\/schema\/logo\/image\/"}}]}},"rest_api_enabler":[],"_links":{"self":[{"href":"https:\/\/www.policlinicogemelli.it\/en\/wp-json\/wp\/v2\/news\/68554","targetHints":{"allow":["GET"]}}],"collection":[{"href":"https:\/\/www.policlinicogemelli.it\/en\/wp-json\/wp\/v2\/news"}],"about":[{"href":"https:\/\/www.policlinicogemelli.it\/en\/wp-json\/wp\/v2\/types\/kf_gem_news"}],"version-history":[{"count":0,"href":"https:\/\/www.policlinicogemelli.it\/en\/wp-json\/wp\/v2\/news\/68554\/revisions"}],"wp:featuredmedia":[{"embeddable":true,"href":"https:\/\/www.policlinicogemelli.it\/en\/wp-json\/wp\/v2\/media\/67720"}],"wp:attachment":[{"href":"https:\/\/www.policlinicogemelli.it\/en\/wp-json\/wp\/v2\/media?parent=68554"}],"wp:term":[{"taxonomy":"kf_gem_newscat","embeddable":true,"href":"https:\/\/www.policlinicogemelli.it\/en\/wp-json\/wp\/v2\/categorie?post=68554"}],"curies":[{"name":"wp","href":"https:\/\/api.w.org\/{rel}","templated":true}]}}