{"id":66392,"date":"2024-09-26T18:17:58","date_gmt":"2024-09-26T18:17:58","guid":{"rendered":"https:\/\/www.policlinicogemelli.it\/news-eventi\/il-nuovo-cda-della-fondazione-policlinico-universitario-agostino-gemelli-irccs-a-presiederlo-daniele-franco\/"},"modified":"2024-09-27T10:44:23","modified_gmt":"2024-09-27T10:44:23","slug":"il-nuovo-cda-della-fondazione-policlinico-universitario-agostino-gemelli-irccs-a-presiederlo-daniele-franco","status":"publish","type":"kf_gem_news","link":"https:\/\/www.policlinicogemelli.it\/en\/news-events\/il-nuovo-cda-della-fondazione-policlinico-universitario-agostino-gemelli-irccs-a-presiederlo-daniele-franco\/","title":{"rendered":"Il nuovo CdA della Fondazione Policlinico Universitario Agostino Gemelli IRCCS. A presiederlo Daniele Franco"},"content":{"rendered":"\n<p>La Fondazione Policlinico Universitario Agostino Gemelli IRCCS ha un nuovo Consiglio di amministrazione. A presiederlo \u00e8 <strong>Daniele Franco<\/strong>, nominato dal Rettore dell&#8217;Universit\u00e0 Cattolica del Sacro Cuore, professoressa <strong>Elena Beccalli,<\/strong> d\u2019intesa con il Presidente dell&#8217;Istituto Giuseppe Toniolo di Studi Superiori, l\u2019Arcivescovo di Milano <strong>Mario Delpini<\/strong>. Daniele Franco, gi\u00e0 Ministro dell&#8217;Economia e delle Finanze, Ragioniere generale dello Stato e Direttore generale della Banca d&#8217;Italia, subentra all\u2019Avv. <strong>Carlo Fratta Pasini<\/strong>, giunto al termine del mandato.<\/p>\n\n\n\n<p>Fondazione privata no profit costituita nel 2015 da Universit\u00e0 Cattolica e Istituto Toniolo, \u00e8 governata da un Consiglio di Amministrazione composto da 11 membri che, a termini di Statuto, sar\u00e0 in carica fino all\u2019approvazione del bilancio di esercizio 2027. Il Presidente e i componenti del CdA della Fondazione, nominati dagli organi competenti, sono stati presentati oggi, gioved\u00ec 26 settembre, dal Rettore dell&#8217;Ateneo e dal Vicepresidente dell\u2019Istituto Toniolo <strong>Giuseppe Fioroni<\/strong> in occasione della seduta del Consiglio di Amministrazione dell\u2019Universit\u00e0 Cattolica del Sacro Cuore, riunitosi a Milano.<\/p>\n\n\n\n<p>Il CdA della Fondazione \u00e8 cos\u00ec composto:<\/p>\n\n\n\n<p>presidente: Dott. Daniele FRANCO<\/p>\n\n\n\n<p>membri designati: Prof. Massimo ANTONELLI; Prof.ssa Elena BECCALLI; Dott. Guido CARPANI; Prof. Giuseppe FIORONI; Dott. Giuseppe FONTANA; Prof. Antonio GASBARRINI; Mons. Claudio GIULIODORI; Dott. Salvatore NASTASI; Dott.ssa Maria Rosa RUSSO; Prof. Giampaolo TORTORA.<\/p>\n\n\n\n<p>Al nuovo Consiglio spetter\u00e0 il compito di guidare le attivit\u00e0 sanitarie e di ricerca del Policlinico Gemelli in stretto coordinamento e sinergia con quelle universitarie, facenti capo all\u2019Universit\u00e0 Cattolica del Sacro Cuore. Tutto ci\u00f2 rimanendo fedeli alla visione cristiana della persona malata e alla vocazione all&#8217;eccellenza che hanno contraddistinto la nascita e l\u2019operato del Policlinico Gemelli, che il 10 luglio scorso ha compiuto 60 anni dall\u2019avvio della sua attivit\u00e0.<\/p>\n\n\n\n<p>\u201cRingrazio e auguro buon lavoro al Dottor Daniele Franco, che ha accettato con generosit\u00e0 ed entusiasmo l\u2019incarico di Presidente; sono certa che sapr\u00e0 guidare il CdA della Fondazione con assoluta competenza assicurando piena garanzia e tutela all\u2019Istituzione \u2013 ha detto il Rettore Elena Beccalli \u2013. Esprimo un sentito ringraziamento al CdA uscente e al suo Presidente Avv. Fratta Pasini, per l\u2019equilibrio e la professionalit\u00e0 con cui hanno interpretato il loro mandato nel quadriennio\u201d. Il Rettore ha poi evidenziato come \u201cil Policlinico Gemelli rappresenti un polo di riferimento per la sanit\u00e0 nazionale che intende contemperare la sostenibilit\u00e0 economica e la qualit\u00e0 nella missione di cura a vocazione universalistica assicurata a tutti, specie ai meno abbienti. Un\u2019eccellenza della sanit\u00e0 nazionale, riconosciuta nei ranking internazionali come il primo ospedale italiano e tra i pi\u00f9 importanti del mondo. Risultati conseguiti in virt\u00f9 di un legame prezioso e inscindibile tra attivit\u00e0 clinica, di ricerca ed educativa, reso possibile dall\u2019interazione con la Facolt\u00e0 di Medicina e chirurgia\u201d. Il Rettore ha infine ricordato che la nuova <em>governance<\/em> potr\u00e0 contare \u201csulla dedizione quotidiana di tutte le componenti della comunit\u00e0 del Gemelli, sempre sostenuta dall\u2019Ateneo\u201d.<\/p>\n\n\n\n<p>L\u2019Arcivescovo Delpini ha ricordato che \u201cl\u2019Istituto Toniolo ha la responsabilit\u00e0 di assicurare l\u2019orientamento, le finalit\u00e0 e i valori a cui si ispirano l\u2019Ateneo e la Fondazione Policlinico Gemelli\u201d. Con particolare riguardo al Policlinico, ha voluto sottolineare con gratitudine \u201cl\u2019intenso lavoro svolto dal Consiglio di amministrazione uscente\u201d. Egli ha tenuto inoltre a ribadire come \u201cla fisionomia cattolica del Policlinico Gemelli si realizzi nel tenere saldo il legame tra il servizio incondizionato alla persona e la ricerca scientifica d\u2019eccellenza. Espressione tangibile di una vocazione alla cura che si attua, giorno dopo giorno, con quella dedizione che caratterizza coloro che sono al servizio delle istituzioni nell\u2019ottica di contribuire al bene comune. E, allo stesso tempo, nella custodia del principio della solidariet\u00e0, cui dirigenti e personale sanitario sono chiamati a ispirare il loro lavoro per l\u2019edificazione propria e di tutta la societ\u00e0\u201d.<\/p>\n\n\n\n<p>L\u2019Universit\u00e0 Cattolica e l\u2019Istituto Toniolo con tali nomine confidano di poter sempre contare sulla vicinanza e il sostegno di tutte le istituzioni \u2013 nazionali, regionali, ecclesiali &#8211; in uno spirito di proficua collaborazione. Questa sinergia creer\u00e0 le migliori condizioni affinch\u00e9 il Gemelli resti riferimento autorevole per il servizio sanitario nazionale.<\/p>\n\n\n\n<p>_______<\/p>\n\n\n\n<p>Daniele Franco (Trichiana, 7 giugno 1953) \u00e8 un economista, banchiere e funzionario italiano. \u00c8 stato il 20\u00ba Ragioniere generale dello Stato dal 2013 al 2019, quindi Direttore generale della Banca d&#8217;Italia dal 1\u00ba gennaio 2020 fino al 13 febbraio 2021, quando \u00e8 stato nominato Ministro dell&#8217;Economia e delle Finanze nel governo Draghi (2021-2022).<\/p>\n\n\n\n<figure class=\"wp-block-gallery has-nested-images columns-default is-cropped wp-block-gallery-1 is-layout-flex wp-block-gallery-is-layout-flex\">\n<figure class=\"wp-block-image size-large\"><img loading=\"lazy\" decoding=\"async\" width=\"2500\" height=\"1667\" data-id=\"55454\" src=\"https:\/\/www.policlinicogemelli.it\/wp-content\/uploads\/2023\/06\/PoliclinicoGemelli_Esterno.jpg\" alt=\"\" class=\"wp-image-55454\"\/><\/figure>\n<\/figure>\n\n\n\n<p><\/p>\n","protected":false},"excerpt":{"rendered":"<p>La Fondazione Policlinico Universitario Agostino Gemelli IRCCS ha un nuovo Consiglio di amministrazione. A presiederlo \u00e8 Daniele Franco, nominato dal Rettore dell&#8217;Universit\u00e0 Cattolica del Sacro Cuore, professoressa Elena Beccalli, d\u2019intesa con il Presidente dell&#8217;Istituto Giuseppe Toniolo di Studi Superiori, l\u2019Arcivescovo di Milano Mario Delpini. Daniele Franco, gi\u00e0 Ministro dell&#8217;Economia e delle Finanze, Ragioniere generale dello [&hellip;]<\/p>\n","protected":false},"featured_media":66422,"template":"","categorie":[96],"class_list":{"0":"post-66392","1":"kf_gem_news","2":"type-kf_gem_news","3":"status-publish","4":"has-post-thumbnail","6":"kf_gem_newscat-institutional-information","7":"entry"},"acf":[],"yoast_head":"<!-- This site is optimized with the Yoast SEO plugin v27.5 - https:\/\/yoast.com\/product\/yoast-seo-wordpress\/ -->\n<title>Il nuovo CdA della Fondazione Policlinico Universitario Agostino Gemelli IRCCS. A presiederlo Daniele Franco - Policlinico Universitario A. Gemelli IRCCS<\/title>\n<meta name=\"robots\" content=\"index, follow, max-snippet:-1, max-image-preview:large, max-video-preview:-1\" \/>\n<link rel=\"canonical\" href=\"https:\/\/www.policlinicogemelli.it\/en\/news-events\/il-nuovo-cda-della-fondazione-policlinico-universitario-agostino-gemelli-irccs-a-presiederlo-daniele-franco\/\" \/>\n<meta property=\"og:locale\" content=\"en_US\" \/>\n<meta property=\"og:type\" content=\"article\" \/>\n<meta property=\"og:title\" content=\"Il nuovo CdA della Fondazione Policlinico Universitario Agostino Gemelli IRCCS. A presiederlo Daniele Franco - Policlinico Universitario A. Gemelli IRCCS\" \/>\n<meta property=\"og:description\" content=\"La Fondazione Policlinico Universitario Agostino Gemelli IRCCS ha un nuovo Consiglio di amministrazione. A presiederlo \u00e8 Daniele Franco, nominato dal Rettore dell&#8217;Universit\u00e0 Cattolica del Sacro Cuore, professoressa Elena Beccalli, d\u2019intesa con il Presidente dell&#8217;Istituto Giuseppe Toniolo di Studi Superiori, l\u2019Arcivescovo di Milano Mario Delpini. Daniele Franco, gi\u00e0 Ministro dell&#8217;Economia e delle Finanze, Ragioniere generale dello [&hellip;]\" \/>\n<meta property=\"og:url\" content=\"https:\/\/www.policlinicogemelli.it\/en\/news-events\/il-nuovo-cda-della-fondazione-policlinico-universitario-agostino-gemelli-irccs-a-presiederlo-daniele-franco\/\" \/>\n<meta property=\"og:site_name\" content=\"Policlinico Universitario Agostino Gemelli IRCCS\" \/>\n<meta property=\"article:modified_time\" content=\"2024-09-27T10:44:23+00:00\" \/>\n<meta property=\"og:image\" content=\"https:\/\/www.policlinicogemelli.it\/wp-content\/uploads\/2024\/09\/news-FrancoCdaGemelli_big.jpg\" \/>\n\t<meta property=\"og:image:width\" content=\"1280\" \/>\n\t<meta property=\"og:image:height\" content=\"660\" \/>\n\t<meta property=\"og:image:type\" content=\"image\/jpeg\" \/>\n<meta name=\"twitter:card\" content=\"summary_large_image\" \/>\n<meta name=\"twitter:label1\" content=\"Est. reading time\" \/>\n\t<meta name=\"twitter:data1\" content=\"4 minutes\" \/>\n<script type=\"application\/ld+json\" class=\"yoast-schema-graph\">{\"@context\":\"https:\\\/\\\/schema.org\",\"@graph\":[{\"@type\":\"WebPage\",\"@id\":\"https:\\\/\\\/www.policlinicogemelli.it\\\/en\\\/news-events\\\/il-nuovo-cda-della-fondazione-policlinico-universitario-agostino-gemelli-irccs-a-presiederlo-daniele-franco\\\/\",\"url\":\"https:\\\/\\\/www.policlinicogemelli.it\\\/en\\\/news-events\\\/il-nuovo-cda-della-fondazione-policlinico-universitario-agostino-gemelli-irccs-a-presiederlo-daniele-franco\\\/\",\"name\":\"Il nuovo CdA della Fondazione Policlinico Universitario Agostino Gemelli IRCCS. A presiederlo Daniele Franco - Policlinico Universitario A. Gemelli IRCCS\",\"isPartOf\":{\"@id\":\"https:\\\/\\\/www.policlinicogemelli.it\\\/en\\\/#website\"},\"primaryImageOfPage\":{\"@id\":\"https:\\\/\\\/www.policlinicogemelli.it\\\/en\\\/news-events\\\/il-nuovo-cda-della-fondazione-policlinico-universitario-agostino-gemelli-irccs-a-presiederlo-daniele-franco\\\/#primaryimage\"},\"image\":{\"@id\":\"https:\\\/\\\/www.policlinicogemelli.it\\\/en\\\/news-events\\\/il-nuovo-cda-della-fondazione-policlinico-universitario-agostino-gemelli-irccs-a-presiederlo-daniele-franco\\\/#primaryimage\"},\"thumbnailUrl\":\"https:\\\/\\\/www.policlinicogemelli.it\\\/wp-content\\\/uploads\\\/2024\\\/09\\\/news-FrancoCdaGemelli_big.jpg\",\"datePublished\":\"2024-09-26T18:17:58+00:00\",\"dateModified\":\"2024-09-27T10:44:23+00:00\",\"breadcrumb\":{\"@id\":\"https:\\\/\\\/www.policlinicogemelli.it\\\/en\\\/news-events\\\/il-nuovo-cda-della-fondazione-policlinico-universitario-agostino-gemelli-irccs-a-presiederlo-daniele-franco\\\/#breadcrumb\"},\"inLanguage\":\"en-US\",\"potentialAction\":[{\"@type\":\"ReadAction\",\"target\":[\"https:\\\/\\\/www.policlinicogemelli.it\\\/en\\\/news-events\\\/il-nuovo-cda-della-fondazione-policlinico-universitario-agostino-gemelli-irccs-a-presiederlo-daniele-franco\\\/\"]}]},{\"@type\":\"ImageObject\",\"inLanguage\":\"en-US\",\"@id\":\"https:\\\/\\\/www.policlinicogemelli.it\\\/en\\\/news-events\\\/il-nuovo-cda-della-fondazione-policlinico-universitario-agostino-gemelli-irccs-a-presiederlo-daniele-franco\\\/#primaryimage\",\"url\":\"https:\\\/\\\/www.policlinicogemelli.it\\\/wp-content\\\/uploads\\\/2024\\\/09\\\/news-FrancoCdaGemelli_big.jpg\",\"contentUrl\":\"https:\\\/\\\/www.policlinicogemelli.it\\\/wp-content\\\/uploads\\\/2024\\\/09\\\/news-FrancoCdaGemelli_big.jpg\",\"width\":1280,\"height\":660},{\"@type\":\"BreadcrumbList\",\"@id\":\"https:\\\/\\\/www.policlinicogemelli.it\\\/en\\\/news-events\\\/il-nuovo-cda-della-fondazione-policlinico-universitario-agostino-gemelli-irccs-a-presiederlo-daniele-franco\\\/#breadcrumb\",\"itemListElement\":[{\"@type\":\"ListItem\",\"position\":1,\"name\":\"Home\",\"item\":\"https:\\\/\\\/www.policlinicogemelli.it\\\/en\\\/\"},{\"@type\":\"ListItem\",\"position\":2,\"name\":\"News and Events\",\"item\":\"https:\\\/\\\/www.policlinicogemelli.it\\\/en\\\/news-events\\\/\"},{\"@type\":\"ListItem\",\"position\":3,\"name\":\"Il nuovo CdA della Fondazione Policlinico Universitario Agostino Gemelli IRCCS. A presiederlo Daniele Franco\"}]},{\"@type\":\"WebSite\",\"@id\":\"https:\\\/\\\/www.policlinicogemelli.it\\\/en\\\/#website\",\"url\":\"https:\\\/\\\/www.policlinicogemelli.it\\\/en\\\/\",\"name\":\"Policlinico Universitario Agostino Gemelli IRCCS\",\"description\":\"Policlinico Universitario Agostino Gemelli IRCCS\",\"publisher\":{\"@id\":\"https:\\\/\\\/www.policlinicogemelli.it\\\/en\\\/#organization\"},\"potentialAction\":[{\"@type\":\"SearchAction\",\"target\":{\"@type\":\"EntryPoint\",\"urlTemplate\":\"https:\\\/\\\/www.policlinicogemelli.it\\\/en\\\/?s={search_term_string}\"},\"query-input\":{\"@type\":\"PropertyValueSpecification\",\"valueRequired\":true,\"valueName\":\"search_term_string\"}}],\"inLanguage\":\"en-US\"},{\"@type\":\"Organization\",\"@id\":\"https:\\\/\\\/www.policlinicogemelli.it\\\/en\\\/#organization\",\"name\":\"Policlinico Universitario Agostino Gemelli IRCCS\",\"url\":\"https:\\\/\\\/www.policlinicogemelli.it\\\/en\\\/\",\"logo\":{\"@type\":\"ImageObject\",\"inLanguage\":\"en-US\",\"@id\":\"https:\\\/\\\/www.policlinicogemelli.it\\\/en\\\/#\\\/schema\\\/logo\\\/image\\\/\",\"url\":\"https:\\\/\\\/www.policlinicogemelli.it\\\/wp-content\\\/uploads\\\/2019\\\/02\\\/logo-policlinico-gemelli-250-trasp-color-1.png\",\"contentUrl\":\"https:\\\/\\\/www.policlinicogemelli.it\\\/wp-content\\\/uploads\\\/2019\\\/02\\\/logo-policlinico-gemelli-250-trasp-color-1.png\",\"width\":250,\"height\":82,\"caption\":\"Policlinico Universitario Agostino Gemelli IRCCS\"},\"image\":{\"@id\":\"https:\\\/\\\/www.policlinicogemelli.it\\\/en\\\/#\\\/schema\\\/logo\\\/image\\\/\"}}]}<\/script>\n<!-- \/ Yoast SEO plugin. -->","yoast_head_json":{"title":"Il nuovo CdA della Fondazione Policlinico Universitario Agostino Gemelli IRCCS. A presiederlo Daniele Franco - Policlinico Universitario A. Gemelli IRCCS","robots":{"index":"index","follow":"follow","max-snippet":"max-snippet:-1","max-image-preview":"max-image-preview:large","max-video-preview":"max-video-preview:-1"},"canonical":"https:\/\/www.policlinicogemelli.it\/en\/news-events\/il-nuovo-cda-della-fondazione-policlinico-universitario-agostino-gemelli-irccs-a-presiederlo-daniele-franco\/","og_locale":"en_US","og_type":"article","og_title":"Il nuovo CdA della Fondazione Policlinico Universitario Agostino Gemelli IRCCS. A presiederlo Daniele Franco - Policlinico Universitario A. Gemelli IRCCS","og_description":"La Fondazione Policlinico Universitario Agostino Gemelli IRCCS ha un nuovo Consiglio di amministrazione. A presiederlo \u00e8 Daniele Franco, nominato dal Rettore dell&#8217;Universit\u00e0 Cattolica del Sacro Cuore, professoressa Elena Beccalli, d\u2019intesa con il Presidente dell&#8217;Istituto Giuseppe Toniolo di Studi Superiori, l\u2019Arcivescovo di Milano Mario Delpini. Daniele Franco, gi\u00e0 Ministro dell&#8217;Economia e delle Finanze, Ragioniere generale dello [&hellip;]","og_url":"https:\/\/www.policlinicogemelli.it\/en\/news-events\/il-nuovo-cda-della-fondazione-policlinico-universitario-agostino-gemelli-irccs-a-presiederlo-daniele-franco\/","og_site_name":"Policlinico Universitario Agostino Gemelli IRCCS","article_modified_time":"2024-09-27T10:44:23+00:00","og_image":[{"width":1280,"height":660,"url":"https:\/\/www.policlinicogemelli.it\/wp-content\/uploads\/2024\/09\/news-FrancoCdaGemelli_big.jpg","type":"image\/jpeg"}],"twitter_card":"summary_large_image","twitter_misc":{"Est. reading time":"4 minutes"},"schema":{"@context":"https:\/\/schema.org","@graph":[{"@type":"WebPage","@id":"https:\/\/www.policlinicogemelli.it\/en\/news-events\/il-nuovo-cda-della-fondazione-policlinico-universitario-agostino-gemelli-irccs-a-presiederlo-daniele-franco\/","url":"https:\/\/www.policlinicogemelli.it\/en\/news-events\/il-nuovo-cda-della-fondazione-policlinico-universitario-agostino-gemelli-irccs-a-presiederlo-daniele-franco\/","name":"Il nuovo CdA della Fondazione Policlinico Universitario Agostino Gemelli IRCCS. A presiederlo Daniele Franco - Policlinico Universitario A. Gemelli IRCCS","isPartOf":{"@id":"https:\/\/www.policlinicogemelli.it\/en\/#website"},"primaryImageOfPage":{"@id":"https:\/\/www.policlinicogemelli.it\/en\/news-events\/il-nuovo-cda-della-fondazione-policlinico-universitario-agostino-gemelli-irccs-a-presiederlo-daniele-franco\/#primaryimage"},"image":{"@id":"https:\/\/www.policlinicogemelli.it\/en\/news-events\/il-nuovo-cda-della-fondazione-policlinico-universitario-agostino-gemelli-irccs-a-presiederlo-daniele-franco\/#primaryimage"},"thumbnailUrl":"https:\/\/www.policlinicogemelli.it\/wp-content\/uploads\/2024\/09\/news-FrancoCdaGemelli_big.jpg","datePublished":"2024-09-26T18:17:58+00:00","dateModified":"2024-09-27T10:44:23+00:00","breadcrumb":{"@id":"https:\/\/www.policlinicogemelli.it\/en\/news-events\/il-nuovo-cda-della-fondazione-policlinico-universitario-agostino-gemelli-irccs-a-presiederlo-daniele-franco\/#breadcrumb"},"inLanguage":"en-US","potentialAction":[{"@type":"ReadAction","target":["https:\/\/www.policlinicogemelli.it\/en\/news-events\/il-nuovo-cda-della-fondazione-policlinico-universitario-agostino-gemelli-irccs-a-presiederlo-daniele-franco\/"]}]},{"@type":"ImageObject","inLanguage":"en-US","@id":"https:\/\/www.policlinicogemelli.it\/en\/news-events\/il-nuovo-cda-della-fondazione-policlinico-universitario-agostino-gemelli-irccs-a-presiederlo-daniele-franco\/#primaryimage","url":"https:\/\/www.policlinicogemelli.it\/wp-content\/uploads\/2024\/09\/news-FrancoCdaGemelli_big.jpg","contentUrl":"https:\/\/www.policlinicogemelli.it\/wp-content\/uploads\/2024\/09\/news-FrancoCdaGemelli_big.jpg","width":1280,"height":660},{"@type":"BreadcrumbList","@id":"https:\/\/www.policlinicogemelli.it\/en\/news-events\/il-nuovo-cda-della-fondazione-policlinico-universitario-agostino-gemelli-irccs-a-presiederlo-daniele-franco\/#breadcrumb","itemListElement":[{"@type":"ListItem","position":1,"name":"Home","item":"https:\/\/www.policlinicogemelli.it\/en\/"},{"@type":"ListItem","position":2,"name":"News and Events","item":"https:\/\/www.policlinicogemelli.it\/en\/news-events\/"},{"@type":"ListItem","position":3,"name":"Il nuovo CdA della Fondazione Policlinico Universitario Agostino Gemelli IRCCS. A presiederlo Daniele Franco"}]},{"@type":"WebSite","@id":"https:\/\/www.policlinicogemelli.it\/en\/#website","url":"https:\/\/www.policlinicogemelli.it\/en\/","name":"Policlinico Universitario Agostino Gemelli IRCCS","description":"Policlinico Universitario Agostino Gemelli IRCCS","publisher":{"@id":"https:\/\/www.policlinicogemelli.it\/en\/#organization"},"potentialAction":[{"@type":"SearchAction","target":{"@type":"EntryPoint","urlTemplate":"https:\/\/www.policlinicogemelli.it\/en\/?s={search_term_string}"},"query-input":{"@type":"PropertyValueSpecification","valueRequired":true,"valueName":"search_term_string"}}],"inLanguage":"en-US"},{"@type":"Organization","@id":"https:\/\/www.policlinicogemelli.it\/en\/#organization","name":"Policlinico Universitario Agostino Gemelli IRCCS","url":"https:\/\/www.policlinicogemelli.it\/en\/","logo":{"@type":"ImageObject","inLanguage":"en-US","@id":"https:\/\/www.policlinicogemelli.it\/en\/#\/schema\/logo\/image\/","url":"https:\/\/www.policlinicogemelli.it\/wp-content\/uploads\/2019\/02\/logo-policlinico-gemelli-250-trasp-color-1.png","contentUrl":"https:\/\/www.policlinicogemelli.it\/wp-content\/uploads\/2019\/02\/logo-policlinico-gemelli-250-trasp-color-1.png","width":250,"height":82,"caption":"Policlinico Universitario Agostino Gemelli IRCCS"},"image":{"@id":"https:\/\/www.policlinicogemelli.it\/en\/#\/schema\/logo\/image\/"}}]}},"rest_api_enabler":[],"_links":{"self":[{"href":"https:\/\/www.policlinicogemelli.it\/en\/wp-json\/wp\/v2\/news\/66392","targetHints":{"allow":["GET"]}}],"collection":[{"href":"https:\/\/www.policlinicogemelli.it\/en\/wp-json\/wp\/v2\/news"}],"about":[{"href":"https:\/\/www.policlinicogemelli.it\/en\/wp-json\/wp\/v2\/types\/kf_gem_news"}],"version-history":[{"count":0,"href":"https:\/\/www.policlinicogemelli.it\/en\/wp-json\/wp\/v2\/news\/66392\/revisions"}],"wp:featuredmedia":[{"embeddable":true,"href":"https:\/\/www.policlinicogemelli.it\/en\/wp-json\/wp\/v2\/media\/66422"}],"wp:attachment":[{"href":"https:\/\/www.policlinicogemelli.it\/en\/wp-json\/wp\/v2\/media?parent=66392"}],"wp:term":[{"taxonomy":"kf_gem_newscat","embeddable":true,"href":"https:\/\/www.policlinicogemelli.it\/en\/wp-json\/wp\/v2\/categorie?post=66392"}],"curies":[{"name":"wp","href":"https:\/\/api.w.org\/{rel}","templated":true}]}}