{"id":65268,"date":"2024-06-07T09:41:19","date_gmt":"2024-06-07T09:41:19","guid":{"rendered":"https:\/\/www.policlinicogemelli.it\/?post_type=kf_gem_news&#038;p=65268"},"modified":"2024-06-07T10:24:07","modified_gmt":"2024-06-07T10:24:07","slug":"il-nuovo-focus-hospital-del-gemelli-nella-solennita-del-sacro-cuore","status":"publish","type":"kf_gem_news","link":"https:\/\/www.policlinicogemelli.it\/en\/news-events\/il-nuovo-focus-hospital-del-gemelli-nella-solennita-del-sacro-cuore\/","title":{"rendered":"Il nuovo Focus Hospital del Gemelli nella Solennit\u00e0 del Sacro Cuore"},"content":{"rendered":"\n<p><strong><em>Al Policlinico un Centro dedicato all\u2019ortopedia e alla traumatologia presentato ieri con l\u2019intervento del Presidente della Regione Lazio Francesco Rocca.Nella occasione della festa patronale dell\u2019Universit\u00e0 Cattolica la dedicazione della nuova cappella \u201cSan Giovanni Paolo II\u201d nella Hall dell\u2019ospedale e la consegna di omaggi dell\u2019Ateneo al cardinale Giuseppe Betori e ad Anna Maria Tarantola.<\/em><\/strong><\/p>\n\n\n\n<p><strong>Il Focus Hospital, nuovo Centro dedicato all\u2019ortopedia e alla traumatologia all\u2019interno del complesso CeMi \u2013 Centro di Medicina dell\u2019Invecchiamento del Policlinico Gemelli, e la nuova Cappella nella hall del Policlinico, sono stati al centro delle celebrazioni di ieri pomeriggio per la Solennit\u00e0 del Sacro Cuore di Ges\u00f9, Patrono dell\u2019Universit\u00e0 Cattolica.<\/strong> Il Presidente della Regione Lazio <strong>Francesco Rocca<\/strong> accompagnato dalle autorit\u00e0 istituzionali dell\u2019Universit\u00e0 Cattolica, della Fondazione Policlinico Universitario Agostino Gemelli IRCCS e dell\u2019Istituto Giuseppe Toniolo di Studi Superiori, ha visitato il <strong>Focus Hospital<\/strong> insieme ad <strong>Andrea Urbani,<\/strong> Direttore della Direzione Regionale \u2018Salute e Integrazione Sociosanitaria\u2019. \u00a0 \u201cIl Policlinico Universitario Agostino Gemelli rappresenta un&#8217;eccellenza nazionale e internazionale di cui andare orgogliosi \u2013 ha detto il Presidente <strong>Rocca &#8211;<\/strong>. <\/p>\n\n\n\n<p>Sono molto soddisfatto della realizzazione del nuovo Focus Hospital, un reparto dedicato all\u2019ortopedia e alla traumatologia dotato di polo ambulatoriale, quattro reparti di degenza, blocco operatorio e terapia intensiva postoperatoria. 31 nuovi posti letto, inoltre, saranno dedicati all&#8217;osservazione breve intensiva a supporto del Pronto Soccorso nei locali che ospitavano la vecchia cappella dell&#8217;ospedale. Grazie a questi lavori avremo un&#8217;ulteriore riduzione dei tempi di attesa dei pazienti in carico al Pronto Soccorso, effettuando il ricovero entro 12 ore dall&#8217;ingresso in PS. Ringrazio tutto il personale e l&#8217;amministrazione per questi interventi, fondamentali per aumentare la capacit\u00e0 di rispondere alle esigenze dei cittadini\u201d. \u00a0 <\/p>\n\n\n\n<p>La nuova struttura risponde alle esigenze di flessibilit\u00e0, sostenibilit\u00e0 e sviluppo ottimizzando i principali flussi degli utenti e attuando percorsi diagnostico-terapeutici adeguati, superando le disomogeneit\u00e0 e i disagi logistici per i pazienti. La nuova opera si distingue anche per la sua estrema plasticit\u00e0: realizzata per accogliere pazienti di pertinenza specialistica ortopedica, all\u2019occorrenza potrebbe essere rapidamente riconfigurata per ospitare e gestire pazienti di futuri scenari pandemici, non solo sfruttando il collegamento di contiguit\u00e0 con la parte dell\u2019edificio che gi\u00e0 \u00e8 sede dei reparti di degenza di Malattie Infettive, ma anche adattandosi alle possibili scaturenti esigenze di carattere chirurgico e intensivo, convertendo ambienti e spazi appositamente costituiti. \u00a0 <\/p>\n\n\n\n<p>Ad accogliere il Presidente Rocca, per l\u2019Ateneo, <strong>Pier Sandro Cocconcelli<\/strong>, Prorettore Vicario, <strong>Antonio Gasbarrini<\/strong>, Preside della Facolt\u00e0 di Medicina e chirurgia, <strong>Elena Beccalli<\/strong>, Preside della Facolt\u00e0 di Scienze bancarie, finanziarie e assicurative, <strong>Antonella Occhino<\/strong> Preside della Facolt\u00e0 di Economia e <strong>Paolo Nusiner, <\/strong>Direttore Generale; per la Fondazione Policlinico Gemelli IRCCS, il Presidente <strong>Carlo Fratta Pasini<\/strong>, il Direttore Generale <strong>Marco Elefanti<\/strong>, il Direttore Scientifico <strong>Giovanni Scambia<\/strong>, il Direttore Sanitario <strong>Andrea Cambieri<\/strong>, il Direttore Dipartimento Scienze dell&#8217;Invecchiamento, Ortopediche e Reumatologiche <strong>Francesco Landi<\/strong>, il Direttore Dipartimento Scienze dell&#8217;emergenza, anestesiologiche e della rianimazione <strong>Massimo Antonelli<\/strong>, e il Direttore Unit\u00e0 Operativa Complessa\u00a0 di Ortopedia e Traumatologia <strong>Giulio Maccauro<\/strong>. \u00c8 intervenuto anche il Vicepresidente dell\u2019Istituto Giuseppe Toniolo di Studi Superiori<strong> Giuseppe Fioroni<\/strong>. \u00a0 <\/p>\n\n\n\n<p>Prima della visita al Focus Hospital, la benedizione della nuova struttura \u00e8 stata impartita da Sua Eminenza il Cardinale <strong>Giuseppe Betori<\/strong>, Arcivescovo Emerito e Amministratore Apostolico della Diocesi di Firenze, insieme a Sua Eccellenza Monsignor <strong>Claudio Giuliodori<\/strong>, Assistente Ecclesiastico generale dell\u2019Universit\u00e0 Cattolica. \u00a0 A seguire nella nuova Cappella \u201cSan Giovanni Paolo II\u201d nella Hall del Policlinico Gemelli, di cui \u00e8 avvenuta la dedicazione, ha avuto luogo la concelebrazione eucaristica presieduta dalCardinale <strong>Giuseppe Betori <\/strong>edal Monsignor <strong>Claudio Giuliodori<\/strong>. \u201cSentiamo la presenza di questa Cappella nel Policlinico \u2013 ha detto il Cardinale Betori pronunciando l\u2019Omelia &#8211; come un appello di Dio a unirci a lui e a vivere nella comunione tra noi -. Una Cappella dedicata a un Papa \u00e8 un inevitabile richiamo alla nostra appartenenza alla Chiesa, della cui unit\u00e0 nella verit\u00e0 il Papa \u00e8 servo. Possa l\u2019intero magistero di San Giovanni Paolo II, in particolare quello sulla vita e sulla dignit\u00e0 umana, risuonare nei nostri cuori ogni volta che entreremo in questo luogo. Sappiamo \u2013 ha continuato il Cardinale Betori &#8211; come il riferimento al Sacro Cuore abbia illuminato e sostenuto il P. Agostino Gemelli e i suoi collaboratori a dare vita all\u2019Universit\u00e0 Cattolica di cui questo Policlinico \u00e8 parte imprescindibile\u201d. \u00a0 <\/p>\n\n\n\n<p>Nell\u2019occasione dell\u2019imminente Giubileo, l\u2019area al 2<sup>o<\/sup> piano del Policlinico, originariamente occupata dalla Cappella San Giovanni Paolo II, ora trasferita nella Hall, sar\u00e0 destinata alla realizzazione di un reparto ricoveri di 31 posti letto di Osservazione Breve Intensiva a supporto del Dea di II livello. Ci\u00f2 consentir\u00e0 una riduzione dei tempi di attesa ai pazienti in carico al Pronto Soccorso, prima del trasferimento al reparto di destinazione. \u00a0 A seguire, la consegna degli omaggi dell\u2019Ateneo al Cardinale<strong> Giuseppe Betori<\/strong>, e alla dottoressa <strong>Anna Maria Tarantola<\/strong>, Presidente della Fondazione Centesimus Annus Pro Pontifice, che hanno testimoniato i valori cui si ispira l\u2019Ateneo. \u00a0 <\/p>\n\n\n\n<p>\u201cLa comunit\u00e0 universitaria e ospedaliera della Sede di Roma celebra oggi la Solennit\u00e0 del Sacro Cuore nel nome della solidariet\u00e0, della formazione avanzata e della cura dei fragili \u2013 ha dichiarato il professor <strong>Antonio Gasbarrini<\/strong>, Preside della Facolt\u00e0 di Medicina e chirurgia, Ordinario di Medicina Interna \u2013. Tutte le espressioni della Sede, docenti, studenti, personale medico, sanitario e amministrativo, si sono riuniti nella nuova Cappella della Hall del Policlinico che sar\u00e0 un luogo di accoglienza, di ristoro spirituale, simbolica dei valori di umanit\u00e0 che da sempre costituiscono il centro del nostro lavoro di insegnamento e assistenza. Oggi presentiamo anche il Focus Hospital dedicato all\u2019ortopedia e alla traumatologia, un altro importante centro non solo di assistenza e di cura, ma anche di didattica di eccellenza e di alta attivit\u00e0 formativa per le nostre studentesse e i nostri studenti, grazie alle pi\u00f9 moderne tecnologie\u201d. \u00a0 <\/p>\n\n\n\n<p>\u201cLa riconversione in tempi molto ristretti a funzioni assistenziali di una struttura in precedenza destinata a funzioni amministrative risponde al disegno di realizzare una progressiva concentrazione di tali spazi all\u2019interno del Campus &#8211; ha sostenuto il Direttore Generale del Policlinico Universitario A. Gemelli IRCCS <strong>Marco Elefanti <\/strong>-. L\u2019ala che oggi inauguriamo si concentra sulle patologie orto-traumatologiche mentre l\u2019Heart Center, i cui lavori di preparazione del cantiere sono stati da poco avviati, consentir\u00e0 di completare il potenziamento della struttura assistenziale del Policlinico all\u2019interno del nostro storico Campus\u201d. \u00a0 \u201cLa doppia inaugurazione che si tiene oggi al Gemelli incarna appieno lo spirito del nostro Policlinico: essere sempre pi\u00f9 al servizio dei nostri pazienti, offrendo loro i migliori standard di cura, fedeli alla nostra mission che affonda le sue radici nella cultura cattolica \u2013 ha affermato il professor <strong>Giovanni Scambia<\/strong>, Direttore Scientifico della Fondazione Policlinico Universitario Agostino Gemelli IRCSS, Ordinario di Ginecologia e Ostetricia alla Facolt\u00e0 di Medicina e chirurgia -. <\/p>\n\n\n\n<p>Il Policlinico Gemelli \u00e8 una struttura dinamica, in costante trasformazione per rispondere al meglio alle esigenze assistenziali, ma anche di formazione e di ricerca. Il Focus Hospital che inauguriamo oggi, vero e proprio ospedale nell\u2019ospedale e la nuova Cappella intitolata a San Giovanni Paolo II, che accoglier\u00e0 pazienti e visitatori all\u2019ingresso del Gemelli, sono un esempio concreto di questa filosofia\u201d.<\/p>\n\n\n\n<figure class=\"wp-block-coblocks-gallery-masonry masonry-grid has-lightbox has-medium-gutter\">\n<figure class=\"wp-block-image size-large masonry-brick\"><img loading=\"lazy\" decoding=\"async\" width=\"1024\" height=\"454\" src=\"https:\/\/www.policlinicogemelli.it\/wp-content\/uploads\/2024\/06\/Anna-Maria-Tarantola-con-vertici-Gemelli-Cattolica--1024x454.jpg\" alt=\"Image gallery image\" class=\"wp-image-65314\" srcset=\"https:\/\/www.policlinicogemelli.it\/wp-content\/uploads\/2024\/06\/Anna-Maria-Tarantola-con-vertici-Gemelli-Cattolica--1024x454.jpg 1024w, https:\/\/www.policlinicogemelli.it\/wp-content\/uploads\/2024\/06\/Anna-Maria-Tarantola-con-vertici-Gemelli-Cattolica--300x133.jpg 300w, https:\/\/www.policlinicogemelli.it\/wp-content\/uploads\/2024\/06\/Anna-Maria-Tarantola-con-vertici-Gemelli-Cattolica--768x341.jpg 768w, https:\/\/www.policlinicogemelli.it\/wp-content\/uploads\/2024\/06\/Anna-Maria-Tarantola-con-vertici-Gemelli-Cattolica--1536x681.jpg 1536w, https:\/\/www.policlinicogemelli.it\/wp-content\/uploads\/2024\/06\/Anna-Maria-Tarantola-con-vertici-Gemelli-Cattolica--2048x908.jpg 2048w, https:\/\/www.policlinicogemelli.it\/wp-content\/uploads\/2024\/06\/Anna-Maria-Tarantola-con-vertici-Gemelli-Cattolica--850x377.jpg 850w, https:\/\/www.policlinicogemelli.it\/wp-content\/uploads\/2024\/06\/Anna-Maria-Tarantola-con-vertici-Gemelli-Cattolica--350x155.jpg 350w, https:\/\/www.policlinicogemelli.it\/wp-content\/uploads\/2024\/06\/Anna-Maria-Tarantola-con-vertici-Gemelli-Cattolica--400x177.jpg 400w\" sizes=\"auto, (max-width: 1024px) 100vw, 1024px\" \/><\/figure>\n\n\n\n<figure class=\"wp-block-image size-large masonry-brick\"><img loading=\"lazy\" decoding=\"async\" width=\"1024\" height=\"683\" src=\"https:\/\/www.policlinicogemelli.it\/wp-content\/uploads\/2024\/06\/Benedizione-Focus-Hospital--1024x683.jpg\" alt=\"Image gallery image\" class=\"wp-image-65318\" srcset=\"https:\/\/www.policlinicogemelli.it\/wp-content\/uploads\/2024\/06\/Benedizione-Focus-Hospital--1024x683.jpg 1024w, https:\/\/www.policlinicogemelli.it\/wp-content\/uploads\/2024\/06\/Benedizione-Focus-Hospital--300x200.jpg 300w, https:\/\/www.policlinicogemelli.it\/wp-content\/uploads\/2024\/06\/Benedizione-Focus-Hospital--768x512.jpg 768w, https:\/\/www.policlinicogemelli.it\/wp-content\/uploads\/2024\/06\/Benedizione-Focus-Hospital--1536x1025.jpg 1536w, https:\/\/www.policlinicogemelli.it\/wp-content\/uploads\/2024\/06\/Benedizione-Focus-Hospital--742x495.jpg 742w, https:\/\/www.policlinicogemelli.it\/wp-content\/uploads\/2024\/06\/Benedizione-Focus-Hospital--307x205.jpg 307w, https:\/\/www.policlinicogemelli.it\/wp-content\/uploads\/2024\/06\/Benedizione-Focus-Hospital--600x400.jpg 600w, https:\/\/www.policlinicogemelli.it\/wp-content\/uploads\/2024\/06\/Benedizione-Focus-Hospital--400x267.jpg 400w, https:\/\/www.policlinicogemelli.it\/wp-content\/uploads\/2024\/06\/Benedizione-Focus-Hospital-.jpg 2000w\" sizes=\"auto, (max-width: 1024px) 100vw, 1024px\" \/><\/figure>\n\n\n\n<figure class=\"wp-block-image size-large masonry-brick\"><img loading=\"lazy\" decoding=\"async\" width=\"1024\" height=\"683\" src=\"https:\/\/www.policlinicogemelli.it\/wp-content\/uploads\/2024\/06\/Cappella-San-Giovanni-Paolo-II-2-1024x683.jpg\" alt=\"Image gallery image\" class=\"wp-image-65320\" srcset=\"https:\/\/www.policlinicogemelli.it\/wp-content\/uploads\/2024\/06\/Cappella-San-Giovanni-Paolo-II-2-1024x683.jpg 1024w, https:\/\/www.policlinicogemelli.it\/wp-content\/uploads\/2024\/06\/Cappella-San-Giovanni-Paolo-II-2-300x200.jpg 300w, https:\/\/www.policlinicogemelli.it\/wp-content\/uploads\/2024\/06\/Cappella-San-Giovanni-Paolo-II-2-768x512.jpg 768w, https:\/\/www.policlinicogemelli.it\/wp-content\/uploads\/2024\/06\/Cappella-San-Giovanni-Paolo-II-2-1536x1025.jpg 1536w, https:\/\/www.policlinicogemelli.it\/wp-content\/uploads\/2024\/06\/Cappella-San-Giovanni-Paolo-II-2-742x495.jpg 742w, https:\/\/www.policlinicogemelli.it\/wp-content\/uploads\/2024\/06\/Cappella-San-Giovanni-Paolo-II-2-307x205.jpg 307w, https:\/\/www.policlinicogemelli.it\/wp-content\/uploads\/2024\/06\/Cappella-San-Giovanni-Paolo-II-2-600x400.jpg 600w, https:\/\/www.policlinicogemelli.it\/wp-content\/uploads\/2024\/06\/Cappella-San-Giovanni-Paolo-II-2-400x267.jpg 400w, https:\/\/www.policlinicogemelli.it\/wp-content\/uploads\/2024\/06\/Cappella-San-Giovanni-Paolo-II-2.jpg 2000w\" sizes=\"auto, (max-width: 1024px) 100vw, 1024px\" \/><\/figure>\n\n\n\n<figure class=\"wp-block-image size-large masonry-brick\"><img loading=\"lazy\" decoding=\"async\" width=\"1024\" height=\"404\" src=\"https:\/\/www.policlinicogemelli.it\/wp-content\/uploads\/2024\/06\/Cappella-San-Giovanni-Paolo-II--1024x404.jpg\" alt=\"Image gallery image\" class=\"wp-image-65316\" srcset=\"https:\/\/www.policlinicogemelli.it\/wp-content\/uploads\/2024\/06\/Cappella-San-Giovanni-Paolo-II--1024x404.jpg 1024w, https:\/\/www.policlinicogemelli.it\/wp-content\/uploads\/2024\/06\/Cappella-San-Giovanni-Paolo-II--300x119.jpg 300w, https:\/\/www.policlinicogemelli.it\/wp-content\/uploads\/2024\/06\/Cappella-San-Giovanni-Paolo-II--768x303.jpg 768w, https:\/\/www.policlinicogemelli.it\/wp-content\/uploads\/2024\/06\/Cappella-San-Giovanni-Paolo-II--1536x607.jpg 1536w, https:\/\/www.policlinicogemelli.it\/wp-content\/uploads\/2024\/06\/Cappella-San-Giovanni-Paolo-II--850x336.jpg 850w, https:\/\/www.policlinicogemelli.it\/wp-content\/uploads\/2024\/06\/Cappella-San-Giovanni-Paolo-II--350x138.jpg 350w, https:\/\/www.policlinicogemelli.it\/wp-content\/uploads\/2024\/06\/Cappella-San-Giovanni-Paolo-II--400x158.jpg 400w, https:\/\/www.policlinicogemelli.it\/wp-content\/uploads\/2024\/06\/Cappella-San-Giovanni-Paolo-II-.jpg 2000w\" sizes=\"auto, (max-width: 1024px) 100vw, 1024px\" \/><\/figure>\n\n\n\n<figure class=\"wp-block-image size-large masonry-brick\"><img loading=\"lazy\" decoding=\"async\" width=\"1024\" height=\"683\" src=\"https:\/\/www.policlinicogemelli.it\/wp-content\/uploads\/2024\/06\/Cappella-San-Giovanni-Paolo-II-2-1-1024x683.jpg\" alt=\"Image gallery image\" class=\"wp-image-65328\" srcset=\"https:\/\/www.policlinicogemelli.it\/wp-content\/uploads\/2024\/06\/Cappella-San-Giovanni-Paolo-II-2-1-1024x683.jpg 1024w, https:\/\/www.policlinicogemelli.it\/wp-content\/uploads\/2024\/06\/Cappella-San-Giovanni-Paolo-II-2-1-300x200.jpg 300w, https:\/\/www.policlinicogemelli.it\/wp-content\/uploads\/2024\/06\/Cappella-San-Giovanni-Paolo-II-2-1-768x512.jpg 768w, https:\/\/www.policlinicogemelli.it\/wp-content\/uploads\/2024\/06\/Cappella-San-Giovanni-Paolo-II-2-1-1536x1025.jpg 1536w, https:\/\/www.policlinicogemelli.it\/wp-content\/uploads\/2024\/06\/Cappella-San-Giovanni-Paolo-II-2-1-742x495.jpg 742w, https:\/\/www.policlinicogemelli.it\/wp-content\/uploads\/2024\/06\/Cappella-San-Giovanni-Paolo-II-2-1-307x205.jpg 307w, https:\/\/www.policlinicogemelli.it\/wp-content\/uploads\/2024\/06\/Cappella-San-Giovanni-Paolo-II-2-1-600x400.jpg 600w, https:\/\/www.policlinicogemelli.it\/wp-content\/uploads\/2024\/06\/Cappella-San-Giovanni-Paolo-II-2-1-400x267.jpg 400w, https:\/\/www.policlinicogemelli.it\/wp-content\/uploads\/2024\/06\/Cappella-San-Giovanni-Paolo-II-2-1.jpg 2000w\" sizes=\"auto, (max-width: 1024px) 100vw, 1024px\" \/><\/figure>\n\n\n\n<figure class=\"wp-block-image size-large masonry-brick\"><img loading=\"lazy\" decoding=\"async\" width=\"1024\" height=\"683\" src=\"https:\/\/www.policlinicogemelli.it\/wp-content\/uploads\/2024\/06\/Card.-Betori-Presidente-Rocca-e-Mons.-Giuliodori-1024x683.jpg\" alt=\"Image gallery image\" class=\"wp-image-65324\" srcset=\"https:\/\/www.policlinicogemelli.it\/wp-content\/uploads\/2024\/06\/Card.-Betori-Presidente-Rocca-e-Mons.-Giuliodori-1024x683.jpg 1024w, https:\/\/www.policlinicogemelli.it\/wp-content\/uploads\/2024\/06\/Card.-Betori-Presidente-Rocca-e-Mons.-Giuliodori-300x200.jpg 300w, https:\/\/www.policlinicogemelli.it\/wp-content\/uploads\/2024\/06\/Card.-Betori-Presidente-Rocca-e-Mons.-Giuliodori-768x512.jpg 768w, https:\/\/www.policlinicogemelli.it\/wp-content\/uploads\/2024\/06\/Card.-Betori-Presidente-Rocca-e-Mons.-Giuliodori-1536x1025.jpg 1536w, https:\/\/www.policlinicogemelli.it\/wp-content\/uploads\/2024\/06\/Card.-Betori-Presidente-Rocca-e-Mons.-Giuliodori-742x495.jpg 742w, https:\/\/www.policlinicogemelli.it\/wp-content\/uploads\/2024\/06\/Card.-Betori-Presidente-Rocca-e-Mons.-Giuliodori-307x205.jpg 307w, https:\/\/www.policlinicogemelli.it\/wp-content\/uploads\/2024\/06\/Card.-Betori-Presidente-Rocca-e-Mons.-Giuliodori-600x400.jpg 600w, https:\/\/www.policlinicogemelli.it\/wp-content\/uploads\/2024\/06\/Card.-Betori-Presidente-Rocca-e-Mons.-Giuliodori-400x267.jpg 400w, https:\/\/www.policlinicogemelli.it\/wp-content\/uploads\/2024\/06\/Card.-Betori-Presidente-Rocca-e-Mons.-Giuliodori.jpg 2000w\" sizes=\"auto, (max-width: 1024px) 100vw, 1024px\" \/><\/figure>\n\n\n\n<figure class=\"wp-block-image size-large masonry-brick\"><img loading=\"lazy\" decoding=\"async\" width=\"1024\" height=\"683\" src=\"https:\/\/www.policlinicogemelli.it\/wp-content\/uploads\/2024\/06\/Card.-Betori-e-Giuseppe-Fioroni-1024x683.jpg\" alt=\"Image gallery image\" class=\"wp-image-65326\" srcset=\"https:\/\/www.policlinicogemelli.it\/wp-content\/uploads\/2024\/06\/Card.-Betori-e-Giuseppe-Fioroni-1024x683.jpg 1024w, https:\/\/www.policlinicogemelli.it\/wp-content\/uploads\/2024\/06\/Card.-Betori-e-Giuseppe-Fioroni-300x200.jpg 300w, https:\/\/www.policlinicogemelli.it\/wp-content\/uploads\/2024\/06\/Card.-Betori-e-Giuseppe-Fioroni-768x512.jpg 768w, https:\/\/www.policlinicogemelli.it\/wp-content\/uploads\/2024\/06\/Card.-Betori-e-Giuseppe-Fioroni-1536x1025.jpg 1536w, https:\/\/www.policlinicogemelli.it\/wp-content\/uploads\/2024\/06\/Card.-Betori-e-Giuseppe-Fioroni-742x495.jpg 742w, https:\/\/www.policlinicogemelli.it\/wp-content\/uploads\/2024\/06\/Card.-Betori-e-Giuseppe-Fioroni-307x205.jpg 307w, https:\/\/www.policlinicogemelli.it\/wp-content\/uploads\/2024\/06\/Card.-Betori-e-Giuseppe-Fioroni-600x400.jpg 600w, https:\/\/www.policlinicogemelli.it\/wp-content\/uploads\/2024\/06\/Card.-Betori-e-Giuseppe-Fioroni-400x267.jpg 400w, https:\/\/www.policlinicogemelli.it\/wp-content\/uploads\/2024\/06\/Card.-Betori-e-Giuseppe-Fioroni.jpg 2000w\" sizes=\"auto, (max-width: 1024px) 100vw, 1024px\" \/><\/figure>\n\n\n\n<figure class=\"wp-block-image size-large masonry-brick\"><img loading=\"lazy\" decoding=\"async\" width=\"1024\" height=\"682\" src=\"https:\/\/www.policlinicogemelli.it\/wp-content\/uploads\/2024\/06\/Card.-Betori-e-Mons.-Giuliodori-1024x682.jpg\" alt=\"Image gallery image\" class=\"wp-image-65322\" srcset=\"https:\/\/www.policlinicogemelli.it\/wp-content\/uploads\/2024\/06\/Card.-Betori-e-Mons.-Giuliodori-1024x682.jpg 1024w, https:\/\/www.policlinicogemelli.it\/wp-content\/uploads\/2024\/06\/Card.-Betori-e-Mons.-Giuliodori-300x200.jpg 300w, https:\/\/www.policlinicogemelli.it\/wp-content\/uploads\/2024\/06\/Card.-Betori-e-Mons.-Giuliodori-768x512.jpg 768w, https:\/\/www.policlinicogemelli.it\/wp-content\/uploads\/2024\/06\/Card.-Betori-e-Mons.-Giuliodori-1536x1024.jpg 1536w, https:\/\/www.policlinicogemelli.it\/wp-content\/uploads\/2024\/06\/Card.-Betori-e-Mons.-Giuliodori-743x495.jpg 743w, https:\/\/www.policlinicogemelli.it\/wp-content\/uploads\/2024\/06\/Card.-Betori-e-Mons.-Giuliodori-308x205.jpg 308w, https:\/\/www.policlinicogemelli.it\/wp-content\/uploads\/2024\/06\/Card.-Betori-e-Mons.-Giuliodori-600x400.jpg 600w, https:\/\/www.policlinicogemelli.it\/wp-content\/uploads\/2024\/06\/Card.-Betori-e-Mons.-Giuliodori-400x267.jpg 400w, https:\/\/www.policlinicogemelli.it\/wp-content\/uploads\/2024\/06\/Card.-Betori-e-Mons.-Giuliodori.jpg 2000w\" sizes=\"auto, (max-width: 1024px) 100vw, 1024px\" \/><\/figure>\n\n\n\n<figure class=\"wp-block-image size-large masonry-brick\"><img loading=\"lazy\" decoding=\"async\" width=\"1024\" height=\"683\" src=\"https:\/\/www.policlinicogemelli.it\/wp-content\/uploads\/2024\/06\/Celebrazione-Eucaristica-Sacro-Cuore-1024x683.jpg\" alt=\"Image gallery image\" class=\"wp-image-65332\" srcset=\"https:\/\/www.policlinicogemelli.it\/wp-content\/uploads\/2024\/06\/Celebrazione-Eucaristica-Sacro-Cuore-1024x683.jpg 1024w, https:\/\/www.policlinicogemelli.it\/wp-content\/uploads\/2024\/06\/Celebrazione-Eucaristica-Sacro-Cuore-300x200.jpg 300w, https:\/\/www.policlinicogemelli.it\/wp-content\/uploads\/2024\/06\/Celebrazione-Eucaristica-Sacro-Cuore-768x512.jpg 768w, https:\/\/www.policlinicogemelli.it\/wp-content\/uploads\/2024\/06\/Celebrazione-Eucaristica-Sacro-Cuore-1536x1025.jpg 1536w, https:\/\/www.policlinicogemelli.it\/wp-content\/uploads\/2024\/06\/Celebrazione-Eucaristica-Sacro-Cuore-742x495.jpg 742w, https:\/\/www.policlinicogemelli.it\/wp-content\/uploads\/2024\/06\/Celebrazione-Eucaristica-Sacro-Cuore-307x205.jpg 307w, https:\/\/www.policlinicogemelli.it\/wp-content\/uploads\/2024\/06\/Celebrazione-Eucaristica-Sacro-Cuore-600x400.jpg 600w, https:\/\/www.policlinicogemelli.it\/wp-content\/uploads\/2024\/06\/Celebrazione-Eucaristica-Sacro-Cuore-400x267.jpg 400w, https:\/\/www.policlinicogemelli.it\/wp-content\/uploads\/2024\/06\/Celebrazione-Eucaristica-Sacro-Cuore.jpg 2000w\" sizes=\"auto, (max-width: 1024px) 100vw, 1024px\" \/><\/figure>\n\n\n\n<figure class=\"wp-block-image size-large masonry-brick\"><img loading=\"lazy\" decoding=\"async\" width=\"1024\" height=\"683\" src=\"https:\/\/www.policlinicogemelli.it\/wp-content\/uploads\/2024\/06\/Da-sinistra-Giulio-Maccauro-Presidente-Rocca-Giovanni-Scambia-1024x683.jpg\" alt=\"Image gallery image\" class=\"wp-image-65334\" srcset=\"https:\/\/www.policlinicogemelli.it\/wp-content\/uploads\/2024\/06\/Da-sinistra-Giulio-Maccauro-Presidente-Rocca-Giovanni-Scambia-1024x683.jpg 1024w, https:\/\/www.policlinicogemelli.it\/wp-content\/uploads\/2024\/06\/Da-sinistra-Giulio-Maccauro-Presidente-Rocca-Giovanni-Scambia-300x200.jpg 300w, https:\/\/www.policlinicogemelli.it\/wp-content\/uploads\/2024\/06\/Da-sinistra-Giulio-Maccauro-Presidente-Rocca-Giovanni-Scambia-768x512.jpg 768w, https:\/\/www.policlinicogemelli.it\/wp-content\/uploads\/2024\/06\/Da-sinistra-Giulio-Maccauro-Presidente-Rocca-Giovanni-Scambia-1536x1025.jpg 1536w, https:\/\/www.policlinicogemelli.it\/wp-content\/uploads\/2024\/06\/Da-sinistra-Giulio-Maccauro-Presidente-Rocca-Giovanni-Scambia-742x495.jpg 742w, https:\/\/www.policlinicogemelli.it\/wp-content\/uploads\/2024\/06\/Da-sinistra-Giulio-Maccauro-Presidente-Rocca-Giovanni-Scambia-307x205.jpg 307w, https:\/\/www.policlinicogemelli.it\/wp-content\/uploads\/2024\/06\/Da-sinistra-Giulio-Maccauro-Presidente-Rocca-Giovanni-Scambia-600x400.jpg 600w, https:\/\/www.policlinicogemelli.it\/wp-content\/uploads\/2024\/06\/Da-sinistra-Giulio-Maccauro-Presidente-Rocca-Giovanni-Scambia-400x267.jpg 400w, https:\/\/www.policlinicogemelli.it\/wp-content\/uploads\/2024\/06\/Da-sinistra-Giulio-Maccauro-Presidente-Rocca-Giovanni-Scambia.jpg 2000w\" sizes=\"auto, (max-width: 1024px) 100vw, 1024px\" \/><\/figure>\n\n\n\n<figure class=\"wp-block-image size-large masonry-brick\"><img loading=\"lazy\" decoding=\"async\" width=\"1024\" height=\"682\" src=\"https:\/\/www.policlinicogemelli.it\/wp-content\/uploads\/2024\/06\/Da-sinistra-Pier-Sandro-Cocconcelli-Anna-Maria-Tarantola-Paolo-Nusiner--1024x682.jpg\" alt=\"Image gallery image\" class=\"wp-image-65338\" srcset=\"https:\/\/www.policlinicogemelli.it\/wp-content\/uploads\/2024\/06\/Da-sinistra-Pier-Sandro-Cocconcelli-Anna-Maria-Tarantola-Paolo-Nusiner--1024x682.jpg 1024w, https:\/\/www.policlinicogemelli.it\/wp-content\/uploads\/2024\/06\/Da-sinistra-Pier-Sandro-Cocconcelli-Anna-Maria-Tarantola-Paolo-Nusiner--300x200.jpg 300w, https:\/\/www.policlinicogemelli.it\/wp-content\/uploads\/2024\/06\/Da-sinistra-Pier-Sandro-Cocconcelli-Anna-Maria-Tarantola-Paolo-Nusiner--768x512.jpg 768w, https:\/\/www.policlinicogemelli.it\/wp-content\/uploads\/2024\/06\/Da-sinistra-Pier-Sandro-Cocconcelli-Anna-Maria-Tarantola-Paolo-Nusiner--1536x1024.jpg 1536w, https:\/\/www.policlinicogemelli.it\/wp-content\/uploads\/2024\/06\/Da-sinistra-Pier-Sandro-Cocconcelli-Anna-Maria-Tarantola-Paolo-Nusiner--743x495.jpg 743w, https:\/\/www.policlinicogemelli.it\/wp-content\/uploads\/2024\/06\/Da-sinistra-Pier-Sandro-Cocconcelli-Anna-Maria-Tarantola-Paolo-Nusiner--308x205.jpg 308w, https:\/\/www.policlinicogemelli.it\/wp-content\/uploads\/2024\/06\/Da-sinistra-Pier-Sandro-Cocconcelli-Anna-Maria-Tarantola-Paolo-Nusiner--600x400.jpg 600w, https:\/\/www.policlinicogemelli.it\/wp-content\/uploads\/2024\/06\/Da-sinistra-Pier-Sandro-Cocconcelli-Anna-Maria-Tarantola-Paolo-Nusiner--400x267.jpg 400w, https:\/\/www.policlinicogemelli.it\/wp-content\/uploads\/2024\/06\/Da-sinistra-Pier-Sandro-Cocconcelli-Anna-Maria-Tarantola-Paolo-Nusiner-.jpg 2000w\" sizes=\"auto, (max-width: 1024px) 100vw, 1024px\" \/><\/figure>\n\n\n\n<figure class=\"wp-block-image size-large masonry-brick\"><img loading=\"lazy\" decoding=\"async\" width=\"1024\" height=\"683\" src=\"https:\/\/www.policlinicogemelli.it\/wp-content\/uploads\/2024\/06\/Focus-Hospital-ambulatori-1024x683.jpg\" alt=\"Image gallery image\" class=\"wp-image-65336\" srcset=\"https:\/\/www.policlinicogemelli.it\/wp-content\/uploads\/2024\/06\/Focus-Hospital-ambulatori-1024x683.jpg 1024w, https:\/\/www.policlinicogemelli.it\/wp-content\/uploads\/2024\/06\/Focus-Hospital-ambulatori-300x200.jpg 300w, https:\/\/www.policlinicogemelli.it\/wp-content\/uploads\/2024\/06\/Focus-Hospital-ambulatori-768x512.jpg 768w, https:\/\/www.policlinicogemelli.it\/wp-content\/uploads\/2024\/06\/Focus-Hospital-ambulatori-743x495.jpg 743w, https:\/\/www.policlinicogemelli.it\/wp-content\/uploads\/2024\/06\/Focus-Hospital-ambulatori-308x205.jpg 308w, https:\/\/www.policlinicogemelli.it\/wp-content\/uploads\/2024\/06\/Focus-Hospital-ambulatori-600x400.jpg 600w, https:\/\/www.policlinicogemelli.it\/wp-content\/uploads\/2024\/06\/Focus-Hospital-ambulatori-400x267.jpg 400w, https:\/\/www.policlinicogemelli.it\/wp-content\/uploads\/2024\/06\/Focus-Hospital-ambulatori.jpg 1500w\" sizes=\"auto, (max-width: 1024px) 100vw, 1024px\" \/><\/figure>\n\n\n\n<figure class=\"wp-block-image size-large masonry-brick\"><img loading=\"lazy\" decoding=\"async\" width=\"1024\" height=\"683\" src=\"https:\/\/www.policlinicogemelli.it\/wp-content\/uploads\/2024\/06\/Focus-Hospital-Blocco-operatorio-1-1024x683.jpg\" alt=\"Image gallery image\" class=\"wp-image-65340\" srcset=\"https:\/\/www.policlinicogemelli.it\/wp-content\/uploads\/2024\/06\/Focus-Hospital-Blocco-operatorio-1-1024x683.jpg 1024w, https:\/\/www.policlinicogemelli.it\/wp-content\/uploads\/2024\/06\/Focus-Hospital-Blocco-operatorio-1-300x200.jpg 300w, https:\/\/www.policlinicogemelli.it\/wp-content\/uploads\/2024\/06\/Focus-Hospital-Blocco-operatorio-1-768x512.jpg 768w, https:\/\/www.policlinicogemelli.it\/wp-content\/uploads\/2024\/06\/Focus-Hospital-Blocco-operatorio-1-743x495.jpg 743w, https:\/\/www.policlinicogemelli.it\/wp-content\/uploads\/2024\/06\/Focus-Hospital-Blocco-operatorio-1-308x205.jpg 308w, https:\/\/www.policlinicogemelli.it\/wp-content\/uploads\/2024\/06\/Focus-Hospital-Blocco-operatorio-1-600x400.jpg 600w, https:\/\/www.policlinicogemelli.it\/wp-content\/uploads\/2024\/06\/Focus-Hospital-Blocco-operatorio-1-400x267.jpg 400w, https:\/\/www.policlinicogemelli.it\/wp-content\/uploads\/2024\/06\/Focus-Hospital-Blocco-operatorio-1.jpg 1500w\" sizes=\"auto, (max-width: 1024px) 100vw, 1024px\" \/><\/figure>\n\n\n\n<figure class=\"wp-block-image size-large masonry-brick\"><img loading=\"lazy\" decoding=\"async\" width=\"1024\" height=\"683\" src=\"https:\/\/www.policlinicogemelli.it\/wp-content\/uploads\/2024\/06\/Focus-Hospital-degenze-2-1024x683.jpg\" alt=\"Image gallery image\" class=\"wp-image-65343\" srcset=\"https:\/\/www.policlinicogemelli.it\/wp-content\/uploads\/2024\/06\/Focus-Hospital-degenze-2-1024x683.jpg 1024w, https:\/\/www.policlinicogemelli.it\/wp-content\/uploads\/2024\/06\/Focus-Hospital-degenze-2-300x200.jpg 300w, https:\/\/www.policlinicogemelli.it\/wp-content\/uploads\/2024\/06\/Focus-Hospital-degenze-2-768x512.jpg 768w, https:\/\/www.policlinicogemelli.it\/wp-content\/uploads\/2024\/06\/Focus-Hospital-degenze-2-743x495.jpg 743w, https:\/\/www.policlinicogemelli.it\/wp-content\/uploads\/2024\/06\/Focus-Hospital-degenze-2-308x205.jpg 308w, https:\/\/www.policlinicogemelli.it\/wp-content\/uploads\/2024\/06\/Focus-Hospital-degenze-2-600x400.jpg 600w, https:\/\/www.policlinicogemelli.it\/wp-content\/uploads\/2024\/06\/Focus-Hospital-degenze-2-400x267.jpg 400w, https:\/\/www.policlinicogemelli.it\/wp-content\/uploads\/2024\/06\/Focus-Hospital-degenze-2.jpg 1500w\" sizes=\"auto, (max-width: 1024px) 100vw, 1024px\" \/><\/figure>\n\n\n\n<figure class=\"wp-block-image size-large masonry-brick\"><img loading=\"lazy\" decoding=\"async\" width=\"1024\" height=\"683\" src=\"https:\/\/www.policlinicogemelli.it\/wp-content\/uploads\/2024\/06\/Focus-Hospital-degenze-1-1024x683.jpg\" alt=\"Image gallery image\" class=\"wp-image-65345\" srcset=\"https:\/\/www.policlinicogemelli.it\/wp-content\/uploads\/2024\/06\/Focus-Hospital-degenze-1-1024x683.jpg 1024w, https:\/\/www.policlinicogemelli.it\/wp-content\/uploads\/2024\/06\/Focus-Hospital-degenze-1-300x200.jpg 300w, https:\/\/www.policlinicogemelli.it\/wp-content\/uploads\/2024\/06\/Focus-Hospital-degenze-1-768x512.jpg 768w, https:\/\/www.policlinicogemelli.it\/wp-content\/uploads\/2024\/06\/Focus-Hospital-degenze-1-743x495.jpg 743w, https:\/\/www.policlinicogemelli.it\/wp-content\/uploads\/2024\/06\/Focus-Hospital-degenze-1-308x205.jpg 308w, https:\/\/www.policlinicogemelli.it\/wp-content\/uploads\/2024\/06\/Focus-Hospital-degenze-1-600x400.jpg 600w, https:\/\/www.policlinicogemelli.it\/wp-content\/uploads\/2024\/06\/Focus-Hospital-degenze-1-400x267.jpg 400w, https:\/\/www.policlinicogemelli.it\/wp-content\/uploads\/2024\/06\/Focus-Hospital-degenze-1.jpg 1500w\" sizes=\"auto, (max-width: 1024px) 100vw, 1024px\" \/><\/figure>\n\n\n\n<figure class=\"wp-block-image size-large masonry-brick\"><img loading=\"lazy\" decoding=\"async\" width=\"1024\" height=\"683\" src=\"https:\/\/www.policlinicogemelli.it\/wp-content\/uploads\/2024\/06\/I-premiati-Anna-Maria-Tarantola-e-Card.-Betori-1024x683.jpg\" alt=\"Image gallery image\" class=\"wp-image-65349\" srcset=\"https:\/\/www.policlinicogemelli.it\/wp-content\/uploads\/2024\/06\/I-premiati-Anna-Maria-Tarantola-e-Card.-Betori-1024x683.jpg 1024w, https:\/\/www.policlinicogemelli.it\/wp-content\/uploads\/2024\/06\/I-premiati-Anna-Maria-Tarantola-e-Card.-Betori-300x200.jpg 300w, https:\/\/www.policlinicogemelli.it\/wp-content\/uploads\/2024\/06\/I-premiati-Anna-Maria-Tarantola-e-Card.-Betori-768x512.jpg 768w, https:\/\/www.policlinicogemelli.it\/wp-content\/uploads\/2024\/06\/I-premiati-Anna-Maria-Tarantola-e-Card.-Betori-1536x1025.jpg 1536w, https:\/\/www.policlinicogemelli.it\/wp-content\/uploads\/2024\/06\/I-premiati-Anna-Maria-Tarantola-e-Card.-Betori-742x495.jpg 742w, https:\/\/www.policlinicogemelli.it\/wp-content\/uploads\/2024\/06\/I-premiati-Anna-Maria-Tarantola-e-Card.-Betori-307x205.jpg 307w, https:\/\/www.policlinicogemelli.it\/wp-content\/uploads\/2024\/06\/I-premiati-Anna-Maria-Tarantola-e-Card.-Betori-600x400.jpg 600w, https:\/\/www.policlinicogemelli.it\/wp-content\/uploads\/2024\/06\/I-premiati-Anna-Maria-Tarantola-e-Card.-Betori-400x267.jpg 400w, https:\/\/www.policlinicogemelli.it\/wp-content\/uploads\/2024\/06\/I-premiati-Anna-Maria-Tarantola-e-Card.-Betori.jpg 2000w\" sizes=\"auto, (max-width: 1024px) 100vw, 1024px\" \/><\/figure>\n\n\n\n<figure class=\"wp-block-image size-large masonry-brick\"><img loading=\"lazy\" decoding=\"async\" width=\"1024\" height=\"682\" src=\"https:\/\/www.policlinicogemelli.it\/wp-content\/uploads\/2024\/06\/Marco-Elefanti-e-Card.-Betori-1024x682.jpg\" alt=\"Image gallery image\" class=\"wp-image-65347\" srcset=\"https:\/\/www.policlinicogemelli.it\/wp-content\/uploads\/2024\/06\/Marco-Elefanti-e-Card.-Betori-1024x682.jpg 1024w, https:\/\/www.policlinicogemelli.it\/wp-content\/uploads\/2024\/06\/Marco-Elefanti-e-Card.-Betori-300x200.jpg 300w, https:\/\/www.policlinicogemelli.it\/wp-content\/uploads\/2024\/06\/Marco-Elefanti-e-Card.-Betori-768x512.jpg 768w, https:\/\/www.policlinicogemelli.it\/wp-content\/uploads\/2024\/06\/Marco-Elefanti-e-Card.-Betori-1536x1024.jpg 1536w, https:\/\/www.policlinicogemelli.it\/wp-content\/uploads\/2024\/06\/Marco-Elefanti-e-Card.-Betori-743x495.jpg 743w, https:\/\/www.policlinicogemelli.it\/wp-content\/uploads\/2024\/06\/Marco-Elefanti-e-Card.-Betori-308x205.jpg 308w, https:\/\/www.policlinicogemelli.it\/wp-content\/uploads\/2024\/06\/Marco-Elefanti-e-Card.-Betori-600x400.jpg 600w, https:\/\/www.policlinicogemelli.it\/wp-content\/uploads\/2024\/06\/Marco-Elefanti-e-Card.-Betori-400x267.jpg 400w, https:\/\/www.policlinicogemelli.it\/wp-content\/uploads\/2024\/06\/Marco-Elefanti-e-Card.-Betori.jpg 2000w\" sizes=\"auto, (max-width: 1024px) 100vw, 1024px\" \/><\/figure>\n\n\n\n<figure class=\"wp-block-image size-large masonry-brick\"><img loading=\"lazy\" decoding=\"async\" width=\"1024\" height=\"683\" src=\"https:\/\/www.policlinicogemelli.it\/wp-content\/uploads\/2024\/06\/Presidente-Rocca-al-Focus-Hospital-1024x683.jpg\" alt=\"Image gallery image\" class=\"wp-image-65353\" srcset=\"https:\/\/www.policlinicogemelli.it\/wp-content\/uploads\/2024\/06\/Presidente-Rocca-al-Focus-Hospital-1024x683.jpg 1024w, https:\/\/www.policlinicogemelli.it\/wp-content\/uploads\/2024\/06\/Presidente-Rocca-al-Focus-Hospital-300x200.jpg 300w, https:\/\/www.policlinicogemelli.it\/wp-content\/uploads\/2024\/06\/Presidente-Rocca-al-Focus-Hospital-768x512.jpg 768w, https:\/\/www.policlinicogemelli.it\/wp-content\/uploads\/2024\/06\/Presidente-Rocca-al-Focus-Hospital-1536x1025.jpg 1536w, https:\/\/www.policlinicogemelli.it\/wp-content\/uploads\/2024\/06\/Presidente-Rocca-al-Focus-Hospital-742x495.jpg 742w, https:\/\/www.policlinicogemelli.it\/wp-content\/uploads\/2024\/06\/Presidente-Rocca-al-Focus-Hospital-307x205.jpg 307w, https:\/\/www.policlinicogemelli.it\/wp-content\/uploads\/2024\/06\/Presidente-Rocca-al-Focus-Hospital-600x400.jpg 600w, https:\/\/www.policlinicogemelli.it\/wp-content\/uploads\/2024\/06\/Presidente-Rocca-al-Focus-Hospital-400x267.jpg 400w, https:\/\/www.policlinicogemelli.it\/wp-content\/uploads\/2024\/06\/Presidente-Rocca-al-Focus-Hospital.jpg 2000w\" sizes=\"auto, (max-width: 1024px) 100vw, 1024px\" \/><\/figure>\n\n\n\n<figure class=\"wp-block-image size-large masonry-brick\"><img loading=\"lazy\" decoding=\"async\" width=\"1024\" height=\"683\" src=\"https:\/\/www.policlinicogemelli.it\/wp-content\/uploads\/2024\/06\/Presidente-Rocca-Direttore-Sanitario-Andrea-Cambieri-Ing.Giovanni-Arcuri--1024x683.jpg\" alt=\"Image gallery image\" class=\"wp-image-65351\" srcset=\"https:\/\/www.policlinicogemelli.it\/wp-content\/uploads\/2024\/06\/Presidente-Rocca-Direttore-Sanitario-Andrea-Cambieri-Ing.Giovanni-Arcuri--1024x683.jpg 1024w, https:\/\/www.policlinicogemelli.it\/wp-content\/uploads\/2024\/06\/Presidente-Rocca-Direttore-Sanitario-Andrea-Cambieri-Ing.Giovanni-Arcuri--300x200.jpg 300w, https:\/\/www.policlinicogemelli.it\/wp-content\/uploads\/2024\/06\/Presidente-Rocca-Direttore-Sanitario-Andrea-Cambieri-Ing.Giovanni-Arcuri--768x512.jpg 768w, https:\/\/www.policlinicogemelli.it\/wp-content\/uploads\/2024\/06\/Presidente-Rocca-Direttore-Sanitario-Andrea-Cambieri-Ing.Giovanni-Arcuri--1536x1024.jpg 1536w, https:\/\/www.policlinicogemelli.it\/wp-content\/uploads\/2024\/06\/Presidente-Rocca-Direttore-Sanitario-Andrea-Cambieri-Ing.Giovanni-Arcuri--2048x1366.jpg 2048w, https:\/\/www.policlinicogemelli.it\/wp-content\/uploads\/2024\/06\/Presidente-Rocca-Direttore-Sanitario-Andrea-Cambieri-Ing.Giovanni-Arcuri--742x495.jpg 742w, https:\/\/www.policlinicogemelli.it\/wp-content\/uploads\/2024\/06\/Presidente-Rocca-Direttore-Sanitario-Andrea-Cambieri-Ing.Giovanni-Arcuri--307x205.jpg 307w, https:\/\/www.policlinicogemelli.it\/wp-content\/uploads\/2024\/06\/Presidente-Rocca-Direttore-Sanitario-Andrea-Cambieri-Ing.Giovanni-Arcuri--600x400.jpg 600w, https:\/\/www.policlinicogemelli.it\/wp-content\/uploads\/2024\/06\/Presidente-Rocca-Direttore-Sanitario-Andrea-Cambieri-Ing.Giovanni-Arcuri--400x267.jpg 400w\" sizes=\"auto, (max-width: 1024px) 100vw, 1024px\" \/><\/figure>\n\n\n\n<figure class=\"wp-block-image size-large masonry-brick\"><img loading=\"lazy\" decoding=\"async\" width=\"1024\" height=\"682\" src=\"https:\/\/www.policlinicogemelli.it\/wp-content\/uploads\/2024\/06\/Presidente-Rocca-e-Direttore-Generale-Marco-Elefanti-1024x682.jpg\" alt=\"Image gallery image\" class=\"wp-image-65354\" srcset=\"https:\/\/www.policlinicogemelli.it\/wp-content\/uploads\/2024\/06\/Presidente-Rocca-e-Direttore-Generale-Marco-Elefanti-1024x682.jpg 1024w, https:\/\/www.policlinicogemelli.it\/wp-content\/uploads\/2024\/06\/Presidente-Rocca-e-Direttore-Generale-Marco-Elefanti-300x200.jpg 300w, https:\/\/www.policlinicogemelli.it\/wp-content\/uploads\/2024\/06\/Presidente-Rocca-e-Direttore-Generale-Marco-Elefanti-768x512.jpg 768w, https:\/\/www.policlinicogemelli.it\/wp-content\/uploads\/2024\/06\/Presidente-Rocca-e-Direttore-Generale-Marco-Elefanti-1536x1024.jpg 1536w, https:\/\/www.policlinicogemelli.it\/wp-content\/uploads\/2024\/06\/Presidente-Rocca-e-Direttore-Generale-Marco-Elefanti-743x495.jpg 743w, https:\/\/www.policlinicogemelli.it\/wp-content\/uploads\/2024\/06\/Presidente-Rocca-e-Direttore-Generale-Marco-Elefanti-308x205.jpg 308w, https:\/\/www.policlinicogemelli.it\/wp-content\/uploads\/2024\/06\/Presidente-Rocca-e-Direttore-Generale-Marco-Elefanti-600x400.jpg 600w, https:\/\/www.policlinicogemelli.it\/wp-content\/uploads\/2024\/06\/Presidente-Rocca-e-Direttore-Generale-Marco-Elefanti-400x267.jpg 400w, https:\/\/www.policlinicogemelli.it\/wp-content\/uploads\/2024\/06\/Presidente-Rocca-e-Direttore-Generale-Marco-Elefanti.jpg 2000w\" sizes=\"auto, (max-width: 1024px) 100vw, 1024px\" \/><\/figure>\n<\/figure>\n","protected":false},"excerpt":{"rendered":"<p>Al Policlinico un Centro dedicato all\u2019ortopedia e alla traumatologia presentato ieri con l\u2019intervento del Presidente della Regione Lazio Francesco Rocca.Nella occasione della festa patronale dell\u2019Universit\u00e0 Cattolica la dedicazione della nuova cappella \u201cSan Giovanni Paolo II\u201d nella Hall dell\u2019ospedale e la consegna di omaggi dell\u2019Ateneo al cardinale Giuseppe Betori e ad Anna Maria Tarantola. Il Focus [&hellip;]<\/p>\n","protected":false},"featured_media":65312,"template":"","categorie":[93],"class_list":{"0":"post-65268","1":"kf_gem_news","2":"type-kf_gem_news","3":"status-publish","4":"has-post-thumbnail","6":"kf_gem_newscat-events","7":"entry"},"acf":[],"yoast_head":"<!-- This site is optimized with the Yoast SEO plugin v27.5 - https:\/\/yoast.com\/product\/yoast-seo-wordpress\/ -->\n<title>Il nuovo Focus Hospital del Gemelli nella Solennit\u00e0 del Sacro Cuore - Policlinico Universitario A. Gemelli IRCCS<\/title>\n<meta name=\"robots\" content=\"index, follow, max-snippet:-1, max-image-preview:large, max-video-preview:-1\" \/>\n<link rel=\"canonical\" href=\"https:\/\/www.policlinicogemelli.it\/en\/news-events\/il-nuovo-focus-hospital-del-gemelli-nella-solennita-del-sacro-cuore\/\" \/>\n<meta property=\"og:locale\" content=\"en_US\" \/>\n<meta property=\"og:type\" content=\"article\" \/>\n<meta property=\"og:title\" content=\"Il nuovo Focus Hospital del Gemelli nella Solennit\u00e0 del Sacro Cuore - Policlinico Universitario A. Gemelli IRCCS\" \/>\n<meta property=\"og:description\" content=\"Al Policlinico un Centro dedicato all\u2019ortopedia e alla traumatologia presentato ieri con l\u2019intervento del Presidente della Regione Lazio Francesco Rocca.Nella occasione della festa patronale dell\u2019Universit\u00e0 Cattolica la dedicazione della nuova cappella \u201cSan Giovanni Paolo II\u201d nella Hall dell\u2019ospedale e la consegna di omaggi dell\u2019Ateneo al cardinale Giuseppe Betori e ad Anna Maria Tarantola. Il Focus [&hellip;]\" \/>\n<meta property=\"og:url\" content=\"https:\/\/www.policlinicogemelli.it\/en\/news-events\/il-nuovo-focus-hospital-del-gemelli-nella-solennita-del-sacro-cuore\/\" \/>\n<meta property=\"og:site_name\" content=\"Policlinico Universitario Agostino Gemelli IRCCS\" \/>\n<meta property=\"article:modified_time\" content=\"2024-06-07T10:24:07+00:00\" \/>\n<meta property=\"og:image\" content=\"https:\/\/www.policlinicogemelli.it\/wp-content\/uploads\/2024\/06\/Antonio-Gasbarrini-e-Francesco-Rocca-visitano-il-Focus-Hospital-.jpg\" \/>\n\t<meta property=\"og:image:width\" content=\"850\" \/>\n\t<meta property=\"og:image:height\" content=\"495\" \/>\n\t<meta property=\"og:image:type\" content=\"image\/jpeg\" \/>\n<meta name=\"twitter:card\" content=\"summary_large_image\" \/>\n<meta name=\"twitter:label1\" content=\"Est. reading time\" \/>\n\t<meta name=\"twitter:data1\" content=\"6 minutes\" \/>\n<script type=\"application\/ld+json\" class=\"yoast-schema-graph\">{\"@context\":\"https:\\\/\\\/schema.org\",\"@graph\":[{\"@type\":\"WebPage\",\"@id\":\"https:\\\/\\\/www.policlinicogemelli.it\\\/en\\\/news-events\\\/il-nuovo-focus-hospital-del-gemelli-nella-solennita-del-sacro-cuore\\\/\",\"url\":\"https:\\\/\\\/www.policlinicogemelli.it\\\/en\\\/news-events\\\/il-nuovo-focus-hospital-del-gemelli-nella-solennita-del-sacro-cuore\\\/\",\"name\":\"Il nuovo Focus Hospital del Gemelli nella Solennit\u00e0 del Sacro Cuore - Policlinico Universitario A. Gemelli IRCCS\",\"isPartOf\":{\"@id\":\"https:\\\/\\\/www.policlinicogemelli.it\\\/en\\\/#website\"},\"primaryImageOfPage\":{\"@id\":\"https:\\\/\\\/www.policlinicogemelli.it\\\/en\\\/news-events\\\/il-nuovo-focus-hospital-del-gemelli-nella-solennita-del-sacro-cuore\\\/#primaryimage\"},\"image\":{\"@id\":\"https:\\\/\\\/www.policlinicogemelli.it\\\/en\\\/news-events\\\/il-nuovo-focus-hospital-del-gemelli-nella-solennita-del-sacro-cuore\\\/#primaryimage\"},\"thumbnailUrl\":\"https:\\\/\\\/www.policlinicogemelli.it\\\/wp-content\\\/uploads\\\/2024\\\/06\\\/Antonio-Gasbarrini-e-Francesco-Rocca-visitano-il-Focus-Hospital-.jpg\",\"datePublished\":\"2024-06-07T09:41:19+00:00\",\"dateModified\":\"2024-06-07T10:24:07+00:00\",\"breadcrumb\":{\"@id\":\"https:\\\/\\\/www.policlinicogemelli.it\\\/en\\\/news-events\\\/il-nuovo-focus-hospital-del-gemelli-nella-solennita-del-sacro-cuore\\\/#breadcrumb\"},\"inLanguage\":\"en-US\",\"potentialAction\":[{\"@type\":\"ReadAction\",\"target\":[\"https:\\\/\\\/www.policlinicogemelli.it\\\/en\\\/news-events\\\/il-nuovo-focus-hospital-del-gemelli-nella-solennita-del-sacro-cuore\\\/\"]}]},{\"@type\":\"ImageObject\",\"inLanguage\":\"en-US\",\"@id\":\"https:\\\/\\\/www.policlinicogemelli.it\\\/en\\\/news-events\\\/il-nuovo-focus-hospital-del-gemelli-nella-solennita-del-sacro-cuore\\\/#primaryimage\",\"url\":\"https:\\\/\\\/www.policlinicogemelli.it\\\/wp-content\\\/uploads\\\/2024\\\/06\\\/Antonio-Gasbarrini-e-Francesco-Rocca-visitano-il-Focus-Hospital-.jpg\",\"contentUrl\":\"https:\\\/\\\/www.policlinicogemelli.it\\\/wp-content\\\/uploads\\\/2024\\\/06\\\/Antonio-Gasbarrini-e-Francesco-Rocca-visitano-il-Focus-Hospital-.jpg\",\"width\":850,\"height\":495},{\"@type\":\"BreadcrumbList\",\"@id\":\"https:\\\/\\\/www.policlinicogemelli.it\\\/en\\\/news-events\\\/il-nuovo-focus-hospital-del-gemelli-nella-solennita-del-sacro-cuore\\\/#breadcrumb\",\"itemListElement\":[{\"@type\":\"ListItem\",\"position\":1,\"name\":\"Home\",\"item\":\"https:\\\/\\\/www.policlinicogemelli.it\\\/en\\\/\"},{\"@type\":\"ListItem\",\"position\":2,\"name\":\"News and Events\",\"item\":\"https:\\\/\\\/www.policlinicogemelli.it\\\/en\\\/news-events\\\/\"},{\"@type\":\"ListItem\",\"position\":3,\"name\":\"Il nuovo Focus Hospital del Gemelli nella Solennit\u00e0 del Sacro Cuore\"}]},{\"@type\":\"WebSite\",\"@id\":\"https:\\\/\\\/www.policlinicogemelli.it\\\/en\\\/#website\",\"url\":\"https:\\\/\\\/www.policlinicogemelli.it\\\/en\\\/\",\"name\":\"Policlinico Universitario Agostino Gemelli IRCCS\",\"description\":\"Policlinico Universitario Agostino Gemelli IRCCS\",\"publisher\":{\"@id\":\"https:\\\/\\\/www.policlinicogemelli.it\\\/en\\\/#organization\"},\"potentialAction\":[{\"@type\":\"SearchAction\",\"target\":{\"@type\":\"EntryPoint\",\"urlTemplate\":\"https:\\\/\\\/www.policlinicogemelli.it\\\/en\\\/?s={search_term_string}\"},\"query-input\":{\"@type\":\"PropertyValueSpecification\",\"valueRequired\":true,\"valueName\":\"search_term_string\"}}],\"inLanguage\":\"en-US\"},{\"@type\":\"Organization\",\"@id\":\"https:\\\/\\\/www.policlinicogemelli.it\\\/en\\\/#organization\",\"name\":\"Policlinico Universitario Agostino Gemelli IRCCS\",\"url\":\"https:\\\/\\\/www.policlinicogemelli.it\\\/en\\\/\",\"logo\":{\"@type\":\"ImageObject\",\"inLanguage\":\"en-US\",\"@id\":\"https:\\\/\\\/www.policlinicogemelli.it\\\/en\\\/#\\\/schema\\\/logo\\\/image\\\/\",\"url\":\"https:\\\/\\\/www.policlinicogemelli.it\\\/wp-content\\\/uploads\\\/2019\\\/02\\\/logo-policlinico-gemelli-250-trasp-color-1.png\",\"contentUrl\":\"https:\\\/\\\/www.policlinicogemelli.it\\\/wp-content\\\/uploads\\\/2019\\\/02\\\/logo-policlinico-gemelli-250-trasp-color-1.png\",\"width\":250,\"height\":82,\"caption\":\"Policlinico Universitario Agostino Gemelli IRCCS\"},\"image\":{\"@id\":\"https:\\\/\\\/www.policlinicogemelli.it\\\/en\\\/#\\\/schema\\\/logo\\\/image\\\/\"}}]}<\/script>\n<!-- \/ Yoast SEO plugin. -->","yoast_head_json":{"title":"Il nuovo Focus Hospital del Gemelli nella Solennit\u00e0 del Sacro Cuore - Policlinico Universitario A. Gemelli IRCCS","robots":{"index":"index","follow":"follow","max-snippet":"max-snippet:-1","max-image-preview":"max-image-preview:large","max-video-preview":"max-video-preview:-1"},"canonical":"https:\/\/www.policlinicogemelli.it\/en\/news-events\/il-nuovo-focus-hospital-del-gemelli-nella-solennita-del-sacro-cuore\/","og_locale":"en_US","og_type":"article","og_title":"Il nuovo Focus Hospital del Gemelli nella Solennit\u00e0 del Sacro Cuore - Policlinico Universitario A. Gemelli IRCCS","og_description":"Al Policlinico un Centro dedicato all\u2019ortopedia e alla traumatologia presentato ieri con l\u2019intervento del Presidente della Regione Lazio Francesco Rocca.Nella occasione della festa patronale dell\u2019Universit\u00e0 Cattolica la dedicazione della nuova cappella \u201cSan Giovanni Paolo II\u201d nella Hall dell\u2019ospedale e la consegna di omaggi dell\u2019Ateneo al cardinale Giuseppe Betori e ad Anna Maria Tarantola. Il Focus [&hellip;]","og_url":"https:\/\/www.policlinicogemelli.it\/en\/news-events\/il-nuovo-focus-hospital-del-gemelli-nella-solennita-del-sacro-cuore\/","og_site_name":"Policlinico Universitario Agostino Gemelli IRCCS","article_modified_time":"2024-06-07T10:24:07+00:00","og_image":[{"width":850,"height":495,"url":"https:\/\/www.policlinicogemelli.it\/wp-content\/uploads\/2024\/06\/Antonio-Gasbarrini-e-Francesco-Rocca-visitano-il-Focus-Hospital-.jpg","type":"image\/jpeg"}],"twitter_card":"summary_large_image","twitter_misc":{"Est. reading time":"6 minutes"},"schema":{"@context":"https:\/\/schema.org","@graph":[{"@type":"WebPage","@id":"https:\/\/www.policlinicogemelli.it\/en\/news-events\/il-nuovo-focus-hospital-del-gemelli-nella-solennita-del-sacro-cuore\/","url":"https:\/\/www.policlinicogemelli.it\/en\/news-events\/il-nuovo-focus-hospital-del-gemelli-nella-solennita-del-sacro-cuore\/","name":"Il nuovo Focus Hospital del Gemelli nella Solennit\u00e0 del Sacro Cuore - Policlinico Universitario A. Gemelli IRCCS","isPartOf":{"@id":"https:\/\/www.policlinicogemelli.it\/en\/#website"},"primaryImageOfPage":{"@id":"https:\/\/www.policlinicogemelli.it\/en\/news-events\/il-nuovo-focus-hospital-del-gemelli-nella-solennita-del-sacro-cuore\/#primaryimage"},"image":{"@id":"https:\/\/www.policlinicogemelli.it\/en\/news-events\/il-nuovo-focus-hospital-del-gemelli-nella-solennita-del-sacro-cuore\/#primaryimage"},"thumbnailUrl":"https:\/\/www.policlinicogemelli.it\/wp-content\/uploads\/2024\/06\/Antonio-Gasbarrini-e-Francesco-Rocca-visitano-il-Focus-Hospital-.jpg","datePublished":"2024-06-07T09:41:19+00:00","dateModified":"2024-06-07T10:24:07+00:00","breadcrumb":{"@id":"https:\/\/www.policlinicogemelli.it\/en\/news-events\/il-nuovo-focus-hospital-del-gemelli-nella-solennita-del-sacro-cuore\/#breadcrumb"},"inLanguage":"en-US","potentialAction":[{"@type":"ReadAction","target":["https:\/\/www.policlinicogemelli.it\/en\/news-events\/il-nuovo-focus-hospital-del-gemelli-nella-solennita-del-sacro-cuore\/"]}]},{"@type":"ImageObject","inLanguage":"en-US","@id":"https:\/\/www.policlinicogemelli.it\/en\/news-events\/il-nuovo-focus-hospital-del-gemelli-nella-solennita-del-sacro-cuore\/#primaryimage","url":"https:\/\/www.policlinicogemelli.it\/wp-content\/uploads\/2024\/06\/Antonio-Gasbarrini-e-Francesco-Rocca-visitano-il-Focus-Hospital-.jpg","contentUrl":"https:\/\/www.policlinicogemelli.it\/wp-content\/uploads\/2024\/06\/Antonio-Gasbarrini-e-Francesco-Rocca-visitano-il-Focus-Hospital-.jpg","width":850,"height":495},{"@type":"BreadcrumbList","@id":"https:\/\/www.policlinicogemelli.it\/en\/news-events\/il-nuovo-focus-hospital-del-gemelli-nella-solennita-del-sacro-cuore\/#breadcrumb","itemListElement":[{"@type":"ListItem","position":1,"name":"Home","item":"https:\/\/www.policlinicogemelli.it\/en\/"},{"@type":"ListItem","position":2,"name":"News and Events","item":"https:\/\/www.policlinicogemelli.it\/en\/news-events\/"},{"@type":"ListItem","position":3,"name":"Il nuovo Focus Hospital del Gemelli nella Solennit\u00e0 del Sacro Cuore"}]},{"@type":"WebSite","@id":"https:\/\/www.policlinicogemelli.it\/en\/#website","url":"https:\/\/www.policlinicogemelli.it\/en\/","name":"Policlinico Universitario Agostino Gemelli IRCCS","description":"Policlinico Universitario Agostino Gemelli IRCCS","publisher":{"@id":"https:\/\/www.policlinicogemelli.it\/en\/#organization"},"potentialAction":[{"@type":"SearchAction","target":{"@type":"EntryPoint","urlTemplate":"https:\/\/www.policlinicogemelli.it\/en\/?s={search_term_string}"},"query-input":{"@type":"PropertyValueSpecification","valueRequired":true,"valueName":"search_term_string"}}],"inLanguage":"en-US"},{"@type":"Organization","@id":"https:\/\/www.policlinicogemelli.it\/en\/#organization","name":"Policlinico Universitario Agostino Gemelli IRCCS","url":"https:\/\/www.policlinicogemelli.it\/en\/","logo":{"@type":"ImageObject","inLanguage":"en-US","@id":"https:\/\/www.policlinicogemelli.it\/en\/#\/schema\/logo\/image\/","url":"https:\/\/www.policlinicogemelli.it\/wp-content\/uploads\/2019\/02\/logo-policlinico-gemelli-250-trasp-color-1.png","contentUrl":"https:\/\/www.policlinicogemelli.it\/wp-content\/uploads\/2019\/02\/logo-policlinico-gemelli-250-trasp-color-1.png","width":250,"height":82,"caption":"Policlinico Universitario Agostino Gemelli IRCCS"},"image":{"@id":"https:\/\/www.policlinicogemelli.it\/en\/#\/schema\/logo\/image\/"}}]}},"rest_api_enabler":[],"_links":{"self":[{"href":"https:\/\/www.policlinicogemelli.it\/en\/wp-json\/wp\/v2\/news\/65268","targetHints":{"allow":["GET"]}}],"collection":[{"href":"https:\/\/www.policlinicogemelli.it\/en\/wp-json\/wp\/v2\/news"}],"about":[{"href":"https:\/\/www.policlinicogemelli.it\/en\/wp-json\/wp\/v2\/types\/kf_gem_news"}],"version-history":[{"count":0,"href":"https:\/\/www.policlinicogemelli.it\/en\/wp-json\/wp\/v2\/news\/65268\/revisions"}],"wp:featuredmedia":[{"embeddable":true,"href":"https:\/\/www.policlinicogemelli.it\/en\/wp-json\/wp\/v2\/media\/65312"}],"wp:attachment":[{"href":"https:\/\/www.policlinicogemelli.it\/en\/wp-json\/wp\/v2\/media?parent=65268"}],"wp:term":[{"taxonomy":"kf_gem_newscat","embeddable":true,"href":"https:\/\/www.policlinicogemelli.it\/en\/wp-json\/wp\/v2\/categorie?post=65268"}],"curies":[{"name":"wp","href":"https:\/\/api.w.org\/{rel}","templated":true}]}}