{"id":59712,"date":"2024-02-19T11:16:55","date_gmt":"2024-02-19T11:16:55","guid":{"rendered":"https:\/\/www.policlinicogemelli.it\/?post_type=kf_gem_news&#038;p=59712"},"modified":"2024-02-19T11:18:09","modified_gmt":"2024-02-19T11:18:09","slug":"con-lesperanto-del-long-covid-si-scrive-un-nuovo-capitolo-della-medicina","status":"publish","type":"kf_gem_news","link":"https:\/\/www.policlinicogemelli.it\/en\/news-events\/con-lesperanto-del-long-covid-si-scrive-un-nuovo-capitolo-della-medicina\/","title":{"rendered":"Con l\u2019esperanto del Long Covid si scrive un nuovo capitolo della medicina"},"content":{"rendered":"\n<p><strong><em>Uno studio internazionale, guidato da esperti del King\u2019s College, con la partecipazione della pediatria di Gemelli e Universit\u00e0 Cattolica, definisce i sintomi di quello pediatrico. Appena pubblicato su European Respiratory Journal.<\/em><\/strong><\/p>\n\n\n\n<p>Una squadra di esperti, capitanata dal King\u2019s College di Londra, in collaborazione con l\u2019Organizzazione Mondiale della Sanit\u00e0 (OMS)e alla quale ha preso parte anche la Pediatria della Fondazione Policlinico Universitario Agostino Gemelli IRCCS, ha messo a punto la lista dei sintomi \u2018chiave\u2019 del Long Covid pediatrico e indicato attraverso quali strumenti misurarli. \u00c8 uno studio che rappresenta un grande sforzo di armonizzazione globale per raccogliere dati in maniera omogenea e velocizzare cos\u00ec il progresso delle conoscenze e la definizione delle migliori strategie di intervento per il Long Covid dei bambini e dei ragazzi. La messa a terra di questo linguaggio comune, questo \u2018esperanto\u2019 della scienza impronter\u00e0 tutti le future ricerche sul Long Covid. Lo studio \u00e8 pubblicato su <em>European Respiratory Journal.<\/em> &nbsp; \u00c8 una ricerca che scrive una nuova pagina di medicina sul Covid-19, che impronter\u00e0 tanto la clinica quanto la ricerca. Condotto dal King\u2019s College di Londra insieme all\u2019OMS, con la partecipazione di un panel di esperti internazionali, tra i quali il dottor <strong>Danilo Buonsenso<\/strong>, docente di Pediatria all\u2019Universit\u00e0 Cattolica e dirigente medico dell\u2019Unit\u00e0 Operativa Complessa di Pediatria della Fondazione Policlinico Universitario Agostino Gemelli IRCCS, questo studio ha individuato, mettendoli nero su bianco, i sintomi chiave della condizione che va sotto il nome di <strong>Long-COVID\/Post COVID-19 nei bambini e nei ragazzi<\/strong>, arrivando anche a un consenso (con la metodologia del \u2018Delphi consensus\u2019) su come misurarli. Mentre la maggior parte delle persone che contrae il Covid-19 guarisce rapidamente, un numero significativo di persone sviluppa dei sintomi persistenti o ricorrenti, per periodi pi\u00f9 o meno lunghi. Bambini e ragazzi non fanno eccezione, ma la maggior parte delle ricerche condotte finora nell\u2019area del Long COVID si \u00e8 finora focalizzata sugli adulti, mentre gli studi in et\u00e0 pediatrica sono meno numerosi. \u00c8 il motivo per cui, la reale prevalenza del Long Covid in et\u00e0 pediatrica e adolescenziale \u00e8 praticamente sconosciuta. Ci\u00f2 non toglie tuttavia che questa condizione possa comportare un significativo carico su chi ne \u00e8 affetto e sui servizi sanitari. La ricerca, appena pubblicata su <a href=\"https:\/\/erj.ersjournals.com\/content\/early\/2023\/12\/07\/13993003.01761-2023\">European Respiratory Journal<\/a>, ha definito un insieme di caratteristiche&nbsp; \u2018chiave\u2019 (COS, <em>Core Outcome Set<\/em>) e di misure associate (COMS, <em>Core Outcome Measurement Set<\/em>) per la valutazione del Long Covid nei bambini e nei ragazzi. Gli esperti, che hanno messo a punto queste \u2018istruzioni per l\u2019uso\u2019 per il Long Covid pediatrico, raccomandano che vengano utilizzate anche nelle ricerche che verranno condotte in futuro per uniformare il linguaggio e la metodologia di lavoro, al fine di accelerare la comprensione e lo sviluppo di trattamenti \u2018evidence-based\u2019 per i Long Covid. Utilizzare in tutto il mondo un \u2018linguaggio\u2019 scientifico comune, aumenta il valore dei dati raccolti, consentendo di confrontarli tra loro in maniera omogenea e di confrontarne di risultati tra studi diversi per arrivare poi a mettere a punto delle linee guida. Ecco dunque le aree dei sintomi ritenuti fondamentali per la diagnosi di Long Covid pediatrico:<\/p>\n\n\n\n<ul class=\"wp-block-list\">\n<li>Affaticamento o sfinimento<\/li>\n\n\n\n<li>Sintomi gastro-intestinali<\/li>\n\n\n\n<li>Funzionamento neuro-cognitivo<\/li>\n\n\n\n<li>Funzionamento fisico<\/li>\n\n\n\n<li>Sintomi cardio-vascolari<\/li>\n\n\n\n<li>Malessere dopo sforzo<\/li>\n\n\n\n<li>Alterazioni nella vita scolastica e lavorativa<\/li>\n<\/ul>\n\n\n\n<p>Per quanto riguarda la \u2018misura\u2019 dei segni e sintomi pertinenti a queste aree, gli autori dello studio hanno selezionato quelle che possono essere utilizzate a livello universale, anche in Paesi a basse risorse. Validi \u2018strumenti\u2019 di misura sono stati individuati solo per 4 aree (affaticamento o sfinimento, sintomi gastro-intestinali, funzionamento neuro-cognitivo, funzionamento fisico), mentre si sta ancora lavorando per individuare quelli migliori per le tre aree restanti. \u201cIl nostro centro \u2013 ricorda il dottor Buonsenso, della UOC di Pediatria di Fondazione Policlinico Universitario Agostino Gemelli IRCCS, diretta dal professor Giuseppe Zampino e docente di Pediatria all\u2019Universit\u00e0 Cattolica del Sacro Cuore, campus di Roma &#8211;\u00a0 \u00e8 stato il primo al mondo a documentare che anche bambini e adolescenti possono sviluppare Long Covid e abbiamo portato le prime evidenze scientifiche che questi bambini hanno delle alterazioni immunologiche, vascolari, e disautonomiche, che li distinguono dai pazienti guariti o dai controlli sani. Con questa ultima analisi internazionale, insieme ad esperti e rappresentanti di pazienti e famiglie, abbiamo definito gli <em>outcome<\/em> principali, in modo da consentire di standardizzare i nostri studi a livello globale. Ci\u00f2 ci consentir\u00e0 di condividere le casistiche e comprendere sempre meglio questa condizione, che causa un grave peggioramento della qualit\u00e0 di vita delle persone che ne sono affette.\u201d \u00a0 \u00a0<\/p>\n\n\n\n<p><strong><em>Mari Rita Montebelli<\/em><\/strong><\/p>\n","protected":false},"excerpt":{"rendered":"<p>Uno studio internazionale, guidato da esperti del King\u2019s College, con la partecipazione della pediatria di Gemelli e Universit\u00e0 Cattolica, definisce i sintomi di quello pediatrico. Appena pubblicato su European Respiratory Journal. Una squadra di esperti, capitanata dal King\u2019s College di Londra, in collaborazione con l\u2019Organizzazione Mondiale della Sanit\u00e0 (OMS)e alla quale ha preso parte anche [&hellip;]<\/p>\n","protected":false},"featured_media":56096,"template":"","categorie":[],"class_list":{"0":"post-59712","1":"kf_gem_news","2":"type-kf_gem_news","3":"status-publish","4":"has-post-thumbnail","6":"entry"},"acf":[],"yoast_head":"<!-- This site is optimized with the Yoast SEO plugin v27.5 - https:\/\/yoast.com\/product\/yoast-seo-wordpress\/ -->\n<title>Con l\u2019esperanto del Long Covid si scrive un nuovo capitolo della medicina - Policlinico Universitario A. Gemelli IRCCS<\/title>\n<meta name=\"robots\" content=\"index, follow, max-snippet:-1, max-image-preview:large, max-video-preview:-1\" \/>\n<link rel=\"canonical\" href=\"https:\/\/www.policlinicogemelli.it\/en\/news-events\/con-lesperanto-del-long-covid-si-scrive-un-nuovo-capitolo-della-medicina\/\" \/>\n<meta property=\"og:locale\" content=\"en_US\" \/>\n<meta property=\"og:type\" content=\"article\" \/>\n<meta property=\"og:title\" content=\"Con l\u2019esperanto del Long Covid si scrive un nuovo capitolo della medicina - Policlinico Universitario A. Gemelli IRCCS\" \/>\n<meta property=\"og:description\" content=\"Uno studio internazionale, guidato da esperti del King\u2019s College, con la partecipazione della pediatria di Gemelli e Universit\u00e0 Cattolica, definisce i sintomi di quello pediatrico. Appena pubblicato su European Respiratory Journal. Una squadra di esperti, capitanata dal King\u2019s College di Londra, in collaborazione con l\u2019Organizzazione Mondiale della Sanit\u00e0 (OMS)e alla quale ha preso parte anche [&hellip;]\" \/>\n<meta property=\"og:url\" content=\"https:\/\/www.policlinicogemelli.it\/en\/news-events\/con-lesperanto-del-long-covid-si-scrive-un-nuovo-capitolo-della-medicina\/\" \/>\n<meta property=\"og:site_name\" content=\"Policlinico Universitario Agostino Gemelli IRCCS\" \/>\n<meta property=\"article:modified_time\" content=\"2024-02-19T11:18:09+00:00\" \/>\n<meta property=\"og:image\" content=\"https:\/\/www.policlinicogemelli.it\/wp-content\/uploads\/2023\/07\/buonsenso_news.jpg\" \/>\n\t<meta property=\"og:image:width\" content=\"850\" \/>\n\t<meta property=\"og:image:height\" content=\"495\" \/>\n\t<meta property=\"og:image:type\" content=\"image\/jpeg\" \/>\n<meta name=\"twitter:card\" content=\"summary_large_image\" \/>\n<meta name=\"twitter:label1\" content=\"Est. reading time\" \/>\n\t<meta name=\"twitter:data1\" content=\"4 minutes\" \/>\n<script type=\"application\/ld+json\" class=\"yoast-schema-graph\">{\"@context\":\"https:\\\/\\\/schema.org\",\"@graph\":[{\"@type\":\"WebPage\",\"@id\":\"https:\\\/\\\/www.policlinicogemelli.it\\\/en\\\/news-events\\\/con-lesperanto-del-long-covid-si-scrive-un-nuovo-capitolo-della-medicina\\\/\",\"url\":\"https:\\\/\\\/www.policlinicogemelli.it\\\/en\\\/news-events\\\/con-lesperanto-del-long-covid-si-scrive-un-nuovo-capitolo-della-medicina\\\/\",\"name\":\"Con l\u2019esperanto del Long Covid si scrive un nuovo capitolo della medicina - Policlinico Universitario A. Gemelli IRCCS\",\"isPartOf\":{\"@id\":\"https:\\\/\\\/www.policlinicogemelli.it\\\/en\\\/#website\"},\"primaryImageOfPage\":{\"@id\":\"https:\\\/\\\/www.policlinicogemelli.it\\\/en\\\/news-events\\\/con-lesperanto-del-long-covid-si-scrive-un-nuovo-capitolo-della-medicina\\\/#primaryimage\"},\"image\":{\"@id\":\"https:\\\/\\\/www.policlinicogemelli.it\\\/en\\\/news-events\\\/con-lesperanto-del-long-covid-si-scrive-un-nuovo-capitolo-della-medicina\\\/#primaryimage\"},\"thumbnailUrl\":\"https:\\\/\\\/www.policlinicogemelli.it\\\/wp-content\\\/uploads\\\/2023\\\/07\\\/buonsenso_news.jpg\",\"datePublished\":\"2024-02-19T11:16:55+00:00\",\"dateModified\":\"2024-02-19T11:18:09+00:00\",\"breadcrumb\":{\"@id\":\"https:\\\/\\\/www.policlinicogemelli.it\\\/en\\\/news-events\\\/con-lesperanto-del-long-covid-si-scrive-un-nuovo-capitolo-della-medicina\\\/#breadcrumb\"},\"inLanguage\":\"en-US\",\"potentialAction\":[{\"@type\":\"ReadAction\",\"target\":[\"https:\\\/\\\/www.policlinicogemelli.it\\\/en\\\/news-events\\\/con-lesperanto-del-long-covid-si-scrive-un-nuovo-capitolo-della-medicina\\\/\"]}]},{\"@type\":\"ImageObject\",\"inLanguage\":\"en-US\",\"@id\":\"https:\\\/\\\/www.policlinicogemelli.it\\\/en\\\/news-events\\\/con-lesperanto-del-long-covid-si-scrive-un-nuovo-capitolo-della-medicina\\\/#primaryimage\",\"url\":\"https:\\\/\\\/www.policlinicogemelli.it\\\/wp-content\\\/uploads\\\/2023\\\/07\\\/buonsenso_news.jpg\",\"contentUrl\":\"https:\\\/\\\/www.policlinicogemelli.it\\\/wp-content\\\/uploads\\\/2023\\\/07\\\/buonsenso_news.jpg\",\"width\":850,\"height\":495},{\"@type\":\"BreadcrumbList\",\"@id\":\"https:\\\/\\\/www.policlinicogemelli.it\\\/en\\\/news-events\\\/con-lesperanto-del-long-covid-si-scrive-un-nuovo-capitolo-della-medicina\\\/#breadcrumb\",\"itemListElement\":[{\"@type\":\"ListItem\",\"position\":1,\"name\":\"Home\",\"item\":\"https:\\\/\\\/www.policlinicogemelli.it\\\/en\\\/\"},{\"@type\":\"ListItem\",\"position\":2,\"name\":\"News and Events\",\"item\":\"https:\\\/\\\/www.policlinicogemelli.it\\\/en\\\/news-events\\\/\"},{\"@type\":\"ListItem\",\"position\":3,\"name\":\"Con l\u2019esperanto del Long Covid si scrive un nuovo capitolo della medicina\"}]},{\"@type\":\"WebSite\",\"@id\":\"https:\\\/\\\/www.policlinicogemelli.it\\\/en\\\/#website\",\"url\":\"https:\\\/\\\/www.policlinicogemelli.it\\\/en\\\/\",\"name\":\"Policlinico Universitario Agostino Gemelli IRCCS\",\"description\":\"Policlinico Universitario Agostino Gemelli IRCCS\",\"publisher\":{\"@id\":\"https:\\\/\\\/www.policlinicogemelli.it\\\/en\\\/#organization\"},\"potentialAction\":[{\"@type\":\"SearchAction\",\"target\":{\"@type\":\"EntryPoint\",\"urlTemplate\":\"https:\\\/\\\/www.policlinicogemelli.it\\\/en\\\/?s={search_term_string}\"},\"query-input\":{\"@type\":\"PropertyValueSpecification\",\"valueRequired\":true,\"valueName\":\"search_term_string\"}}],\"inLanguage\":\"en-US\"},{\"@type\":\"Organization\",\"@id\":\"https:\\\/\\\/www.policlinicogemelli.it\\\/en\\\/#organization\",\"name\":\"Policlinico Universitario Agostino Gemelli IRCCS\",\"url\":\"https:\\\/\\\/www.policlinicogemelli.it\\\/en\\\/\",\"logo\":{\"@type\":\"ImageObject\",\"inLanguage\":\"en-US\",\"@id\":\"https:\\\/\\\/www.policlinicogemelli.it\\\/en\\\/#\\\/schema\\\/logo\\\/image\\\/\",\"url\":\"https:\\\/\\\/www.policlinicogemelli.it\\\/wp-content\\\/uploads\\\/2019\\\/02\\\/logo-policlinico-gemelli-250-trasp-color-1.png\",\"contentUrl\":\"https:\\\/\\\/www.policlinicogemelli.it\\\/wp-content\\\/uploads\\\/2019\\\/02\\\/logo-policlinico-gemelli-250-trasp-color-1.png\",\"width\":250,\"height\":82,\"caption\":\"Policlinico Universitario Agostino Gemelli IRCCS\"},\"image\":{\"@id\":\"https:\\\/\\\/www.policlinicogemelli.it\\\/en\\\/#\\\/schema\\\/logo\\\/image\\\/\"}}]}<\/script>\n<!-- \/ Yoast SEO plugin. -->","yoast_head_json":{"title":"Con l\u2019esperanto del Long Covid si scrive un nuovo capitolo della medicina - Policlinico Universitario A. Gemelli IRCCS","robots":{"index":"index","follow":"follow","max-snippet":"max-snippet:-1","max-image-preview":"max-image-preview:large","max-video-preview":"max-video-preview:-1"},"canonical":"https:\/\/www.policlinicogemelli.it\/en\/news-events\/con-lesperanto-del-long-covid-si-scrive-un-nuovo-capitolo-della-medicina\/","og_locale":"en_US","og_type":"article","og_title":"Con l\u2019esperanto del Long Covid si scrive un nuovo capitolo della medicina - Policlinico Universitario A. Gemelli IRCCS","og_description":"Uno studio internazionale, guidato da esperti del King\u2019s College, con la partecipazione della pediatria di Gemelli e Universit\u00e0 Cattolica, definisce i sintomi di quello pediatrico. Appena pubblicato su European Respiratory Journal. Una squadra di esperti, capitanata dal King\u2019s College di Londra, in collaborazione con l\u2019Organizzazione Mondiale della Sanit\u00e0 (OMS)e alla quale ha preso parte anche [&hellip;]","og_url":"https:\/\/www.policlinicogemelli.it\/en\/news-events\/con-lesperanto-del-long-covid-si-scrive-un-nuovo-capitolo-della-medicina\/","og_site_name":"Policlinico Universitario Agostino Gemelli IRCCS","article_modified_time":"2024-02-19T11:18:09+00:00","og_image":[{"width":850,"height":495,"url":"https:\/\/www.policlinicogemelli.it\/wp-content\/uploads\/2023\/07\/buonsenso_news.jpg","type":"image\/jpeg"}],"twitter_card":"summary_large_image","twitter_misc":{"Est. reading time":"4 minutes"},"schema":{"@context":"https:\/\/schema.org","@graph":[{"@type":"WebPage","@id":"https:\/\/www.policlinicogemelli.it\/en\/news-events\/con-lesperanto-del-long-covid-si-scrive-un-nuovo-capitolo-della-medicina\/","url":"https:\/\/www.policlinicogemelli.it\/en\/news-events\/con-lesperanto-del-long-covid-si-scrive-un-nuovo-capitolo-della-medicina\/","name":"Con l\u2019esperanto del Long Covid si scrive un nuovo capitolo della medicina - Policlinico Universitario A. Gemelli IRCCS","isPartOf":{"@id":"https:\/\/www.policlinicogemelli.it\/en\/#website"},"primaryImageOfPage":{"@id":"https:\/\/www.policlinicogemelli.it\/en\/news-events\/con-lesperanto-del-long-covid-si-scrive-un-nuovo-capitolo-della-medicina\/#primaryimage"},"image":{"@id":"https:\/\/www.policlinicogemelli.it\/en\/news-events\/con-lesperanto-del-long-covid-si-scrive-un-nuovo-capitolo-della-medicina\/#primaryimage"},"thumbnailUrl":"https:\/\/www.policlinicogemelli.it\/wp-content\/uploads\/2023\/07\/buonsenso_news.jpg","datePublished":"2024-02-19T11:16:55+00:00","dateModified":"2024-02-19T11:18:09+00:00","breadcrumb":{"@id":"https:\/\/www.policlinicogemelli.it\/en\/news-events\/con-lesperanto-del-long-covid-si-scrive-un-nuovo-capitolo-della-medicina\/#breadcrumb"},"inLanguage":"en-US","potentialAction":[{"@type":"ReadAction","target":["https:\/\/www.policlinicogemelli.it\/en\/news-events\/con-lesperanto-del-long-covid-si-scrive-un-nuovo-capitolo-della-medicina\/"]}]},{"@type":"ImageObject","inLanguage":"en-US","@id":"https:\/\/www.policlinicogemelli.it\/en\/news-events\/con-lesperanto-del-long-covid-si-scrive-un-nuovo-capitolo-della-medicina\/#primaryimage","url":"https:\/\/www.policlinicogemelli.it\/wp-content\/uploads\/2023\/07\/buonsenso_news.jpg","contentUrl":"https:\/\/www.policlinicogemelli.it\/wp-content\/uploads\/2023\/07\/buonsenso_news.jpg","width":850,"height":495},{"@type":"BreadcrumbList","@id":"https:\/\/www.policlinicogemelli.it\/en\/news-events\/con-lesperanto-del-long-covid-si-scrive-un-nuovo-capitolo-della-medicina\/#breadcrumb","itemListElement":[{"@type":"ListItem","position":1,"name":"Home","item":"https:\/\/www.policlinicogemelli.it\/en\/"},{"@type":"ListItem","position":2,"name":"News and Events","item":"https:\/\/www.policlinicogemelli.it\/en\/news-events\/"},{"@type":"ListItem","position":3,"name":"Con l\u2019esperanto del Long Covid si scrive un nuovo capitolo della medicina"}]},{"@type":"WebSite","@id":"https:\/\/www.policlinicogemelli.it\/en\/#website","url":"https:\/\/www.policlinicogemelli.it\/en\/","name":"Policlinico Universitario Agostino Gemelli IRCCS","description":"Policlinico Universitario Agostino Gemelli IRCCS","publisher":{"@id":"https:\/\/www.policlinicogemelli.it\/en\/#organization"},"potentialAction":[{"@type":"SearchAction","target":{"@type":"EntryPoint","urlTemplate":"https:\/\/www.policlinicogemelli.it\/en\/?s={search_term_string}"},"query-input":{"@type":"PropertyValueSpecification","valueRequired":true,"valueName":"search_term_string"}}],"inLanguage":"en-US"},{"@type":"Organization","@id":"https:\/\/www.policlinicogemelli.it\/en\/#organization","name":"Policlinico Universitario Agostino Gemelli IRCCS","url":"https:\/\/www.policlinicogemelli.it\/en\/","logo":{"@type":"ImageObject","inLanguage":"en-US","@id":"https:\/\/www.policlinicogemelli.it\/en\/#\/schema\/logo\/image\/","url":"https:\/\/www.policlinicogemelli.it\/wp-content\/uploads\/2019\/02\/logo-policlinico-gemelli-250-trasp-color-1.png","contentUrl":"https:\/\/www.policlinicogemelli.it\/wp-content\/uploads\/2019\/02\/logo-policlinico-gemelli-250-trasp-color-1.png","width":250,"height":82,"caption":"Policlinico Universitario Agostino Gemelli IRCCS"},"image":{"@id":"https:\/\/www.policlinicogemelli.it\/en\/#\/schema\/logo\/image\/"}}]}},"rest_api_enabler":[],"_links":{"self":[{"href":"https:\/\/www.policlinicogemelli.it\/en\/wp-json\/wp\/v2\/news\/59712","targetHints":{"allow":["GET"]}}],"collection":[{"href":"https:\/\/www.policlinicogemelli.it\/en\/wp-json\/wp\/v2\/news"}],"about":[{"href":"https:\/\/www.policlinicogemelli.it\/en\/wp-json\/wp\/v2\/types\/kf_gem_news"}],"version-history":[{"count":0,"href":"https:\/\/www.policlinicogemelli.it\/en\/wp-json\/wp\/v2\/news\/59712\/revisions"}],"wp:featuredmedia":[{"embeddable":true,"href":"https:\/\/www.policlinicogemelli.it\/en\/wp-json\/wp\/v2\/media\/56096"}],"wp:attachment":[{"href":"https:\/\/www.policlinicogemelli.it\/en\/wp-json\/wp\/v2\/media?parent=59712"}],"wp:term":[{"taxonomy":"kf_gem_newscat","embeddable":true,"href":"https:\/\/www.policlinicogemelli.it\/en\/wp-json\/wp\/v2\/categorie?post=59712"}],"curies":[{"name":"wp","href":"https:\/\/api.w.org\/{rel}","templated":true}]}}