{"id":59482,"date":"2024-02-05T10:06:33","date_gmt":"2024-02-05T10:06:33","guid":{"rendered":"https:\/\/www.policlinicogemelli.it\/?post_type=kf_gem_news&#038;p=59482"},"modified":"2024-02-05T10:06:33","modified_gmt":"2024-02-05T10:06:33","slug":"curare-i-pazienti-senza-dimenticare-di-prendersi-cura-dellambiente","status":"publish","type":"kf_gem_news","link":"https:\/\/www.policlinicogemelli.it\/en\/news-events\/curare-i-pazienti-senza-dimenticare-di-prendersi-cura-dellambiente\/","title":{"rendered":"Curare i pazienti, senza dimenticare di prendersi cura dell\u2019ambiente"},"content":{"rendered":"\n<p><strong><em>Si chiama Caring Nature, \u00e8 un grande Progetto della Comunit\u00e0 Europea, che vede la partecipazione di 19 Partners con il coordinamento scientifico di Universit\u00e0 Cattolica del Sacro Cuore. La Fondazione Policlinico Gemelli IRCCS, Partner ed Ospedale della Universit\u00e0 Cattolica, contribuir\u00e0 con i suoi medici e i servizi tecnici a studiare e sperimentare soluzioni \u2018green\u2019 per ridurre le emissioni di carbonio da parte delle strutture sanitarie. Il kick-off meeting del Progetto che avr\u00e0 una durata di tre anni si \u00e8 tenuto a Roma, nel Campus dell\u2019Universit\u00e0 Cattolica del Sacro Cuore.\u00a0<\/em> <\/strong><\/p>\n\n\n\n<p>Anche gli ospedali inquinano. Anzi sono considerati dei \u201c<em>grandi inquinatori<\/em>\u201d visto che consumano molte risorse energetiche, con conseguenti emissioni di carbonio (CO2) ed una gran quantit\u00e0 di rifiuti da smaltire. Per queste ragioni, anche il mondo della Sanit\u00e0 deve impegnarsi a fare la sua parte per ridurre la <em>carbon footprint<\/em>. \u00c8 quanto chiede la Commissione Europea, che ha lanciato un apposito bando Horizon, vinto dal Progetto <strong>Caring Nature<\/strong> (acronimo di <em>ClimAte neutRal INitiatives for GrowiNg heAlTh and care Unmet REquirements<\/em>) che ha come capofila scientifico l\u2019Universit\u00e0 Cattolica del Sacro Cuore e quale importante Partner sanitario il Policlinico Gemelli. Il Progetto vede la partecipazione di 19 Partner scientifici e tecnici di 11 Paesi europei (5 realt\u00e0 sanitarie, 5 piccole e medie imprese innovative, 2 industrie, 6 universit\u00e0, 1 agenzia di certificazione). Responsabile scientifico \u00e8 il professor <strong>Daniele Gui<\/strong>, gi\u00e0 Direttore della Chirurgia d\u2019Urgenza della Fondazione Policlinico Universitario Agostino Gemelli IRCCS, <em>Principal Investigator<\/em> per Fondazione Gemelli IRCCS, la professoressa <strong>Sabina Magalini<\/strong>, \u00a0gi\u00e0 Professore Aggregato della Facolt\u00e0 di Medicina della Universit\u00e0 Cattolica e chirurgo d\u2019Urgenza di Fondazione Gemelli, con il supporto tecnico &#8211; scientifico della Direzione Tecnica, ICT e Innovazione Tecnologie Sanitarie (Direttore Ing. <strong>Giovanni Arcuri<\/strong>) tramite UO Servizi Energetici (Ing. <strong>Carlo Pesaro<\/strong>), con la partecipazione del Dr. <strong>Benedetto Bresa<\/strong>, Facility manager, e dell\u2019Ingegner <strong>Pasquale Mari<\/strong>, Project manager e consulente di Fondazione Policlinico Gemelli. <\/p>\n\n\n\n<p>\u201cIl settore della Sanit\u00e0 (ospedali e altre strutture di erogazione di servizi sanitari) \u2013 ricorda il professor Gui &#8211; \u00e8 responsabile del 4-5% delle emissioni totali di gas serra (<em>greeenhouse gases<\/em>, GHG) e le proiezioni da qui al 2050 danno in aumento le emissioni provenienti dall\u2019ambito dell\u2019<em>healthcare<\/em>, a meno che non vengano intraprese azioni di mitigazione\u201d. Tradizionalmente tuttavia il settore della Sanit\u00e0 non \u00e8 mai stato improntato ad una cultura \u2018ambientale\u2019 (che passa anche per una maggior attenzione ai costi operativi e al risparmio energetico), perch\u00e9 la priorit\u00e0 assoluta \u00e8 sempre e solo stata quella della cura dei pazienti. \u201cMa alla luce dei preoccupanti cambiamenti climatici in atto \u2013 prosegue il professor Gui &#8211; \u00a0\u00e8 giusto che anche in questo settore vengano intraprese azioni concrete e immediate, volte a ridurre l\u2019impatto delle attivit\u00e0 sanitarie sull\u2019ambiente, senza naturalmente derogare alla sicurezza di pazienti e operatori sanitari\u201d. <\/p>\n\n\n\n<figure class=\"wp-block-image size-full\"><img loading=\"lazy\" decoding=\"async\" width=\"850\" height=\"495\" src=\"https:\/\/www.policlinicogemelli.it\/wp-content\/uploads\/2024\/02\/IMG_7585.png\" alt=\"\" class=\"wp-image-59485\" srcset=\"https:\/\/www.policlinicogemelli.it\/wp-content\/uploads\/2024\/02\/IMG_7585.png 850w, https:\/\/www.policlinicogemelli.it\/wp-content\/uploads\/2024\/02\/IMG_7585-300x175.png 300w, https:\/\/www.policlinicogemelli.it\/wp-content\/uploads\/2024\/02\/IMG_7585-768x447.png 768w, https:\/\/www.policlinicogemelli.it\/wp-content\/uploads\/2024\/02\/IMG_7585-350x205.png 350w, https:\/\/www.policlinicogemelli.it\/wp-content\/uploads\/2024\/02\/IMG_7585-400x233.png 400w\" sizes=\"auto, (max-width: 850px) 100vw, 850px\" \/><figcaption class=\"wp-element-caption\"><strong>Daniele Gui<\/strong><\/figcaption><\/figure>\n\n\n\n<p>\u201cL\u2019obiettivo di <em>Caring Nature<\/em>, che racchiude nel suo nome il doppio significato di \u2018presa in carico del malato\u2019 e dell\u2019aver cura dell\u2019ambiente \u00a0&#8211; ricorda la professoressa Magalini &#8211; \u00e8 dunque di sviluppare nei prossimi tre anni soluzioni sostenibili e specifiche per il settore dell\u2019<em>healthcare<\/em>, volte a ridurre le emissioni di carbonio e l\u2019inquinamento; saranno sviluppate e validate 10 azioni, sette delle quali mirate a ridurre direttamente l\u2019impatto ambientale degli edifici, lo sfruttamento e lo smaltimento dei rifiuti e gli spostamenti dei pazienti; altre 3 riguardano la governance e l\u2019engagement dello staff rispetto all\u2019obiettivo di un ospedale <em>verde<\/em>\u201d. <\/p>\n\n\n\n<figure class=\"wp-block-image size-full\"><img loading=\"lazy\" decoding=\"async\" width=\"850\" height=\"495\" src=\"https:\/\/www.policlinicogemelli.it\/wp-content\/uploads\/2024\/02\/IMG_7580.png\" alt=\"\" class=\"wp-image-59487\" srcset=\"https:\/\/www.policlinicogemelli.it\/wp-content\/uploads\/2024\/02\/IMG_7580.png 850w, https:\/\/www.policlinicogemelli.it\/wp-content\/uploads\/2024\/02\/IMG_7580-300x175.png 300w, https:\/\/www.policlinicogemelli.it\/wp-content\/uploads\/2024\/02\/IMG_7580-768x447.png 768w, https:\/\/www.policlinicogemelli.it\/wp-content\/uploads\/2024\/02\/IMG_7580-350x205.png 350w, https:\/\/www.policlinicogemelli.it\/wp-content\/uploads\/2024\/02\/IMG_7580-400x233.png 400w\" sizes=\"auto, (max-width: 850px) 100vw, 850px\" \/><figcaption class=\"wp-element-caption\"><strong>Sabina Magalini<\/strong><\/figcaption><\/figure>\n\n\n\n<p>\u201cUna volta validate queste azioni \u2013 conclude il professor Gui &#8211; ci auguriamo che vengano adottate anche da altri ospedali e strutture sanitarie. Anche tali capacit\u00e0 contribuiranno in futuro all\u2019ottenimento dell\u2019accreditamento della <em>Joint Commission International<\/em> (JCI), che probabilmente gi\u00e0 da quest\u2019anno introdurr\u00e0 requisiti specifici per andare nella direzione di una Sanit\u00e0 pi\u00f9 \u2018verde\u2019. Durante lo svolgimento del Progetto \u2013 conclude il professor Gui &#8211; provvederemo a renderne noti e a disseminarne i risultati, con lo scopo di far adottare alcune delle soluzioni che andremo a proporre a 30 provider sanitari europei. Ambiamo anche a portare a bordo almeno 50 stakeholder europei (aziende e istituzioni sanitarie, enti per l\u2019energia e l\u2019ambiente) per alimentare e adottare il Sistema di Supporto Decisionale e di Condivisione delle Conoscenze (<em>Knowledge Sharing and Decision Support System<\/em>) che \u00e8 uno degli <em>output<\/em> del progetto Caring Nature\u201d.<\/p>\n\n\n\n<p><strong><em>Maria Rita Montebelli<\/em><\/strong><\/p>\n\n\n\n<p><\/p>\n","protected":false},"excerpt":{"rendered":"<p>Si chiama Caring Nature, \u00e8 un grande Progetto della Comunit\u00e0 Europea, che vede la partecipazione di 19 Partners con il coordinamento scientifico di Universit\u00e0 Cattolica del Sacro Cuore. La Fondazione Policlinico Gemelli IRCCS, Partner ed Ospedale della Universit\u00e0 Cattolica, contribuir\u00e0 con i suoi medici e i servizi tecnici a studiare e sperimentare soluzioni \u2018green\u2019 per [&hellip;]<\/p>\n","protected":false},"featured_media":59494,"template":"","categorie":[95],"class_list":{"0":"post-59482","1":"kf_gem_news","2":"type-kf_gem_news","3":"status-publish","4":"has-post-thumbnail","6":"kf_gem_newscat-research","7":"entry"},"acf":[],"yoast_head":"<!-- This site is optimized with the Yoast SEO plugin v27.5 - https:\/\/yoast.com\/product\/yoast-seo-wordpress\/ -->\n<title>Curare i pazienti, senza dimenticare di prendersi cura dell\u2019ambiente - Policlinico Universitario A. Gemelli IRCCS<\/title>\n<meta name=\"robots\" content=\"index, follow, max-snippet:-1, max-image-preview:large, max-video-preview:-1\" \/>\n<link rel=\"canonical\" href=\"https:\/\/www.policlinicogemelli.it\/en\/news-events\/curare-i-pazienti-senza-dimenticare-di-prendersi-cura-dellambiente\/\" \/>\n<meta property=\"og:locale\" content=\"en_US\" \/>\n<meta property=\"og:type\" content=\"article\" \/>\n<meta property=\"og:title\" content=\"Curare i pazienti, senza dimenticare di prendersi cura dell\u2019ambiente - Policlinico Universitario A. Gemelli IRCCS\" \/>\n<meta property=\"og:description\" content=\"Si chiama Caring Nature, \u00e8 un grande Progetto della Comunit\u00e0 Europea, che vede la partecipazione di 19 Partners con il coordinamento scientifico di Universit\u00e0 Cattolica del Sacro Cuore. La Fondazione Policlinico Gemelli IRCCS, Partner ed Ospedale della Universit\u00e0 Cattolica, contribuir\u00e0 con i suoi medici e i servizi tecnici a studiare e sperimentare soluzioni \u2018green\u2019 per [&hellip;]\" \/>\n<meta property=\"og:url\" content=\"https:\/\/www.policlinicogemelli.it\/en\/news-events\/curare-i-pazienti-senza-dimenticare-di-prendersi-cura-dellambiente\/\" \/>\n<meta property=\"og:site_name\" content=\"Policlinico Universitario Agostino Gemelli IRCCS\" \/>\n<meta property=\"og:image\" content=\"https:\/\/www.policlinicogemelli.it\/wp-content\/uploads\/2024\/02\/ospedalegreen.png\" \/>\n\t<meta property=\"og:image:width\" content=\"850\" \/>\n\t<meta property=\"og:image:height\" content=\"495\" \/>\n\t<meta property=\"og:image:type\" content=\"image\/png\" \/>\n<meta name=\"twitter:card\" content=\"summary_large_image\" \/>\n<meta name=\"twitter:label1\" content=\"Est. reading time\" \/>\n\t<meta name=\"twitter:data1\" content=\"3 minutes\" \/>\n<script type=\"application\/ld+json\" class=\"yoast-schema-graph\">{\"@context\":\"https:\\\/\\\/schema.org\",\"@graph\":[{\"@type\":\"WebPage\",\"@id\":\"https:\\\/\\\/www.policlinicogemelli.it\\\/en\\\/news-events\\\/curare-i-pazienti-senza-dimenticare-di-prendersi-cura-dellambiente\\\/\",\"url\":\"https:\\\/\\\/www.policlinicogemelli.it\\\/en\\\/news-events\\\/curare-i-pazienti-senza-dimenticare-di-prendersi-cura-dellambiente\\\/\",\"name\":\"Curare i pazienti, senza dimenticare di prendersi cura dell\u2019ambiente - Policlinico Universitario A. Gemelli IRCCS\",\"isPartOf\":{\"@id\":\"https:\\\/\\\/www.policlinicogemelli.it\\\/en\\\/#website\"},\"primaryImageOfPage\":{\"@id\":\"https:\\\/\\\/www.policlinicogemelli.it\\\/en\\\/news-events\\\/curare-i-pazienti-senza-dimenticare-di-prendersi-cura-dellambiente\\\/#primaryimage\"},\"image\":{\"@id\":\"https:\\\/\\\/www.policlinicogemelli.it\\\/en\\\/news-events\\\/curare-i-pazienti-senza-dimenticare-di-prendersi-cura-dellambiente\\\/#primaryimage\"},\"thumbnailUrl\":\"https:\\\/\\\/www.policlinicogemelli.it\\\/wp-content\\\/uploads\\\/2024\\\/02\\\/ospedalegreen.png\",\"datePublished\":\"2024-02-05T10:06:33+00:00\",\"breadcrumb\":{\"@id\":\"https:\\\/\\\/www.policlinicogemelli.it\\\/en\\\/news-events\\\/curare-i-pazienti-senza-dimenticare-di-prendersi-cura-dellambiente\\\/#breadcrumb\"},\"inLanguage\":\"en-US\",\"potentialAction\":[{\"@type\":\"ReadAction\",\"target\":[\"https:\\\/\\\/www.policlinicogemelli.it\\\/en\\\/news-events\\\/curare-i-pazienti-senza-dimenticare-di-prendersi-cura-dellambiente\\\/\"]}]},{\"@type\":\"ImageObject\",\"inLanguage\":\"en-US\",\"@id\":\"https:\\\/\\\/www.policlinicogemelli.it\\\/en\\\/news-events\\\/curare-i-pazienti-senza-dimenticare-di-prendersi-cura-dellambiente\\\/#primaryimage\",\"url\":\"https:\\\/\\\/www.policlinicogemelli.it\\\/wp-content\\\/uploads\\\/2024\\\/02\\\/ospedalegreen.png\",\"contentUrl\":\"https:\\\/\\\/www.policlinicogemelli.it\\\/wp-content\\\/uploads\\\/2024\\\/02\\\/ospedalegreen.png\",\"width\":850,\"height\":495},{\"@type\":\"BreadcrumbList\",\"@id\":\"https:\\\/\\\/www.policlinicogemelli.it\\\/en\\\/news-events\\\/curare-i-pazienti-senza-dimenticare-di-prendersi-cura-dellambiente\\\/#breadcrumb\",\"itemListElement\":[{\"@type\":\"ListItem\",\"position\":1,\"name\":\"Home\",\"item\":\"https:\\\/\\\/www.policlinicogemelli.it\\\/en\\\/\"},{\"@type\":\"ListItem\",\"position\":2,\"name\":\"News and Events\",\"item\":\"https:\\\/\\\/www.policlinicogemelli.it\\\/en\\\/news-events\\\/\"},{\"@type\":\"ListItem\",\"position\":3,\"name\":\"Curare i pazienti, senza dimenticare di prendersi cura dell\u2019ambiente\"}]},{\"@type\":\"WebSite\",\"@id\":\"https:\\\/\\\/www.policlinicogemelli.it\\\/en\\\/#website\",\"url\":\"https:\\\/\\\/www.policlinicogemelli.it\\\/en\\\/\",\"name\":\"Policlinico Universitario Agostino Gemelli IRCCS\",\"description\":\"Policlinico Universitario Agostino Gemelli IRCCS\",\"publisher\":{\"@id\":\"https:\\\/\\\/www.policlinicogemelli.it\\\/en\\\/#organization\"},\"potentialAction\":[{\"@type\":\"SearchAction\",\"target\":{\"@type\":\"EntryPoint\",\"urlTemplate\":\"https:\\\/\\\/www.policlinicogemelli.it\\\/en\\\/?s={search_term_string}\"},\"query-input\":{\"@type\":\"PropertyValueSpecification\",\"valueRequired\":true,\"valueName\":\"search_term_string\"}}],\"inLanguage\":\"en-US\"},{\"@type\":\"Organization\",\"@id\":\"https:\\\/\\\/www.policlinicogemelli.it\\\/en\\\/#organization\",\"name\":\"Policlinico Universitario Agostino Gemelli IRCCS\",\"url\":\"https:\\\/\\\/www.policlinicogemelli.it\\\/en\\\/\",\"logo\":{\"@type\":\"ImageObject\",\"inLanguage\":\"en-US\",\"@id\":\"https:\\\/\\\/www.policlinicogemelli.it\\\/en\\\/#\\\/schema\\\/logo\\\/image\\\/\",\"url\":\"https:\\\/\\\/www.policlinicogemelli.it\\\/wp-content\\\/uploads\\\/2019\\\/02\\\/logo-policlinico-gemelli-250-trasp-color-1.png\",\"contentUrl\":\"https:\\\/\\\/www.policlinicogemelli.it\\\/wp-content\\\/uploads\\\/2019\\\/02\\\/logo-policlinico-gemelli-250-trasp-color-1.png\",\"width\":250,\"height\":82,\"caption\":\"Policlinico Universitario Agostino Gemelli IRCCS\"},\"image\":{\"@id\":\"https:\\\/\\\/www.policlinicogemelli.it\\\/en\\\/#\\\/schema\\\/logo\\\/image\\\/\"}}]}<\/script>\n<!-- \/ Yoast SEO plugin. -->","yoast_head_json":{"title":"Curare i pazienti, senza dimenticare di prendersi cura dell\u2019ambiente - Policlinico Universitario A. Gemelli IRCCS","robots":{"index":"index","follow":"follow","max-snippet":"max-snippet:-1","max-image-preview":"max-image-preview:large","max-video-preview":"max-video-preview:-1"},"canonical":"https:\/\/www.policlinicogemelli.it\/en\/news-events\/curare-i-pazienti-senza-dimenticare-di-prendersi-cura-dellambiente\/","og_locale":"en_US","og_type":"article","og_title":"Curare i pazienti, senza dimenticare di prendersi cura dell\u2019ambiente - Policlinico Universitario A. Gemelli IRCCS","og_description":"Si chiama Caring Nature, \u00e8 un grande Progetto della Comunit\u00e0 Europea, che vede la partecipazione di 19 Partners con il coordinamento scientifico di Universit\u00e0 Cattolica del Sacro Cuore. La Fondazione Policlinico Gemelli IRCCS, Partner ed Ospedale della Universit\u00e0 Cattolica, contribuir\u00e0 con i suoi medici e i servizi tecnici a studiare e sperimentare soluzioni \u2018green\u2019 per [&hellip;]","og_url":"https:\/\/www.policlinicogemelli.it\/en\/news-events\/curare-i-pazienti-senza-dimenticare-di-prendersi-cura-dellambiente\/","og_site_name":"Policlinico Universitario Agostino Gemelli IRCCS","og_image":[{"width":850,"height":495,"url":"https:\/\/www.policlinicogemelli.it\/wp-content\/uploads\/2024\/02\/ospedalegreen.png","type":"image\/png"}],"twitter_card":"summary_large_image","twitter_misc":{"Est. reading time":"3 minutes"},"schema":{"@context":"https:\/\/schema.org","@graph":[{"@type":"WebPage","@id":"https:\/\/www.policlinicogemelli.it\/en\/news-events\/curare-i-pazienti-senza-dimenticare-di-prendersi-cura-dellambiente\/","url":"https:\/\/www.policlinicogemelli.it\/en\/news-events\/curare-i-pazienti-senza-dimenticare-di-prendersi-cura-dellambiente\/","name":"Curare i pazienti, senza dimenticare di prendersi cura dell\u2019ambiente - Policlinico Universitario A. Gemelli IRCCS","isPartOf":{"@id":"https:\/\/www.policlinicogemelli.it\/en\/#website"},"primaryImageOfPage":{"@id":"https:\/\/www.policlinicogemelli.it\/en\/news-events\/curare-i-pazienti-senza-dimenticare-di-prendersi-cura-dellambiente\/#primaryimage"},"image":{"@id":"https:\/\/www.policlinicogemelli.it\/en\/news-events\/curare-i-pazienti-senza-dimenticare-di-prendersi-cura-dellambiente\/#primaryimage"},"thumbnailUrl":"https:\/\/www.policlinicogemelli.it\/wp-content\/uploads\/2024\/02\/ospedalegreen.png","datePublished":"2024-02-05T10:06:33+00:00","breadcrumb":{"@id":"https:\/\/www.policlinicogemelli.it\/en\/news-events\/curare-i-pazienti-senza-dimenticare-di-prendersi-cura-dellambiente\/#breadcrumb"},"inLanguage":"en-US","potentialAction":[{"@type":"ReadAction","target":["https:\/\/www.policlinicogemelli.it\/en\/news-events\/curare-i-pazienti-senza-dimenticare-di-prendersi-cura-dellambiente\/"]}]},{"@type":"ImageObject","inLanguage":"en-US","@id":"https:\/\/www.policlinicogemelli.it\/en\/news-events\/curare-i-pazienti-senza-dimenticare-di-prendersi-cura-dellambiente\/#primaryimage","url":"https:\/\/www.policlinicogemelli.it\/wp-content\/uploads\/2024\/02\/ospedalegreen.png","contentUrl":"https:\/\/www.policlinicogemelli.it\/wp-content\/uploads\/2024\/02\/ospedalegreen.png","width":850,"height":495},{"@type":"BreadcrumbList","@id":"https:\/\/www.policlinicogemelli.it\/en\/news-events\/curare-i-pazienti-senza-dimenticare-di-prendersi-cura-dellambiente\/#breadcrumb","itemListElement":[{"@type":"ListItem","position":1,"name":"Home","item":"https:\/\/www.policlinicogemelli.it\/en\/"},{"@type":"ListItem","position":2,"name":"News and Events","item":"https:\/\/www.policlinicogemelli.it\/en\/news-events\/"},{"@type":"ListItem","position":3,"name":"Curare i pazienti, senza dimenticare di prendersi cura dell\u2019ambiente"}]},{"@type":"WebSite","@id":"https:\/\/www.policlinicogemelli.it\/en\/#website","url":"https:\/\/www.policlinicogemelli.it\/en\/","name":"Policlinico Universitario Agostino Gemelli IRCCS","description":"Policlinico Universitario Agostino Gemelli IRCCS","publisher":{"@id":"https:\/\/www.policlinicogemelli.it\/en\/#organization"},"potentialAction":[{"@type":"SearchAction","target":{"@type":"EntryPoint","urlTemplate":"https:\/\/www.policlinicogemelli.it\/en\/?s={search_term_string}"},"query-input":{"@type":"PropertyValueSpecification","valueRequired":true,"valueName":"search_term_string"}}],"inLanguage":"en-US"},{"@type":"Organization","@id":"https:\/\/www.policlinicogemelli.it\/en\/#organization","name":"Policlinico Universitario Agostino Gemelli IRCCS","url":"https:\/\/www.policlinicogemelli.it\/en\/","logo":{"@type":"ImageObject","inLanguage":"en-US","@id":"https:\/\/www.policlinicogemelli.it\/en\/#\/schema\/logo\/image\/","url":"https:\/\/www.policlinicogemelli.it\/wp-content\/uploads\/2019\/02\/logo-policlinico-gemelli-250-trasp-color-1.png","contentUrl":"https:\/\/www.policlinicogemelli.it\/wp-content\/uploads\/2019\/02\/logo-policlinico-gemelli-250-trasp-color-1.png","width":250,"height":82,"caption":"Policlinico Universitario Agostino Gemelli IRCCS"},"image":{"@id":"https:\/\/www.policlinicogemelli.it\/en\/#\/schema\/logo\/image\/"}}]}},"rest_api_enabler":[],"_links":{"self":[{"href":"https:\/\/www.policlinicogemelli.it\/en\/wp-json\/wp\/v2\/news\/59482","targetHints":{"allow":["GET"]}}],"collection":[{"href":"https:\/\/www.policlinicogemelli.it\/en\/wp-json\/wp\/v2\/news"}],"about":[{"href":"https:\/\/www.policlinicogemelli.it\/en\/wp-json\/wp\/v2\/types\/kf_gem_news"}],"version-history":[{"count":0,"href":"https:\/\/www.policlinicogemelli.it\/en\/wp-json\/wp\/v2\/news\/59482\/revisions"}],"wp:featuredmedia":[{"embeddable":true,"href":"https:\/\/www.policlinicogemelli.it\/en\/wp-json\/wp\/v2\/media\/59494"}],"wp:attachment":[{"href":"https:\/\/www.policlinicogemelli.it\/en\/wp-json\/wp\/v2\/media?parent=59482"}],"wp:term":[{"taxonomy":"kf_gem_newscat","embeddable":true,"href":"https:\/\/www.policlinicogemelli.it\/en\/wp-json\/wp\/v2\/categorie?post=59482"}],"curies":[{"name":"wp","href":"https:\/\/api.w.org\/{rel}","templated":true}]}}