{"id":52041,"date":"2023-02-16T15:09:32","date_gmt":"2023-02-16T15:09:32","guid":{"rendered":"https:\/\/www.policlinicogemelli.it\/?post_type=kf_gem_news&#038;p=52041"},"modified":"2023-02-16T16:32:31","modified_gmt":"2023-02-16T16:32:31","slug":"attacco-al-cuore-delle-dipendenze-al-gemelli-nasce-il-cepid","status":"publish","type":"kf_gem_news","link":"https:\/\/www.policlinicogemelli.it\/en\/news-events\/attacco-al-cuore-delle-dipendenze-al-gemelli-nasce-il-cepid\/","title":{"rendered":"Attacco al cuore delle dipendenze, al Gemelli nasce il CePID"},"content":{"rendered":"\n<p><strong><em>Inaugurato oggi un servizio a carattere multidisciplinare per combattere tutte le dipendenze, da quelle comportamentali a quelle da sostanze. L\u2019agenda del centro prevede: attivit\u00e0 clinica, di ricerca e prevenzione tramite eventi informativi per il pubblico, nelle scuole e in altri contesti.<\/em><\/strong><\/p>\n\n\n\n<p>Un centro per trattare tutte le dipendenze, da quelle comportamentali a quelle da uso di sostanze. Si chiama <strong>CePID <\/strong>(<strong>Centro Psichiatrico Integrato di ricerca, prevenzione e cura delle Dipendenze<\/strong>) ed \u00e8 stato inaugurato oggi al Policlinico Universitario A. Gemelli IRCCS, con la benedizione impartita dall\u2019Assistente Ecclesiastico Generale dell\u2019Universit\u00e0 Cattolica SE Monsignor <strong>Claudio Giuliodori<\/strong>, alla presenza del Rettore dell\u2019Universit\u00e0 Cattolica, professor <strong>Franco Anelli<\/strong>, del Direttore Generale della Fondazione Policlinico Universitario Agostino Gemelli IRCCS, professor <strong>Marco Elefanti<\/strong>, del Preside della Facolt\u00e0 di Medicina e Chirurgia della Cattolica, professor <strong>Antonio Gasbarrini<\/strong>, del Direttore del Governo Clinico del Policlinico Gemelli, professor <strong>Rocco Bellantone<\/strong>, del Direttore Dipartimento Neuroscienze, Organi di Senso e Torace del Gemelli, professor <strong>Alessandro Olivi<\/strong>, e del Direttore Dipartimento Universitario Neuroscienze Universit\u00e0 Cattolica, professor <strong>Claudio Grassi<\/strong>.<\/p>\n\n\n\n<p>La squadra del CePID, coordinato dal dottor <strong>Marco Di Nicola<\/strong>, sar\u00e0 composta da medici psichiatri e psicologi con un\u2019esperienza specifica nell\u2019ambito dell\u2019<em>addiction<\/em>. L\u2019acquisizione a breve della strumentazione per la stimolazione magnetica transcranica (TMS) permetter\u00e0 di integrare la psicoeducazione, gli interventi riabilitativi individuali e di gruppo e la farmacoterapia specifica con tecniche di neuromodulazione. Le attivit\u00e0 assistenziali si affiancheranno a quelle di ricerca, per migliorare la comprensione dei meccanismi neurobiologici e psicopatologici implicati nella patogenesi delle dipendenze e, soprattutto, per impostare terapie maggiormente personalizzate. L\u2019apertura del centro mira a facilitare l\u2019accesso alle cure per problematiche di dipendenza, riservando degli spazi dedicati a tale tipologia di pazienti e garantendo prestazioni nell\u2019ambito del Servizio Sanitario Nazionale nei regimi assistenziali ambulatoriale e di Day-Hospital (dal luned\u00ec al venerd\u00ec, contattando lo 06\/30154122). Il CePID si far\u00e0, inoltre, promotore di attivit\u00e0 di informazione sul campo (presso le scuole, ma anche nelle sale da gioco) per parlare di dipendenze al pubblico.<\/p>\n\n\n\n<p>Il nuovo centro \u00e8 stato realizzato anche grazie al contributo non condizionante di Fondazione Lottomatica.<\/p>\n\n\n\n<p>\u201cPer Fondazione Lottomatica e per tutti noi questa \u00e8 una giornata molto importante &#8211; commenta il Presidente <strong>Riccardo Capecchi<\/strong> -. Oggi non solo inauguriamo un centro d\u2019avanguardia di diagnosi e cura contro tutte le dipendenze, ma lo facciamo insieme a un\u2019assoluta eccellenza della sanit\u00e0 nazionale e internazionale come il Policlinico Agostino Gemelli, che ringraziamo e con cui siamo entusiasti di aver siglato questa partnership. La salute rappresenta uno dei temi fondamentali su cui si concentrano le attivit\u00e0 della Fondazione. Una sfida che richiede massimo impegno, passione e senso di responsabilit\u00e0 verso la comunit\u00e0\u201d.<\/p>\n\n\n\n<p>\u201cIl CePID \u2013 ricorda il professor <strong>Gabriele Sani<\/strong>, Direttore della UOC di Psichiatria Clinica e d\u2019Urgenza della Fondazione Policlinico Gemelli e Ordinario di Psichiatria presso l\u2019Universit\u00e0 Cattolica \u2013 si inserisce nella lunga tradizione assistenziale che la UOC di Psichiatria ha portato avanti nel campo delle dipendenze fin dagli anni \u201990. Problematiche che al Gemelli sono state sempre affrontate con un approccio fondato sulla consapevolezza che, al di l\u00e0 delle differenti manifestazioni cliniche, vi fosse un sottostante meccanismo psicopatologico e neurofisiologico, se non unico, quanto meno con molti punti di convergenza. Ci\u00f2 significa che \u00e8 necessario non tanto focalizzarsi su una specifica dipendenza quanto, piuttosto, sul processo alla base delle dipendenze. Trattandosi di disturbi multifasici, progressivi e tendenti alla cronicit\u00e0, le dipendenze richiedono infatti un modello di cura, pi\u00f9 che di guarigione\u201d.<\/p>\n\n\n\n<p><strong>Le dipendenze del terzo millennio.<\/strong> Oltre a tassi di incidenza e prevalenza elevati, e pressoch\u00e9 costanti negli anni, di tabagismo e disturbi da uso di alcol, cocaina e tetraidrocannabinolo (THC) &#8211; attualmente la sostanza illecita pi\u00f9 assunta in Italia e in Europa \u2013 a oggi bisogna confrontarsi anche con le \u2018nuove\u2019 dipendenze comportamentali. \u201cSiamo stati i primi in Italia \u2013 ricorda il professor Sani &#8211; circa 10 anni fa, ad aprire un ambulatorio dedicato all\u2019uso problematico di Internet, diretto dal professor <strong>Federico Tonioni<\/strong>\u201d.<\/p>\n\n\n\n<p>Si pu\u00f2 parlare di \u2018dipendenza\u2019 \u2013 spiega il dottor <strong>Marco Di Nicola<\/strong>, coordinatore del CePID &#8211; quando una condotta, che sia l\u2019uso di una sostanza o un comportamento problematico, induce fenomeni di neuro-adattamento quali tolleranza e astinenza, con reiterazione e incremento progressivi che conducono alla perdita di controllo e alla compromissione funzionale. Non vanno trascurati, inoltre, quei \u2018comportamenti a rischio\u2019 \u2013 prosegue il dottor Di Nicola \u2013 talora preliminari all\u2019instaurarsi di una dipendenza conclamata e che, spesso, possono associarsi a condotte pericolose (quali guida in stato di ebbrezza, agiti impulsivi o episodi di aggressivit\u00e0 in seguito all\u2019assunzione di alcol e sostanze)\u201d.<\/p>\n\n\n\n<p>\u201cLe dipendenze \u2013 afferma il professor Sani &#8211; sono di per s\u00e9 dei disturbi psichici e, frequentemente, si presentano in associazione ad altre problematiche psichiatriche (disturbi dell\u2019umore, di personalit\u00e0, d\u2019ansia). Ed il nostro \u00e8 appunto un centro integrato che riconosce il ruolo primario dello psichiatra, il quale pu\u00f2 rilevare<em>,<\/em> attraverso una diagnosi accurata, come l\u2019<em>addiction<\/em> possa rappresentare la punta dell\u2019iceberg di un problema pi\u00f9 articolato e profondo\u201d.<\/p>\n\n\n\n<p><strong>L\u2019identikit del soggetto affetto da dipendenza.<\/strong> Nel nostro cervello ci sono strutture coinvolte nella percezione del piacere e altre nel controllo inibitorio o razionale. \u201c\u00c8 importante sapere \u2013 chiarisce il professor Sani &#8211; che negli adolescenti le strutture del piacere si sviluppano prima delle aree deputate al controllo, spiegando perch\u00e9 l\u2019adolescente sia costituzionalmente pi\u00f9 curioso, sperimentatore o, a volte, \u2018avventato\u2019. Tali aspetti neurobiologici possono sommarsi a caratteristiche psicologiche e a tratti psicopatologici individuali e determinare un substrato di vulnerabilit\u00e0 che pu\u00f2 favorire lo sviluppo di una qualunque forma di dipendenza. Tra i fattori psicopatologici pi\u00f9 studiati figurano l\u2019impulsivit\u00e0, la ricerca delle novit\u00e0 o delle sensazioni forti, gli stati dissociativi, la disregolazione emotiva, la tendenza all\u2019automedicazione. Qualunque dipendenza, infatti, sia da sostanze che comportamentale, pu\u00f2 rappresentare un tentativo di autoterapia per gestire determinate difficolt\u00e0 personali\u201d. <strong>Dipendenze comportamentali<\/strong>. Nelle dipendenze comportamentali \u00e8 una condotta discontrollata a compromettere il funzionamento della persona con significative ripercussioni in ambito scolastico (ad esempio giocare ai videogiochi molte ore in un giorno di scuola, magari di notte invertendo il ritmo sonno-veglia) o lavorativo, cos\u00ec come sul piano socio-relazionale e familiare, o di indebitamento laddove ci sia anche un\u2019esposizione economica. \u201cLa caratteristica primaria delle dipendenze comportamentali \u2013 spiega il dottor Di Nicola &#8211; \u00e8 di non riuscire a resistere all\u2019impulso a mettere in atto una condotta nonostante possa risultare dannosa per s\u00e9 o per gli altri. Ogni dipendenza comportamentali reiterandosi e complicandosi nel tempo pu\u00f2, in definitiva, interferire con il funzionamento in svariati ambiti\u201d.<strong> <\/strong>Alcune esperienze possono indurre gratificazione nel breve termine e questo, a sua volta, pu\u00f2 contribuire a rafforzare il comportamento e a renderlo persistente, nonostante la consapevolezza delle conseguenze avverse che ne<\/p>\n\n\n\n<p>derivano. Sono esempi di dipendenze comportamentali il gioco d\u2019azzardo patologico, l\u2019<em>internet<\/em> <em>gaming disorder<\/em>, la dipendenza affettiva, il <em>workaholism<\/em>, gli acquisti compulsivi, la <em>physical<\/em> <em>exercise addiction<\/em>.<\/p>\n\n\n\n<p><strong>Disturbo da uso di sostanze. <\/strong>Fa riferimento a 10 classi distinte di sostanze psicotrope, da quelle pi\u00f9 comunemente diffuse (alcol, caffeina, tabacco), alla cannabis, agli stimolanti (cocaina, anfetamine), ai sedativo-ipnotici\/ansiolitici, per approdare a oppioidi, allucinogeni e inalanti. Tra le sostanze sintetiche pi\u00f9 utilizzate figurano ancora l\u2019<em>ecstasy<\/em> e le anfetamine, seppur con nuove declinazioni come la <em>pink cocaine<\/em>, un\u2019anfetamina sintetica.<\/p>\n\n\n\n<p><strong>Le dipendenze emergenti.<\/strong> Tra le dipendenze emergenti, non ancora riconosciute come entit\u00e0 nosologiche, rientrano per lo pi\u00f9 quelle comportamentali quali il <em>workaholism<\/em>, la dipendenza da esercizio fisico, lo <em>shopping<\/em> compulsivo e la <em>sex addiction<\/em>. C\u2019\u00e8 poi la cosiddetta \u2018nomofobia\u2019 (\u2018<em>no mobile fobia\u2019<\/em>, cio\u00e8 la paura di rimanere senza cellulare), una situazione in bilico tra iperconnessione e dipendenza. \u201cNon solo i ragazzi \u2013 riflette il professor Sani &#8211;&nbsp; ma anche noi adulti facciamo un utilizzo eccessivo di questi <em>device<\/em>. Impiego che diventa problematico se avviene in contesti inappropriati (a scuola o al lavoro) o se ha ripercussioni sul piano fisico (ad esempio sul sonno)\u201d.<\/p>\n\n\n\n<p><strong>I numeri delle dipendenze in Italia<\/strong>. \u00c8 l\u2019alcol la sostanza maggiormente utilizzata dalla popolazione e 830.000 sono i maggiorenni che ne fanno un uso dannoso, pertanto inquadrabili nell\u2019ambito di un disturbo da uso di alcol. Molto pi\u00f9 elevata \u00e8 la prevalenza dei consumatori a rischio nel nostro Paese che, nel 2020, erano 8,6 milioni a partire dagli 11 anni d\u2019et\u00e0, con un picco di <em>binge drinkers<\/em> in et\u00e0 adolescenziale (16-17 anni) e giovane-adulta. Tra le sostanze illecite, la cannabis figura come la pi\u00f9 diffusa sia tra i giovani (soprattutto studenti di 15-19 anni) sia tra gli adulti. In relazione al gioco d\u2019azzardo, le stime ufficiali sulla popolazione adulta (risalenti, tuttavia, al 2018), evidenziano un 3% di giocatori problematici.<\/p>\n\n\n\n<p><strong><em>Maria Rita Montebelli<\/em><\/strong><\/p>\n\n\n\n<figure class=\"wp-block-gallery columns-2 is-cropped wp-block-gallery-1 is-layout-flex wp-block-gallery-is-layout-flex\"><ul class=\"blocks-gallery-grid\"><li class=\"blocks-gallery-item\"><figure><img loading=\"lazy\" decoding=\"async\" width=\"850\" height=\"495\" src=\"https:\/\/www.policlinicogemelli.it\/wp-content\/uploads\/2023\/02\/CePID_4.jpeg\" alt=\"\" data-id=\"52057\" data-full-url=\"https:\/\/www.policlinicogemelli.it\/wp-content\/uploads\/2023\/02\/CePID_4.jpeg\" data-link=\"https:\/\/www.policlinicogemelli.it\/cepid_4\/\" class=\"wp-image-52058\"\/><\/figure><\/li><li class=\"blocks-gallery-item\"><figure><img loading=\"lazy\" decoding=\"async\" width=\"850\" height=\"495\" src=\"https:\/\/www.policlinicogemelli.it\/wp-content\/uploads\/2023\/02\/CePID_2.jpeg\" alt=\"\" data-id=\"52053\" data-full-url=\"https:\/\/www.policlinicogemelli.it\/wp-content\/uploads\/2023\/02\/CePID_2.jpeg\" data-link=\"https:\/\/www.policlinicogemelli.it\/cepid_2\/\" class=\"wp-image-52054\"\/><\/figure><\/li><li class=\"blocks-gallery-item\"><figure><img loading=\"lazy\" decoding=\"async\" width=\"850\" height=\"495\" src=\"https:\/\/www.policlinicogemelli.it\/wp-content\/uploads\/2023\/02\/CePID_3.jpeg\" alt=\"\" data-id=\"52055\" data-full-url=\"https:\/\/www.policlinicogemelli.it\/wp-content\/uploads\/2023\/02\/CePID_3.jpeg\" data-link=\"https:\/\/www.policlinicogemelli.it\/cepid_3\/\" class=\"wp-image-52056\"\/><\/figure><\/li><li class=\"blocks-gallery-item\"><figure><img loading=\"lazy\" decoding=\"async\" width=\"850\" height=\"495\" src=\"https:\/\/www.policlinicogemelli.it\/wp-content\/uploads\/2023\/02\/CePID_5.jpeg\" alt=\"\" data-id=\"52059\" data-full-url=\"https:\/\/www.policlinicogemelli.it\/wp-content\/uploads\/2023\/02\/CePID_5.jpeg\" data-link=\"https:\/\/www.policlinicogemelli.it\/cepid_5\/\" class=\"wp-image-52060\"\/><\/figure><\/li><\/ul><\/figure>\n","protected":false},"excerpt":{"rendered":"<p>Inaugurato oggi un servizio a carattere multidisciplinare per combattere tutte le dipendenze, da quelle comportamentali a quelle da sostanze. L\u2019agenda del centro prevede: attivit\u00e0 clinica, di ricerca e prevenzione tramite eventi informativi per il pubblico, nelle scuole e in altri contesti. Un centro per trattare tutte le dipendenze, da quelle comportamentali a quelle da uso [&hellip;]<\/p>\n","protected":false},"featured_media":52052,"template":"","categorie":[92,93],"class_list":{"0":"post-52041","1":"kf_gem_news","2":"type-kf_gem_news","3":"status-publish","4":"has-post-thumbnail","6":"kf_gem_newscat-assistance","7":"kf_gem_newscat-events","8":"entry"},"acf":[],"yoast_head":"<!-- This site is optimized with the Yoast SEO plugin v27.5 - https:\/\/yoast.com\/product\/yoast-seo-wordpress\/ -->\n<title>Attacco al cuore delle dipendenze, al Gemelli nasce il CePID - Policlinico Universitario A. Gemelli IRCCS<\/title>\n<meta name=\"robots\" content=\"index, follow, max-snippet:-1, max-image-preview:large, max-video-preview:-1\" \/>\n<link rel=\"canonical\" href=\"https:\/\/www.policlinicogemelli.it\/en\/news-events\/attacco-al-cuore-delle-dipendenze-al-gemelli-nasce-il-cepid\/\" \/>\n<meta property=\"og:locale\" content=\"en_US\" \/>\n<meta property=\"og:type\" content=\"article\" \/>\n<meta property=\"og:title\" content=\"Attacco al cuore delle dipendenze, al Gemelli nasce il CePID - Policlinico Universitario A. Gemelli IRCCS\" \/>\n<meta property=\"og:description\" content=\"Inaugurato oggi un servizio a carattere multidisciplinare per combattere tutte le dipendenze, da quelle comportamentali a quelle da sostanze. L\u2019agenda del centro prevede: attivit\u00e0 clinica, di ricerca e prevenzione tramite eventi informativi per il pubblico, nelle scuole e in altri contesti. Un centro per trattare tutte le dipendenze, da quelle comportamentali a quelle da uso [&hellip;]\" \/>\n<meta property=\"og:url\" content=\"https:\/\/www.policlinicogemelli.it\/en\/news-events\/attacco-al-cuore-delle-dipendenze-al-gemelli-nasce-il-cepid\/\" \/>\n<meta property=\"og:site_name\" content=\"Policlinico Universitario Agostino Gemelli IRCCS\" \/>\n<meta property=\"article:modified_time\" content=\"2023-02-16T16:32:31+00:00\" \/>\n<meta property=\"og:image\" content=\"https:\/\/www.policlinicogemelli.it\/wp-content\/uploads\/2023\/02\/CePID_1.jpeg\" \/>\n\t<meta property=\"og:image:width\" content=\"850\" \/>\n\t<meta property=\"og:image:height\" content=\"495\" \/>\n\t<meta property=\"og:image:type\" content=\"image\/jpeg\" \/>\n<meta name=\"twitter:card\" content=\"summary_large_image\" \/>\n<meta name=\"twitter:label1\" content=\"Est. reading time\" \/>\n\t<meta name=\"twitter:data1\" content=\"7 minutes\" \/>\n<script type=\"application\/ld+json\" class=\"yoast-schema-graph\">{\"@context\":\"https:\\\/\\\/schema.org\",\"@graph\":[{\"@type\":\"WebPage\",\"@id\":\"https:\\\/\\\/www.policlinicogemelli.it\\\/en\\\/news-events\\\/attacco-al-cuore-delle-dipendenze-al-gemelli-nasce-il-cepid\\\/\",\"url\":\"https:\\\/\\\/www.policlinicogemelli.it\\\/en\\\/news-events\\\/attacco-al-cuore-delle-dipendenze-al-gemelli-nasce-il-cepid\\\/\",\"name\":\"Attacco al cuore delle dipendenze, al Gemelli nasce il CePID - Policlinico Universitario A. Gemelli IRCCS\",\"isPartOf\":{\"@id\":\"https:\\\/\\\/www.policlinicogemelli.it\\\/en\\\/#website\"},\"primaryImageOfPage\":{\"@id\":\"https:\\\/\\\/www.policlinicogemelli.it\\\/en\\\/news-events\\\/attacco-al-cuore-delle-dipendenze-al-gemelli-nasce-il-cepid\\\/#primaryimage\"},\"image\":{\"@id\":\"https:\\\/\\\/www.policlinicogemelli.it\\\/en\\\/news-events\\\/attacco-al-cuore-delle-dipendenze-al-gemelli-nasce-il-cepid\\\/#primaryimage\"},\"thumbnailUrl\":\"https:\\\/\\\/www.policlinicogemelli.it\\\/wp-content\\\/uploads\\\/2023\\\/02\\\/CePID_1.jpeg\",\"datePublished\":\"2023-02-16T15:09:32+00:00\",\"dateModified\":\"2023-02-16T16:32:31+00:00\",\"breadcrumb\":{\"@id\":\"https:\\\/\\\/www.policlinicogemelli.it\\\/en\\\/news-events\\\/attacco-al-cuore-delle-dipendenze-al-gemelli-nasce-il-cepid\\\/#breadcrumb\"},\"inLanguage\":\"en-US\",\"potentialAction\":[{\"@type\":\"ReadAction\",\"target\":[\"https:\\\/\\\/www.policlinicogemelli.it\\\/en\\\/news-events\\\/attacco-al-cuore-delle-dipendenze-al-gemelli-nasce-il-cepid\\\/\"]}]},{\"@type\":\"ImageObject\",\"inLanguage\":\"en-US\",\"@id\":\"https:\\\/\\\/www.policlinicogemelli.it\\\/en\\\/news-events\\\/attacco-al-cuore-delle-dipendenze-al-gemelli-nasce-il-cepid\\\/#primaryimage\",\"url\":\"https:\\\/\\\/www.policlinicogemelli.it\\\/wp-content\\\/uploads\\\/2023\\\/02\\\/CePID_1.jpeg\",\"contentUrl\":\"https:\\\/\\\/www.policlinicogemelli.it\\\/wp-content\\\/uploads\\\/2023\\\/02\\\/CePID_1.jpeg\",\"width\":850,\"height\":495},{\"@type\":\"BreadcrumbList\",\"@id\":\"https:\\\/\\\/www.policlinicogemelli.it\\\/en\\\/news-events\\\/attacco-al-cuore-delle-dipendenze-al-gemelli-nasce-il-cepid\\\/#breadcrumb\",\"itemListElement\":[{\"@type\":\"ListItem\",\"position\":1,\"name\":\"Home\",\"item\":\"https:\\\/\\\/www.policlinicogemelli.it\\\/en\\\/\"},{\"@type\":\"ListItem\",\"position\":2,\"name\":\"News and Events\",\"item\":\"https:\\\/\\\/www.policlinicogemelli.it\\\/en\\\/news-events\\\/\"},{\"@type\":\"ListItem\",\"position\":3,\"name\":\"Attacco al cuore delle dipendenze, al Gemelli nasce il CePID\"}]},{\"@type\":\"WebSite\",\"@id\":\"https:\\\/\\\/www.policlinicogemelli.it\\\/en\\\/#website\",\"url\":\"https:\\\/\\\/www.policlinicogemelli.it\\\/en\\\/\",\"name\":\"Policlinico Universitario Agostino Gemelli IRCCS\",\"description\":\"Policlinico Universitario Agostino Gemelli IRCCS\",\"publisher\":{\"@id\":\"https:\\\/\\\/www.policlinicogemelli.it\\\/en\\\/#organization\"},\"potentialAction\":[{\"@type\":\"SearchAction\",\"target\":{\"@type\":\"EntryPoint\",\"urlTemplate\":\"https:\\\/\\\/www.policlinicogemelli.it\\\/en\\\/?s={search_term_string}\"},\"query-input\":{\"@type\":\"PropertyValueSpecification\",\"valueRequired\":true,\"valueName\":\"search_term_string\"}}],\"inLanguage\":\"en-US\"},{\"@type\":\"Organization\",\"@id\":\"https:\\\/\\\/www.policlinicogemelli.it\\\/en\\\/#organization\",\"name\":\"Policlinico Universitario Agostino Gemelli IRCCS\",\"url\":\"https:\\\/\\\/www.policlinicogemelli.it\\\/en\\\/\",\"logo\":{\"@type\":\"ImageObject\",\"inLanguage\":\"en-US\",\"@id\":\"https:\\\/\\\/www.policlinicogemelli.it\\\/en\\\/#\\\/schema\\\/logo\\\/image\\\/\",\"url\":\"https:\\\/\\\/www.policlinicogemelli.it\\\/wp-content\\\/uploads\\\/2019\\\/02\\\/logo-policlinico-gemelli-250-trasp-color-1.png\",\"contentUrl\":\"https:\\\/\\\/www.policlinicogemelli.it\\\/wp-content\\\/uploads\\\/2019\\\/02\\\/logo-policlinico-gemelli-250-trasp-color-1.png\",\"width\":250,\"height\":82,\"caption\":\"Policlinico Universitario Agostino Gemelli IRCCS\"},\"image\":{\"@id\":\"https:\\\/\\\/www.policlinicogemelli.it\\\/en\\\/#\\\/schema\\\/logo\\\/image\\\/\"}}]}<\/script>\n<!-- \/ Yoast SEO plugin. -->","yoast_head_json":{"title":"Attacco al cuore delle dipendenze, al Gemelli nasce il CePID - Policlinico Universitario A. Gemelli IRCCS","robots":{"index":"index","follow":"follow","max-snippet":"max-snippet:-1","max-image-preview":"max-image-preview:large","max-video-preview":"max-video-preview:-1"},"canonical":"https:\/\/www.policlinicogemelli.it\/en\/news-events\/attacco-al-cuore-delle-dipendenze-al-gemelli-nasce-il-cepid\/","og_locale":"en_US","og_type":"article","og_title":"Attacco al cuore delle dipendenze, al Gemelli nasce il CePID - Policlinico Universitario A. Gemelli IRCCS","og_description":"Inaugurato oggi un servizio a carattere multidisciplinare per combattere tutte le dipendenze, da quelle comportamentali a quelle da sostanze. L\u2019agenda del centro prevede: attivit\u00e0 clinica, di ricerca e prevenzione tramite eventi informativi per il pubblico, nelle scuole e in altri contesti. Un centro per trattare tutte le dipendenze, da quelle comportamentali a quelle da uso [&hellip;]","og_url":"https:\/\/www.policlinicogemelli.it\/en\/news-events\/attacco-al-cuore-delle-dipendenze-al-gemelli-nasce-il-cepid\/","og_site_name":"Policlinico Universitario Agostino Gemelli IRCCS","article_modified_time":"2023-02-16T16:32:31+00:00","og_image":[{"width":850,"height":495,"url":"https:\/\/www.policlinicogemelli.it\/wp-content\/uploads\/2023\/02\/CePID_1.jpeg","type":"image\/jpeg"}],"twitter_card":"summary_large_image","twitter_misc":{"Est. reading time":"7 minutes"},"schema":{"@context":"https:\/\/schema.org","@graph":[{"@type":"WebPage","@id":"https:\/\/www.policlinicogemelli.it\/en\/news-events\/attacco-al-cuore-delle-dipendenze-al-gemelli-nasce-il-cepid\/","url":"https:\/\/www.policlinicogemelli.it\/en\/news-events\/attacco-al-cuore-delle-dipendenze-al-gemelli-nasce-il-cepid\/","name":"Attacco al cuore delle dipendenze, al Gemelli nasce il CePID - Policlinico Universitario A. Gemelli IRCCS","isPartOf":{"@id":"https:\/\/www.policlinicogemelli.it\/en\/#website"},"primaryImageOfPage":{"@id":"https:\/\/www.policlinicogemelli.it\/en\/news-events\/attacco-al-cuore-delle-dipendenze-al-gemelli-nasce-il-cepid\/#primaryimage"},"image":{"@id":"https:\/\/www.policlinicogemelli.it\/en\/news-events\/attacco-al-cuore-delle-dipendenze-al-gemelli-nasce-il-cepid\/#primaryimage"},"thumbnailUrl":"https:\/\/www.policlinicogemelli.it\/wp-content\/uploads\/2023\/02\/CePID_1.jpeg","datePublished":"2023-02-16T15:09:32+00:00","dateModified":"2023-02-16T16:32:31+00:00","breadcrumb":{"@id":"https:\/\/www.policlinicogemelli.it\/en\/news-events\/attacco-al-cuore-delle-dipendenze-al-gemelli-nasce-il-cepid\/#breadcrumb"},"inLanguage":"en-US","potentialAction":[{"@type":"ReadAction","target":["https:\/\/www.policlinicogemelli.it\/en\/news-events\/attacco-al-cuore-delle-dipendenze-al-gemelli-nasce-il-cepid\/"]}]},{"@type":"ImageObject","inLanguage":"en-US","@id":"https:\/\/www.policlinicogemelli.it\/en\/news-events\/attacco-al-cuore-delle-dipendenze-al-gemelli-nasce-il-cepid\/#primaryimage","url":"https:\/\/www.policlinicogemelli.it\/wp-content\/uploads\/2023\/02\/CePID_1.jpeg","contentUrl":"https:\/\/www.policlinicogemelli.it\/wp-content\/uploads\/2023\/02\/CePID_1.jpeg","width":850,"height":495},{"@type":"BreadcrumbList","@id":"https:\/\/www.policlinicogemelli.it\/en\/news-events\/attacco-al-cuore-delle-dipendenze-al-gemelli-nasce-il-cepid\/#breadcrumb","itemListElement":[{"@type":"ListItem","position":1,"name":"Home","item":"https:\/\/www.policlinicogemelli.it\/en\/"},{"@type":"ListItem","position":2,"name":"News and Events","item":"https:\/\/www.policlinicogemelli.it\/en\/news-events\/"},{"@type":"ListItem","position":3,"name":"Attacco al cuore delle dipendenze, al Gemelli nasce il CePID"}]},{"@type":"WebSite","@id":"https:\/\/www.policlinicogemelli.it\/en\/#website","url":"https:\/\/www.policlinicogemelli.it\/en\/","name":"Policlinico Universitario Agostino Gemelli IRCCS","description":"Policlinico Universitario Agostino Gemelli IRCCS","publisher":{"@id":"https:\/\/www.policlinicogemelli.it\/en\/#organization"},"potentialAction":[{"@type":"SearchAction","target":{"@type":"EntryPoint","urlTemplate":"https:\/\/www.policlinicogemelli.it\/en\/?s={search_term_string}"},"query-input":{"@type":"PropertyValueSpecification","valueRequired":true,"valueName":"search_term_string"}}],"inLanguage":"en-US"},{"@type":"Organization","@id":"https:\/\/www.policlinicogemelli.it\/en\/#organization","name":"Policlinico Universitario Agostino Gemelli IRCCS","url":"https:\/\/www.policlinicogemelli.it\/en\/","logo":{"@type":"ImageObject","inLanguage":"en-US","@id":"https:\/\/www.policlinicogemelli.it\/en\/#\/schema\/logo\/image\/","url":"https:\/\/www.policlinicogemelli.it\/wp-content\/uploads\/2019\/02\/logo-policlinico-gemelli-250-trasp-color-1.png","contentUrl":"https:\/\/www.policlinicogemelli.it\/wp-content\/uploads\/2019\/02\/logo-policlinico-gemelli-250-trasp-color-1.png","width":250,"height":82,"caption":"Policlinico Universitario Agostino Gemelli IRCCS"},"image":{"@id":"https:\/\/www.policlinicogemelli.it\/en\/#\/schema\/logo\/image\/"}}]}},"rest_api_enabler":[],"_links":{"self":[{"href":"https:\/\/www.policlinicogemelli.it\/en\/wp-json\/wp\/v2\/news\/52041","targetHints":{"allow":["GET"]}}],"collection":[{"href":"https:\/\/www.policlinicogemelli.it\/en\/wp-json\/wp\/v2\/news"}],"about":[{"href":"https:\/\/www.policlinicogemelli.it\/en\/wp-json\/wp\/v2\/types\/kf_gem_news"}],"version-history":[{"count":0,"href":"https:\/\/www.policlinicogemelli.it\/en\/wp-json\/wp\/v2\/news\/52041\/revisions"}],"wp:featuredmedia":[{"embeddable":true,"href":"https:\/\/www.policlinicogemelli.it\/en\/wp-json\/wp\/v2\/media\/52052"}],"wp:attachment":[{"href":"https:\/\/www.policlinicogemelli.it\/en\/wp-json\/wp\/v2\/media?parent=52041"}],"wp:term":[{"taxonomy":"kf_gem_newscat","embeddable":true,"href":"https:\/\/www.policlinicogemelli.it\/en\/wp-json\/wp\/v2\/categorie?post=52041"}],"curies":[{"name":"wp","href":"https:\/\/api.w.org\/{rel}","templated":true}]}}