{"id":51537,"date":"2023-02-03T08:36:23","date_gmt":"2023-02-03T08:36:23","guid":{"rendered":"https:\/\/www.policlinicogemelli.it\/?post_type=kf_gem_news&#038;p=51537"},"modified":"2025-03-31T14:11:40","modified_gmt":"2025-03-31T13:11:40","slug":"giornata-mondiale-contro-il-cancro-limpegno-del-gemelli-per-colmare-il-divario-delle-cure","status":"publish","type":"kf_gem_news","link":"https:\/\/www.policlinicogemelli.it\/en\/news-events\/giornata-mondiale-contro-il-cancro-limpegno-del-gemelli-per-colmare-il-divario-delle-cure\/","title":{"rendered":"Giornata mondiale contro il Cancro: l\u2019impegno del Gemelli per colmare il divario delle cure"},"content":{"rendered":"\n<p><strong>Intervista al professor Giampaolo Tortora, direttore del <em>Comprehensive Cancer Center<\/em> del Gemelli: l\u2019offerta di cura, i nuovi strumenti di diagnosi, le promesse della ricerca<\/strong><\/p>\n\n\n\n<p><\/p>\n\n\n\n<p><strong>Gemelli: l\u2019offerta di cura, i nuovi strumenti di diagnosi, le promesse della ricerca<\/strong><\/p>\n\n\n\n<p>\u201cE adesso cosa faccio?\u201d \u00e8 la domanda angosciante che molti si fanno davanti ad una diagnosi di tumore. Si cercano risposte su Google, ma spesso non \u00e8 facile individuare le persone giuste alle quali rivolgersi e i tempi d\u2019attesa per una visita o per il trattamento possono essere lunghi. Anche i messaggi di prevenzione stentano a farsi largo tra la gente, con il risultato che troppo spesso anche gli <em>screening<\/em> offerti dal Servizio Sanitario Nazionale (SSN) (per tumore del colon, della mammella e della cervice uterina) vanno deserti. \u00c8 dalla constatazione di queste problematiche, trasversali a tanti Paesi, che nasce lo slogan della Giornata mondiale contro il Cancro, scelto per il triennio 2022-2024: \u201cClose the care gap\u201d, un claim che \u00e8 soprattutto un\u2019esortazione a superare tutti questi problemi, che esprimono un grave e drammatico disagio e sono frutto di informazioni e di offerte di cura insufficienti, invitando ad affrontarli e a risolverli. Ed \u00e8 necessario dunque che ognuno faccia la sua parte per migliorare l\u2019offerta di diagnosi precoce e di cure tempestive per il cancro. In vista della Giornata Mondiale contro il Cancro, che si celebra il 4 febbraio 2023, &nbsp;abbiamo chiesto al professor <strong>Giampaolo Tortora<\/strong>, direttore del <em>Comprehensive Cancer Center <\/em>di Fondazione Policlinico Universitario Agostino Gemelli e Ordinario di Oncologia Medica all\u2019Universit\u00e0 Cattolica del Sacro Cuore, di parlarci dell\u2019offerta del Gemelli e di come ci si sta muovendo nella direzione di \u2018colmare\u2019 questo divario nell\u2019offerta di assistenza ai pazienti.<\/p>\n\n\n\n<p><strong>Quali sono gli strumenti fondamentali per affrontare il trattamento del tumore oggi?<\/strong><\/p>\n\n\n\n<p>\u00c8 molto importante che il paziente venga preso in carico da un <strong>gruppo multidisciplinare<\/strong>, che sia in grado di offrirgli la cura pi\u00f9 adatta per lui, in un\u2019ottica di medicina di precisione; e altrettanto importante \u00e8 che il paziente trovi un <strong>percorso clinico-assistenziale<\/strong> ben strutturato. Perch\u00e9 in assenza di questo, al di l\u00e0 dell\u2019autorevole parere scientifico del gruppo multidisciplinare, questo potrebbe non concretizzarsi tempestivamente nei diversi segmenti che concorrono alla cura del paziente. Al Gemelli abbiamo dedicato tempo ed energie a tutti i livelli, scientifici ed organizzativi, per offrire una vera presa in carico dei pazienti oncologici. Quindi <strong>ricerca, scienza e organizzazione<\/strong> \u00e8 la ricetta e l\u2019offerta dell\u2019oncologia del Gemelli per il terzo millennio.<\/p>\n\n\n\n<p><strong>Quali avanzamenti diagnostici ci sono stati negli ultimi anni?<\/strong><\/p>\n\n\n\n<p>In questo contesto cos\u00ec importante di scienza e organizzazione si \u00e8 inserito pi\u00f9 di recente anche il <em>Molecular Tumor Board<\/em> (MTB) che traduce in un\u2019offerta terapeutica potenziale tutte le conoscenze molecolari pi\u00f9 sofisticate e avanzate che oggi possiamo acquisite attraverso le tecnologie di avanguardia delle quali disponiamo, come la <strong>Profilazione Genomica Oncologica FPG500<\/strong>, che qui al Gemelli effettuiamo su tessuto tumorale, analizzando circa 500 geni.<\/p>\n\n\n\n<p><strong>E quali sono dunque le ricadute terapeutiche della nuova diagnostica?<\/strong><\/p>\n\n\n\n<p>Per alcune alterazioni genomiche molecolari, ormai entrate nella routine diagnostica, offriamo trattamenti con farmaci a bersaglio molecolare gi\u00e0 approvati. Ma accanto a queste, ci sono altre alterazioni che emergono da queste analisi genomiche di ultima generazione, per le quali non \u00e8 stato ancora registrata una terapia; ma noi, attraverso sperimentazioni cliniche interne o nel contesto di una rete che stiamo costruendo con altri grandi centri, possiamo indirizzare questi pazienti verso gli studi sperimentali in corso, relativi alla loro specifica alterazione genomica.<\/p>\n\n\n\n<p><strong>Un campo che \u00e8 allo spartiacque tra la ricerca e l\u2019offerta di cura. Qual \u00e8 l\u2019offerta del Gemelli a questo proposito?<\/strong><\/p>\n\n\n\n<p>Abbiamo decine di studi clinici in corso nel nostro <em>Cancer Center<\/em>, anche grazie anche alla presenza di una struttura dedicata agli <strong>studi di fase 1<\/strong> che ci abilita a fare queste sperimentazioni. E anche questo ci caratterizza come importante centro di ricerca.<\/p>\n\n\n\n<p><strong>E rispetto all\u2019offerta assistenziale, come si colloca il Gemelli nel panorama italiano?<\/strong><\/p>\n\n\n\n<p>Siamo ai vertici e tra i primissimi centri in Italia anche sul versante di assistenza, con i <strong>circa 50 mila pazienti<\/strong> assistiti ogni anno dal nostro <em>Comprehensive Cancer Center<\/em>. Ci collochiamo ai primi posti in Italia per il trattamento dei i tumori ginecologici e dell\u2019apparato digerente, ma anche per quelli di mammella e polmone. Facciamo inoltre parte della rete per i tumori rari. Qui al Gemelli siamo in grado di offrire ai pazienti davvero tutte le terapie al momento disponibili, da quelle \u2018classiche\u2019, alle pi\u00f9 innovative, quali i farmaci a bersaglio molecolare e l\u2019immunoterapia, a quelle ancora sperimentali.<\/p>\n\n\n\n<p><strong>Qual \u00e8 la <em>vision<\/em> del Gemelli rispetto all\u2019oncologia dei prossimi anni?<\/strong><\/p>\n\n\n\n<p>\u00c8 quella di presidiare sempre pi\u00f9 tutti gli ambiti della diagnostica e della terapia, seguendo la traiettoria delle ricerche pi\u00f9 avanzate in termini di diagnosi e terapia di precisione. In ambito diagnostico questo si concretizza dall\u2019estremamente piccolo delle diagnosi molecolari <em>Next Generation Sequencing<\/em> (NGS), al macroscopico tendente all\u2019infinito dei <em>big data<\/em>, da interpretare con gli strumenti dell\u2019intelligenza artificiale. La nostra <em>vision<\/em>, che \u00e8 poi anche il nostro sogno, \u00e8 di mettere sempre pi\u00f9 in comunicazione tutte le competenze, di farle dialogare tra loro, per rafforzare il gioco di squadra all\u2019interno della nostra istituzione. Un\u2019interdisciplinariet\u00e0 quella che investe l\u2019oncologia, che diventa sempre pi\u00f9 estesa e si allarga a figure inedite come quelle impegnate nelle nuove scienze, dalla radiomica, all\u2019IA, passando per tutte le scienze \u2018omiche\u2019. E questo ha un valore non solo nella presa in carico del paziente, ma anche nella formazione di nuovi medici. Le simulazioni in realt\u00e0 virtuale e aumentata servono anche a offrire una formazione innovativa.<\/p>\n\n\n\n<p><strong>Tornando all\u2019offerta terapeutica per i pazienti, quali sono gli attuali trend nella ricerca farmacologica in oncologia?<\/strong><\/p>\n\n\n\n<p>Stiamo assistendo ad un aumento del numero dei bersagli tumorali che possiamo colpire con farmaci specifici (i cosiddetti bersagli <em>druggable<\/em>). Dopo una fase di rallentamento nell\u2019offerta di nuove molecole, caratterizzato da tanti \u2018<em>me too\u2019<\/em>, dall\u2019analisi genomica e proteomica stanno finalmente emergendo nuovi farmaci altamente innovativi. Anche nel campo dell\u2019immunoterapia si intravvedono grandi novit\u00e0 che viaggiano su direttrici nuove; dunque non pi\u00f9 solo <em>check point inhibitors<\/em> (che mantengono la loro grande validit\u00e0), ma anche nuovi farmaci e anticorpi che lavorano simultaneamente su pi\u00f9 fronti; si tratta di agenti \u2018multifunzionali\u2019 in grado di bloccare le molecole che interferiscono con la risposta immunitaria, di potenziarla e di lavorare anche insieme a vaccini. Insomma in futuro le diverse aree dell\u2019immunoterapia verranno fatte convergere insieme, integrandole tra loro. All\u2019orizzonte c\u2019\u00e8 anche tutta una nuova generazione di radiofarmaci a target, guidati dai nuovi bersagli molecolari, molti dei quali saranno sperimentati anche qui al Gemelli. La classica area della <em>companion diagnostics<\/em>, cio\u00e8 lo sviluppo parallelo della diagnostica che individua i bersagli e della terapia che li colpisce, verr\u00e0 reinterpretata con strumenti terapeutici che attingono alle modalit\u00e0 pi\u00f9 varie, chimiche, radioattive, immunologiche.&nbsp;&nbsp;&nbsp;<\/p>\n\n\n\n<p><strong>World Cancer Day<\/strong> \u00e8 un\u2019iniziativa di <em>Union for International Cancer Control<\/em> (UICC), nata nel 2000, che si tiene ogni anno il <strong>4 febbraio<\/strong> con l\u2019obiettivo di fare <em>awareness<\/em>, migliorare le conoscenze, chiedere azioni concrete ai Governi dei vari Paesi e di lavorare tutti insieme per far s\u00ec che il cancro sia sempre pi\u00f9 prevenibile e curabile. Un invito dunque a fronteggiare tutti uniti una delle pi\u00f9 grandi sfide della storia, il cancro. E lo slogan del triennio 2022-2024, \u2018<strong><em>Close the care gap<\/em>\u2019<\/strong>, \u00e8 l\u2019auspicio che il progresso delle cure arrivi proprio a tutti quelli che ne hanno bisogno, per realizzare il sogno di un mondo libero dal cancro.<\/p>\n\n\n\n<p><strong><em>Maria Rita Montebelli<\/em><\/strong><\/p>\n\n\n<style>.wp-block-kadence-spacer.kt-block-spacer-_6cfc25-6e .kt-block-spacer{height:60px;}.wp-block-kadence-spacer.kt-block-spacer-_6cfc25-6e .kt-divider{border-top-width:1px;height:1px;border-top-color:#eee;width:80%;border-top-style:solid;}<\/style>\n<div class=\"wp-block-kadence-spacer aligncenter kt-block-spacer-_6cfc25-6e\"><div class=\"kt-block-spacer kt-block-spacer-halign-center\"><hr class=\"kt-divider\"\/><\/div><\/div>\n\n\n\n<figure class=\"wp-block-video\"><video height=\"270\" style=\"aspect-ratio: 480 \/ 270;\" width=\"480\" controls poster=\"https:\/\/www.policlinicogemelli.it\/wp-content\/uploads\/2023\/02\/thumbnail_intervistaTortora.png\" src=\"https:\/\/www.policlinicogemelli.it\/wp-content\/uploads\/2023\/02\/intervistaTortora.mp4\"><\/video><\/figure>\n","protected":false},"excerpt":{"rendered":"<p>Intervista al professor Giampaolo Tortora, direttore del Comprehensive Cancer Center del Gemelli: l\u2019offerta di cura, i nuovi strumenti di diagnosi, le promesse della ricerca Gemelli: l\u2019offerta di cura, i nuovi strumenti di diagnosi, le promesse della ricerca \u201cE adesso cosa faccio?\u201d \u00e8 la domanda angosciante che molti si fanno davanti ad una diagnosi di tumore. [&hellip;]<\/p>\n","protected":false},"featured_media":36554,"template":"","categorie":[92],"class_list":{"0":"post-51537","1":"kf_gem_news","2":"type-kf_gem_news","3":"status-publish","4":"has-post-thumbnail","6":"kf_gem_newscat-assistance","7":"entry"},"acf":[],"yoast_head":"<!-- This site is optimized with the Yoast SEO plugin v27.5 - https:\/\/yoast.com\/product\/yoast-seo-wordpress\/ -->\n<title>Giornata mondiale contro il Cancro: l\u2019impegno del Gemelli per colmare il divario delle cure - Policlinico Universitario A. Gemelli IRCCS<\/title>\n<meta name=\"robots\" content=\"index, follow, max-snippet:-1, max-image-preview:large, max-video-preview:-1\" \/>\n<link rel=\"canonical\" href=\"https:\/\/www.policlinicogemelli.it\/en\/news-events\/giornata-mondiale-contro-il-cancro-limpegno-del-gemelli-per-colmare-il-divario-delle-cure\/\" \/>\n<meta property=\"og:locale\" content=\"en_US\" \/>\n<meta property=\"og:type\" content=\"article\" \/>\n<meta property=\"og:title\" content=\"Giornata mondiale contro il Cancro: l\u2019impegno del Gemelli per colmare il divario delle cure - Policlinico Universitario A. Gemelli IRCCS\" \/>\n<meta property=\"og:description\" content=\"Intervista al professor Giampaolo Tortora, direttore del Comprehensive Cancer Center del Gemelli: l\u2019offerta di cura, i nuovi strumenti di diagnosi, le promesse della ricerca Gemelli: l\u2019offerta di cura, i nuovi strumenti di diagnosi, le promesse della ricerca \u201cE adesso cosa faccio?\u201d \u00e8 la domanda angosciante che molti si fanno davanti ad una diagnosi di tumore. [&hellip;]\" \/>\n<meta property=\"og:url\" content=\"https:\/\/www.policlinicogemelli.it\/en\/news-events\/giornata-mondiale-contro-il-cancro-limpegno-del-gemelli-per-colmare-il-divario-delle-cure\/\" \/>\n<meta property=\"og:site_name\" content=\"Policlinico Universitario Agostino Gemelli IRCCS\" \/>\n<meta property=\"article:modified_time\" content=\"2025-03-31T13:11:40+00:00\" \/>\n<meta property=\"og:image\" content=\"https:\/\/www.policlinicogemelli.it\/wp-content\/uploads\/2021\/05\/SITO-TORTORA.jpg\" \/>\n\t<meta property=\"og:image:width\" content=\"850\" \/>\n\t<meta property=\"og:image:height\" content=\"566\" \/>\n\t<meta property=\"og:image:type\" content=\"image\/jpeg\" \/>\n<meta name=\"twitter:card\" content=\"summary_large_image\" \/>\n<meta name=\"twitter:label1\" content=\"Est. reading time\" \/>\n\t<meta name=\"twitter:data1\" content=\"6 minutes\" \/>\n<script type=\"application\/ld+json\" class=\"yoast-schema-graph\">{\"@context\":\"https:\\\/\\\/schema.org\",\"@graph\":[{\"@type\":\"WebPage\",\"@id\":\"https:\\\/\\\/www.policlinicogemelli.it\\\/en\\\/news-events\\\/giornata-mondiale-contro-il-cancro-limpegno-del-gemelli-per-colmare-il-divario-delle-cure\\\/\",\"url\":\"https:\\\/\\\/www.policlinicogemelli.it\\\/en\\\/news-events\\\/giornata-mondiale-contro-il-cancro-limpegno-del-gemelli-per-colmare-il-divario-delle-cure\\\/\",\"name\":\"Giornata mondiale contro il Cancro: l\u2019impegno del Gemelli per colmare il divario delle cure - Policlinico Universitario A. Gemelli IRCCS\",\"isPartOf\":{\"@id\":\"https:\\\/\\\/www.policlinicogemelli.it\\\/en\\\/#website\"},\"primaryImageOfPage\":{\"@id\":\"https:\\\/\\\/www.policlinicogemelli.it\\\/en\\\/news-events\\\/giornata-mondiale-contro-il-cancro-limpegno-del-gemelli-per-colmare-il-divario-delle-cure\\\/#primaryimage\"},\"image\":{\"@id\":\"https:\\\/\\\/www.policlinicogemelli.it\\\/en\\\/news-events\\\/giornata-mondiale-contro-il-cancro-limpegno-del-gemelli-per-colmare-il-divario-delle-cure\\\/#primaryimage\"},\"thumbnailUrl\":\"https:\\\/\\\/www.policlinicogemelli.it\\\/wp-content\\\/uploads\\\/2021\\\/05\\\/SITO-TORTORA.jpg\",\"datePublished\":\"2023-02-03T08:36:23+00:00\",\"dateModified\":\"2025-03-31T13:11:40+00:00\",\"breadcrumb\":{\"@id\":\"https:\\\/\\\/www.policlinicogemelli.it\\\/en\\\/news-events\\\/giornata-mondiale-contro-il-cancro-limpegno-del-gemelli-per-colmare-il-divario-delle-cure\\\/#breadcrumb\"},\"inLanguage\":\"en-US\",\"potentialAction\":[{\"@type\":\"ReadAction\",\"target\":[\"https:\\\/\\\/www.policlinicogemelli.it\\\/en\\\/news-events\\\/giornata-mondiale-contro-il-cancro-limpegno-del-gemelli-per-colmare-il-divario-delle-cure\\\/\"]}]},{\"@type\":\"ImageObject\",\"inLanguage\":\"en-US\",\"@id\":\"https:\\\/\\\/www.policlinicogemelli.it\\\/en\\\/news-events\\\/giornata-mondiale-contro-il-cancro-limpegno-del-gemelli-per-colmare-il-divario-delle-cure\\\/#primaryimage\",\"url\":\"https:\\\/\\\/www.policlinicogemelli.it\\\/wp-content\\\/uploads\\\/2021\\\/05\\\/SITO-TORTORA.jpg\",\"contentUrl\":\"https:\\\/\\\/www.policlinicogemelli.it\\\/wp-content\\\/uploads\\\/2021\\\/05\\\/SITO-TORTORA.jpg\",\"width\":850,\"height\":566},{\"@type\":\"BreadcrumbList\",\"@id\":\"https:\\\/\\\/www.policlinicogemelli.it\\\/en\\\/news-events\\\/giornata-mondiale-contro-il-cancro-limpegno-del-gemelli-per-colmare-il-divario-delle-cure\\\/#breadcrumb\",\"itemListElement\":[{\"@type\":\"ListItem\",\"position\":1,\"name\":\"Home\",\"item\":\"https:\\\/\\\/www.policlinicogemelli.it\\\/en\\\/\"},{\"@type\":\"ListItem\",\"position\":2,\"name\":\"News and Events\",\"item\":\"https:\\\/\\\/www.policlinicogemelli.it\\\/en\\\/news-events\\\/\"},{\"@type\":\"ListItem\",\"position\":3,\"name\":\"Giornata mondiale contro il Cancro: l\u2019impegno del Gemelli per colmare il divario delle cure\"}]},{\"@type\":\"WebSite\",\"@id\":\"https:\\\/\\\/www.policlinicogemelli.it\\\/en\\\/#website\",\"url\":\"https:\\\/\\\/www.policlinicogemelli.it\\\/en\\\/\",\"name\":\"Policlinico Universitario Agostino Gemelli IRCCS\",\"description\":\"Policlinico Universitario Agostino Gemelli IRCCS\",\"publisher\":{\"@id\":\"https:\\\/\\\/www.policlinicogemelli.it\\\/en\\\/#organization\"},\"potentialAction\":[{\"@type\":\"SearchAction\",\"target\":{\"@type\":\"EntryPoint\",\"urlTemplate\":\"https:\\\/\\\/www.policlinicogemelli.it\\\/en\\\/?s={search_term_string}\"},\"query-input\":{\"@type\":\"PropertyValueSpecification\",\"valueRequired\":true,\"valueName\":\"search_term_string\"}}],\"inLanguage\":\"en-US\"},{\"@type\":\"Organization\",\"@id\":\"https:\\\/\\\/www.policlinicogemelli.it\\\/en\\\/#organization\",\"name\":\"Policlinico Universitario Agostino Gemelli IRCCS\",\"url\":\"https:\\\/\\\/www.policlinicogemelli.it\\\/en\\\/\",\"logo\":{\"@type\":\"ImageObject\",\"inLanguage\":\"en-US\",\"@id\":\"https:\\\/\\\/www.policlinicogemelli.it\\\/en\\\/#\\\/schema\\\/logo\\\/image\\\/\",\"url\":\"https:\\\/\\\/www.policlinicogemelli.it\\\/wp-content\\\/uploads\\\/2019\\\/02\\\/logo-policlinico-gemelli-250-trasp-color-1.png\",\"contentUrl\":\"https:\\\/\\\/www.policlinicogemelli.it\\\/wp-content\\\/uploads\\\/2019\\\/02\\\/logo-policlinico-gemelli-250-trasp-color-1.png\",\"width\":250,\"height\":82,\"caption\":\"Policlinico Universitario Agostino Gemelli IRCCS\"},\"image\":{\"@id\":\"https:\\\/\\\/www.policlinicogemelli.it\\\/en\\\/#\\\/schema\\\/logo\\\/image\\\/\"}}]}<\/script>\n<!-- \/ Yoast SEO plugin. -->","yoast_head_json":{"title":"Giornata mondiale contro il Cancro: l\u2019impegno del Gemelli per colmare il divario delle cure - Policlinico Universitario A. Gemelli IRCCS","robots":{"index":"index","follow":"follow","max-snippet":"max-snippet:-1","max-image-preview":"max-image-preview:large","max-video-preview":"max-video-preview:-1"},"canonical":"https:\/\/www.policlinicogemelli.it\/en\/news-events\/giornata-mondiale-contro-il-cancro-limpegno-del-gemelli-per-colmare-il-divario-delle-cure\/","og_locale":"en_US","og_type":"article","og_title":"Giornata mondiale contro il Cancro: l\u2019impegno del Gemelli per colmare il divario delle cure - Policlinico Universitario A. Gemelli IRCCS","og_description":"Intervista al professor Giampaolo Tortora, direttore del Comprehensive Cancer Center del Gemelli: l\u2019offerta di cura, i nuovi strumenti di diagnosi, le promesse della ricerca Gemelli: l\u2019offerta di cura, i nuovi strumenti di diagnosi, le promesse della ricerca \u201cE adesso cosa faccio?\u201d \u00e8 la domanda angosciante che molti si fanno davanti ad una diagnosi di tumore. [&hellip;]","og_url":"https:\/\/www.policlinicogemelli.it\/en\/news-events\/giornata-mondiale-contro-il-cancro-limpegno-del-gemelli-per-colmare-il-divario-delle-cure\/","og_site_name":"Policlinico Universitario Agostino Gemelli IRCCS","article_modified_time":"2025-03-31T13:11:40+00:00","og_image":[{"width":850,"height":566,"url":"https:\/\/www.policlinicogemelli.it\/wp-content\/uploads\/2021\/05\/SITO-TORTORA.jpg","type":"image\/jpeg"}],"twitter_card":"summary_large_image","twitter_misc":{"Est. reading time":"6 minutes"},"schema":{"@context":"https:\/\/schema.org","@graph":[{"@type":"WebPage","@id":"https:\/\/www.policlinicogemelli.it\/en\/news-events\/giornata-mondiale-contro-il-cancro-limpegno-del-gemelli-per-colmare-il-divario-delle-cure\/","url":"https:\/\/www.policlinicogemelli.it\/en\/news-events\/giornata-mondiale-contro-il-cancro-limpegno-del-gemelli-per-colmare-il-divario-delle-cure\/","name":"Giornata mondiale contro il Cancro: l\u2019impegno del Gemelli per colmare il divario delle cure - Policlinico Universitario A. Gemelli IRCCS","isPartOf":{"@id":"https:\/\/www.policlinicogemelli.it\/en\/#website"},"primaryImageOfPage":{"@id":"https:\/\/www.policlinicogemelli.it\/en\/news-events\/giornata-mondiale-contro-il-cancro-limpegno-del-gemelli-per-colmare-il-divario-delle-cure\/#primaryimage"},"image":{"@id":"https:\/\/www.policlinicogemelli.it\/en\/news-events\/giornata-mondiale-contro-il-cancro-limpegno-del-gemelli-per-colmare-il-divario-delle-cure\/#primaryimage"},"thumbnailUrl":"https:\/\/www.policlinicogemelli.it\/wp-content\/uploads\/2021\/05\/SITO-TORTORA.jpg","datePublished":"2023-02-03T08:36:23+00:00","dateModified":"2025-03-31T13:11:40+00:00","breadcrumb":{"@id":"https:\/\/www.policlinicogemelli.it\/en\/news-events\/giornata-mondiale-contro-il-cancro-limpegno-del-gemelli-per-colmare-il-divario-delle-cure\/#breadcrumb"},"inLanguage":"en-US","potentialAction":[{"@type":"ReadAction","target":["https:\/\/www.policlinicogemelli.it\/en\/news-events\/giornata-mondiale-contro-il-cancro-limpegno-del-gemelli-per-colmare-il-divario-delle-cure\/"]}]},{"@type":"ImageObject","inLanguage":"en-US","@id":"https:\/\/www.policlinicogemelli.it\/en\/news-events\/giornata-mondiale-contro-il-cancro-limpegno-del-gemelli-per-colmare-il-divario-delle-cure\/#primaryimage","url":"https:\/\/www.policlinicogemelli.it\/wp-content\/uploads\/2021\/05\/SITO-TORTORA.jpg","contentUrl":"https:\/\/www.policlinicogemelli.it\/wp-content\/uploads\/2021\/05\/SITO-TORTORA.jpg","width":850,"height":566},{"@type":"BreadcrumbList","@id":"https:\/\/www.policlinicogemelli.it\/en\/news-events\/giornata-mondiale-contro-il-cancro-limpegno-del-gemelli-per-colmare-il-divario-delle-cure\/#breadcrumb","itemListElement":[{"@type":"ListItem","position":1,"name":"Home","item":"https:\/\/www.policlinicogemelli.it\/en\/"},{"@type":"ListItem","position":2,"name":"News and Events","item":"https:\/\/www.policlinicogemelli.it\/en\/news-events\/"},{"@type":"ListItem","position":3,"name":"Giornata mondiale contro il Cancro: l\u2019impegno del Gemelli per colmare il divario delle cure"}]},{"@type":"WebSite","@id":"https:\/\/www.policlinicogemelli.it\/en\/#website","url":"https:\/\/www.policlinicogemelli.it\/en\/","name":"Policlinico Universitario Agostino Gemelli IRCCS","description":"Policlinico Universitario Agostino Gemelli IRCCS","publisher":{"@id":"https:\/\/www.policlinicogemelli.it\/en\/#organization"},"potentialAction":[{"@type":"SearchAction","target":{"@type":"EntryPoint","urlTemplate":"https:\/\/www.policlinicogemelli.it\/en\/?s={search_term_string}"},"query-input":{"@type":"PropertyValueSpecification","valueRequired":true,"valueName":"search_term_string"}}],"inLanguage":"en-US"},{"@type":"Organization","@id":"https:\/\/www.policlinicogemelli.it\/en\/#organization","name":"Policlinico Universitario Agostino Gemelli IRCCS","url":"https:\/\/www.policlinicogemelli.it\/en\/","logo":{"@type":"ImageObject","inLanguage":"en-US","@id":"https:\/\/www.policlinicogemelli.it\/en\/#\/schema\/logo\/image\/","url":"https:\/\/www.policlinicogemelli.it\/wp-content\/uploads\/2019\/02\/logo-policlinico-gemelli-250-trasp-color-1.png","contentUrl":"https:\/\/www.policlinicogemelli.it\/wp-content\/uploads\/2019\/02\/logo-policlinico-gemelli-250-trasp-color-1.png","width":250,"height":82,"caption":"Policlinico Universitario Agostino Gemelli IRCCS"},"image":{"@id":"https:\/\/www.policlinicogemelli.it\/en\/#\/schema\/logo\/image\/"}}]}},"rest_api_enabler":[],"_links":{"self":[{"href":"https:\/\/www.policlinicogemelli.it\/en\/wp-json\/wp\/v2\/news\/51537","targetHints":{"allow":["GET"]}}],"collection":[{"href":"https:\/\/www.policlinicogemelli.it\/en\/wp-json\/wp\/v2\/news"}],"about":[{"href":"https:\/\/www.policlinicogemelli.it\/en\/wp-json\/wp\/v2\/types\/kf_gem_news"}],"version-history":[{"count":0,"href":"https:\/\/www.policlinicogemelli.it\/en\/wp-json\/wp\/v2\/news\/51537\/revisions"}],"wp:featuredmedia":[{"embeddable":true,"href":"https:\/\/www.policlinicogemelli.it\/en\/wp-json\/wp\/v2\/media\/36554"}],"wp:attachment":[{"href":"https:\/\/www.policlinicogemelli.it\/en\/wp-json\/wp\/v2\/media?parent=51537"}],"wp:term":[{"taxonomy":"kf_gem_newscat","embeddable":true,"href":"https:\/\/www.policlinicogemelli.it\/en\/wp-json\/wp\/v2\/categorie?post=51537"}],"curies":[{"name":"wp","href":"https:\/\/api.w.org\/{rel}","templated":true}]}}