{"id":51275,"date":"2023-01-19T08:01:00","date_gmt":"2023-01-19T08:01:00","guid":{"rendered":"https:\/\/www.policlinicogemelli.it\/news-eventi\/giovane-infettivologa-del-gemelli-eleonora-taddei-premiata-dalla-societa-italiana-di-malattie-infettive-e-tropicali\/"},"modified":"2023-01-20T10:07:00","modified_gmt":"2023-01-20T10:07:00","slug":"giovane-infettivologa-del-gemelli-eleonora-taddei-premiata-dalla-societa-italiana-di-malattie-infettive-e-tropicali","status":"publish","type":"kf_gem_news","link":"https:\/\/www.policlinicogemelli.it\/en\/news-events\/giovane-infettivologa-del-gemelli-eleonora-taddei-premiata-dalla-societa-italiana-di-malattie-infettive-e-tropicali\/","title":{"rendered":"Giovane infettivologa del Gemelli Eleonora Taddei premiata dalla Societ\u00e0 Italiana di Malattie Infettive e Tropicali"},"content":{"rendered":"\n<p><strong>Eleonora Taddei<\/strong>, dirigente medico dell\u2019UOC di Malattie infettive del Policlinico Universitario A. Gemelli IRCCS, \u00e8 stata premiata dalla Societ\u00e0 Italiana di Malattie Infettive e Tropicali (SIMIT), in occasione del XXI Congresso nazionale tenutosi a Roma dal 20 al 23 novembre scorso, per lo studio scientifico intitolato &#8220;Epidemiologia, fattori di rischio e andamento temporale delle infezioni del torrente ematico acquisite in ospedale in una coorte di 14884 pazienti prima e durante la pandemia di COVID-19&#8221; . Lo studio ha ricevuto uno dei cinque premi assegnati dalla SIMIT a giovani ricercatori selezionati nelle sessioni di comunicazione orale.<\/p>\n\n\n\n<p>Il Gruppo di ricerca di cui fa parte la dottoressa Taddei, coordinato dalla dottoressa <strong>Rita Murri<\/strong>, responsabile dell\u2019Unit\u00e0 di Consulenza Infettivologica Integrata del Policlinico Gemelli, ricercatrice di Malattie infettive all\u2019Universit\u00e0 Cattolica, e dal dottor <strong>Massimo Fantoni<\/strong>, direttore UOC Emergenze Infettive e COVID-19 del Gemelli, ricercatore di Malattie infettive all\u2019Universit\u00e0 Cattolica, ha presentato al Congresso SIMIT numerosi lavori fra abstract e comunicazioni orali. Gli ambiti di interesse del Gruppo includono le infezioni batteriche, in particolare da germi multiresistenti, con focus sulla stewardship antimicrobica, oltre alla gestione dei pazienti affetti da COVID-19.<\/p>\n\n\n\n<figure class=\"wp-block-image size-full\"><img loading=\"lazy\" decoding=\"async\" width=\"1600\" height=\"1200\" src=\"https:\/\/www.policlinicogemelli.it\/wp-content\/uploads\/2023\/01\/taddei-simit-1.jpg\" alt=\"\" class=\"wp-image-51271\"\/><\/figure>\n\n\n\n<p>Lo studio premiato \u00e8 stato condotto presso la Fondazione Policlinico Universitario Agostino Gemelli IRCCS lo scorso anno, con il contributo di un team di microbiologi, intensivisti, epidemiologi e data scientist che hanno affiancato gli infettivologi. L&#8217;articolo scientifico relativo ai risultati \u00e8 in fase di sottomissione per la pubblicazione. Il premio \u00e8 un riconoscimento della qualit\u00e0 del lavoro prodotto, basato sulla disponibilit\u00e0 di un grande numero di dati accuratamente ottenuti con la collaborazione dei data scientists del Progetto Gemelli Generator.<\/p>\n\n\n\n<p>Eleonora Taddei, Specializzata in Malattie Infettive e Tropicali all\u2019Universit\u00e0 Cattolica nel dicembre 2021, ha lavorato presso il Columbus Covid Hospital da marzo 2020 e da maggio 2021 presso l&#8217;Unit\u00e0 di Consulenza Infettivologica del Gemelli. Durante il periodo della pandemia, la dottoressa Taddei ha curato una bibliografia quotidiana di articoli riguardanti COVID-19, sotto la guida del professor <strong>Roberto Cauda<\/strong>, direttore UOC Malattie infettive del Policlinico Gemelli e ordinario di Malattie infettive all\u2019Universit\u00e0 Cattolica, che \u00e8 diventata un punto di riferimento per un\u2019ampia rete italiana di specialisti e pubblicata tra l\u2019altro sul sito della SIMIT. Il successo di questa iniziativa \u00e8 stato tale che settimanalmente dal settembre 2021 il report Universit\u00e0 Cattolica-La Stampa come selezione commentata di articoli su Covid-19 esce a firma del professor Cauda su La Stampa web.<\/p>\n\n\n\n<p><strong><em>Emiliana Stefanori<\/em><\/strong><\/p>\n\n\n\n<figure class=\"wp-block-image size-full\"><img loading=\"lazy\" decoding=\"async\" width=\"1790\" height=\"2048\" src=\"https:\/\/www.policlinicogemelli.it\/wp-content\/uploads\/2023\/01\/taddei-simit-3.jpg\" alt=\"\" class=\"wp-image-51273\"\/><\/figure>\n","protected":false},"excerpt":{"rendered":"<p>Eleonora Taddei, dirigente medico dell\u2019UOC di Malattie infettive del Policlinico Universitario A. Gemelli IRCCS, \u00e8 stata premiata dalla Societ\u00e0 Italiana di Malattie Infettive e Tropicali (SIMIT), in occasione del XXI Congresso nazionale tenutosi a Roma dal 20 al 23 novembre scorso, per lo studio scientifico intitolato &#8220;Epidemiologia, fattori di rischio e andamento temporale delle infezioni [&hellip;]<\/p>\n","protected":false},"featured_media":51269,"template":"","categorie":[95],"class_list":{"0":"post-51275","1":"kf_gem_news","2":"type-kf_gem_news","3":"status-publish","4":"has-post-thumbnail","6":"kf_gem_newscat-research","7":"entry"},"acf":[],"yoast_head":"<!-- This site is optimized with the Yoast SEO plugin v27.5 - https:\/\/yoast.com\/product\/yoast-seo-wordpress\/ -->\n<title>Giovane infettivologa del Gemelli Eleonora Taddei premiata dalla Societ\u00e0 Italiana di Malattie Infettive e Tropicali - Policlinico Universitario A. Gemelli IRCCS<\/title>\n<meta name=\"robots\" content=\"index, follow, max-snippet:-1, max-image-preview:large, max-video-preview:-1\" \/>\n<link rel=\"canonical\" href=\"https:\/\/www.policlinicogemelli.it\/en\/news-events\/giovane-infettivologa-del-gemelli-eleonora-taddei-premiata-dalla-societa-italiana-di-malattie-infettive-e-tropicali\/\" \/>\n<meta property=\"og:locale\" content=\"en_US\" \/>\n<meta property=\"og:type\" content=\"article\" \/>\n<meta property=\"og:title\" content=\"Giovane infettivologa del Gemelli Eleonora Taddei premiata dalla Societ\u00e0 Italiana di Malattie Infettive e Tropicali - Policlinico Universitario A. Gemelli IRCCS\" \/>\n<meta property=\"og:description\" content=\"Eleonora Taddei, dirigente medico dell\u2019UOC di Malattie infettive del Policlinico Universitario A. Gemelli IRCCS, \u00e8 stata premiata dalla Societ\u00e0 Italiana di Malattie Infettive e Tropicali (SIMIT), in occasione del XXI Congresso nazionale tenutosi a Roma dal 20 al 23 novembre scorso, per lo studio scientifico intitolato &#8220;Epidemiologia, fattori di rischio e andamento temporale delle infezioni [&hellip;]\" \/>\n<meta property=\"og:url\" content=\"https:\/\/www.policlinicogemelli.it\/en\/news-events\/giovane-infettivologa-del-gemelli-eleonora-taddei-premiata-dalla-societa-italiana-di-malattie-infettive-e-tropicali\/\" \/>\n<meta property=\"og:site_name\" content=\"Policlinico Universitario Agostino Gemelli IRCCS\" \/>\n<meta property=\"article:modified_time\" content=\"2023-01-20T10:07:00+00:00\" \/>\n<meta property=\"og:image\" content=\"https:\/\/www.policlinicogemelli.it\/wp-content\/uploads\/2023\/01\/taddei-simit-2.jpg\" \/>\n\t<meta property=\"og:image:width\" content=\"1600\" \/>\n\t<meta property=\"og:image:height\" content=\"1200\" \/>\n\t<meta property=\"og:image:type\" content=\"image\/jpeg\" \/>\n<meta name=\"twitter:card\" content=\"summary_large_image\" \/>\n<meta name=\"twitter:label1\" content=\"Est. reading time\" \/>\n\t<meta name=\"twitter:data1\" content=\"2 minutes\" \/>\n<script type=\"application\/ld+json\" class=\"yoast-schema-graph\">{\"@context\":\"https:\\\/\\\/schema.org\",\"@graph\":[{\"@type\":\"WebPage\",\"@id\":\"https:\\\/\\\/www.policlinicogemelli.it\\\/en\\\/news-events\\\/giovane-infettivologa-del-gemelli-eleonora-taddei-premiata-dalla-societa-italiana-di-malattie-infettive-e-tropicali\\\/\",\"url\":\"https:\\\/\\\/www.policlinicogemelli.it\\\/en\\\/news-events\\\/giovane-infettivologa-del-gemelli-eleonora-taddei-premiata-dalla-societa-italiana-di-malattie-infettive-e-tropicali\\\/\",\"name\":\"Giovane infettivologa del Gemelli Eleonora Taddei premiata dalla Societ\u00e0 Italiana di Malattie Infettive e Tropicali - Policlinico Universitario A. Gemelli IRCCS\",\"isPartOf\":{\"@id\":\"https:\\\/\\\/www.policlinicogemelli.it\\\/en\\\/#website\"},\"primaryImageOfPage\":{\"@id\":\"https:\\\/\\\/www.policlinicogemelli.it\\\/en\\\/news-events\\\/giovane-infettivologa-del-gemelli-eleonora-taddei-premiata-dalla-societa-italiana-di-malattie-infettive-e-tropicali\\\/#primaryimage\"},\"image\":{\"@id\":\"https:\\\/\\\/www.policlinicogemelli.it\\\/en\\\/news-events\\\/giovane-infettivologa-del-gemelli-eleonora-taddei-premiata-dalla-societa-italiana-di-malattie-infettive-e-tropicali\\\/#primaryimage\"},\"thumbnailUrl\":\"https:\\\/\\\/www.policlinicogemelli.it\\\/wp-content\\\/uploads\\\/2023\\\/01\\\/taddei-simit-2.jpg\",\"datePublished\":\"2023-01-19T08:01:00+00:00\",\"dateModified\":\"2023-01-20T10:07:00+00:00\",\"breadcrumb\":{\"@id\":\"https:\\\/\\\/www.policlinicogemelli.it\\\/en\\\/news-events\\\/giovane-infettivologa-del-gemelli-eleonora-taddei-premiata-dalla-societa-italiana-di-malattie-infettive-e-tropicali\\\/#breadcrumb\"},\"inLanguage\":\"en-US\",\"potentialAction\":[{\"@type\":\"ReadAction\",\"target\":[\"https:\\\/\\\/www.policlinicogemelli.it\\\/en\\\/news-events\\\/giovane-infettivologa-del-gemelli-eleonora-taddei-premiata-dalla-societa-italiana-di-malattie-infettive-e-tropicali\\\/\"]}]},{\"@type\":\"ImageObject\",\"inLanguage\":\"en-US\",\"@id\":\"https:\\\/\\\/www.policlinicogemelli.it\\\/en\\\/news-events\\\/giovane-infettivologa-del-gemelli-eleonora-taddei-premiata-dalla-societa-italiana-di-malattie-infettive-e-tropicali\\\/#primaryimage\",\"url\":\"https:\\\/\\\/www.policlinicogemelli.it\\\/wp-content\\\/uploads\\\/2023\\\/01\\\/taddei-simit-2.jpg\",\"contentUrl\":\"https:\\\/\\\/www.policlinicogemelli.it\\\/wp-content\\\/uploads\\\/2023\\\/01\\\/taddei-simit-2.jpg\",\"width\":1600,\"height\":1200},{\"@type\":\"BreadcrumbList\",\"@id\":\"https:\\\/\\\/www.policlinicogemelli.it\\\/en\\\/news-events\\\/giovane-infettivologa-del-gemelli-eleonora-taddei-premiata-dalla-societa-italiana-di-malattie-infettive-e-tropicali\\\/#breadcrumb\",\"itemListElement\":[{\"@type\":\"ListItem\",\"position\":1,\"name\":\"Home\",\"item\":\"https:\\\/\\\/www.policlinicogemelli.it\\\/en\\\/\"},{\"@type\":\"ListItem\",\"position\":2,\"name\":\"News and Events\",\"item\":\"https:\\\/\\\/www.policlinicogemelli.it\\\/en\\\/news-events\\\/\"},{\"@type\":\"ListItem\",\"position\":3,\"name\":\"Giovane infettivologa del Gemelli Eleonora Taddei premiata dalla Societ\u00e0 Italiana di Malattie Infettive e Tropicali\"}]},{\"@type\":\"WebSite\",\"@id\":\"https:\\\/\\\/www.policlinicogemelli.it\\\/en\\\/#website\",\"url\":\"https:\\\/\\\/www.policlinicogemelli.it\\\/en\\\/\",\"name\":\"Policlinico Universitario Agostino Gemelli IRCCS\",\"description\":\"Policlinico Universitario Agostino Gemelli IRCCS\",\"publisher\":{\"@id\":\"https:\\\/\\\/www.policlinicogemelli.it\\\/en\\\/#organization\"},\"potentialAction\":[{\"@type\":\"SearchAction\",\"target\":{\"@type\":\"EntryPoint\",\"urlTemplate\":\"https:\\\/\\\/www.policlinicogemelli.it\\\/en\\\/?s={search_term_string}\"},\"query-input\":{\"@type\":\"PropertyValueSpecification\",\"valueRequired\":true,\"valueName\":\"search_term_string\"}}],\"inLanguage\":\"en-US\"},{\"@type\":\"Organization\",\"@id\":\"https:\\\/\\\/www.policlinicogemelli.it\\\/en\\\/#organization\",\"name\":\"Policlinico Universitario Agostino Gemelli IRCCS\",\"url\":\"https:\\\/\\\/www.policlinicogemelli.it\\\/en\\\/\",\"logo\":{\"@type\":\"ImageObject\",\"inLanguage\":\"en-US\",\"@id\":\"https:\\\/\\\/www.policlinicogemelli.it\\\/en\\\/#\\\/schema\\\/logo\\\/image\\\/\",\"url\":\"https:\\\/\\\/www.policlinicogemelli.it\\\/wp-content\\\/uploads\\\/2019\\\/02\\\/logo-policlinico-gemelli-250-trasp-color-1.png\",\"contentUrl\":\"https:\\\/\\\/www.policlinicogemelli.it\\\/wp-content\\\/uploads\\\/2019\\\/02\\\/logo-policlinico-gemelli-250-trasp-color-1.png\",\"width\":250,\"height\":82,\"caption\":\"Policlinico Universitario Agostino Gemelli IRCCS\"},\"image\":{\"@id\":\"https:\\\/\\\/www.policlinicogemelli.it\\\/en\\\/#\\\/schema\\\/logo\\\/image\\\/\"}}]}<\/script>\n<!-- \/ Yoast SEO plugin. -->","yoast_head_json":{"title":"Giovane infettivologa del Gemelli Eleonora Taddei premiata dalla Societ\u00e0 Italiana di Malattie Infettive e Tropicali - Policlinico Universitario A. Gemelli IRCCS","robots":{"index":"index","follow":"follow","max-snippet":"max-snippet:-1","max-image-preview":"max-image-preview:large","max-video-preview":"max-video-preview:-1"},"canonical":"https:\/\/www.policlinicogemelli.it\/en\/news-events\/giovane-infettivologa-del-gemelli-eleonora-taddei-premiata-dalla-societa-italiana-di-malattie-infettive-e-tropicali\/","og_locale":"en_US","og_type":"article","og_title":"Giovane infettivologa del Gemelli Eleonora Taddei premiata dalla Societ\u00e0 Italiana di Malattie Infettive e Tropicali - Policlinico Universitario A. Gemelli IRCCS","og_description":"Eleonora Taddei, dirigente medico dell\u2019UOC di Malattie infettive del Policlinico Universitario A. Gemelli IRCCS, \u00e8 stata premiata dalla Societ\u00e0 Italiana di Malattie Infettive e Tropicali (SIMIT), in occasione del XXI Congresso nazionale tenutosi a Roma dal 20 al 23 novembre scorso, per lo studio scientifico intitolato &#8220;Epidemiologia, fattori di rischio e andamento temporale delle infezioni [&hellip;]","og_url":"https:\/\/www.policlinicogemelli.it\/en\/news-events\/giovane-infettivologa-del-gemelli-eleonora-taddei-premiata-dalla-societa-italiana-di-malattie-infettive-e-tropicali\/","og_site_name":"Policlinico Universitario Agostino Gemelli IRCCS","article_modified_time":"2023-01-20T10:07:00+00:00","og_image":[{"width":1600,"height":1200,"url":"https:\/\/www.policlinicogemelli.it\/wp-content\/uploads\/2023\/01\/taddei-simit-2.jpg","type":"image\/jpeg"}],"twitter_card":"summary_large_image","twitter_misc":{"Est. reading time":"2 minutes"},"schema":{"@context":"https:\/\/schema.org","@graph":[{"@type":"WebPage","@id":"https:\/\/www.policlinicogemelli.it\/en\/news-events\/giovane-infettivologa-del-gemelli-eleonora-taddei-premiata-dalla-societa-italiana-di-malattie-infettive-e-tropicali\/","url":"https:\/\/www.policlinicogemelli.it\/en\/news-events\/giovane-infettivologa-del-gemelli-eleonora-taddei-premiata-dalla-societa-italiana-di-malattie-infettive-e-tropicali\/","name":"Giovane infettivologa del Gemelli Eleonora Taddei premiata dalla Societ\u00e0 Italiana di Malattie Infettive e Tropicali - Policlinico Universitario A. Gemelli IRCCS","isPartOf":{"@id":"https:\/\/www.policlinicogemelli.it\/en\/#website"},"primaryImageOfPage":{"@id":"https:\/\/www.policlinicogemelli.it\/en\/news-events\/giovane-infettivologa-del-gemelli-eleonora-taddei-premiata-dalla-societa-italiana-di-malattie-infettive-e-tropicali\/#primaryimage"},"image":{"@id":"https:\/\/www.policlinicogemelli.it\/en\/news-events\/giovane-infettivologa-del-gemelli-eleonora-taddei-premiata-dalla-societa-italiana-di-malattie-infettive-e-tropicali\/#primaryimage"},"thumbnailUrl":"https:\/\/www.policlinicogemelli.it\/wp-content\/uploads\/2023\/01\/taddei-simit-2.jpg","datePublished":"2023-01-19T08:01:00+00:00","dateModified":"2023-01-20T10:07:00+00:00","breadcrumb":{"@id":"https:\/\/www.policlinicogemelli.it\/en\/news-events\/giovane-infettivologa-del-gemelli-eleonora-taddei-premiata-dalla-societa-italiana-di-malattie-infettive-e-tropicali\/#breadcrumb"},"inLanguage":"en-US","potentialAction":[{"@type":"ReadAction","target":["https:\/\/www.policlinicogemelli.it\/en\/news-events\/giovane-infettivologa-del-gemelli-eleonora-taddei-premiata-dalla-societa-italiana-di-malattie-infettive-e-tropicali\/"]}]},{"@type":"ImageObject","inLanguage":"en-US","@id":"https:\/\/www.policlinicogemelli.it\/en\/news-events\/giovane-infettivologa-del-gemelli-eleonora-taddei-premiata-dalla-societa-italiana-di-malattie-infettive-e-tropicali\/#primaryimage","url":"https:\/\/www.policlinicogemelli.it\/wp-content\/uploads\/2023\/01\/taddei-simit-2.jpg","contentUrl":"https:\/\/www.policlinicogemelli.it\/wp-content\/uploads\/2023\/01\/taddei-simit-2.jpg","width":1600,"height":1200},{"@type":"BreadcrumbList","@id":"https:\/\/www.policlinicogemelli.it\/en\/news-events\/giovane-infettivologa-del-gemelli-eleonora-taddei-premiata-dalla-societa-italiana-di-malattie-infettive-e-tropicali\/#breadcrumb","itemListElement":[{"@type":"ListItem","position":1,"name":"Home","item":"https:\/\/www.policlinicogemelli.it\/en\/"},{"@type":"ListItem","position":2,"name":"News and Events","item":"https:\/\/www.policlinicogemelli.it\/en\/news-events\/"},{"@type":"ListItem","position":3,"name":"Giovane infettivologa del Gemelli Eleonora Taddei premiata dalla Societ\u00e0 Italiana di Malattie Infettive e Tropicali"}]},{"@type":"WebSite","@id":"https:\/\/www.policlinicogemelli.it\/en\/#website","url":"https:\/\/www.policlinicogemelli.it\/en\/","name":"Policlinico Universitario Agostino Gemelli IRCCS","description":"Policlinico Universitario Agostino Gemelli IRCCS","publisher":{"@id":"https:\/\/www.policlinicogemelli.it\/en\/#organization"},"potentialAction":[{"@type":"SearchAction","target":{"@type":"EntryPoint","urlTemplate":"https:\/\/www.policlinicogemelli.it\/en\/?s={search_term_string}"},"query-input":{"@type":"PropertyValueSpecification","valueRequired":true,"valueName":"search_term_string"}}],"inLanguage":"en-US"},{"@type":"Organization","@id":"https:\/\/www.policlinicogemelli.it\/en\/#organization","name":"Policlinico Universitario Agostino Gemelli IRCCS","url":"https:\/\/www.policlinicogemelli.it\/en\/","logo":{"@type":"ImageObject","inLanguage":"en-US","@id":"https:\/\/www.policlinicogemelli.it\/en\/#\/schema\/logo\/image\/","url":"https:\/\/www.policlinicogemelli.it\/wp-content\/uploads\/2019\/02\/logo-policlinico-gemelli-250-trasp-color-1.png","contentUrl":"https:\/\/www.policlinicogemelli.it\/wp-content\/uploads\/2019\/02\/logo-policlinico-gemelli-250-trasp-color-1.png","width":250,"height":82,"caption":"Policlinico Universitario Agostino Gemelli IRCCS"},"image":{"@id":"https:\/\/www.policlinicogemelli.it\/en\/#\/schema\/logo\/image\/"}}]}},"rest_api_enabler":[],"_links":{"self":[{"href":"https:\/\/www.policlinicogemelli.it\/en\/wp-json\/wp\/v2\/news\/51275","targetHints":{"allow":["GET"]}}],"collection":[{"href":"https:\/\/www.policlinicogemelli.it\/en\/wp-json\/wp\/v2\/news"}],"about":[{"href":"https:\/\/www.policlinicogemelli.it\/en\/wp-json\/wp\/v2\/types\/kf_gem_news"}],"version-history":[{"count":0,"href":"https:\/\/www.policlinicogemelli.it\/en\/wp-json\/wp\/v2\/news\/51275\/revisions"}],"wp:featuredmedia":[{"embeddable":true,"href":"https:\/\/www.policlinicogemelli.it\/en\/wp-json\/wp\/v2\/media\/51269"}],"wp:attachment":[{"href":"https:\/\/www.policlinicogemelli.it\/en\/wp-json\/wp\/v2\/media?parent=51275"}],"wp:term":[{"taxonomy":"kf_gem_newscat","embeddable":true,"href":"https:\/\/www.policlinicogemelli.it\/en\/wp-json\/wp\/v2\/categorie?post=51275"}],"curies":[{"name":"wp","href":"https:\/\/api.w.org\/{rel}","templated":true}]}}