{"id":50883,"date":"2023-01-13T11:09:00","date_gmt":"2023-01-13T11:09:00","guid":{"rendered":"https:\/\/www.policlinicogemelli.it\/?post_type=kf_gem_news&#038;p=50883"},"modified":"2023-01-16T08:22:59","modified_gmt":"2023-01-16T08:22:59","slug":"un-avatar-umanizzato-guidera-il-medico-verso-il-trattamento-personalizzato-del-tumore-del-polmone","status":"publish","type":"kf_gem_news","link":"https:\/\/www.policlinicogemelli.it\/en\/news-events\/un-avatar-umanizzato-guidera-il-medico-verso-il-trattamento-personalizzato-del-tumore-del-polmone\/","title":{"rendered":"Un avatar \u2018umanizzato\u2019 guider\u00e0 il medico verso il trattamento personalizzato del tumore del polmone"},"content":{"rendered":"\n<p>Il Policlinico Gemelli a capo di una cordata internazionale di ricercatori che costruiranno modelli predittivi basati sulle scienze multi-omiche e sull\u2019intelligenza artificiale, per improntare le scelte terapeutiche in un\u2019ottica di medicina di precisione.<\/p>\n\n\n\n<p>La Fondazione Policlinico Universitario Agostino Gemelli IRCCS si \u00e8 appena aggiudicato uno dei bandi pi\u00f9 prestigiosi al mondo nel settore della medicina di precisione, il Bando \u2018<strong>ERA PerMed Joint Transnational Call for Proposals 2022\u2019<\/strong>, per circa 1 milione e 200 mila euro complessivi, grazie al <strong>progetto \u2018Lantern\u2019<\/strong>.<\/p>\n\n\n\n<p><em>Principal Investigator<\/em> del progetto \u00e8 <strong>Filippo Lococo, <\/strong>professore associato di Chirurgia Toracica all\u2019Universit\u00e0 Cattolica e dirigente medico della UOC Chirurgia Toracica del Gemelli diretta dal professor Stefano Margaritora, ordinario di Chirurgia Toracica all\u2019Universit\u00e0 Cattolica, un under 40 che guider\u00e0 una cordata costituita da ricercatori europei (Germania, Ungheria, Spagna), extra-europei (Turchia) e da un\u2019associazione dei pazienti (Eupati).<\/p>\n\n\n\n<p>\u201cAlla <em>call <\/em>di quest\u2019anno \u2013 ricorda il professor Lococo \u2013 sono arrivati quasi 200 progetti da 28 paesi nel mondo, tutti dedicati alla medicina personalizzata; 60 di questi hanno superato la prima selezione e alla fine sono risultati vincitori solo 17 bandi\u201d.<\/p>\n\n\n\n<p><strong>Lantern <\/strong>\u00e8 un progetto di \u2018multiomica\u2019 che prevede l\u2019arruolamento prospettico di 600 pazienti con tumore del polmone; grazie alla raccolta di un\u2019enorme mole di dati (<em>big data<\/em>) riguardanti informazioni cliniche, radiologiche, biologiche, genetiche e altro di questi pazienti, si potr\u00e0 costruire un Avatar Virtuale (<em>Digital Human Avatar<\/em>), \u2018riempito\u2019 di tutte queste informazioni. \u201cQuindi \u2013 spiega Lococo &#8211; grazie ad algoritmi di intelligenza artificiale (IA), nella seconda fase di questo progetto saremo in grado di creare dei modelli di predizione. L\u2019IA \u00e8 infatti in grado di interpretare rapidamente una grande quantit\u00e0 di dati e di fare associazioni continue tra le diverse variabili, che ci aiuteranno a prevedere ad esempio se da un determinato tipo di tumore si potr\u00e0 sviluppare una metastasi in un determinato organo o altrove. Lantern sar\u00e0 insomma un generatore di modelli predittivi, che potranno indirizzare i clinici verso la scelta di trattamenti personalizzati (e quindi pi\u00f9 efficaci), per ogni singolo tipo di tumore\u201d.<\/p>\n\n\n\n<p>\u201cQuesto sistema \u2013 prosegue Lococo &#8211; ci permetter\u00e0 di prevedere ad esempio quali malati saranno a rischio di complicanze post-operatorie, di tossicit\u00e0 dopo la radioterapia, ma anche di prevedere l\u2019istologia del tumore, solo analizzando le immagini TAC. Questi modelli predittivi ci permetteranno di capire inoltre quali pazienti avranno bisogno di altre terapie dopo l\u2019intervento chirurgico e quali no, ma anche la loro eventuale resistenza alle terapie. Lantern sar\u00e0 insomma un \u2018incubatore\u2019 di modelli predittivi e prognostici.<\/p>\n\n\n\n<p>Obiettivo ultimo del progetto- conclude il professor Lococo &#8211; \u00e8 la realizzazione di un software che verr\u00e0 reso pubblico, cos\u00ec che chiunque possa utilizzarlo inserendo i dati del proprio paziente, per avere risposta a una serie di quesiti clinici, con l\u2019obiettivo di personalizzare e migliorare le scelte terapeutiche\u201d.<\/p>\n\n\n\n<p><strong>ERA PerMed<\/strong> \u00e8 un progetto ERA-Net co-finanziato dalla Commissione Europea e dedicato alla Medicina Personalizzata; il progetto \u00e8 supportato da 32 partner in 23 Paesi.<\/p>\n\n\n\n<p>Tema del bando 2022 era \u2018<em>Prevention in Personalised Medicine\u2019<\/em>. Giunta alla quinta edizione, la Joint Transnational Call, bandita dal consorzio ERA PerMed era rivolta a progetti di partenariato internazionali, in grado di mettere insieme ricerca clinica, scienze informatiche e informatica medica, ricerca sugli aspetti etici, legali e sociali (ELSA) nel campo della medicina personalizzata.<\/p>\n\n\n\n<p>La <strong>\u2018cordata\u2019 vincitrice del progetto Lantern<\/strong> \u00e8 costituita da: Esther Troost (Technische Universit\u00e4t Dresden \u2013 TUD, Germania), \u00c1d\u00e1ny R\u00f3za (University of Debrecen, Ungheria), Farr\u00e9 N\u00faria (Hospital de la Santa Creu i Sant Pau, Barcellona, Spagna), \u00d6zt\u00fcrk Ece (Koc University, Istanbul, Turchia), Dominique Van Doorne (Academia del Paziente Esperto EUPATI, Rome, Italia).<\/p>\n\n\n\n<p>Il professor Filippo Lococo, <em>Principal Investigator<\/em>, che sar\u00e0 coadiuvato nel progetto da una squadra di professionisti di Fondazione Policlinico Gemelli e Universit\u00e0 Cattolica del Sacro Cuore: Luca Boldrini (radioterapia), Emilio Bria (oncologia medica), Alfredo Cesario (open innovation), Diepriye Charles-Davies (radioterapia), Jessica Evangelista (chirurgia toracica), Riccardo Manfredi (radiologia), Stefano Margaritora (chirurgia toracica), Roberta Pastorino (Gemelli Generator).<\/p>\n\n\n\n<p style=\"font-size:36px\"><strong><em>Maria Rita<\/em> <em>Montebelli<\/em><\/strong><\/p>\n","protected":false},"excerpt":{"rendered":"<p>Il Policlinico Gemelli a capo di una cordata internazionale di ricercatori che costruiranno modelli predittivi basati sulle scienze multi-omiche e sull\u2019intelligenza artificiale, per improntare le scelte terapeutiche in un\u2019ottica di medicina di precisione. La Fondazione Policlinico Universitario Agostino Gemelli IRCCS si \u00e8 appena aggiudicato uno dei bandi pi\u00f9 prestigiosi al mondo nel settore della medicina [&hellip;]<\/p>\n","protected":false},"featured_media":50881,"template":"","categorie":[96],"class_list":{"0":"post-50883","1":"kf_gem_news","2":"type-kf_gem_news","3":"status-publish","4":"has-post-thumbnail","6":"kf_gem_newscat-institutional-information","7":"entry"},"acf":[],"yoast_head":"<!-- This site is optimized with the Yoast SEO plugin v27.5 - https:\/\/yoast.com\/product\/yoast-seo-wordpress\/ -->\n<title>Un avatar \u2018umanizzato\u2019 guider\u00e0 il medico verso il trattamento personalizzato del tumore del polmone - Policlinico Universitario A. Gemelli IRCCS<\/title>\n<meta name=\"robots\" content=\"index, follow, max-snippet:-1, max-image-preview:large, max-video-preview:-1\" \/>\n<link rel=\"canonical\" href=\"https:\/\/www.policlinicogemelli.it\/en\/news-events\/un-avatar-umanizzato-guidera-il-medico-verso-il-trattamento-personalizzato-del-tumore-del-polmone\/\" \/>\n<meta property=\"og:locale\" content=\"en_US\" \/>\n<meta property=\"og:type\" content=\"article\" \/>\n<meta property=\"og:title\" content=\"Un avatar \u2018umanizzato\u2019 guider\u00e0 il medico verso il trattamento personalizzato del tumore del polmone - Policlinico Universitario A. Gemelli IRCCS\" \/>\n<meta property=\"og:description\" content=\"Il Policlinico Gemelli a capo di una cordata internazionale di ricercatori che costruiranno modelli predittivi basati sulle scienze multi-omiche e sull\u2019intelligenza artificiale, per improntare le scelte terapeutiche in un\u2019ottica di medicina di precisione. La Fondazione Policlinico Universitario Agostino Gemelli IRCCS si \u00e8 appena aggiudicato uno dei bandi pi\u00f9 prestigiosi al mondo nel settore della medicina [&hellip;]\" \/>\n<meta property=\"og:url\" content=\"https:\/\/www.policlinicogemelli.it\/en\/news-events\/un-avatar-umanizzato-guidera-il-medico-verso-il-trattamento-personalizzato-del-tumore-del-polmone\/\" \/>\n<meta property=\"og:site_name\" content=\"Policlinico Universitario Agostino Gemelli IRCCS\" \/>\n<meta property=\"article:modified_time\" content=\"2023-01-16T08:22:59+00:00\" \/>\n<meta property=\"og:image\" content=\"https:\/\/www.policlinicogemelli.it\/wp-content\/uploads\/2023\/01\/Lococo.jpg\" \/>\n\t<meta property=\"og:image:width\" content=\"1024\" \/>\n\t<meta property=\"og:image:height\" content=\"768\" \/>\n\t<meta property=\"og:image:type\" content=\"image\/jpeg\" \/>\n<meta name=\"twitter:card\" content=\"summary_large_image\" \/>\n<meta name=\"twitter:label1\" content=\"Est. reading time\" \/>\n\t<meta name=\"twitter:data1\" content=\"3 minutes\" \/>\n<script type=\"application\/ld+json\" class=\"yoast-schema-graph\">{\"@context\":\"https:\\\/\\\/schema.org\",\"@graph\":[{\"@type\":\"WebPage\",\"@id\":\"https:\\\/\\\/www.policlinicogemelli.it\\\/en\\\/news-events\\\/un-avatar-umanizzato-guidera-il-medico-verso-il-trattamento-personalizzato-del-tumore-del-polmone\\\/\",\"url\":\"https:\\\/\\\/www.policlinicogemelli.it\\\/en\\\/news-events\\\/un-avatar-umanizzato-guidera-il-medico-verso-il-trattamento-personalizzato-del-tumore-del-polmone\\\/\",\"name\":\"Un avatar \u2018umanizzato\u2019 guider\u00e0 il medico verso il trattamento personalizzato del tumore del polmone - Policlinico Universitario A. Gemelli IRCCS\",\"isPartOf\":{\"@id\":\"https:\\\/\\\/www.policlinicogemelli.it\\\/en\\\/#website\"},\"primaryImageOfPage\":{\"@id\":\"https:\\\/\\\/www.policlinicogemelli.it\\\/en\\\/news-events\\\/un-avatar-umanizzato-guidera-il-medico-verso-il-trattamento-personalizzato-del-tumore-del-polmone\\\/#primaryimage\"},\"image\":{\"@id\":\"https:\\\/\\\/www.policlinicogemelli.it\\\/en\\\/news-events\\\/un-avatar-umanizzato-guidera-il-medico-verso-il-trattamento-personalizzato-del-tumore-del-polmone\\\/#primaryimage\"},\"thumbnailUrl\":\"https:\\\/\\\/www.policlinicogemelli.it\\\/wp-content\\\/uploads\\\/2023\\\/01\\\/Lococo.jpg\",\"datePublished\":\"2023-01-13T11:09:00+00:00\",\"dateModified\":\"2023-01-16T08:22:59+00:00\",\"breadcrumb\":{\"@id\":\"https:\\\/\\\/www.policlinicogemelli.it\\\/en\\\/news-events\\\/un-avatar-umanizzato-guidera-il-medico-verso-il-trattamento-personalizzato-del-tumore-del-polmone\\\/#breadcrumb\"},\"inLanguage\":\"en-US\",\"potentialAction\":[{\"@type\":\"ReadAction\",\"target\":[\"https:\\\/\\\/www.policlinicogemelli.it\\\/en\\\/news-events\\\/un-avatar-umanizzato-guidera-il-medico-verso-il-trattamento-personalizzato-del-tumore-del-polmone\\\/\"]}]},{\"@type\":\"ImageObject\",\"inLanguage\":\"en-US\",\"@id\":\"https:\\\/\\\/www.policlinicogemelli.it\\\/en\\\/news-events\\\/un-avatar-umanizzato-guidera-il-medico-verso-il-trattamento-personalizzato-del-tumore-del-polmone\\\/#primaryimage\",\"url\":\"https:\\\/\\\/www.policlinicogemelli.it\\\/wp-content\\\/uploads\\\/2023\\\/01\\\/Lococo.jpg\",\"contentUrl\":\"https:\\\/\\\/www.policlinicogemelli.it\\\/wp-content\\\/uploads\\\/2023\\\/01\\\/Lococo.jpg\",\"width\":4000,\"height\":3000},{\"@type\":\"BreadcrumbList\",\"@id\":\"https:\\\/\\\/www.policlinicogemelli.it\\\/en\\\/news-events\\\/un-avatar-umanizzato-guidera-il-medico-verso-il-trattamento-personalizzato-del-tumore-del-polmone\\\/#breadcrumb\",\"itemListElement\":[{\"@type\":\"ListItem\",\"position\":1,\"name\":\"Home\",\"item\":\"https:\\\/\\\/www.policlinicogemelli.it\\\/en\\\/\"},{\"@type\":\"ListItem\",\"position\":2,\"name\":\"News and Events\",\"item\":\"https:\\\/\\\/www.policlinicogemelli.it\\\/en\\\/news-events\\\/\"},{\"@type\":\"ListItem\",\"position\":3,\"name\":\"Un avatar \u2018umanizzato\u2019 guider\u00e0 il medico verso il trattamento personalizzato del tumore del polmone\"}]},{\"@type\":\"WebSite\",\"@id\":\"https:\\\/\\\/www.policlinicogemelli.it\\\/en\\\/#website\",\"url\":\"https:\\\/\\\/www.policlinicogemelli.it\\\/en\\\/\",\"name\":\"Policlinico Universitario Agostino Gemelli IRCCS\",\"description\":\"Policlinico Universitario Agostino Gemelli IRCCS\",\"publisher\":{\"@id\":\"https:\\\/\\\/www.policlinicogemelli.it\\\/en\\\/#organization\"},\"potentialAction\":[{\"@type\":\"SearchAction\",\"target\":{\"@type\":\"EntryPoint\",\"urlTemplate\":\"https:\\\/\\\/www.policlinicogemelli.it\\\/en\\\/?s={search_term_string}\"},\"query-input\":{\"@type\":\"PropertyValueSpecification\",\"valueRequired\":true,\"valueName\":\"search_term_string\"}}],\"inLanguage\":\"en-US\"},{\"@type\":\"Organization\",\"@id\":\"https:\\\/\\\/www.policlinicogemelli.it\\\/en\\\/#organization\",\"name\":\"Policlinico Universitario Agostino Gemelli IRCCS\",\"url\":\"https:\\\/\\\/www.policlinicogemelli.it\\\/en\\\/\",\"logo\":{\"@type\":\"ImageObject\",\"inLanguage\":\"en-US\",\"@id\":\"https:\\\/\\\/www.policlinicogemelli.it\\\/en\\\/#\\\/schema\\\/logo\\\/image\\\/\",\"url\":\"https:\\\/\\\/www.policlinicogemelli.it\\\/wp-content\\\/uploads\\\/2019\\\/02\\\/logo-policlinico-gemelli-250-trasp-color-1.png\",\"contentUrl\":\"https:\\\/\\\/www.policlinicogemelli.it\\\/wp-content\\\/uploads\\\/2019\\\/02\\\/logo-policlinico-gemelli-250-trasp-color-1.png\",\"width\":250,\"height\":82,\"caption\":\"Policlinico Universitario Agostino Gemelli IRCCS\"},\"image\":{\"@id\":\"https:\\\/\\\/www.policlinicogemelli.it\\\/en\\\/#\\\/schema\\\/logo\\\/image\\\/\"}}]}<\/script>\n<!-- \/ Yoast SEO plugin. -->","yoast_head_json":{"title":"Un avatar \u2018umanizzato\u2019 guider\u00e0 il medico verso il trattamento personalizzato del tumore del polmone - Policlinico Universitario A. Gemelli IRCCS","robots":{"index":"index","follow":"follow","max-snippet":"max-snippet:-1","max-image-preview":"max-image-preview:large","max-video-preview":"max-video-preview:-1"},"canonical":"https:\/\/www.policlinicogemelli.it\/en\/news-events\/un-avatar-umanizzato-guidera-il-medico-verso-il-trattamento-personalizzato-del-tumore-del-polmone\/","og_locale":"en_US","og_type":"article","og_title":"Un avatar \u2018umanizzato\u2019 guider\u00e0 il medico verso il trattamento personalizzato del tumore del polmone - Policlinico Universitario A. Gemelli IRCCS","og_description":"Il Policlinico Gemelli a capo di una cordata internazionale di ricercatori che costruiranno modelli predittivi basati sulle scienze multi-omiche e sull\u2019intelligenza artificiale, per improntare le scelte terapeutiche in un\u2019ottica di medicina di precisione. La Fondazione Policlinico Universitario Agostino Gemelli IRCCS si \u00e8 appena aggiudicato uno dei bandi pi\u00f9 prestigiosi al mondo nel settore della medicina [&hellip;]","og_url":"https:\/\/www.policlinicogemelli.it\/en\/news-events\/un-avatar-umanizzato-guidera-il-medico-verso-il-trattamento-personalizzato-del-tumore-del-polmone\/","og_site_name":"Policlinico Universitario Agostino Gemelli IRCCS","article_modified_time":"2023-01-16T08:22:59+00:00","og_image":[{"url":"https:\/\/www.policlinicogemelli.it\/wp-content\/uploads\/2023\/01\/Lococo.jpg","width":1024,"height":768,"type":"image\/jpeg"}],"twitter_card":"summary_large_image","twitter_misc":{"Est. reading time":"3 minutes"},"schema":{"@context":"https:\/\/schema.org","@graph":[{"@type":"WebPage","@id":"https:\/\/www.policlinicogemelli.it\/en\/news-events\/un-avatar-umanizzato-guidera-il-medico-verso-il-trattamento-personalizzato-del-tumore-del-polmone\/","url":"https:\/\/www.policlinicogemelli.it\/en\/news-events\/un-avatar-umanizzato-guidera-il-medico-verso-il-trattamento-personalizzato-del-tumore-del-polmone\/","name":"Un avatar \u2018umanizzato\u2019 guider\u00e0 il medico verso il trattamento personalizzato del tumore del polmone - Policlinico Universitario A. Gemelli IRCCS","isPartOf":{"@id":"https:\/\/www.policlinicogemelli.it\/en\/#website"},"primaryImageOfPage":{"@id":"https:\/\/www.policlinicogemelli.it\/en\/news-events\/un-avatar-umanizzato-guidera-il-medico-verso-il-trattamento-personalizzato-del-tumore-del-polmone\/#primaryimage"},"image":{"@id":"https:\/\/www.policlinicogemelli.it\/en\/news-events\/un-avatar-umanizzato-guidera-il-medico-verso-il-trattamento-personalizzato-del-tumore-del-polmone\/#primaryimage"},"thumbnailUrl":"https:\/\/www.policlinicogemelli.it\/wp-content\/uploads\/2023\/01\/Lococo.jpg","datePublished":"2023-01-13T11:09:00+00:00","dateModified":"2023-01-16T08:22:59+00:00","breadcrumb":{"@id":"https:\/\/www.policlinicogemelli.it\/en\/news-events\/un-avatar-umanizzato-guidera-il-medico-verso-il-trattamento-personalizzato-del-tumore-del-polmone\/#breadcrumb"},"inLanguage":"en-US","potentialAction":[{"@type":"ReadAction","target":["https:\/\/www.policlinicogemelli.it\/en\/news-events\/un-avatar-umanizzato-guidera-il-medico-verso-il-trattamento-personalizzato-del-tumore-del-polmone\/"]}]},{"@type":"ImageObject","inLanguage":"en-US","@id":"https:\/\/www.policlinicogemelli.it\/en\/news-events\/un-avatar-umanizzato-guidera-il-medico-verso-il-trattamento-personalizzato-del-tumore-del-polmone\/#primaryimage","url":"https:\/\/www.policlinicogemelli.it\/wp-content\/uploads\/2023\/01\/Lococo.jpg","contentUrl":"https:\/\/www.policlinicogemelli.it\/wp-content\/uploads\/2023\/01\/Lococo.jpg","width":4000,"height":3000},{"@type":"BreadcrumbList","@id":"https:\/\/www.policlinicogemelli.it\/en\/news-events\/un-avatar-umanizzato-guidera-il-medico-verso-il-trattamento-personalizzato-del-tumore-del-polmone\/#breadcrumb","itemListElement":[{"@type":"ListItem","position":1,"name":"Home","item":"https:\/\/www.policlinicogemelli.it\/en\/"},{"@type":"ListItem","position":2,"name":"News and Events","item":"https:\/\/www.policlinicogemelli.it\/en\/news-events\/"},{"@type":"ListItem","position":3,"name":"Un avatar \u2018umanizzato\u2019 guider\u00e0 il medico verso il trattamento personalizzato del tumore del polmone"}]},{"@type":"WebSite","@id":"https:\/\/www.policlinicogemelli.it\/en\/#website","url":"https:\/\/www.policlinicogemelli.it\/en\/","name":"Policlinico Universitario Agostino Gemelli IRCCS","description":"Policlinico Universitario Agostino Gemelli IRCCS","publisher":{"@id":"https:\/\/www.policlinicogemelli.it\/en\/#organization"},"potentialAction":[{"@type":"SearchAction","target":{"@type":"EntryPoint","urlTemplate":"https:\/\/www.policlinicogemelli.it\/en\/?s={search_term_string}"},"query-input":{"@type":"PropertyValueSpecification","valueRequired":true,"valueName":"search_term_string"}}],"inLanguage":"en-US"},{"@type":"Organization","@id":"https:\/\/www.policlinicogemelli.it\/en\/#organization","name":"Policlinico Universitario Agostino Gemelli IRCCS","url":"https:\/\/www.policlinicogemelli.it\/en\/","logo":{"@type":"ImageObject","inLanguage":"en-US","@id":"https:\/\/www.policlinicogemelli.it\/en\/#\/schema\/logo\/image\/","url":"https:\/\/www.policlinicogemelli.it\/wp-content\/uploads\/2019\/02\/logo-policlinico-gemelli-250-trasp-color-1.png","contentUrl":"https:\/\/www.policlinicogemelli.it\/wp-content\/uploads\/2019\/02\/logo-policlinico-gemelli-250-trasp-color-1.png","width":250,"height":82,"caption":"Policlinico Universitario Agostino Gemelli IRCCS"},"image":{"@id":"https:\/\/www.policlinicogemelli.it\/en\/#\/schema\/logo\/image\/"}}]}},"rest_api_enabler":[],"_links":{"self":[{"href":"https:\/\/www.policlinicogemelli.it\/en\/wp-json\/wp\/v2\/news\/50883","targetHints":{"allow":["GET"]}}],"collection":[{"href":"https:\/\/www.policlinicogemelli.it\/en\/wp-json\/wp\/v2\/news"}],"about":[{"href":"https:\/\/www.policlinicogemelli.it\/en\/wp-json\/wp\/v2\/types\/kf_gem_news"}],"version-history":[{"count":0,"href":"https:\/\/www.policlinicogemelli.it\/en\/wp-json\/wp\/v2\/news\/50883\/revisions"}],"wp:featuredmedia":[{"embeddable":true,"href":"https:\/\/www.policlinicogemelli.it\/en\/wp-json\/wp\/v2\/media\/50881"}],"wp:attachment":[{"href":"https:\/\/www.policlinicogemelli.it\/en\/wp-json\/wp\/v2\/media?parent=50883"}],"wp:term":[{"taxonomy":"kf_gem_newscat","embeddable":true,"href":"https:\/\/www.policlinicogemelli.it\/en\/wp-json\/wp\/v2\/categorie?post=50883"}],"curies":[{"name":"wp","href":"https:\/\/api.w.org\/{rel}","templated":true}]}}