{"id":41073,"date":"2022-01-19T12:52:29","date_gmt":"2022-01-19T12:52:29","guid":{"rendered":"https:\/\/www.policlinicogemelli.it\/news-eventi\/varato-anticov-valutera-lefficacia-dei-monoclonali-contro-il-covid-19-in-un-contesto-di-vita-reale\/"},"modified":"2022-01-19T14:05:09","modified_gmt":"2022-01-19T14:05:09","slug":"varato-anticov-valutera-lefficacia-dei-monoclonali-contro-il-covid-19-in-un-contesto-di-vita-reale","status":"publish","type":"kf_gem_news","link":"https:\/\/www.policlinicogemelli.it\/en\/news-events\/varato-anticov-valutera-lefficacia-dei-monoclonali-contro-il-covid-19-in-un-contesto-di-vita-reale\/","title":{"rendered":"Varato AntiCov: valuter\u00e0 l\u2019efficacia dei monoclonali contro il Covid-19 in un contesto di vita reale"},"content":{"rendered":"\n<p><em>\u00c8 finalmente partito AntiCov, il tanto atteso studio multicentrico che dir\u00e0 se gli anticorpi monoclonali sono efficaci anche contro la variante Omicron. La Fondazione Policlinico Universitario Agostino Gemelli IRCCS \u00e8 il centro coordinatore di questa ricerca che arruoler\u00e0 in totale 560 pazienti con Covid-19, ad alto e a basso rischio di complicanze. I monoclonali al vaglio sono i tre attualmente in uso nel nostro Paese (bamlanivimab-etesevimab, casirivimab-imdevimab, sotrovimab). Lo studio \u00e8 finanziato da AIFA. \u00c8 previsto anche l\u2019arruolamento di pazienti in et\u00e0 pediatrica (over 12). Oltre ai Pronto Soccorso di quattro grandi ospedali romani, anche le farmacie parteciperanno al processo di arruolamento. Tutti i pazienti saranno trattati con un\u2019unica infusione di anticorpi monoclonali presso l\u2019ambulatorio monoclonali del Columbus Covid Hospital 2 (Gemelli) e telemonitorati da casa mediante saturimetro per i successivi 30 giorni, durante i quali verranno registrati dati di efficacia e sicurezza.<\/em><\/p>\n\n\n\n<p>Gli anticorpi monoclonali funzionano anche contro la variante omicron del SARS CoV-2? E sono utili nei pazienti a basso rischio di complicanze in caso di COVID-19? E quali effetti indesiderati presentano? A questi e ad altri interrogativi cercher\u00e0 di rispondere <strong>AntiCov<\/strong>, uno studio di fase 3b, randomizzato, multicentrico, coordinato dalla Fondazione Policlinico Gemelli e finanziato da AIFA. Gli altri centri coinvolti in questa sperimentazione sono l\u2019Ospedale San Pietro Fatebenefratelli, l\u2019Azienda Ospedaliera San Giovanni Addolorata e l\u2019Ospedale Pertini di Roma.<\/p>\n\n\n\n<p>\u201cQuesto \u00e8 uno dei quattro studi (due a Roma, con capofila Gemelli e Spallanzani, uno a Verona, uno a Modena) che AIFA ha finanziato a livello nazionale \u2013 spiega il professor <strong>Luca Richeldi<\/strong>, direttore della UOC di Pneumologia Fondazione Policlinico Universitario Agostino Gemelli IRCCS e Ordinario di Pneumologia presso l\u2019Universit\u00e0 Cattolica &#8211; per cercare di dare risposte solide, basate sull\u2019evidenza, sull\u2019efficacia <em>real world<\/em> degli anticorpi monoclonali nel Covid-19. Il nostro studio in particolare si focalizzer\u00e0 su due domande: ci sono differenze tra i vari anticorpi monoclonali in termini di efficacia e sicurezza nella popolazione ad alto rischio? Questi anticorpi sono utili anche nella popolazione a basso rischio? E nella popolazione pediatrica? Rispetto a quando abbiamo vinto questo bando, si \u00e8 aggiunta una variabile importante, quella della variante Omicron.&nbsp; Non ci sono al momento studi che ci dicano in modo definitivo quali anticorpi siano pi\u00f9 efficaci o perdano efficacia nei confronti di Omicron. Abbiamo per ora solo studi <em>in vitro<\/em> che suggeriscono che solo uno di questi anticorpi mantenga la sua efficacia contro Omicron, ma non abbiamo ancora prove cliniche certe. Questo studio ci aiuter\u00e0 dunque a verificarlo. Nella popolazione a basso rischio invece che sar\u00e0 randomizzata a uno dei tre trattamenti anticorpali o al cosiddetto \u2018<em>standard of care\u2019<\/em> (terapia sintomatica) vogliamo verificare un\u2019altra ipotesi: i monoclonali sono utili o no in questa popolazione? Lo studio da noi coordinato comprender\u00e0 anche una fascia pediatrica (saranno arruolati pazienti over 12) e questo \u00e8 molto tempestivo perch\u00e9 Omicron si sta diffondendo in modo molto veloce in questa popolazione\u201d.<\/p>\n\n\n\n<figure class=\"wp-block-image size-full\"><img loading=\"lazy\" decoding=\"async\" width=\"4000\" height=\"2250\" src=\"https:\/\/www.policlinicogemelli.it\/wp-content\/uploads\/2022\/01\/20220119_122344.jpg\" alt=\"\" class=\"wp-image-41069\"\/><\/figure>\n\n\n\n<p>\u201cDiversi pazienti che giungono in pronto soccorso con il sospetto di infezione da Covid-19 \u2013 afferma il professor <strong>Francesco Franceschi<\/strong>, direttore UOC Medicina d\u2019Urgenza e Pronto Soccorso Fondazione Policlinico Gemelli &#8211;&nbsp; non hanno necessit\u00e0 di ricovero, ma possono essere trattati con gli anticorpi monoclonali e\/o essere seguiti a domicilio. Per questi pazienti, entrare nella nostra sperimentazione pu\u00f2 rappresentare la giusta occasione per ottenere entrambe le suddette opportunit\u00e0. Abbiamo provveduto ad affiggere dei poster informativi all\u2019interno del \u2018percorso febbre\u2019 in pronto soccorso, con tutti i dettagli dello studio e il nostro personale medico \u00e8 pronto a fornire tutte le informazioni necessarie ai pazienti Covid-positivi che desiderino di entrare a far parte della sperimentazione\u201d.<strong>&nbsp;<\/strong><\/p>\n\n\n\n<p>Un\u2019altra caratteristica peculiare \u00e8 che questo studio per la prima volta vede un <strong>coinvolgimento attivo delle farmacie<\/strong>, che durante la pandemia sono state tra i protagonisti del Servizio Sanitario, fornendo inizialmente i test, poi i vaccini e adesso partecipando attivamente a questo studio. I farmacisti forniranno informazioni ai cittadini sulle modalit\u00e0 dello studio e sulle caratteristiche necessarie per partecipare. I pazienti fanno un primo test in farmacia e, se positivi ed eleggibili allo studio, ne ripeteranno un altro al Gemelli per la <strong>genotipizzazione<\/strong> (cio\u00e8 per individuare la variante responsabile dell\u2019infezione), prima di essere randomizzati ad uno dei bracci dello studio. i pazienti arruolati verranno sottoposti a trattamento con un\u2019unica infusione endovena di anticorpi monoclonali presso l\u2019Ambulatorio monoclonali del Columbus Covid Hospital (Gemelli).<\/p>\n\n\n\n<figure class=\"wp-block-image size-full\"><img loading=\"lazy\" decoding=\"async\" width=\"4000\" height=\"2250\" src=\"https:\/\/www.policlinicogemelli.it\/wp-content\/uploads\/2022\/01\/20220119_122320.jpg\" alt=\"\" class=\"wp-image-41067\"\/><\/figure>\n\n\n\n<p>\u201cAnche le farmacie ospedaliere nel corso della pandemia hanno giocato un ruolo chiave per l\u2019approvvigionamento di farmaci e dispositivi \u2013 ricorda il professor <strong>Marcello Pani<\/strong>, direttore Farmacia Ospedaliera Fondazione Policlinico Gemelli &#8211; riuscendo da un lato a reggere le improvvise pressioni generate dall\u2019aumento dei casi e dall\u2019altro a garantire le idonee condizioni di conservazione, allestimento e dispensazione. Per questo studio specifico le stesse farmacie dovranno gestire gli anticorpi monoclonali gi\u00e0 forniti in collaborazione con la Regione Lazio e l\u2019Ente Commissariale rietichettandoli e rendendoli disponibili e riconoscibili nel rispetto delle norme che sottendono le sperimentazioni cliniche.\u201d<\/p>\n\n\n\n<p>Infine, altro elemento caratterizzante dello studio AntiCOV, \u00e8 che la verifica degli effetti della terapia verr\u00e0 effettuata mediante <strong>telemonitoraggio a distanza<\/strong>. Una procedura questa che consente l\u2019isolamento del paziente e che utilizza come parametro la saturazione di ossigeno nel sangue, considerato l\u2019indice pi\u00f9 importante di coinvolgimento del polmone e quindi di potenziale progressione della malattia.<\/p>\n\n\n\n<p>\u201cQuesto studio \u2013 conclude il professor Richeldi &#8211; \u00e8 focalizzato su una delle classi di trattamento disponibili contro il Covid, gli anticorpi monoclonali; altre stanno arrivando (gli antivirali); questo ci consentir\u00e0 di valutare l\u2019efficacia di queste terapie in alcune sottopopolazioni, rispetto alla variabile \u2018variante\u2019 (Omicron o Delta) e soprattutto rispetto alla variabile \u2018vaccino\u2019; lo studio arruoler\u00e0 infatti sia pazienti vaccinati, che non vaccinati. <strong>Ma ricordo che il vaccino rimane la base della difesa immunologica rispetto a questo virus<\/strong>. <strong>Gli anticorpi monoclonali vanno considerati qualcosa di diverso o in pi\u00f9 nei vaccinati ad alto rischio<\/strong> (per comorbilit\u00e0 o altro) <strong>o nei pazienti che non hanno potuto o non hanno voluto vaccinarsi\u201d<\/strong>.<\/p>\n\n\n\n<p><strong>Lo studio AntiCov in dettaglio<\/strong><\/p>\n\n\n\n<p>Lo studio AntiCov prevede un confronto testa-a-testa tra tre tipologie di anticorpi monoclonali diretti contro la proteina Spike (S) del SARS CoV-2 (bamlanivimab- etesevimab, casirivimab-imdevimab e sotrovimab) in un gruppo di <strong>pazienti ad alto rischio*<\/strong> di complicanze da Covid-19 (<strong>3 rami di trattamento per un totale di 240 pazienti<\/strong>) e in un gruppo di pazienti a basso rischio (<strong>4 rami di trattamento per un<\/strong> <strong>totale di 320 pazienti<\/strong>); oltre ai tre rami di trattamento con anticorpi monoclonali, nel gruppo dei pazienti a basso rischio \u00e8 previsto anche un quarto ramo di trattamento, quello \u2018<em>standard of care\u2019<\/em>, cio\u00e8 terapia sintomatica (paracetamolo o FANS in caso di febbre, dolori articolai o muscolari).<\/p>\n\n\n\n<p><strong>Obiettivo primario<\/strong> dello studio AntiCOV \u00e8 valutare <strong>l\u2019efficacia dei tre trattamenti sperimentali<\/strong> (bamlanivimab-etesevimab, casirivimab-imdevimab, sotrovimab) <strong>nel prevenire un peggioramento clinico<\/strong> (definitivo come riduzione della saturazione di ossigeno \u00a392%; desaturazione \u00b34% rispetto al basale o ricovero del paziente) nei pazienti con Covid-19 ad alto o a basso rischio di complicanze. Gli <strong>obiettivi secondari <\/strong>consistono nella valutazione della sicurezza e tollerabilit\u00e0 dei trattamenti nell\u2019arco dei 30 giorni successivi alla somministrazione; il numero di accessi al Pronto Soccorso nei 30 giorni successivi al trattamento, la riduzione della mortalit\u00e0 a 30 giorni e l\u2019impatto sulle giornate lavorative o di scuola perse, durante il periodo di follow-up.<\/p>\n\n\n\n<p>Lo studio AntiCov \u00e8 coordinato dalla <strong>Fondazione Policlinico Gemelli<\/strong> (professor Luca Richeldi, Direttore UOC Pneumologia; professor Francesco Franceschi, direttore UOC Medicina d\u2019Urgenza e Pronto Soccorso; professor Marcello Pani, direttore Farmacia Ospedaliera); gli altri centri coinvolti nella sperimentazione sono l\u2019<strong>Ospedale San Pietro Fatebenefratelli <\/strong>(UOC di Pronto Soccorso, prof. Simone Bianconi), l\u2019<strong>A.O. San Giovanni Addolorata <\/strong>(UOC di Pronto Soccorso e Breve Osservazione, dottoressa Maria Pia Ruggieri) e l\u2019<strong>Ospedale Pertini <\/strong>(UOC Medicina d\u2019Urgenza e Pronto Soccorso, dottor Francesco Rocco Pugliese).<\/p>\n\n\n\n<p>*I pazienti ad alto rischio sono quelli con uno o pi\u00f9 dei seguenti fattori di rischio: et\u00e0 \u2265 65 anni, obesit\u00e0 (BMI\u2265 30 kg\/m2), insufficienza renale cronica, diabete, malattie respiratorie croniche, malattie cardio o cerebro-vascolari, epatopatie croniche, pazienti immunocompromessi.<\/p>\n\n\n\n<p><strong><em>Maria Rita Montebelli<\/em><\/strong><\/p>\n\n\n<style>.wp-block-kadence-spacer.kt-block-spacer-_4195ef-43 .kt-block-spacer{height:60px;}.wp-block-kadence-spacer.kt-block-spacer-_4195ef-43 .kt-divider{border-top-width:1px;height:1px;border-top-color:#eee;width:80%;border-top-style:solid;}<\/style>\n<div class=\"wp-block-kadence-spacer aligncenter kt-block-spacer-_4195ef-43\"><div class=\"kt-block-spacer kt-block-spacer-halign-center\" style=\"height:60px\"><hr class=\"kt-divider\" style=\"border-top-color:#eee;border-top-width:1px;width:80%;border-top-style:solid\"\/><\/div><\/div>\n\n\n\n<figure class=\"wp-block-image size-full\"><img loading=\"lazy\" decoding=\"async\" width=\"2000\" height=\"2828\" src=\"https:\/\/www.policlinicogemelli.it\/wp-content\/uploads\/2022\/01\/Locandina-AntiCov.jpg\" alt=\"\" class=\"wp-image-41077\"\/><\/figure>\n","protected":false},"excerpt":{"rendered":"<p>\u00c8 finalmente partito AntiCov, il tanto atteso studio multicentrico che dir\u00e0 se gli anticorpi monoclonali sono efficaci anche contro la variante Omicron. La Fondazione Policlinico Universitario Agostino Gemelli IRCCS \u00e8 il centro coordinatore di questa ricerca che arruoler\u00e0 in totale 560 pazienti con Covid-19, ad alto e a basso rischio di complicanze. I monoclonali al [&hellip;]<\/p>\n","protected":false},"featured_media":41071,"template":"","categorie":[95],"class_list":{"0":"post-41073","1":"kf_gem_news","2":"type-kf_gem_news","3":"status-publish","4":"has-post-thumbnail","6":"kf_gem_newscat-research","7":"entry"},"acf":[],"yoast_head":"<!-- This site is optimized with the Yoast SEO plugin v27.4 - https:\/\/yoast.com\/product\/yoast-seo-wordpress\/ -->\n<title>Varato AntiCov: valuter\u00e0 l\u2019efficacia dei monoclonali contro il Covid-19 in un contesto di vita reale - Policlinico Universitario A. Gemelli IRCCS<\/title>\n<meta name=\"robots\" content=\"index, follow, max-snippet:-1, max-image-preview:large, max-video-preview:-1\" \/>\n<link rel=\"canonical\" href=\"https:\/\/www.policlinicogemelli.it\/en\/news-events\/varato-anticov-valutera-lefficacia-dei-monoclonali-contro-il-covid-19-in-un-contesto-di-vita-reale\/\" \/>\n<meta property=\"og:locale\" content=\"en_US\" \/>\n<meta property=\"og:type\" content=\"article\" \/>\n<meta property=\"og:title\" content=\"Varato AntiCov: valuter\u00e0 l\u2019efficacia dei monoclonali contro il Covid-19 in un contesto di vita reale - Policlinico Universitario A. Gemelli IRCCS\" \/>\n<meta property=\"og:description\" content=\"\u00c8 finalmente partito AntiCov, il tanto atteso studio multicentrico che dir\u00e0 se gli anticorpi monoclonali sono efficaci anche contro la variante Omicron. La Fondazione Policlinico Universitario Agostino Gemelli IRCCS \u00e8 il centro coordinatore di questa ricerca che arruoler\u00e0 in totale 560 pazienti con Covid-19, ad alto e a basso rischio di complicanze. I monoclonali al [&hellip;]\" \/>\n<meta property=\"og:url\" content=\"https:\/\/www.policlinicogemelli.it\/en\/news-events\/varato-anticov-valutera-lefficacia-dei-monoclonali-contro-il-covid-19-in-un-contesto-di-vita-reale\/\" \/>\n<meta property=\"og:site_name\" content=\"Policlinico Universitario Agostino Gemelli IRCCS\" \/>\n<meta property=\"article:modified_time\" content=\"2022-01-19T14:05:09+00:00\" \/>\n<meta property=\"og:image\" content=\"https:\/\/www.policlinicogemelli.it\/wp-content\/uploads\/2022\/01\/da-sin-Franceschi-Pani-Richeldi.jpg\" \/>\n\t<meta property=\"og:image:width\" content=\"4000\" \/>\n\t<meta property=\"og:image:height\" content=\"2250\" \/>\n\t<meta property=\"og:image:type\" content=\"image\/jpeg\" \/>\n<meta name=\"twitter:card\" content=\"summary_large_image\" \/>\n<meta name=\"twitter:label1\" content=\"Est. reading time\" \/>\n\t<meta name=\"twitter:data1\" content=\"7 minutes\" \/>\n<script type=\"application\/ld+json\" class=\"yoast-schema-graph\">{\"@context\":\"https:\\\/\\\/schema.org\",\"@graph\":[{\"@type\":\"WebPage\",\"@id\":\"https:\\\/\\\/www.policlinicogemelli.it\\\/en\\\/news-events\\\/varato-anticov-valutera-lefficacia-dei-monoclonali-contro-il-covid-19-in-un-contesto-di-vita-reale\\\/\",\"url\":\"https:\\\/\\\/www.policlinicogemelli.it\\\/en\\\/news-events\\\/varato-anticov-valutera-lefficacia-dei-monoclonali-contro-il-covid-19-in-un-contesto-di-vita-reale\\\/\",\"name\":\"Varato AntiCov: valuter\u00e0 l\u2019efficacia dei monoclonali contro il Covid-19 in un contesto di vita reale - Policlinico Universitario A. Gemelli IRCCS\",\"isPartOf\":{\"@id\":\"https:\\\/\\\/www.policlinicogemelli.it\\\/en\\\/#website\"},\"primaryImageOfPage\":{\"@id\":\"https:\\\/\\\/www.policlinicogemelli.it\\\/en\\\/news-events\\\/varato-anticov-valutera-lefficacia-dei-monoclonali-contro-il-covid-19-in-un-contesto-di-vita-reale\\\/#primaryimage\"},\"image\":{\"@id\":\"https:\\\/\\\/www.policlinicogemelli.it\\\/en\\\/news-events\\\/varato-anticov-valutera-lefficacia-dei-monoclonali-contro-il-covid-19-in-un-contesto-di-vita-reale\\\/#primaryimage\"},\"thumbnailUrl\":\"https:\\\/\\\/www.policlinicogemelli.it\\\/wp-content\\\/uploads\\\/2022\\\/01\\\/da-sin-Franceschi-Pani-Richeldi.jpg\",\"datePublished\":\"2022-01-19T12:52:29+00:00\",\"dateModified\":\"2022-01-19T14:05:09+00:00\",\"breadcrumb\":{\"@id\":\"https:\\\/\\\/www.policlinicogemelli.it\\\/en\\\/news-events\\\/varato-anticov-valutera-lefficacia-dei-monoclonali-contro-il-covid-19-in-un-contesto-di-vita-reale\\\/#breadcrumb\"},\"inLanguage\":\"en-US\",\"potentialAction\":[{\"@type\":\"ReadAction\",\"target\":[\"https:\\\/\\\/www.policlinicogemelli.it\\\/en\\\/news-events\\\/varato-anticov-valutera-lefficacia-dei-monoclonali-contro-il-covid-19-in-un-contesto-di-vita-reale\\\/\"]}]},{\"@type\":\"ImageObject\",\"inLanguage\":\"en-US\",\"@id\":\"https:\\\/\\\/www.policlinicogemelli.it\\\/en\\\/news-events\\\/varato-anticov-valutera-lefficacia-dei-monoclonali-contro-il-covid-19-in-un-contesto-di-vita-reale\\\/#primaryimage\",\"url\":\"https:\\\/\\\/www.policlinicogemelli.it\\\/wp-content\\\/uploads\\\/2022\\\/01\\\/da-sin-Franceschi-Pani-Richeldi.jpg\",\"contentUrl\":\"https:\\\/\\\/www.policlinicogemelli.it\\\/wp-content\\\/uploads\\\/2022\\\/01\\\/da-sin-Franceschi-Pani-Richeldi.jpg\",\"width\":4000,\"height\":2250},{\"@type\":\"BreadcrumbList\",\"@id\":\"https:\\\/\\\/www.policlinicogemelli.it\\\/en\\\/news-events\\\/varato-anticov-valutera-lefficacia-dei-monoclonali-contro-il-covid-19-in-un-contesto-di-vita-reale\\\/#breadcrumb\",\"itemListElement\":[{\"@type\":\"ListItem\",\"position\":1,\"name\":\"Home\",\"item\":\"https:\\\/\\\/www.policlinicogemelli.it\\\/en\\\/\"},{\"@type\":\"ListItem\",\"position\":2,\"name\":\"News and Events\",\"item\":\"https:\\\/\\\/www.policlinicogemelli.it\\\/en\\\/news-events\\\/\"},{\"@type\":\"ListItem\",\"position\":3,\"name\":\"Varato AntiCov: valuter\u00e0 l\u2019efficacia dei monoclonali contro il Covid-19 in un contesto di vita reale\"}]},{\"@type\":\"WebSite\",\"@id\":\"https:\\\/\\\/www.policlinicogemelli.it\\\/en\\\/#website\",\"url\":\"https:\\\/\\\/www.policlinicogemelli.it\\\/en\\\/\",\"name\":\"Policlinico Universitario Agostino Gemelli IRCCS\",\"description\":\"Policlinico Universitario Agostino Gemelli IRCCS\",\"publisher\":{\"@id\":\"https:\\\/\\\/www.policlinicogemelli.it\\\/en\\\/#organization\"},\"potentialAction\":[{\"@type\":\"SearchAction\",\"target\":{\"@type\":\"EntryPoint\",\"urlTemplate\":\"https:\\\/\\\/www.policlinicogemelli.it\\\/en\\\/?s={search_term_string}\"},\"query-input\":{\"@type\":\"PropertyValueSpecification\",\"valueRequired\":true,\"valueName\":\"search_term_string\"}}],\"inLanguage\":\"en-US\"},{\"@type\":\"Organization\",\"@id\":\"https:\\\/\\\/www.policlinicogemelli.it\\\/en\\\/#organization\",\"name\":\"Policlinico Universitario Agostino Gemelli IRCCS\",\"url\":\"https:\\\/\\\/www.policlinicogemelli.it\\\/en\\\/\",\"logo\":{\"@type\":\"ImageObject\",\"inLanguage\":\"en-US\",\"@id\":\"https:\\\/\\\/www.policlinicogemelli.it\\\/en\\\/#\\\/schema\\\/logo\\\/image\\\/\",\"url\":\"https:\\\/\\\/www.policlinicogemelli.it\\\/wp-content\\\/uploads\\\/2019\\\/02\\\/logo-policlinico-gemelli-250-trasp-color-1.png\",\"contentUrl\":\"https:\\\/\\\/www.policlinicogemelli.it\\\/wp-content\\\/uploads\\\/2019\\\/02\\\/logo-policlinico-gemelli-250-trasp-color-1.png\",\"width\":250,\"height\":82,\"caption\":\"Policlinico Universitario Agostino Gemelli IRCCS\"},\"image\":{\"@id\":\"https:\\\/\\\/www.policlinicogemelli.it\\\/en\\\/#\\\/schema\\\/logo\\\/image\\\/\"}}]}<\/script>\n<!-- \/ Yoast SEO plugin. -->","yoast_head_json":{"title":"Varato AntiCov: valuter\u00e0 l\u2019efficacia dei monoclonali contro il Covid-19 in un contesto di vita reale - Policlinico Universitario A. Gemelli IRCCS","robots":{"index":"index","follow":"follow","max-snippet":"max-snippet:-1","max-image-preview":"max-image-preview:large","max-video-preview":"max-video-preview:-1"},"canonical":"https:\/\/www.policlinicogemelli.it\/en\/news-events\/varato-anticov-valutera-lefficacia-dei-monoclonali-contro-il-covid-19-in-un-contesto-di-vita-reale\/","og_locale":"en_US","og_type":"article","og_title":"Varato AntiCov: valuter\u00e0 l\u2019efficacia dei monoclonali contro il Covid-19 in un contesto di vita reale - Policlinico Universitario A. Gemelli IRCCS","og_description":"\u00c8 finalmente partito AntiCov, il tanto atteso studio multicentrico che dir\u00e0 se gli anticorpi monoclonali sono efficaci anche contro la variante Omicron. La Fondazione Policlinico Universitario Agostino Gemelli IRCCS \u00e8 il centro coordinatore di questa ricerca che arruoler\u00e0 in totale 560 pazienti con Covid-19, ad alto e a basso rischio di complicanze. I monoclonali al [&hellip;]","og_url":"https:\/\/www.policlinicogemelli.it\/en\/news-events\/varato-anticov-valutera-lefficacia-dei-monoclonali-contro-il-covid-19-in-un-contesto-di-vita-reale\/","og_site_name":"Policlinico Universitario Agostino Gemelli IRCCS","article_modified_time":"2022-01-19T14:05:09+00:00","og_image":[{"width":4000,"height":2250,"url":"https:\/\/www.policlinicogemelli.it\/wp-content\/uploads\/2022\/01\/da-sin-Franceschi-Pani-Richeldi.jpg","type":"image\/jpeg"}],"twitter_card":"summary_large_image","twitter_misc":{"Est. reading time":"7 minutes"},"schema":{"@context":"https:\/\/schema.org","@graph":[{"@type":"WebPage","@id":"https:\/\/www.policlinicogemelli.it\/en\/news-events\/varato-anticov-valutera-lefficacia-dei-monoclonali-contro-il-covid-19-in-un-contesto-di-vita-reale\/","url":"https:\/\/www.policlinicogemelli.it\/en\/news-events\/varato-anticov-valutera-lefficacia-dei-monoclonali-contro-il-covid-19-in-un-contesto-di-vita-reale\/","name":"Varato AntiCov: valuter\u00e0 l\u2019efficacia dei monoclonali contro il Covid-19 in un contesto di vita reale - Policlinico Universitario A. Gemelli IRCCS","isPartOf":{"@id":"https:\/\/www.policlinicogemelli.it\/en\/#website"},"primaryImageOfPage":{"@id":"https:\/\/www.policlinicogemelli.it\/en\/news-events\/varato-anticov-valutera-lefficacia-dei-monoclonali-contro-il-covid-19-in-un-contesto-di-vita-reale\/#primaryimage"},"image":{"@id":"https:\/\/www.policlinicogemelli.it\/en\/news-events\/varato-anticov-valutera-lefficacia-dei-monoclonali-contro-il-covid-19-in-un-contesto-di-vita-reale\/#primaryimage"},"thumbnailUrl":"https:\/\/www.policlinicogemelli.it\/wp-content\/uploads\/2022\/01\/da-sin-Franceschi-Pani-Richeldi.jpg","datePublished":"2022-01-19T12:52:29+00:00","dateModified":"2022-01-19T14:05:09+00:00","breadcrumb":{"@id":"https:\/\/www.policlinicogemelli.it\/en\/news-events\/varato-anticov-valutera-lefficacia-dei-monoclonali-contro-il-covid-19-in-un-contesto-di-vita-reale\/#breadcrumb"},"inLanguage":"en-US","potentialAction":[{"@type":"ReadAction","target":["https:\/\/www.policlinicogemelli.it\/en\/news-events\/varato-anticov-valutera-lefficacia-dei-monoclonali-contro-il-covid-19-in-un-contesto-di-vita-reale\/"]}]},{"@type":"ImageObject","inLanguage":"en-US","@id":"https:\/\/www.policlinicogemelli.it\/en\/news-events\/varato-anticov-valutera-lefficacia-dei-monoclonali-contro-il-covid-19-in-un-contesto-di-vita-reale\/#primaryimage","url":"https:\/\/www.policlinicogemelli.it\/wp-content\/uploads\/2022\/01\/da-sin-Franceschi-Pani-Richeldi.jpg","contentUrl":"https:\/\/www.policlinicogemelli.it\/wp-content\/uploads\/2022\/01\/da-sin-Franceschi-Pani-Richeldi.jpg","width":4000,"height":2250},{"@type":"BreadcrumbList","@id":"https:\/\/www.policlinicogemelli.it\/en\/news-events\/varato-anticov-valutera-lefficacia-dei-monoclonali-contro-il-covid-19-in-un-contesto-di-vita-reale\/#breadcrumb","itemListElement":[{"@type":"ListItem","position":1,"name":"Home","item":"https:\/\/www.policlinicogemelli.it\/en\/"},{"@type":"ListItem","position":2,"name":"News and Events","item":"https:\/\/www.policlinicogemelli.it\/en\/news-events\/"},{"@type":"ListItem","position":3,"name":"Varato AntiCov: valuter\u00e0 l\u2019efficacia dei monoclonali contro il Covid-19 in un contesto di vita reale"}]},{"@type":"WebSite","@id":"https:\/\/www.policlinicogemelli.it\/en\/#website","url":"https:\/\/www.policlinicogemelli.it\/en\/","name":"Policlinico Universitario Agostino Gemelli IRCCS","description":"Policlinico Universitario Agostino Gemelli IRCCS","publisher":{"@id":"https:\/\/www.policlinicogemelli.it\/en\/#organization"},"potentialAction":[{"@type":"SearchAction","target":{"@type":"EntryPoint","urlTemplate":"https:\/\/www.policlinicogemelli.it\/en\/?s={search_term_string}"},"query-input":{"@type":"PropertyValueSpecification","valueRequired":true,"valueName":"search_term_string"}}],"inLanguage":"en-US"},{"@type":"Organization","@id":"https:\/\/www.policlinicogemelli.it\/en\/#organization","name":"Policlinico Universitario Agostino Gemelli IRCCS","url":"https:\/\/www.policlinicogemelli.it\/en\/","logo":{"@type":"ImageObject","inLanguage":"en-US","@id":"https:\/\/www.policlinicogemelli.it\/en\/#\/schema\/logo\/image\/","url":"https:\/\/www.policlinicogemelli.it\/wp-content\/uploads\/2019\/02\/logo-policlinico-gemelli-250-trasp-color-1.png","contentUrl":"https:\/\/www.policlinicogemelli.it\/wp-content\/uploads\/2019\/02\/logo-policlinico-gemelli-250-trasp-color-1.png","width":250,"height":82,"caption":"Policlinico Universitario Agostino Gemelli IRCCS"},"image":{"@id":"https:\/\/www.policlinicogemelli.it\/en\/#\/schema\/logo\/image\/"}}]}},"rest_api_enabler":[],"_links":{"self":[{"href":"https:\/\/www.policlinicogemelli.it\/en\/wp-json\/wp\/v2\/news\/41073","targetHints":{"allow":["GET"]}}],"collection":[{"href":"https:\/\/www.policlinicogemelli.it\/en\/wp-json\/wp\/v2\/news"}],"about":[{"href":"https:\/\/www.policlinicogemelli.it\/en\/wp-json\/wp\/v2\/types\/kf_gem_news"}],"version-history":[{"count":0,"href":"https:\/\/www.policlinicogemelli.it\/en\/wp-json\/wp\/v2\/news\/41073\/revisions"}],"wp:featuredmedia":[{"embeddable":true,"href":"https:\/\/www.policlinicogemelli.it\/en\/wp-json\/wp\/v2\/media\/41071"}],"wp:attachment":[{"href":"https:\/\/www.policlinicogemelli.it\/en\/wp-json\/wp\/v2\/media?parent=41073"}],"wp:term":[{"taxonomy":"kf_gem_newscat","embeddable":true,"href":"https:\/\/www.policlinicogemelli.it\/en\/wp-json\/wp\/v2\/categorie?post=41073"}],"curies":[{"name":"wp","href":"https:\/\/api.w.org\/{rel}","templated":true}]}}