{"id":40430,"date":"2021-11-08T11:37:00","date_gmt":"2021-11-08T11:37:00","guid":{"rendered":"https:\/\/www.policlinicogemelli.it\/news-eventi\/papa-francesco-messa-al-gemelli-per-i-60-anni-della-facolta-di-medicina\/"},"modified":"2021-11-26T11:46:00","modified_gmt":"2021-11-26T11:46:00","slug":"papa-francesco-messa-al-gemelli-per-i-60-anni-della-facolta-di-medicina","status":"publish","type":"kf_gem_news","link":"https:\/\/www.policlinicogemelli.it\/en\/news-events\/papa-francesco-messa-al-gemelli-per-i-60-anni-della-facolta-di-medicina\/","title":{"rendered":"Papa Francesco: messa al Gemelli per i 60 anni della Facolt\u00e0 di Medicina"},"content":{"rendered":"\n<p>Sono stati oltre 2mila i medici, gli infermieri e i pazienti della Fondazione Policlinico Universitario Agostino Gemelli IRCCS, insieme a docenti, studenti e personale amministrativo dell\u2019Universit\u00e0 Cattolica del Sacro Cuore che lo scorso 5 novembre hanno assistito alla messa celebrata da <strong>Papa Francesco <\/strong>in occasione dei 60 anni di vita della Facolt\u00e0 di Medicina e chirurgia della Cattolica, istituita il 5 novembre 1961, a completamento del progetto di Padre Agostino Gemelli di dar vita a un\u2019universit\u00e0 che mettesse la persona umana al centro di ogni attivit\u00e0 di ricerca e di formazione. La celebrazione si \u00e8 svolta nel campus dell\u2019Universit\u00e0 Cattolica e del Policlinico Gemelli, proprio dove dal 4 al 14 luglio scorso il Pontefice \u00e8 stato degente per un intervento al colon. E Papa Francesco nell\u2019omelia pronunciata nell\u2019occasione ha infatti espresso il suo \u201cgrazie per le cure e l\u2019affetto ricevuto\u201d nei giorni del ricovero. E proprio il concetto di cura e il sentimento con cui bisogna affrontare questo impegno \u00e8 stato al centro di uno dei passaggi pi\u00f9 intensi della sua omelia: \u201cSe vogliamo amare davvero Dio \u2013 ha detto Papa Francesco -, dobbiamo appassionarci dell\u2019uomo, di ogni uomo, soprattutto di quello che vive la condizione in cui il Cuore di Ges\u00f9 si \u00e8 manifestato, cio\u00e8 il dolore, l\u2019abbandono, lo scarto. Nella fretta di oggi, tra mille corse e continui affanni, stiamo perdendo la capacit\u00e0 di commuoverci e di provare compassione, &#8211; ha continuato il<br>Pontefice &#8211; perch\u00e9 stiamo smarrendo questo ritorno al cuore, cio\u00e8 il ricordo, la memoria. Senza memoria si perdono le radici e senza radici non si cresce. Ci fa bene alimentare la memoria di chi ci ha amato, ci ha curato, risollevato. Quanto sono importanti questi ricordi negli ospedali! Possono dare il senso alla giornata di un ammalato. Una parola fraterna, un sorriso, una carezza sul viso: sono ricordi che risanano dentro, fanno bene al cuore. Non dimentichiamo la terapia del ricordo!\u201d Alla concelebrazione eucaristica hanno partecipato alla guida della comunit\u00e0 del Policlinico Gemelli il Presidente, avvocato <strong>Carlo Fratta Pasini<\/strong>, e il Direttore generale, professor <strong>Marco Elefanti<\/strong>. Nei saluti rivolti al Santo Padre, il Rettore, professor <strong>Franco Anelli<\/strong>, e l\u2019Assistente Ecclesiastico Generale, monsignor <strong>Claudio Giuliodori<\/strong>, hanno espresso la gratitudine di tutta la famiglia universitaria e ospedaliera per il dono della visita. Dopo la celebrazione il Pontefice ha incontrato anche alcuni ospiti della Villetta della Misericordia, il primo centro di accoglienza a Roma per persone senza fissa dimora in un\u2019area inaugurata il 16 giugno 2016 e realizzata per iniziativa della Fondazione Policlinico Universitario A. Gemelli IRCCS, dell\u2019Istituto Giuseppe Toniolo di Studi Superiori, dell\u2019Universit\u00e0 Cattolica del Sacro Cuore e della Comunit\u00e0 di Sant\u2019Egidio. L\u2019Universit\u00e0 Cattolica, infine, ha donato farmaci di prima necessit\u00e0 per strutture sanitarie di Libano, Siria e Sudan.<\/p>\n\n\n\n<p>Foto: Vatican Media<\/p>\n\n\n\n<figure class=\"wp-block-image size-full\"><img loading=\"lazy\" decoding=\"async\" width=\"6490\" height=\"3878\" src=\"https:\/\/www.policlinicogemelli.it\/wp-content\/uploads\/2021\/11\/papa-60-anni-medicina.jpg\" alt=\"\" class=\"wp-image-40428\"\/><\/figure>\n","protected":false},"excerpt":{"rendered":"<p>Sono stati oltre 2mila i medici, gli infermieri e i pazienti della Fondazione Policlinico Universitario Agostino Gemelli IRCCS, insieme a docenti, studenti e personale amministrativo dell\u2019Universit\u00e0 Cattolica del Sacro Cuore che lo scorso 5 novembre hanno assistito alla messa celebrata da Papa Francesco in occasione dei 60 anni di vita della Facolt\u00e0 di Medicina e [&hellip;]<\/p>\n","protected":false},"featured_media":40426,"template":"","categorie":[96],"class_list":{"0":"post-40430","1":"kf_gem_news","2":"type-kf_gem_news","3":"status-publish","4":"has-post-thumbnail","6":"kf_gem_newscat-institutional-information","7":"entry"},"acf":[],"yoast_head":"<!-- This site is optimized with the Yoast SEO plugin v27.5 - https:\/\/yoast.com\/product\/yoast-seo-wordpress\/ -->\n<title>Papa Francesco: messa al Gemelli per i 60 anni della Facolt\u00e0 di Medicina - Policlinico Universitario A. Gemelli IRCCS<\/title>\n<meta name=\"robots\" content=\"index, follow, max-snippet:-1, max-image-preview:large, max-video-preview:-1\" \/>\n<link rel=\"canonical\" href=\"https:\/\/www.policlinicogemelli.it\/en\/news-events\/papa-francesco-messa-al-gemelli-per-i-60-anni-della-facolta-di-medicina\/\" \/>\n<meta property=\"og:locale\" content=\"en_US\" \/>\n<meta property=\"og:type\" content=\"article\" \/>\n<meta property=\"og:title\" content=\"Papa Francesco: messa al Gemelli per i 60 anni della Facolt\u00e0 di Medicina - Policlinico Universitario A. Gemelli IRCCS\" \/>\n<meta property=\"og:description\" content=\"Sono stati oltre 2mila i medici, gli infermieri e i pazienti della Fondazione Policlinico Universitario Agostino Gemelli IRCCS, insieme a docenti, studenti e personale amministrativo dell\u2019Universit\u00e0 Cattolica del Sacro Cuore che lo scorso 5 novembre hanno assistito alla messa celebrata da Papa Francesco in occasione dei 60 anni di vita della Facolt\u00e0 di Medicina e [&hellip;]\" \/>\n<meta property=\"og:url\" content=\"https:\/\/www.policlinicogemelli.it\/en\/news-events\/papa-francesco-messa-al-gemelli-per-i-60-anni-della-facolta-di-medicina\/\" \/>\n<meta property=\"og:site_name\" content=\"Policlinico Universitario Agostino Gemelli IRCCS\" \/>\n<meta property=\"article:modified_time\" content=\"2021-11-26T11:46:00+00:00\" \/>\n<meta property=\"og:image\" content=\"https:\/\/www.policlinicogemelli.it\/wp-content\/uploads\/2021\/11\/papa2-60-anni-medicina.jpg\" \/>\n\t<meta property=\"og:image:width\" content=\"1024\" \/>\n\t<meta property=\"og:image:height\" content=\"683\" \/>\n\t<meta property=\"og:image:type\" content=\"image\/jpeg\" \/>\n<meta name=\"twitter:card\" content=\"summary_large_image\" \/>\n<meta name=\"twitter:label1\" content=\"Est. reading time\" \/>\n\t<meta name=\"twitter:data1\" content=\"2 minutes\" \/>\n<script type=\"application\/ld+json\" class=\"yoast-schema-graph\">{\"@context\":\"https:\\\/\\\/schema.org\",\"@graph\":[{\"@type\":\"WebPage\",\"@id\":\"https:\\\/\\\/www.policlinicogemelli.it\\\/en\\\/news-events\\\/papa-francesco-messa-al-gemelli-per-i-60-anni-della-facolta-di-medicina\\\/\",\"url\":\"https:\\\/\\\/www.policlinicogemelli.it\\\/en\\\/news-events\\\/papa-francesco-messa-al-gemelli-per-i-60-anni-della-facolta-di-medicina\\\/\",\"name\":\"Papa Francesco: messa al Gemelli per i 60 anni della Facolt\u00e0 di Medicina - Policlinico Universitario A. Gemelli IRCCS\",\"isPartOf\":{\"@id\":\"https:\\\/\\\/www.policlinicogemelli.it\\\/en\\\/#website\"},\"primaryImageOfPage\":{\"@id\":\"https:\\\/\\\/www.policlinicogemelli.it\\\/en\\\/news-events\\\/papa-francesco-messa-al-gemelli-per-i-60-anni-della-facolta-di-medicina\\\/#primaryimage\"},\"image\":{\"@id\":\"https:\\\/\\\/www.policlinicogemelli.it\\\/en\\\/news-events\\\/papa-francesco-messa-al-gemelli-per-i-60-anni-della-facolta-di-medicina\\\/#primaryimage\"},\"thumbnailUrl\":\"https:\\\/\\\/www.policlinicogemelli.it\\\/wp-content\\\/uploads\\\/2021\\\/11\\\/papa2-60-anni-medicina.jpg\",\"datePublished\":\"2021-11-08T11:37:00+00:00\",\"dateModified\":\"2021-11-26T11:46:00+00:00\",\"breadcrumb\":{\"@id\":\"https:\\\/\\\/www.policlinicogemelli.it\\\/en\\\/news-events\\\/papa-francesco-messa-al-gemelli-per-i-60-anni-della-facolta-di-medicina\\\/#breadcrumb\"},\"inLanguage\":\"en-US\",\"potentialAction\":[{\"@type\":\"ReadAction\",\"target\":[\"https:\\\/\\\/www.policlinicogemelli.it\\\/en\\\/news-events\\\/papa-francesco-messa-al-gemelli-per-i-60-anni-della-facolta-di-medicina\\\/\"]}]},{\"@type\":\"ImageObject\",\"inLanguage\":\"en-US\",\"@id\":\"https:\\\/\\\/www.policlinicogemelli.it\\\/en\\\/news-events\\\/papa-francesco-messa-al-gemelli-per-i-60-anni-della-facolta-di-medicina\\\/#primaryimage\",\"url\":\"https:\\\/\\\/www.policlinicogemelli.it\\\/wp-content\\\/uploads\\\/2021\\\/11\\\/papa2-60-anni-medicina.jpg\",\"contentUrl\":\"https:\\\/\\\/www.policlinicogemelli.it\\\/wp-content\\\/uploads\\\/2021\\\/11\\\/papa2-60-anni-medicina.jpg\",\"width\":7087,\"height\":4725},{\"@type\":\"BreadcrumbList\",\"@id\":\"https:\\\/\\\/www.policlinicogemelli.it\\\/en\\\/news-events\\\/papa-francesco-messa-al-gemelli-per-i-60-anni-della-facolta-di-medicina\\\/#breadcrumb\",\"itemListElement\":[{\"@type\":\"ListItem\",\"position\":1,\"name\":\"Home\",\"item\":\"https:\\\/\\\/www.policlinicogemelli.it\\\/en\\\/\"},{\"@type\":\"ListItem\",\"position\":2,\"name\":\"News and Events\",\"item\":\"https:\\\/\\\/www.policlinicogemelli.it\\\/en\\\/news-events\\\/\"},{\"@type\":\"ListItem\",\"position\":3,\"name\":\"Papa Francesco: messa al Gemelli per i 60 anni della Facolt\u00e0 di Medicina\"}]},{\"@type\":\"WebSite\",\"@id\":\"https:\\\/\\\/www.policlinicogemelli.it\\\/en\\\/#website\",\"url\":\"https:\\\/\\\/www.policlinicogemelli.it\\\/en\\\/\",\"name\":\"Policlinico Universitario Agostino Gemelli IRCCS\",\"description\":\"Policlinico Universitario Agostino Gemelli IRCCS\",\"publisher\":{\"@id\":\"https:\\\/\\\/www.policlinicogemelli.it\\\/en\\\/#organization\"},\"potentialAction\":[{\"@type\":\"SearchAction\",\"target\":{\"@type\":\"EntryPoint\",\"urlTemplate\":\"https:\\\/\\\/www.policlinicogemelli.it\\\/en\\\/?s={search_term_string}\"},\"query-input\":{\"@type\":\"PropertyValueSpecification\",\"valueRequired\":true,\"valueName\":\"search_term_string\"}}],\"inLanguage\":\"en-US\"},{\"@type\":\"Organization\",\"@id\":\"https:\\\/\\\/www.policlinicogemelli.it\\\/en\\\/#organization\",\"name\":\"Policlinico Universitario Agostino Gemelli IRCCS\",\"url\":\"https:\\\/\\\/www.policlinicogemelli.it\\\/en\\\/\",\"logo\":{\"@type\":\"ImageObject\",\"inLanguage\":\"en-US\",\"@id\":\"https:\\\/\\\/www.policlinicogemelli.it\\\/en\\\/#\\\/schema\\\/logo\\\/image\\\/\",\"url\":\"https:\\\/\\\/www.policlinicogemelli.it\\\/wp-content\\\/uploads\\\/2019\\\/02\\\/logo-policlinico-gemelli-250-trasp-color-1.png\",\"contentUrl\":\"https:\\\/\\\/www.policlinicogemelli.it\\\/wp-content\\\/uploads\\\/2019\\\/02\\\/logo-policlinico-gemelli-250-trasp-color-1.png\",\"width\":250,\"height\":82,\"caption\":\"Policlinico Universitario Agostino Gemelli IRCCS\"},\"image\":{\"@id\":\"https:\\\/\\\/www.policlinicogemelli.it\\\/en\\\/#\\\/schema\\\/logo\\\/image\\\/\"}}]}<\/script>\n<!-- \/ Yoast SEO plugin. -->","yoast_head_json":{"title":"Papa Francesco: messa al Gemelli per i 60 anni della Facolt\u00e0 di Medicina - Policlinico Universitario A. Gemelli IRCCS","robots":{"index":"index","follow":"follow","max-snippet":"max-snippet:-1","max-image-preview":"max-image-preview:large","max-video-preview":"max-video-preview:-1"},"canonical":"https:\/\/www.policlinicogemelli.it\/en\/news-events\/papa-francesco-messa-al-gemelli-per-i-60-anni-della-facolta-di-medicina\/","og_locale":"en_US","og_type":"article","og_title":"Papa Francesco: messa al Gemelli per i 60 anni della Facolt\u00e0 di Medicina - Policlinico Universitario A. Gemelli IRCCS","og_description":"Sono stati oltre 2mila i medici, gli infermieri e i pazienti della Fondazione Policlinico Universitario Agostino Gemelli IRCCS, insieme a docenti, studenti e personale amministrativo dell\u2019Universit\u00e0 Cattolica del Sacro Cuore che lo scorso 5 novembre hanno assistito alla messa celebrata da Papa Francesco in occasione dei 60 anni di vita della Facolt\u00e0 di Medicina e [&hellip;]","og_url":"https:\/\/www.policlinicogemelli.it\/en\/news-events\/papa-francesco-messa-al-gemelli-per-i-60-anni-della-facolta-di-medicina\/","og_site_name":"Policlinico Universitario Agostino Gemelli IRCCS","article_modified_time":"2021-11-26T11:46:00+00:00","og_image":[{"url":"https:\/\/www.policlinicogemelli.it\/wp-content\/uploads\/2021\/11\/papa2-60-anni-medicina.jpg","width":1024,"height":683,"type":"image\/jpeg"}],"twitter_card":"summary_large_image","twitter_misc":{"Est. reading time":"2 minutes"},"schema":{"@context":"https:\/\/schema.org","@graph":[{"@type":"WebPage","@id":"https:\/\/www.policlinicogemelli.it\/en\/news-events\/papa-francesco-messa-al-gemelli-per-i-60-anni-della-facolta-di-medicina\/","url":"https:\/\/www.policlinicogemelli.it\/en\/news-events\/papa-francesco-messa-al-gemelli-per-i-60-anni-della-facolta-di-medicina\/","name":"Papa Francesco: messa al Gemelli per i 60 anni della Facolt\u00e0 di Medicina - Policlinico Universitario A. Gemelli IRCCS","isPartOf":{"@id":"https:\/\/www.policlinicogemelli.it\/en\/#website"},"primaryImageOfPage":{"@id":"https:\/\/www.policlinicogemelli.it\/en\/news-events\/papa-francesco-messa-al-gemelli-per-i-60-anni-della-facolta-di-medicina\/#primaryimage"},"image":{"@id":"https:\/\/www.policlinicogemelli.it\/en\/news-events\/papa-francesco-messa-al-gemelli-per-i-60-anni-della-facolta-di-medicina\/#primaryimage"},"thumbnailUrl":"https:\/\/www.policlinicogemelli.it\/wp-content\/uploads\/2021\/11\/papa2-60-anni-medicina.jpg","datePublished":"2021-11-08T11:37:00+00:00","dateModified":"2021-11-26T11:46:00+00:00","breadcrumb":{"@id":"https:\/\/www.policlinicogemelli.it\/en\/news-events\/papa-francesco-messa-al-gemelli-per-i-60-anni-della-facolta-di-medicina\/#breadcrumb"},"inLanguage":"en-US","potentialAction":[{"@type":"ReadAction","target":["https:\/\/www.policlinicogemelli.it\/en\/news-events\/papa-francesco-messa-al-gemelli-per-i-60-anni-della-facolta-di-medicina\/"]}]},{"@type":"ImageObject","inLanguage":"en-US","@id":"https:\/\/www.policlinicogemelli.it\/en\/news-events\/papa-francesco-messa-al-gemelli-per-i-60-anni-della-facolta-di-medicina\/#primaryimage","url":"https:\/\/www.policlinicogemelli.it\/wp-content\/uploads\/2021\/11\/papa2-60-anni-medicina.jpg","contentUrl":"https:\/\/www.policlinicogemelli.it\/wp-content\/uploads\/2021\/11\/papa2-60-anni-medicina.jpg","width":7087,"height":4725},{"@type":"BreadcrumbList","@id":"https:\/\/www.policlinicogemelli.it\/en\/news-events\/papa-francesco-messa-al-gemelli-per-i-60-anni-della-facolta-di-medicina\/#breadcrumb","itemListElement":[{"@type":"ListItem","position":1,"name":"Home","item":"https:\/\/www.policlinicogemelli.it\/en\/"},{"@type":"ListItem","position":2,"name":"News and Events","item":"https:\/\/www.policlinicogemelli.it\/en\/news-events\/"},{"@type":"ListItem","position":3,"name":"Papa Francesco: messa al Gemelli per i 60 anni della Facolt\u00e0 di Medicina"}]},{"@type":"WebSite","@id":"https:\/\/www.policlinicogemelli.it\/en\/#website","url":"https:\/\/www.policlinicogemelli.it\/en\/","name":"Policlinico Universitario Agostino Gemelli IRCCS","description":"Policlinico Universitario Agostino Gemelli IRCCS","publisher":{"@id":"https:\/\/www.policlinicogemelli.it\/en\/#organization"},"potentialAction":[{"@type":"SearchAction","target":{"@type":"EntryPoint","urlTemplate":"https:\/\/www.policlinicogemelli.it\/en\/?s={search_term_string}"},"query-input":{"@type":"PropertyValueSpecification","valueRequired":true,"valueName":"search_term_string"}}],"inLanguage":"en-US"},{"@type":"Organization","@id":"https:\/\/www.policlinicogemelli.it\/en\/#organization","name":"Policlinico Universitario Agostino Gemelli IRCCS","url":"https:\/\/www.policlinicogemelli.it\/en\/","logo":{"@type":"ImageObject","inLanguage":"en-US","@id":"https:\/\/www.policlinicogemelli.it\/en\/#\/schema\/logo\/image\/","url":"https:\/\/www.policlinicogemelli.it\/wp-content\/uploads\/2019\/02\/logo-policlinico-gemelli-250-trasp-color-1.png","contentUrl":"https:\/\/www.policlinicogemelli.it\/wp-content\/uploads\/2019\/02\/logo-policlinico-gemelli-250-trasp-color-1.png","width":250,"height":82,"caption":"Policlinico Universitario Agostino Gemelli IRCCS"},"image":{"@id":"https:\/\/www.policlinicogemelli.it\/en\/#\/schema\/logo\/image\/"}}]}},"rest_api_enabler":[],"_links":{"self":[{"href":"https:\/\/www.policlinicogemelli.it\/en\/wp-json\/wp\/v2\/news\/40430","targetHints":{"allow":["GET"]}}],"collection":[{"href":"https:\/\/www.policlinicogemelli.it\/en\/wp-json\/wp\/v2\/news"}],"about":[{"href":"https:\/\/www.policlinicogemelli.it\/en\/wp-json\/wp\/v2\/types\/kf_gem_news"}],"version-history":[{"count":0,"href":"https:\/\/www.policlinicogemelli.it\/en\/wp-json\/wp\/v2\/news\/40430\/revisions"}],"wp:featuredmedia":[{"embeddable":true,"href":"https:\/\/www.policlinicogemelli.it\/en\/wp-json\/wp\/v2\/media\/40426"}],"wp:attachment":[{"href":"https:\/\/www.policlinicogemelli.it\/en\/wp-json\/wp\/v2\/media?parent=40430"}],"wp:term":[{"taxonomy":"kf_gem_newscat","embeddable":true,"href":"https:\/\/www.policlinicogemelli.it\/en\/wp-json\/wp\/v2\/categorie?post=40430"}],"curies":[{"name":"wp","href":"https:\/\/api.w.org\/{rel}","templated":true}]}}