{"id":40267,"date":"2021-11-10T10:26:19","date_gmt":"2021-11-10T10:26:19","guid":{"rendered":"https:\/\/www.policlinicogemelli.it\/?post_type=kf_gem_news&#038;p=40267"},"modified":"2021-11-12T12:23:32","modified_gmt":"2021-11-12T12:23:32","slug":"giornata-nazionale-delle-cure-palliative-lesperienza-del-gemelli-al-servizio-dei-pazienti-e-delle-loro-famiglie","status":"publish","type":"kf_gem_news","link":"https:\/\/www.policlinicogemelli.it\/en\/news-events\/giornata-nazionale-delle-cure-palliative-lesperienza-del-gemelli-al-servizio-dei-pazienti-e-delle-loro-famiglie\/","title":{"rendered":"Giornata Nazionale delle Cure Palliative: l\u2019esperienza del Gemelli al servizio dei pazienti e delle loro famiglie"},"content":{"rendered":"\n<p>Le cure palliative rappresentano la medicina che accompagna, quando non c\u2019\u00e8 pi\u00f9 possibilit\u00e0 di guarigione; e sono preziose perch\u00e9 rivestono i giorni di qualit\u00e0, quando non si pu\u00f2 pi\u00f9 garantire il dono del tempo. E sono tante le novit\u00e0 che si profilano all\u2019orizzonte in questo campo. Per questo, in occasione della Giornata Nazionale 2021, il servizio di Cure Palliative Intraospedaliere della Fondazione Policlinico Universitario Agostino Gemelli IRCCS ha organizzato un convegno per fare il punto della situazione e delineare le linee di tendenza future.<\/p>\n\n\n\n<p>Tutto \u00e8 partito dalla legge 38 del 2010, la legge quadro sulle cure palliative, quella che ha sancito il diritto del cittadino ad accedere alle cure palliative e alla terapia del dolore nell\u2019ambito dei Livelli Essenziali di Assistenza (LEA). Cure palliative per qualunque et\u00e0 e per ogni tipo di patologia evolutiva oncologica e non. Da allora gi\u00e0 tanto \u00e8 stato fatto, almeno in alcune realt\u00e0 come quella del Policlinico Gemelli.<\/p>\n\n\n\n<p>\u201cQuesto evento \u2013 afferma il dottor <strong>Christian Barillaro,<\/strong> Direttore della UOC Cure Palliative e Centrale di Continuit\u00e0 Assistenziale, Policlinico Universitario A. Gemelli IRCCS &#8211; rappresenta il punto di partenza e allo stesso tempo la sintesi di quello che abbiamo costruito in questi anni e dell\u2019impegno della Fondazione Gemelli in questo settore. Ma vuole rappresentare anche un ideale trampolino di lancio verso qualcosa di pi\u00f9 grande, verso un vero e proprio cambio di marcia nel settore delle cure palliative\u201d.<\/p>\n\n\n\n<p>\u201cLe cure palliative \u2013 prosegue Barillaro \u2013 sono una vera e propria professione. L\u2019attenzione ai sintomi emergenti nelle fasi avanzate di malattia alla presa in carico globale del paziente e della sua famiglia \u00e8 una componente essenziale della cura del malato. Per questo le cure palliative sono un <em>continuum<\/em>, un vero e proprio processo di cura &#8211; e non certo la \u2018fine delle cure\u2019 \u2013 che si estende oltre la morte del paziente, aiutando i familiari a elaborare il lutto. Non ci si improvvisa palliativisti, perch\u00e9 \u00e8 una vera e propria professione con molti elementi di complessit\u00e0. \u00c8 dunque necessaria tanta formazione e tanta attenzione anche ad aspetti non marginali, quali ad esempio il <em>touching<\/em> (cio\u00e8 a come si tocca il malato), all\u2019approccio al paziente e alla sua famiglia, al saper dire e al saper fare. Serve la giusta competenza per approcciare questo tipo di pazienti\u201d.<\/p>\n\n\n\n<p>E a riprova di quanto sia forte e impellente il bisogno di formazione in questo settore, a breve, forse gi\u00e0 dal prossimo anno, in alcune universit\u00e0 italiane verr\u00e0 istituita la scuola di specializzazione in Medicina e cure palliative, grazie alla legge 77\/2020.<\/p>\n\n\n\n<p>E il Gemelli si presenta a questo importante appuntamento con un curriculum di cure palliative intra-ospedaliere di tutto rispetto e con una serie di plus.<\/p>\n\n\n\n<p>L\u2019Universit\u00e0 Cattolica del Sacro Cuore-Fondazione Policlinico Universitario Agostino Gemelli IRCCS ha infatti una <strong>lunga tradizione nella formazione<\/strong> dei medici e del personale sanitario in cure palliative. A cominciare dal Master di secondo livello in Alta Formazione e qualificazione in Cure Palliative per Medici Specialisti, istituito nel 2012, seguito dal Master di primo livello in Cure palliative e terapia del dolore per le professioni sanitarie, avviato nel 2013.&nbsp; Pi\u00f9 di recente, gli insegnamenti in Cure Palliative sono stati inseriti anche nel Corso Integrato di Oncologia e nel corso di laurea in Medicine &amp; Surgery della Facolt\u00e0 di Medicina e Chirurgia dell\u2019Universit\u00e0 Cattolica.<\/p>\n\n\n\n<p>Importanti anche i <strong>volumi di attivit\u00e0<\/strong> della Fondazione Policlinico Gemelli. Dal 2016 opera presso il Gemelli un Servizio di Cure Palliative Intraospedaliere, che nell\u2019ultimo anno ha effettuato oltre 1.500 consulenze dedicate.<\/p>\n\n\n\n<p>Un altro <em>plus<\/em> delle cure palliative offerte dal Policlinico Gemelli \u00e8 quello della <strong>complessit\u00e0<\/strong>: il servizio si occupa infatti di persone con malattie oncologiche e non, e copre tutte le fasce d\u2019et\u00e0, dalle cure palliative in utero a quelle dedicate al grande anziano. Un altro skill \u00e8 rappresentato dall\u2019<strong>hospice per le cure palliative perinatali<\/strong>, uno dei pochissimi in Italia.<\/p>\n\n\n\n<p>Fondamentale \u00e8 anche l\u2019impegno nella <strong>ricerca<\/strong>, con progetti dedicati a vari aspetti peculiari ed estesi alla tecno-assistenza e al tele-monitoraggio di pazienti con bisogni di cure palliative, che rappresenta il futuro anche in questo settore.<\/p>\n\n\n\n<p><strong><u>Due progetti particolari<\/u><\/strong><\/p>\n\n\n\n<p>Il <strong>progetto Michaela<\/strong> \u00e8 un ambulatorio di cure palliative precoci per donne con tumore al seno metastatico, seguite presso il servizio di Senologia del Gemelli. Si tratta di un progetto pilota relativo a un ambulatorio interprofessionale (medico palliativista, psicologo e breast nursing, cio\u00e8 l\u2019infermiera dedicata) che prende in carico precocemente e affianca la paziente in tutto il suo percorso di malattia, per evitare lo smarrimento assistenziale, attraverso tutti gli snodi del percorso. Attivato lo scorso maggio, ha gi\u00e0 preso in carico una ventina di pazienti.<\/p>\n\n\n\n<p>Il <strong>progetto CUPIIDO<\/strong> (Cure Palliative Integrate Innovative per Donna Oncologica) \u00e8 un progetto pilota che partir\u00e0 il prossimo anno e riguarder\u00e0 una popolazione di pazienti con carcinoma ovarico platino-resistente, che verranno seguite nel loro percorso di cura con gli strumenti pi\u00f9 avanzati della tecno-assistenza (dall\u2019infermiera virtuale, ai dispositivi per l\u2019esame obiettivo a distanza che consentir\u00e0 ai ginecologi oncologi e al team di cure palliative di monitorarle in maniera continuativa da casa)<\/p>\n\n\n\n<p>\u201cL\u2019impegno concreto da parte della nostra Facolt\u00e0 di Medicina e chirurgia \u2013 afferma il professor <strong>Roberto Bernabei<\/strong>, Ordinario di <em>Medicina Interna e Geriatria dell\u2019Universit\u00e0 Cattolica e direttore del Dipartimento Scienze dell\u2019invecchiamento, neurologiche, ortopediche e della testa-collo della Fondazione Policlinico Universitario Agostino Gemelli IRCCS-<\/em>\u00e8 l\u2019istituzione della cattedra di Medicina e Cure Palliative con l\u2019auspicio di una successiva scuola di specializzazione. Questo ad adempiere la missione educativa dell\u2019Universit\u00e0 Cattolica di aiutare i giovani ad essere protagonisti di un futuro ricco di speranza\u201d.<\/p>\n\n\n\n<figure class=\"wp-block-image size-full\"><img loading=\"lazy\" decoding=\"async\" width=\"850\" height=\"637\" src=\"https:\/\/www.policlinicogemelli.it\/wp-content\/uploads\/2021\/11\/sito-Il-Dr.-Barillaro-con-il-team-delle-cure-palliative.jpg\" alt=\"\" class=\"wp-image-40270\"\/><figcaption>Il Dottor Christian Barillaro con il team delle cure palliative<\/figcaption><\/figure>\n\n\n\n<p><strong><em>Maria Rita Montebelli<\/em><\/strong><\/p>\n\n\n<style>.wp-block-kadence-spacer.kt-block-spacer-_ba6f10-d9 .kt-block-spacer{height:60px;}.wp-block-kadence-spacer.kt-block-spacer-_ba6f10-d9 .kt-divider{border-top-width:1px;height:1px;border-top-color:#eee;width:80%;border-top-style:solid;}<\/style>\n<div class=\"wp-block-kadence-spacer aligncenter kt-block-spacer-_ba6f10-d9\"><div class=\"kt-block-spacer kt-block-spacer-halign-center\" style=\"height:60px\"><hr class=\"kt-divider\" style=\"border-top-color:#eee;border-top-width:1px;width:80%;border-top-style:solid\"\/><\/div><\/div>\n\n\n\n<iframe loading=\"lazy\" width=\"850\" height=\"495\" src=\"https:\/\/www.youtube.com\/embed\/b5S78HgHHp0\" title=\"YouTube video player\" frameborder=\"0\" allow=\"accelerometer; autoplay; clipboard-write; encrypted-media; gyroscope; picture-in-picture\" allowfullscreen><\/iframe>\n","protected":false},"excerpt":{"rendered":"<p>Le cure palliative rappresentano la medicina che accompagna, quando non c\u2019\u00e8 pi\u00f9 possibilit\u00e0 di guarigione; e sono preziose perch\u00e9 rivestono i giorni di qualit\u00e0, quando non si pu\u00f2 pi\u00f9 garantire il dono del tempo. E sono tante le novit\u00e0 che si profilano all\u2019orizzonte in questo campo. Per questo, in occasione della Giornata Nazionale 2021, il [&hellip;]<\/p>\n","protected":false},"featured_media":40272,"template":"","categorie":[93],"class_list":{"0":"post-40267","1":"kf_gem_news","2":"type-kf_gem_news","3":"status-publish","4":"has-post-thumbnail","6":"kf_gem_newscat-events","7":"entry"},"acf":[],"yoast_head":"<!-- This site is optimized with the Yoast SEO plugin v27.5 - https:\/\/yoast.com\/product\/yoast-seo-wordpress\/ -->\n<title>Giornata Nazionale delle Cure Palliative: l\u2019esperienza del Gemelli al servizio dei pazienti e delle loro famiglie - Policlinico Universitario A. Gemelli IRCCS<\/title>\n<meta name=\"robots\" content=\"index, follow, max-snippet:-1, max-image-preview:large, max-video-preview:-1\" \/>\n<link rel=\"canonical\" href=\"https:\/\/www.policlinicogemelli.it\/en\/news-events\/giornata-nazionale-delle-cure-palliative-lesperienza-del-gemelli-al-servizio-dei-pazienti-e-delle-loro-famiglie\/\" \/>\n<meta property=\"og:locale\" content=\"en_US\" \/>\n<meta property=\"og:type\" content=\"article\" \/>\n<meta property=\"og:title\" content=\"Giornata Nazionale delle Cure Palliative: l\u2019esperienza del Gemelli al servizio dei pazienti e delle loro famiglie - Policlinico Universitario A. Gemelli IRCCS\" \/>\n<meta property=\"og:description\" content=\"Le cure palliative rappresentano la medicina che accompagna, quando non c\u2019\u00e8 pi\u00f9 possibilit\u00e0 di guarigione; e sono preziose perch\u00e9 rivestono i giorni di qualit\u00e0, quando non si pu\u00f2 pi\u00f9 garantire il dono del tempo. E sono tante le novit\u00e0 che si profilano all\u2019orizzonte in questo campo. Per questo, in occasione della Giornata Nazionale 2021, il [&hellip;]\" \/>\n<meta property=\"og:url\" content=\"https:\/\/www.policlinicogemelli.it\/en\/news-events\/giornata-nazionale-delle-cure-palliative-lesperienza-del-gemelli-al-servizio-dei-pazienti-e-delle-loro-famiglie\/\" \/>\n<meta property=\"og:site_name\" content=\"Policlinico Universitario Agostino Gemelli IRCCS\" \/>\n<meta property=\"article:modified_time\" content=\"2021-11-12T12:23:32+00:00\" \/>\n<meta property=\"og:image\" content=\"https:\/\/www.policlinicogemelli.it\/wp-content\/uploads\/2021\/11\/FOTO-SITO-BARILLARO.jpg\" \/>\n\t<meta property=\"og:image:width\" content=\"850\" \/>\n\t<meta property=\"og:image:height\" content=\"495\" \/>\n\t<meta property=\"og:image:type\" content=\"image\/jpeg\" \/>\n<meta name=\"twitter:card\" content=\"summary_large_image\" \/>\n<meta name=\"twitter:label1\" content=\"Est. reading time\" \/>\n\t<meta name=\"twitter:data1\" content=\"5 minutes\" \/>\n<script type=\"application\/ld+json\" class=\"yoast-schema-graph\">{\"@context\":\"https:\\\/\\\/schema.org\",\"@graph\":[{\"@type\":\"WebPage\",\"@id\":\"https:\\\/\\\/www.policlinicogemelli.it\\\/en\\\/news-events\\\/giornata-nazionale-delle-cure-palliative-lesperienza-del-gemelli-al-servizio-dei-pazienti-e-delle-loro-famiglie\\\/\",\"url\":\"https:\\\/\\\/www.policlinicogemelli.it\\\/en\\\/news-events\\\/giornata-nazionale-delle-cure-palliative-lesperienza-del-gemelli-al-servizio-dei-pazienti-e-delle-loro-famiglie\\\/\",\"name\":\"Giornata Nazionale delle Cure Palliative: l\u2019esperienza del Gemelli al servizio dei pazienti e delle loro famiglie - Policlinico Universitario A. Gemelli IRCCS\",\"isPartOf\":{\"@id\":\"https:\\\/\\\/www.policlinicogemelli.it\\\/en\\\/#website\"},\"primaryImageOfPage\":{\"@id\":\"https:\\\/\\\/www.policlinicogemelli.it\\\/en\\\/news-events\\\/giornata-nazionale-delle-cure-palliative-lesperienza-del-gemelli-al-servizio-dei-pazienti-e-delle-loro-famiglie\\\/#primaryimage\"},\"image\":{\"@id\":\"https:\\\/\\\/www.policlinicogemelli.it\\\/en\\\/news-events\\\/giornata-nazionale-delle-cure-palliative-lesperienza-del-gemelli-al-servizio-dei-pazienti-e-delle-loro-famiglie\\\/#primaryimage\"},\"thumbnailUrl\":\"https:\\\/\\\/www.policlinicogemelli.it\\\/wp-content\\\/uploads\\\/2021\\\/11\\\/FOTO-SITO-BARILLARO.jpg\",\"datePublished\":\"2021-11-10T10:26:19+00:00\",\"dateModified\":\"2021-11-12T12:23:32+00:00\",\"breadcrumb\":{\"@id\":\"https:\\\/\\\/www.policlinicogemelli.it\\\/en\\\/news-events\\\/giornata-nazionale-delle-cure-palliative-lesperienza-del-gemelli-al-servizio-dei-pazienti-e-delle-loro-famiglie\\\/#breadcrumb\"},\"inLanguage\":\"en-US\",\"potentialAction\":[{\"@type\":\"ReadAction\",\"target\":[\"https:\\\/\\\/www.policlinicogemelli.it\\\/en\\\/news-events\\\/giornata-nazionale-delle-cure-palliative-lesperienza-del-gemelli-al-servizio-dei-pazienti-e-delle-loro-famiglie\\\/\"]}]},{\"@type\":\"ImageObject\",\"inLanguage\":\"en-US\",\"@id\":\"https:\\\/\\\/www.policlinicogemelli.it\\\/en\\\/news-events\\\/giornata-nazionale-delle-cure-palliative-lesperienza-del-gemelli-al-servizio-dei-pazienti-e-delle-loro-famiglie\\\/#primaryimage\",\"url\":\"https:\\\/\\\/www.policlinicogemelli.it\\\/wp-content\\\/uploads\\\/2021\\\/11\\\/FOTO-SITO-BARILLARO.jpg\",\"contentUrl\":\"https:\\\/\\\/www.policlinicogemelli.it\\\/wp-content\\\/uploads\\\/2021\\\/11\\\/FOTO-SITO-BARILLARO.jpg\",\"width\":850,\"height\":495},{\"@type\":\"BreadcrumbList\",\"@id\":\"https:\\\/\\\/www.policlinicogemelli.it\\\/en\\\/news-events\\\/giornata-nazionale-delle-cure-palliative-lesperienza-del-gemelli-al-servizio-dei-pazienti-e-delle-loro-famiglie\\\/#breadcrumb\",\"itemListElement\":[{\"@type\":\"ListItem\",\"position\":1,\"name\":\"Home\",\"item\":\"https:\\\/\\\/www.policlinicogemelli.it\\\/en\\\/\"},{\"@type\":\"ListItem\",\"position\":2,\"name\":\"News and Events\",\"item\":\"https:\\\/\\\/www.policlinicogemelli.it\\\/en\\\/news-events\\\/\"},{\"@type\":\"ListItem\",\"position\":3,\"name\":\"Giornata Nazionale delle Cure Palliative: l\u2019esperienza del Gemelli al servizio dei pazienti e delle loro famiglie\"}]},{\"@type\":\"WebSite\",\"@id\":\"https:\\\/\\\/www.policlinicogemelli.it\\\/en\\\/#website\",\"url\":\"https:\\\/\\\/www.policlinicogemelli.it\\\/en\\\/\",\"name\":\"Policlinico Universitario Agostino Gemelli IRCCS\",\"description\":\"Policlinico Universitario Agostino Gemelli IRCCS\",\"publisher\":{\"@id\":\"https:\\\/\\\/www.policlinicogemelli.it\\\/en\\\/#organization\"},\"potentialAction\":[{\"@type\":\"SearchAction\",\"target\":{\"@type\":\"EntryPoint\",\"urlTemplate\":\"https:\\\/\\\/www.policlinicogemelli.it\\\/en\\\/?s={search_term_string}\"},\"query-input\":{\"@type\":\"PropertyValueSpecification\",\"valueRequired\":true,\"valueName\":\"search_term_string\"}}],\"inLanguage\":\"en-US\"},{\"@type\":\"Organization\",\"@id\":\"https:\\\/\\\/www.policlinicogemelli.it\\\/en\\\/#organization\",\"name\":\"Policlinico Universitario Agostino Gemelli IRCCS\",\"url\":\"https:\\\/\\\/www.policlinicogemelli.it\\\/en\\\/\",\"logo\":{\"@type\":\"ImageObject\",\"inLanguage\":\"en-US\",\"@id\":\"https:\\\/\\\/www.policlinicogemelli.it\\\/en\\\/#\\\/schema\\\/logo\\\/image\\\/\",\"url\":\"https:\\\/\\\/www.policlinicogemelli.it\\\/wp-content\\\/uploads\\\/2019\\\/02\\\/logo-policlinico-gemelli-250-trasp-color-1.png\",\"contentUrl\":\"https:\\\/\\\/www.policlinicogemelli.it\\\/wp-content\\\/uploads\\\/2019\\\/02\\\/logo-policlinico-gemelli-250-trasp-color-1.png\",\"width\":250,\"height\":82,\"caption\":\"Policlinico Universitario Agostino Gemelli IRCCS\"},\"image\":{\"@id\":\"https:\\\/\\\/www.policlinicogemelli.it\\\/en\\\/#\\\/schema\\\/logo\\\/image\\\/\"}}]}<\/script>\n<!-- \/ Yoast SEO plugin. -->","yoast_head_json":{"title":"Giornata Nazionale delle Cure Palliative: l\u2019esperienza del Gemelli al servizio dei pazienti e delle loro famiglie - Policlinico Universitario A. Gemelli IRCCS","robots":{"index":"index","follow":"follow","max-snippet":"max-snippet:-1","max-image-preview":"max-image-preview:large","max-video-preview":"max-video-preview:-1"},"canonical":"https:\/\/www.policlinicogemelli.it\/en\/news-events\/giornata-nazionale-delle-cure-palliative-lesperienza-del-gemelli-al-servizio-dei-pazienti-e-delle-loro-famiglie\/","og_locale":"en_US","og_type":"article","og_title":"Giornata Nazionale delle Cure Palliative: l\u2019esperienza del Gemelli al servizio dei pazienti e delle loro famiglie - Policlinico Universitario A. Gemelli IRCCS","og_description":"Le cure palliative rappresentano la medicina che accompagna, quando non c\u2019\u00e8 pi\u00f9 possibilit\u00e0 di guarigione; e sono preziose perch\u00e9 rivestono i giorni di qualit\u00e0, quando non si pu\u00f2 pi\u00f9 garantire il dono del tempo. E sono tante le novit\u00e0 che si profilano all\u2019orizzonte in questo campo. Per questo, in occasione della Giornata Nazionale 2021, il [&hellip;]","og_url":"https:\/\/www.policlinicogemelli.it\/en\/news-events\/giornata-nazionale-delle-cure-palliative-lesperienza-del-gemelli-al-servizio-dei-pazienti-e-delle-loro-famiglie\/","og_site_name":"Policlinico Universitario Agostino Gemelli IRCCS","article_modified_time":"2021-11-12T12:23:32+00:00","og_image":[{"width":850,"height":495,"url":"https:\/\/www.policlinicogemelli.it\/wp-content\/uploads\/2021\/11\/FOTO-SITO-BARILLARO.jpg","type":"image\/jpeg"}],"twitter_card":"summary_large_image","twitter_misc":{"Est. reading time":"5 minutes"},"schema":{"@context":"https:\/\/schema.org","@graph":[{"@type":"WebPage","@id":"https:\/\/www.policlinicogemelli.it\/en\/news-events\/giornata-nazionale-delle-cure-palliative-lesperienza-del-gemelli-al-servizio-dei-pazienti-e-delle-loro-famiglie\/","url":"https:\/\/www.policlinicogemelli.it\/en\/news-events\/giornata-nazionale-delle-cure-palliative-lesperienza-del-gemelli-al-servizio-dei-pazienti-e-delle-loro-famiglie\/","name":"Giornata Nazionale delle Cure Palliative: l\u2019esperienza del Gemelli al servizio dei pazienti e delle loro famiglie - Policlinico Universitario A. Gemelli IRCCS","isPartOf":{"@id":"https:\/\/www.policlinicogemelli.it\/en\/#website"},"primaryImageOfPage":{"@id":"https:\/\/www.policlinicogemelli.it\/en\/news-events\/giornata-nazionale-delle-cure-palliative-lesperienza-del-gemelli-al-servizio-dei-pazienti-e-delle-loro-famiglie\/#primaryimage"},"image":{"@id":"https:\/\/www.policlinicogemelli.it\/en\/news-events\/giornata-nazionale-delle-cure-palliative-lesperienza-del-gemelli-al-servizio-dei-pazienti-e-delle-loro-famiglie\/#primaryimage"},"thumbnailUrl":"https:\/\/www.policlinicogemelli.it\/wp-content\/uploads\/2021\/11\/FOTO-SITO-BARILLARO.jpg","datePublished":"2021-11-10T10:26:19+00:00","dateModified":"2021-11-12T12:23:32+00:00","breadcrumb":{"@id":"https:\/\/www.policlinicogemelli.it\/en\/news-events\/giornata-nazionale-delle-cure-palliative-lesperienza-del-gemelli-al-servizio-dei-pazienti-e-delle-loro-famiglie\/#breadcrumb"},"inLanguage":"en-US","potentialAction":[{"@type":"ReadAction","target":["https:\/\/www.policlinicogemelli.it\/en\/news-events\/giornata-nazionale-delle-cure-palliative-lesperienza-del-gemelli-al-servizio-dei-pazienti-e-delle-loro-famiglie\/"]}]},{"@type":"ImageObject","inLanguage":"en-US","@id":"https:\/\/www.policlinicogemelli.it\/en\/news-events\/giornata-nazionale-delle-cure-palliative-lesperienza-del-gemelli-al-servizio-dei-pazienti-e-delle-loro-famiglie\/#primaryimage","url":"https:\/\/www.policlinicogemelli.it\/wp-content\/uploads\/2021\/11\/FOTO-SITO-BARILLARO.jpg","contentUrl":"https:\/\/www.policlinicogemelli.it\/wp-content\/uploads\/2021\/11\/FOTO-SITO-BARILLARO.jpg","width":850,"height":495},{"@type":"BreadcrumbList","@id":"https:\/\/www.policlinicogemelli.it\/en\/news-events\/giornata-nazionale-delle-cure-palliative-lesperienza-del-gemelli-al-servizio-dei-pazienti-e-delle-loro-famiglie\/#breadcrumb","itemListElement":[{"@type":"ListItem","position":1,"name":"Home","item":"https:\/\/www.policlinicogemelli.it\/en\/"},{"@type":"ListItem","position":2,"name":"News and Events","item":"https:\/\/www.policlinicogemelli.it\/en\/news-events\/"},{"@type":"ListItem","position":3,"name":"Giornata Nazionale delle Cure Palliative: l\u2019esperienza del Gemelli al servizio dei pazienti e delle loro famiglie"}]},{"@type":"WebSite","@id":"https:\/\/www.policlinicogemelli.it\/en\/#website","url":"https:\/\/www.policlinicogemelli.it\/en\/","name":"Policlinico Universitario Agostino Gemelli IRCCS","description":"Policlinico Universitario Agostino Gemelli IRCCS","publisher":{"@id":"https:\/\/www.policlinicogemelli.it\/en\/#organization"},"potentialAction":[{"@type":"SearchAction","target":{"@type":"EntryPoint","urlTemplate":"https:\/\/www.policlinicogemelli.it\/en\/?s={search_term_string}"},"query-input":{"@type":"PropertyValueSpecification","valueRequired":true,"valueName":"search_term_string"}}],"inLanguage":"en-US"},{"@type":"Organization","@id":"https:\/\/www.policlinicogemelli.it\/en\/#organization","name":"Policlinico Universitario Agostino Gemelli IRCCS","url":"https:\/\/www.policlinicogemelli.it\/en\/","logo":{"@type":"ImageObject","inLanguage":"en-US","@id":"https:\/\/www.policlinicogemelli.it\/en\/#\/schema\/logo\/image\/","url":"https:\/\/www.policlinicogemelli.it\/wp-content\/uploads\/2019\/02\/logo-policlinico-gemelli-250-trasp-color-1.png","contentUrl":"https:\/\/www.policlinicogemelli.it\/wp-content\/uploads\/2019\/02\/logo-policlinico-gemelli-250-trasp-color-1.png","width":250,"height":82,"caption":"Policlinico Universitario Agostino Gemelli IRCCS"},"image":{"@id":"https:\/\/www.policlinicogemelli.it\/en\/#\/schema\/logo\/image\/"}}]}},"rest_api_enabler":[],"_links":{"self":[{"href":"https:\/\/www.policlinicogemelli.it\/en\/wp-json\/wp\/v2\/news\/40267","targetHints":{"allow":["GET"]}}],"collection":[{"href":"https:\/\/www.policlinicogemelli.it\/en\/wp-json\/wp\/v2\/news"}],"about":[{"href":"https:\/\/www.policlinicogemelli.it\/en\/wp-json\/wp\/v2\/types\/kf_gem_news"}],"version-history":[{"count":0,"href":"https:\/\/www.policlinicogemelli.it\/en\/wp-json\/wp\/v2\/news\/40267\/revisions"}],"wp:featuredmedia":[{"embeddable":true,"href":"https:\/\/www.policlinicogemelli.it\/en\/wp-json\/wp\/v2\/media\/40272"}],"wp:attachment":[{"href":"https:\/\/www.policlinicogemelli.it\/en\/wp-json\/wp\/v2\/media?parent=40267"}],"wp:term":[{"taxonomy":"kf_gem_newscat","embeddable":true,"href":"https:\/\/www.policlinicogemelli.it\/en\/wp-json\/wp\/v2\/categorie?post=40267"}],"curies":[{"name":"wp","href":"https:\/\/api.w.org\/{rel}","templated":true}]}}