{"id":40027,"date":"2021-10-29T11:38:47","date_gmt":"2021-10-29T11:38:47","guid":{"rendered":"https:\/\/www.policlinicogemelli.it\/news-eventi\/la-marina-militare-a-fianco-della-fondazione-policlinico-universitario-agostino-gemelli-irccs\/"},"modified":"2021-11-03T08:33:43","modified_gmt":"2021-11-03T08:33:43","slug":"la-marina-militare-a-fianco-della-fondazione-policlinico-universitario-agostino-gemelli-irccs","status":"publish","type":"kf_gem_news","link":"https:\/\/www.policlinicogemelli.it\/en\/news-events\/la-marina-militare-a-fianco-della-fondazione-policlinico-universitario-agostino-gemelli-irccs\/","title":{"rendered":"La Marina Militare a fianco della Fondazione Policlinico Universitario Agostino Gemelli IRCCS"},"content":{"rendered":"\n<p>\u201cAl servizio degli altri, al servizio di tutti noi\u201d \u00e8 il titolo di uno degli scatti fotografici del nuovo calendario della Marina Militare 2022 che ritrae due medici del Policlinico Gemelli e due ufficiali della Marina Militare, l\u2019uno affianco all\u2019altro nel piazzale dell\u2019ospedale.<\/p>\n\n\n\n<p>Il calendario, che illustra attraverso l\u2019obiettivo del fotografo<strong> Massimo Sestini<\/strong> l\u2019equipaggio della Marina e i suoi mezzi, ha uno scopo benefico a sostegno della Fondazione Policlinico Universitario Agostino Gemelli IRCCS.<\/p>\n\n\n\n<p>All\u2019evento di presentazione che si \u00e8 svolto ieri pomeriggio, gioved\u00ec 28 ottobre, a bordo della portaerei Cavour ormeggiata nel porto di Civitavecchia, ha partecipato anche il direttore sanitario del Gemelli <strong>Andrea Cambieri<\/strong>.<\/p>\n\n\n\n<p>\u201cVestiamo entrambi una divisa bianca. Lo facciamo con lo stesso spirito di servizio, coraggio e responsabilit\u00e0, adoperandoci senza risparmio per il bene e la sicurezza del prossimo \u2013 si legge nella descrizione della foto -. Marina Militare e Fondazione Policlinico Universitario Agostino Gemelli IRCCS sono due realt\u00e0 con una missione comune: proteggere e aiutare chi \u00e8 in difficolt\u00e0, salvare vite ogni volta che questo \u00e8 possibile, non lasciando mai nessuno indietro.&nbsp; Possono farlo grazie alla professionalit\u00e0, alla passione e all\u2019impegno di migliaia di donne e uomini che, quotidianamente, si spendono per la collettivit\u00e0. Abbiamo insieme il dovere di sostenerli, contribuire a formarli, dotarli di strumenti e tecnologie sempre migliori. Non solo nell\u2019emergenza ma ogni giorno, nell\u2019interesse di ciascuno di noi.&nbsp; La Fondazione Gemelli offre ai pazienti dedizione, eccellenza e alta specializzazione nelle cure, favorendo l\u2019innovazione della medicina e formando i professionisti della sanit\u00e0 del futuro. Sostenere le attivit\u00e0 della Fondazione \u2013 appare nella conclusione della didascalia &#8211; \u00e8 un gesto di grande altruismo e lungimiranza, che contribuisce a creare valore per tutta la collettivit\u00e0\u201d.<\/p>\n\n\n\n<div class=\"wp-block-image\"><figure class=\"aligncenter size-full\"><img loading=\"lazy\" decoding=\"async\" width=\"1024\" height=\"683\" src=\"https:\/\/www.policlinicogemelli.it\/wp-content\/uploads\/2021\/10\/marina-militare-andrea-cambieri.jpg\" alt=\"\" class=\"wp-image-40128\"\/><figcaption> Al podio il direttore sanitario Andrea Cambieri<\/figcaption><\/figure><\/div>\n","protected":false},"excerpt":{"rendered":"<p>\u201cAl servizio degli altri, al servizio di tutti noi\u201d \u00e8 il titolo di uno degli scatti fotografici del nuovo calendario della Marina Militare 2022 che ritrae due medici del Policlinico Gemelli e due ufficiali della Marina Militare, l\u2019uno affianco all\u2019altro nel piazzale dell\u2019ospedale. Il calendario, che illustra attraverso l\u2019obiettivo del fotografo Massimo Sestini l\u2019equipaggio della [&hellip;]<\/p>\n","protected":false},"featured_media":40025,"template":"","categorie":[96],"class_list":{"0":"post-40027","1":"kf_gem_news","2":"type-kf_gem_news","3":"status-publish","4":"has-post-thumbnail","6":"kf_gem_newscat-institutional-information","7":"entry"},"acf":[],"yoast_head":"<!-- This site is optimized with the Yoast SEO plugin v27.5 - https:\/\/yoast.com\/product\/yoast-seo-wordpress\/ -->\n<title>La Marina Militare a fianco della Fondazione Policlinico Universitario Agostino Gemelli IRCCS - Policlinico Universitario A. Gemelli IRCCS<\/title>\n<meta name=\"robots\" content=\"index, follow, max-snippet:-1, max-image-preview:large, max-video-preview:-1\" \/>\n<link rel=\"canonical\" href=\"https:\/\/www.policlinicogemelli.it\/en\/news-events\/la-marina-militare-a-fianco-della-fondazione-policlinico-universitario-agostino-gemelli-irccs\/\" \/>\n<meta property=\"og:locale\" content=\"en_US\" \/>\n<meta property=\"og:type\" content=\"article\" \/>\n<meta property=\"og:title\" content=\"La Marina Militare a fianco della Fondazione Policlinico Universitario Agostino Gemelli IRCCS - Policlinico Universitario A. Gemelli IRCCS\" \/>\n<meta property=\"og:description\" content=\"\u201cAl servizio degli altri, al servizio di tutti noi\u201d \u00e8 il titolo di uno degli scatti fotografici del nuovo calendario della Marina Militare 2022 che ritrae due medici del Policlinico Gemelli e due ufficiali della Marina Militare, l\u2019uno affianco all\u2019altro nel piazzale dell\u2019ospedale. Il calendario, che illustra attraverso l\u2019obiettivo del fotografo Massimo Sestini l\u2019equipaggio della [&hellip;]\" \/>\n<meta property=\"og:url\" content=\"https:\/\/www.policlinicogemelli.it\/en\/news-events\/la-marina-militare-a-fianco-della-fondazione-policlinico-universitario-agostino-gemelli-irccs\/\" \/>\n<meta property=\"og:site_name\" content=\"Policlinico Universitario Agostino Gemelli IRCCS\" \/>\n<meta property=\"article:modified_time\" content=\"2021-11-03T08:33:43+00:00\" \/>\n<meta property=\"og:image\" content=\"https:\/\/www.policlinicogemelli.it\/wp-content\/uploads\/2021\/10\/gemellimarina_news.jpg\" \/>\n\t<meta property=\"og:image:width\" content=\"850\" \/>\n\t<meta property=\"og:image:height\" content=\"495\" \/>\n\t<meta property=\"og:image:type\" content=\"image\/jpeg\" \/>\n<meta name=\"twitter:card\" content=\"summary_large_image\" \/>\n<meta name=\"twitter:label1\" content=\"Est. reading time\" \/>\n\t<meta name=\"twitter:data1\" content=\"1 minute\" \/>\n<script type=\"application\/ld+json\" class=\"yoast-schema-graph\">{\"@context\":\"https:\\\/\\\/schema.org\",\"@graph\":[{\"@type\":\"WebPage\",\"@id\":\"https:\\\/\\\/www.policlinicogemelli.it\\\/en\\\/news-events\\\/la-marina-militare-a-fianco-della-fondazione-policlinico-universitario-agostino-gemelli-irccs\\\/\",\"url\":\"https:\\\/\\\/www.policlinicogemelli.it\\\/en\\\/news-events\\\/la-marina-militare-a-fianco-della-fondazione-policlinico-universitario-agostino-gemelli-irccs\\\/\",\"name\":\"La Marina Militare a fianco della Fondazione Policlinico Universitario Agostino Gemelli IRCCS - Policlinico Universitario A. Gemelli IRCCS\",\"isPartOf\":{\"@id\":\"https:\\\/\\\/www.policlinicogemelli.it\\\/en\\\/#website\"},\"primaryImageOfPage\":{\"@id\":\"https:\\\/\\\/www.policlinicogemelli.it\\\/en\\\/news-events\\\/la-marina-militare-a-fianco-della-fondazione-policlinico-universitario-agostino-gemelli-irccs\\\/#primaryimage\"},\"image\":{\"@id\":\"https:\\\/\\\/www.policlinicogemelli.it\\\/en\\\/news-events\\\/la-marina-militare-a-fianco-della-fondazione-policlinico-universitario-agostino-gemelli-irccs\\\/#primaryimage\"},\"thumbnailUrl\":\"https:\\\/\\\/www.policlinicogemelli.it\\\/wp-content\\\/uploads\\\/2021\\\/10\\\/gemellimarina_news.jpg\",\"datePublished\":\"2021-10-29T11:38:47+00:00\",\"dateModified\":\"2021-11-03T08:33:43+00:00\",\"breadcrumb\":{\"@id\":\"https:\\\/\\\/www.policlinicogemelli.it\\\/en\\\/news-events\\\/la-marina-militare-a-fianco-della-fondazione-policlinico-universitario-agostino-gemelli-irccs\\\/#breadcrumb\"},\"inLanguage\":\"en-US\",\"potentialAction\":[{\"@type\":\"ReadAction\",\"target\":[\"https:\\\/\\\/www.policlinicogemelli.it\\\/en\\\/news-events\\\/la-marina-militare-a-fianco-della-fondazione-policlinico-universitario-agostino-gemelli-irccs\\\/\"]}]},{\"@type\":\"ImageObject\",\"inLanguage\":\"en-US\",\"@id\":\"https:\\\/\\\/www.policlinicogemelli.it\\\/en\\\/news-events\\\/la-marina-militare-a-fianco-della-fondazione-policlinico-universitario-agostino-gemelli-irccs\\\/#primaryimage\",\"url\":\"https:\\\/\\\/www.policlinicogemelli.it\\\/wp-content\\\/uploads\\\/2021\\\/10\\\/gemellimarina_news.jpg\",\"contentUrl\":\"https:\\\/\\\/www.policlinicogemelli.it\\\/wp-content\\\/uploads\\\/2021\\\/10\\\/gemellimarina_news.jpg\",\"width\":850,\"height\":495},{\"@type\":\"BreadcrumbList\",\"@id\":\"https:\\\/\\\/www.policlinicogemelli.it\\\/en\\\/news-events\\\/la-marina-militare-a-fianco-della-fondazione-policlinico-universitario-agostino-gemelli-irccs\\\/#breadcrumb\",\"itemListElement\":[{\"@type\":\"ListItem\",\"position\":1,\"name\":\"Home\",\"item\":\"https:\\\/\\\/www.policlinicogemelli.it\\\/en\\\/\"},{\"@type\":\"ListItem\",\"position\":2,\"name\":\"News and Events\",\"item\":\"https:\\\/\\\/www.policlinicogemelli.it\\\/en\\\/news-events\\\/\"},{\"@type\":\"ListItem\",\"position\":3,\"name\":\"La Marina Militare a fianco della Fondazione Policlinico Universitario Agostino Gemelli IRCCS\"}]},{\"@type\":\"WebSite\",\"@id\":\"https:\\\/\\\/www.policlinicogemelli.it\\\/en\\\/#website\",\"url\":\"https:\\\/\\\/www.policlinicogemelli.it\\\/en\\\/\",\"name\":\"Policlinico Universitario Agostino Gemelli IRCCS\",\"description\":\"Policlinico Universitario Agostino Gemelli IRCCS\",\"publisher\":{\"@id\":\"https:\\\/\\\/www.policlinicogemelli.it\\\/en\\\/#organization\"},\"potentialAction\":[{\"@type\":\"SearchAction\",\"target\":{\"@type\":\"EntryPoint\",\"urlTemplate\":\"https:\\\/\\\/www.policlinicogemelli.it\\\/en\\\/?s={search_term_string}\"},\"query-input\":{\"@type\":\"PropertyValueSpecification\",\"valueRequired\":true,\"valueName\":\"search_term_string\"}}],\"inLanguage\":\"en-US\"},{\"@type\":\"Organization\",\"@id\":\"https:\\\/\\\/www.policlinicogemelli.it\\\/en\\\/#organization\",\"name\":\"Policlinico Universitario Agostino Gemelli IRCCS\",\"url\":\"https:\\\/\\\/www.policlinicogemelli.it\\\/en\\\/\",\"logo\":{\"@type\":\"ImageObject\",\"inLanguage\":\"en-US\",\"@id\":\"https:\\\/\\\/www.policlinicogemelli.it\\\/en\\\/#\\\/schema\\\/logo\\\/image\\\/\",\"url\":\"https:\\\/\\\/www.policlinicogemelli.it\\\/wp-content\\\/uploads\\\/2019\\\/02\\\/logo-policlinico-gemelli-250-trasp-color-1.png\",\"contentUrl\":\"https:\\\/\\\/www.policlinicogemelli.it\\\/wp-content\\\/uploads\\\/2019\\\/02\\\/logo-policlinico-gemelli-250-trasp-color-1.png\",\"width\":250,\"height\":82,\"caption\":\"Policlinico Universitario Agostino Gemelli IRCCS\"},\"image\":{\"@id\":\"https:\\\/\\\/www.policlinicogemelli.it\\\/en\\\/#\\\/schema\\\/logo\\\/image\\\/\"}}]}<\/script>\n<!-- \/ Yoast SEO plugin. -->","yoast_head_json":{"title":"La Marina Militare a fianco della Fondazione Policlinico Universitario Agostino Gemelli IRCCS - Policlinico Universitario A. Gemelli IRCCS","robots":{"index":"index","follow":"follow","max-snippet":"max-snippet:-1","max-image-preview":"max-image-preview:large","max-video-preview":"max-video-preview:-1"},"canonical":"https:\/\/www.policlinicogemelli.it\/en\/news-events\/la-marina-militare-a-fianco-della-fondazione-policlinico-universitario-agostino-gemelli-irccs\/","og_locale":"en_US","og_type":"article","og_title":"La Marina Militare a fianco della Fondazione Policlinico Universitario Agostino Gemelli IRCCS - Policlinico Universitario A. Gemelli IRCCS","og_description":"\u201cAl servizio degli altri, al servizio di tutti noi\u201d \u00e8 il titolo di uno degli scatti fotografici del nuovo calendario della Marina Militare 2022 che ritrae due medici del Policlinico Gemelli e due ufficiali della Marina Militare, l\u2019uno affianco all\u2019altro nel piazzale dell\u2019ospedale. Il calendario, che illustra attraverso l\u2019obiettivo del fotografo Massimo Sestini l\u2019equipaggio della [&hellip;]","og_url":"https:\/\/www.policlinicogemelli.it\/en\/news-events\/la-marina-militare-a-fianco-della-fondazione-policlinico-universitario-agostino-gemelli-irccs\/","og_site_name":"Policlinico Universitario Agostino Gemelli IRCCS","article_modified_time":"2021-11-03T08:33:43+00:00","og_image":[{"width":850,"height":495,"url":"https:\/\/www.policlinicogemelli.it\/wp-content\/uploads\/2021\/10\/gemellimarina_news.jpg","type":"image\/jpeg"}],"twitter_card":"summary_large_image","twitter_misc":{"Est. reading time":"1 minute"},"schema":{"@context":"https:\/\/schema.org","@graph":[{"@type":"WebPage","@id":"https:\/\/www.policlinicogemelli.it\/en\/news-events\/la-marina-militare-a-fianco-della-fondazione-policlinico-universitario-agostino-gemelli-irccs\/","url":"https:\/\/www.policlinicogemelli.it\/en\/news-events\/la-marina-militare-a-fianco-della-fondazione-policlinico-universitario-agostino-gemelli-irccs\/","name":"La Marina Militare a fianco della Fondazione Policlinico Universitario Agostino Gemelli IRCCS - Policlinico Universitario A. Gemelli IRCCS","isPartOf":{"@id":"https:\/\/www.policlinicogemelli.it\/en\/#website"},"primaryImageOfPage":{"@id":"https:\/\/www.policlinicogemelli.it\/en\/news-events\/la-marina-militare-a-fianco-della-fondazione-policlinico-universitario-agostino-gemelli-irccs\/#primaryimage"},"image":{"@id":"https:\/\/www.policlinicogemelli.it\/en\/news-events\/la-marina-militare-a-fianco-della-fondazione-policlinico-universitario-agostino-gemelli-irccs\/#primaryimage"},"thumbnailUrl":"https:\/\/www.policlinicogemelli.it\/wp-content\/uploads\/2021\/10\/gemellimarina_news.jpg","datePublished":"2021-10-29T11:38:47+00:00","dateModified":"2021-11-03T08:33:43+00:00","breadcrumb":{"@id":"https:\/\/www.policlinicogemelli.it\/en\/news-events\/la-marina-militare-a-fianco-della-fondazione-policlinico-universitario-agostino-gemelli-irccs\/#breadcrumb"},"inLanguage":"en-US","potentialAction":[{"@type":"ReadAction","target":["https:\/\/www.policlinicogemelli.it\/en\/news-events\/la-marina-militare-a-fianco-della-fondazione-policlinico-universitario-agostino-gemelli-irccs\/"]}]},{"@type":"ImageObject","inLanguage":"en-US","@id":"https:\/\/www.policlinicogemelli.it\/en\/news-events\/la-marina-militare-a-fianco-della-fondazione-policlinico-universitario-agostino-gemelli-irccs\/#primaryimage","url":"https:\/\/www.policlinicogemelli.it\/wp-content\/uploads\/2021\/10\/gemellimarina_news.jpg","contentUrl":"https:\/\/www.policlinicogemelli.it\/wp-content\/uploads\/2021\/10\/gemellimarina_news.jpg","width":850,"height":495},{"@type":"BreadcrumbList","@id":"https:\/\/www.policlinicogemelli.it\/en\/news-events\/la-marina-militare-a-fianco-della-fondazione-policlinico-universitario-agostino-gemelli-irccs\/#breadcrumb","itemListElement":[{"@type":"ListItem","position":1,"name":"Home","item":"https:\/\/www.policlinicogemelli.it\/en\/"},{"@type":"ListItem","position":2,"name":"News and Events","item":"https:\/\/www.policlinicogemelli.it\/en\/news-events\/"},{"@type":"ListItem","position":3,"name":"La Marina Militare a fianco della Fondazione Policlinico Universitario Agostino Gemelli IRCCS"}]},{"@type":"WebSite","@id":"https:\/\/www.policlinicogemelli.it\/en\/#website","url":"https:\/\/www.policlinicogemelli.it\/en\/","name":"Policlinico Universitario Agostino Gemelli IRCCS","description":"Policlinico Universitario Agostino Gemelli IRCCS","publisher":{"@id":"https:\/\/www.policlinicogemelli.it\/en\/#organization"},"potentialAction":[{"@type":"SearchAction","target":{"@type":"EntryPoint","urlTemplate":"https:\/\/www.policlinicogemelli.it\/en\/?s={search_term_string}"},"query-input":{"@type":"PropertyValueSpecification","valueRequired":true,"valueName":"search_term_string"}}],"inLanguage":"en-US"},{"@type":"Organization","@id":"https:\/\/www.policlinicogemelli.it\/en\/#organization","name":"Policlinico Universitario Agostino Gemelli IRCCS","url":"https:\/\/www.policlinicogemelli.it\/en\/","logo":{"@type":"ImageObject","inLanguage":"en-US","@id":"https:\/\/www.policlinicogemelli.it\/en\/#\/schema\/logo\/image\/","url":"https:\/\/www.policlinicogemelli.it\/wp-content\/uploads\/2019\/02\/logo-policlinico-gemelli-250-trasp-color-1.png","contentUrl":"https:\/\/www.policlinicogemelli.it\/wp-content\/uploads\/2019\/02\/logo-policlinico-gemelli-250-trasp-color-1.png","width":250,"height":82,"caption":"Policlinico Universitario Agostino Gemelli IRCCS"},"image":{"@id":"https:\/\/www.policlinicogemelli.it\/en\/#\/schema\/logo\/image\/"}}]}},"rest_api_enabler":[],"_links":{"self":[{"href":"https:\/\/www.policlinicogemelli.it\/en\/wp-json\/wp\/v2\/news\/40027","targetHints":{"allow":["GET"]}}],"collection":[{"href":"https:\/\/www.policlinicogemelli.it\/en\/wp-json\/wp\/v2\/news"}],"about":[{"href":"https:\/\/www.policlinicogemelli.it\/en\/wp-json\/wp\/v2\/types\/kf_gem_news"}],"version-history":[{"count":0,"href":"https:\/\/www.policlinicogemelli.it\/en\/wp-json\/wp\/v2\/news\/40027\/revisions"}],"wp:featuredmedia":[{"embeddable":true,"href":"https:\/\/www.policlinicogemelli.it\/en\/wp-json\/wp\/v2\/media\/40025"}],"wp:attachment":[{"href":"https:\/\/www.policlinicogemelli.it\/en\/wp-json\/wp\/v2\/media?parent=40027"}],"wp:term":[{"taxonomy":"kf_gem_newscat","embeddable":true,"href":"https:\/\/www.policlinicogemelli.it\/en\/wp-json\/wp\/v2\/categorie?post=40027"}],"curies":[{"name":"wp","href":"https:\/\/api.w.org\/{rel}","templated":true}]}}