{"id":39988,"date":"2021-10-27T17:31:29","date_gmt":"2021-10-27T17:31:29","guid":{"rendered":"https:\/\/www.policlinicogemelli.it\/?post_type=kf_gem_news&#038;p=39988"},"modified":"2021-10-28T12:16:50","modified_gmt":"2021-10-28T12:16:50","slug":"labbraccio-dellarte-per-i-pazienti-del-nuovo-day-hospital-di-radioterapia-del-gemelli","status":"publish","type":"kf_gem_news","link":"https:\/\/www.policlinicogemelli.it\/en\/news-events\/labbraccio-dellarte-per-i-pazienti-del-nuovo-day-hospital-di-radioterapia-del-gemelli\/","title":{"rendered":"L\u2019abbraccio dell\u2019arte per i pazienti del nuovo Day Hospital di Radioterapia del Gemelli"},"content":{"rendered":"\n<p><strong><em>Inaugurato oggi presso la Fondazione Policlinico Universitario Agostino Gemelli IRCCS \u2018Art4ART\u2019, il nuovo Day Hospital di Radioterapia Avanzata, che offrir\u00e0 ai pazienti una salutare immersione nell\u2019arte e nella natura per accoglierli e coccolarli durante i trattamenti.<\/em><\/strong><\/p>\n\n\n\n<p><strong><em>Presente all\u2019inaugurazione il Ministro della Cultura Franceschini: \u201c<\/em><\/strong><strong><em>Art4ART Gemelli esperienza da imitare che apre nuove strade\u201d. L\u2019intervento d<\/em><\/strong><strong><em>ell\u2019Assessore alla Sanit\u00e0 del Lazio D\u2019Amato: \u201cLa bellezza in ospedale permetter\u00e0 ai pazienti di sviluppare energie positive nel percorso di cura\u201d.<\/em><\/strong><\/p>\n\n\n\n<p>Si chiama Art4ART ed \u00e8 il nuovo Day Hospital e Degenza per l\u2019Interventistica Radioterapica e la Radioterapia Metabolica del Centro di Radioterapia Oncologica \u2018Gemelli ART\u2019 della Fondazione Policlinico Universitario A. Gemelli IRCCS di Roma, in collaborazione con l\u2019Associazione \u2018Attilio Romanini\u2019. L\u2019idea alla base del progetto \u00e8 di rivestire di bellezza, in tutte le sue declinazioni, i trattamenti oncologici di ultima generazione, come l\u2019<em>Advanced Radiation Therapy<\/em>. Un \u2018esperimento\u2019 che si basa su tante evidenze scientifiche. Sono infatti ormai numerosi gli studi che, in vari campi della medicina, dimostrano come l\u2019arte e la bellezza abbiano di per s\u00e9 un potere curativo.<\/p>\n\n\n\n<p>\u201cGrazie al progetto \u2018Art4ART\u2019 i pazienti potranno estraniarsi dalla situazione contingente e respirare un po\u2019 di bellezza anche dentro le mura di un ospedale. Durante la pandemia abbiamo capito, infatti, cos&#8217;\u00e8 l&#8217;Italia senza cultura, senza la gioia nelle piazze e nelle strade e quanto sia importante nella societ\u00e0 respirare bellezza e trarre energia nella sua visione. Questa \u00e8 un\u2019altra iniziativa del Policlinico Gemelli che dimostra una grande capacit\u00e0 di visione, di immaginazione e di essere sempre un po\u2019 avanti e che molti dovranno imitare in Italia e nel mondo\u201d.<\/p>\n\n\n\n<figure class=\"wp-block-image size-full\"><img loading=\"lazy\" decoding=\"async\" width=\"789\" height=\"1180\" src=\"https:\/\/www.policlinicogemelli.it\/wp-content\/uploads\/2021\/10\/RST07104.jpg\" alt=\"\" class=\"wp-image-39970\"\/><\/figure>\n\n\n\n<p>Lo ha detto il ministro della Cultura Dario Franceschini, intervenuto all&#8217;inaugurazione della nuova degenza multidimensionale della Radioterapia oncologica, con la presentazione del progetto &#8220;Art4ART&#8221; del Gemelli, che porta l&#8217;arte in ospedale per supportare i pazienti.<\/p>\n\n\n\n<figure class=\"wp-block-image size-full\"><img loading=\"lazy\" decoding=\"async\" width=\"1616\" height=\"1080\" src=\"https:\/\/www.policlinicogemelli.it\/wp-content\/uploads\/2021\/10\/RST07417.jpg\" alt=\"\" class=\"wp-image-39972\"\/><\/figure>\n\n\n\n<p>\u201cUn\u2019iniziativa quella di Art4ART \u2013 ha commentato <strong>Alessio D\u2019Amato<\/strong>, Assessore alla Sanit\u00e0 della Regione Lazio &#8211; che inserisce, all\u2019interno del percorso terapeutico, la bellezza, rappresentata in questo caso dall\u2019arte, come elemento per il recupero del benessere psico-fisico del paziente, nel momento in cui affronta un percorso importante, come quello del contrasto alla patologia oncologica, della radioterapia. Ed \u00e8 particolarmente lodevole che iniziative di questo genere vengano prese anche in un momento ancora cos\u00ec drammaticamente caratterizzato dall\u2019ansia e dall\u2019incertezza. Oggi il Gemelli inaugura una nuova frontiera, che coniuga la scienza medica con l\u2019arte\u201d.<\/p>\n\n\n\n<figure class=\"wp-block-image size-full\"><img loading=\"lazy\" decoding=\"async\" width=\"1616\" height=\"1080\" src=\"https:\/\/www.policlinicogemelli.it\/wp-content\/uploads\/2021\/10\/RST07177.jpg\" alt=\"\" class=\"wp-image-39974\"\/><\/figure>\n\n\n\n<p>\u201cSiamo davvero orgogliosi \u2013 afferma il professor <strong>Marco Elefanti<\/strong>, Direttore Generale di Fondazione Policlinico Universitario Agostino Gemelli IRCCS \u2013 di poter offrire ai nostri pazienti questo esempio eccellente di umanizzazione di cure ad altissimo contenuto tecnologico, come quelle di Gemelli ART. Rendere i trattamenti pi\u00f9 a misura d\u2019uomo, perseguendo sempre l\u2019eccellenza delle cure \u00e8 il binomio che da sempre caratterizza le attivit\u00e0 di Fondazione Policlinico Gemelli e che, con il progetto Art4ART, raggiunge una delle sue espressioni pi\u00f9 alte\u201d.<\/p>\n\n\n\n<figure class=\"wp-block-image size-full\"><img loading=\"lazy\" decoding=\"async\" width=\"1616\" height=\"1080\" src=\"https:\/\/www.policlinicogemelli.it\/wp-content\/uploads\/2021\/10\/RST06773.jpg\" alt=\"\" class=\"wp-image-39976\"\/><\/figure>\n\n\n\n<p>\u201cIl principale obiettivo di Art4ART, un\u2019esperienza unica al mondo \u2013 afferma il professor <strong>Vincenzo Valentini<\/strong>, direttore di Gemelli ART (Advanced Radiation Therapy) e vicedirettore scientifico della Fondazione Policlinico Gemelli \u2013 \u00e8 di ingaggiare la sfera emotiva dei pazienti, che sono spesso provati dallo stress e dalla preoccupazione della malattia, per raggiungere il miglior risultato di cura. \u00c8 un esempio di \u2018welfare culturale\u2019, un modello integrato di promozione del benessere e della salute, attraverso le arti visive, performative e il patrimonio culturale\u201d.<\/p>\n\n\n\n<p>E allora ecco la sala della chemioterapia trasformata in un\u2019esperienza immersiva sulle Alpi o su una spiaggia tropicale; opere d\u2019arte e grandi affreschi che \u2018cancellano\u2019 le pareti e i corridoi dell\u2019ospedale per accogliere il paziente in un ambiente rilassante e pieno di bellezza. Grandi schermi ad alta definizione, nella sala d\u2019accoglienza \u2018Odeon\u2019 che con le loro immagini trasportano il paziente verso un altrove rasserenante. Le note di un pianoforte o di un\u2019orchestra sinfonica si insinuano preziose negli interstizi dell\u2019attesa o nei tempi di somministrazione delle cure, accarezzando l\u2019anima dei pazienti. Anche le poltrone del Day Hospital sono contrassegnate dal nome e dal colore di un fiore, non pi\u00f9 dalla freddezza di un numero. E in un posto del genere non poteva mancare la natura, quella vera, disposta lungo una serie di serre verticali, che offrono al paziente l\u2019esperienza rilassante del verde. \u201cSono tanti \u2018semi di bellezza\u2019 \u2013 commenta il professor Valentini &#8211; che daranno al paziente la possibilit\u00e0 di ricaricare il suo spirito e di trovare nuove energie per affrontare il suo percorso di cura. Ad ogni paziente verranno inoltre regalati all\u2019inizio della terapia dei semi; noi sappiamo quanto durer\u00e0 il trattamento e con Confagricoltura abbiamo selezionato semi di piante che fioriranno dopo 2, 4 o 6 mesi, un tempo pari&nbsp; alla durata della terapia. Il messaggio che vogliamo dare con questo gesto \u00e8 che l\u2019inverno esiste. Ma dopo c\u2019\u00e8 sempre una primavera. \u00c8 l\u2019augurio di una nuova vita quello che vogliamo offrire ai nostri pazienti, dopo questa parentesi che hanno percorso insieme a noi\u201d.<\/p>\n\n\n\n<p>\u201cIl cuore del progetto di <em>digital therapy<\/em> di Gemelli ART \u2013 prosegue il professor Valentini &#8211; \u00e8 una piattaforma digitale che, attraverso sofisticate tecnologie informatiche e multimediali, consente di personalizzare l\u2019ambiente dove il paziente riceve le sue cure\u201d. Fruibile sia in ospedale che a casa, questo progetto ha tre caratteristiche principali. La prima \u00e8 la <em>connessione<\/em>, il paziente pu\u00f2 cio\u00e8 rimanere in collegamento con il personale sanitario, con i volontari e, volendo, con altri pazienti. La seconda \u00e8 l\u2019<em>intrattenimento<\/em>: il paziente, attraverso uno schermo o un tablet pu\u00f2 trascorrere le ore di permanenza in ospedale per le terapie, guardando un film, assistendo ad un concerto o visitando virtualmente un luogo d\u2019arte o una mostra. Potr\u00e0 anche \u2018partecipare\u2019 ad una lezione nel laboratorio di un artista o \u2018viaggiare\u2019 verso luoghi naturali di straordinaria bellezza. L\u2019ultima caratteristica connotante Art4ART \u00e8 la <em>ricerca<\/em>: grazie agli algoritmi di intelligenza artificiale dei quali \u00e8 dotata la piattaforma digitale, sar\u00e0 possibile mettere in relazione i dati clinici del paziente con le esperienze artistiche o i contenuti digitali da lui prediletti, per verificare se l\u2019esposizione immersiva all\u2019arte e all\u2019intrattenimento possano avere delle ricadute misurabili sugli <em>outcome<\/em> del trattamento; in particolare, nel breve termine verranno studiate tolleranza alle terapie e compliance del paziente, mentre a lungo termine si valuter\u00e0 l\u2019impatto sul controllo della malattia e sulla sopravvivenza.&nbsp;<\/p>\n\n\n\n<p>\u201cLa nostra idea \u2013 rivela il professor Valentini &#8211; ha riscosso da subito un grande interesse durante la sua realizzazione. Abbiamo ricevuto tantissime donazioni da parte di privati cittadini, fondazioni culturali, aziende tecnologiche e del farmaco, musei e artisti che ci hanno consentito di \u2018popolare\u2019 di varie espressioni artistiche Art4ART. \u00c8 il caso ad esempio dei Musei Vaticani che ci hanno messo a disposizione immagini ad alta risoluzione di cento capolavori delle loro collezioni, oltre ai tour virtuali della Cappella Sistina e delle Stanze di Raffaello. Il pittore Antonio Nunziante ha donato una trentina di opere, che sono state esposte lungo il corridoio e negli ambulatori; anche i quadri raffiguranti i fiori per le poltrone da terapia del Day Hospital e i grandi affreschi della sala d\u2019accoglienza e della sala di degenza per la radioterapia metabolica recano la sua firma. La pianista Cristiana Pegoraro ha offerto il video di un suo concerto e vari brani eseguiti al pianoforte. Stessa cosa da parte della Fondazione Orchestra e Coro Sinfonico di Milano \u2018G. Verdi\u2019. Il giornalista e scrittore Corrado Augias ha contribuito con il racconto delle sue passeggiate romane e in altre citt\u00e0 italiane, mentre lo scrittore Sandro Veronesi ci ha donato la lettura di alcune poesie. Infine il Fondo per l\u2019Ambiente Italiano (FAI), Medicinema, il Centro Aletti di Roma e il regista Alessandro Negrini hanno messo a disposizione video, cortometraggi, documentari e audiolibri. Mondo Convenienza e WINDTRE hanno contribuito rispettivamente all\u2019allestimento degli spazi e alla fornitura di tablet e connettivit\u00e0 per la fruizione dei contenuti artistici\u201d.<\/p>\n\n\n\n<p>Ambasciatrice di Art4ART in Italia e nel mondo sar\u00e0 Lavinia Biagiotti Cigna, Presidente e CEO di Biagiotti Group, che ha da sempre a cuore il legame tra bellezza e arti del territorio, tra passato presente e futuro.<\/p>\n\n\n\n<figure class=\"wp-block-image size-full\"><img loading=\"lazy\" decoding=\"async\" width=\"1616\" height=\"1080\" src=\"https:\/\/www.policlinicogemelli.it\/wp-content\/uploads\/2021\/10\/RST07325.jpg\" alt=\"\" class=\"wp-image-39978\"\/><\/figure>\n\n\n\n<p>\u201cSono molto grata e onorata di poter testimoniare l\u2019avvio di un progetto cos\u00ec straordinario &#8211; ha commentato <strong>Lavinia Biagiotti<\/strong> &#8211; che coniuga la ricerca con la bellezza e ringrazio il professor Vincenzo Valentini e il Policlinico Agostino Gemelli. La pandemia ci ha insegnato molte cose: innanzitutto l\u2019importanza di partecipare e sostenere la ricerca, la formazione e l\u2019assistenza degli ospedali del proprio territorio, non solo nell\u2019emergenza, ma ogni giorno con fiducia e lungimiranza. La bellezza pu\u00f2 e deve contribuire a quel ri-orientamento etico della societ\u00e0 senza il quale si perdono fiducia e speranza. \u00c8 il miglior investimento per il futuro nostro e delle generazioni che verranno.\u201d<\/p>\n\n\n\n<p>Erano presenti all\u2019inaugurazione: Laura Delli Colli, presidente del Festival Internazionale del Film di Roma, Paolo Del Brocco, amministratore Delegato di RAI Cinema, Paolo Ruffini, Prefetto del Dicastero per la Comunicazione della Santa Sede, Barbara Jatta, direttore dei Musei Vaticani.<\/p>\n\n\n\n<figure class=\"wp-block-image size-full\"><img loading=\"lazy\" decoding=\"async\" width=\"1616\" height=\"1080\" src=\"https:\/\/www.policlinicogemelli.it\/wp-content\/uploads\/2021\/10\/RST07129.jpg\" alt=\"\" class=\"wp-image-39980\"\/><\/figure>\n\n\n\n<figure class=\"wp-block-image size-full\"><img loading=\"lazy\" decoding=\"async\" width=\"1616\" height=\"1080\" src=\"https:\/\/www.policlinicogemelli.it\/wp-content\/uploads\/2021\/10\/RST07546.jpg\" alt=\"\" class=\"wp-image-39982\"\/><\/figure>\n\n\n\n<figure class=\"wp-block-image size-full\"><img loading=\"lazy\" decoding=\"async\" width=\"1616\" height=\"1080\" src=\"https:\/\/www.policlinicogemelli.it\/wp-content\/uploads\/2021\/10\/RST07580.jpg\" alt=\"\" class=\"wp-image-39984\"\/><\/figure>\n\n\n\n<figure class=\"wp-block-image size-full\"><img loading=\"lazy\" decoding=\"async\" width=\"1535\" height=\"1026\" src=\"https:\/\/www.policlinicogemelli.it\/wp-content\/uploads\/2021\/10\/RST07592.jpg\" alt=\"\" class=\"wp-image-39986\"\/><\/figure>\n\n\n<style>.wp-block-kadence-spacer.kt-block-spacer-_6c0d56-11 .kt-block-spacer{height:60px;}.wp-block-kadence-spacer.kt-block-spacer-_6c0d56-11 .kt-divider{border-top-width:1px;height:1px;border-top-color:#eee;width:80%;border-top-style:solid;}<\/style>\n<div class=\"wp-block-kadence-spacer aligncenter kt-block-spacer-_6c0d56-11\"><div class=\"kt-block-spacer kt-block-spacer-halign-center\" style=\"height:60px\"><hr class=\"kt-divider\" style=\"border-top-color:#eee;border-top-width:1px;width:80%;border-top-style:solid\"\/><\/div><\/div>\n\n\n<style>.wp-block-kadence-advancedheading.kt-adv-heading_e0aed4-ea, .wp-block-kadence-advancedheading.kt-adv-heading_e0aed4-ea[data-kb-block=\"kb-adv-heading_e0aed4-ea\"]{text-align:center;font-style:normal;}.wp-block-kadence-advancedheading.kt-adv-heading_e0aed4-ea mark.kt-highlight, .wp-block-kadence-advancedheading.kt-adv-heading_e0aed4-ea[data-kb-block=\"kb-adv-heading_e0aed4-ea\"] mark.kt-highlight{font-style:normal;color:#f76a0c;-webkit-box-decoration-break:clone;box-decoration-break:clone;padding-top:0px;padding-right:0px;padding-bottom:0px;padding-left:0px;}.wp-block-kadence-advancedheading.kt-adv-heading_e0aed4-ea img.kb-inline-image, .wp-block-kadence-advancedheading.kt-adv-heading_e0aed4-ea[data-kb-block=\"kb-adv-heading_e0aed4-ea\"] img.kb-inline-image{width:150px;vertical-align:baseline;}<\/style>\n<h3 class=\"kt-adv-heading_e0aed4-ea wp-block-kadence-advancedheading\" data-kb-block=\"kb-adv-heading_e0aed4-ea\">Il Gemelli ART potr\u00e0 offrire i propri servizi e il proprio contributo grazie al fondamentale sostegno di tante Aziende, Fondazioni e donatori privati. A loro va tutta la nostra gratitudine.<\/h3>\n\n\n\n<p class=\"has-text-align-center\"><a class=\"button orange small\" target=\"_blank\" href=\"\/wp-content\/uploads\/2021\/10\/Scheda-Donatori-GemelliART-27_10.pdf\" rel=\"noopener\">Scarica l&#8217;elenco<\/a><\/p>\n","protected":false},"excerpt":{"rendered":"<p>Inaugurato oggi presso la Fondazione Policlinico Universitario Agostino Gemelli IRCCS \u2018Art4ART\u2019, il nuovo Day Hospital di Radioterapia Avanzata, che offrir\u00e0 ai pazienti una salutare immersione nell\u2019arte e nella natura per accoglierli e coccolarli durante i trattamenti. Presente all\u2019inaugurazione il Ministro della Cultura Franceschini: \u201cArt4ART Gemelli esperienza da imitare che apre nuove strade\u201d. L\u2019intervento dell\u2019Assessore alla [&hellip;]<\/p>\n","protected":false},"featured_media":39991,"template":"","categorie":[93],"class_list":{"0":"post-39988","1":"kf_gem_news","2":"type-kf_gem_news","3":"status-publish","4":"has-post-thumbnail","6":"kf_gem_newscat-events","7":"entry"},"acf":[],"yoast_head":"<!-- This site is optimized with the Yoast SEO plugin v27.5 - https:\/\/yoast.com\/product\/yoast-seo-wordpress\/ -->\n<title>L\u2019abbraccio dell\u2019arte per i pazienti del nuovo Day Hospital di Radioterapia del Gemelli - Policlinico Universitario A. Gemelli IRCCS<\/title>\n<meta name=\"robots\" content=\"index, follow, max-snippet:-1, max-image-preview:large, max-video-preview:-1\" \/>\n<link rel=\"canonical\" href=\"https:\/\/www.policlinicogemelli.it\/en\/news-events\/labbraccio-dellarte-per-i-pazienti-del-nuovo-day-hospital-di-radioterapia-del-gemelli\/\" \/>\n<meta property=\"og:locale\" content=\"en_US\" \/>\n<meta property=\"og:type\" content=\"article\" \/>\n<meta property=\"og:title\" content=\"L\u2019abbraccio dell\u2019arte per i pazienti del nuovo Day Hospital di Radioterapia del Gemelli - Policlinico Universitario A. Gemelli IRCCS\" \/>\n<meta property=\"og:description\" content=\"Inaugurato oggi presso la Fondazione Policlinico Universitario Agostino Gemelli IRCCS \u2018Art4ART\u2019, il nuovo Day Hospital di Radioterapia Avanzata, che offrir\u00e0 ai pazienti una salutare immersione nell\u2019arte e nella natura per accoglierli e coccolarli durante i trattamenti. Presente all\u2019inaugurazione il Ministro della Cultura Franceschini: \u201cArt4ART Gemelli esperienza da imitare che apre nuove strade\u201d. L\u2019intervento dell\u2019Assessore alla [&hellip;]\" \/>\n<meta property=\"og:url\" content=\"https:\/\/www.policlinicogemelli.it\/en\/news-events\/labbraccio-dellarte-per-i-pazienti-del-nuovo-day-hospital-di-radioterapia-del-gemelli\/\" \/>\n<meta property=\"og:site_name\" content=\"Policlinico Universitario Agostino Gemelli IRCCS\" \/>\n<meta property=\"article:modified_time\" content=\"2021-10-28T12:16:50+00:00\" \/>\n<meta property=\"og:image\" content=\"https:\/\/www.policlinicogemelli.it\/wp-content\/uploads\/2021\/10\/SITO-ART-VALENTINI.jpg\" \/>\n\t<meta property=\"og:image:width\" content=\"850\" \/>\n\t<meta property=\"og:image:height\" content=\"495\" \/>\n\t<meta property=\"og:image:type\" content=\"image\/jpeg\" \/>\n<meta name=\"twitter:card\" content=\"summary_large_image\" \/>\n<meta name=\"twitter:label1\" content=\"Est. reading time\" \/>\n\t<meta name=\"twitter:data1\" content=\"8 minutes\" \/>\n<script type=\"application\/ld+json\" class=\"yoast-schema-graph\">{\"@context\":\"https:\\\/\\\/schema.org\",\"@graph\":[{\"@type\":\"WebPage\",\"@id\":\"https:\\\/\\\/www.policlinicogemelli.it\\\/en\\\/news-events\\\/labbraccio-dellarte-per-i-pazienti-del-nuovo-day-hospital-di-radioterapia-del-gemelli\\\/\",\"url\":\"https:\\\/\\\/www.policlinicogemelli.it\\\/en\\\/news-events\\\/labbraccio-dellarte-per-i-pazienti-del-nuovo-day-hospital-di-radioterapia-del-gemelli\\\/\",\"name\":\"L\u2019abbraccio dell\u2019arte per i pazienti del nuovo Day Hospital di Radioterapia del Gemelli - Policlinico Universitario A. Gemelli IRCCS\",\"isPartOf\":{\"@id\":\"https:\\\/\\\/www.policlinicogemelli.it\\\/en\\\/#website\"},\"primaryImageOfPage\":{\"@id\":\"https:\\\/\\\/www.policlinicogemelli.it\\\/en\\\/news-events\\\/labbraccio-dellarte-per-i-pazienti-del-nuovo-day-hospital-di-radioterapia-del-gemelli\\\/#primaryimage\"},\"image\":{\"@id\":\"https:\\\/\\\/www.policlinicogemelli.it\\\/en\\\/news-events\\\/labbraccio-dellarte-per-i-pazienti-del-nuovo-day-hospital-di-radioterapia-del-gemelli\\\/#primaryimage\"},\"thumbnailUrl\":\"https:\\\/\\\/www.policlinicogemelli.it\\\/wp-content\\\/uploads\\\/2021\\\/10\\\/SITO-ART-VALENTINI.jpg\",\"datePublished\":\"2021-10-27T17:31:29+00:00\",\"dateModified\":\"2021-10-28T12:16:50+00:00\",\"breadcrumb\":{\"@id\":\"https:\\\/\\\/www.policlinicogemelli.it\\\/en\\\/news-events\\\/labbraccio-dellarte-per-i-pazienti-del-nuovo-day-hospital-di-radioterapia-del-gemelli\\\/#breadcrumb\"},\"inLanguage\":\"en-US\",\"potentialAction\":[{\"@type\":\"ReadAction\",\"target\":[\"https:\\\/\\\/www.policlinicogemelli.it\\\/en\\\/news-events\\\/labbraccio-dellarte-per-i-pazienti-del-nuovo-day-hospital-di-radioterapia-del-gemelli\\\/\"]}]},{\"@type\":\"ImageObject\",\"inLanguage\":\"en-US\",\"@id\":\"https:\\\/\\\/www.policlinicogemelli.it\\\/en\\\/news-events\\\/labbraccio-dellarte-per-i-pazienti-del-nuovo-day-hospital-di-radioterapia-del-gemelli\\\/#primaryimage\",\"url\":\"https:\\\/\\\/www.policlinicogemelli.it\\\/wp-content\\\/uploads\\\/2021\\\/10\\\/SITO-ART-VALENTINI.jpg\",\"contentUrl\":\"https:\\\/\\\/www.policlinicogemelli.it\\\/wp-content\\\/uploads\\\/2021\\\/10\\\/SITO-ART-VALENTINI.jpg\",\"width\":850,\"height\":495},{\"@type\":\"BreadcrumbList\",\"@id\":\"https:\\\/\\\/www.policlinicogemelli.it\\\/en\\\/news-events\\\/labbraccio-dellarte-per-i-pazienti-del-nuovo-day-hospital-di-radioterapia-del-gemelli\\\/#breadcrumb\",\"itemListElement\":[{\"@type\":\"ListItem\",\"position\":1,\"name\":\"Home\",\"item\":\"https:\\\/\\\/www.policlinicogemelli.it\\\/en\\\/\"},{\"@type\":\"ListItem\",\"position\":2,\"name\":\"News and Events\",\"item\":\"https:\\\/\\\/www.policlinicogemelli.it\\\/en\\\/news-events\\\/\"},{\"@type\":\"ListItem\",\"position\":3,\"name\":\"L\u2019abbraccio dell\u2019arte per i pazienti del nuovo Day Hospital di Radioterapia del Gemelli\"}]},{\"@type\":\"WebSite\",\"@id\":\"https:\\\/\\\/www.policlinicogemelli.it\\\/en\\\/#website\",\"url\":\"https:\\\/\\\/www.policlinicogemelli.it\\\/en\\\/\",\"name\":\"Policlinico Universitario Agostino Gemelli IRCCS\",\"description\":\"Policlinico Universitario Agostino Gemelli IRCCS\",\"publisher\":{\"@id\":\"https:\\\/\\\/www.policlinicogemelli.it\\\/en\\\/#organization\"},\"potentialAction\":[{\"@type\":\"SearchAction\",\"target\":{\"@type\":\"EntryPoint\",\"urlTemplate\":\"https:\\\/\\\/www.policlinicogemelli.it\\\/en\\\/?s={search_term_string}\"},\"query-input\":{\"@type\":\"PropertyValueSpecification\",\"valueRequired\":true,\"valueName\":\"search_term_string\"}}],\"inLanguage\":\"en-US\"},{\"@type\":\"Organization\",\"@id\":\"https:\\\/\\\/www.policlinicogemelli.it\\\/en\\\/#organization\",\"name\":\"Policlinico Universitario Agostino Gemelli IRCCS\",\"url\":\"https:\\\/\\\/www.policlinicogemelli.it\\\/en\\\/\",\"logo\":{\"@type\":\"ImageObject\",\"inLanguage\":\"en-US\",\"@id\":\"https:\\\/\\\/www.policlinicogemelli.it\\\/en\\\/#\\\/schema\\\/logo\\\/image\\\/\",\"url\":\"https:\\\/\\\/www.policlinicogemelli.it\\\/wp-content\\\/uploads\\\/2019\\\/02\\\/logo-policlinico-gemelli-250-trasp-color-1.png\",\"contentUrl\":\"https:\\\/\\\/www.policlinicogemelli.it\\\/wp-content\\\/uploads\\\/2019\\\/02\\\/logo-policlinico-gemelli-250-trasp-color-1.png\",\"width\":250,\"height\":82,\"caption\":\"Policlinico Universitario Agostino Gemelli IRCCS\"},\"image\":{\"@id\":\"https:\\\/\\\/www.policlinicogemelli.it\\\/en\\\/#\\\/schema\\\/logo\\\/image\\\/\"}}]}<\/script>\n<!-- \/ Yoast SEO plugin. -->","yoast_head_json":{"title":"L\u2019abbraccio dell\u2019arte per i pazienti del nuovo Day Hospital di Radioterapia del Gemelli - Policlinico Universitario A. Gemelli IRCCS","robots":{"index":"index","follow":"follow","max-snippet":"max-snippet:-1","max-image-preview":"max-image-preview:large","max-video-preview":"max-video-preview:-1"},"canonical":"https:\/\/www.policlinicogemelli.it\/en\/news-events\/labbraccio-dellarte-per-i-pazienti-del-nuovo-day-hospital-di-radioterapia-del-gemelli\/","og_locale":"en_US","og_type":"article","og_title":"L\u2019abbraccio dell\u2019arte per i pazienti del nuovo Day Hospital di Radioterapia del Gemelli - Policlinico Universitario A. Gemelli IRCCS","og_description":"Inaugurato oggi presso la Fondazione Policlinico Universitario Agostino Gemelli IRCCS \u2018Art4ART\u2019, il nuovo Day Hospital di Radioterapia Avanzata, che offrir\u00e0 ai pazienti una salutare immersione nell\u2019arte e nella natura per accoglierli e coccolarli durante i trattamenti. Presente all\u2019inaugurazione il Ministro della Cultura Franceschini: \u201cArt4ART Gemelli esperienza da imitare che apre nuove strade\u201d. L\u2019intervento dell\u2019Assessore alla [&hellip;]","og_url":"https:\/\/www.policlinicogemelli.it\/en\/news-events\/labbraccio-dellarte-per-i-pazienti-del-nuovo-day-hospital-di-radioterapia-del-gemelli\/","og_site_name":"Policlinico Universitario Agostino Gemelli IRCCS","article_modified_time":"2021-10-28T12:16:50+00:00","og_image":[{"width":850,"height":495,"url":"https:\/\/www.policlinicogemelli.it\/wp-content\/uploads\/2021\/10\/SITO-ART-VALENTINI.jpg","type":"image\/jpeg"}],"twitter_card":"summary_large_image","twitter_misc":{"Est. reading time":"8 minutes"},"schema":{"@context":"https:\/\/schema.org","@graph":[{"@type":"WebPage","@id":"https:\/\/www.policlinicogemelli.it\/en\/news-events\/labbraccio-dellarte-per-i-pazienti-del-nuovo-day-hospital-di-radioterapia-del-gemelli\/","url":"https:\/\/www.policlinicogemelli.it\/en\/news-events\/labbraccio-dellarte-per-i-pazienti-del-nuovo-day-hospital-di-radioterapia-del-gemelli\/","name":"L\u2019abbraccio dell\u2019arte per i pazienti del nuovo Day Hospital di Radioterapia del Gemelli - Policlinico Universitario A. Gemelli IRCCS","isPartOf":{"@id":"https:\/\/www.policlinicogemelli.it\/en\/#website"},"primaryImageOfPage":{"@id":"https:\/\/www.policlinicogemelli.it\/en\/news-events\/labbraccio-dellarte-per-i-pazienti-del-nuovo-day-hospital-di-radioterapia-del-gemelli\/#primaryimage"},"image":{"@id":"https:\/\/www.policlinicogemelli.it\/en\/news-events\/labbraccio-dellarte-per-i-pazienti-del-nuovo-day-hospital-di-radioterapia-del-gemelli\/#primaryimage"},"thumbnailUrl":"https:\/\/www.policlinicogemelli.it\/wp-content\/uploads\/2021\/10\/SITO-ART-VALENTINI.jpg","datePublished":"2021-10-27T17:31:29+00:00","dateModified":"2021-10-28T12:16:50+00:00","breadcrumb":{"@id":"https:\/\/www.policlinicogemelli.it\/en\/news-events\/labbraccio-dellarte-per-i-pazienti-del-nuovo-day-hospital-di-radioterapia-del-gemelli\/#breadcrumb"},"inLanguage":"en-US","potentialAction":[{"@type":"ReadAction","target":["https:\/\/www.policlinicogemelli.it\/en\/news-events\/labbraccio-dellarte-per-i-pazienti-del-nuovo-day-hospital-di-radioterapia-del-gemelli\/"]}]},{"@type":"ImageObject","inLanguage":"en-US","@id":"https:\/\/www.policlinicogemelli.it\/en\/news-events\/labbraccio-dellarte-per-i-pazienti-del-nuovo-day-hospital-di-radioterapia-del-gemelli\/#primaryimage","url":"https:\/\/www.policlinicogemelli.it\/wp-content\/uploads\/2021\/10\/SITO-ART-VALENTINI.jpg","contentUrl":"https:\/\/www.policlinicogemelli.it\/wp-content\/uploads\/2021\/10\/SITO-ART-VALENTINI.jpg","width":850,"height":495},{"@type":"BreadcrumbList","@id":"https:\/\/www.policlinicogemelli.it\/en\/news-events\/labbraccio-dellarte-per-i-pazienti-del-nuovo-day-hospital-di-radioterapia-del-gemelli\/#breadcrumb","itemListElement":[{"@type":"ListItem","position":1,"name":"Home","item":"https:\/\/www.policlinicogemelli.it\/en\/"},{"@type":"ListItem","position":2,"name":"News and Events","item":"https:\/\/www.policlinicogemelli.it\/en\/news-events\/"},{"@type":"ListItem","position":3,"name":"L\u2019abbraccio dell\u2019arte per i pazienti del nuovo Day Hospital di Radioterapia del Gemelli"}]},{"@type":"WebSite","@id":"https:\/\/www.policlinicogemelli.it\/en\/#website","url":"https:\/\/www.policlinicogemelli.it\/en\/","name":"Policlinico Universitario Agostino Gemelli IRCCS","description":"Policlinico Universitario Agostino Gemelli IRCCS","publisher":{"@id":"https:\/\/www.policlinicogemelli.it\/en\/#organization"},"potentialAction":[{"@type":"SearchAction","target":{"@type":"EntryPoint","urlTemplate":"https:\/\/www.policlinicogemelli.it\/en\/?s={search_term_string}"},"query-input":{"@type":"PropertyValueSpecification","valueRequired":true,"valueName":"search_term_string"}}],"inLanguage":"en-US"},{"@type":"Organization","@id":"https:\/\/www.policlinicogemelli.it\/en\/#organization","name":"Policlinico Universitario Agostino Gemelli IRCCS","url":"https:\/\/www.policlinicogemelli.it\/en\/","logo":{"@type":"ImageObject","inLanguage":"en-US","@id":"https:\/\/www.policlinicogemelli.it\/en\/#\/schema\/logo\/image\/","url":"https:\/\/www.policlinicogemelli.it\/wp-content\/uploads\/2019\/02\/logo-policlinico-gemelli-250-trasp-color-1.png","contentUrl":"https:\/\/www.policlinicogemelli.it\/wp-content\/uploads\/2019\/02\/logo-policlinico-gemelli-250-trasp-color-1.png","width":250,"height":82,"caption":"Policlinico Universitario Agostino Gemelli IRCCS"},"image":{"@id":"https:\/\/www.policlinicogemelli.it\/en\/#\/schema\/logo\/image\/"}}]}},"rest_api_enabler":[],"_links":{"self":[{"href":"https:\/\/www.policlinicogemelli.it\/en\/wp-json\/wp\/v2\/news\/39988","targetHints":{"allow":["GET"]}}],"collection":[{"href":"https:\/\/www.policlinicogemelli.it\/en\/wp-json\/wp\/v2\/news"}],"about":[{"href":"https:\/\/www.policlinicogemelli.it\/en\/wp-json\/wp\/v2\/types\/kf_gem_news"}],"version-history":[{"count":0,"href":"https:\/\/www.policlinicogemelli.it\/en\/wp-json\/wp\/v2\/news\/39988\/revisions"}],"wp:featuredmedia":[{"embeddable":true,"href":"https:\/\/www.policlinicogemelli.it\/en\/wp-json\/wp\/v2\/media\/39991"}],"wp:attachment":[{"href":"https:\/\/www.policlinicogemelli.it\/en\/wp-json\/wp\/v2\/media?parent=39988"}],"wp:term":[{"taxonomy":"kf_gem_newscat","embeddable":true,"href":"https:\/\/www.policlinicogemelli.it\/en\/wp-json\/wp\/v2\/categorie?post=39988"}],"curies":[{"name":"wp","href":"https:\/\/api.w.org\/{rel}","templated":true}]}}