{"id":39931,"date":"2021-10-27T11:59:10","date_gmt":"2021-10-27T11:59:10","guid":{"rendered":"https:\/\/www.policlinicogemelli.it\/?post_type=kf_gem_news&#038;p=39931"},"modified":"2021-10-27T12:00:03","modified_gmt":"2021-10-27T12:00:03","slug":"sma-lo-screening-neonatale-nel-lazio-e-in-toscana-ha-cambiato-la-storia-della-malattia-per-15-bambini-oltre-92mila-neonati-coinvolti","status":"publish","type":"kf_gem_news","link":"https:\/\/www.policlinicogemelli.it\/en\/news-events\/sma-lo-screening-neonatale-nel-lazio-e-in-toscana-ha-cambiato-la-storia-della-malattia-per-15-bambini-oltre-92mila-neonati-coinvolti\/","title":{"rendered":"SMA: lo screening neonatale nel Lazio e in Toscana ha cambiato la storia della malattia per 15 bambini, oltre 92mila neonati coinvolti"},"content":{"rendered":"\n<p><\/p>\n\n\n\n<p><strong>Presentati i risultati del Progetto Pilota dedicato all\u2019atrofia muscolare spinale e coordinato dall\u2019Universit\u00e0 Cattolica del Sacro Cuore.<\/strong><\/p>\n\n\n\n<p><strong>\u00c8 una svolta storica: il test genetico consente una diagnosi precoce e una presa in carico tempestiva per cambiare il decorso della patologia.<\/strong><\/p>\n\n\n\n<p><strong>Oltre 92mila neonati nel Lazio e in Toscana sono stati sottoposti a screening e 15 bambini sono stati identificati con diagnosi di atrofia muscolare spinale (SMA). <\/strong>Si tratta di una malattia genetica rara caratterizzata dalla mancata acquisizione o perdita progressiva delle abilit\u00e0 motorie, che rende difficili o impossibili anche semplici gesti quotidiani come sedersi e stare in piedi o &#8211; nei casi pi\u00f9 gravi &#8211; deglutire o respirare.<\/p>\n\n\n\n<p>Questi sono i risultati del <strong>Progetto Pilota di screening neonatale coordinato dal Dipartimento di Scienze della vita e sanit\u00e0 pubblica dell\u2019Universit\u00e0 Cattolica del Sacro Cuore, Campus di Roma<\/strong> e realizzato in collaborazione con i <strong>Centri Nascita<\/strong> di Lazio e Toscana, le <strong>Istituzioni Regionali<\/strong>, il sostegno dell\u2019associazione <strong>Famiglie SMA<\/strong> e il supporto non condizionato dell\u2019azienda farmaceutica <strong>Biogen<\/strong>.<\/p>\n\n\n\n<p>Le conclusioni del Progetto sono state presentate oggi all\u2019Universit\u00e0 Cattolica alla presenza di&nbsp;<strong>Claudio Grassi<\/strong>, Vice Preside della Facolt\u00e0 di Medicina e Chirurgia e direttore del Dipartimento di Neuroscienze, Universit\u00e0 Cattolica;&nbsp;<strong>Giovanni Scambia<\/strong>, Direttore Scientifico, Fondazione Policlinico Universitario A. Gemelli \u2013 IRCCS; e&nbsp;<strong>Marco Elefanti<\/strong>, Direttore Generale, Fondazione Policlinico Universitario A. Gemelli \u2013 IRCCS.<\/p>\n\n\n\n<p><strong>Lo studio nelle due Regioni \u00e8 stato il primo realizzato in Italia, un unicum nazionale durato due anni <\/strong>(settembre 2019\/2021). <strong>Ha permesso l\u2019accesso a un test genetico universale, volontario e gratuito, per la diagnosi precoce di una patologia che si manifesta prevalentemente in et\u00e0 pediatrica. <\/strong>In Italia nascono ogni anno circa 40-50 bambini con la SMA; in assenza di trattamento farmacologico, \u00e8 la prima causa genetica di mortalit\u00e0 infantile.<\/p>\n\n\n\n<p>Una goccia di sangue prelevata dal tallone poco dopo la nascita consente <strong>la diagnosi precoce e il trattamento tempestivo della patologia, prima che si<\/strong> <strong>manifestino i sintomi e si producano danni gravi e irreversibili<\/strong>.<\/p>\n\n\n\n<p>In base ai dati del progetto pilota e a quelli disponibili in Letteratura, bambini con diagnosi predetta di SMA grave, che avrebbero avuto un\u2019aspettativa di vita inferiore ai due anni per la storia naturale della malattia, hanno avuto l\u2019opportunit\u00e0 di una diagnosi e presa incarico tempestive permettendo cos\u00ec, nella maggior parte dei casi, il raggiungimento di <strong>tappe di sviluppo motorio sovrapponibili a quelle dei bambini non affetti<\/strong>, fino ad acquisire la <strong>deambulazione autonoma<\/strong>.<\/p>\n\n\n\n<p>\u201c<em>\u00c8 una <strong>svolta storica <\/strong>per la nostra comunit\u00e0, perch\u00e9 <strong>la diagnosi precoce unita a interventi tempestivi \u00e8 in grado di cambiare la storia naturale della malattia<\/strong>. <strong>La diagnosi non sar\u00e0 pi\u00f9 una condanna ma un salvavita<\/strong><\/em><strong>\u201d: <\/strong>sottolinea la Presidente di Famiglie SMA <strong>Anita Pallara.<\/strong> \u201c<em>Stiamo raccogliendo <strong>storie fino a due anni fa impensabili<\/strong>. Come quella di Filippo<\/em> (ndr: i nomi sono di fantasia),<em> uno dei primi ad essere stato individuato nel Lazio tramite il test e sottoposto a terapia quando non aveva neanche un mese di vita.&nbsp; Oggi ha uno sviluppo motorio pari ad un bambino sano. Sara ha avuto la diagnosi in Toscana, e oggi riesce a stare in piedi e a mangiare autonomamente\u201d.<\/em><\/p>\n\n\n\n<p>\u201c<em>Lo studio ha raggiunto nei due anni <strong>traguardi importanti<\/strong><\/em>\u201d: evidenzia il responsabile del progetto <strong>Francesco Danilo Tiziano<\/strong>, dirigente medico di Fondazione Policlinico Universitario A. Gemelli \u2013 IRCCS e professore associato di Genetica Medica, Universit\u00e0 Cattolica. \u201c<em>Ha diffuso la consapevolezza e la conoscenza della SMA. Grazie al lavoro e alla collaborazione dei Centri nascita delle due Regioni, l\u2019adesione delle famiglie \u00e8 stata altissima, <strong>raggiungendo circa il 90% dei neonati<\/strong>. Ha inoltre permesso di <strong>stabilire la reale dimensione epidemiologica della patologia, indicando un\u2019incidenza della condizione superiore all\u2019atteso, 1\/6160 circa<\/strong><\/em>\u201d.<\/p>\n\n\n\n<p>Risultati che dimostrano la validit\u00e0 di un progetto che <strong>grazie all\u2019impegno delle due Regioni proseguir\u00e0 oltre la scadenza stabilita nell\u2019ambito dei rispettivi Servizi Sanitari Regionali.<\/strong><\/p>\n\n\n\n<p>\u201c<em>Lo studio ha dimostrato tutta la sua validit\u00e0<\/em>\u201d: sottolinea l\u2019assessore alla Sanit\u00e0 della Regione Lazio, <strong>Alessio D\u2019Amato<\/strong>. \u201c<strong><em>Ci ha permesso di avere una diagnosi precoce, fondamentale per migliorare l\u2019intero processo di cura del paziente, e la tempestiva presa in carico cambiando radicalmente l\u2019evoluzione della malattia stessa<\/em><\/strong><em>. Siamo convinti che questi ottimi esiti clinici della sperimentazione saranno utili anche per l\u2019eventuale inserimento nei LEA<\/em>\u201d.<\/p>\n\n\n\n<p><em>&#8220;Come Regione Toscana abbiamo sempre cercato di offrire, tramite lo screening neonatale, le pi\u00f9 aggiornate opportunit\u00e0 di diagnosi precoce e cura per patologie ad elevata morbilit\u00e0 e mortalit\u00e0\u201d: <\/em>spiega <strong>Simone Bezzini<\/strong>, assessore al diritto alla Salute e Sanit\u00e0 della Regione Toscana.<em> \u201cAbbiamo aderito al progetto pilota insieme con la Regione Lazio e siamo commossi dai risultati per la vita dei 15 neonati diagnosticati e per le loro famiglie. <strong>Ci siamo impegnati per garantire, dal termine della sperimentazione, il proseguimento dello screening SMA nel programma regionale e riteniamo questa esperienza una pratica di utile riferimento non solo per una prossima estensione a livello nazionale, ma anche per altre patologie simili<\/strong>. Abbiamo potuto contare, come in altri interventi attivati in Toscana, sul nostro sistema screening, coordinato dalla AOU Meyer, ma anche sul supporto sia dei privati che dell\u2019associazionismo, confermando l\u2019importanza di assicurare sinergie a tutti i livelli. <strong>Un percorso complesso che da una goccia di sangue arriva fino alla presa in carico dei piccoli pazienti in centri selezionati per la loro competenza, passando attraverso l\u2019attivazione dell\u2019accesso a terapie innovative dedicate<\/strong>. Per questo ringrazio tutti coloro che hanno lavorato con professionalit\u00e0 e dedizione rendendo tutto questo possibile\u201d.<\/em><em><\/em><\/p>\n\n\n\n<p>Lo screening neonatale per la SMA nel Lazio e in Toscana ha gi\u00e0 cambiato il destino di 15 neonati e delle loro famiglie, ma <strong>l\u2019obiettivo raggiunto \u00e8 ancora pi\u00f9 ambizioso: ha dimostrato infatti che \u00e8 possibile estendere l\u2019esperienza a livello nazionale<\/strong>, cos\u00ec come gi\u00e0 avviene negli Stati Uniti o in Germania, dove \u00e8 stato inserito nell\u2019elenco di quelli raccomandati a livello Federale.<\/p>\n\n\n\n<p>Nel novembre 2020 \u00e8 stato istituito al Ministero della Salute un gruppo di lavoro sullo screening neonatale esteso (SNE) con il compito di revisionare la lista delle condizioni soggette a screening neonatale obbligatorio e definirne il protocollo operativo e di gestione. Dopo il parere positivo del tavolo per l\u2019inclusione della SMA, ora <strong>si attende un provvedimento ministeriale che renda operativa la decisione.<\/strong><\/p>\n\n\n\n<p><em>\u201cChi, come noi in <strong>Biogen,<\/strong> \u00e8 abituato a lavorare in uno dei settori a pi\u00f9 <strong>alto tasso di complessit\u00e0 come le neuroscienze<\/strong>, sa che la strada della ricerca \u00e8 fatta di successi e sconfitte, ma che per essere pionieri bisogna intraprendere, con determinazione e responsabilit\u00e0, nuovi percorsi: <\/em>commenta <strong>Giuseppe Banfi<\/strong>, amministratore delegato di Biogen Italia. \u201c<strong><em>Quattro anni fa<\/em><\/strong><em> si \u00e8 aperta nell\u2019Atrofia Muscolare Spinale <strong>una prospettiva nuova<\/strong>, <strong>che ha significato un cambiamento importante della storia naturale della patologia <\/strong>dando una speranza concreta che prima non esisteva. In molti hanno quindi cominciato a dire che nella <strong>SMA \u2018il tempo \u00e8 vita\u2019,<\/strong> ovvero che <strong>una diagnosi tempestiva avrebbe modificato radicalmente la prospettiva di vita dei bambini e delle loro famiglie.<\/strong> La ricerca scientifica si \u00e8 quindi trasformata nell\u2019intuizione di testare la fattibilit\u00e0 di uno <strong>screening neonatale,<\/strong> <strong>con un progetto pilota che \u00e8 diventato una straordinaria realt\u00e0 di salute pubblica e un efficiente modello di partnership pubblico-privato<\/strong>, con fattive collaborazioni tra istituzioni, mondo dell\u2019industria, comunit\u00e0 scientifica e di pazienti.<\/em> <strong><em>Siamo orgogliosi di aver sostenuto con forza e determinazione questo importante progetto di sanit\u00e0 pubblica<\/em><\/strong><em> e ci auguriamo possa diventare a breve un diritto per tutte le famiglie e in tutte le regioni d\u2019Italia\u201d.<\/em><\/p>\n\n\n\n<p>Lo studio \u00e8 coordinato dall\u2019Istituto di <strong>Medicina Genomica dell\u2019Universit\u00e0 Cattolica del Sacro Cuore <\/strong>e realizzato grazie alla collaborazione con la <strong>Fondazione Policlinico Universitario Agostino Gemelli IRCCS di Roma<\/strong>, l\u2019<strong>Ospedale Pediatrico \u201cBambino Ges\u00f9\u201d di Roma<\/strong>, l\u2019<strong>Universit\u00e0 Sapienza di Roma<\/strong>, l\u2019<strong>Azienda Ospedaliera Universitaria \u201cMeyer\u201d di Firenze<\/strong>, i <strong>Governi Regionali di Lazio e Toscana<\/strong>, i <strong>Centri Nascita di Lazio e Toscana<\/strong>, l\u2019associazione di pazienti <strong>Famiglie SMA<\/strong> ed \u00e8 reso possibile grazie al contributo non condizionato di <strong>Biogen Italia<\/strong> srl.<\/p>\n\n\n\n<p><\/p>\n\n\n\n<p><\/p>\n","protected":false},"excerpt":{"rendered":"<p>Presentati i risultati del Progetto Pilota dedicato all\u2019atrofia muscolare spinale e coordinato dall\u2019Universit\u00e0 Cattolica del Sacro Cuore. \u00c8 una svolta storica: il test genetico consente una diagnosi precoce e una presa in carico tempestiva per cambiare il decorso della patologia. Oltre 92mila neonati nel Lazio e in Toscana sono stati sottoposti a screening e 15 [&hellip;]<\/p>\n","protected":false},"featured_media":39934,"template":"","categorie":[93],"class_list":{"0":"post-39931","1":"kf_gem_news","2":"type-kf_gem_news","3":"status-publish","4":"has-post-thumbnail","6":"kf_gem_newscat-events","7":"entry"},"acf":[],"yoast_head":"<!-- This site is optimized with the Yoast SEO plugin v27.5 - https:\/\/yoast.com\/product\/yoast-seo-wordpress\/ -->\n<title>SMA: lo screening neonatale nel Lazio e in Toscana ha cambiato la storia della malattia per 15 bambini, oltre 92mila neonati coinvolti - Policlinico Universitario A. Gemelli IRCCS<\/title>\n<meta name=\"robots\" content=\"index, follow, max-snippet:-1, max-image-preview:large, max-video-preview:-1\" \/>\n<link rel=\"canonical\" href=\"https:\/\/www.policlinicogemelli.it\/en\/news-events\/sma-lo-screening-neonatale-nel-lazio-e-in-toscana-ha-cambiato-la-storia-della-malattia-per-15-bambini-oltre-92mila-neonati-coinvolti\/\" \/>\n<meta property=\"og:locale\" content=\"en_US\" \/>\n<meta property=\"og:type\" content=\"article\" \/>\n<meta property=\"og:title\" content=\"SMA: lo screening neonatale nel Lazio e in Toscana ha cambiato la storia della malattia per 15 bambini, oltre 92mila neonati coinvolti - Policlinico Universitario A. Gemelli IRCCS\" \/>\n<meta property=\"og:description\" content=\"Presentati i risultati del Progetto Pilota dedicato all\u2019atrofia muscolare spinale e coordinato dall\u2019Universit\u00e0 Cattolica del Sacro Cuore. \u00c8 una svolta storica: il test genetico consente una diagnosi precoce e una presa in carico tempestiva per cambiare il decorso della patologia. Oltre 92mila neonati nel Lazio e in Toscana sono stati sottoposti a screening e 15 [&hellip;]\" \/>\n<meta property=\"og:url\" content=\"https:\/\/www.policlinicogemelli.it\/en\/news-events\/sma-lo-screening-neonatale-nel-lazio-e-in-toscana-ha-cambiato-la-storia-della-malattia-per-15-bambini-oltre-92mila-neonati-coinvolti\/\" \/>\n<meta property=\"og:site_name\" content=\"Policlinico Universitario Agostino Gemelli IRCCS\" \/>\n<meta property=\"article:modified_time\" content=\"2021-10-27T12:00:03+00:00\" \/>\n<meta property=\"og:image\" content=\"https:\/\/www.policlinicogemelli.it\/wp-content\/uploads\/2021\/10\/screening-neonatale_foto-web.jpeg\" \/>\n\t<meta property=\"og:image:width\" content=\"3200\" \/>\n\t<meta property=\"og:image:height\" content=\"2119\" \/>\n\t<meta property=\"og:image:type\" content=\"image\/jpeg\" \/>\n<meta name=\"twitter:card\" content=\"summary_large_image\" \/>\n<meta name=\"twitter:label1\" content=\"Est. reading time\" \/>\n\t<meta name=\"twitter:data1\" content=\"6 minutes\" \/>\n<script type=\"application\/ld+json\" class=\"yoast-schema-graph\">{\"@context\":\"https:\\\/\\\/schema.org\",\"@graph\":[{\"@type\":\"WebPage\",\"@id\":\"https:\\\/\\\/www.policlinicogemelli.it\\\/en\\\/news-events\\\/sma-lo-screening-neonatale-nel-lazio-e-in-toscana-ha-cambiato-la-storia-della-malattia-per-15-bambini-oltre-92mila-neonati-coinvolti\\\/\",\"url\":\"https:\\\/\\\/www.policlinicogemelli.it\\\/en\\\/news-events\\\/sma-lo-screening-neonatale-nel-lazio-e-in-toscana-ha-cambiato-la-storia-della-malattia-per-15-bambini-oltre-92mila-neonati-coinvolti\\\/\",\"name\":\"SMA: lo screening neonatale nel Lazio e in Toscana ha cambiato la storia della malattia per 15 bambini, oltre 92mila neonati coinvolti - Policlinico Universitario A. Gemelli IRCCS\",\"isPartOf\":{\"@id\":\"https:\\\/\\\/www.policlinicogemelli.it\\\/en\\\/#website\"},\"primaryImageOfPage\":{\"@id\":\"https:\\\/\\\/www.policlinicogemelli.it\\\/en\\\/news-events\\\/sma-lo-screening-neonatale-nel-lazio-e-in-toscana-ha-cambiato-la-storia-della-malattia-per-15-bambini-oltre-92mila-neonati-coinvolti\\\/#primaryimage\"},\"image\":{\"@id\":\"https:\\\/\\\/www.policlinicogemelli.it\\\/en\\\/news-events\\\/sma-lo-screening-neonatale-nel-lazio-e-in-toscana-ha-cambiato-la-storia-della-malattia-per-15-bambini-oltre-92mila-neonati-coinvolti\\\/#primaryimage\"},\"thumbnailUrl\":\"https:\\\/\\\/www.policlinicogemelli.it\\\/wp-content\\\/uploads\\\/2021\\\/10\\\/screening-neonatale_foto-web.jpeg\",\"datePublished\":\"2021-10-27T11:59:10+00:00\",\"dateModified\":\"2021-10-27T12:00:03+00:00\",\"breadcrumb\":{\"@id\":\"https:\\\/\\\/www.policlinicogemelli.it\\\/en\\\/news-events\\\/sma-lo-screening-neonatale-nel-lazio-e-in-toscana-ha-cambiato-la-storia-della-malattia-per-15-bambini-oltre-92mila-neonati-coinvolti\\\/#breadcrumb\"},\"inLanguage\":\"en-US\",\"potentialAction\":[{\"@type\":\"ReadAction\",\"target\":[\"https:\\\/\\\/www.policlinicogemelli.it\\\/en\\\/news-events\\\/sma-lo-screening-neonatale-nel-lazio-e-in-toscana-ha-cambiato-la-storia-della-malattia-per-15-bambini-oltre-92mila-neonati-coinvolti\\\/\"]}]},{\"@type\":\"ImageObject\",\"inLanguage\":\"en-US\",\"@id\":\"https:\\\/\\\/www.policlinicogemelli.it\\\/en\\\/news-events\\\/sma-lo-screening-neonatale-nel-lazio-e-in-toscana-ha-cambiato-la-storia-della-malattia-per-15-bambini-oltre-92mila-neonati-coinvolti\\\/#primaryimage\",\"url\":\"https:\\\/\\\/www.policlinicogemelli.it\\\/wp-content\\\/uploads\\\/2021\\\/10\\\/screening-neonatale_foto-web.jpeg\",\"contentUrl\":\"https:\\\/\\\/www.policlinicogemelli.it\\\/wp-content\\\/uploads\\\/2021\\\/10\\\/screening-neonatale_foto-web.jpeg\",\"width\":3200,\"height\":2119},{\"@type\":\"BreadcrumbList\",\"@id\":\"https:\\\/\\\/www.policlinicogemelli.it\\\/en\\\/news-events\\\/sma-lo-screening-neonatale-nel-lazio-e-in-toscana-ha-cambiato-la-storia-della-malattia-per-15-bambini-oltre-92mila-neonati-coinvolti\\\/#breadcrumb\",\"itemListElement\":[{\"@type\":\"ListItem\",\"position\":1,\"name\":\"Home\",\"item\":\"https:\\\/\\\/www.policlinicogemelli.it\\\/en\\\/\"},{\"@type\":\"ListItem\",\"position\":2,\"name\":\"News and Events\",\"item\":\"https:\\\/\\\/www.policlinicogemelli.it\\\/en\\\/news-events\\\/\"},{\"@type\":\"ListItem\",\"position\":3,\"name\":\"SMA: lo screening neonatale nel Lazio e in Toscana ha cambiato la storia della malattia per 15 bambini, oltre 92mila neonati coinvolti\"}]},{\"@type\":\"WebSite\",\"@id\":\"https:\\\/\\\/www.policlinicogemelli.it\\\/en\\\/#website\",\"url\":\"https:\\\/\\\/www.policlinicogemelli.it\\\/en\\\/\",\"name\":\"Policlinico Universitario Agostino Gemelli IRCCS\",\"description\":\"Policlinico Universitario Agostino Gemelli IRCCS\",\"publisher\":{\"@id\":\"https:\\\/\\\/www.policlinicogemelli.it\\\/en\\\/#organization\"},\"potentialAction\":[{\"@type\":\"SearchAction\",\"target\":{\"@type\":\"EntryPoint\",\"urlTemplate\":\"https:\\\/\\\/www.policlinicogemelli.it\\\/en\\\/?s={search_term_string}\"},\"query-input\":{\"@type\":\"PropertyValueSpecification\",\"valueRequired\":true,\"valueName\":\"search_term_string\"}}],\"inLanguage\":\"en-US\"},{\"@type\":\"Organization\",\"@id\":\"https:\\\/\\\/www.policlinicogemelli.it\\\/en\\\/#organization\",\"name\":\"Policlinico Universitario Agostino Gemelli IRCCS\",\"url\":\"https:\\\/\\\/www.policlinicogemelli.it\\\/en\\\/\",\"logo\":{\"@type\":\"ImageObject\",\"inLanguage\":\"en-US\",\"@id\":\"https:\\\/\\\/www.policlinicogemelli.it\\\/en\\\/#\\\/schema\\\/logo\\\/image\\\/\",\"url\":\"https:\\\/\\\/www.policlinicogemelli.it\\\/wp-content\\\/uploads\\\/2019\\\/02\\\/logo-policlinico-gemelli-250-trasp-color-1.png\",\"contentUrl\":\"https:\\\/\\\/www.policlinicogemelli.it\\\/wp-content\\\/uploads\\\/2019\\\/02\\\/logo-policlinico-gemelli-250-trasp-color-1.png\",\"width\":250,\"height\":82,\"caption\":\"Policlinico Universitario Agostino Gemelli IRCCS\"},\"image\":{\"@id\":\"https:\\\/\\\/www.policlinicogemelli.it\\\/en\\\/#\\\/schema\\\/logo\\\/image\\\/\"}}]}<\/script>\n<!-- \/ Yoast SEO plugin. -->","yoast_head_json":{"title":"SMA: lo screening neonatale nel Lazio e in Toscana ha cambiato la storia della malattia per 15 bambini, oltre 92mila neonati coinvolti - Policlinico Universitario A. Gemelli IRCCS","robots":{"index":"index","follow":"follow","max-snippet":"max-snippet:-1","max-image-preview":"max-image-preview:large","max-video-preview":"max-video-preview:-1"},"canonical":"https:\/\/www.policlinicogemelli.it\/en\/news-events\/sma-lo-screening-neonatale-nel-lazio-e-in-toscana-ha-cambiato-la-storia-della-malattia-per-15-bambini-oltre-92mila-neonati-coinvolti\/","og_locale":"en_US","og_type":"article","og_title":"SMA: lo screening neonatale nel Lazio e in Toscana ha cambiato la storia della malattia per 15 bambini, oltre 92mila neonati coinvolti - Policlinico Universitario A. Gemelli IRCCS","og_description":"Presentati i risultati del Progetto Pilota dedicato all\u2019atrofia muscolare spinale e coordinato dall\u2019Universit\u00e0 Cattolica del Sacro Cuore. \u00c8 una svolta storica: il test genetico consente una diagnosi precoce e una presa in carico tempestiva per cambiare il decorso della patologia. Oltre 92mila neonati nel Lazio e in Toscana sono stati sottoposti a screening e 15 [&hellip;]","og_url":"https:\/\/www.policlinicogemelli.it\/en\/news-events\/sma-lo-screening-neonatale-nel-lazio-e-in-toscana-ha-cambiato-la-storia-della-malattia-per-15-bambini-oltre-92mila-neonati-coinvolti\/","og_site_name":"Policlinico Universitario Agostino Gemelli IRCCS","article_modified_time":"2021-10-27T12:00:03+00:00","og_image":[{"width":3200,"height":2119,"url":"https:\/\/www.policlinicogemelli.it\/wp-content\/uploads\/2021\/10\/screening-neonatale_foto-web.jpeg","type":"image\/jpeg"}],"twitter_card":"summary_large_image","twitter_misc":{"Est. reading time":"6 minutes"},"schema":{"@context":"https:\/\/schema.org","@graph":[{"@type":"WebPage","@id":"https:\/\/www.policlinicogemelli.it\/en\/news-events\/sma-lo-screening-neonatale-nel-lazio-e-in-toscana-ha-cambiato-la-storia-della-malattia-per-15-bambini-oltre-92mila-neonati-coinvolti\/","url":"https:\/\/www.policlinicogemelli.it\/en\/news-events\/sma-lo-screening-neonatale-nel-lazio-e-in-toscana-ha-cambiato-la-storia-della-malattia-per-15-bambini-oltre-92mila-neonati-coinvolti\/","name":"SMA: lo screening neonatale nel Lazio e in Toscana ha cambiato la storia della malattia per 15 bambini, oltre 92mila neonati coinvolti - Policlinico Universitario A. Gemelli IRCCS","isPartOf":{"@id":"https:\/\/www.policlinicogemelli.it\/en\/#website"},"primaryImageOfPage":{"@id":"https:\/\/www.policlinicogemelli.it\/en\/news-events\/sma-lo-screening-neonatale-nel-lazio-e-in-toscana-ha-cambiato-la-storia-della-malattia-per-15-bambini-oltre-92mila-neonati-coinvolti\/#primaryimage"},"image":{"@id":"https:\/\/www.policlinicogemelli.it\/en\/news-events\/sma-lo-screening-neonatale-nel-lazio-e-in-toscana-ha-cambiato-la-storia-della-malattia-per-15-bambini-oltre-92mila-neonati-coinvolti\/#primaryimage"},"thumbnailUrl":"https:\/\/www.policlinicogemelli.it\/wp-content\/uploads\/2021\/10\/screening-neonatale_foto-web.jpeg","datePublished":"2021-10-27T11:59:10+00:00","dateModified":"2021-10-27T12:00:03+00:00","breadcrumb":{"@id":"https:\/\/www.policlinicogemelli.it\/en\/news-events\/sma-lo-screening-neonatale-nel-lazio-e-in-toscana-ha-cambiato-la-storia-della-malattia-per-15-bambini-oltre-92mila-neonati-coinvolti\/#breadcrumb"},"inLanguage":"en-US","potentialAction":[{"@type":"ReadAction","target":["https:\/\/www.policlinicogemelli.it\/en\/news-events\/sma-lo-screening-neonatale-nel-lazio-e-in-toscana-ha-cambiato-la-storia-della-malattia-per-15-bambini-oltre-92mila-neonati-coinvolti\/"]}]},{"@type":"ImageObject","inLanguage":"en-US","@id":"https:\/\/www.policlinicogemelli.it\/en\/news-events\/sma-lo-screening-neonatale-nel-lazio-e-in-toscana-ha-cambiato-la-storia-della-malattia-per-15-bambini-oltre-92mila-neonati-coinvolti\/#primaryimage","url":"https:\/\/www.policlinicogemelli.it\/wp-content\/uploads\/2021\/10\/screening-neonatale_foto-web.jpeg","contentUrl":"https:\/\/www.policlinicogemelli.it\/wp-content\/uploads\/2021\/10\/screening-neonatale_foto-web.jpeg","width":3200,"height":2119},{"@type":"BreadcrumbList","@id":"https:\/\/www.policlinicogemelli.it\/en\/news-events\/sma-lo-screening-neonatale-nel-lazio-e-in-toscana-ha-cambiato-la-storia-della-malattia-per-15-bambini-oltre-92mila-neonati-coinvolti\/#breadcrumb","itemListElement":[{"@type":"ListItem","position":1,"name":"Home","item":"https:\/\/www.policlinicogemelli.it\/en\/"},{"@type":"ListItem","position":2,"name":"News and Events","item":"https:\/\/www.policlinicogemelli.it\/en\/news-events\/"},{"@type":"ListItem","position":3,"name":"SMA: lo screening neonatale nel Lazio e in Toscana ha cambiato la storia della malattia per 15 bambini, oltre 92mila neonati coinvolti"}]},{"@type":"WebSite","@id":"https:\/\/www.policlinicogemelli.it\/en\/#website","url":"https:\/\/www.policlinicogemelli.it\/en\/","name":"Policlinico Universitario Agostino Gemelli IRCCS","description":"Policlinico Universitario Agostino Gemelli IRCCS","publisher":{"@id":"https:\/\/www.policlinicogemelli.it\/en\/#organization"},"potentialAction":[{"@type":"SearchAction","target":{"@type":"EntryPoint","urlTemplate":"https:\/\/www.policlinicogemelli.it\/en\/?s={search_term_string}"},"query-input":{"@type":"PropertyValueSpecification","valueRequired":true,"valueName":"search_term_string"}}],"inLanguage":"en-US"},{"@type":"Organization","@id":"https:\/\/www.policlinicogemelli.it\/en\/#organization","name":"Policlinico Universitario Agostino Gemelli IRCCS","url":"https:\/\/www.policlinicogemelli.it\/en\/","logo":{"@type":"ImageObject","inLanguage":"en-US","@id":"https:\/\/www.policlinicogemelli.it\/en\/#\/schema\/logo\/image\/","url":"https:\/\/www.policlinicogemelli.it\/wp-content\/uploads\/2019\/02\/logo-policlinico-gemelli-250-trasp-color-1.png","contentUrl":"https:\/\/www.policlinicogemelli.it\/wp-content\/uploads\/2019\/02\/logo-policlinico-gemelli-250-trasp-color-1.png","width":250,"height":82,"caption":"Policlinico Universitario Agostino Gemelli IRCCS"},"image":{"@id":"https:\/\/www.policlinicogemelli.it\/en\/#\/schema\/logo\/image\/"}}]}},"rest_api_enabler":[],"_links":{"self":[{"href":"https:\/\/www.policlinicogemelli.it\/en\/wp-json\/wp\/v2\/news\/39931","targetHints":{"allow":["GET"]}}],"collection":[{"href":"https:\/\/www.policlinicogemelli.it\/en\/wp-json\/wp\/v2\/news"}],"about":[{"href":"https:\/\/www.policlinicogemelli.it\/en\/wp-json\/wp\/v2\/types\/kf_gem_news"}],"version-history":[{"count":0,"href":"https:\/\/www.policlinicogemelli.it\/en\/wp-json\/wp\/v2\/news\/39931\/revisions"}],"wp:featuredmedia":[{"embeddable":true,"href":"https:\/\/www.policlinicogemelli.it\/en\/wp-json\/wp\/v2\/media\/39934"}],"wp:attachment":[{"href":"https:\/\/www.policlinicogemelli.it\/en\/wp-json\/wp\/v2\/media?parent=39931"}],"wp:term":[{"taxonomy":"kf_gem_newscat","embeddable":true,"href":"https:\/\/www.policlinicogemelli.it\/en\/wp-json\/wp\/v2\/categorie?post=39931"}],"curies":[{"name":"wp","href":"https:\/\/api.w.org\/{rel}","templated":true}]}}