{"id":39921,"date":"2021-10-26T11:32:57","date_gmt":"2021-10-26T11:32:57","guid":{"rendered":"https:\/\/www.policlinicogemelli.it\/?post_type=kf_gem_news&#038;p=39921"},"modified":"2021-10-27T12:18:19","modified_gmt":"2021-10-27T12:18:19","slug":"al-gemelli-storico-passo-avanti-verso-la-vista-bionica","status":"publish","type":"kf_gem_news","link":"https:\/\/www.policlinicogemelli.it\/en\/news-events\/al-gemelli-storico-passo-avanti-verso-la-vista-bionica\/","title":{"rendered":"Al Gemelli, storico passo avanti verso la vista \u2018bionica\u2019"},"content":{"rendered":"\n<p><em><strong>Retina artificiale impiantata a un 70enne non vedente<\/strong>.<\/em> <strong><em>L\u2019intervento perfettamente riuscito effettuato dal direttore della Oculistica del Gemelli Stanislao Rizzo, tra i pionieri negli impianti di retina artificiale.<\/em><\/strong><\/p>\n\n\n\n<p>Impiantata per la prima volta in Italia a un settantenne non vedente una retina artificiale di ultima generazione. L\u2019intervento, effettuato dal professor <strong>Stanislao Rizzo<\/strong>, direttore della UOC Oculistica della Fondazione Policlinico Universitario Agostino Gemelli IRCCS e Ordinario di Clinica Oculistica all\u2019Universit\u00e0 Cattolica campus di Roma, \u00e8 durato appena due ore. Al risveglio il paziente, affetto da una grave forma di retinite pigmentosa che aveva causato la perdita della vista, era gi\u00e0 in grado di percepire la luce.<\/p>\n\n\n\n<p>Il professor Rizzo \u00e8 stato un pioniere negli impianti di retina artificiale: nel 2011 fu infatti il primo a impiegare l\u2019Argus, la prima protesi retinica utilizzata in un paziente non vedente.<\/p>\n\n\n\n<p>\u201cSiamo davvero felici di iniziare questa nuova esperienza \u2013 commenta il professor Rizzo &#8211; che \u00e8 frutto di un lavoro di squadra, per il quale ringrazio tutto il mio <em>team<\/em>, fatto di persone appassionate ed entusiaste. Questa nuova retina artificiale dovrebbe assicurarci risultati migliori rispetto alle precedenti, essendo dotata di pi\u00f9 di 400 elettrodi, molti pi\u00f9 dell\u2019Argus che ne possedeva 60. L\u2019idea di restituire anche solo una parvenza di vista a persone che vivono da anni al buio, \u00e8 il sogno di qualunque medico. Il paziente operato vede gi\u00e0 la luce e questo \u00e8 davvero incredibile. La retina artificiale per ora \u00e8 indicata solo per pazienti affetti da retinite pigmentosa (patologia che colpisce circa 150 mila italiani) negli stadi pi\u00f9 avanzati di malattia, cio\u00e8 persone che hanno perso completamente la vista da entrambi gli occhi, una condizione che interessa circa 1.000-1.500 italiani. I criteri di selezione per entrare in questo trial sperimentale sono per ora molto severi e restrittivi\u201d.<\/p>\n\n\n\n<figure class=\"wp-block-image size-full\"><img loading=\"lazy\" decoding=\"async\" width=\"4000\" height=\"2250\" src=\"https:\/\/www.policlinicogemelli.it\/wp-content\/uploads\/2021\/10\/FOTO-EQUIPE-PROF.-RIZZO-def.jpg\" alt=\"\" class=\"wp-image-39917\"\/><\/figure>\n\n\n\n<p>La nuova retina artificiale (NR600) \u00e8 stata messa a punto dalla start up <strong>Nano Retina<\/strong>, che ha il suo quartier generale a Herzliya, la \u2018Silicon Valley\u2019 israeliana, nei pressi di Tel Aviv. Quello effettuato al Gemelli \u00e8 il sesto impianto (il primo in Italia) nell\u2019uomo del nuovo <em>device<\/em>, dopo quelli effettuati lo scorso anno in Israele e in Belgio (i pazienti operati finora hanno un\u2019et\u00e0 dai 59 agli 81 anni). In Europa viene sperimentato all\u2019interno di uno studio clinico multicentrico, che coinvolger\u00e0 una ventina di pazienti, mirato a ottenere l\u2019approvazione CE di questa innovativa protesi retinica.<\/p>\n\n\n\n<p><strong>Un concentrato di altissima tecnologia in pochi millimetri<\/strong><\/p>\n\n\n\n<p>Questo gioiello <em>high-tech<\/em>, \u00e8 frutto di oltre un decennio di ricerche. L\u2019impianto, grande come la punta di una matita (5 mm di diametro x 1 mm di spessore), viene posizionato da un super esperto in chirurgia retinica sopra la superficie della retina e gli elettrodi tridimensionali dei quali \u00e8 composto, penetrano tra le cellule retiniche, andando a prendere il posto dei fotorecettori (le cellule specializzate che permettono di \u2018vedere\u2019) e attivando con i loro impulsi le cellule ganglionari, che trasmettono l\u2019informazione al cervello, facendola viaggiare lungo le vie ottiche.<\/p>\n\n\n\n<figure class=\"wp-block-image size-full\"><img loading=\"lazy\" decoding=\"async\" width=\"5616\" height=\"3744\" src=\"https:\/\/www.policlinicogemelli.it\/wp-content\/uploads\/2021\/10\/device.jpg\" alt=\"\" class=\"wp-image-39913\"\/><\/figure>\n\n\n\n<p>Per attivare i micro-elettrodi 3D, il paziente deve indossare degli speciali occhiali che inviano al <em>device<\/em> un raggio infrarosso, che provvede ad alimentarlo, attraverso di un minuscolo impianto fotovoltaico (due cellule fotovoltaiche) di cui \u00e8 dotato. Il software e l\u2019hardware contenuto negli occhiali inoltre controllano e modulano (come attraverso un alfabeto Morse) gli stimoli luminosi che arrivano agli elettrodi, traducendoli in impulsi elettrici che poi veicoleranno, percorrendo le vie ottiche, l\u2019informazione al cervello.<\/p>\n\n\n\n<p>&nbsp;\u201cNell\u2019ultima fase della retinite pigmentosa \u2013 spiega il professor Stanislao Rizzo &#8211;&nbsp; i fotorecettori (coni e bastoncelli) sono completamente distrutti; ma alcune cellule, come le cellule ganglionari della retina, sopravvivono. Sono cellule importanti perch\u00e9 trasmettono le informazioni dai fotorecettori al cervello. Gli elettrodi 3D sostituiscono i fotorecettori, le cellule specializzate che costituiscono la prima parte delle vie ottiche e trasmettono l\u2019informazione alle cellule ganglionari\u201d.<\/p>\n\n\n\n<figure class=\"wp-block-image size-full\"><img loading=\"lazy\" decoding=\"async\" width=\"4000\" height=\"2250\" src=\"https:\/\/www.policlinicogemelli.it\/wp-content\/uploads\/2021\/10\/gli-speciali-occhiali-per-la-retina-artificiale.jpg\" alt=\"\" class=\"wp-image-39919\"\/><\/figure>\n\n\n\n<p><strong>Come si vede con la retina artificiale<\/strong><\/p>\n\n\n\n<p>L\u2019impianto di questo <em>device<\/em> ripristina una parta della funzionalit\u00e0 retinica, ma non restituisce la vista. Il paziente pu\u00f2 tornare a \u2018vedere\u2019 la luce immediatamente dopo l\u2019impianto ma in genere il programma di riabilitazione viene avviato dopo un paio di settimane dall\u2019intervento. Questo prevede una serie di esercizi da somministrare al paziente che reimpara a vedere attraverso questa sorta di occhio bionico; viene inoltre effettuato il <em>fine-tuning<\/em> della stimolazione degli elettrodi per ottenere una visione migliore possibile. Al termine di questo speciale training il paziente riuscir\u00e0 a distinguere la forma degli oggetti, riconoscere il movimento, imparer\u00e0 ad interpretare queste nuove immagini, che lui vede in bianco e nero e pixelate; grazie alla plasticit\u00e0 neuronale infine il cervello imparer\u00e0 pian piano a distinguere e a riconoscere questi oggetti. Questo garantisce al paziente una miglior interazione sociale e gli restituisce una certa autonomia nelle attivit\u00e0 della vita quotidiana.<\/p>\n\n\n\n<p><strong>Per quali pazienti \u00e8 indicata la retina artificiale<\/strong><\/p>\n\n\n\n<p>\u201cPer questo tipo di impianti \u2013 spiega il professor Rizzo \u2013 \u00e8 fondamentale un\u2019accurata selezione del paziente candidato, che viene inquadrato attraverso una serie di colloqui psicologici; questo serve a valutare sia le sue potenzialit\u00e0 di proseguire lungo un percorso riabilitativo che lo impegner\u00e0 a lungo, sia le sue aspettative. Perch\u00e9 questo impianto non va a restituire una visione normale ma una visione artificiale, \u2018bionica\u2019. Il paziente deve essere preparato al fatto che quello che vedr\u00e0 \u00e8 una ricostruzione attraverso dei \u2018fosfeni\u2019, dei lampi di luce, che vanno a comporre un\u2019immagine pixelata. La visione d\u2019insieme viene ottenuta dal lavoro dei 576 elettrodi presenti nel <em>device<\/em>, i cui parametri vanno tutti configurati con tanta pazienza, attraverso una speciale applicazione\u201d.<\/p>\n\n\n\n<p><strong><em>Maria Rita Montebelli<\/em><\/strong><\/p>\n","protected":false},"excerpt":{"rendered":"<p>Retina artificiale impiantata a un 70enne non vedente. L\u2019intervento perfettamente riuscito effettuato dal direttore della Oculistica del Gemelli Stanislao Rizzo, tra i pionieri negli impianti di retina artificiale. Impiantata per la prima volta in Italia a un settantenne non vedente una retina artificiale di ultima generazione. L\u2019intervento, effettuato dal professor Stanislao Rizzo, direttore della UOC [&hellip;]<\/p>\n","protected":false},"featured_media":39915,"template":"","categorie":[92],"class_list":{"0":"post-39921","1":"kf_gem_news","2":"type-kf_gem_news","3":"status-publish","4":"has-post-thumbnail","6":"kf_gem_newscat-assistance","7":"entry"},"acf":[],"yoast_head":"<!-- This site is optimized with the Yoast SEO plugin v27.5 - https:\/\/yoast.com\/product\/yoast-seo-wordpress\/ -->\n<title>Al Gemelli, storico passo avanti verso la vista \u2018bionica\u2019 - Policlinico Universitario A. Gemelli IRCCS<\/title>\n<meta name=\"robots\" content=\"index, follow, max-snippet:-1, max-image-preview:large, max-video-preview:-1\" \/>\n<link rel=\"canonical\" href=\"https:\/\/www.policlinicogemelli.it\/en\/news-events\/al-gemelli-storico-passo-avanti-verso-la-vista-bionica\/\" \/>\n<meta property=\"og:locale\" content=\"en_US\" \/>\n<meta property=\"og:type\" content=\"article\" \/>\n<meta property=\"og:title\" content=\"Al Gemelli, storico passo avanti verso la vista \u2018bionica\u2019 - Policlinico Universitario A. Gemelli IRCCS\" \/>\n<meta property=\"og:description\" content=\"Retina artificiale impiantata a un 70enne non vedente. L\u2019intervento perfettamente riuscito effettuato dal direttore della Oculistica del Gemelli Stanislao Rizzo, tra i pionieri negli impianti di retina artificiale. Impiantata per la prima volta in Italia a un settantenne non vedente una retina artificiale di ultima generazione. L\u2019intervento, effettuato dal professor Stanislao Rizzo, direttore della UOC [&hellip;]\" \/>\n<meta property=\"og:url\" content=\"https:\/\/www.policlinicogemelli.it\/en\/news-events\/al-gemelli-storico-passo-avanti-verso-la-vista-bionica\/\" \/>\n<meta property=\"og:site_name\" content=\"Policlinico Universitario Agostino Gemelli IRCCS\" \/>\n<meta property=\"article:modified_time\" content=\"2021-10-27T12:18:19+00:00\" \/>\n<meta property=\"og:image\" content=\"https:\/\/www.policlinicogemelli.it\/wp-content\/uploads\/2021\/10\/device2.jpg\" \/>\n\t<meta property=\"og:image:width\" content=\"2737\" \/>\n\t<meta property=\"og:image:height\" content=\"1827\" \/>\n\t<meta property=\"og:image:type\" content=\"image\/jpeg\" \/>\n<meta name=\"twitter:card\" content=\"summary_large_image\" \/>\n<meta name=\"twitter:label1\" content=\"Est. reading time\" \/>\n\t<meta name=\"twitter:data1\" content=\"5 minutes\" \/>\n<script type=\"application\/ld+json\" class=\"yoast-schema-graph\">{\"@context\":\"https:\\\/\\\/schema.org\",\"@graph\":[{\"@type\":\"WebPage\",\"@id\":\"https:\\\/\\\/www.policlinicogemelli.it\\\/en\\\/news-events\\\/al-gemelli-storico-passo-avanti-verso-la-vista-bionica\\\/\",\"url\":\"https:\\\/\\\/www.policlinicogemelli.it\\\/en\\\/news-events\\\/al-gemelli-storico-passo-avanti-verso-la-vista-bionica\\\/\",\"name\":\"Al Gemelli, storico passo avanti verso la vista \u2018bionica\u2019 - Policlinico Universitario A. Gemelli IRCCS\",\"isPartOf\":{\"@id\":\"https:\\\/\\\/www.policlinicogemelli.it\\\/en\\\/#website\"},\"primaryImageOfPage\":{\"@id\":\"https:\\\/\\\/www.policlinicogemelli.it\\\/en\\\/news-events\\\/al-gemelli-storico-passo-avanti-verso-la-vista-bionica\\\/#primaryimage\"},\"image\":{\"@id\":\"https:\\\/\\\/www.policlinicogemelli.it\\\/en\\\/news-events\\\/al-gemelli-storico-passo-avanti-verso-la-vista-bionica\\\/#primaryimage\"},\"thumbnailUrl\":\"https:\\\/\\\/www.policlinicogemelli.it\\\/wp-content\\\/uploads\\\/2021\\\/10\\\/device2.jpg\",\"datePublished\":\"2021-10-26T11:32:57+00:00\",\"dateModified\":\"2021-10-27T12:18:19+00:00\",\"breadcrumb\":{\"@id\":\"https:\\\/\\\/www.policlinicogemelli.it\\\/en\\\/news-events\\\/al-gemelli-storico-passo-avanti-verso-la-vista-bionica\\\/#breadcrumb\"},\"inLanguage\":\"en-US\",\"potentialAction\":[{\"@type\":\"ReadAction\",\"target\":[\"https:\\\/\\\/www.policlinicogemelli.it\\\/en\\\/news-events\\\/al-gemelli-storico-passo-avanti-verso-la-vista-bionica\\\/\"]}]},{\"@type\":\"ImageObject\",\"inLanguage\":\"en-US\",\"@id\":\"https:\\\/\\\/www.policlinicogemelli.it\\\/en\\\/news-events\\\/al-gemelli-storico-passo-avanti-verso-la-vista-bionica\\\/#primaryimage\",\"url\":\"https:\\\/\\\/www.policlinicogemelli.it\\\/wp-content\\\/uploads\\\/2021\\\/10\\\/device2.jpg\",\"contentUrl\":\"https:\\\/\\\/www.policlinicogemelli.it\\\/wp-content\\\/uploads\\\/2021\\\/10\\\/device2.jpg\",\"width\":2737,\"height\":1827},{\"@type\":\"BreadcrumbList\",\"@id\":\"https:\\\/\\\/www.policlinicogemelli.it\\\/en\\\/news-events\\\/al-gemelli-storico-passo-avanti-verso-la-vista-bionica\\\/#breadcrumb\",\"itemListElement\":[{\"@type\":\"ListItem\",\"position\":1,\"name\":\"Home\",\"item\":\"https:\\\/\\\/www.policlinicogemelli.it\\\/en\\\/\"},{\"@type\":\"ListItem\",\"position\":2,\"name\":\"News and Events\",\"item\":\"https:\\\/\\\/www.policlinicogemelli.it\\\/en\\\/news-events\\\/\"},{\"@type\":\"ListItem\",\"position\":3,\"name\":\"Al Gemelli, storico passo avanti verso la vista \u2018bionica\u2019\"}]},{\"@type\":\"WebSite\",\"@id\":\"https:\\\/\\\/www.policlinicogemelli.it\\\/en\\\/#website\",\"url\":\"https:\\\/\\\/www.policlinicogemelli.it\\\/en\\\/\",\"name\":\"Policlinico Universitario Agostino Gemelli IRCCS\",\"description\":\"Policlinico Universitario Agostino Gemelli IRCCS\",\"publisher\":{\"@id\":\"https:\\\/\\\/www.policlinicogemelli.it\\\/en\\\/#organization\"},\"potentialAction\":[{\"@type\":\"SearchAction\",\"target\":{\"@type\":\"EntryPoint\",\"urlTemplate\":\"https:\\\/\\\/www.policlinicogemelli.it\\\/en\\\/?s={search_term_string}\"},\"query-input\":{\"@type\":\"PropertyValueSpecification\",\"valueRequired\":true,\"valueName\":\"search_term_string\"}}],\"inLanguage\":\"en-US\"},{\"@type\":\"Organization\",\"@id\":\"https:\\\/\\\/www.policlinicogemelli.it\\\/en\\\/#organization\",\"name\":\"Policlinico Universitario Agostino Gemelli IRCCS\",\"url\":\"https:\\\/\\\/www.policlinicogemelli.it\\\/en\\\/\",\"logo\":{\"@type\":\"ImageObject\",\"inLanguage\":\"en-US\",\"@id\":\"https:\\\/\\\/www.policlinicogemelli.it\\\/en\\\/#\\\/schema\\\/logo\\\/image\\\/\",\"url\":\"https:\\\/\\\/www.policlinicogemelli.it\\\/wp-content\\\/uploads\\\/2019\\\/02\\\/logo-policlinico-gemelli-250-trasp-color-1.png\",\"contentUrl\":\"https:\\\/\\\/www.policlinicogemelli.it\\\/wp-content\\\/uploads\\\/2019\\\/02\\\/logo-policlinico-gemelli-250-trasp-color-1.png\",\"width\":250,\"height\":82,\"caption\":\"Policlinico Universitario Agostino Gemelli IRCCS\"},\"image\":{\"@id\":\"https:\\\/\\\/www.policlinicogemelli.it\\\/en\\\/#\\\/schema\\\/logo\\\/image\\\/\"}}]}<\/script>\n<!-- \/ Yoast SEO plugin. -->","yoast_head_json":{"title":"Al Gemelli, storico passo avanti verso la vista \u2018bionica\u2019 - Policlinico Universitario A. Gemelli IRCCS","robots":{"index":"index","follow":"follow","max-snippet":"max-snippet:-1","max-image-preview":"max-image-preview:large","max-video-preview":"max-video-preview:-1"},"canonical":"https:\/\/www.policlinicogemelli.it\/en\/news-events\/al-gemelli-storico-passo-avanti-verso-la-vista-bionica\/","og_locale":"en_US","og_type":"article","og_title":"Al Gemelli, storico passo avanti verso la vista \u2018bionica\u2019 - Policlinico Universitario A. Gemelli IRCCS","og_description":"Retina artificiale impiantata a un 70enne non vedente. L\u2019intervento perfettamente riuscito effettuato dal direttore della Oculistica del Gemelli Stanislao Rizzo, tra i pionieri negli impianti di retina artificiale. Impiantata per la prima volta in Italia a un settantenne non vedente una retina artificiale di ultima generazione. L\u2019intervento, effettuato dal professor Stanislao Rizzo, direttore della UOC [&hellip;]","og_url":"https:\/\/www.policlinicogemelli.it\/en\/news-events\/al-gemelli-storico-passo-avanti-verso-la-vista-bionica\/","og_site_name":"Policlinico Universitario Agostino Gemelli IRCCS","article_modified_time":"2021-10-27T12:18:19+00:00","og_image":[{"width":2737,"height":1827,"url":"https:\/\/www.policlinicogemelli.it\/wp-content\/uploads\/2021\/10\/device2.jpg","type":"image\/jpeg"}],"twitter_card":"summary_large_image","twitter_misc":{"Est. reading time":"5 minutes"},"schema":{"@context":"https:\/\/schema.org","@graph":[{"@type":"WebPage","@id":"https:\/\/www.policlinicogemelli.it\/en\/news-events\/al-gemelli-storico-passo-avanti-verso-la-vista-bionica\/","url":"https:\/\/www.policlinicogemelli.it\/en\/news-events\/al-gemelli-storico-passo-avanti-verso-la-vista-bionica\/","name":"Al Gemelli, storico passo avanti verso la vista \u2018bionica\u2019 - Policlinico Universitario A. Gemelli IRCCS","isPartOf":{"@id":"https:\/\/www.policlinicogemelli.it\/en\/#website"},"primaryImageOfPage":{"@id":"https:\/\/www.policlinicogemelli.it\/en\/news-events\/al-gemelli-storico-passo-avanti-verso-la-vista-bionica\/#primaryimage"},"image":{"@id":"https:\/\/www.policlinicogemelli.it\/en\/news-events\/al-gemelli-storico-passo-avanti-verso-la-vista-bionica\/#primaryimage"},"thumbnailUrl":"https:\/\/www.policlinicogemelli.it\/wp-content\/uploads\/2021\/10\/device2.jpg","datePublished":"2021-10-26T11:32:57+00:00","dateModified":"2021-10-27T12:18:19+00:00","breadcrumb":{"@id":"https:\/\/www.policlinicogemelli.it\/en\/news-events\/al-gemelli-storico-passo-avanti-verso-la-vista-bionica\/#breadcrumb"},"inLanguage":"en-US","potentialAction":[{"@type":"ReadAction","target":["https:\/\/www.policlinicogemelli.it\/en\/news-events\/al-gemelli-storico-passo-avanti-verso-la-vista-bionica\/"]}]},{"@type":"ImageObject","inLanguage":"en-US","@id":"https:\/\/www.policlinicogemelli.it\/en\/news-events\/al-gemelli-storico-passo-avanti-verso-la-vista-bionica\/#primaryimage","url":"https:\/\/www.policlinicogemelli.it\/wp-content\/uploads\/2021\/10\/device2.jpg","contentUrl":"https:\/\/www.policlinicogemelli.it\/wp-content\/uploads\/2021\/10\/device2.jpg","width":2737,"height":1827},{"@type":"BreadcrumbList","@id":"https:\/\/www.policlinicogemelli.it\/en\/news-events\/al-gemelli-storico-passo-avanti-verso-la-vista-bionica\/#breadcrumb","itemListElement":[{"@type":"ListItem","position":1,"name":"Home","item":"https:\/\/www.policlinicogemelli.it\/en\/"},{"@type":"ListItem","position":2,"name":"News and Events","item":"https:\/\/www.policlinicogemelli.it\/en\/news-events\/"},{"@type":"ListItem","position":3,"name":"Al Gemelli, storico passo avanti verso la vista \u2018bionica\u2019"}]},{"@type":"WebSite","@id":"https:\/\/www.policlinicogemelli.it\/en\/#website","url":"https:\/\/www.policlinicogemelli.it\/en\/","name":"Policlinico Universitario Agostino Gemelli IRCCS","description":"Policlinico Universitario Agostino Gemelli IRCCS","publisher":{"@id":"https:\/\/www.policlinicogemelli.it\/en\/#organization"},"potentialAction":[{"@type":"SearchAction","target":{"@type":"EntryPoint","urlTemplate":"https:\/\/www.policlinicogemelli.it\/en\/?s={search_term_string}"},"query-input":{"@type":"PropertyValueSpecification","valueRequired":true,"valueName":"search_term_string"}}],"inLanguage":"en-US"},{"@type":"Organization","@id":"https:\/\/www.policlinicogemelli.it\/en\/#organization","name":"Policlinico Universitario Agostino Gemelli IRCCS","url":"https:\/\/www.policlinicogemelli.it\/en\/","logo":{"@type":"ImageObject","inLanguage":"en-US","@id":"https:\/\/www.policlinicogemelli.it\/en\/#\/schema\/logo\/image\/","url":"https:\/\/www.policlinicogemelli.it\/wp-content\/uploads\/2019\/02\/logo-policlinico-gemelli-250-trasp-color-1.png","contentUrl":"https:\/\/www.policlinicogemelli.it\/wp-content\/uploads\/2019\/02\/logo-policlinico-gemelli-250-trasp-color-1.png","width":250,"height":82,"caption":"Policlinico Universitario Agostino Gemelli IRCCS"},"image":{"@id":"https:\/\/www.policlinicogemelli.it\/en\/#\/schema\/logo\/image\/"}}]}},"rest_api_enabler":[],"_links":{"self":[{"href":"https:\/\/www.policlinicogemelli.it\/en\/wp-json\/wp\/v2\/news\/39921","targetHints":{"allow":["GET"]}}],"collection":[{"href":"https:\/\/www.policlinicogemelli.it\/en\/wp-json\/wp\/v2\/news"}],"about":[{"href":"https:\/\/www.policlinicogemelli.it\/en\/wp-json\/wp\/v2\/types\/kf_gem_news"}],"version-history":[{"count":0,"href":"https:\/\/www.policlinicogemelli.it\/en\/wp-json\/wp\/v2\/news\/39921\/revisions"}],"wp:featuredmedia":[{"embeddable":true,"href":"https:\/\/www.policlinicogemelli.it\/en\/wp-json\/wp\/v2\/media\/39915"}],"wp:attachment":[{"href":"https:\/\/www.policlinicogemelli.it\/en\/wp-json\/wp\/v2\/media?parent=39921"}],"wp:term":[{"taxonomy":"kf_gem_newscat","embeddable":true,"href":"https:\/\/www.policlinicogemelli.it\/en\/wp-json\/wp\/v2\/categorie?post=39921"}],"curies":[{"name":"wp","href":"https:\/\/api.w.org\/{rel}","templated":true}]}}