{"id":39743,"date":"2021-10-29T07:07:25","date_gmt":"2021-10-29T07:07:25","guid":{"rendered":"https:\/\/www.policlinicogemelli.it\/?post_type=kf_gem_news&#038;p=39743"},"modified":"2021-10-29T07:07:26","modified_gmt":"2021-10-29T07:07:26","slug":"al-gemelli-il-percorso-clinico-assistenziale-pca-dedicato-alla-persona-con-emorragia-digestiva-in-fase-acuta","status":"publish","type":"kf_gem_news","link":"https:\/\/www.policlinicogemelli.it\/en\/news-events\/al-gemelli-il-percorso-clinico-assistenziale-pca-dedicato-alla-persona-con-emorragia-digestiva-in-fase-acuta\/","title":{"rendered":"Al Gemelli il Percorso Clinico Assistenziale (PCA) dedicato alla persona con emorragia digestiva in fase acuta"},"content":{"rendered":"\n<p>Il sanguinamento acuto del tratto digestivo costituisce la pi\u00f9 comune emergenza gastroenterologica che impegna pesantemente le strutture sanitarie. L\u2019emorragia pu\u00f2 derivare da diverse sedi dell\u2019apparato gastrointestinale come esofago, stomaco, duodeno, intestino e colon retto.<\/p>\n\n\n\n<p>Si ritiene che ogni anno si verifichino 40-150 casi\/100.000 abitanti di emorragia digestiva superiore e circa 33-87 casi\/100.000 abitanti di emorragia digestiva inferiore.<\/p>\n\n\n\n<p>La mortalit\u00e0 per emorragia digestiva superiore \u00e8 ancora particolarmente elevata nei soggetti anziani e con comorbidit\u00e0, raggiungendo anche il 10-14% ed il sanguinamento da varici esofagee comporta una mortalit\u00e0 di circa il 20% entro sei settimane dall\u2019episodio emorragico.<\/p>\n\n\n\n<p><strong><em>Si stima che accedano al Gemelli ogni anno 1460 pazienti per emorragia digestiva.<\/em><\/strong><\/p>\n\n\n\n<p>In relazione alla complessit\u00e0 intrinseca del trattamento del paziente con emorragia digestiva in fase acuta e la molteplicit\u00e0 di processi da attuare (numero di professionisti coinvolti, quantit\u00e0 informazioni, erogazione\/gestione attivit\u00e0\/servizi in urgenza) nasce l\u2019implementazione di un PCA che standardizzi criteri condivisi per la gestione complessiva di tali pazienti.<\/p>\n\n\n\n<p>Il PCA \u00e8 basato su un approccio multidisciplinare e multiprofessionale in cui le varie figure \u2013 l\u2019Endoscopista, il Gastroenterologo o Medico urgentista, lo staff infermieristico e laddove necessario, il Chirurgo, il Radiologo interventista, il Rianimatore &#8211; collaboreranno ed interagiranno tra loro in ogni fase della patologia. L\u2019efficace lavoro in team permette a tutti i pazienti con sospetta o accertata emorragia digestiva in fase acuta una diagnosi precoce, un trattamento tempestivo e appropriato, un idoneo follow up e una presa in carico costante.<\/p>\n\n\n\n<p>Alla presentazione del Percorso hanno partecipato diversi specialisti della Fondazione Policlinico Universitario Agostino Gemelli IRCCS e il rappresentante regionale della Rete Emergenza.<\/p>\n\n\n\n<p>Ha introdotto l\u2019incontro <strong>Andrea Cambieri<\/strong> &#8211; <em>Direttore Sanitario della Fondazione Policlinico Universitario Agostino Gemelli IRCCS \u2013 <\/em>richiamando il modello di gestione aziendale per PCA adottato dalla Fondazione, quale fondamentale strumento di <em>governance<\/em> utilizzato per ridurre la variabilit\u00e0 \u201cnon giustificata\u201d nei processi di cura e monitorare il raggiungimento degli esiti previsti, valutando eventuali scostamenti dagli stessi.<\/p>\n\n\n\n<p>Il saluto&nbsp; di <strong>Sergio Ribaldi<\/strong>, Rappresentante regionale delle Rete EmergenzaLazio, che ha evidenziato la necessit\u00e0 di adottare un modello di sviluppo regionale della rete dedicata.<\/p>\n\n\n\n<p>Ha moderato l\u2019incontro <strong>Guido Costamagna<\/strong><em> (coordinatore PCA)<\/em> &#8211; <em>Direttore UOC Endoscopia Digestiva Chirurgica della Fondazione Policlinico Universitario Agostino Gemelli IRCCS <\/em>&nbsp;ricordando l\u2019importanza della gestione in team nei momenti cruciali del percorso.<\/p>\n\n\n\n<p>Il dibattito ha puntato l\u2019attenzione sulla collaborazione ed interazione tra i professionisti coinvolti negli \u201csnodi di percorso\u201d di diagnosi, trattamento, remissione e\/o riacutizzazioni, elemento imprescindibile per una pi\u00f9 adeguata combinazione e realizzazione degli interventi assistenziali e per una presa in carico globale della persona assistita e della sua condizione complessa.<\/p>\n\n\n\n<p>Alla tavola rotonda hanno partecipato i medici della Fondazione Policlinico Universitario Agostino Gemelli IRCCS: <strong>Marcello Candelli<\/strong> &#8211; <em>Responsabile Organizzazione attesa e permanenza del paziente in Pronto Soccorso<\/em>, <strong>Francesco Franceschi<\/strong> &#8211; Direttore UOC Medicina d\u2019Urgenza e Pronto Soccorso<em>, R<\/em><strong>iccardo Manfredi<\/strong> &#8211; Direttore UOC Radiologia diagnostica e interventistica generale, <strong>Veronica Ojetti<\/strong> &#8211; <em>(coordinatore PCA) Responsabile UOS Organizzazione procedure in emergenza urgenza<\/em>, <strong>Maria Elena Riccioni<\/strong> &#8211; <em>(coordinatore PCA) Responsabile UOS Endoscopia d\u2019Urgenza e Pediatrica<\/em>, <strong>Gabriele Sganga<\/strong> &#8211; <em>Direttore UOC Chirurgia d\u2019Urgenza e del Trauma, M<\/em><strong>aurizio Zega<\/strong> &#8211; <em>Direttore SITRA.<\/em><\/p>\n\n\n\n<p><strong>Antonio Giulio de Belvis<\/strong> &#8211; <em>Direttore UOC Percorsi e Valutazione Outcome Clinici <\/em>del Gemelli &#8211;&nbsp; ha presentato i punti salienti e gli aspetti organizzativi del Percorso Clinico Assistenziale dedicato alla persona con Emorragia digestiva in fase acuta.<\/p>\n\n\n\n<figure class=\"wp-block-image size-full is-style-default\"><img loading=\"lazy\" decoding=\"async\" width=\"836\" height=\"1181\" src=\"https:\/\/www.policlinicogemelli.it\/wp-content\/uploads\/2021\/10\/14-ottobre-2021-locandinaA4_PCA_EmorragiaDigestivaAcuta-1.jpg\" alt=\"\" class=\"wp-image-39748\"\/><\/figure>\n","protected":false},"excerpt":{"rendered":"<p>Il sanguinamento acuto del tratto digestivo costituisce la pi\u00f9 comune emergenza gastroenterologica che impegna pesantemente le strutture sanitarie. L\u2019emorragia pu\u00f2 derivare da diverse sedi dell\u2019apparato gastrointestinale come esofago, stomaco, duodeno, intestino e colon retto. Si ritiene che ogni anno si verifichino 40-150 casi\/100.000 abitanti di emorragia digestiva superiore e circa 33-87 casi\/100.000 abitanti di emorragia [&hellip;]<\/p>\n","protected":false},"featured_media":27130,"template":"","categorie":[92],"class_list":{"0":"post-39743","1":"kf_gem_news","2":"type-kf_gem_news","3":"status-publish","4":"has-post-thumbnail","6":"kf_gem_newscat-assistance","7":"entry"},"acf":[],"yoast_head":"<!-- This site is optimized with the Yoast SEO plugin v27.5 - https:\/\/yoast.com\/product\/yoast-seo-wordpress\/ -->\n<title>Al Gemelli il Percorso Clinico Assistenziale (PCA) dedicato alla persona con emorragia digestiva in fase acuta - Policlinico Universitario A. Gemelli IRCCS<\/title>\n<meta name=\"robots\" content=\"index, follow, max-snippet:-1, max-image-preview:large, max-video-preview:-1\" \/>\n<link rel=\"canonical\" href=\"https:\/\/www.policlinicogemelli.it\/en\/news-events\/al-gemelli-il-percorso-clinico-assistenziale-pca-dedicato-alla-persona-con-emorragia-digestiva-in-fase-acuta\/\" \/>\n<meta property=\"og:locale\" content=\"en_US\" \/>\n<meta property=\"og:type\" content=\"article\" \/>\n<meta property=\"og:title\" content=\"Al Gemelli il Percorso Clinico Assistenziale (PCA) dedicato alla persona con emorragia digestiva in fase acuta - Policlinico Universitario A. Gemelli IRCCS\" \/>\n<meta property=\"og:description\" content=\"Il sanguinamento acuto del tratto digestivo costituisce la pi\u00f9 comune emergenza gastroenterologica che impegna pesantemente le strutture sanitarie. L\u2019emorragia pu\u00f2 derivare da diverse sedi dell\u2019apparato gastrointestinale come esofago, stomaco, duodeno, intestino e colon retto. Si ritiene che ogni anno si verifichino 40-150 casi\/100.000 abitanti di emorragia digestiva superiore e circa 33-87 casi\/100.000 abitanti di emorragia [&hellip;]\" \/>\n<meta property=\"og:url\" content=\"https:\/\/www.policlinicogemelli.it\/en\/news-events\/al-gemelli-il-percorso-clinico-assistenziale-pca-dedicato-alla-persona-con-emorragia-digestiva-in-fase-acuta\/\" \/>\n<meta property=\"og:site_name\" content=\"Policlinico Universitario Agostino Gemelli IRCCS\" \/>\n<meta property=\"article:modified_time\" content=\"2021-10-29T07:07:26+00:00\" \/>\n<meta property=\"og:image\" content=\"https:\/\/www.policlinicogemelli.it\/wp-content\/uploads\/2020\/04\/statua-giovanni-paolo-II.jpg\" \/>\n\t<meta property=\"og:image:width\" content=\"1348\" \/>\n\t<meta property=\"og:image:height\" content=\"899\" \/>\n\t<meta property=\"og:image:type\" content=\"image\/jpeg\" \/>\n<meta name=\"twitter:card\" content=\"summary_large_image\" \/>\n<meta name=\"twitter:label1\" content=\"Est. reading time\" \/>\n\t<meta name=\"twitter:data1\" content=\"3 minutes\" \/>\n<script type=\"application\/ld+json\" class=\"yoast-schema-graph\">{\"@context\":\"https:\\\/\\\/schema.org\",\"@graph\":[{\"@type\":\"WebPage\",\"@id\":\"https:\\\/\\\/www.policlinicogemelli.it\\\/en\\\/news-events\\\/al-gemelli-il-percorso-clinico-assistenziale-pca-dedicato-alla-persona-con-emorragia-digestiva-in-fase-acuta\\\/\",\"url\":\"https:\\\/\\\/www.policlinicogemelli.it\\\/en\\\/news-events\\\/al-gemelli-il-percorso-clinico-assistenziale-pca-dedicato-alla-persona-con-emorragia-digestiva-in-fase-acuta\\\/\",\"name\":\"Al Gemelli il Percorso Clinico Assistenziale (PCA) dedicato alla persona con emorragia digestiva in fase acuta - Policlinico Universitario A. Gemelli IRCCS\",\"isPartOf\":{\"@id\":\"https:\\\/\\\/www.policlinicogemelli.it\\\/en\\\/#website\"},\"primaryImageOfPage\":{\"@id\":\"https:\\\/\\\/www.policlinicogemelli.it\\\/en\\\/news-events\\\/al-gemelli-il-percorso-clinico-assistenziale-pca-dedicato-alla-persona-con-emorragia-digestiva-in-fase-acuta\\\/#primaryimage\"},\"image\":{\"@id\":\"https:\\\/\\\/www.policlinicogemelli.it\\\/en\\\/news-events\\\/al-gemelli-il-percorso-clinico-assistenziale-pca-dedicato-alla-persona-con-emorragia-digestiva-in-fase-acuta\\\/#primaryimage\"},\"thumbnailUrl\":\"https:\\\/\\\/www.policlinicogemelli.it\\\/wp-content\\\/uploads\\\/2020\\\/04\\\/statua-giovanni-paolo-II.jpg\",\"datePublished\":\"2021-10-29T07:07:25+00:00\",\"dateModified\":\"2021-10-29T07:07:26+00:00\",\"breadcrumb\":{\"@id\":\"https:\\\/\\\/www.policlinicogemelli.it\\\/en\\\/news-events\\\/al-gemelli-il-percorso-clinico-assistenziale-pca-dedicato-alla-persona-con-emorragia-digestiva-in-fase-acuta\\\/#breadcrumb\"},\"inLanguage\":\"en-US\",\"potentialAction\":[{\"@type\":\"ReadAction\",\"target\":[\"https:\\\/\\\/www.policlinicogemelli.it\\\/en\\\/news-events\\\/al-gemelli-il-percorso-clinico-assistenziale-pca-dedicato-alla-persona-con-emorragia-digestiva-in-fase-acuta\\\/\"]}]},{\"@type\":\"ImageObject\",\"inLanguage\":\"en-US\",\"@id\":\"https:\\\/\\\/www.policlinicogemelli.it\\\/en\\\/news-events\\\/al-gemelli-il-percorso-clinico-assistenziale-pca-dedicato-alla-persona-con-emorragia-digestiva-in-fase-acuta\\\/#primaryimage\",\"url\":\"https:\\\/\\\/www.policlinicogemelli.it\\\/wp-content\\\/uploads\\\/2020\\\/04\\\/statua-giovanni-paolo-II.jpg\",\"contentUrl\":\"https:\\\/\\\/www.policlinicogemelli.it\\\/wp-content\\\/uploads\\\/2020\\\/04\\\/statua-giovanni-paolo-II.jpg\",\"width\":1348,\"height\":899},{\"@type\":\"BreadcrumbList\",\"@id\":\"https:\\\/\\\/www.policlinicogemelli.it\\\/en\\\/news-events\\\/al-gemelli-il-percorso-clinico-assistenziale-pca-dedicato-alla-persona-con-emorragia-digestiva-in-fase-acuta\\\/#breadcrumb\",\"itemListElement\":[{\"@type\":\"ListItem\",\"position\":1,\"name\":\"Home\",\"item\":\"https:\\\/\\\/www.policlinicogemelli.it\\\/en\\\/\"},{\"@type\":\"ListItem\",\"position\":2,\"name\":\"News and Events\",\"item\":\"https:\\\/\\\/www.policlinicogemelli.it\\\/en\\\/news-events\\\/\"},{\"@type\":\"ListItem\",\"position\":3,\"name\":\"Al Gemelli il Percorso Clinico Assistenziale (PCA) dedicato alla persona con emorragia digestiva in fase acuta\"}]},{\"@type\":\"WebSite\",\"@id\":\"https:\\\/\\\/www.policlinicogemelli.it\\\/en\\\/#website\",\"url\":\"https:\\\/\\\/www.policlinicogemelli.it\\\/en\\\/\",\"name\":\"Policlinico Universitario Agostino Gemelli IRCCS\",\"description\":\"Policlinico Universitario Agostino Gemelli IRCCS\",\"publisher\":{\"@id\":\"https:\\\/\\\/www.policlinicogemelli.it\\\/en\\\/#organization\"},\"potentialAction\":[{\"@type\":\"SearchAction\",\"target\":{\"@type\":\"EntryPoint\",\"urlTemplate\":\"https:\\\/\\\/www.policlinicogemelli.it\\\/en\\\/?s={search_term_string}\"},\"query-input\":{\"@type\":\"PropertyValueSpecification\",\"valueRequired\":true,\"valueName\":\"search_term_string\"}}],\"inLanguage\":\"en-US\"},{\"@type\":\"Organization\",\"@id\":\"https:\\\/\\\/www.policlinicogemelli.it\\\/en\\\/#organization\",\"name\":\"Policlinico Universitario Agostino Gemelli IRCCS\",\"url\":\"https:\\\/\\\/www.policlinicogemelli.it\\\/en\\\/\",\"logo\":{\"@type\":\"ImageObject\",\"inLanguage\":\"en-US\",\"@id\":\"https:\\\/\\\/www.policlinicogemelli.it\\\/en\\\/#\\\/schema\\\/logo\\\/image\\\/\",\"url\":\"https:\\\/\\\/www.policlinicogemelli.it\\\/wp-content\\\/uploads\\\/2019\\\/02\\\/logo-policlinico-gemelli-250-trasp-color-1.png\",\"contentUrl\":\"https:\\\/\\\/www.policlinicogemelli.it\\\/wp-content\\\/uploads\\\/2019\\\/02\\\/logo-policlinico-gemelli-250-trasp-color-1.png\",\"width\":250,\"height\":82,\"caption\":\"Policlinico Universitario Agostino Gemelli IRCCS\"},\"image\":{\"@id\":\"https:\\\/\\\/www.policlinicogemelli.it\\\/en\\\/#\\\/schema\\\/logo\\\/image\\\/\"}}]}<\/script>\n<!-- \/ Yoast SEO plugin. -->","yoast_head_json":{"title":"Al Gemelli il Percorso Clinico Assistenziale (PCA) dedicato alla persona con emorragia digestiva in fase acuta - Policlinico Universitario A. Gemelli IRCCS","robots":{"index":"index","follow":"follow","max-snippet":"max-snippet:-1","max-image-preview":"max-image-preview:large","max-video-preview":"max-video-preview:-1"},"canonical":"https:\/\/www.policlinicogemelli.it\/en\/news-events\/al-gemelli-il-percorso-clinico-assistenziale-pca-dedicato-alla-persona-con-emorragia-digestiva-in-fase-acuta\/","og_locale":"en_US","og_type":"article","og_title":"Al Gemelli il Percorso Clinico Assistenziale (PCA) dedicato alla persona con emorragia digestiva in fase acuta - Policlinico Universitario A. Gemelli IRCCS","og_description":"Il sanguinamento acuto del tratto digestivo costituisce la pi\u00f9 comune emergenza gastroenterologica che impegna pesantemente le strutture sanitarie. L\u2019emorragia pu\u00f2 derivare da diverse sedi dell\u2019apparato gastrointestinale come esofago, stomaco, duodeno, intestino e colon retto. Si ritiene che ogni anno si verifichino 40-150 casi\/100.000 abitanti di emorragia digestiva superiore e circa 33-87 casi\/100.000 abitanti di emorragia [&hellip;]","og_url":"https:\/\/www.policlinicogemelli.it\/en\/news-events\/al-gemelli-il-percorso-clinico-assistenziale-pca-dedicato-alla-persona-con-emorragia-digestiva-in-fase-acuta\/","og_site_name":"Policlinico Universitario Agostino Gemelli IRCCS","article_modified_time":"2021-10-29T07:07:26+00:00","og_image":[{"width":1348,"height":899,"url":"https:\/\/www.policlinicogemelli.it\/wp-content\/uploads\/2020\/04\/statua-giovanni-paolo-II.jpg","type":"image\/jpeg"}],"twitter_card":"summary_large_image","twitter_misc":{"Est. reading time":"3 minutes"},"schema":{"@context":"https:\/\/schema.org","@graph":[{"@type":"WebPage","@id":"https:\/\/www.policlinicogemelli.it\/en\/news-events\/al-gemelli-il-percorso-clinico-assistenziale-pca-dedicato-alla-persona-con-emorragia-digestiva-in-fase-acuta\/","url":"https:\/\/www.policlinicogemelli.it\/en\/news-events\/al-gemelli-il-percorso-clinico-assistenziale-pca-dedicato-alla-persona-con-emorragia-digestiva-in-fase-acuta\/","name":"Al Gemelli il Percorso Clinico Assistenziale (PCA) dedicato alla persona con emorragia digestiva in fase acuta - Policlinico Universitario A. Gemelli IRCCS","isPartOf":{"@id":"https:\/\/www.policlinicogemelli.it\/en\/#website"},"primaryImageOfPage":{"@id":"https:\/\/www.policlinicogemelli.it\/en\/news-events\/al-gemelli-il-percorso-clinico-assistenziale-pca-dedicato-alla-persona-con-emorragia-digestiva-in-fase-acuta\/#primaryimage"},"image":{"@id":"https:\/\/www.policlinicogemelli.it\/en\/news-events\/al-gemelli-il-percorso-clinico-assistenziale-pca-dedicato-alla-persona-con-emorragia-digestiva-in-fase-acuta\/#primaryimage"},"thumbnailUrl":"https:\/\/www.policlinicogemelli.it\/wp-content\/uploads\/2020\/04\/statua-giovanni-paolo-II.jpg","datePublished":"2021-10-29T07:07:25+00:00","dateModified":"2021-10-29T07:07:26+00:00","breadcrumb":{"@id":"https:\/\/www.policlinicogemelli.it\/en\/news-events\/al-gemelli-il-percorso-clinico-assistenziale-pca-dedicato-alla-persona-con-emorragia-digestiva-in-fase-acuta\/#breadcrumb"},"inLanguage":"en-US","potentialAction":[{"@type":"ReadAction","target":["https:\/\/www.policlinicogemelli.it\/en\/news-events\/al-gemelli-il-percorso-clinico-assistenziale-pca-dedicato-alla-persona-con-emorragia-digestiva-in-fase-acuta\/"]}]},{"@type":"ImageObject","inLanguage":"en-US","@id":"https:\/\/www.policlinicogemelli.it\/en\/news-events\/al-gemelli-il-percorso-clinico-assistenziale-pca-dedicato-alla-persona-con-emorragia-digestiva-in-fase-acuta\/#primaryimage","url":"https:\/\/www.policlinicogemelli.it\/wp-content\/uploads\/2020\/04\/statua-giovanni-paolo-II.jpg","contentUrl":"https:\/\/www.policlinicogemelli.it\/wp-content\/uploads\/2020\/04\/statua-giovanni-paolo-II.jpg","width":1348,"height":899},{"@type":"BreadcrumbList","@id":"https:\/\/www.policlinicogemelli.it\/en\/news-events\/al-gemelli-il-percorso-clinico-assistenziale-pca-dedicato-alla-persona-con-emorragia-digestiva-in-fase-acuta\/#breadcrumb","itemListElement":[{"@type":"ListItem","position":1,"name":"Home","item":"https:\/\/www.policlinicogemelli.it\/en\/"},{"@type":"ListItem","position":2,"name":"News and Events","item":"https:\/\/www.policlinicogemelli.it\/en\/news-events\/"},{"@type":"ListItem","position":3,"name":"Al Gemelli il Percorso Clinico Assistenziale (PCA) dedicato alla persona con emorragia digestiva in fase acuta"}]},{"@type":"WebSite","@id":"https:\/\/www.policlinicogemelli.it\/en\/#website","url":"https:\/\/www.policlinicogemelli.it\/en\/","name":"Policlinico Universitario Agostino Gemelli IRCCS","description":"Policlinico Universitario Agostino Gemelli IRCCS","publisher":{"@id":"https:\/\/www.policlinicogemelli.it\/en\/#organization"},"potentialAction":[{"@type":"SearchAction","target":{"@type":"EntryPoint","urlTemplate":"https:\/\/www.policlinicogemelli.it\/en\/?s={search_term_string}"},"query-input":{"@type":"PropertyValueSpecification","valueRequired":true,"valueName":"search_term_string"}}],"inLanguage":"en-US"},{"@type":"Organization","@id":"https:\/\/www.policlinicogemelli.it\/en\/#organization","name":"Policlinico Universitario Agostino Gemelli IRCCS","url":"https:\/\/www.policlinicogemelli.it\/en\/","logo":{"@type":"ImageObject","inLanguage":"en-US","@id":"https:\/\/www.policlinicogemelli.it\/en\/#\/schema\/logo\/image\/","url":"https:\/\/www.policlinicogemelli.it\/wp-content\/uploads\/2019\/02\/logo-policlinico-gemelli-250-trasp-color-1.png","contentUrl":"https:\/\/www.policlinicogemelli.it\/wp-content\/uploads\/2019\/02\/logo-policlinico-gemelli-250-trasp-color-1.png","width":250,"height":82,"caption":"Policlinico Universitario Agostino Gemelli IRCCS"},"image":{"@id":"https:\/\/www.policlinicogemelli.it\/en\/#\/schema\/logo\/image\/"}}]}},"rest_api_enabler":[],"_links":{"self":[{"href":"https:\/\/www.policlinicogemelli.it\/en\/wp-json\/wp\/v2\/news\/39743","targetHints":{"allow":["GET"]}}],"collection":[{"href":"https:\/\/www.policlinicogemelli.it\/en\/wp-json\/wp\/v2\/news"}],"about":[{"href":"https:\/\/www.policlinicogemelli.it\/en\/wp-json\/wp\/v2\/types\/kf_gem_news"}],"version-history":[{"count":0,"href":"https:\/\/www.policlinicogemelli.it\/en\/wp-json\/wp\/v2\/news\/39743\/revisions"}],"wp:featuredmedia":[{"embeddable":true,"href":"https:\/\/www.policlinicogemelli.it\/en\/wp-json\/wp\/v2\/media\/27130"}],"wp:attachment":[{"href":"https:\/\/www.policlinicogemelli.it\/en\/wp-json\/wp\/v2\/media?parent=39743"}],"wp:term":[{"taxonomy":"kf_gem_newscat","embeddable":true,"href":"https:\/\/www.policlinicogemelli.it\/en\/wp-json\/wp\/v2\/categorie?post=39743"}],"curies":[{"name":"wp","href":"https:\/\/api.w.org\/{rel}","templated":true}]}}