{"id":39720,"date":"2021-10-20T12:38:00","date_gmt":"2021-10-20T12:38:00","guid":{"rendered":"https:\/\/www.policlinicogemelli.it\/?post_type=kf_gem_news&#038;p=39720"},"modified":"2021-10-20T12:48:57","modified_gmt":"2021-10-20T12:48:57","slug":"la-fondazione-policlinico-gemelli-scende-in-campo-contro-il-long-covid","status":"publish","type":"kf_gem_news","link":"https:\/\/www.policlinicogemelli.it\/en\/news-events\/la-fondazione-policlinico-gemelli-scende-in-campo-contro-il-long-covid\/","title":{"rendered":"La Fondazione Policlinico Gemelli scende in campo contro il long-Covid"},"content":{"rendered":"\n<p>Roma 14 ottobre 2021<br><br><strong><em>Prende il via la campagna di raccolta fondi \u201cInsieme oltre il Covid\u201d per finanziare tre progetti di ricerca e di assistenza dedicata (Day Hospital post-Covid, nuovo centro ambulatoriale di Pneumologia, nuove attrezzature per il laboratorio di Microbiologia). \u00c8 possibile donare fino al 27 ottobre attraverso il numero solidale 45597.<\/em><\/strong><\/p>\n\n\n\n<p>A oggi oltre 4,7 milioni di italiani (quasi 240 milioni nel mondo) hanno contratto il Covid-19. L\u2019infezione ha provocato molte vittime (solo in Italia oltre 131 mila), ma adesso che si dispone finalmente di strumenti di prevenzione efficaci come i vaccini, l\u2019attenzione degli esperti si sta focalizzando su un altro aspetto della pandemia, quello del long-Covid, che potrebbe interessare fino all\u201980% di quanti hanno contratto l\u2019infezione.<\/p>\n\n\n\n<p>La Fondazione Policlinico Universitario Agostino Gemelli IRCCS ha avuto un approccio visionario e pionieristico all\u2019argomento, con l\u2019apertura del primo \u2018<strong>Day-Hospital post-Covid\u2019<\/strong> d\u2019Italia e d\u2019Europa, a distanza di appena qualche settimana dall\u2019inizio del primo lockdown. Purtroppo, nonostante il long Covid sia ormai un\u2019entit\u00e0 nosologica definita e riconosciuta anche dall\u2019Organizzazione Mondiale della Sanit\u00e0 (OMS), a oggi non ha una presa in carico codificata (DRG) da parte del Servizio Sanitario Nazionale e non \u00e8 contemplato a livello assicurativo, n\u00e9 previdenziale. Questa sindrome che pu\u00f2 declinarsi per mesi in oltre 200 sintomi, pi\u00f9 o meno invalidanti, \u00e8 in gran parte ancora da studiare. La conoscenza delle cause, l\u2019individuazione di biomarcatori prognostici e di elementi in grado di farne prevedere la comparsa potrebbe aiutare a definire misure di prevenzione, di trattamento e riabilitative. Anche perch\u00e9 per molti sopravvissuti al Covid questo \u00e8 un incubo che continua e impatta in maniera importante sulla qualit\u00e0 di vita, sulla capacit\u00e0 di funzionare.<\/p>\n\n\n\n<p>\u201cLa Fondazione Policlinico Gemelli &#8211; afferma il professor <strong>Marco Elefanti<\/strong>, Direttore Generale della Fondazione Policlinico Universitario Agostino Gemelli IRCCS &#8211; si impegna a fare la sua parte, potenziando le attivit\u00e0 del DH post-Covid &#8211; al momento ancora l\u2019unico di questo tipo attivato a Roma -, sia sul versante assistenziale che di ricerca e allestendo dei nuovissimi ambulatori di pneumologia, integrati con strumentazioni all\u2019avanguardia e teleassistenza. Infine, \u00e8 necessario potenziare le attivit\u00e0 del laboratorio di microbiologia che sta lavorando senza sosta sulla diagnostica Covid da inizio pandemia. Lo scorso anno al Gemelli sono stati processati ben 650.000 campioni clinici e quest\u2019anno si arriver\u00e0 a lavorarne 840.000. E nonostante l\u2019intensa attivit\u00e0 clinico-assistenziale imposta dall\u2019emergenza, la ricerca non si \u00e8 mai fermata. Anzi. I nostri ricercatori hanno pubblicato numerosi lavori sui vari aspetti del Covid, tra i quali il primo in assoluto sugli effetti a distanza della malattia sulla prestigiosa rivista JAMA, il cosiddetto long Covid. La strada \u00e8 ancora lunga e per andare avanti abbiamo bisogno del sostegno di tutti\u201d.<\/p>\n\n\n\n<p><strong>I tre progetti da finanziare:<\/strong><\/p>\n\n\n\n<ol class=\"wp-block-list\" type=\"1\"><li>Potenziamento del <strong>presidio Post Covid<\/strong> per poter incrementare il numero di pazienti presi in carico (al momento vengono trattati valutati circa 250 pazienti al mese, per un totale di oltre 2 mila pazienti da inizio attivit\u00e0; l\u2019obiettivo \u00e8 di arrivare ad almeno 500 pazienti al mese). A questa attivit\u00e0 assistenziale \u00e8 strettamente connessa tutta l\u2019attivit\u00e0 di ricerca sul long Covid.<\/li><\/ol>\n\n\n\n<p>\u201cA oggi abbiamo preso in carico tantissimi pazienti provenienti da tutta Italia \u2013 ricorda il professor <strong>Francesco Landi<\/strong>, Direttore UOC Medicina Interna Geriatrica Fondazione Policlinico Universitario Agostino Gemelli IRCCS, Docente di Medicina Interna e Geriatria all\u2019Universit\u00e0 Cattolica del Sacro Cuore, campus di Roma -. A distanza di 3 mesi dalla risoluzione della fase acuta, 3 persone su 4 presentano ancora sintomi correlati alla malattia. Il sintomo pi\u00f9 frequente \u00e8 la fatigue (59%), seguito da dispnea (53%), mialgie (31%), dolori articolari (27%), dolore toracico (23%), cefalea (18%). Non abbiamo uno staff medico dedicato. Finora il DH \u00e8 andato avanti con l\u2019opera di personale medico in forza presso altri servizi e con gli specializzandi\u201d.<\/p>\n\n\n\n<ol class=\"wp-block-list\" type=\"1\" start=\"2\"><li>Riallestimento e potenziamento del<strong> Centro Malattie dell\u2019Apparato Respiratorio<\/strong>, tra quelli maggiormente coinvolti nella risposta alla fase acuta della malattia ma anche nel post Covid, sia in termini di risorse umane e tecnologiche dedicati, che di strumentazioni per assistenza (anche in versione \u2018teleassistenza\u2019) e diagnostica.<\/li><\/ol>\n\n\n\n<p>\u201cAbbiamo pensato di strutturare un nuovo centro per le malattie respiratorie in maniera multi e trans-disciplinare \u2013 spiega il professor <strong>Luca Richeldi<\/strong>, direttore UOC Pneumologia Fondazione Policlinico Universitario Agostino Gemelli IRCCS e Ordinario di Malattie dell\u2019Apparato Respiratorio, Universit\u00e0 Cattolica del Sacro Cuore -. Se \u00e8 infatti vero che questo nuovo coronavirus ha una porta d\u2019ingresso respiratoria, \u00e8 anche vero che dall\u2019apparato respiratorio il virus si diffonde al resto dell\u2019organismo e possono esserci pazienti che insieme ai problemi respiratori hanno anche problemi gastro-intestinali, neuromuscolari o cognitivi. Questa struttura sar\u00e0 dunque incentrata sulle patologie respiratorie, ma si avvarr\u00e0 delle competenze multidisciplinari sulle quali possiamo contare al Gemelli, per prendere in carico, in maniera multidisciplinare di questi pazienti. Il nuovo Centro prender\u00e0 in carico i pazienti con esiti polmonari da long Covid, ma continuer\u00e0 naturalmente ad assistere anche tutti gli altri pazienti con patologie respiratorie croniche e gravi, dall\u2019asma bronchiale all\u2019enfisema polmonare, dall\u2019embolia polmonare alle fibrosi polmonari, alle bronchiectasie\u201d.<\/p>\n\n\n\n<ol class=\"wp-block-list\" type=\"1\" start=\"3\"><li>Sostenere significativi interventi sul <strong>Laboratorio<\/strong> di <strong>Microbiologia e Virologia<\/strong> per far fronte alla cresciuta domanda di esami diagnostici e alla necessit\u00e0 di monitorare la prevalenza delle varianti e l\u2019insorgenza di nuove.<\/li><\/ol>\n\n\n\n<p>\u201cIn questo periodo siamo stati \u2018catturati\u2019 da tanti aspetti inerenti il Covid-19 \u2013 spiega il professor <strong>Maurizio Sanguinetti<\/strong>, direttore del Dipartimento Scienze di Laboratorio e infettivologiche, direttore della UOC Microbiologia, Policlinico Universitario A. Gemelli IRCCS, ordinario di Microbiologia all\u2019Universit\u00e0 Cattolica e presidente ESCMID (European Society of Clinical Microbiology and Infectious Diseases)<strong> &#8211; <\/strong>quali la valutazione di nuovi sistemi diagnostici e del loro impatto sulla gestione di questi pazienti o la possibilit\u00e0 di utilizzare algoritmi diagnostici integrati, utilizzando diversi test per migliorare la gestione dei pazienti all\u2019interno dell\u2019ospedale o del Pronto Soccorso. La ricerca \u00e8 purtroppo \u2018orfana\u2019 di fondi; al momento sono state fatte in Italia poche \u2018call\u2019 su Covid e quindi i fondi per la ricerca in questo settore specifico non sono sufficienti. Abbiamo dunque bisogno dell\u2019aiuto di tutti e sarebbe per noi molto importante riceverlo anche dai privati cittadini\u201d.<\/p>\n\n\n\n<p><strong>Come donare a sostegno della campagna\u201cInsieme oltre il Covid\u201d<\/strong><\/p>\n\n\n\n<p><strong>Fino al 27 ottobre sar\u00e0 possibile sostenere<\/strong> i progetti della Fondazione Policlinico Universitario Agostino Gemelli IRCCS chiamando il <strong>45597 <\/strong>da rete fissa TIM, Vodafone, Wind, Tre, Fastweb, Tiscali, TWT, Convergenze e PosteMobile per donare 5 o 10 euro; attraverso l\u2019invio di un sms al numero 45597 per donare 2 euro da cellulare (Wind, Tre, TIM, Vodafone, Iliad, PosteMobile, Coop Voce e Tiscali); on-line con carta di credito sul sito policlinicogemelli.it.<\/p>\n\n\n\n<p><strong>Cos\u2019\u00e8 il long Covid<\/strong><\/p>\n\n\n\n<p>Un recente studio pubblicato su<a href=\"https:\/\/www.sciencedirect.com\/science\/article\/pii\/S2589537021002996?via%3Dihub\"> Lancet<\/a> EClinMedicine ha elencato oltre 200 sintomi attribuibili a questa condizione, interessanti pi\u00f9 di 10 organi e apparati. E sono in molti a presentare sintomi per oltre 6 mesi dalla fine della fase acuta della malattia o dalla negativizzazione del tampone. I sintomi possono scomparire, per poi ripresentarsi, anche a distanza di mesi, magari a seguito di uno stress, fisico o psicologico, anche minimo. La maggior parte delle persone con \u2018long Covid\u2019 non richiede un ricovero ospedaliero, ma la loro qualit\u00e0 di vita \u00e8 peggiorata, come anche la capacit\u00e0 di affrontare le incombenze della vita quotidiana a casa, come al lavoro, o a scuola (ad essere colpiti sono anche giovani e giovanissimi). A preoccupare \u00e8 anche il numero delle persone potenzialmente interessate dal Long-Covid. Secondo una metanalisi appena pubblicata da <a href=\"https:\/\/www.nature.com\/articles\/s41598-021-95565-8\">Nature<\/a>, fino all\u201980% delle persone che hanno contratto il Covid-19 presenta uno o pi\u00f9 sintomi a distanza di molti mesi. I pi\u00f9 comuni sono la fatigue (58%), la cefalea (44%), i disturbi di concentrazione e attenzione (27%), la perdita di capelli (25%) e l\u2019affanno (24%). \u00c8 una storia tutta da scrivere sui libri di medicina quella del long-Covid e in gran parte ancora da studiare, per poter offrire un concreto aiuto a questi pazienti che devono essere gestiti da team multidisciplinari vista la vastit\u00e0 del ventaglio di sintomi possibili. \u00c8 fondamentale dunque raccogliere in maniera sistematica tutti i dati relativi a questi disturbi, per poter poi definire opportune misure di prevenzione e offrire un aiuto concreto, anche attraverso tecniche riabilitative specifiche e innovative. A chiederlo sono i pazienti stessi, troppo spesso etichettati come \u2018malati immaginari\u2019 e lasciati da soli a combattere contro un nemico insidioso, pervasivo, invisibile.<\/p>\n\n\n\n<p><strong><em>Maria Rita Montebelli <\/em><\/strong><\/p>\n","protected":false},"excerpt":{"rendered":"<p>Roma 14 ottobre 2021 Prende il via la campagna di raccolta fondi \u201cInsieme oltre il Covid\u201d per finanziare tre progetti di ricerca e di assistenza dedicata (Day Hospital post-Covid, nuovo centro ambulatoriale di Pneumologia, nuove attrezzature per il laboratorio di Microbiologia). \u00c8 possibile donare fino al 27 ottobre attraverso il numero solidale 45597. A oggi [&hellip;]<\/p>\n","protected":false},"featured_media":39723,"template":"","categorie":[96],"class_list":{"0":"post-39720","1":"kf_gem_news","2":"type-kf_gem_news","3":"status-publish","4":"has-post-thumbnail","6":"kf_gem_newscat-institutional-information","7":"entry"},"acf":[],"yoast_head":"<!-- This site is optimized with the Yoast SEO plugin v27.5 - https:\/\/yoast.com\/product\/yoast-seo-wordpress\/ -->\n<title>La Fondazione Policlinico Gemelli scende in campo contro il long-Covid - Policlinico Universitario A. Gemelli IRCCS<\/title>\n<meta name=\"robots\" content=\"index, follow, max-snippet:-1, max-image-preview:large, max-video-preview:-1\" \/>\n<link rel=\"canonical\" href=\"https:\/\/www.policlinicogemelli.it\/en\/news-events\/la-fondazione-policlinico-gemelli-scende-in-campo-contro-il-long-covid\/\" \/>\n<meta property=\"og:locale\" content=\"en_US\" \/>\n<meta property=\"og:type\" content=\"article\" \/>\n<meta property=\"og:title\" content=\"La Fondazione Policlinico Gemelli scende in campo contro il long-Covid - Policlinico Universitario A. Gemelli IRCCS\" \/>\n<meta property=\"og:description\" content=\"Roma 14 ottobre 2021 Prende il via la campagna di raccolta fondi \u201cInsieme oltre il Covid\u201d per finanziare tre progetti di ricerca e di assistenza dedicata (Day Hospital post-Covid, nuovo centro ambulatoriale di Pneumologia, nuove attrezzature per il laboratorio di Microbiologia). \u00c8 possibile donare fino al 27 ottobre attraverso il numero solidale 45597. A oggi [&hellip;]\" \/>\n<meta property=\"og:url\" content=\"https:\/\/www.policlinicogemelli.it\/en\/news-events\/la-fondazione-policlinico-gemelli-scende-in-campo-contro-il-long-covid\/\" \/>\n<meta property=\"og:site_name\" content=\"Policlinico Universitario Agostino Gemelli IRCCS\" \/>\n<meta property=\"article:modified_time\" content=\"2021-10-20T12:48:57+00:00\" \/>\n<meta property=\"og:image\" content=\"https:\/\/www.policlinicogemelli.it\/wp-content\/uploads\/2021\/10\/Cartello-Campagna-SMS-2021_FPG_SenzaData.jpg\" \/>\n\t<meta property=\"og:image:width\" content=\"1920\" \/>\n\t<meta property=\"og:image:height\" content=\"1080\" \/>\n\t<meta property=\"og:image:type\" content=\"image\/jpeg\" \/>\n<meta name=\"twitter:card\" content=\"summary_large_image\" \/>\n<meta name=\"twitter:label1\" content=\"Est. reading time\" \/>\n\t<meta name=\"twitter:data1\" content=\"6 minutes\" \/>\n<script type=\"application\/ld+json\" class=\"yoast-schema-graph\">{\"@context\":\"https:\\\/\\\/schema.org\",\"@graph\":[{\"@type\":\"WebPage\",\"@id\":\"https:\\\/\\\/www.policlinicogemelli.it\\\/en\\\/news-events\\\/la-fondazione-policlinico-gemelli-scende-in-campo-contro-il-long-covid\\\/\",\"url\":\"https:\\\/\\\/www.policlinicogemelli.it\\\/en\\\/news-events\\\/la-fondazione-policlinico-gemelli-scende-in-campo-contro-il-long-covid\\\/\",\"name\":\"La Fondazione Policlinico Gemelli scende in campo contro il long-Covid - Policlinico Universitario A. Gemelli IRCCS\",\"isPartOf\":{\"@id\":\"https:\\\/\\\/www.policlinicogemelli.it\\\/en\\\/#website\"},\"primaryImageOfPage\":{\"@id\":\"https:\\\/\\\/www.policlinicogemelli.it\\\/en\\\/news-events\\\/la-fondazione-policlinico-gemelli-scende-in-campo-contro-il-long-covid\\\/#primaryimage\"},\"image\":{\"@id\":\"https:\\\/\\\/www.policlinicogemelli.it\\\/en\\\/news-events\\\/la-fondazione-policlinico-gemelli-scende-in-campo-contro-il-long-covid\\\/#primaryimage\"},\"thumbnailUrl\":\"https:\\\/\\\/www.policlinicogemelli.it\\\/wp-content\\\/uploads\\\/2021\\\/10\\\/Cartello-Campagna-SMS-2021_FPG_SenzaData.jpg\",\"datePublished\":\"2021-10-20T12:38:00+00:00\",\"dateModified\":\"2021-10-20T12:48:57+00:00\",\"breadcrumb\":{\"@id\":\"https:\\\/\\\/www.policlinicogemelli.it\\\/en\\\/news-events\\\/la-fondazione-policlinico-gemelli-scende-in-campo-contro-il-long-covid\\\/#breadcrumb\"},\"inLanguage\":\"en-US\",\"potentialAction\":[{\"@type\":\"ReadAction\",\"target\":[\"https:\\\/\\\/www.policlinicogemelli.it\\\/en\\\/news-events\\\/la-fondazione-policlinico-gemelli-scende-in-campo-contro-il-long-covid\\\/\"]}]},{\"@type\":\"ImageObject\",\"inLanguage\":\"en-US\",\"@id\":\"https:\\\/\\\/www.policlinicogemelli.it\\\/en\\\/news-events\\\/la-fondazione-policlinico-gemelli-scende-in-campo-contro-il-long-covid\\\/#primaryimage\",\"url\":\"https:\\\/\\\/www.policlinicogemelli.it\\\/wp-content\\\/uploads\\\/2021\\\/10\\\/Cartello-Campagna-SMS-2021_FPG_SenzaData.jpg\",\"contentUrl\":\"https:\\\/\\\/www.policlinicogemelli.it\\\/wp-content\\\/uploads\\\/2021\\\/10\\\/Cartello-Campagna-SMS-2021_FPG_SenzaData.jpg\",\"width\":1920,\"height\":1080},{\"@type\":\"BreadcrumbList\",\"@id\":\"https:\\\/\\\/www.policlinicogemelli.it\\\/en\\\/news-events\\\/la-fondazione-policlinico-gemelli-scende-in-campo-contro-il-long-covid\\\/#breadcrumb\",\"itemListElement\":[{\"@type\":\"ListItem\",\"position\":1,\"name\":\"Home\",\"item\":\"https:\\\/\\\/www.policlinicogemelli.it\\\/en\\\/\"},{\"@type\":\"ListItem\",\"position\":2,\"name\":\"News and Events\",\"item\":\"https:\\\/\\\/www.policlinicogemelli.it\\\/en\\\/news-events\\\/\"},{\"@type\":\"ListItem\",\"position\":3,\"name\":\"La Fondazione Policlinico Gemelli scende in campo contro il long-Covid\"}]},{\"@type\":\"WebSite\",\"@id\":\"https:\\\/\\\/www.policlinicogemelli.it\\\/en\\\/#website\",\"url\":\"https:\\\/\\\/www.policlinicogemelli.it\\\/en\\\/\",\"name\":\"Policlinico Universitario Agostino Gemelli IRCCS\",\"description\":\"Policlinico Universitario Agostino Gemelli IRCCS\",\"publisher\":{\"@id\":\"https:\\\/\\\/www.policlinicogemelli.it\\\/en\\\/#organization\"},\"potentialAction\":[{\"@type\":\"SearchAction\",\"target\":{\"@type\":\"EntryPoint\",\"urlTemplate\":\"https:\\\/\\\/www.policlinicogemelli.it\\\/en\\\/?s={search_term_string}\"},\"query-input\":{\"@type\":\"PropertyValueSpecification\",\"valueRequired\":true,\"valueName\":\"search_term_string\"}}],\"inLanguage\":\"en-US\"},{\"@type\":\"Organization\",\"@id\":\"https:\\\/\\\/www.policlinicogemelli.it\\\/en\\\/#organization\",\"name\":\"Policlinico Universitario Agostino Gemelli IRCCS\",\"url\":\"https:\\\/\\\/www.policlinicogemelli.it\\\/en\\\/\",\"logo\":{\"@type\":\"ImageObject\",\"inLanguage\":\"en-US\",\"@id\":\"https:\\\/\\\/www.policlinicogemelli.it\\\/en\\\/#\\\/schema\\\/logo\\\/image\\\/\",\"url\":\"https:\\\/\\\/www.policlinicogemelli.it\\\/wp-content\\\/uploads\\\/2019\\\/02\\\/logo-policlinico-gemelli-250-trasp-color-1.png\",\"contentUrl\":\"https:\\\/\\\/www.policlinicogemelli.it\\\/wp-content\\\/uploads\\\/2019\\\/02\\\/logo-policlinico-gemelli-250-trasp-color-1.png\",\"width\":250,\"height\":82,\"caption\":\"Policlinico Universitario Agostino Gemelli IRCCS\"},\"image\":{\"@id\":\"https:\\\/\\\/www.policlinicogemelli.it\\\/en\\\/#\\\/schema\\\/logo\\\/image\\\/\"}}]}<\/script>\n<!-- \/ Yoast SEO plugin. -->","yoast_head_json":{"title":"La Fondazione Policlinico Gemelli scende in campo contro il long-Covid - Policlinico Universitario A. Gemelli IRCCS","robots":{"index":"index","follow":"follow","max-snippet":"max-snippet:-1","max-image-preview":"max-image-preview:large","max-video-preview":"max-video-preview:-1"},"canonical":"https:\/\/www.policlinicogemelli.it\/en\/news-events\/la-fondazione-policlinico-gemelli-scende-in-campo-contro-il-long-covid\/","og_locale":"en_US","og_type":"article","og_title":"La Fondazione Policlinico Gemelli scende in campo contro il long-Covid - Policlinico Universitario A. Gemelli IRCCS","og_description":"Roma 14 ottobre 2021 Prende il via la campagna di raccolta fondi \u201cInsieme oltre il Covid\u201d per finanziare tre progetti di ricerca e di assistenza dedicata (Day Hospital post-Covid, nuovo centro ambulatoriale di Pneumologia, nuove attrezzature per il laboratorio di Microbiologia). \u00c8 possibile donare fino al 27 ottobre attraverso il numero solidale 45597. A oggi [&hellip;]","og_url":"https:\/\/www.policlinicogemelli.it\/en\/news-events\/la-fondazione-policlinico-gemelli-scende-in-campo-contro-il-long-covid\/","og_site_name":"Policlinico Universitario Agostino Gemelli IRCCS","article_modified_time":"2021-10-20T12:48:57+00:00","og_image":[{"width":1920,"height":1080,"url":"https:\/\/www.policlinicogemelli.it\/wp-content\/uploads\/2021\/10\/Cartello-Campagna-SMS-2021_FPG_SenzaData.jpg","type":"image\/jpeg"}],"twitter_card":"summary_large_image","twitter_misc":{"Est. reading time":"6 minutes"},"schema":{"@context":"https:\/\/schema.org","@graph":[{"@type":"WebPage","@id":"https:\/\/www.policlinicogemelli.it\/en\/news-events\/la-fondazione-policlinico-gemelli-scende-in-campo-contro-il-long-covid\/","url":"https:\/\/www.policlinicogemelli.it\/en\/news-events\/la-fondazione-policlinico-gemelli-scende-in-campo-contro-il-long-covid\/","name":"La Fondazione Policlinico Gemelli scende in campo contro il long-Covid - Policlinico Universitario A. Gemelli IRCCS","isPartOf":{"@id":"https:\/\/www.policlinicogemelli.it\/en\/#website"},"primaryImageOfPage":{"@id":"https:\/\/www.policlinicogemelli.it\/en\/news-events\/la-fondazione-policlinico-gemelli-scende-in-campo-contro-il-long-covid\/#primaryimage"},"image":{"@id":"https:\/\/www.policlinicogemelli.it\/en\/news-events\/la-fondazione-policlinico-gemelli-scende-in-campo-contro-il-long-covid\/#primaryimage"},"thumbnailUrl":"https:\/\/www.policlinicogemelli.it\/wp-content\/uploads\/2021\/10\/Cartello-Campagna-SMS-2021_FPG_SenzaData.jpg","datePublished":"2021-10-20T12:38:00+00:00","dateModified":"2021-10-20T12:48:57+00:00","breadcrumb":{"@id":"https:\/\/www.policlinicogemelli.it\/en\/news-events\/la-fondazione-policlinico-gemelli-scende-in-campo-contro-il-long-covid\/#breadcrumb"},"inLanguage":"en-US","potentialAction":[{"@type":"ReadAction","target":["https:\/\/www.policlinicogemelli.it\/en\/news-events\/la-fondazione-policlinico-gemelli-scende-in-campo-contro-il-long-covid\/"]}]},{"@type":"ImageObject","inLanguage":"en-US","@id":"https:\/\/www.policlinicogemelli.it\/en\/news-events\/la-fondazione-policlinico-gemelli-scende-in-campo-contro-il-long-covid\/#primaryimage","url":"https:\/\/www.policlinicogemelli.it\/wp-content\/uploads\/2021\/10\/Cartello-Campagna-SMS-2021_FPG_SenzaData.jpg","contentUrl":"https:\/\/www.policlinicogemelli.it\/wp-content\/uploads\/2021\/10\/Cartello-Campagna-SMS-2021_FPG_SenzaData.jpg","width":1920,"height":1080},{"@type":"BreadcrumbList","@id":"https:\/\/www.policlinicogemelli.it\/en\/news-events\/la-fondazione-policlinico-gemelli-scende-in-campo-contro-il-long-covid\/#breadcrumb","itemListElement":[{"@type":"ListItem","position":1,"name":"Home","item":"https:\/\/www.policlinicogemelli.it\/en\/"},{"@type":"ListItem","position":2,"name":"News and Events","item":"https:\/\/www.policlinicogemelli.it\/en\/news-events\/"},{"@type":"ListItem","position":3,"name":"La Fondazione Policlinico Gemelli scende in campo contro il long-Covid"}]},{"@type":"WebSite","@id":"https:\/\/www.policlinicogemelli.it\/en\/#website","url":"https:\/\/www.policlinicogemelli.it\/en\/","name":"Policlinico Universitario Agostino Gemelli IRCCS","description":"Policlinico Universitario Agostino Gemelli IRCCS","publisher":{"@id":"https:\/\/www.policlinicogemelli.it\/en\/#organization"},"potentialAction":[{"@type":"SearchAction","target":{"@type":"EntryPoint","urlTemplate":"https:\/\/www.policlinicogemelli.it\/en\/?s={search_term_string}"},"query-input":{"@type":"PropertyValueSpecification","valueRequired":true,"valueName":"search_term_string"}}],"inLanguage":"en-US"},{"@type":"Organization","@id":"https:\/\/www.policlinicogemelli.it\/en\/#organization","name":"Policlinico Universitario Agostino Gemelli IRCCS","url":"https:\/\/www.policlinicogemelli.it\/en\/","logo":{"@type":"ImageObject","inLanguage":"en-US","@id":"https:\/\/www.policlinicogemelli.it\/en\/#\/schema\/logo\/image\/","url":"https:\/\/www.policlinicogemelli.it\/wp-content\/uploads\/2019\/02\/logo-policlinico-gemelli-250-trasp-color-1.png","contentUrl":"https:\/\/www.policlinicogemelli.it\/wp-content\/uploads\/2019\/02\/logo-policlinico-gemelli-250-trasp-color-1.png","width":250,"height":82,"caption":"Policlinico Universitario Agostino Gemelli IRCCS"},"image":{"@id":"https:\/\/www.policlinicogemelli.it\/en\/#\/schema\/logo\/image\/"}}]}},"rest_api_enabler":[],"_links":{"self":[{"href":"https:\/\/www.policlinicogemelli.it\/en\/wp-json\/wp\/v2\/news\/39720","targetHints":{"allow":["GET"]}}],"collection":[{"href":"https:\/\/www.policlinicogemelli.it\/en\/wp-json\/wp\/v2\/news"}],"about":[{"href":"https:\/\/www.policlinicogemelli.it\/en\/wp-json\/wp\/v2\/types\/kf_gem_news"}],"version-history":[{"count":0,"href":"https:\/\/www.policlinicogemelli.it\/en\/wp-json\/wp\/v2\/news\/39720\/revisions"}],"wp:featuredmedia":[{"embeddable":true,"href":"https:\/\/www.policlinicogemelli.it\/en\/wp-json\/wp\/v2\/media\/39723"}],"wp:attachment":[{"href":"https:\/\/www.policlinicogemelli.it\/en\/wp-json\/wp\/v2\/media?parent=39720"}],"wp:term":[{"taxonomy":"kf_gem_newscat","embeddable":true,"href":"https:\/\/www.policlinicogemelli.it\/en\/wp-json\/wp\/v2\/categorie?post=39720"}],"curies":[{"name":"wp","href":"https:\/\/api.w.org\/{rel}","templated":true}]}}