{"id":31532,"date":"2020-10-19T12:06:25","date_gmt":"2020-10-19T12:06:25","guid":{"rendered":"https:\/\/www.policlinicogemelli.it\/?post_type=kf_gem_news&#038;p=31532"},"modified":"2020-10-19T12:06:26","modified_gmt":"2020-10-19T12:06:26","slug":"al-gemelli-la-festa-del-cinema-di-roma","status":"publish","type":"kf_gem_news","link":"https:\/\/www.policlinicogemelli.it\/en\/news-events\/al-gemelli-la-festa-del-cinema-di-roma\/","title":{"rendered":"Al Gemelli la Festa del Cinema di Roma"},"content":{"rendered":"\n<p><strong><em>In tempi di Covid grazie allo streaming il Gemelli, con MediCinema Italia, \u00e8 per il quarto anno consecutivo una delle sedi dislocate della Festa con due film del programma ufficiale proiettati domani,<\/em><\/strong> <em style=\"font-weight: bold;\">\u201cEarthling: Terrestre\u201d<\/em>,<strong><em>  e venerd\u00ec,<\/em><\/strong> <strong><em>\u201cMi chiamo Francesco Totti\u201d. I pazienti ricoverati potranno eccezionalmente vedere i film della manifestazione attraverso monitor direttamente nelle loro stanze di degenza.<\/em><\/strong><\/p>\n\n\n\n<p>Per il quarto anno consecutivo <strong>Medicinema Italia onlus e<\/strong> <strong>la Fondazione Policlinico Universitario Agostino Gemelli IRCCS<\/strong> rinnovano la collaborazione con la <strong>Festa del Cinema di Roma. Per questa edizione 2020 \u00e8 stato deciso, nel rispetto dei protocolli sanitari previsti per fronteggiare l\u2019emergenza da Covid-19, che la visioni dei film per i pazienti ricoverati saranno in streaming <\/strong>riuscendo a arrivare nei monitor tv presenti in tutte le stanze dei pazienti.<\/p>\n\n\n\n<p>Si comincia <strong>domani<\/strong>,\nmarted\u00ec 20 ottobre, alle ore 16.00 con \u201c<strong>Earthling: Terrestre\u201d<\/strong>,\ndi <strong>Gianluca Cerasola, <\/strong>primo\ndocumentario cinematografico-spaziale che racconta, in esclusiva mondiale, la\nvita, lo spazio, l\u2019arte e i record dell\u2019astronauta <strong>Luca Parmitano<\/strong>, l&#8217;unico italiano ad aver mai passeggiato nello\nspazio. Un racconto scandito dalla voce di <strong>Maria\nGrazia Cucinotta<\/strong> e dalla presenza scenica di <strong>Giancarlo Giannini<\/strong>, insieme a&nbsp; Jovanotti,all\u2019artista&nbsp;<strong>Jago<\/strong> e, naturalmente, all\u2019astronauta dei\nrecord. La proiezione del film per i pazienti\ndel Gemelli sar\u00e0 introdotta da una clip di saluti del Presidente della\nFondazione Cinema per Roma <strong>Laura Delli\nColli<\/strong>.<\/p>\n\n\n\n<p>Venerd\u00ec 23 ottobre, sempre alle ore 16.00, sar\u00e0 proiettato <strong>\u201cMi chiamo Francesco Totti\u201d<\/strong>, di <strong>Alex Infascelli<\/strong>. \u00c8 la notte che precede l&#8217;addio al calcio e <strong>Francesco Totti<\/strong> ripercorre tutta la sua vita, come se la vedesse proiettata su uno schermo insieme agli spettatori. Le immagini e le emozioni scorrono tra momenti chiave della sua carriera, scene di vita personale e ricordi inediti. Un racconto intimo, in prima persona, dello sportivo e dell&#8217;uomo, tratto dall&#8217;autobiografia &#8220;Un Capitano&#8221; scritta insieme a <strong>Paolo Cond\u00f2<\/strong>. La proiezione al Gemelli sar\u00e0 preceduta da una clip del regista Infascelli che saluter\u00e0 il pubblico dei pazienti ricoverati in ospedale e introdurr\u00e0 il film raccontando alcuni retroscena del back stage.<\/p>\n\n\n\n<p>\u201cIl Policlinico Gemelli, con la Sala MediCinema, \u00e8 ormai una delle sedi abituali della Festa\u201d \u2013 dichiara il Direttore Artistico della Festa del Cinema di Roma, <strong>Antonio Monda<\/strong>. \u201cIn un anno difficile, siamo felici di aver confermato questa parte del nostro programma riuscendo a mostrare in streaming alcuni importanti titoli della Festa\u201d.<\/p>\n\n\n\n<p>\u201cPoter offrire la visione di un bel film, soprattutto in\nquesto delicato anno di emergenza sanitaria e di mancanza di socializzazione, \u00e8\nper MediCinema Italia un grande valore di sostegno psicologico al paziente.\nRingraziamo di cuore tutti gli organizzatori per questa \u2018preziosa\u2019 iniziativa\u201d,\nafferma <strong>Fulvia Salvi<\/strong>, Presidente\nMediCinema Italia Onlus.<\/p>\n\n\n\n<p>\u201cQuesta partecipazione d\u00e0 concretezza al nostro obiettivo\ncentrale di prendersi cura dei pazienti, accanto all\u2019offerta delle migliori\nterapie, in tutte le loro dimensioni, anche in quella emozionale\u201d, conclude il\nDirettore Generale del Policlinico Universitario A. Gemelli IRCCS, professor <strong>Marco Elefanti<\/strong>.<\/p>\n","protected":false},"excerpt":{"rendered":"<p>In tempi di Covid grazie allo streaming il Gemelli, con MediCinema Italia, \u00e8 per il quarto anno consecutivo una delle sedi dislocate della Festa con due film del programma ufficiale proiettati domani, \u201cEarthling: Terrestre\u201d, e venerd\u00ec, \u201cMi chiamo Francesco Totti\u201d. I pazienti ricoverati potranno eccezionalmente vedere i film della manifestazione attraverso monitor direttamente nelle loro [&hellip;]<\/p>\n","protected":false},"featured_media":31530,"template":"","categorie":[93],"class_list":{"0":"post-31532","1":"kf_gem_news","2":"type-kf_gem_news","3":"status-publish","4":"has-post-thumbnail","6":"kf_gem_newscat-events","7":"entry"},"acf":[],"yoast_head":"<!-- This site is optimized with the Yoast SEO plugin v27.4 - https:\/\/yoast.com\/product\/yoast-seo-wordpress\/ -->\n<title>Al Gemelli la Festa del Cinema di Roma - Policlinico Universitario A. Gemelli IRCCS<\/title>\n<meta name=\"robots\" content=\"index, follow, max-snippet:-1, max-image-preview:large, max-video-preview:-1\" \/>\n<link rel=\"canonical\" href=\"https:\/\/www.policlinicogemelli.it\/en\/news-events\/al-gemelli-la-festa-del-cinema-di-roma\/\" \/>\n<meta property=\"og:locale\" content=\"en_US\" \/>\n<meta property=\"og:type\" content=\"article\" \/>\n<meta property=\"og:title\" content=\"Al Gemelli la Festa del Cinema di Roma - Policlinico Universitario A. Gemelli IRCCS\" \/>\n<meta property=\"og:description\" content=\"In tempi di Covid grazie allo streaming il Gemelli, con MediCinema Italia, \u00e8 per il quarto anno consecutivo una delle sedi dislocate della Festa con due film del programma ufficiale proiettati domani, \u201cEarthling: Terrestre\u201d, e venerd\u00ec, \u201cMi chiamo Francesco Totti\u201d. I pazienti ricoverati potranno eccezionalmente vedere i film della manifestazione attraverso monitor direttamente nelle loro [&hellip;]\" \/>\n<meta property=\"og:url\" content=\"https:\/\/www.policlinicogemelli.it\/en\/news-events\/al-gemelli-la-festa-del-cinema-di-roma\/\" \/>\n<meta property=\"og:site_name\" content=\"Policlinico Universitario Agostino Gemelli IRCCS\" \/>\n<meta property=\"article:modified_time\" content=\"2020-10-19T12:06:26+00:00\" \/>\n<meta property=\"og:image\" content=\"https:\/\/www.policlinicogemelli.it\/wp-content\/uploads\/2020\/10\/festa-cinema2020.jpg\" \/>\n\t<meta property=\"og:image:width\" content=\"740\" \/>\n\t<meta property=\"og:image:height\" content=\"442\" \/>\n\t<meta property=\"og:image:type\" content=\"image\/jpeg\" \/>\n<meta name=\"twitter:card\" content=\"summary_large_image\" \/>\n<meta name=\"twitter:label1\" content=\"Est. reading time\" \/>\n\t<meta name=\"twitter:data1\" content=\"2 minutes\" \/>\n<script type=\"application\/ld+json\" class=\"yoast-schema-graph\">{\"@context\":\"https:\\\/\\\/schema.org\",\"@graph\":[{\"@type\":\"WebPage\",\"@id\":\"https:\\\/\\\/www.policlinicogemelli.it\\\/en\\\/news-events\\\/al-gemelli-la-festa-del-cinema-di-roma\\\/\",\"url\":\"https:\\\/\\\/www.policlinicogemelli.it\\\/en\\\/news-events\\\/al-gemelli-la-festa-del-cinema-di-roma\\\/\",\"name\":\"Al Gemelli la Festa del Cinema di Roma - Policlinico Universitario A. Gemelli IRCCS\",\"isPartOf\":{\"@id\":\"https:\\\/\\\/www.policlinicogemelli.it\\\/en\\\/#website\"},\"primaryImageOfPage\":{\"@id\":\"https:\\\/\\\/www.policlinicogemelli.it\\\/en\\\/news-events\\\/al-gemelli-la-festa-del-cinema-di-roma\\\/#primaryimage\"},\"image\":{\"@id\":\"https:\\\/\\\/www.policlinicogemelli.it\\\/en\\\/news-events\\\/al-gemelli-la-festa-del-cinema-di-roma\\\/#primaryimage\"},\"thumbnailUrl\":\"https:\\\/\\\/www.policlinicogemelli.it\\\/wp-content\\\/uploads\\\/2020\\\/10\\\/festa-cinema2020.jpg\",\"datePublished\":\"2020-10-19T12:06:25+00:00\",\"dateModified\":\"2020-10-19T12:06:26+00:00\",\"breadcrumb\":{\"@id\":\"https:\\\/\\\/www.policlinicogemelli.it\\\/en\\\/news-events\\\/al-gemelli-la-festa-del-cinema-di-roma\\\/#breadcrumb\"},\"inLanguage\":\"en-US\",\"potentialAction\":[{\"@type\":\"ReadAction\",\"target\":[\"https:\\\/\\\/www.policlinicogemelli.it\\\/en\\\/news-events\\\/al-gemelli-la-festa-del-cinema-di-roma\\\/\"]}]},{\"@type\":\"ImageObject\",\"inLanguage\":\"en-US\",\"@id\":\"https:\\\/\\\/www.policlinicogemelli.it\\\/en\\\/news-events\\\/al-gemelli-la-festa-del-cinema-di-roma\\\/#primaryimage\",\"url\":\"https:\\\/\\\/www.policlinicogemelli.it\\\/wp-content\\\/uploads\\\/2020\\\/10\\\/festa-cinema2020.jpg\",\"contentUrl\":\"https:\\\/\\\/www.policlinicogemelli.it\\\/wp-content\\\/uploads\\\/2020\\\/10\\\/festa-cinema2020.jpg\",\"width\":740,\"height\":442},{\"@type\":\"BreadcrumbList\",\"@id\":\"https:\\\/\\\/www.policlinicogemelli.it\\\/en\\\/news-events\\\/al-gemelli-la-festa-del-cinema-di-roma\\\/#breadcrumb\",\"itemListElement\":[{\"@type\":\"ListItem\",\"position\":1,\"name\":\"Home\",\"item\":\"https:\\\/\\\/www.policlinicogemelli.it\\\/en\\\/\"},{\"@type\":\"ListItem\",\"position\":2,\"name\":\"News and Events\",\"item\":\"https:\\\/\\\/www.policlinicogemelli.it\\\/en\\\/news-events\\\/\"},{\"@type\":\"ListItem\",\"position\":3,\"name\":\"Al Gemelli la Festa del Cinema di Roma\"}]},{\"@type\":\"WebSite\",\"@id\":\"https:\\\/\\\/www.policlinicogemelli.it\\\/en\\\/#website\",\"url\":\"https:\\\/\\\/www.policlinicogemelli.it\\\/en\\\/\",\"name\":\"Policlinico Universitario Agostino Gemelli IRCCS\",\"description\":\"Policlinico Universitario Agostino Gemelli IRCCS\",\"publisher\":{\"@id\":\"https:\\\/\\\/www.policlinicogemelli.it\\\/en\\\/#organization\"},\"potentialAction\":[{\"@type\":\"SearchAction\",\"target\":{\"@type\":\"EntryPoint\",\"urlTemplate\":\"https:\\\/\\\/www.policlinicogemelli.it\\\/en\\\/?s={search_term_string}\"},\"query-input\":{\"@type\":\"PropertyValueSpecification\",\"valueRequired\":true,\"valueName\":\"search_term_string\"}}],\"inLanguage\":\"en-US\"},{\"@type\":\"Organization\",\"@id\":\"https:\\\/\\\/www.policlinicogemelli.it\\\/en\\\/#organization\",\"name\":\"Policlinico Universitario Agostino Gemelli IRCCS\",\"url\":\"https:\\\/\\\/www.policlinicogemelli.it\\\/en\\\/\",\"logo\":{\"@type\":\"ImageObject\",\"inLanguage\":\"en-US\",\"@id\":\"https:\\\/\\\/www.policlinicogemelli.it\\\/en\\\/#\\\/schema\\\/logo\\\/image\\\/\",\"url\":\"https:\\\/\\\/www.policlinicogemelli.it\\\/wp-content\\\/uploads\\\/2019\\\/02\\\/logo-policlinico-gemelli-250-trasp-color-1.png\",\"contentUrl\":\"https:\\\/\\\/www.policlinicogemelli.it\\\/wp-content\\\/uploads\\\/2019\\\/02\\\/logo-policlinico-gemelli-250-trasp-color-1.png\",\"width\":250,\"height\":82,\"caption\":\"Policlinico Universitario Agostino Gemelli IRCCS\"},\"image\":{\"@id\":\"https:\\\/\\\/www.policlinicogemelli.it\\\/en\\\/#\\\/schema\\\/logo\\\/image\\\/\"}}]}<\/script>\n<!-- \/ Yoast SEO plugin. -->","yoast_head_json":{"title":"Al Gemelli la Festa del Cinema di Roma - Policlinico Universitario A. Gemelli IRCCS","robots":{"index":"index","follow":"follow","max-snippet":"max-snippet:-1","max-image-preview":"max-image-preview:large","max-video-preview":"max-video-preview:-1"},"canonical":"https:\/\/www.policlinicogemelli.it\/en\/news-events\/al-gemelli-la-festa-del-cinema-di-roma\/","og_locale":"en_US","og_type":"article","og_title":"Al Gemelli la Festa del Cinema di Roma - Policlinico Universitario A. Gemelli IRCCS","og_description":"In tempi di Covid grazie allo streaming il Gemelli, con MediCinema Italia, \u00e8 per il quarto anno consecutivo una delle sedi dislocate della Festa con due film del programma ufficiale proiettati domani, \u201cEarthling: Terrestre\u201d, e venerd\u00ec, \u201cMi chiamo Francesco Totti\u201d. I pazienti ricoverati potranno eccezionalmente vedere i film della manifestazione attraverso monitor direttamente nelle loro [&hellip;]","og_url":"https:\/\/www.policlinicogemelli.it\/en\/news-events\/al-gemelli-la-festa-del-cinema-di-roma\/","og_site_name":"Policlinico Universitario Agostino Gemelli IRCCS","article_modified_time":"2020-10-19T12:06:26+00:00","og_image":[{"width":740,"height":442,"url":"https:\/\/www.policlinicogemelli.it\/wp-content\/uploads\/2020\/10\/festa-cinema2020.jpg","type":"image\/jpeg"}],"twitter_card":"summary_large_image","twitter_misc":{"Est. reading time":"2 minutes"},"schema":{"@context":"https:\/\/schema.org","@graph":[{"@type":"WebPage","@id":"https:\/\/www.policlinicogemelli.it\/en\/news-events\/al-gemelli-la-festa-del-cinema-di-roma\/","url":"https:\/\/www.policlinicogemelli.it\/en\/news-events\/al-gemelli-la-festa-del-cinema-di-roma\/","name":"Al Gemelli la Festa del Cinema di Roma - Policlinico Universitario A. Gemelli IRCCS","isPartOf":{"@id":"https:\/\/www.policlinicogemelli.it\/en\/#website"},"primaryImageOfPage":{"@id":"https:\/\/www.policlinicogemelli.it\/en\/news-events\/al-gemelli-la-festa-del-cinema-di-roma\/#primaryimage"},"image":{"@id":"https:\/\/www.policlinicogemelli.it\/en\/news-events\/al-gemelli-la-festa-del-cinema-di-roma\/#primaryimage"},"thumbnailUrl":"https:\/\/www.policlinicogemelli.it\/wp-content\/uploads\/2020\/10\/festa-cinema2020.jpg","datePublished":"2020-10-19T12:06:25+00:00","dateModified":"2020-10-19T12:06:26+00:00","breadcrumb":{"@id":"https:\/\/www.policlinicogemelli.it\/en\/news-events\/al-gemelli-la-festa-del-cinema-di-roma\/#breadcrumb"},"inLanguage":"en-US","potentialAction":[{"@type":"ReadAction","target":["https:\/\/www.policlinicogemelli.it\/en\/news-events\/al-gemelli-la-festa-del-cinema-di-roma\/"]}]},{"@type":"ImageObject","inLanguage":"en-US","@id":"https:\/\/www.policlinicogemelli.it\/en\/news-events\/al-gemelli-la-festa-del-cinema-di-roma\/#primaryimage","url":"https:\/\/www.policlinicogemelli.it\/wp-content\/uploads\/2020\/10\/festa-cinema2020.jpg","contentUrl":"https:\/\/www.policlinicogemelli.it\/wp-content\/uploads\/2020\/10\/festa-cinema2020.jpg","width":740,"height":442},{"@type":"BreadcrumbList","@id":"https:\/\/www.policlinicogemelli.it\/en\/news-events\/al-gemelli-la-festa-del-cinema-di-roma\/#breadcrumb","itemListElement":[{"@type":"ListItem","position":1,"name":"Home","item":"https:\/\/www.policlinicogemelli.it\/en\/"},{"@type":"ListItem","position":2,"name":"News and Events","item":"https:\/\/www.policlinicogemelli.it\/en\/news-events\/"},{"@type":"ListItem","position":3,"name":"Al Gemelli la Festa del Cinema di Roma"}]},{"@type":"WebSite","@id":"https:\/\/www.policlinicogemelli.it\/en\/#website","url":"https:\/\/www.policlinicogemelli.it\/en\/","name":"Policlinico Universitario Agostino Gemelli IRCCS","description":"Policlinico Universitario Agostino Gemelli IRCCS","publisher":{"@id":"https:\/\/www.policlinicogemelli.it\/en\/#organization"},"potentialAction":[{"@type":"SearchAction","target":{"@type":"EntryPoint","urlTemplate":"https:\/\/www.policlinicogemelli.it\/en\/?s={search_term_string}"},"query-input":{"@type":"PropertyValueSpecification","valueRequired":true,"valueName":"search_term_string"}}],"inLanguage":"en-US"},{"@type":"Organization","@id":"https:\/\/www.policlinicogemelli.it\/en\/#organization","name":"Policlinico Universitario Agostino Gemelli IRCCS","url":"https:\/\/www.policlinicogemelli.it\/en\/","logo":{"@type":"ImageObject","inLanguage":"en-US","@id":"https:\/\/www.policlinicogemelli.it\/en\/#\/schema\/logo\/image\/","url":"https:\/\/www.policlinicogemelli.it\/wp-content\/uploads\/2019\/02\/logo-policlinico-gemelli-250-trasp-color-1.png","contentUrl":"https:\/\/www.policlinicogemelli.it\/wp-content\/uploads\/2019\/02\/logo-policlinico-gemelli-250-trasp-color-1.png","width":250,"height":82,"caption":"Policlinico Universitario Agostino Gemelli IRCCS"},"image":{"@id":"https:\/\/www.policlinicogemelli.it\/en\/#\/schema\/logo\/image\/"}}]}},"rest_api_enabler":[],"_links":{"self":[{"href":"https:\/\/www.policlinicogemelli.it\/en\/wp-json\/wp\/v2\/news\/31532","targetHints":{"allow":["GET"]}}],"collection":[{"href":"https:\/\/www.policlinicogemelli.it\/en\/wp-json\/wp\/v2\/news"}],"about":[{"href":"https:\/\/www.policlinicogemelli.it\/en\/wp-json\/wp\/v2\/types\/kf_gem_news"}],"version-history":[{"count":0,"href":"https:\/\/www.policlinicogemelli.it\/en\/wp-json\/wp\/v2\/news\/31532\/revisions"}],"wp:featuredmedia":[{"embeddable":true,"href":"https:\/\/www.policlinicogemelli.it\/en\/wp-json\/wp\/v2\/media\/31530"}],"wp:attachment":[{"href":"https:\/\/www.policlinicogemelli.it\/en\/wp-json\/wp\/v2\/media?parent=31532"}],"wp:term":[{"taxonomy":"kf_gem_newscat","embeddable":true,"href":"https:\/\/www.policlinicogemelli.it\/en\/wp-json\/wp\/v2\/categorie?post=31532"}],"curies":[{"name":"wp","href":"https:\/\/api.w.org\/{rel}","templated":true}]}}