{"id":31151,"date":"2020-10-02T10:31:30","date_gmt":"2020-10-02T10:31:30","guid":{"rendered":"https:\/\/www.policlinicogemelli.it\/?post_type=kf_gem_news&#038;p=31151"},"modified":"2025-03-31T14:15:28","modified_gmt":"2025-03-31T13:15:28","slug":"lotta-alla-infezioni-chirurgia-durgenza-e-master-sepsi-in-chirurgia-non-si-arrendono","status":"publish","type":"kf_gem_news","link":"https:\/\/www.policlinicogemelli.it\/en\/news-events\/lotta-alla-infezioni-chirurgia-durgenza-e-master-sepsi-in-chirurgia-non-si-arrendono\/","title":{"rendered":"Lotta alla infezioni: Chirurgia d\u2019Urgenza e Master Sepsi in Chirurgia non si arrendono"},"content":{"rendered":"\n<p>Messa in ombra dall\u2019emergenza COVID-19, che sta purtroppo rialzando la testa, quest\u2019anno \u00e8 passata in sordina la \u201cGiornata Mondiale della Sepsi\u201d, che si celebra il 13 settembre. <\/p>\n\n\n\n<p>\u201cMa la sepsi \u2013 ricorda il professor <strong>Gabriele Sganga, <\/strong>Direttore della UOC Chirurgia d\u2019Urgenza e del Trauma della Fondazione Policlinico Universitario Agostino Gemelli IRCCS \u2013 al di l\u00e0 delle giornate dedicate, continua a rappresentare un grande problema di salute pubblica. Su quasi 10 milioni di ricoveri l\u2019anno in Italia, 450-700 mila pazienti presentano infezioni nosocomiali, che provocano 5-7 mila decessi. Nel mondo si stimano dai 27 ai 30 milioni di casi di sepsi ogni anno e 7-9 milioni di decessi, in pratica uno ogni 3,5 secondi. Una strage che anche nei sopravvissuti pu\u00f2 determinare conseguenze durature (depressione, insonnia, disturbi della memoria, difficolt\u00e0 di concentrazione, debolezza muscolare, stati d\u2019ansia, disturbi respiratori). Qual \u00e8 la causa di tutto questo? \u201cNon riusciamo a controllare l\u2019emergenza-sepsi \u2013 sostiene il professor Sganga &#8211; perch\u00e9 il problema \u00e8 sottovalutato e globalmente poco noto. \u00c8 necessario dunque iniziare facendo opera di sensibilizzazione e informazione\u201d. <\/p>\n\n\n\n<figure class=\"wp-block-image size-large\"><img loading=\"lazy\" decoding=\"async\" width=\"1024\" height=\"768\" src=\"https:\/\/www.policlinicogemelli.it\/wp-content\/uploads\/2020\/10\/spada-sganga-1024x768.jpg\" alt=\"\" class=\"wp-image-31148\" srcset=\"https:\/\/www.policlinicogemelli.it\/wp-content\/uploads\/2020\/10\/spada-sganga-1024x768.jpg 1024w, https:\/\/www.policlinicogemelli.it\/wp-content\/uploads\/2020\/10\/spada-sganga-300x225.jpg 300w, https:\/\/www.policlinicogemelli.it\/wp-content\/uploads\/2020\/10\/spada-sganga-768x576.jpg 768w, https:\/\/www.policlinicogemelli.it\/wp-content\/uploads\/2020\/10\/spada-sganga-1536x1152.jpg 1536w, https:\/\/www.policlinicogemelli.it\/wp-content\/uploads\/2020\/10\/spada-sganga-2048x1536.jpg 2048w, https:\/\/www.policlinicogemelli.it\/wp-content\/uploads\/2020\/10\/spada-sganga-660x495.jpg 660w, https:\/\/www.policlinicogemelli.it\/wp-content\/uploads\/2020\/10\/spada-sganga-273x205.jpg 273w, https:\/\/www.policlinicogemelli.it\/wp-content\/uploads\/2020\/10\/spada-sganga-400x300.jpg 400w\" sizes=\"auto, (max-width: 1024px) 100vw, 1024px\" \/><figcaption><strong>Pier Luigi Spada e Gabriele Sganga<\/strong><\/figcaption><\/figure>\n\n\n\n<p>Anche perch\u00e9, \u201cal pari di altre patologie come l\u2019infarto o l\u2019ictus \u2013 spiega il dottor <strong>Pier Luigi Spada<\/strong>, dell\u2019UOC di Chirurgia d\u2019Urgenza del Policlinico Universitario A. Gemelli IRCCS &#8211; l\u2019esito della sepsi \u00e8 strettamente legato al tempo. Anche per questa patologia vale la regola della \u2018<em>golden hour\u2019<\/em>, la prima preziosissima ora durante la quale porre diagnosi e imbastire un percorso mirato di cura\u201d. Le fonti della sepsi sono le pi\u00f9 varie: polmoniti, infezioni del tratto urinario o intra-addominali, infezioni di cateteri venosi, di cute e tessuti molli, meningiti, che vedono ormai troppo spesso coinvolti germi multi-resistenti agli antibiotici. <\/p>\n\n\n\n<p>\u201cLa sepsi \u2013 prosegue il professor Sganga &#8211; \u00e8 un\u2019infezione che provoca la compromissione di pi\u00f9 organi e apparati, con elevato rischio per la vita. Per la diagnosi, \u00e8 fondamentale avere il sospetto e riconoscere tempestivamente nel paziente che si ha davanti, segni e sintomi di infiammazione e\/o infezione come febbre, aumento della frequenza cardiaca e respiratoria, aumento dei globuli bianchi. Pi\u00f9 di recente (2016) \u00e8 stata introdotta una nuova definizione di sepsi, utilizzando una versione semplificata dell\u2019indice \u2018SOFA\u2019 (<em>Sequential Organ Failure Assessment<\/em>), denominata \u2018<em>quick\u2019 <\/em>(qSOFA), che si basa su parametri semplici e rapidamente acquisibili quali la tachipnea (aumento di frequenza degli atti del respiro), l\u2019abbassamento della pressione arteriosa e l\u2019alterazione dello stato mentale\u201d. <\/p>\n\n\n\n<p>Questa \u00e8 la triade sintomatologica da tener sempre in mente, che deve far scattare l\u2019allarme anche a casa, nei familiari di persone, non soltanto anziani, alle prese con una malattia febbrile. <\/p>\n\n\n\n<p>\u201cLa comparsa di questi segni clinici \u2013 spiega il dottor Spada &#8211; deve indurre a pensare a un possibile aggravamento del quadro infettivo e far chiamare subito i soccorsi\u201d. Il sospetto clinico verr\u00e0 poi confermato in ospedale dalla positivit\u00e0 degli indici di flogosi (globuli bianchi, proteina C reattiva, fibrinogeno, procalcitonina), degli esami colturali (emocolture, urinocoltura e colture di altri liquidi biologici sospetti) e da esami radiologici.<\/p>\n\n\n\n<p>\u201cAltrettanto importante \u00e8 la prevenzione \u2013 prosegue il professor Sganga &#8211; che passa per il corretto uso degli antibiotici e soprattutto dall\u2019igiene, a cominciare da quella delle mani, che qualche anno fa abbiamo riassunto in 6 step per ricordare a tutti di non cadere nell\u2019errore di \u2018<em>dimenticare<\/em>\u2019 di lavare accuratamente la punta delle dita, gli spazi tra le dita e il pollice\u201d. Il lavaggio delle mani \u00e8 la pietra miliare per prevenire le infezioni in ospedale, a casa, a scuola e sul posto di lavoro. Il COVID-19 ce lo ha ricordato in tutta la sua crudezza, ma il messaggio \u00e8 valido da sempre. \u201cAcqua e sapone (40-60 secondi) o gel alcolico (20-30 secondi) \u2013 sottolinea il professor Sganga &#8211; sono i nostri grandi alleati contro le infezioni e la sepsi. E la loro importanza \u00e8 pari a quella della cintura di sicurezza o del casco per prevenire i danni da incidenti stradali&#8221;.<\/p>\n\n\n\n<p>&#8220;Sul fronte della formazione, il Master \u2018Sepsi in Chirurgia\u2019 dell\u2019Universit\u00e0 Cattolica, giunto ormai alla sua 14\u00b0 edizione, &#8211; continua Sganga, direttore del Master &#8211; vista l\u2019importanza e l\u2019attualit\u00e0 del problema, anche quest\u2019anno ha proseguito la sua attivit\u00e0 didattica da remoto, grazie ai supporti dell\u2019Universit\u00e0, continuando ad avvalersi ugualmente della insostituibile multidisciplinariet\u00e0 garantita da infettivologi, microbiologi, chirurghi, intensivisti, internisti, radiologi, specialisti in direzione sanitaria, rischio clinico ed igiene\u201d.<\/p>\n\n\n\n<p>\u201cAd oggi resta ancora l\u2019unico master di questo tipo in Italia e in Europa\u201d \u2013 conclude Spada, coordinatore del Master.<\/p>\n\n\n\n<p><strong><em>Maria Rita Montebelli<\/em><\/strong><\/p>\n","protected":false},"excerpt":{"rendered":"<p>Messa in ombra dall\u2019emergenza COVID-19, che sta purtroppo rialzando la testa, quest\u2019anno \u00e8 passata in sordina la \u201cGiornata Mondiale della Sepsi\u201d, che si celebra il 13 settembre. \u201cMa la sepsi \u2013 ricorda il professor Gabriele Sganga, Direttore della UOC Chirurgia d\u2019Urgenza e del Trauma della Fondazione Policlinico Universitario Agostino Gemelli IRCCS \u2013 al di l\u00e0 [&hellip;]<\/p>\n","protected":false},"featured_media":31154,"template":"","categorie":[92],"class_list":{"0":"post-31151","1":"kf_gem_news","2":"type-kf_gem_news","3":"status-publish","4":"has-post-thumbnail","6":"kf_gem_newscat-assistance","7":"entry"},"acf":[],"yoast_head":"<!-- This site is optimized with the Yoast SEO plugin v27.5 - https:\/\/yoast.com\/product\/yoast-seo-wordpress\/ -->\n<title>Lotta alla infezioni: Chirurgia d\u2019Urgenza e Master Sepsi in Chirurgia non si arrendono - Policlinico Universitario A. Gemelli IRCCS<\/title>\n<meta name=\"robots\" content=\"index, follow, max-snippet:-1, max-image-preview:large, max-video-preview:-1\" \/>\n<link rel=\"canonical\" href=\"https:\/\/www.policlinicogemelli.it\/en\/news-events\/lotta-alla-infezioni-chirurgia-durgenza-e-master-sepsi-in-chirurgia-non-si-arrendono\/\" \/>\n<meta property=\"og:locale\" content=\"en_US\" \/>\n<meta property=\"og:type\" content=\"article\" \/>\n<meta property=\"og:title\" content=\"Lotta alla infezioni: Chirurgia d\u2019Urgenza e Master Sepsi in Chirurgia non si arrendono - Policlinico Universitario A. Gemelli IRCCS\" \/>\n<meta property=\"og:description\" content=\"Messa in ombra dall\u2019emergenza COVID-19, che sta purtroppo rialzando la testa, quest\u2019anno \u00e8 passata in sordina la \u201cGiornata Mondiale della Sepsi\u201d, che si celebra il 13 settembre. \u201cMa la sepsi \u2013 ricorda il professor Gabriele Sganga, Direttore della UOC Chirurgia d\u2019Urgenza e del Trauma della Fondazione Policlinico Universitario Agostino Gemelli IRCCS \u2013 al di l\u00e0 [&hellip;]\" \/>\n<meta property=\"og:url\" content=\"https:\/\/www.policlinicogemelli.it\/en\/news-events\/lotta-alla-infezioni-chirurgia-durgenza-e-master-sepsi-in-chirurgia-non-si-arrendono\/\" \/>\n<meta property=\"og:site_name\" content=\"Policlinico Universitario Agostino Gemelli IRCCS\" \/>\n<meta property=\"article:modified_time\" content=\"2025-03-31T13:15:28+00:00\" \/>\n<meta property=\"og:image\" content=\"https:\/\/www.policlinicogemelli.it\/wp-content\/uploads\/2020\/10\/sepsi.png\" \/>\n\t<meta property=\"og:image:width\" content=\"696\" \/>\n\t<meta property=\"og:image:height\" content=\"385\" \/>\n\t<meta property=\"og:image:type\" content=\"image\/png\" \/>\n<meta name=\"twitter:card\" content=\"summary_large_image\" \/>\n<meta name=\"twitter:label1\" content=\"Est. reading time\" \/>\n\t<meta name=\"twitter:data1\" content=\"4 minutes\" \/>\n<script type=\"application\/ld+json\" class=\"yoast-schema-graph\">{\"@context\":\"https:\\\/\\\/schema.org\",\"@graph\":[{\"@type\":\"WebPage\",\"@id\":\"https:\\\/\\\/www.policlinicogemelli.it\\\/en\\\/news-events\\\/lotta-alla-infezioni-chirurgia-durgenza-e-master-sepsi-in-chirurgia-non-si-arrendono\\\/\",\"url\":\"https:\\\/\\\/www.policlinicogemelli.it\\\/en\\\/news-events\\\/lotta-alla-infezioni-chirurgia-durgenza-e-master-sepsi-in-chirurgia-non-si-arrendono\\\/\",\"name\":\"Lotta alla infezioni: Chirurgia d\u2019Urgenza e Master Sepsi in Chirurgia non si arrendono - Policlinico Universitario A. Gemelli IRCCS\",\"isPartOf\":{\"@id\":\"https:\\\/\\\/www.policlinicogemelli.it\\\/en\\\/#website\"},\"primaryImageOfPage\":{\"@id\":\"https:\\\/\\\/www.policlinicogemelli.it\\\/en\\\/news-events\\\/lotta-alla-infezioni-chirurgia-durgenza-e-master-sepsi-in-chirurgia-non-si-arrendono\\\/#primaryimage\"},\"image\":{\"@id\":\"https:\\\/\\\/www.policlinicogemelli.it\\\/en\\\/news-events\\\/lotta-alla-infezioni-chirurgia-durgenza-e-master-sepsi-in-chirurgia-non-si-arrendono\\\/#primaryimage\"},\"thumbnailUrl\":\"https:\\\/\\\/www.policlinicogemelli.it\\\/wp-content\\\/uploads\\\/2020\\\/10\\\/sepsi.png\",\"datePublished\":\"2020-10-02T10:31:30+00:00\",\"dateModified\":\"2025-03-31T13:15:28+00:00\",\"breadcrumb\":{\"@id\":\"https:\\\/\\\/www.policlinicogemelli.it\\\/en\\\/news-events\\\/lotta-alla-infezioni-chirurgia-durgenza-e-master-sepsi-in-chirurgia-non-si-arrendono\\\/#breadcrumb\"},\"inLanguage\":\"en-US\",\"potentialAction\":[{\"@type\":\"ReadAction\",\"target\":[\"https:\\\/\\\/www.policlinicogemelli.it\\\/en\\\/news-events\\\/lotta-alla-infezioni-chirurgia-durgenza-e-master-sepsi-in-chirurgia-non-si-arrendono\\\/\"]}]},{\"@type\":\"ImageObject\",\"inLanguage\":\"en-US\",\"@id\":\"https:\\\/\\\/www.policlinicogemelli.it\\\/en\\\/news-events\\\/lotta-alla-infezioni-chirurgia-durgenza-e-master-sepsi-in-chirurgia-non-si-arrendono\\\/#primaryimage\",\"url\":\"https:\\\/\\\/www.policlinicogemelli.it\\\/wp-content\\\/uploads\\\/2020\\\/10\\\/sepsi.png\",\"contentUrl\":\"https:\\\/\\\/www.policlinicogemelli.it\\\/wp-content\\\/uploads\\\/2020\\\/10\\\/sepsi.png\",\"width\":696,\"height\":385},{\"@type\":\"BreadcrumbList\",\"@id\":\"https:\\\/\\\/www.policlinicogemelli.it\\\/en\\\/news-events\\\/lotta-alla-infezioni-chirurgia-durgenza-e-master-sepsi-in-chirurgia-non-si-arrendono\\\/#breadcrumb\",\"itemListElement\":[{\"@type\":\"ListItem\",\"position\":1,\"name\":\"Home\",\"item\":\"https:\\\/\\\/www.policlinicogemelli.it\\\/en\\\/\"},{\"@type\":\"ListItem\",\"position\":2,\"name\":\"News and Events\",\"item\":\"https:\\\/\\\/www.policlinicogemelli.it\\\/en\\\/news-events\\\/\"},{\"@type\":\"ListItem\",\"position\":3,\"name\":\"Lotta alla infezioni: Chirurgia d\u2019Urgenza e Master Sepsi in Chirurgia non si arrendono\"}]},{\"@type\":\"WebSite\",\"@id\":\"https:\\\/\\\/www.policlinicogemelli.it\\\/en\\\/#website\",\"url\":\"https:\\\/\\\/www.policlinicogemelli.it\\\/en\\\/\",\"name\":\"Policlinico Universitario Agostino Gemelli IRCCS\",\"description\":\"Policlinico Universitario Agostino Gemelli IRCCS\",\"publisher\":{\"@id\":\"https:\\\/\\\/www.policlinicogemelli.it\\\/en\\\/#organization\"},\"potentialAction\":[{\"@type\":\"SearchAction\",\"target\":{\"@type\":\"EntryPoint\",\"urlTemplate\":\"https:\\\/\\\/www.policlinicogemelli.it\\\/en\\\/?s={search_term_string}\"},\"query-input\":{\"@type\":\"PropertyValueSpecification\",\"valueRequired\":true,\"valueName\":\"search_term_string\"}}],\"inLanguage\":\"en-US\"},{\"@type\":\"Organization\",\"@id\":\"https:\\\/\\\/www.policlinicogemelli.it\\\/en\\\/#organization\",\"name\":\"Policlinico Universitario Agostino Gemelli IRCCS\",\"url\":\"https:\\\/\\\/www.policlinicogemelli.it\\\/en\\\/\",\"logo\":{\"@type\":\"ImageObject\",\"inLanguage\":\"en-US\",\"@id\":\"https:\\\/\\\/www.policlinicogemelli.it\\\/en\\\/#\\\/schema\\\/logo\\\/image\\\/\",\"url\":\"https:\\\/\\\/www.policlinicogemelli.it\\\/wp-content\\\/uploads\\\/2019\\\/02\\\/logo-policlinico-gemelli-250-trasp-color-1.png\",\"contentUrl\":\"https:\\\/\\\/www.policlinicogemelli.it\\\/wp-content\\\/uploads\\\/2019\\\/02\\\/logo-policlinico-gemelli-250-trasp-color-1.png\",\"width\":250,\"height\":82,\"caption\":\"Policlinico Universitario Agostino Gemelli IRCCS\"},\"image\":{\"@id\":\"https:\\\/\\\/www.policlinicogemelli.it\\\/en\\\/#\\\/schema\\\/logo\\\/image\\\/\"}}]}<\/script>\n<!-- \/ Yoast SEO plugin. -->","yoast_head_json":{"title":"Lotta alla infezioni: Chirurgia d\u2019Urgenza e Master Sepsi in Chirurgia non si arrendono - Policlinico Universitario A. Gemelli IRCCS","robots":{"index":"index","follow":"follow","max-snippet":"max-snippet:-1","max-image-preview":"max-image-preview:large","max-video-preview":"max-video-preview:-1"},"canonical":"https:\/\/www.policlinicogemelli.it\/en\/news-events\/lotta-alla-infezioni-chirurgia-durgenza-e-master-sepsi-in-chirurgia-non-si-arrendono\/","og_locale":"en_US","og_type":"article","og_title":"Lotta alla infezioni: Chirurgia d\u2019Urgenza e Master Sepsi in Chirurgia non si arrendono - Policlinico Universitario A. Gemelli IRCCS","og_description":"Messa in ombra dall\u2019emergenza COVID-19, che sta purtroppo rialzando la testa, quest\u2019anno \u00e8 passata in sordina la \u201cGiornata Mondiale della Sepsi\u201d, che si celebra il 13 settembre. \u201cMa la sepsi \u2013 ricorda il professor Gabriele Sganga, Direttore della UOC Chirurgia d\u2019Urgenza e del Trauma della Fondazione Policlinico Universitario Agostino Gemelli IRCCS \u2013 al di l\u00e0 [&hellip;]","og_url":"https:\/\/www.policlinicogemelli.it\/en\/news-events\/lotta-alla-infezioni-chirurgia-durgenza-e-master-sepsi-in-chirurgia-non-si-arrendono\/","og_site_name":"Policlinico Universitario Agostino Gemelli IRCCS","article_modified_time":"2025-03-31T13:15:28+00:00","og_image":[{"width":696,"height":385,"url":"https:\/\/www.policlinicogemelli.it\/wp-content\/uploads\/2020\/10\/sepsi.png","type":"image\/png"}],"twitter_card":"summary_large_image","twitter_misc":{"Est. reading time":"4 minutes"},"schema":{"@context":"https:\/\/schema.org","@graph":[{"@type":"WebPage","@id":"https:\/\/www.policlinicogemelli.it\/en\/news-events\/lotta-alla-infezioni-chirurgia-durgenza-e-master-sepsi-in-chirurgia-non-si-arrendono\/","url":"https:\/\/www.policlinicogemelli.it\/en\/news-events\/lotta-alla-infezioni-chirurgia-durgenza-e-master-sepsi-in-chirurgia-non-si-arrendono\/","name":"Lotta alla infezioni: Chirurgia d\u2019Urgenza e Master Sepsi in Chirurgia non si arrendono - Policlinico Universitario A. Gemelli IRCCS","isPartOf":{"@id":"https:\/\/www.policlinicogemelli.it\/en\/#website"},"primaryImageOfPage":{"@id":"https:\/\/www.policlinicogemelli.it\/en\/news-events\/lotta-alla-infezioni-chirurgia-durgenza-e-master-sepsi-in-chirurgia-non-si-arrendono\/#primaryimage"},"image":{"@id":"https:\/\/www.policlinicogemelli.it\/en\/news-events\/lotta-alla-infezioni-chirurgia-durgenza-e-master-sepsi-in-chirurgia-non-si-arrendono\/#primaryimage"},"thumbnailUrl":"https:\/\/www.policlinicogemelli.it\/wp-content\/uploads\/2020\/10\/sepsi.png","datePublished":"2020-10-02T10:31:30+00:00","dateModified":"2025-03-31T13:15:28+00:00","breadcrumb":{"@id":"https:\/\/www.policlinicogemelli.it\/en\/news-events\/lotta-alla-infezioni-chirurgia-durgenza-e-master-sepsi-in-chirurgia-non-si-arrendono\/#breadcrumb"},"inLanguage":"en-US","potentialAction":[{"@type":"ReadAction","target":["https:\/\/www.policlinicogemelli.it\/en\/news-events\/lotta-alla-infezioni-chirurgia-durgenza-e-master-sepsi-in-chirurgia-non-si-arrendono\/"]}]},{"@type":"ImageObject","inLanguage":"en-US","@id":"https:\/\/www.policlinicogemelli.it\/en\/news-events\/lotta-alla-infezioni-chirurgia-durgenza-e-master-sepsi-in-chirurgia-non-si-arrendono\/#primaryimage","url":"https:\/\/www.policlinicogemelli.it\/wp-content\/uploads\/2020\/10\/sepsi.png","contentUrl":"https:\/\/www.policlinicogemelli.it\/wp-content\/uploads\/2020\/10\/sepsi.png","width":696,"height":385},{"@type":"BreadcrumbList","@id":"https:\/\/www.policlinicogemelli.it\/en\/news-events\/lotta-alla-infezioni-chirurgia-durgenza-e-master-sepsi-in-chirurgia-non-si-arrendono\/#breadcrumb","itemListElement":[{"@type":"ListItem","position":1,"name":"Home","item":"https:\/\/www.policlinicogemelli.it\/en\/"},{"@type":"ListItem","position":2,"name":"News and Events","item":"https:\/\/www.policlinicogemelli.it\/en\/news-events\/"},{"@type":"ListItem","position":3,"name":"Lotta alla infezioni: Chirurgia d\u2019Urgenza e Master Sepsi in Chirurgia non si arrendono"}]},{"@type":"WebSite","@id":"https:\/\/www.policlinicogemelli.it\/en\/#website","url":"https:\/\/www.policlinicogemelli.it\/en\/","name":"Policlinico Universitario Agostino Gemelli IRCCS","description":"Policlinico Universitario Agostino Gemelli IRCCS","publisher":{"@id":"https:\/\/www.policlinicogemelli.it\/en\/#organization"},"potentialAction":[{"@type":"SearchAction","target":{"@type":"EntryPoint","urlTemplate":"https:\/\/www.policlinicogemelli.it\/en\/?s={search_term_string}"},"query-input":{"@type":"PropertyValueSpecification","valueRequired":true,"valueName":"search_term_string"}}],"inLanguage":"en-US"},{"@type":"Organization","@id":"https:\/\/www.policlinicogemelli.it\/en\/#organization","name":"Policlinico Universitario Agostino Gemelli IRCCS","url":"https:\/\/www.policlinicogemelli.it\/en\/","logo":{"@type":"ImageObject","inLanguage":"en-US","@id":"https:\/\/www.policlinicogemelli.it\/en\/#\/schema\/logo\/image\/","url":"https:\/\/www.policlinicogemelli.it\/wp-content\/uploads\/2019\/02\/logo-policlinico-gemelli-250-trasp-color-1.png","contentUrl":"https:\/\/www.policlinicogemelli.it\/wp-content\/uploads\/2019\/02\/logo-policlinico-gemelli-250-trasp-color-1.png","width":250,"height":82,"caption":"Policlinico Universitario Agostino Gemelli IRCCS"},"image":{"@id":"https:\/\/www.policlinicogemelli.it\/en\/#\/schema\/logo\/image\/"}}]}},"rest_api_enabler":[],"_links":{"self":[{"href":"https:\/\/www.policlinicogemelli.it\/en\/wp-json\/wp\/v2\/news\/31151","targetHints":{"allow":["GET"]}}],"collection":[{"href":"https:\/\/www.policlinicogemelli.it\/en\/wp-json\/wp\/v2\/news"}],"about":[{"href":"https:\/\/www.policlinicogemelli.it\/en\/wp-json\/wp\/v2\/types\/kf_gem_news"}],"version-history":[{"count":0,"href":"https:\/\/www.policlinicogemelli.it\/en\/wp-json\/wp\/v2\/news\/31151\/revisions"}],"wp:featuredmedia":[{"embeddable":true,"href":"https:\/\/www.policlinicogemelli.it\/en\/wp-json\/wp\/v2\/media\/31154"}],"wp:attachment":[{"href":"https:\/\/www.policlinicogemelli.it\/en\/wp-json\/wp\/v2\/media?parent=31151"}],"wp:term":[{"taxonomy":"kf_gem_newscat","embeddable":true,"href":"https:\/\/www.policlinicogemelli.it\/en\/wp-json\/wp\/v2\/categorie?post=31151"}],"curies":[{"name":"wp","href":"https:\/\/api.w.org\/{rel}","templated":true}]}}