{"id":30921,"date":"2020-09-23T13:29:39","date_gmt":"2020-09-23T13:29:39","guid":{"rendered":"https:\/\/www.policlinicogemelli.it\/?post_type=kf_gem_news&#038;p=30921"},"modified":"2020-11-13T09:28:01","modified_gmt":"2020-11-13T09:28:01","slug":"al-gemelli-un-percorso-per-entrare-nel-futuro-dellimmunoterapia-car-t","status":"publish","type":"kf_gem_news","link":"https:\/\/www.policlinicogemelli.it\/en\/news-events\/al-gemelli-un-percorso-per-entrare-nel-futuro-dellimmunoterapia-car-t\/","title":{"rendered":"Lotta a leucemia e linfoma: al Gemelli via al CAR-T, frontiera avanzata di immunoterapia"},"content":{"rendered":"\n<p>Inaugurato al Gemelli il CAR-T Centre e il Percorso Clinico\nAssistenziale costruito su misura dei pazienti candidati alla terapia con CAR-T\n(<em>Chimeric Antigen Receptor<\/em> T), che rappresenta una delle frontiere pi\u00f9\navanzate di immunoterapia. La presentazione del percorso, affidata al dottor <strong>Antonio\nGiulio de Belvis<\/strong>,\nDirettore UOC Percorsi e Valutazione Outcome Clinici Fondazione Policlinico\nUniversitario Agostino Gemelli IRCCS, \u00e8 stata effettuata nel corso del webinar \u2018Gemelli CAR-T Centre\u201d e il Percorso Clinico Assistenziale \u201cImmunoterapia\nCAR-T\u201d del Gemelli\u2019 organizzato\ncon il supporto incondizionato di Gilead. <\/p>\n\n\n\n<p>La terapia con CAR-T consiste nell\u2019insegnare ad alcune cellule del sistema immunitario, i linfociti T, a combattere in maniera mirata alcuni tumori del sangue. \u201cInizialmente applicata al trattamento dei pazienti affetti da linfomi non Hodgkin (linfomi a grandi cellule B) e da alcune forme di leucemia (leucemia linfoblastica acuta), che abbiano gi\u00e0 fallito almeno due linee di terapia \u2013 ricorda <strong>Valerio De Stefano<\/strong>, professore ordinario di Ematologia all&#8217;Universit\u00e0 Cattolica e Direttore UOC Servizio e DH di Ematologia Fondazione Policlinico Universitario Agostino Gemelli &nbsp;IRCCS &#8211; la terapia con le cellule CAR-T \u00e8 in corso di sperimentazione al momento anche nel mieloma multiplo\u201d. \u201cNei linfomi B pi\u00f9 aggressivi \u2013 afferma <strong>Stefan Hohaus<\/strong>,  professore associato di Ematologia all&#8217;Universit\u00e0 Cattolica e Responsabile UOSD Malattie Linfoproliferative Extramidollari Fondazione Policlinico Universitario Agostino Gemelli IRCCS &#8211; due pazienti su tre ottengono una risposta completa e duratura in prima linea; ma gli altri necessitano di terapie pi\u00f9 aggressive e le CAR-T rappresentano per loro una grande speranza\u201d.&nbsp; Ma \u00e8 solo l\u2019inizio. \u201cSono infatti in corso almeno 720 studi \u2013 ricorda <strong>Ruggero de Maria<\/strong> <strong>Marchiano<\/strong>, Professore ordinario di Patologia Generale presso l&#8217;Universit\u00e0 Cattolica, Presidente Alleanza Contro il Cancro e coordinatore del Programma CAR-T del Ministero della Salute &#8211; sull\u2019applicazione di questa forma di immunoterapia non solo alle neoplasie del sangue ma anche ai tumori solidi, come il tumore del polmone\u201d. Anche se, per l\u2019applicazione delle CAR-T ai tumori solidi ci vorr\u00e0 ancora del tempo. \u201cL\u2019antigene bersaglio delle CAR-T &#8211; spiega <strong>Gianpaolo Tortora<\/strong>, professore ordinario di Oncologia Medica all&#8217;Universit\u00e0 Cattolica, Direttore UOC Oncologia Medica e Responsabile del Comprehensive Cancer Center del Gemelli \u2013 pu\u00f2 mutare frequentemente nei tumori solidi; inoltre in queste forme la tossicit\u00e0 delle CAR-T pu\u00f2 essere pi\u00f9 importante. Ma la ricerca sta facendo passi da gigante; sono allo studio cellule che riconoscono un doppio antigene (cio\u00e8 un doppio bersaglio nel tumore) e vere e proprie cellule \u2018armate\u2019 (<em>armored<\/em>) in grado di riconoscere le cellule tumorali e di \u2018sparargli\u2019 contro citochine o virus \u2018sciogli-tumore\u2019 (oncolitici).\u201d <\/p>\n\n\n\n<p>E se oggi, tutto questo viene costruito a partire dalle\ncellule del paziente (terapia CAR-T autologa), il futuro vedr\u00e0 l\u2019impiego di\ncellule \u2018<em>off the shelf\u2019<\/em>, cio\u00e8 di una sorta di \u2018supermercati\u2019 con tante\ncellule pronte all\u2019uso, utilizzabili su tanti pazienti diversi. Un\u2019altra\nimportante frontiera \u00e8 infine rappresentata dall\u2019uso delle cellule Natural\nKiller (NK) che, secondo gli esperti potrebbe consentire di superare molti dei\nproblemi di tossicit\u00e0 attuali.<\/p>\n\n\n\n<p>Le cellule CAR-T sono insomma vere e proprie armi biologiche contro\ni tumori, costruite in laboratorio con l\u2019aiuto di alcuni virus, che inseriscono\nnel DNA della cellula T un gene codificante un recettore, una sorta di\nantennina radar che verr\u00e0 montata sulla superficie della cellula, rendendola\ncos\u00ec in grado di riconoscere le cellule tumorali. Come ha illustrato la\nprofessoressa Simona sica, Direttore della UOC Ematologia e Trapiano di cellule\nstaminali emopoietiche FPG IRCCS, una volta reiniettate nel paziente, le\ncellule CAR-T cominciano ad attaccare le cellule tumorali e a distruggerle.\nDetto cos\u00ec sembra tutto molto facile, ma per rendere fattibile questa forma\navanzatissima di terapia oncologica \u00e8 necessario attrezzare un percorso ad hoc\ne mettere insieme un team multidisciplinare, composto da ematologi, farmacisti,\noncologi, neurologi, rianimatori (alcuni effetti collaterali del trattamento\ncon CAR-T richiedono l\u2019intervento del rianimatore e assomigliano alla sindrome\nda tempesta citochinica che colpisce i pazienti con le forme pi\u00f9 gravi di\nCOVID-19). Nella presentazione del PCA CAR-T del Gemelli, il prof. Andrea\nBacigalupo ha rimarcato la complessit\u00e0 organizzativa dietro tale\nmultidisciplinariet\u00e0: perch\u00e9 la terapia con le CAR-T diventi fattibile \u00e8\nnecessario costruirle intorno un\u2019orchestra con tanti elementi (medici, biologi,\nfarmacisti, addetti al trasporto, ecc) che devono lavorare in armonia per far\ns\u00ec che il lungo percorso di allestimento delle cellule CAR-T proceda senza\nintoppi e che ci sia una piena <em>compliance<\/em> ai complessi aspetti\nregolatori che normano questa terapia innovativa. Un percorso che va dalla\nselezione del paziente giusto al quale effettuare questa terapia, al prelievo\ndei suoi linfociti da inviare presso una <em>cell factory<\/em>, che pu\u00f2 trovarsi\nanche a centinaia di chilometri di distanza, alla reingegnerizzazione in\nlaboratorio delle cellule con un vettore virale, all\u2019espansione in laboratorio di\nqueste cellule con le \u2018antennine\u2019, al rinvio in ospedale e infine alla\nsomministrazione in sicurezza al paziente. <\/p>\n\n\n\n<p>Un Percorso assistenziale \u2013 quello dedicato al trattamento\nCAR-T,&nbsp; in cui i temi dell\u2019efficacia si\naffiancano a quelli dell\u2019appropriatezza, dell\u2019equit\u00e0 dell\u2019accesso e della\nsicurezza del paziente. E&nbsp; dove le scelte\nallocative del SSN sono messe alla prova dai costi della gestione del Percorso\nstesso, come \u00e8 emerso nella tavola rotonda moderata dal prof. Andrea Urbani, Direttore\ndella UOC Chimica, Biochimica e Biologia molecolare clinica FPG IRCCS.<\/p>\n\n\n\n<p>\u201cIl nostro \u00e8 un ospedale basato sui percorsi \u2013 ricorda il\ndottor <strong>Andrea Cambieri<\/strong>, Direttore Sanitario del Policlinico Gemelli \u2013 &nbsp;e attualmente ce ne sono 45 in piedi. Solo un\napproccio multidisciplinare e ben organizzato consente di offrire a tutti le\ncure migliori in maniera omogenea. Questo nuovo percorso consentir\u00e0 l\u2019accesso\nall\u2019innovazione riunendo insieme una serie di competenze sanitarie e\navvalendosi anche dell\u2019intelligenza artificiale.\u201d<\/p>\n\n\n\n<p><strong><em>Maria Rita Montebelli<\/em><\/strong><\/p>\n\n\n\n<figure class=\"wp-block-image size-large\"><img loading=\"lazy\" decoding=\"async\" width=\"1024\" height=\"768\" src=\"https:\/\/www.policlinicogemelli.it\/wp-content\/uploads\/2020\/09\/FOTO-CART-T-1024x768.jpg\" alt=\"\" class=\"wp-image-30923\" srcset=\"https:\/\/www.policlinicogemelli.it\/wp-content\/uploads\/2020\/09\/FOTO-CART-T-1024x768.jpg 1024w, https:\/\/www.policlinicogemelli.it\/wp-content\/uploads\/2020\/09\/FOTO-CART-T-300x225.jpg 300w, https:\/\/www.policlinicogemelli.it\/wp-content\/uploads\/2020\/09\/FOTO-CART-T-768x576.jpg 768w, https:\/\/www.policlinicogemelli.it\/wp-content\/uploads\/2020\/09\/FOTO-CART-T-1536x1152.jpg 1536w, https:\/\/www.policlinicogemelli.it\/wp-content\/uploads\/2020\/09\/FOTO-CART-T-2048x1536.jpg 2048w, https:\/\/www.policlinicogemelli.it\/wp-content\/uploads\/2020\/09\/FOTO-CART-T-660x495.jpg 660w, https:\/\/www.policlinicogemelli.it\/wp-content\/uploads\/2020\/09\/FOTO-CART-T-273x205.jpg 273w, https:\/\/www.policlinicogemelli.it\/wp-content\/uploads\/2020\/09\/FOTO-CART-T-400x300.jpg 400w\" sizes=\"auto, (max-width: 1024px) 100vw, 1024px\" \/><\/figure>\n\n\n\n<figure class=\"wp-block-image size-large\"><img loading=\"lazy\" decoding=\"async\" width=\"1024\" height=\"768\" src=\"https:\/\/www.policlinicogemelli.it\/wp-content\/uploads\/2020\/09\/FOTO-CART-T-2-1024x768.jpg\" alt=\"\" class=\"wp-image-30925\" srcset=\"https:\/\/www.policlinicogemelli.it\/wp-content\/uploads\/2020\/09\/FOTO-CART-T-2-1024x768.jpg 1024w, https:\/\/www.policlinicogemelli.it\/wp-content\/uploads\/2020\/09\/FOTO-CART-T-2-300x225.jpg 300w, https:\/\/www.policlinicogemelli.it\/wp-content\/uploads\/2020\/09\/FOTO-CART-T-2-768x576.jpg 768w, https:\/\/www.policlinicogemelli.it\/wp-content\/uploads\/2020\/09\/FOTO-CART-T-2-1536x1152.jpg 1536w, https:\/\/www.policlinicogemelli.it\/wp-content\/uploads\/2020\/09\/FOTO-CART-T-2-2048x1536.jpg 2048w, https:\/\/www.policlinicogemelli.it\/wp-content\/uploads\/2020\/09\/FOTO-CART-T-2-660x495.jpg 660w, https:\/\/www.policlinicogemelli.it\/wp-content\/uploads\/2020\/09\/FOTO-CART-T-2-273x205.jpg 273w, https:\/\/www.policlinicogemelli.it\/wp-content\/uploads\/2020\/09\/FOTO-CART-T-2-400x300.jpg 400w\" sizes=\"auto, (max-width: 1024px) 100vw, 1024px\" \/><\/figure>\n\n\n\n<figure class=\"wp-block-image size-large\"><img loading=\"lazy\" decoding=\"async\" width=\"1024\" height=\"768\" src=\"https:\/\/www.policlinicogemelli.it\/wp-content\/uploads\/2020\/09\/FOTO-SITO-CART-T-3-1024x768.jpg\" alt=\"\" class=\"wp-image-30927\" srcset=\"https:\/\/www.policlinicogemelli.it\/wp-content\/uploads\/2020\/09\/FOTO-SITO-CART-T-3-1024x768.jpg 1024w, https:\/\/www.policlinicogemelli.it\/wp-content\/uploads\/2020\/09\/FOTO-SITO-CART-T-3-300x225.jpg 300w, https:\/\/www.policlinicogemelli.it\/wp-content\/uploads\/2020\/09\/FOTO-SITO-CART-T-3-768x576.jpg 768w, https:\/\/www.policlinicogemelli.it\/wp-content\/uploads\/2020\/09\/FOTO-SITO-CART-T-3-1536x1152.jpg 1536w, https:\/\/www.policlinicogemelli.it\/wp-content\/uploads\/2020\/09\/FOTO-SITO-CART-T-3-2048x1536.jpg 2048w, https:\/\/www.policlinicogemelli.it\/wp-content\/uploads\/2020\/09\/FOTO-SITO-CART-T-3-660x495.jpg 660w, https:\/\/www.policlinicogemelli.it\/wp-content\/uploads\/2020\/09\/FOTO-SITO-CART-T-3-273x205.jpg 273w, https:\/\/www.policlinicogemelli.it\/wp-content\/uploads\/2020\/09\/FOTO-SITO-CART-T-3-400x300.jpg 400w\" sizes=\"auto, (max-width: 1024px) 100vw, 1024px\" \/><\/figure>\n","protected":false},"excerpt":{"rendered":"<p>Inaugurato al Gemelli il CAR-T Centre e il Percorso Clinico Assistenziale costruito su misura dei pazienti candidati alla terapia con CAR-T (Chimeric Antigen Receptor T), che rappresenta una delle frontiere pi\u00f9 avanzate di immunoterapia. La presentazione del percorso, affidata al dottor Antonio Giulio de Belvis, Direttore UOC Percorsi e Valutazione Outcome Clinici Fondazione Policlinico Universitario [&hellip;]<\/p>\n","protected":false},"featured_media":30930,"template":"","categorie":[92],"class_list":{"0":"post-30921","1":"kf_gem_news","2":"type-kf_gem_news","3":"status-publish","4":"has-post-thumbnail","6":"kf_gem_newscat-assistance","7":"entry"},"acf":[],"yoast_head":"<!-- This site is optimized with the Yoast SEO plugin v27.5 - https:\/\/yoast.com\/product\/yoast-seo-wordpress\/ -->\n<title>Lotta a leucemia e linfoma: al Gemelli via al CAR-T, frontiera avanzata di immunoterapia - Policlinico Universitario A. Gemelli IRCCS<\/title>\n<meta name=\"robots\" content=\"index, follow, max-snippet:-1, max-image-preview:large, max-video-preview:-1\" \/>\n<link rel=\"canonical\" href=\"https:\/\/www.policlinicogemelli.it\/en\/news-events\/al-gemelli-un-percorso-per-entrare-nel-futuro-dellimmunoterapia-car-t\/\" \/>\n<meta property=\"og:locale\" content=\"en_US\" \/>\n<meta property=\"og:type\" content=\"article\" \/>\n<meta property=\"og:title\" content=\"Lotta a leucemia e linfoma: al Gemelli via al CAR-T, frontiera avanzata di immunoterapia - Policlinico Universitario A. Gemelli IRCCS\" \/>\n<meta property=\"og:description\" content=\"Inaugurato al Gemelli il CAR-T Centre e il Percorso Clinico Assistenziale costruito su misura dei pazienti candidati alla terapia con CAR-T (Chimeric Antigen Receptor T), che rappresenta una delle frontiere pi\u00f9 avanzate di immunoterapia. La presentazione del percorso, affidata al dottor Antonio Giulio de Belvis, Direttore UOC Percorsi e Valutazione Outcome Clinici Fondazione Policlinico Universitario [&hellip;]\" \/>\n<meta property=\"og:url\" content=\"https:\/\/www.policlinicogemelli.it\/en\/news-events\/al-gemelli-un-percorso-per-entrare-nel-futuro-dellimmunoterapia-car-t\/\" \/>\n<meta property=\"og:site_name\" content=\"Policlinico Universitario Agostino Gemelli IRCCS\" \/>\n<meta property=\"article:modified_time\" content=\"2020-11-13T09:28:01+00:00\" \/>\n<meta property=\"og:image\" content=\"https:\/\/www.policlinicogemelli.it\/wp-content\/uploads\/2020\/09\/FOTO-SITO-CART-T-3-1-scaled.jpg\" \/>\n\t<meta property=\"og:image:width\" content=\"2560\" \/>\n\t<meta property=\"og:image:height\" content=\"1920\" \/>\n\t<meta property=\"og:image:type\" content=\"image\/jpeg\" \/>\n<meta name=\"twitter:card\" content=\"summary_large_image\" \/>\n<meta name=\"twitter:label1\" content=\"Est. reading time\" \/>\n\t<meta name=\"twitter:data1\" content=\"5 minutes\" \/>\n<script type=\"application\/ld+json\" class=\"yoast-schema-graph\">{\"@context\":\"https:\\\/\\\/schema.org\",\"@graph\":[{\"@type\":\"WebPage\",\"@id\":\"https:\\\/\\\/www.policlinicogemelli.it\\\/en\\\/news-events\\\/al-gemelli-un-percorso-per-entrare-nel-futuro-dellimmunoterapia-car-t\\\/\",\"url\":\"https:\\\/\\\/www.policlinicogemelli.it\\\/en\\\/news-events\\\/al-gemelli-un-percorso-per-entrare-nel-futuro-dellimmunoterapia-car-t\\\/\",\"name\":\"Lotta a leucemia e linfoma: al Gemelli via al CAR-T, frontiera avanzata di immunoterapia - Policlinico Universitario A. Gemelli IRCCS\",\"isPartOf\":{\"@id\":\"https:\\\/\\\/www.policlinicogemelli.it\\\/en\\\/#website\"},\"primaryImageOfPage\":{\"@id\":\"https:\\\/\\\/www.policlinicogemelli.it\\\/en\\\/news-events\\\/al-gemelli-un-percorso-per-entrare-nel-futuro-dellimmunoterapia-car-t\\\/#primaryimage\"},\"image\":{\"@id\":\"https:\\\/\\\/www.policlinicogemelli.it\\\/en\\\/news-events\\\/al-gemelli-un-percorso-per-entrare-nel-futuro-dellimmunoterapia-car-t\\\/#primaryimage\"},\"thumbnailUrl\":\"https:\\\/\\\/www.policlinicogemelli.it\\\/wp-content\\\/uploads\\\/2020\\\/09\\\/FOTO-SITO-CART-T-3-1-scaled.jpg\",\"datePublished\":\"2020-09-23T13:29:39+00:00\",\"dateModified\":\"2020-11-13T09:28:01+00:00\",\"breadcrumb\":{\"@id\":\"https:\\\/\\\/www.policlinicogemelli.it\\\/en\\\/news-events\\\/al-gemelli-un-percorso-per-entrare-nel-futuro-dellimmunoterapia-car-t\\\/#breadcrumb\"},\"inLanguage\":\"en-US\",\"potentialAction\":[{\"@type\":\"ReadAction\",\"target\":[\"https:\\\/\\\/www.policlinicogemelli.it\\\/en\\\/news-events\\\/al-gemelli-un-percorso-per-entrare-nel-futuro-dellimmunoterapia-car-t\\\/\"]}]},{\"@type\":\"ImageObject\",\"inLanguage\":\"en-US\",\"@id\":\"https:\\\/\\\/www.policlinicogemelli.it\\\/en\\\/news-events\\\/al-gemelli-un-percorso-per-entrare-nel-futuro-dellimmunoterapia-car-t\\\/#primaryimage\",\"url\":\"https:\\\/\\\/www.policlinicogemelli.it\\\/wp-content\\\/uploads\\\/2020\\\/09\\\/FOTO-SITO-CART-T-3-1-scaled.jpg\",\"contentUrl\":\"https:\\\/\\\/www.policlinicogemelli.it\\\/wp-content\\\/uploads\\\/2020\\\/09\\\/FOTO-SITO-CART-T-3-1-scaled.jpg\",\"width\":2560,\"height\":1920},{\"@type\":\"BreadcrumbList\",\"@id\":\"https:\\\/\\\/www.policlinicogemelli.it\\\/en\\\/news-events\\\/al-gemelli-un-percorso-per-entrare-nel-futuro-dellimmunoterapia-car-t\\\/#breadcrumb\",\"itemListElement\":[{\"@type\":\"ListItem\",\"position\":1,\"name\":\"Home\",\"item\":\"https:\\\/\\\/www.policlinicogemelli.it\\\/en\\\/\"},{\"@type\":\"ListItem\",\"position\":2,\"name\":\"News and Events\",\"item\":\"https:\\\/\\\/www.policlinicogemelli.it\\\/en\\\/news-events\\\/\"},{\"@type\":\"ListItem\",\"position\":3,\"name\":\"Lotta a leucemia e linfoma: al Gemelli via al CAR-T, frontiera avanzata di immunoterapia\"}]},{\"@type\":\"WebSite\",\"@id\":\"https:\\\/\\\/www.policlinicogemelli.it\\\/en\\\/#website\",\"url\":\"https:\\\/\\\/www.policlinicogemelli.it\\\/en\\\/\",\"name\":\"Policlinico Universitario Agostino Gemelli IRCCS\",\"description\":\"Policlinico Universitario Agostino Gemelli IRCCS\",\"publisher\":{\"@id\":\"https:\\\/\\\/www.policlinicogemelli.it\\\/en\\\/#organization\"},\"potentialAction\":[{\"@type\":\"SearchAction\",\"target\":{\"@type\":\"EntryPoint\",\"urlTemplate\":\"https:\\\/\\\/www.policlinicogemelli.it\\\/en\\\/?s={search_term_string}\"},\"query-input\":{\"@type\":\"PropertyValueSpecification\",\"valueRequired\":true,\"valueName\":\"search_term_string\"}}],\"inLanguage\":\"en-US\"},{\"@type\":\"Organization\",\"@id\":\"https:\\\/\\\/www.policlinicogemelli.it\\\/en\\\/#organization\",\"name\":\"Policlinico Universitario Agostino Gemelli IRCCS\",\"url\":\"https:\\\/\\\/www.policlinicogemelli.it\\\/en\\\/\",\"logo\":{\"@type\":\"ImageObject\",\"inLanguage\":\"en-US\",\"@id\":\"https:\\\/\\\/www.policlinicogemelli.it\\\/en\\\/#\\\/schema\\\/logo\\\/image\\\/\",\"url\":\"https:\\\/\\\/www.policlinicogemelli.it\\\/wp-content\\\/uploads\\\/2019\\\/02\\\/logo-policlinico-gemelli-250-trasp-color-1.png\",\"contentUrl\":\"https:\\\/\\\/www.policlinicogemelli.it\\\/wp-content\\\/uploads\\\/2019\\\/02\\\/logo-policlinico-gemelli-250-trasp-color-1.png\",\"width\":250,\"height\":82,\"caption\":\"Policlinico Universitario Agostino Gemelli IRCCS\"},\"image\":{\"@id\":\"https:\\\/\\\/www.policlinicogemelli.it\\\/en\\\/#\\\/schema\\\/logo\\\/image\\\/\"}}]}<\/script>\n<!-- \/ Yoast SEO plugin. -->","yoast_head_json":{"title":"Lotta a leucemia e linfoma: al Gemelli via al CAR-T, frontiera avanzata di immunoterapia - Policlinico Universitario A. Gemelli IRCCS","robots":{"index":"index","follow":"follow","max-snippet":"max-snippet:-1","max-image-preview":"max-image-preview:large","max-video-preview":"max-video-preview:-1"},"canonical":"https:\/\/www.policlinicogemelli.it\/en\/news-events\/al-gemelli-un-percorso-per-entrare-nel-futuro-dellimmunoterapia-car-t\/","og_locale":"en_US","og_type":"article","og_title":"Lotta a leucemia e linfoma: al Gemelli via al CAR-T, frontiera avanzata di immunoterapia - Policlinico Universitario A. Gemelli IRCCS","og_description":"Inaugurato al Gemelli il CAR-T Centre e il Percorso Clinico Assistenziale costruito su misura dei pazienti candidati alla terapia con CAR-T (Chimeric Antigen Receptor T), che rappresenta una delle frontiere pi\u00f9 avanzate di immunoterapia. La presentazione del percorso, affidata al dottor Antonio Giulio de Belvis, Direttore UOC Percorsi e Valutazione Outcome Clinici Fondazione Policlinico Universitario [&hellip;]","og_url":"https:\/\/www.policlinicogemelli.it\/en\/news-events\/al-gemelli-un-percorso-per-entrare-nel-futuro-dellimmunoterapia-car-t\/","og_site_name":"Policlinico Universitario Agostino Gemelli IRCCS","article_modified_time":"2020-11-13T09:28:01+00:00","og_image":[{"width":2560,"height":1920,"url":"https:\/\/www.policlinicogemelli.it\/wp-content\/uploads\/2020\/09\/FOTO-SITO-CART-T-3-1-scaled.jpg","type":"image\/jpeg"}],"twitter_card":"summary_large_image","twitter_misc":{"Est. reading time":"5 minutes"},"schema":{"@context":"https:\/\/schema.org","@graph":[{"@type":"WebPage","@id":"https:\/\/www.policlinicogemelli.it\/en\/news-events\/al-gemelli-un-percorso-per-entrare-nel-futuro-dellimmunoterapia-car-t\/","url":"https:\/\/www.policlinicogemelli.it\/en\/news-events\/al-gemelli-un-percorso-per-entrare-nel-futuro-dellimmunoterapia-car-t\/","name":"Lotta a leucemia e linfoma: al Gemelli via al CAR-T, frontiera avanzata di immunoterapia - Policlinico Universitario A. Gemelli IRCCS","isPartOf":{"@id":"https:\/\/www.policlinicogemelli.it\/en\/#website"},"primaryImageOfPage":{"@id":"https:\/\/www.policlinicogemelli.it\/en\/news-events\/al-gemelli-un-percorso-per-entrare-nel-futuro-dellimmunoterapia-car-t\/#primaryimage"},"image":{"@id":"https:\/\/www.policlinicogemelli.it\/en\/news-events\/al-gemelli-un-percorso-per-entrare-nel-futuro-dellimmunoterapia-car-t\/#primaryimage"},"thumbnailUrl":"https:\/\/www.policlinicogemelli.it\/wp-content\/uploads\/2020\/09\/FOTO-SITO-CART-T-3-1-scaled.jpg","datePublished":"2020-09-23T13:29:39+00:00","dateModified":"2020-11-13T09:28:01+00:00","breadcrumb":{"@id":"https:\/\/www.policlinicogemelli.it\/en\/news-events\/al-gemelli-un-percorso-per-entrare-nel-futuro-dellimmunoterapia-car-t\/#breadcrumb"},"inLanguage":"en-US","potentialAction":[{"@type":"ReadAction","target":["https:\/\/www.policlinicogemelli.it\/en\/news-events\/al-gemelli-un-percorso-per-entrare-nel-futuro-dellimmunoterapia-car-t\/"]}]},{"@type":"ImageObject","inLanguage":"en-US","@id":"https:\/\/www.policlinicogemelli.it\/en\/news-events\/al-gemelli-un-percorso-per-entrare-nel-futuro-dellimmunoterapia-car-t\/#primaryimage","url":"https:\/\/www.policlinicogemelli.it\/wp-content\/uploads\/2020\/09\/FOTO-SITO-CART-T-3-1-scaled.jpg","contentUrl":"https:\/\/www.policlinicogemelli.it\/wp-content\/uploads\/2020\/09\/FOTO-SITO-CART-T-3-1-scaled.jpg","width":2560,"height":1920},{"@type":"BreadcrumbList","@id":"https:\/\/www.policlinicogemelli.it\/en\/news-events\/al-gemelli-un-percorso-per-entrare-nel-futuro-dellimmunoterapia-car-t\/#breadcrumb","itemListElement":[{"@type":"ListItem","position":1,"name":"Home","item":"https:\/\/www.policlinicogemelli.it\/en\/"},{"@type":"ListItem","position":2,"name":"News and Events","item":"https:\/\/www.policlinicogemelli.it\/en\/news-events\/"},{"@type":"ListItem","position":3,"name":"Lotta a leucemia e linfoma: al Gemelli via al CAR-T, frontiera avanzata di immunoterapia"}]},{"@type":"WebSite","@id":"https:\/\/www.policlinicogemelli.it\/en\/#website","url":"https:\/\/www.policlinicogemelli.it\/en\/","name":"Policlinico Universitario Agostino Gemelli IRCCS","description":"Policlinico Universitario Agostino Gemelli IRCCS","publisher":{"@id":"https:\/\/www.policlinicogemelli.it\/en\/#organization"},"potentialAction":[{"@type":"SearchAction","target":{"@type":"EntryPoint","urlTemplate":"https:\/\/www.policlinicogemelli.it\/en\/?s={search_term_string}"},"query-input":{"@type":"PropertyValueSpecification","valueRequired":true,"valueName":"search_term_string"}}],"inLanguage":"en-US"},{"@type":"Organization","@id":"https:\/\/www.policlinicogemelli.it\/en\/#organization","name":"Policlinico Universitario Agostino Gemelli IRCCS","url":"https:\/\/www.policlinicogemelli.it\/en\/","logo":{"@type":"ImageObject","inLanguage":"en-US","@id":"https:\/\/www.policlinicogemelli.it\/en\/#\/schema\/logo\/image\/","url":"https:\/\/www.policlinicogemelli.it\/wp-content\/uploads\/2019\/02\/logo-policlinico-gemelli-250-trasp-color-1.png","contentUrl":"https:\/\/www.policlinicogemelli.it\/wp-content\/uploads\/2019\/02\/logo-policlinico-gemelli-250-trasp-color-1.png","width":250,"height":82,"caption":"Policlinico Universitario Agostino Gemelli IRCCS"},"image":{"@id":"https:\/\/www.policlinicogemelli.it\/en\/#\/schema\/logo\/image\/"}}]}},"rest_api_enabler":[],"_links":{"self":[{"href":"https:\/\/www.policlinicogemelli.it\/en\/wp-json\/wp\/v2\/news\/30921","targetHints":{"allow":["GET"]}}],"collection":[{"href":"https:\/\/www.policlinicogemelli.it\/en\/wp-json\/wp\/v2\/news"}],"about":[{"href":"https:\/\/www.policlinicogemelli.it\/en\/wp-json\/wp\/v2\/types\/kf_gem_news"}],"version-history":[{"count":0,"href":"https:\/\/www.policlinicogemelli.it\/en\/wp-json\/wp\/v2\/news\/30921\/revisions"}],"wp:featuredmedia":[{"embeddable":true,"href":"https:\/\/www.policlinicogemelli.it\/en\/wp-json\/wp\/v2\/media\/30930"}],"wp:attachment":[{"href":"https:\/\/www.policlinicogemelli.it\/en\/wp-json\/wp\/v2\/media?parent=30921"}],"wp:term":[{"taxonomy":"kf_gem_newscat","embeddable":true,"href":"https:\/\/www.policlinicogemelli.it\/en\/wp-json\/wp\/v2\/categorie?post=30921"}],"curies":[{"name":"wp","href":"https:\/\/api.w.org\/{rel}","templated":true}]}}