{"id":30500,"date":"2020-08-31T12:14:52","date_gmt":"2020-08-31T12:14:52","guid":{"rendered":"https:\/\/www.policlinicogemelli.it\/?post_type=kf_gem_news&#038;p=30500"},"modified":"2020-11-13T09:46:57","modified_gmt":"2020-11-13T09:46:57","slug":"filippo-crea-primo-italiano-direttore-dello-european-heart-journal","status":"publish","type":"kf_gem_news","link":"https:\/\/www.policlinicogemelli.it\/en\/news-events\/filippo-crea-primo-italiano-direttore-dello-european-heart-journal\/","title":{"rendered":"Filippo Crea primo italiano Direttore dello European Heart Journal"},"content":{"rendered":"\n<p>\u00c8&nbsp; italiano il nuovo Direttore dello European Heart Journal: <strong>Filippo Crea<\/strong>, professore Ordinario di Cardiologia e Direttore del Dipartimento Universitario di Scienze Cardiovascolari e Pneumologiche all\u2019Universit\u00e0 Cattolica del Sacro Cuore, campus di Roma, nonch\u00e9 Direttore dell\u2019UOC di Cardiologia della Fondazione Policlinico Universitario Agostino Gemelli IRCCS. <\/p>\n\n\n\n<p>La notizia \u00e8 stata resa pubblica in occasione del congresso della Societ\u00e0 Europea di Cardiologia &#8211; Escardio 2020  The Digital Experience in svolgimento dal 29 agosto al 1 settembre.<\/p>\n\n\n\n<p><a href=\"https:\/\/www.escardio.org\/The-ESC\/Press-Office\/Press-releases\/filippo-crea-appointed-editor-in-chief-of-european-heart-journal\">Link alla news<\/a><\/p>\n\n\n\n<p><\/p>\n\n\n\n<p>Tradizionalmente, Il Direttore del \u201cJournal\u201d \u00e8 il cardiologo pi\u00f9 autorevole in Europa. \u201c\u00c8 &nbsp;la prima volta che questo ruolo viene assegnato a uno specialista del nostro Paese &#8211; sottolinea Crea, il cui incarico di <em>editor in chief<\/em> ha appena avuto inizio &#8211; ed \u00e8 una grande responsabilit\u00e0. Questo \u00e8 un momento in cui il ruolo delle riviste scientifiche \u00e8 molto delicato: sono un filtro importante avendo il compito di selezionare lavori metodologicamente impeccabili che contribuiscono al progresso delle nostre conoscenze e a migliorare la vita dei nostri pazienti. Un antidoto di fatto alle fake news e alle diagnosi fatte con il Dottor Google. Non sono pochi, infatti, i pazienti che arrivano da noi dopo un&#8217;autodiagnosi sul web, o che magari riferiscono di aver acquistato per ridurre il colesterolo degli integratori sulla cui efficacia non c&#8217;\u00e8 nessuna evidenza scientifica, e che costano pi\u00f9 dei farmaci validati e sperimentati. C&#8217;\u00e8 un bombardamento di informazioni, un&#8217;aggressione dalla quale ci si pu\u00f2 difendere solo grazie all&#8217;autorevolezza della fonte&#8221;. <\/p>\n\n\n\n<p>\u201cInoltre &#8211; continua il cardiologo &#8211; ci sono ancora notevoli pregiudizi su molte patologie cardiovascolari, in particolare la cardiopatia ischemica, ritenute quasi una prerogativa maschile, mentre non \u00e8 affatto vero. Le malattie cardiovascolari sono di gran lunga il killer numero uno anche nella donna. Occorre pertanto aumentare la consapevolezza dei nemici del cuore femminile\u201d.<\/p>\n\n\n\n<p>E se l&#8217;impact factor \u00e8 un parametro per definire il successo\ndi una rivista scientifica, &#8220;negli ultimi anni lo European Heart Journal\nha superato anche celebri riviste di cardiologia statunitensi&#8221;, sottolinea\nCrea.<\/p>\n\n\n\n<p>Obiettivi del nuovo Direttore, &#8220;pubblicare lavori innovativi e metodologicamente cristallini, ispirare i cardiologi clinici con la pubblicazione di materiale didattico interattivo, estendere l\u2019influenza del Journal non solo all\u2019Europa e al Nord America ma ai cinque continenti&#8221;. <\/p>\n\n\n\n<p>Infine, lo European Heart Journal avr\u00e0 anche una nuova sezione su \u201cPublic Health and Economics\u201d coordinata dal professore <strong>Elias Mossialos<\/strong> della London School of Economics. <\/p>\n\n\n\n<p><\/p>\n\n\n\n<figure class=\"wp-block-image size-large is-style-default\"><img loading=\"lazy\" decoding=\"async\" width=\"680\" height=\"1024\" src=\"https:\/\/www.policlinicogemelli.it\/wp-content\/uploads\/2020\/08\/Foto-Prof.-Filippo-Crea-2-680x1024.jpg\" alt=\"\" class=\"wp-image-30488\" srcset=\"https:\/\/www.policlinicogemelli.it\/wp-content\/uploads\/2020\/08\/Foto-Prof.-Filippo-Crea-2-680x1024.jpg 680w, https:\/\/www.policlinicogemelli.it\/wp-content\/uploads\/2020\/08\/Foto-Prof.-Filippo-Crea-2-199x300.jpg 199w, https:\/\/www.policlinicogemelli.it\/wp-content\/uploads\/2020\/08\/Foto-Prof.-Filippo-Crea-2-768x1156.jpg 768w, https:\/\/www.policlinicogemelli.it\/wp-content\/uploads\/2020\/08\/Foto-Prof.-Filippo-Crea-2-1020x1536.jpg 1020w, https:\/\/www.policlinicogemelli.it\/wp-content\/uploads\/2020\/08\/Foto-Prof.-Filippo-Crea-2-1360x2048.jpg 1360w, https:\/\/www.policlinicogemelli.it\/wp-content\/uploads\/2020\/08\/Foto-Prof.-Filippo-Crea-2-329x495.jpg 329w, https:\/\/www.policlinicogemelli.it\/wp-content\/uploads\/2020\/08\/Foto-Prof.-Filippo-Crea-2-136x205.jpg 136w, https:\/\/www.policlinicogemelli.it\/wp-content\/uploads\/2020\/08\/Foto-Prof.-Filippo-Crea-2-scaled.jpg 1700w\" sizes=\"auto, (max-width: 680px) 100vw, 680px\" \/><figcaption>Professore Filippo Crea<\/figcaption><\/figure>\n","protected":false},"excerpt":{"rendered":"<p>\u00c8&nbsp; italiano il nuovo Direttore dello European Heart Journal: Filippo Crea, professore Ordinario di Cardiologia e Direttore del Dipartimento Universitario di Scienze Cardiovascolari e Pneumologiche all\u2019Universit\u00e0 Cattolica del Sacro Cuore, campus di Roma, nonch\u00e9 Direttore dell\u2019UOC di Cardiologia della Fondazione Policlinico Universitario Agostino Gemelli IRCCS. La notizia \u00e8 stata resa pubblica in occasione del congresso [&hellip;]<\/p>\n","protected":false},"featured_media":30513,"template":"","categorie":[96],"class_list":{"0":"post-30500","1":"kf_gem_news","2":"type-kf_gem_news","3":"status-publish","4":"has-post-thumbnail","6":"kf_gem_newscat-institutional-information","7":"entry"},"acf":[],"yoast_head":"<!-- This site is optimized with the Yoast SEO plugin v27.5 - https:\/\/yoast.com\/product\/yoast-seo-wordpress\/ -->\n<title>Filippo Crea primo italiano Direttore dello European Heart Journal - Policlinico Universitario A. Gemelli IRCCS<\/title>\n<meta name=\"robots\" content=\"index, follow, max-snippet:-1, max-image-preview:large, max-video-preview:-1\" \/>\n<link rel=\"canonical\" href=\"https:\/\/www.policlinicogemelli.it\/en\/news-events\/filippo-crea-primo-italiano-direttore-dello-european-heart-journal\/\" \/>\n<meta property=\"og:locale\" content=\"en_US\" \/>\n<meta property=\"og:type\" content=\"article\" \/>\n<meta property=\"og:title\" content=\"Filippo Crea primo italiano Direttore dello European Heart Journal - Policlinico Universitario A. Gemelli IRCCS\" \/>\n<meta property=\"og:description\" content=\"\u00c8&nbsp; italiano il nuovo Direttore dello European Heart Journal: Filippo Crea, professore Ordinario di Cardiologia e Direttore del Dipartimento Universitario di Scienze Cardiovascolari e Pneumologiche all\u2019Universit\u00e0 Cattolica del Sacro Cuore, campus di Roma, nonch\u00e9 Direttore dell\u2019UOC di Cardiologia della Fondazione Policlinico Universitario Agostino Gemelli IRCCS. La notizia \u00e8 stata resa pubblica in occasione del congresso [&hellip;]\" \/>\n<meta property=\"og:url\" content=\"https:\/\/www.policlinicogemelli.it\/en\/news-events\/filippo-crea-primo-italiano-direttore-dello-european-heart-journal\/\" \/>\n<meta property=\"og:site_name\" content=\"Policlinico Universitario Agostino Gemelli IRCCS\" \/>\n<meta property=\"article:modified_time\" content=\"2020-11-13T09:46:57+00:00\" \/>\n<meta property=\"og:image\" content=\"https:\/\/www.policlinicogemelli.it\/wp-content\/uploads\/2020\/08\/ESCARDIO.png\" \/>\n\t<meta property=\"og:image:width\" content=\"375\" \/>\n\t<meta property=\"og:image:height\" content=\"135\" \/>\n\t<meta property=\"og:image:type\" content=\"image\/png\" \/>\n<meta name=\"twitter:card\" content=\"summary_large_image\" \/>\n<meta name=\"twitter:label1\" content=\"Est. reading time\" \/>\n\t<meta name=\"twitter:data1\" content=\"2 minutes\" \/>\n<script type=\"application\/ld+json\" class=\"yoast-schema-graph\">{\"@context\":\"https:\\\/\\\/schema.org\",\"@graph\":[{\"@type\":\"WebPage\",\"@id\":\"https:\\\/\\\/www.policlinicogemelli.it\\\/en\\\/news-events\\\/filippo-crea-primo-italiano-direttore-dello-european-heart-journal\\\/\",\"url\":\"https:\\\/\\\/www.policlinicogemelli.it\\\/en\\\/news-events\\\/filippo-crea-primo-italiano-direttore-dello-european-heart-journal\\\/\",\"name\":\"Filippo Crea primo italiano Direttore dello European Heart Journal - Policlinico Universitario A. Gemelli IRCCS\",\"isPartOf\":{\"@id\":\"https:\\\/\\\/www.policlinicogemelli.it\\\/en\\\/#website\"},\"primaryImageOfPage\":{\"@id\":\"https:\\\/\\\/www.policlinicogemelli.it\\\/en\\\/news-events\\\/filippo-crea-primo-italiano-direttore-dello-european-heart-journal\\\/#primaryimage\"},\"image\":{\"@id\":\"https:\\\/\\\/www.policlinicogemelli.it\\\/en\\\/news-events\\\/filippo-crea-primo-italiano-direttore-dello-european-heart-journal\\\/#primaryimage\"},\"thumbnailUrl\":\"https:\\\/\\\/www.policlinicogemelli.it\\\/wp-content\\\/uploads\\\/2020\\\/08\\\/ESCARDIO.png\",\"datePublished\":\"2020-08-31T12:14:52+00:00\",\"dateModified\":\"2020-11-13T09:46:57+00:00\",\"breadcrumb\":{\"@id\":\"https:\\\/\\\/www.policlinicogemelli.it\\\/en\\\/news-events\\\/filippo-crea-primo-italiano-direttore-dello-european-heart-journal\\\/#breadcrumb\"},\"inLanguage\":\"en-US\",\"potentialAction\":[{\"@type\":\"ReadAction\",\"target\":[\"https:\\\/\\\/www.policlinicogemelli.it\\\/en\\\/news-events\\\/filippo-crea-primo-italiano-direttore-dello-european-heart-journal\\\/\"]}]},{\"@type\":\"ImageObject\",\"inLanguage\":\"en-US\",\"@id\":\"https:\\\/\\\/www.policlinicogemelli.it\\\/en\\\/news-events\\\/filippo-crea-primo-italiano-direttore-dello-european-heart-journal\\\/#primaryimage\",\"url\":\"https:\\\/\\\/www.policlinicogemelli.it\\\/wp-content\\\/uploads\\\/2020\\\/08\\\/ESCARDIO.png\",\"contentUrl\":\"https:\\\/\\\/www.policlinicogemelli.it\\\/wp-content\\\/uploads\\\/2020\\\/08\\\/ESCARDIO.png\",\"width\":375,\"height\":135},{\"@type\":\"BreadcrumbList\",\"@id\":\"https:\\\/\\\/www.policlinicogemelli.it\\\/en\\\/news-events\\\/filippo-crea-primo-italiano-direttore-dello-european-heart-journal\\\/#breadcrumb\",\"itemListElement\":[{\"@type\":\"ListItem\",\"position\":1,\"name\":\"Home\",\"item\":\"https:\\\/\\\/www.policlinicogemelli.it\\\/en\\\/\"},{\"@type\":\"ListItem\",\"position\":2,\"name\":\"News and Events\",\"item\":\"https:\\\/\\\/www.policlinicogemelli.it\\\/en\\\/news-events\\\/\"},{\"@type\":\"ListItem\",\"position\":3,\"name\":\"Filippo Crea primo italiano Direttore dello European Heart Journal\"}]},{\"@type\":\"WebSite\",\"@id\":\"https:\\\/\\\/www.policlinicogemelli.it\\\/en\\\/#website\",\"url\":\"https:\\\/\\\/www.policlinicogemelli.it\\\/en\\\/\",\"name\":\"Policlinico Universitario Agostino Gemelli IRCCS\",\"description\":\"Policlinico Universitario Agostino Gemelli IRCCS\",\"publisher\":{\"@id\":\"https:\\\/\\\/www.policlinicogemelli.it\\\/en\\\/#organization\"},\"potentialAction\":[{\"@type\":\"SearchAction\",\"target\":{\"@type\":\"EntryPoint\",\"urlTemplate\":\"https:\\\/\\\/www.policlinicogemelli.it\\\/en\\\/?s={search_term_string}\"},\"query-input\":{\"@type\":\"PropertyValueSpecification\",\"valueRequired\":true,\"valueName\":\"search_term_string\"}}],\"inLanguage\":\"en-US\"},{\"@type\":\"Organization\",\"@id\":\"https:\\\/\\\/www.policlinicogemelli.it\\\/en\\\/#organization\",\"name\":\"Policlinico Universitario Agostino Gemelli IRCCS\",\"url\":\"https:\\\/\\\/www.policlinicogemelli.it\\\/en\\\/\",\"logo\":{\"@type\":\"ImageObject\",\"inLanguage\":\"en-US\",\"@id\":\"https:\\\/\\\/www.policlinicogemelli.it\\\/en\\\/#\\\/schema\\\/logo\\\/image\\\/\",\"url\":\"https:\\\/\\\/www.policlinicogemelli.it\\\/wp-content\\\/uploads\\\/2019\\\/02\\\/logo-policlinico-gemelli-250-trasp-color-1.png\",\"contentUrl\":\"https:\\\/\\\/www.policlinicogemelli.it\\\/wp-content\\\/uploads\\\/2019\\\/02\\\/logo-policlinico-gemelli-250-trasp-color-1.png\",\"width\":250,\"height\":82,\"caption\":\"Policlinico Universitario Agostino Gemelli IRCCS\"},\"image\":{\"@id\":\"https:\\\/\\\/www.policlinicogemelli.it\\\/en\\\/#\\\/schema\\\/logo\\\/image\\\/\"}}]}<\/script>\n<!-- \/ Yoast SEO plugin. -->","yoast_head_json":{"title":"Filippo Crea primo italiano Direttore dello European Heart Journal - Policlinico Universitario A. Gemelli IRCCS","robots":{"index":"index","follow":"follow","max-snippet":"max-snippet:-1","max-image-preview":"max-image-preview:large","max-video-preview":"max-video-preview:-1"},"canonical":"https:\/\/www.policlinicogemelli.it\/en\/news-events\/filippo-crea-primo-italiano-direttore-dello-european-heart-journal\/","og_locale":"en_US","og_type":"article","og_title":"Filippo Crea primo italiano Direttore dello European Heart Journal - Policlinico Universitario A. Gemelli IRCCS","og_description":"\u00c8&nbsp; italiano il nuovo Direttore dello European Heart Journal: Filippo Crea, professore Ordinario di Cardiologia e Direttore del Dipartimento Universitario di Scienze Cardiovascolari e Pneumologiche all\u2019Universit\u00e0 Cattolica del Sacro Cuore, campus di Roma, nonch\u00e9 Direttore dell\u2019UOC di Cardiologia della Fondazione Policlinico Universitario Agostino Gemelli IRCCS. La notizia \u00e8 stata resa pubblica in occasione del congresso [&hellip;]","og_url":"https:\/\/www.policlinicogemelli.it\/en\/news-events\/filippo-crea-primo-italiano-direttore-dello-european-heart-journal\/","og_site_name":"Policlinico Universitario Agostino Gemelli IRCCS","article_modified_time":"2020-11-13T09:46:57+00:00","og_image":[{"width":375,"height":135,"url":"https:\/\/www.policlinicogemelli.it\/wp-content\/uploads\/2020\/08\/ESCARDIO.png","type":"image\/png"}],"twitter_card":"summary_large_image","twitter_misc":{"Est. reading time":"2 minutes"},"schema":{"@context":"https:\/\/schema.org","@graph":[{"@type":"WebPage","@id":"https:\/\/www.policlinicogemelli.it\/en\/news-events\/filippo-crea-primo-italiano-direttore-dello-european-heart-journal\/","url":"https:\/\/www.policlinicogemelli.it\/en\/news-events\/filippo-crea-primo-italiano-direttore-dello-european-heart-journal\/","name":"Filippo Crea primo italiano Direttore dello European Heart Journal - Policlinico Universitario A. Gemelli IRCCS","isPartOf":{"@id":"https:\/\/www.policlinicogemelli.it\/en\/#website"},"primaryImageOfPage":{"@id":"https:\/\/www.policlinicogemelli.it\/en\/news-events\/filippo-crea-primo-italiano-direttore-dello-european-heart-journal\/#primaryimage"},"image":{"@id":"https:\/\/www.policlinicogemelli.it\/en\/news-events\/filippo-crea-primo-italiano-direttore-dello-european-heart-journal\/#primaryimage"},"thumbnailUrl":"https:\/\/www.policlinicogemelli.it\/wp-content\/uploads\/2020\/08\/ESCARDIO.png","datePublished":"2020-08-31T12:14:52+00:00","dateModified":"2020-11-13T09:46:57+00:00","breadcrumb":{"@id":"https:\/\/www.policlinicogemelli.it\/en\/news-events\/filippo-crea-primo-italiano-direttore-dello-european-heart-journal\/#breadcrumb"},"inLanguage":"en-US","potentialAction":[{"@type":"ReadAction","target":["https:\/\/www.policlinicogemelli.it\/en\/news-events\/filippo-crea-primo-italiano-direttore-dello-european-heart-journal\/"]}]},{"@type":"ImageObject","inLanguage":"en-US","@id":"https:\/\/www.policlinicogemelli.it\/en\/news-events\/filippo-crea-primo-italiano-direttore-dello-european-heart-journal\/#primaryimage","url":"https:\/\/www.policlinicogemelli.it\/wp-content\/uploads\/2020\/08\/ESCARDIO.png","contentUrl":"https:\/\/www.policlinicogemelli.it\/wp-content\/uploads\/2020\/08\/ESCARDIO.png","width":375,"height":135},{"@type":"BreadcrumbList","@id":"https:\/\/www.policlinicogemelli.it\/en\/news-events\/filippo-crea-primo-italiano-direttore-dello-european-heart-journal\/#breadcrumb","itemListElement":[{"@type":"ListItem","position":1,"name":"Home","item":"https:\/\/www.policlinicogemelli.it\/en\/"},{"@type":"ListItem","position":2,"name":"News and Events","item":"https:\/\/www.policlinicogemelli.it\/en\/news-events\/"},{"@type":"ListItem","position":3,"name":"Filippo Crea primo italiano Direttore dello European Heart Journal"}]},{"@type":"WebSite","@id":"https:\/\/www.policlinicogemelli.it\/en\/#website","url":"https:\/\/www.policlinicogemelli.it\/en\/","name":"Policlinico Universitario Agostino Gemelli IRCCS","description":"Policlinico Universitario Agostino Gemelli IRCCS","publisher":{"@id":"https:\/\/www.policlinicogemelli.it\/en\/#organization"},"potentialAction":[{"@type":"SearchAction","target":{"@type":"EntryPoint","urlTemplate":"https:\/\/www.policlinicogemelli.it\/en\/?s={search_term_string}"},"query-input":{"@type":"PropertyValueSpecification","valueRequired":true,"valueName":"search_term_string"}}],"inLanguage":"en-US"},{"@type":"Organization","@id":"https:\/\/www.policlinicogemelli.it\/en\/#organization","name":"Policlinico Universitario Agostino Gemelli IRCCS","url":"https:\/\/www.policlinicogemelli.it\/en\/","logo":{"@type":"ImageObject","inLanguage":"en-US","@id":"https:\/\/www.policlinicogemelli.it\/en\/#\/schema\/logo\/image\/","url":"https:\/\/www.policlinicogemelli.it\/wp-content\/uploads\/2019\/02\/logo-policlinico-gemelli-250-trasp-color-1.png","contentUrl":"https:\/\/www.policlinicogemelli.it\/wp-content\/uploads\/2019\/02\/logo-policlinico-gemelli-250-trasp-color-1.png","width":250,"height":82,"caption":"Policlinico Universitario Agostino Gemelli IRCCS"},"image":{"@id":"https:\/\/www.policlinicogemelli.it\/en\/#\/schema\/logo\/image\/"}}]}},"rest_api_enabler":[],"_links":{"self":[{"href":"https:\/\/www.policlinicogemelli.it\/en\/wp-json\/wp\/v2\/news\/30500","targetHints":{"allow":["GET"]}}],"collection":[{"href":"https:\/\/www.policlinicogemelli.it\/en\/wp-json\/wp\/v2\/news"}],"about":[{"href":"https:\/\/www.policlinicogemelli.it\/en\/wp-json\/wp\/v2\/types\/kf_gem_news"}],"version-history":[{"count":0,"href":"https:\/\/www.policlinicogemelli.it\/en\/wp-json\/wp\/v2\/news\/30500\/revisions"}],"wp:featuredmedia":[{"embeddable":true,"href":"https:\/\/www.policlinicogemelli.it\/en\/wp-json\/wp\/v2\/media\/30513"}],"wp:attachment":[{"href":"https:\/\/www.policlinicogemelli.it\/en\/wp-json\/wp\/v2\/media?parent=30500"}],"wp:term":[{"taxonomy":"kf_gem_newscat","embeddable":true,"href":"https:\/\/www.policlinicogemelli.it\/en\/wp-json\/wp\/v2\/categorie?post=30500"}],"curies":[{"name":"wp","href":"https:\/\/api.w.org\/{rel}","templated":true}]}}