{"id":30029,"date":"2020-07-20T06:55:35","date_gmt":"2020-07-20T06:55:35","guid":{"rendered":"https:\/\/www.policlinicogemelli.it\/?post_type=kf_gem_news&#038;p=30029"},"modified":"2020-07-20T07:04:04","modified_gmt":"2020-07-20T07:04:04","slug":"onorificenza-pontificia-al-professor-pontecorvi-segno-di-gratitudine","status":"publish","type":"kf_gem_news","link":"https:\/\/www.policlinicogemelli.it\/en\/news-events\/onorificenza-pontificia-al-professor-pontecorvi-segno-di-gratitudine\/","title":{"rendered":"Onorificenza Pontificia al Professor Pontecorvi. Segno di gratitudine"},"content":{"rendered":"\n<p>Dopo cinque anni di servizio come direttore della Direzione di Sanit\u00e0 ed Igiene del Governatorato dello Stato della Citt\u00e0 del Vaticano, Alfredo Pontecorvi, dal 1\u00b0 agosto, torna a tempo pieno a svolgere attivit\u00e0 clinica come professore ordinario di Endocrinologia e direttore della Scuola di specializzazione in endocrinologia e malattie del metabolismo del Policlinico universitario Agostino Gemelli, Universit\u00e0 Cattolica del Sacro Cuore di Roma. In segno di gratitudine per i servizi svolti, Papa Francesco lo ha insignito dell\u2019onorificenza di Cavaliere dell\u2019Ordine piano. E\u2019 stato il cardinale Giuseppe Bertello, presidente del Governatorato dello Stato della Citt\u00e0 del Vaticano, a consegnargli il riconoscimento venerd\u00ec mattina, 17 luglio, nel Palazzo del Governatorato. Il porporato lo ha ringraziato per il lavoro svolto in questi cinque anni e ha ricordato i vari progetti da lui realizzati, tra i quali il nuovo servizio di fisioterapia, l\u2019accompagnamento per le persone vittime di abusi, il servizio medico attivato presso la Pontificia universit\u00e0 Lateranense. A sua volta Pontecorvi, dopo aver ringraziato il Papa e il Governatorato per i cinque anni trascorsi alla Direzione di Sanit\u00e0 ed Igiene, ha fatto riferimento all\u2019emergenza per il Covid-19, sottolineando le modalit\u00e0 con cui \u00e8 stata affrontata in Vaticano, dove i casi registrati dall\u2019inizio della pandemia sono stati limitati. Tra i presenti alla cerimonia, il vescovo Fernando V\u00e9rgez Alzaga, segretario generale del Governatorato, l\u2019arcivescovo Marcelo S\u00e0nchez Sorondo, i monsignori Luigi Mist\u00f2, F\u00e0bian Pedacchio Leaniz e Yoannis Lahzi Gaid. <\/p>\n\n\n\n<p><strong><a href=\"\/wp-content\/uploads\/2020\/07\/articolo_pontecorvi_ossromano.pdf\" target=\"_blank\" rel=\"noreferrer noopener\" aria-label=\"Articolo L'Osservatore Romano (opens in a new tab)\">Articolo L&#8217;Osservatore Romano<\/a><\/strong><\/p>\n\n\n\n<figure class=\"wp-block-image size-large\"><img loading=\"lazy\" decoding=\"async\" width=\"1024\" height=\"683\" src=\"https:\/\/www.policlinicogemelli.it\/wp-content\/uploads\/2020\/07\/Professor-Alfredo-Pontecorvi-1024x683.jpg\" alt=\"\" class=\"wp-image-30031\" srcset=\"https:\/\/www.policlinicogemelli.it\/wp-content\/uploads\/2020\/07\/Professor-Alfredo-Pontecorvi-1024x683.jpg 1024w, https:\/\/www.policlinicogemelli.it\/wp-content\/uploads\/2020\/07\/Professor-Alfredo-Pontecorvi-300x200.jpg 300w, https:\/\/www.policlinicogemelli.it\/wp-content\/uploads\/2020\/07\/Professor-Alfredo-Pontecorvi-768x512.jpg 768w, https:\/\/www.policlinicogemelli.it\/wp-content\/uploads\/2020\/07\/Professor-Alfredo-Pontecorvi-1536x1024.jpg 1536w, https:\/\/www.policlinicogemelli.it\/wp-content\/uploads\/2020\/07\/Professor-Alfredo-Pontecorvi-2048x1365.jpg 2048w, https:\/\/www.policlinicogemelli.it\/wp-content\/uploads\/2020\/07\/Professor-Alfredo-Pontecorvi-743x495.jpg 743w, https:\/\/www.policlinicogemelli.it\/wp-content\/uploads\/2020\/07\/Professor-Alfredo-Pontecorvi-308x205.jpg 308w, https:\/\/www.policlinicogemelli.it\/wp-content\/uploads\/2020\/07\/Professor-Alfredo-Pontecorvi-600x400.jpg 600w, https:\/\/www.policlinicogemelli.it\/wp-content\/uploads\/2020\/07\/Professor-Alfredo-Pontecorvi-400x267.jpg 400w\" sizes=\"auto, (max-width: 1024px) 100vw, 1024px\" \/><figcaption>Professor Alfredo Pontecorvi<\/figcaption><\/figure>\n","protected":false},"excerpt":{"rendered":"<p>Dopo cinque anni di servizio come direttore della Direzione di Sanit\u00e0 ed Igiene del Governatorato dello Stato della Citt\u00e0 del Vaticano, Alfredo Pontecorvi, dal 1\u00b0 agosto, torna a tempo pieno a svolgere attivit\u00e0 clinica come professore ordinario di Endocrinologia e direttore della Scuola di specializzazione in endocrinologia e malattie del metabolismo del Policlinico universitario Agostino [&hellip;]<\/p>\n","protected":false},"featured_media":30034,"template":"","categorie":[96],"class_list":{"0":"post-30029","1":"kf_gem_news","2":"type-kf_gem_news","3":"status-publish","4":"has-post-thumbnail","6":"kf_gem_newscat-institutional-information","7":"entry"},"acf":[],"yoast_head":"<!-- This site is optimized with the Yoast SEO plugin v27.5 - https:\/\/yoast.com\/product\/yoast-seo-wordpress\/ -->\n<title>Onorificenza Pontificia al Professor Pontecorvi. Segno di gratitudine - Policlinico Universitario A. Gemelli IRCCS<\/title>\n<meta name=\"robots\" content=\"index, follow, max-snippet:-1, max-image-preview:large, max-video-preview:-1\" \/>\n<link rel=\"canonical\" href=\"https:\/\/www.policlinicogemelli.it\/en\/news-events\/onorificenza-pontificia-al-professor-pontecorvi-segno-di-gratitudine\/\" \/>\n<meta property=\"og:locale\" content=\"en_US\" \/>\n<meta property=\"og:type\" content=\"article\" \/>\n<meta property=\"og:title\" content=\"Onorificenza Pontificia al Professor Pontecorvi. Segno di gratitudine - Policlinico Universitario A. Gemelli IRCCS\" \/>\n<meta property=\"og:description\" content=\"Dopo cinque anni di servizio come direttore della Direzione di Sanit\u00e0 ed Igiene del Governatorato dello Stato della Citt\u00e0 del Vaticano, Alfredo Pontecorvi, dal 1\u00b0 agosto, torna a tempo pieno a svolgere attivit\u00e0 clinica come professore ordinario di Endocrinologia e direttore della Scuola di specializzazione in endocrinologia e malattie del metabolismo del Policlinico universitario Agostino [&hellip;]\" \/>\n<meta property=\"og:url\" content=\"https:\/\/www.policlinicogemelli.it\/en\/news-events\/onorificenza-pontificia-al-professor-pontecorvi-segno-di-gratitudine\/\" \/>\n<meta property=\"og:site_name\" content=\"Policlinico Universitario Agostino Gemelli IRCCS\" \/>\n<meta property=\"article:modified_time\" content=\"2020-07-20T07:04:04+00:00\" \/>\n<meta property=\"og:image\" content=\"https:\/\/www.policlinicogemelli.it\/wp-content\/uploads\/2020\/07\/stemma-vaticano.png\" \/>\n\t<meta property=\"og:image:width\" content=\"430\" \/>\n\t<meta property=\"og:image:height\" content=\"117\" \/>\n\t<meta property=\"og:image:type\" content=\"image\/png\" \/>\n<meta name=\"twitter:card\" content=\"summary_large_image\" \/>\n<meta name=\"twitter:label1\" content=\"Est. reading time\" \/>\n\t<meta name=\"twitter:data1\" content=\"1 minute\" \/>\n<script type=\"application\/ld+json\" class=\"yoast-schema-graph\">{\"@context\":\"https:\\\/\\\/schema.org\",\"@graph\":[{\"@type\":\"WebPage\",\"@id\":\"https:\\\/\\\/www.policlinicogemelli.it\\\/en\\\/news-events\\\/onorificenza-pontificia-al-professor-pontecorvi-segno-di-gratitudine\\\/\",\"url\":\"https:\\\/\\\/www.policlinicogemelli.it\\\/en\\\/news-events\\\/onorificenza-pontificia-al-professor-pontecorvi-segno-di-gratitudine\\\/\",\"name\":\"Onorificenza Pontificia al Professor Pontecorvi. Segno di gratitudine - Policlinico Universitario A. Gemelli IRCCS\",\"isPartOf\":{\"@id\":\"https:\\\/\\\/www.policlinicogemelli.it\\\/en\\\/#website\"},\"primaryImageOfPage\":{\"@id\":\"https:\\\/\\\/www.policlinicogemelli.it\\\/en\\\/news-events\\\/onorificenza-pontificia-al-professor-pontecorvi-segno-di-gratitudine\\\/#primaryimage\"},\"image\":{\"@id\":\"https:\\\/\\\/www.policlinicogemelli.it\\\/en\\\/news-events\\\/onorificenza-pontificia-al-professor-pontecorvi-segno-di-gratitudine\\\/#primaryimage\"},\"thumbnailUrl\":\"https:\\\/\\\/www.policlinicogemelli.it\\\/wp-content\\\/uploads\\\/2020\\\/07\\\/stemma-vaticano.png\",\"datePublished\":\"2020-07-20T06:55:35+00:00\",\"dateModified\":\"2020-07-20T07:04:04+00:00\",\"breadcrumb\":{\"@id\":\"https:\\\/\\\/www.policlinicogemelli.it\\\/en\\\/news-events\\\/onorificenza-pontificia-al-professor-pontecorvi-segno-di-gratitudine\\\/#breadcrumb\"},\"inLanguage\":\"en-US\",\"potentialAction\":[{\"@type\":\"ReadAction\",\"target\":[\"https:\\\/\\\/www.policlinicogemelli.it\\\/en\\\/news-events\\\/onorificenza-pontificia-al-professor-pontecorvi-segno-di-gratitudine\\\/\"]}]},{\"@type\":\"ImageObject\",\"inLanguage\":\"en-US\",\"@id\":\"https:\\\/\\\/www.policlinicogemelli.it\\\/en\\\/news-events\\\/onorificenza-pontificia-al-professor-pontecorvi-segno-di-gratitudine\\\/#primaryimage\",\"url\":\"https:\\\/\\\/www.policlinicogemelli.it\\\/wp-content\\\/uploads\\\/2020\\\/07\\\/stemma-vaticano.png\",\"contentUrl\":\"https:\\\/\\\/www.policlinicogemelli.it\\\/wp-content\\\/uploads\\\/2020\\\/07\\\/stemma-vaticano.png\",\"width\":430,\"height\":117},{\"@type\":\"BreadcrumbList\",\"@id\":\"https:\\\/\\\/www.policlinicogemelli.it\\\/en\\\/news-events\\\/onorificenza-pontificia-al-professor-pontecorvi-segno-di-gratitudine\\\/#breadcrumb\",\"itemListElement\":[{\"@type\":\"ListItem\",\"position\":1,\"name\":\"Home\",\"item\":\"https:\\\/\\\/www.policlinicogemelli.it\\\/en\\\/\"},{\"@type\":\"ListItem\",\"position\":2,\"name\":\"News and Events\",\"item\":\"https:\\\/\\\/www.policlinicogemelli.it\\\/en\\\/news-events\\\/\"},{\"@type\":\"ListItem\",\"position\":3,\"name\":\"Onorificenza Pontificia al Professor Pontecorvi. Segno di gratitudine\"}]},{\"@type\":\"WebSite\",\"@id\":\"https:\\\/\\\/www.policlinicogemelli.it\\\/en\\\/#website\",\"url\":\"https:\\\/\\\/www.policlinicogemelli.it\\\/en\\\/\",\"name\":\"Policlinico Universitario Agostino Gemelli IRCCS\",\"description\":\"Policlinico Universitario Agostino Gemelli IRCCS\",\"publisher\":{\"@id\":\"https:\\\/\\\/www.policlinicogemelli.it\\\/en\\\/#organization\"},\"potentialAction\":[{\"@type\":\"SearchAction\",\"target\":{\"@type\":\"EntryPoint\",\"urlTemplate\":\"https:\\\/\\\/www.policlinicogemelli.it\\\/en\\\/?s={search_term_string}\"},\"query-input\":{\"@type\":\"PropertyValueSpecification\",\"valueRequired\":true,\"valueName\":\"search_term_string\"}}],\"inLanguage\":\"en-US\"},{\"@type\":\"Organization\",\"@id\":\"https:\\\/\\\/www.policlinicogemelli.it\\\/en\\\/#organization\",\"name\":\"Policlinico Universitario Agostino Gemelli IRCCS\",\"url\":\"https:\\\/\\\/www.policlinicogemelli.it\\\/en\\\/\",\"logo\":{\"@type\":\"ImageObject\",\"inLanguage\":\"en-US\",\"@id\":\"https:\\\/\\\/www.policlinicogemelli.it\\\/en\\\/#\\\/schema\\\/logo\\\/image\\\/\",\"url\":\"https:\\\/\\\/www.policlinicogemelli.it\\\/wp-content\\\/uploads\\\/2019\\\/02\\\/logo-policlinico-gemelli-250-trasp-color-1.png\",\"contentUrl\":\"https:\\\/\\\/www.policlinicogemelli.it\\\/wp-content\\\/uploads\\\/2019\\\/02\\\/logo-policlinico-gemelli-250-trasp-color-1.png\",\"width\":250,\"height\":82,\"caption\":\"Policlinico Universitario Agostino Gemelli IRCCS\"},\"image\":{\"@id\":\"https:\\\/\\\/www.policlinicogemelli.it\\\/en\\\/#\\\/schema\\\/logo\\\/image\\\/\"}}]}<\/script>\n<!-- \/ Yoast SEO plugin. -->","yoast_head_json":{"title":"Onorificenza Pontificia al Professor Pontecorvi. Segno di gratitudine - Policlinico Universitario A. Gemelli IRCCS","robots":{"index":"index","follow":"follow","max-snippet":"max-snippet:-1","max-image-preview":"max-image-preview:large","max-video-preview":"max-video-preview:-1"},"canonical":"https:\/\/www.policlinicogemelli.it\/en\/news-events\/onorificenza-pontificia-al-professor-pontecorvi-segno-di-gratitudine\/","og_locale":"en_US","og_type":"article","og_title":"Onorificenza Pontificia al Professor Pontecorvi. Segno di gratitudine - Policlinico Universitario A. Gemelli IRCCS","og_description":"Dopo cinque anni di servizio come direttore della Direzione di Sanit\u00e0 ed Igiene del Governatorato dello Stato della Citt\u00e0 del Vaticano, Alfredo Pontecorvi, dal 1\u00b0 agosto, torna a tempo pieno a svolgere attivit\u00e0 clinica come professore ordinario di Endocrinologia e direttore della Scuola di specializzazione in endocrinologia e malattie del metabolismo del Policlinico universitario Agostino [&hellip;]","og_url":"https:\/\/www.policlinicogemelli.it\/en\/news-events\/onorificenza-pontificia-al-professor-pontecorvi-segno-di-gratitudine\/","og_site_name":"Policlinico Universitario Agostino Gemelli IRCCS","article_modified_time":"2020-07-20T07:04:04+00:00","og_image":[{"width":430,"height":117,"url":"https:\/\/www.policlinicogemelli.it\/wp-content\/uploads\/2020\/07\/stemma-vaticano.png","type":"image\/png"}],"twitter_card":"summary_large_image","twitter_misc":{"Est. reading time":"1 minute"},"schema":{"@context":"https:\/\/schema.org","@graph":[{"@type":"WebPage","@id":"https:\/\/www.policlinicogemelli.it\/en\/news-events\/onorificenza-pontificia-al-professor-pontecorvi-segno-di-gratitudine\/","url":"https:\/\/www.policlinicogemelli.it\/en\/news-events\/onorificenza-pontificia-al-professor-pontecorvi-segno-di-gratitudine\/","name":"Onorificenza Pontificia al Professor Pontecorvi. Segno di gratitudine - Policlinico Universitario A. Gemelli IRCCS","isPartOf":{"@id":"https:\/\/www.policlinicogemelli.it\/en\/#website"},"primaryImageOfPage":{"@id":"https:\/\/www.policlinicogemelli.it\/en\/news-events\/onorificenza-pontificia-al-professor-pontecorvi-segno-di-gratitudine\/#primaryimage"},"image":{"@id":"https:\/\/www.policlinicogemelli.it\/en\/news-events\/onorificenza-pontificia-al-professor-pontecorvi-segno-di-gratitudine\/#primaryimage"},"thumbnailUrl":"https:\/\/www.policlinicogemelli.it\/wp-content\/uploads\/2020\/07\/stemma-vaticano.png","datePublished":"2020-07-20T06:55:35+00:00","dateModified":"2020-07-20T07:04:04+00:00","breadcrumb":{"@id":"https:\/\/www.policlinicogemelli.it\/en\/news-events\/onorificenza-pontificia-al-professor-pontecorvi-segno-di-gratitudine\/#breadcrumb"},"inLanguage":"en-US","potentialAction":[{"@type":"ReadAction","target":["https:\/\/www.policlinicogemelli.it\/en\/news-events\/onorificenza-pontificia-al-professor-pontecorvi-segno-di-gratitudine\/"]}]},{"@type":"ImageObject","inLanguage":"en-US","@id":"https:\/\/www.policlinicogemelli.it\/en\/news-events\/onorificenza-pontificia-al-professor-pontecorvi-segno-di-gratitudine\/#primaryimage","url":"https:\/\/www.policlinicogemelli.it\/wp-content\/uploads\/2020\/07\/stemma-vaticano.png","contentUrl":"https:\/\/www.policlinicogemelli.it\/wp-content\/uploads\/2020\/07\/stemma-vaticano.png","width":430,"height":117},{"@type":"BreadcrumbList","@id":"https:\/\/www.policlinicogemelli.it\/en\/news-events\/onorificenza-pontificia-al-professor-pontecorvi-segno-di-gratitudine\/#breadcrumb","itemListElement":[{"@type":"ListItem","position":1,"name":"Home","item":"https:\/\/www.policlinicogemelli.it\/en\/"},{"@type":"ListItem","position":2,"name":"News and Events","item":"https:\/\/www.policlinicogemelli.it\/en\/news-events\/"},{"@type":"ListItem","position":3,"name":"Onorificenza Pontificia al Professor Pontecorvi. Segno di gratitudine"}]},{"@type":"WebSite","@id":"https:\/\/www.policlinicogemelli.it\/en\/#website","url":"https:\/\/www.policlinicogemelli.it\/en\/","name":"Policlinico Universitario Agostino Gemelli IRCCS","description":"Policlinico Universitario Agostino Gemelli IRCCS","publisher":{"@id":"https:\/\/www.policlinicogemelli.it\/en\/#organization"},"potentialAction":[{"@type":"SearchAction","target":{"@type":"EntryPoint","urlTemplate":"https:\/\/www.policlinicogemelli.it\/en\/?s={search_term_string}"},"query-input":{"@type":"PropertyValueSpecification","valueRequired":true,"valueName":"search_term_string"}}],"inLanguage":"en-US"},{"@type":"Organization","@id":"https:\/\/www.policlinicogemelli.it\/en\/#organization","name":"Policlinico Universitario Agostino Gemelli IRCCS","url":"https:\/\/www.policlinicogemelli.it\/en\/","logo":{"@type":"ImageObject","inLanguage":"en-US","@id":"https:\/\/www.policlinicogemelli.it\/en\/#\/schema\/logo\/image\/","url":"https:\/\/www.policlinicogemelli.it\/wp-content\/uploads\/2019\/02\/logo-policlinico-gemelli-250-trasp-color-1.png","contentUrl":"https:\/\/www.policlinicogemelli.it\/wp-content\/uploads\/2019\/02\/logo-policlinico-gemelli-250-trasp-color-1.png","width":250,"height":82,"caption":"Policlinico Universitario Agostino Gemelli IRCCS"},"image":{"@id":"https:\/\/www.policlinicogemelli.it\/en\/#\/schema\/logo\/image\/"}}]}},"rest_api_enabler":[],"_links":{"self":[{"href":"https:\/\/www.policlinicogemelli.it\/en\/wp-json\/wp\/v2\/news\/30029","targetHints":{"allow":["GET"]}}],"collection":[{"href":"https:\/\/www.policlinicogemelli.it\/en\/wp-json\/wp\/v2\/news"}],"about":[{"href":"https:\/\/www.policlinicogemelli.it\/en\/wp-json\/wp\/v2\/types\/kf_gem_news"}],"version-history":[{"count":0,"href":"https:\/\/www.policlinicogemelli.it\/en\/wp-json\/wp\/v2\/news\/30029\/revisions"}],"wp:featuredmedia":[{"embeddable":true,"href":"https:\/\/www.policlinicogemelli.it\/en\/wp-json\/wp\/v2\/media\/30034"}],"wp:attachment":[{"href":"https:\/\/www.policlinicogemelli.it\/en\/wp-json\/wp\/v2\/media?parent=30029"}],"wp:term":[{"taxonomy":"kf_gem_newscat","embeddable":true,"href":"https:\/\/www.policlinicogemelli.it\/en\/wp-json\/wp\/v2\/categorie?post=30029"}],"curies":[{"name":"wp","href":"https:\/\/api.w.org\/{rel}","templated":true}]}}