{"id":27696,"date":"2020-04-29T18:48:41","date_gmt":"2020-04-29T18:48:41","guid":{"rendered":"https:\/\/www.policlinicogemelli.it\/news-eventi\/oncologia-del-gemelli-mai-chiusa-per-covid-lavorare-in-sicurezza-e-possibile\/"},"modified":"2020-04-30T10:00:50","modified_gmt":"2020-04-30T10:00:50","slug":"oncologia-del-gemelli-mai-chiusa-per-covid-lavorare-in-sicurezza-e-possibile","status":"publish","type":"kf_gem_news","link":"https:\/\/www.policlinicogemelli.it\/en\/news-events\/oncologia-del-gemelli-mai-chiusa-per-covid-lavorare-in-sicurezza-e-possibile\/","title":{"rendered":"Oncologia del Gemelli: mai \u2018chiusa per COVID\u2019. Lavorare in sicurezza \u00e8 possibile"},"content":{"rendered":"\n<p>La pandemia di COVID-19 ha provocato l\u2019interruzione di una serie di servizi sanitari e il rallentamento sostanziale di molti altri. Ma non stato cos\u00ec per l\u2019oncologia del Policlinico Universitario A. Gemelli IRCCS. <\/p>\n\n\n\n<p>A distanza di due mesi dall&#8217;inizio dell\u2019emergenza COVID e in vista della fase 2 con le relative riaperture graduali, previste a partire dalla prossima settimana per l\u2019Oncologia del Gemelli \u00e8 tempo di bilanci.<\/p>\n\n\n\n<p>\u201cCon l\u2019esperienza degli ultimi due mesi \u2013 commenta il professor <strong>Giampaolo Tortora<\/strong>, Ordinario di Oncologia Medica all\u2019Universit\u00e0 Cattolica del Sacro Cuore, Direttore della UOC di Oncologia Medica e Direttore del Comprehensive Cancer Center della Fondazione Policlinico Universitario Agostino Gemelli IRCCS \u2013 possiamo affermare di essere riusciti a lavorare senza flessioni e senza danni, n\u00e9 per i pazienti, n\u00e9 per il personale sanitario. In questo difficile periodo, chi ha continuato a venire da noi, non ha subito conseguenze relative al COVID. Abbiamo lavorato in totale sicurezza e la fiducia che i pazienti hanno riposto in noi \u00e8 stata ripagata nei fatti\u201d.<\/p>\n\n\n\n<figure class=\"wp-block-image size-large\"><img loading=\"lazy\" decoding=\"async\" width=\"1024\" height=\"798\" src=\"https:\/\/www.policlinicogemelli.it\/wp-content\/uploads\/2020\/04\/Tortora-scrivania-1024x798.jpg\" alt=\"\" class=\"wp-image-27691\" srcset=\"https:\/\/www.policlinicogemelli.it\/wp-content\/uploads\/2020\/04\/Tortora-scrivania-1024x798.jpg 1024w, https:\/\/www.policlinicogemelli.it\/wp-content\/uploads\/2020\/04\/Tortora-scrivania-300x234.jpg 300w, https:\/\/www.policlinicogemelli.it\/wp-content\/uploads\/2020\/04\/Tortora-scrivania-768x599.jpg 768w, https:\/\/www.policlinicogemelli.it\/wp-content\/uploads\/2020\/04\/Tortora-scrivania-1536x1198.jpg 1536w, https:\/\/www.policlinicogemelli.it\/wp-content\/uploads\/2020\/04\/Tortora-scrivania-2048x1597.jpg 2048w, https:\/\/www.policlinicogemelli.it\/wp-content\/uploads\/2020\/04\/Tortora-scrivania-635x495.jpg 635w, https:\/\/www.policlinicogemelli.it\/wp-content\/uploads\/2020\/04\/Tortora-scrivania-263x205.jpg 263w, https:\/\/www.policlinicogemelli.it\/wp-content\/uploads\/2020\/04\/Tortora-scrivania-400x312.jpg 400w\" sizes=\"auto, (max-width: 1024px) 100vw, 1024px\" \/><figcaption>professor Giampaolo Tortora<\/figcaption><\/figure>\n\n\n\n<p>Il timore che\nuna popolazione di pazienti \u2018delicata\u2019 come quella oncologica potesse essere\nparticolarmente interessata dal COVID-19, almeno sulla carta c\u2019era. Soprattutto\nalla luce delle casistiche comunicate da alcuni ospedali del nord, al centro\ndella pandemia, che parlavano di percentuali vicino al 20% di pazienti\noncologici contagiati dal coronavirus.<\/p>\n\n\n\n<p>\u201cOgni centro\noncologico \u2013 commenta il professor Tortora &#8211; ha fatto la sua esperienza. Noi italiani\nnon possiamo certo confrontarci con gli Stati Uniti, dove la sanit\u00e0 \u00e8 in gran\nparte garantita da assicurazioni e dove, almeno all\u2019inizio, si pagavano anche i\ntamponi. Ma \u00e8 difficile anche fare il raffronto con molti centri europei, che\nhanno fatto scelte e intrapreso percorsi diversi dai nostri. In generale per\u00f2\ntutti pensavamo che i pazienti oncologici fossero pi\u00f9 suscettibili\nall\u2019infezione da coronavirus e dunque che nelle casistiche la loro presenza sarebbe\nstata importante. In Cina uno studio ha mostrato una prevalenza di pazienti\noncologici tra quelli contagiati da COVID-19 pari al doppio rispetto alla\npopolazione generale. L\u2019analisi retrospettiva fatta in alcuni centri italiani\nindicava tra i 710 deceduti per COVID una diagnosi di cancro attiva nel 17% dei\ncasi. Ma le esperienze variano per area. &nbsp;E le casistiche di Milano e la Lombardia\ninevitabilmente sono gravate dal fatto che quello \u00e8 stato l\u2019epicentro\ndell\u2019epidemia, quindi i loro numeri potrebbero essere diversi da quelli di\naltre Regioni italiane\u201d.<\/p>\n\n\n\n<p>Il Gemelli come\nvolumi \u00e8 uno dei pi\u00f9 grandi centri oncologici, forse il pi\u00f9 grande d\u2019Italia (lo\nscorso anno, il Cancer Center ha assistito oltre 50 mila pazienti). Al\u2019inizio dell\u2019emergenza\npoi, con la creazione del COVID Hospital della Columbus, il Gemelli si \u00e8\ntrovato impegnato in prima linea nella lotta alla pandemia del nuovo\ncoronavirus. \u201cLa coesistenza di elevati numeri di pazienti oncologici \u2013\nriflette il professor Tortora &#8211;&nbsp; e il\nfatto di essere stati un ospedale a forte valenza di contrasto dell\u2019emergenza\nCOVID, rappresentava una situazione potenzialmente rischiosa per la convivenza\ndi queste due popolazioni di pazienti\u201d.<\/p>\n\n\n\n<p>Il risultato positivo\nottenuto \u00e8 stato costruito su due pilastri fondamentali: il primo di carattere\norganizzativo, l\u2019altro probabilmente di natura biologica, sul quale sono\nattualmente in corso una serie di ricerche. <\/p>\n\n\n\n<p>\u201cSul fronte\norganizzativo \u2013 spiega il professor Tortora &#8211; la UOC di Oncologia Medica ha\ncontinuato a lavorare a pieno regime, sia per il Reparto di degenza ordinaria (che\n\u00e8 uno dei pochi in Italia a non aver chiuso), sia come Day hospital. A fronte\ndelle abituali 80 chemioterapie che somministriamo ogni giorno, oltre a tutte\nle visite oncologiche, abbiamo registrato una riduzione di appena 10-15 terapie\nal giorno, ma solo nelle due settimane del picco dell\u2019epidemia e solo perch\u00e9 i\npazienti avevano paura di venire in ospedale. Noi eravamo tutti qui e abbiamo\nsempre continuato a lavorare, senza riportare contagi neppure tra il personale che\n\u00e8 stato pi\u00f9 volte sottoposto a tamponi, risultati sempre negativi\u201d.<\/p>\n\n\n\n<p>Il bilancio di\nquesti ultimi due mesi vissuti in trincea dunque \u00e8 pi\u00f9 che positivo per\nl\u2019oncologia che ha continuato a lavorare mettendo in campo una serie di\nprecauzioni. \u201cDi certo \u2013 commenta il professor Tortora \u2013 ha molto aiutato il\nfatto di aver adottato da subito al Gemelli due percorsi paralleli, COVID e non\nCOVID; come anche il fatto di aver adottato immediatamente delle misure di\nprotezione: mascherine sia per il personale che per i pazienti; parenti tutti\nfuori da reparto e day hospital; un\u2019attivit\u00e0 di filtro con il reparto, dove i\npazienti venivano ricoverati solo se negativi al test rapido e ai tamponi. Per\nquelli del day hospital, dopo un pre-triage telefonico a casa, veniva\neffettuato un nuovo triage al Gemelli, prima di consentire loro l\u2019accesso al DH.\nAbbiamo inoltre istituito una email che \u00e8 stata molto utilizzata dai pazienti che\ncon questo mezzo hanno potuto comunicare con i loro medici. Ecco, credo che tutte\nqueste azioni abbiano dato un contributo fondamentale al successo della nostra\nesperienza\u201d.<\/p>\n\n\n\n<p>Precauzioni per\nnulla eccessive o esagerate perch\u00e9 i pazienti oncologici sono immunodepressi, dunque\nad alto rischio di contagio da coronavirus e di complicanze ed esiti peggiori\nper la malattia. \u201cIn realt\u00e0 questo non si \u00e8 verificato in tutti i pazienti. Esaminando\nle varie casistiche l\u2019unica eccezione \u00e8 rappresentata dai pazienti con tumore\ndel polmone, che sono spesso anche fumatori e affetti da patologie respiratorie\ncroniche. Sono questi i pazienti pi\u00f9 fragili dal punto di vista respiratorio e\npi\u00f9 a rischio COVID. Per gli altri pazienti oncologici non sembra ad oggi riscontrata\nun\u2019aumentata suscettibilit\u00e0 all\u2019infezione\u201d. <\/p>\n\n\n\n<p>Un paradosso\napparente dunque quello dell\u2019apparente mancata ipersuscettibilit\u00e0 dei pazienti\noncologici al COVID-19, che \u00e8 oggetto di una serie di ricerche condotte e\ncoordinate dall\u2019IRCCS del Policlinico Gemelli. \u201cNoi in particolare \u2013 rivela il\nprofessor Tortora &#8211; &nbsp;stiamo studiando il\nrapporto tra tipo di patologia oncologica dei pazienti, trattamenti attivi in\ncorso e presenza di una serie di fattori biologici. I risultati non li abbiamo\nancora ma abbiamo fatto una serie di ipotesi. E\u2019 possibile ad esempio che\nalcuni trattamenti (chemioterapici o farmaci a bersaglio molecolare), riducano\nlo stato infiammatorio locale, bloccando la produzione di citochine. L\u2019immunodepressione\ndunque, se da una lato potrebbe favorire l\u2019ingresso del virus nell\u2019organismo, protegge\ntuttavia dai danni dell\u2019iperimmunit\u00e0, tipici del COVID-19\u201d. Sapremo molto di\npi\u00f9 quando saranno raccolti i risultati degli studi in corso da noi e in tutto\nil mondo. <\/p>\n\n\n\n<p><strong><em>Maria\nRita Montebelli<\/em><\/strong><\/p>\n","protected":false},"excerpt":{"rendered":"<p>La pandemia di COVID-19 ha provocato l\u2019interruzione di una serie di servizi sanitari e il rallentamento sostanziale di molti altri. Ma non stato cos\u00ec per l\u2019oncologia del Policlinico Universitario A. Gemelli IRCCS. A distanza di due mesi dall&#8217;inizio dell\u2019emergenza COVID e in vista della fase 2 con le relative riaperture graduali, previste a partire dalla [&hellip;]<\/p>\n","protected":false},"featured_media":27694,"template":"","categorie":[368],"class_list":{"0":"post-27696","1":"kf_gem_news","2":"type-kf_gem_news","3":"status-publish","4":"has-post-thumbnail","6":"kf_gem_newscat-anti-covid19-advice","7":"entry"},"acf":[],"yoast_head":"<!-- This site is optimized with the Yoast SEO plugin v27.5 - https:\/\/yoast.com\/product\/yoast-seo-wordpress\/ -->\n<title>Oncologia del Gemelli: mai \u2018chiusa per COVID\u2019. Lavorare in sicurezza \u00e8 possibile - Policlinico Universitario A. Gemelli IRCCS<\/title>\n<meta name=\"robots\" content=\"index, follow, max-snippet:-1, max-image-preview:large, max-video-preview:-1\" \/>\n<link rel=\"canonical\" href=\"https:\/\/www.policlinicogemelli.it\/en\/news-events\/oncologia-del-gemelli-mai-chiusa-per-covid-lavorare-in-sicurezza-e-possibile\/\" \/>\n<meta property=\"og:locale\" content=\"en_US\" \/>\n<meta property=\"og:type\" content=\"article\" \/>\n<meta property=\"og:title\" content=\"Oncologia del Gemelli: mai \u2018chiusa per COVID\u2019. Lavorare in sicurezza \u00e8 possibile - Policlinico Universitario A. Gemelli IRCCS\" \/>\n<meta property=\"og:description\" content=\"La pandemia di COVID-19 ha provocato l\u2019interruzione di una serie di servizi sanitari e il rallentamento sostanziale di molti altri. Ma non stato cos\u00ec per l\u2019oncologia del Policlinico Universitario A. Gemelli IRCCS. A distanza di due mesi dall&#8217;inizio dell\u2019emergenza COVID e in vista della fase 2 con le relative riaperture graduali, previste a partire dalla [&hellip;]\" \/>\n<meta property=\"og:url\" content=\"https:\/\/www.policlinicogemelli.it\/en\/news-events\/oncologia-del-gemelli-mai-chiusa-per-covid-lavorare-in-sicurezza-e-possibile\/\" \/>\n<meta property=\"og:site_name\" content=\"Policlinico Universitario Agostino Gemelli IRCCS\" \/>\n<meta property=\"article:modified_time\" content=\"2020-04-30T10:00:50+00:00\" \/>\n<meta property=\"og:image\" content=\"https:\/\/www.policlinicogemelli.it\/wp-content\/uploads\/2020\/04\/oncologia.jpg\" \/>\n\t<meta property=\"og:image:width\" content=\"2560\" \/>\n\t<meta property=\"og:image:height\" content=\"1703\" \/>\n\t<meta property=\"og:image:type\" content=\"image\/jpeg\" \/>\n<meta name=\"twitter:card\" content=\"summary_large_image\" \/>\n<meta name=\"twitter:label1\" content=\"Est. reading time\" \/>\n\t<meta name=\"twitter:data1\" content=\"5 minutes\" \/>\n<script type=\"application\/ld+json\" class=\"yoast-schema-graph\">{\"@context\":\"https:\\\/\\\/schema.org\",\"@graph\":[{\"@type\":\"WebPage\",\"@id\":\"https:\\\/\\\/www.policlinicogemelli.it\\\/en\\\/news-events\\\/oncologia-del-gemelli-mai-chiusa-per-covid-lavorare-in-sicurezza-e-possibile\\\/\",\"url\":\"https:\\\/\\\/www.policlinicogemelli.it\\\/en\\\/news-events\\\/oncologia-del-gemelli-mai-chiusa-per-covid-lavorare-in-sicurezza-e-possibile\\\/\",\"name\":\"Oncologia del Gemelli: mai \u2018chiusa per COVID\u2019. Lavorare in sicurezza \u00e8 possibile - Policlinico Universitario A. Gemelli IRCCS\",\"isPartOf\":{\"@id\":\"https:\\\/\\\/www.policlinicogemelli.it\\\/en\\\/#website\"},\"primaryImageOfPage\":{\"@id\":\"https:\\\/\\\/www.policlinicogemelli.it\\\/en\\\/news-events\\\/oncologia-del-gemelli-mai-chiusa-per-covid-lavorare-in-sicurezza-e-possibile\\\/#primaryimage\"},\"image\":{\"@id\":\"https:\\\/\\\/www.policlinicogemelli.it\\\/en\\\/news-events\\\/oncologia-del-gemelli-mai-chiusa-per-covid-lavorare-in-sicurezza-e-possibile\\\/#primaryimage\"},\"thumbnailUrl\":\"https:\\\/\\\/www.policlinicogemelli.it\\\/wp-content\\\/uploads\\\/2020\\\/04\\\/oncologia.jpg\",\"datePublished\":\"2020-04-29T18:48:41+00:00\",\"dateModified\":\"2020-04-30T10:00:50+00:00\",\"breadcrumb\":{\"@id\":\"https:\\\/\\\/www.policlinicogemelli.it\\\/en\\\/news-events\\\/oncologia-del-gemelli-mai-chiusa-per-covid-lavorare-in-sicurezza-e-possibile\\\/#breadcrumb\"},\"inLanguage\":\"en-US\",\"potentialAction\":[{\"@type\":\"ReadAction\",\"target\":[\"https:\\\/\\\/www.policlinicogemelli.it\\\/en\\\/news-events\\\/oncologia-del-gemelli-mai-chiusa-per-covid-lavorare-in-sicurezza-e-possibile\\\/\"]}]},{\"@type\":\"ImageObject\",\"inLanguage\":\"en-US\",\"@id\":\"https:\\\/\\\/www.policlinicogemelli.it\\\/en\\\/news-events\\\/oncologia-del-gemelli-mai-chiusa-per-covid-lavorare-in-sicurezza-e-possibile\\\/#primaryimage\",\"url\":\"https:\\\/\\\/www.policlinicogemelli.it\\\/wp-content\\\/uploads\\\/2020\\\/04\\\/oncologia.jpg\",\"contentUrl\":\"https:\\\/\\\/www.policlinicogemelli.it\\\/wp-content\\\/uploads\\\/2020\\\/04\\\/oncologia.jpg\",\"width\":2560,\"height\":1703,\"caption\":\"\u00a9 Piergiorgio Pirrone\"},{\"@type\":\"BreadcrumbList\",\"@id\":\"https:\\\/\\\/www.policlinicogemelli.it\\\/en\\\/news-events\\\/oncologia-del-gemelli-mai-chiusa-per-covid-lavorare-in-sicurezza-e-possibile\\\/#breadcrumb\",\"itemListElement\":[{\"@type\":\"ListItem\",\"position\":1,\"name\":\"Home\",\"item\":\"https:\\\/\\\/www.policlinicogemelli.it\\\/en\\\/\"},{\"@type\":\"ListItem\",\"position\":2,\"name\":\"News and Events\",\"item\":\"https:\\\/\\\/www.policlinicogemelli.it\\\/en\\\/news-events\\\/\"},{\"@type\":\"ListItem\",\"position\":3,\"name\":\"Oncologia del Gemelli: mai \u2018chiusa per COVID\u2019. Lavorare in sicurezza \u00e8 possibile\"}]},{\"@type\":\"WebSite\",\"@id\":\"https:\\\/\\\/www.policlinicogemelli.it\\\/en\\\/#website\",\"url\":\"https:\\\/\\\/www.policlinicogemelli.it\\\/en\\\/\",\"name\":\"Policlinico Universitario Agostino Gemelli IRCCS\",\"description\":\"Policlinico Universitario Agostino Gemelli IRCCS\",\"publisher\":{\"@id\":\"https:\\\/\\\/www.policlinicogemelli.it\\\/en\\\/#organization\"},\"potentialAction\":[{\"@type\":\"SearchAction\",\"target\":{\"@type\":\"EntryPoint\",\"urlTemplate\":\"https:\\\/\\\/www.policlinicogemelli.it\\\/en\\\/?s={search_term_string}\"},\"query-input\":{\"@type\":\"PropertyValueSpecification\",\"valueRequired\":true,\"valueName\":\"search_term_string\"}}],\"inLanguage\":\"en-US\"},{\"@type\":\"Organization\",\"@id\":\"https:\\\/\\\/www.policlinicogemelli.it\\\/en\\\/#organization\",\"name\":\"Policlinico Universitario Agostino Gemelli IRCCS\",\"url\":\"https:\\\/\\\/www.policlinicogemelli.it\\\/en\\\/\",\"logo\":{\"@type\":\"ImageObject\",\"inLanguage\":\"en-US\",\"@id\":\"https:\\\/\\\/www.policlinicogemelli.it\\\/en\\\/#\\\/schema\\\/logo\\\/image\\\/\",\"url\":\"https:\\\/\\\/www.policlinicogemelli.it\\\/wp-content\\\/uploads\\\/2019\\\/02\\\/logo-policlinico-gemelli-250-trasp-color-1.png\",\"contentUrl\":\"https:\\\/\\\/www.policlinicogemelli.it\\\/wp-content\\\/uploads\\\/2019\\\/02\\\/logo-policlinico-gemelli-250-trasp-color-1.png\",\"width\":250,\"height\":82,\"caption\":\"Policlinico Universitario Agostino Gemelli IRCCS\"},\"image\":{\"@id\":\"https:\\\/\\\/www.policlinicogemelli.it\\\/en\\\/#\\\/schema\\\/logo\\\/image\\\/\"}}]}<\/script>\n<!-- \/ Yoast SEO plugin. -->","yoast_head_json":{"title":"Oncologia del Gemelli: mai \u2018chiusa per COVID\u2019. Lavorare in sicurezza \u00e8 possibile - Policlinico Universitario A. Gemelli IRCCS","robots":{"index":"index","follow":"follow","max-snippet":"max-snippet:-1","max-image-preview":"max-image-preview:large","max-video-preview":"max-video-preview:-1"},"canonical":"https:\/\/www.policlinicogemelli.it\/en\/news-events\/oncologia-del-gemelli-mai-chiusa-per-covid-lavorare-in-sicurezza-e-possibile\/","og_locale":"en_US","og_type":"article","og_title":"Oncologia del Gemelli: mai \u2018chiusa per COVID\u2019. Lavorare in sicurezza \u00e8 possibile - Policlinico Universitario A. Gemelli IRCCS","og_description":"La pandemia di COVID-19 ha provocato l\u2019interruzione di una serie di servizi sanitari e il rallentamento sostanziale di molti altri. Ma non stato cos\u00ec per l\u2019oncologia del Policlinico Universitario A. Gemelli IRCCS. A distanza di due mesi dall&#8217;inizio dell\u2019emergenza COVID e in vista della fase 2 con le relative riaperture graduali, previste a partire dalla [&hellip;]","og_url":"https:\/\/www.policlinicogemelli.it\/en\/news-events\/oncologia-del-gemelli-mai-chiusa-per-covid-lavorare-in-sicurezza-e-possibile\/","og_site_name":"Policlinico Universitario Agostino Gemelli IRCCS","article_modified_time":"2020-04-30T10:00:50+00:00","og_image":[{"width":2560,"height":1703,"url":"https:\/\/www.policlinicogemelli.it\/wp-content\/uploads\/2020\/04\/oncologia.jpg","type":"image\/jpeg"}],"twitter_card":"summary_large_image","twitter_misc":{"Est. reading time":"5 minutes"},"schema":{"@context":"https:\/\/schema.org","@graph":[{"@type":"WebPage","@id":"https:\/\/www.policlinicogemelli.it\/en\/news-events\/oncologia-del-gemelli-mai-chiusa-per-covid-lavorare-in-sicurezza-e-possibile\/","url":"https:\/\/www.policlinicogemelli.it\/en\/news-events\/oncologia-del-gemelli-mai-chiusa-per-covid-lavorare-in-sicurezza-e-possibile\/","name":"Oncologia del Gemelli: mai \u2018chiusa per COVID\u2019. Lavorare in sicurezza \u00e8 possibile - Policlinico Universitario A. Gemelli IRCCS","isPartOf":{"@id":"https:\/\/www.policlinicogemelli.it\/en\/#website"},"primaryImageOfPage":{"@id":"https:\/\/www.policlinicogemelli.it\/en\/news-events\/oncologia-del-gemelli-mai-chiusa-per-covid-lavorare-in-sicurezza-e-possibile\/#primaryimage"},"image":{"@id":"https:\/\/www.policlinicogemelli.it\/en\/news-events\/oncologia-del-gemelli-mai-chiusa-per-covid-lavorare-in-sicurezza-e-possibile\/#primaryimage"},"thumbnailUrl":"https:\/\/www.policlinicogemelli.it\/wp-content\/uploads\/2020\/04\/oncologia.jpg","datePublished":"2020-04-29T18:48:41+00:00","dateModified":"2020-04-30T10:00:50+00:00","breadcrumb":{"@id":"https:\/\/www.policlinicogemelli.it\/en\/news-events\/oncologia-del-gemelli-mai-chiusa-per-covid-lavorare-in-sicurezza-e-possibile\/#breadcrumb"},"inLanguage":"en-US","potentialAction":[{"@type":"ReadAction","target":["https:\/\/www.policlinicogemelli.it\/en\/news-events\/oncologia-del-gemelli-mai-chiusa-per-covid-lavorare-in-sicurezza-e-possibile\/"]}]},{"@type":"ImageObject","inLanguage":"en-US","@id":"https:\/\/www.policlinicogemelli.it\/en\/news-events\/oncologia-del-gemelli-mai-chiusa-per-covid-lavorare-in-sicurezza-e-possibile\/#primaryimage","url":"https:\/\/www.policlinicogemelli.it\/wp-content\/uploads\/2020\/04\/oncologia.jpg","contentUrl":"https:\/\/www.policlinicogemelli.it\/wp-content\/uploads\/2020\/04\/oncologia.jpg","width":2560,"height":1703,"caption":"\u00a9 Piergiorgio Pirrone"},{"@type":"BreadcrumbList","@id":"https:\/\/www.policlinicogemelli.it\/en\/news-events\/oncologia-del-gemelli-mai-chiusa-per-covid-lavorare-in-sicurezza-e-possibile\/#breadcrumb","itemListElement":[{"@type":"ListItem","position":1,"name":"Home","item":"https:\/\/www.policlinicogemelli.it\/en\/"},{"@type":"ListItem","position":2,"name":"News and Events","item":"https:\/\/www.policlinicogemelli.it\/en\/news-events\/"},{"@type":"ListItem","position":3,"name":"Oncologia del Gemelli: mai \u2018chiusa per COVID\u2019. Lavorare in sicurezza \u00e8 possibile"}]},{"@type":"WebSite","@id":"https:\/\/www.policlinicogemelli.it\/en\/#website","url":"https:\/\/www.policlinicogemelli.it\/en\/","name":"Policlinico Universitario Agostino Gemelli IRCCS","description":"Policlinico Universitario Agostino Gemelli IRCCS","publisher":{"@id":"https:\/\/www.policlinicogemelli.it\/en\/#organization"},"potentialAction":[{"@type":"SearchAction","target":{"@type":"EntryPoint","urlTemplate":"https:\/\/www.policlinicogemelli.it\/en\/?s={search_term_string}"},"query-input":{"@type":"PropertyValueSpecification","valueRequired":true,"valueName":"search_term_string"}}],"inLanguage":"en-US"},{"@type":"Organization","@id":"https:\/\/www.policlinicogemelli.it\/en\/#organization","name":"Policlinico Universitario Agostino Gemelli IRCCS","url":"https:\/\/www.policlinicogemelli.it\/en\/","logo":{"@type":"ImageObject","inLanguage":"en-US","@id":"https:\/\/www.policlinicogemelli.it\/en\/#\/schema\/logo\/image\/","url":"https:\/\/www.policlinicogemelli.it\/wp-content\/uploads\/2019\/02\/logo-policlinico-gemelli-250-trasp-color-1.png","contentUrl":"https:\/\/www.policlinicogemelli.it\/wp-content\/uploads\/2019\/02\/logo-policlinico-gemelli-250-trasp-color-1.png","width":250,"height":82,"caption":"Policlinico Universitario Agostino Gemelli IRCCS"},"image":{"@id":"https:\/\/www.policlinicogemelli.it\/en\/#\/schema\/logo\/image\/"}}]}},"rest_api_enabler":[],"_links":{"self":[{"href":"https:\/\/www.policlinicogemelli.it\/en\/wp-json\/wp\/v2\/news\/27696","targetHints":{"allow":["GET"]}}],"collection":[{"href":"https:\/\/www.policlinicogemelli.it\/en\/wp-json\/wp\/v2\/news"}],"about":[{"href":"https:\/\/www.policlinicogemelli.it\/en\/wp-json\/wp\/v2\/types\/kf_gem_news"}],"version-history":[{"count":0,"href":"https:\/\/www.policlinicogemelli.it\/en\/wp-json\/wp\/v2\/news\/27696\/revisions"}],"wp:featuredmedia":[{"embeddable":true,"href":"https:\/\/www.policlinicogemelli.it\/en\/wp-json\/wp\/v2\/media\/27694"}],"wp:attachment":[{"href":"https:\/\/www.policlinicogemelli.it\/en\/wp-json\/wp\/v2\/media?parent=27696"}],"wp:term":[{"taxonomy":"kf_gem_newscat","embeddable":true,"href":"https:\/\/www.policlinicogemelli.it\/en\/wp-json\/wp\/v2\/categorie?post=27696"}],"curies":[{"name":"wp","href":"https:\/\/api.w.org\/{rel}","templated":true}]}}