{"id":26630,"date":"2020-03-06T16:44:30","date_gmt":"2020-03-06T16:44:30","guid":{"rendered":"https:\/\/www.policlinicogemelli.it\/?post_type=kf_gem_news&#038;p=26630"},"modified":"2020-03-06T16:44:30","modified_gmt":"2020-03-06T16:44:30","slug":"coronavirus-columbus-secondo-centro-covid","status":"publish","type":"kf_gem_news","link":"https:\/\/www.policlinicogemelli.it\/en\/news-events\/coronavirus-columbus-secondo-centro-covid\/","title":{"rendered":"Coronavirus. Columbus Secondo Centro Covid"},"content":{"rendered":"\n<p><strong><em>Le nuove misure illustrate oggi da Zingaretti e D&#8217;Amato. Lo Spallanzani diventer\u00e0 il Covid-1 Hospital e sar\u00e0 affiancato dal presidio Columbus come Covid-2 hospital. <\/em><\/strong><\/p>\n\n\n\n<p>&nbsp;Tante e importanti misure stanno per essere introdotte\nnel Lazio, gi\u00e0 da queste ore, per fronteggiare il coronavirus. Le hanno\nillustrate in conferenza stampa nel primo pomeriggio il presidente della\nRegione, Nicola Zingaretti, e l\u2019assessore alla Salute, Alessio D\u2019Amato, che\nhanno anzitutto ribadito l\u2019importanza che i cittadini mettano in atto tutti i\ncomportamenti di prevenzione indicati a livello regionale e nazionale,\nlimitando gli spostamenti e i luoghi affollati. Perch\u00e9 \u201ci primi protagonisti\ndella lotta al coronavirus sono i cittadini\u201d, ha detto Zingaretti. Ma il\nServizio sanitario regionale non \u00e8 certo di minore importanza ed ecco, dunque,\nle misure che la Regione si appresta a mettere in campo contro il virus che,\nnel giro di pochi giorni, ha visto salire le positivit\u00e0 nel Lazio a 54. Oltre\nal tavolo di montaggio permanente istituito con tutti i gruppi in Consiglio\nregionale \u201cperch\u00e9 \u00e8 giusto e corretto che tutte forze politiche siano coinvolte\nnelle scelte che stiamo assumendo\u201d, ha detto il governatore. Il Tavolo\nconsentir\u00e0 anche di sollecitare in modo pi\u00f9 capillare e immediato i cittadini\nsui provvedimenti e i comportamenti di prevenzione che saranno adottati in base\na come evolver\u00e0 la situazione.<\/p>\n\n\n\n<p>Ad illustrare le novit\u00e0 per la sanit\u00e0 \u00e8 stato l&#8217;assessore\nD&#8217;Amato, che ha anzitutto ringraziato gli operatori sanitari per &#8220;la\nprofessionalit\u00e0 e l\u2019abnegazione\u201d. Ha poi spiegato che \u201cad oggi ci sono, nel\nLazio, 54 casi positivi, di cui 16 in isolamento domiciliare, 8 in terapia\nintensiva e 26 in ricovero ma non in terapia intensiva. Sta aumentando anche il\nnumero di dimessi&#8221;.<\/p>\n\n\n\n<p>L&#8217;assessore ha quindi spiegato che il presidente Zingaretti\nha firmato oggi \u201cun\u2019ordinanza importante per il progressivo potenziamento\ndell\u2019attivit\u00e0 del Ssr\u201d. Si tratta, ha detto D\u2019Amato, di &#8220;scelte\nstrategiche, come il raddoppio dei posti letto e della capacit\u00e0 ricettiva dello\nSpallanzani, baluardo insostituibile, che svolge un ruolo importante per Roma,\nper il Lazio e per l\u2019intero Paese&#8221;. Nello specifico, la scelta riguarda\nl\u2019aumento di 150 posti letto in pi\u00f9 di terapia intensiva dedicati al Covid-19.\n\u201c\u00c8 un numero importante, che non ha pari in Italia &#8211; ha detto D\u2019Amato -. Lo\nfaremo aumentando i posti letto dedicati nelle strutture regionali e e\naffiancando allo Spallanzani, che possiamo definire il Covid 1 hospital,\nun\u2019altra struttura, il Covid 2 hospital, che sar\u00e0 il Columbus\u201d, struttura\ngestita dalla Fondazione Policlinico Gemelli.<\/p>\n\n\n\n<p>La misura, ha spiegato l&#8217;assessore, &#8220;consentir\u00e0 di\npassare dai 518 posti attuali di terapia intensiva a 675, con 150 dedicati a\nCovid. Una scelta strategia che sar\u00e0 anche a disposizione dell&#8217;intero Paese\u201d.<\/p>\n\n\n\n<p>Per garantire questo potenziamento dell\u2019attivit\u00e0, ha\nannunciato l\u2019assessore, \u00e8 stato autorizzato il reclutamento di \u201c474 unit\u00e0 di\npersonale tra cui 50 anestesisti, 270 infermieri, 12 pneumologi, 18\ninfettivologi, 12 cardiologi, 20 medici dell\u2019emergenza, 12 radiologi e 80 oss\u201d.<\/p>\n\n\n\n<p>La Regione ha inoltre deciso di \u201caumentare capacit\u00e0 ricettiva dei laboratori che eseguono i test, che sar\u00e0 svolta comunque sotto la supervisione dello Spallanzani, a cui da oggi affiancheremo i laboratori dell\u2019Ao S. Andrea, del Policlinico Tor Vergata, del Gemelli, dell\u2019Umberto I, del S. Maria Goretti di Latina e del Campus Biomedico, al fine di essere pronti a tutti gli scenari\u201d.<\/p>\n\n\n\n<figure class=\"wp-block-image size-large\"><img loading=\"lazy\" decoding=\"async\" width=\"1024\" height=\"768\" src=\"https:\/\/www.policlinicogemelli.it\/wp-content\/uploads\/2020\/03\/foto-regione-1024x768.jpg\" alt=\"\" class=\"wp-image-26631\" srcset=\"https:\/\/www.policlinicogemelli.it\/wp-content\/uploads\/2020\/03\/foto-regione-1024x768.jpg 1024w, https:\/\/www.policlinicogemelli.it\/wp-content\/uploads\/2020\/03\/foto-regione-300x225.jpg 300w, https:\/\/www.policlinicogemelli.it\/wp-content\/uploads\/2020\/03\/foto-regione-768x576.jpg 768w, https:\/\/www.policlinicogemelli.it\/wp-content\/uploads\/2020\/03\/foto-regione-1536x1152.jpg 1536w, https:\/\/www.policlinicogemelli.it\/wp-content\/uploads\/2020\/03\/foto-regione-660x495.jpg 660w, https:\/\/www.policlinicogemelli.it\/wp-content\/uploads\/2020\/03\/foto-regione-273x205.jpg 273w, https:\/\/www.policlinicogemelli.it\/wp-content\/uploads\/2020\/03\/foto-regione-400x300.jpg 400w, https:\/\/www.policlinicogemelli.it\/wp-content\/uploads\/2020\/03\/foto-regione.jpg 2048w\" sizes=\"auto, (max-width: 1024px) 100vw, 1024px\" \/><\/figure>\n\n\n\n<p>Fonte (<a href=\"http:\/\/www.quotidianosanita.it\">www.quotidianosanita.it<\/a>)<\/p>\n","protected":false},"excerpt":{"rendered":"<p>Le nuove misure illustrate oggi da Zingaretti e D&#8217;Amato. Lo Spallanzani diventer\u00e0 il Covid-1 Hospital e sar\u00e0 affiancato dal presidio Columbus come Covid-2 hospital. &nbsp;Tante e importanti misure stanno per essere introdotte nel Lazio, gi\u00e0 da queste ore, per fronteggiare il coronavirus. Le hanno illustrate in conferenza stampa nel primo pomeriggio il presidente della Regione, [&hellip;]<\/p>\n","protected":false},"featured_media":26633,"template":"","categorie":[96],"class_list":{"0":"post-26630","1":"kf_gem_news","2":"type-kf_gem_news","3":"status-publish","4":"has-post-thumbnail","6":"kf_gem_newscat-institutional-information","7":"entry"},"acf":[],"yoast_head":"<!-- This site is optimized with the Yoast SEO plugin v27.4 - https:\/\/yoast.com\/product\/yoast-seo-wordpress\/ -->\n<title>Coronavirus. Columbus Secondo Centro Covid - Policlinico Universitario A. Gemelli IRCCS<\/title>\n<meta name=\"robots\" content=\"index, follow, max-snippet:-1, max-image-preview:large, max-video-preview:-1\" \/>\n<link rel=\"canonical\" href=\"https:\/\/www.policlinicogemelli.it\/en\/news-events\/coronavirus-columbus-secondo-centro-covid\/\" \/>\n<meta property=\"og:locale\" content=\"en_US\" \/>\n<meta property=\"og:type\" content=\"article\" \/>\n<meta property=\"og:title\" content=\"Coronavirus. Columbus Secondo Centro Covid - Policlinico Universitario A. Gemelli IRCCS\" \/>\n<meta property=\"og:description\" content=\"Le nuove misure illustrate oggi da Zingaretti e D&#8217;Amato. Lo Spallanzani diventer\u00e0 il Covid-1 Hospital e sar\u00e0 affiancato dal presidio Columbus come Covid-2 hospital. &nbsp;Tante e importanti misure stanno per essere introdotte nel Lazio, gi\u00e0 da queste ore, per fronteggiare il coronavirus. Le hanno illustrate in conferenza stampa nel primo pomeriggio il presidente della Regione, [&hellip;]\" \/>\n<meta property=\"og:url\" content=\"https:\/\/www.policlinicogemelli.it\/en\/news-events\/coronavirus-columbus-secondo-centro-covid\/\" \/>\n<meta property=\"og:site_name\" content=\"Policlinico Universitario Agostino Gemelli IRCCS\" \/>\n<meta property=\"og:image\" content=\"https:\/\/www.policlinicogemelli.it\/wp-content\/uploads\/2020\/03\/immagine-in-evidenza-presidio-columbus.jpg\" \/>\n\t<meta property=\"og:image:width\" content=\"850\" \/>\n\t<meta property=\"og:image:height\" content=\"495\" \/>\n\t<meta property=\"og:image:type\" content=\"image\/jpeg\" \/>\n<meta name=\"twitter:card\" content=\"summary_large_image\" \/>\n<meta name=\"twitter:label1\" content=\"Est. reading time\" \/>\n\t<meta name=\"twitter:data1\" content=\"3 minutes\" \/>\n<script type=\"application\/ld+json\" class=\"yoast-schema-graph\">{\"@context\":\"https:\\\/\\\/schema.org\",\"@graph\":[{\"@type\":\"WebPage\",\"@id\":\"https:\\\/\\\/www.policlinicogemelli.it\\\/en\\\/news-events\\\/coronavirus-columbus-secondo-centro-covid\\\/\",\"url\":\"https:\\\/\\\/www.policlinicogemelli.it\\\/en\\\/news-events\\\/coronavirus-columbus-secondo-centro-covid\\\/\",\"name\":\"Coronavirus. Columbus Secondo Centro Covid - Policlinico Universitario A. Gemelli IRCCS\",\"isPartOf\":{\"@id\":\"https:\\\/\\\/www.policlinicogemelli.it\\\/en\\\/#website\"},\"primaryImageOfPage\":{\"@id\":\"https:\\\/\\\/www.policlinicogemelli.it\\\/en\\\/news-events\\\/coronavirus-columbus-secondo-centro-covid\\\/#primaryimage\"},\"image\":{\"@id\":\"https:\\\/\\\/www.policlinicogemelli.it\\\/en\\\/news-events\\\/coronavirus-columbus-secondo-centro-covid\\\/#primaryimage\"},\"thumbnailUrl\":\"https:\\\/\\\/www.policlinicogemelli.it\\\/wp-content\\\/uploads\\\/2020\\\/03\\\/immagine-in-evidenza-presidio-columbus.jpg\",\"datePublished\":\"2020-03-06T16:44:30+00:00\",\"breadcrumb\":{\"@id\":\"https:\\\/\\\/www.policlinicogemelli.it\\\/en\\\/news-events\\\/coronavirus-columbus-secondo-centro-covid\\\/#breadcrumb\"},\"inLanguage\":\"en-US\",\"potentialAction\":[{\"@type\":\"ReadAction\",\"target\":[\"https:\\\/\\\/www.policlinicogemelli.it\\\/en\\\/news-events\\\/coronavirus-columbus-secondo-centro-covid\\\/\"]}]},{\"@type\":\"ImageObject\",\"inLanguage\":\"en-US\",\"@id\":\"https:\\\/\\\/www.policlinicogemelli.it\\\/en\\\/news-events\\\/coronavirus-columbus-secondo-centro-covid\\\/#primaryimage\",\"url\":\"https:\\\/\\\/www.policlinicogemelli.it\\\/wp-content\\\/uploads\\\/2020\\\/03\\\/immagine-in-evidenza-presidio-columbus.jpg\",\"contentUrl\":\"https:\\\/\\\/www.policlinicogemelli.it\\\/wp-content\\\/uploads\\\/2020\\\/03\\\/immagine-in-evidenza-presidio-columbus.jpg\",\"width\":850,\"height\":495},{\"@type\":\"BreadcrumbList\",\"@id\":\"https:\\\/\\\/www.policlinicogemelli.it\\\/en\\\/news-events\\\/coronavirus-columbus-secondo-centro-covid\\\/#breadcrumb\",\"itemListElement\":[{\"@type\":\"ListItem\",\"position\":1,\"name\":\"Home\",\"item\":\"https:\\\/\\\/www.policlinicogemelli.it\\\/en\\\/\"},{\"@type\":\"ListItem\",\"position\":2,\"name\":\"News and Events\",\"item\":\"https:\\\/\\\/www.policlinicogemelli.it\\\/en\\\/news-events\\\/\"},{\"@type\":\"ListItem\",\"position\":3,\"name\":\"Coronavirus. Columbus Secondo Centro Covid\"}]},{\"@type\":\"WebSite\",\"@id\":\"https:\\\/\\\/www.policlinicogemelli.it\\\/en\\\/#website\",\"url\":\"https:\\\/\\\/www.policlinicogemelli.it\\\/en\\\/\",\"name\":\"Policlinico Universitario Agostino Gemelli IRCCS\",\"description\":\"Policlinico Universitario Agostino Gemelli IRCCS\",\"publisher\":{\"@id\":\"https:\\\/\\\/www.policlinicogemelli.it\\\/en\\\/#organization\"},\"potentialAction\":[{\"@type\":\"SearchAction\",\"target\":{\"@type\":\"EntryPoint\",\"urlTemplate\":\"https:\\\/\\\/www.policlinicogemelli.it\\\/en\\\/?s={search_term_string}\"},\"query-input\":{\"@type\":\"PropertyValueSpecification\",\"valueRequired\":true,\"valueName\":\"search_term_string\"}}],\"inLanguage\":\"en-US\"},{\"@type\":\"Organization\",\"@id\":\"https:\\\/\\\/www.policlinicogemelli.it\\\/en\\\/#organization\",\"name\":\"Policlinico Universitario Agostino Gemelli IRCCS\",\"url\":\"https:\\\/\\\/www.policlinicogemelli.it\\\/en\\\/\",\"logo\":{\"@type\":\"ImageObject\",\"inLanguage\":\"en-US\",\"@id\":\"https:\\\/\\\/www.policlinicogemelli.it\\\/en\\\/#\\\/schema\\\/logo\\\/image\\\/\",\"url\":\"https:\\\/\\\/www.policlinicogemelli.it\\\/wp-content\\\/uploads\\\/2019\\\/02\\\/logo-policlinico-gemelli-250-trasp-color-1.png\",\"contentUrl\":\"https:\\\/\\\/www.policlinicogemelli.it\\\/wp-content\\\/uploads\\\/2019\\\/02\\\/logo-policlinico-gemelli-250-trasp-color-1.png\",\"width\":250,\"height\":82,\"caption\":\"Policlinico Universitario Agostino Gemelli IRCCS\"},\"image\":{\"@id\":\"https:\\\/\\\/www.policlinicogemelli.it\\\/en\\\/#\\\/schema\\\/logo\\\/image\\\/\"}}]}<\/script>\n<!-- \/ Yoast SEO plugin. -->","yoast_head_json":{"title":"Coronavirus. Columbus Secondo Centro Covid - Policlinico Universitario A. Gemelli IRCCS","robots":{"index":"index","follow":"follow","max-snippet":"max-snippet:-1","max-image-preview":"max-image-preview:large","max-video-preview":"max-video-preview:-1"},"canonical":"https:\/\/www.policlinicogemelli.it\/en\/news-events\/coronavirus-columbus-secondo-centro-covid\/","og_locale":"en_US","og_type":"article","og_title":"Coronavirus. Columbus Secondo Centro Covid - Policlinico Universitario A. Gemelli IRCCS","og_description":"Le nuove misure illustrate oggi da Zingaretti e D&#8217;Amato. Lo Spallanzani diventer\u00e0 il Covid-1 Hospital e sar\u00e0 affiancato dal presidio Columbus come Covid-2 hospital. &nbsp;Tante e importanti misure stanno per essere introdotte nel Lazio, gi\u00e0 da queste ore, per fronteggiare il coronavirus. Le hanno illustrate in conferenza stampa nel primo pomeriggio il presidente della Regione, [&hellip;]","og_url":"https:\/\/www.policlinicogemelli.it\/en\/news-events\/coronavirus-columbus-secondo-centro-covid\/","og_site_name":"Policlinico Universitario Agostino Gemelli IRCCS","og_image":[{"width":850,"height":495,"url":"https:\/\/www.policlinicogemelli.it\/wp-content\/uploads\/2020\/03\/immagine-in-evidenza-presidio-columbus.jpg","type":"image\/jpeg"}],"twitter_card":"summary_large_image","twitter_misc":{"Est. reading time":"3 minutes"},"schema":{"@context":"https:\/\/schema.org","@graph":[{"@type":"WebPage","@id":"https:\/\/www.policlinicogemelli.it\/en\/news-events\/coronavirus-columbus-secondo-centro-covid\/","url":"https:\/\/www.policlinicogemelli.it\/en\/news-events\/coronavirus-columbus-secondo-centro-covid\/","name":"Coronavirus. Columbus Secondo Centro Covid - Policlinico Universitario A. Gemelli IRCCS","isPartOf":{"@id":"https:\/\/www.policlinicogemelli.it\/en\/#website"},"primaryImageOfPage":{"@id":"https:\/\/www.policlinicogemelli.it\/en\/news-events\/coronavirus-columbus-secondo-centro-covid\/#primaryimage"},"image":{"@id":"https:\/\/www.policlinicogemelli.it\/en\/news-events\/coronavirus-columbus-secondo-centro-covid\/#primaryimage"},"thumbnailUrl":"https:\/\/www.policlinicogemelli.it\/wp-content\/uploads\/2020\/03\/immagine-in-evidenza-presidio-columbus.jpg","datePublished":"2020-03-06T16:44:30+00:00","breadcrumb":{"@id":"https:\/\/www.policlinicogemelli.it\/en\/news-events\/coronavirus-columbus-secondo-centro-covid\/#breadcrumb"},"inLanguage":"en-US","potentialAction":[{"@type":"ReadAction","target":["https:\/\/www.policlinicogemelli.it\/en\/news-events\/coronavirus-columbus-secondo-centro-covid\/"]}]},{"@type":"ImageObject","inLanguage":"en-US","@id":"https:\/\/www.policlinicogemelli.it\/en\/news-events\/coronavirus-columbus-secondo-centro-covid\/#primaryimage","url":"https:\/\/www.policlinicogemelli.it\/wp-content\/uploads\/2020\/03\/immagine-in-evidenza-presidio-columbus.jpg","contentUrl":"https:\/\/www.policlinicogemelli.it\/wp-content\/uploads\/2020\/03\/immagine-in-evidenza-presidio-columbus.jpg","width":850,"height":495},{"@type":"BreadcrumbList","@id":"https:\/\/www.policlinicogemelli.it\/en\/news-events\/coronavirus-columbus-secondo-centro-covid\/#breadcrumb","itemListElement":[{"@type":"ListItem","position":1,"name":"Home","item":"https:\/\/www.policlinicogemelli.it\/en\/"},{"@type":"ListItem","position":2,"name":"News and Events","item":"https:\/\/www.policlinicogemelli.it\/en\/news-events\/"},{"@type":"ListItem","position":3,"name":"Coronavirus. Columbus Secondo Centro Covid"}]},{"@type":"WebSite","@id":"https:\/\/www.policlinicogemelli.it\/en\/#website","url":"https:\/\/www.policlinicogemelli.it\/en\/","name":"Policlinico Universitario Agostino Gemelli IRCCS","description":"Policlinico Universitario Agostino Gemelli IRCCS","publisher":{"@id":"https:\/\/www.policlinicogemelli.it\/en\/#organization"},"potentialAction":[{"@type":"SearchAction","target":{"@type":"EntryPoint","urlTemplate":"https:\/\/www.policlinicogemelli.it\/en\/?s={search_term_string}"},"query-input":{"@type":"PropertyValueSpecification","valueRequired":true,"valueName":"search_term_string"}}],"inLanguage":"en-US"},{"@type":"Organization","@id":"https:\/\/www.policlinicogemelli.it\/en\/#organization","name":"Policlinico Universitario Agostino Gemelli IRCCS","url":"https:\/\/www.policlinicogemelli.it\/en\/","logo":{"@type":"ImageObject","inLanguage":"en-US","@id":"https:\/\/www.policlinicogemelli.it\/en\/#\/schema\/logo\/image\/","url":"https:\/\/www.policlinicogemelli.it\/wp-content\/uploads\/2019\/02\/logo-policlinico-gemelli-250-trasp-color-1.png","contentUrl":"https:\/\/www.policlinicogemelli.it\/wp-content\/uploads\/2019\/02\/logo-policlinico-gemelli-250-trasp-color-1.png","width":250,"height":82,"caption":"Policlinico Universitario Agostino Gemelli IRCCS"},"image":{"@id":"https:\/\/www.policlinicogemelli.it\/en\/#\/schema\/logo\/image\/"}}]}},"rest_api_enabler":[],"_links":{"self":[{"href":"https:\/\/www.policlinicogemelli.it\/en\/wp-json\/wp\/v2\/news\/26630","targetHints":{"allow":["GET"]}}],"collection":[{"href":"https:\/\/www.policlinicogemelli.it\/en\/wp-json\/wp\/v2\/news"}],"about":[{"href":"https:\/\/www.policlinicogemelli.it\/en\/wp-json\/wp\/v2\/types\/kf_gem_news"}],"version-history":[{"count":0,"href":"https:\/\/www.policlinicogemelli.it\/en\/wp-json\/wp\/v2\/news\/26630\/revisions"}],"wp:featuredmedia":[{"embeddable":true,"href":"https:\/\/www.policlinicogemelli.it\/en\/wp-json\/wp\/v2\/media\/26633"}],"wp:attachment":[{"href":"https:\/\/www.policlinicogemelli.it\/en\/wp-json\/wp\/v2\/media?parent=26630"}],"wp:term":[{"taxonomy":"kf_gem_newscat","embeddable":true,"href":"https:\/\/www.policlinicogemelli.it\/en\/wp-json\/wp\/v2\/categorie?post=26630"}],"curies":[{"name":"wp","href":"https:\/\/api.w.org\/{rel}","templated":true}]}}