{"id":22384,"date":"2019-12-12T13:00:26","date_gmt":"2019-12-12T13:00:26","guid":{"rendered":"https:\/\/www.policlinicogemelli.it\/news-eventi\/a-radio-vaticana-intelligenza-artificiale\/"},"modified":"2025-03-31T14:17:25","modified_gmt":"2025-03-31T13:17:25","slug":"a-radio-vaticana-intelligenza-artificiale","status":"publish","type":"kf_gem_news","link":"https:\/\/www.policlinicogemelli.it\/en\/news-events\/a-radio-vaticana-intelligenza-artificiale\/","title":{"rendered":"A Radio Vaticana, Intelligenza artificiale"},"content":{"rendered":"\n<p><strong>Su Radio Vaticana Italia, Effetti Collaterali, la rubrica settimanale realizzata in collaborazione con i medici della Fondazione Policlinico Universitario Agostino Gemelli IRCCS, \u00a0in onda tutti i gioved\u00ec alle ore 12.15 (e in replica lo stesso giorno alle ore 17.05 e la domenica alle ore 15.00)<\/strong>.   Intelligenza artificiale, convegno al Gemelli su opportunit\u00e0  e rischi &#8211;                      <\/p>\n\n\n\n<p>Intervista al <strong>professor Massimo Massetti, Direttore Area Cardiovascolare e Unit\u00e0 Operativa Complessa di Cardiochirurgia della Fondazione Policlinico Universitario Agostino Gemelli IRCCS e<\/strong>   <strong>Monsignor Mauro Cozzoli, ordinario di Teologia Morale presso l\u2019Universit\u00e0 Lat<\/strong>e<strong>ranense <\/strong>                                               <\/p>\n\n\n\n<p>                                                          <\/p>\n\n\n\n<p>Ha avuto luogo questa settimana al Gemelli, un incontro sulle Opportunit\u00e0 e i Rischi dell\u2019Intelligenza Artificiale in campo medico. <em>\u201cL\u2019intelligenza artificiale \u00e8 uno studio successivo a quello delle applicazioni delle tecnologie digitali in sanit\u00e0, in particolare in campo diagnostico, nella elaborazione della gestione degli esami che servono per la diagnostica oppure anche, addirittura, in campo terapeutico come la telemanipolazione, la robotica\u201d, <\/em>riferisce il <strong>professor Massimo Massetti, Direttore Area Cardiovascolare e Unit\u00e0 Operativa Complessa di Cardiochirurgia della Fondazione Policlinico Universitario Agostino Gemelli IRCCS, <\/strong>uno dei relatori dell\u2019incontro. <em>\u201cQueste tecnologie sono gi\u00e0 oggi una realt\u00e0 e le applichiamo nella nostra pratica quotidiana al servizio dei nostri pazienti. Adesso c\u2019\u00e8 un\u2019evoluzione successiva in cui queste tecnologie legate alle elaborazioni di sistemi informatici evoluti permetteranno in futuro &#8211; alcune applicazioni le abbiamo gi\u00e0 oggi disponibili &#8211; per migliorare ancora di pi\u00f9 le elaborazioni di certe informazioni e realizzare delle terapie ancora pi\u00f9 in maniera efficace. Saranno nuove macchine \u2013 <\/em>prosegue il cardiochirurgo \u2013 <em>capaci di fare nuovi calcoli, per quanto complicati, ma saranno anche in grado di elaborare nuove informazioni a partire da una mole di dati che hanno a disposizione\u201d. <\/em><strong>Monsignor Mauro Cozzoli, ordinario di Teologia Morale presso l\u2019Universit\u00e0 Lateranense <\/strong>riferisce il punto di vista etico dell\u2019avvento dell\u2019intelligenza artificiale nel campo della medicina: <em>\u201cI riverberi etici dell\u2019intelligenza artificiale sono notevoli. Va tenuto presente che l\u2019intelligenza artificiale applicata alla medicina significa non applicata a \u2018qualcosa\u2019, ma a \u2018qualcuno\u2019, a delle persone in situazione critica come la malattia. Per cui bisogna tener conto di questo perch\u00e9 eventuali errori o limiti delle intelligenze artificiali procurano poi danni sulle persone\u201d.<\/em><\/p>\n\n\n\n<p>Come seguire Radio Vaticana:<\/p>\n\n\n\n<p><a href=\"https:\/\/media.vaticannews.va\/media\/audio\/program\/581\/effetti_collaterali_121219.mp3\">https:\/\/media.vaticannews.va\/media\/audio\/program\/581\/effetti_collaterali_121219.mp3<\/a><\/p>\n\n\n\n<p> &#8211; 103.8 FM per Roma citt\u00e0   <br>&#8211;  105 FM per Roma e provincia  <\/p>\n","protected":false},"excerpt":{"rendered":"<p>Su Radio Vaticana Italia, Effetti Collaterali, la rubrica settimanale realizzata in collaborazione con i medici della Fondazione Policlinico Universitario Agostino Gemelli IRCCS, \u00a0in onda tutti i gioved\u00ec alle ore 12.15 (e in replica lo stesso giorno alle ore 17.05 e la domenica alle ore 15.00). Intelligenza artificiale, convegno al Gemelli su opportunit\u00e0 e rischi &#8211; [&hellip;]<\/p>\n","protected":false},"featured_media":17768,"template":"","categorie":[92],"class_list":{"0":"post-22384","1":"kf_gem_news","2":"type-kf_gem_news","3":"status-publish","4":"has-post-thumbnail","6":"kf_gem_newscat-assistance","7":"entry"},"acf":[],"yoast_head":"<!-- This site is optimized with the Yoast SEO plugin v27.5 - https:\/\/yoast.com\/product\/yoast-seo-wordpress\/ -->\n<title>A Radio Vaticana, Intelligenza artificiale - Policlinico Universitario A. Gemelli IRCCS<\/title>\n<meta name=\"robots\" content=\"index, follow, max-snippet:-1, max-image-preview:large, max-video-preview:-1\" \/>\n<link rel=\"canonical\" href=\"https:\/\/www.policlinicogemelli.it\/en\/news-events\/a-radio-vaticana-intelligenza-artificiale\/\" \/>\n<meta property=\"og:locale\" content=\"en_US\" \/>\n<meta property=\"og:type\" content=\"article\" \/>\n<meta property=\"og:title\" content=\"A Radio Vaticana, Intelligenza artificiale - Policlinico Universitario A. Gemelli IRCCS\" \/>\n<meta property=\"og:description\" content=\"Su Radio Vaticana Italia, Effetti Collaterali, la rubrica settimanale realizzata in collaborazione con i medici della Fondazione Policlinico Universitario Agostino Gemelli IRCCS, \u00a0in onda tutti i gioved\u00ec alle ore 12.15 (e in replica lo stesso giorno alle ore 17.05 e la domenica alle ore 15.00). Intelligenza artificiale, convegno al Gemelli su opportunit\u00e0 e rischi &#8211; [&hellip;]\" \/>\n<meta property=\"og:url\" content=\"https:\/\/www.policlinicogemelli.it\/en\/news-events\/a-radio-vaticana-intelligenza-artificiale\/\" \/>\n<meta property=\"og:site_name\" content=\"Policlinico Universitario Agostino Gemelli IRCCS\" \/>\n<meta property=\"article:modified_time\" content=\"2025-03-31T13:17:25+00:00\" \/>\n<meta property=\"og:image\" content=\"https:\/\/www.policlinicogemelli.it\/wp-content\/uploads\/2019\/06\/radio-vaticana.jpg\" \/>\n\t<meta property=\"og:image:width\" content=\"850\" \/>\n\t<meta property=\"og:image:height\" content=\"495\" \/>\n\t<meta property=\"og:image:type\" content=\"image\/jpeg\" \/>\n<meta name=\"twitter:card\" content=\"summary_large_image\" \/>\n<meta name=\"twitter:label1\" content=\"Est. reading time\" \/>\n\t<meta name=\"twitter:data1\" content=\"2 minutes\" \/>\n<script type=\"application\/ld+json\" class=\"yoast-schema-graph\">{\"@context\":\"https:\\\/\\\/schema.org\",\"@graph\":[{\"@type\":\"WebPage\",\"@id\":\"https:\\\/\\\/www.policlinicogemelli.it\\\/en\\\/news-events\\\/a-radio-vaticana-intelligenza-artificiale\\\/\",\"url\":\"https:\\\/\\\/www.policlinicogemelli.it\\\/en\\\/news-events\\\/a-radio-vaticana-intelligenza-artificiale\\\/\",\"name\":\"A Radio Vaticana, Intelligenza artificiale - Policlinico Universitario A. Gemelli IRCCS\",\"isPartOf\":{\"@id\":\"https:\\\/\\\/www.policlinicogemelli.it\\\/en\\\/#website\"},\"primaryImageOfPage\":{\"@id\":\"https:\\\/\\\/www.policlinicogemelli.it\\\/en\\\/news-events\\\/a-radio-vaticana-intelligenza-artificiale\\\/#primaryimage\"},\"image\":{\"@id\":\"https:\\\/\\\/www.policlinicogemelli.it\\\/en\\\/news-events\\\/a-radio-vaticana-intelligenza-artificiale\\\/#primaryimage\"},\"thumbnailUrl\":\"https:\\\/\\\/www.policlinicogemelli.it\\\/wp-content\\\/uploads\\\/2019\\\/06\\\/radio-vaticana.jpg\",\"datePublished\":\"2019-12-12T13:00:26+00:00\",\"dateModified\":\"2025-03-31T13:17:25+00:00\",\"breadcrumb\":{\"@id\":\"https:\\\/\\\/www.policlinicogemelli.it\\\/en\\\/news-events\\\/a-radio-vaticana-intelligenza-artificiale\\\/#breadcrumb\"},\"inLanguage\":\"en-US\",\"potentialAction\":[{\"@type\":\"ReadAction\",\"target\":[\"https:\\\/\\\/www.policlinicogemelli.it\\\/en\\\/news-events\\\/a-radio-vaticana-intelligenza-artificiale\\\/\"]}]},{\"@type\":\"ImageObject\",\"inLanguage\":\"en-US\",\"@id\":\"https:\\\/\\\/www.policlinicogemelli.it\\\/en\\\/news-events\\\/a-radio-vaticana-intelligenza-artificiale\\\/#primaryimage\",\"url\":\"https:\\\/\\\/www.policlinicogemelli.it\\\/wp-content\\\/uploads\\\/2019\\\/06\\\/radio-vaticana.jpg\",\"contentUrl\":\"https:\\\/\\\/www.policlinicogemelli.it\\\/wp-content\\\/uploads\\\/2019\\\/06\\\/radio-vaticana.jpg\",\"width\":850,\"height\":495,\"caption\":\"radio vaticana\"},{\"@type\":\"BreadcrumbList\",\"@id\":\"https:\\\/\\\/www.policlinicogemelli.it\\\/en\\\/news-events\\\/a-radio-vaticana-intelligenza-artificiale\\\/#breadcrumb\",\"itemListElement\":[{\"@type\":\"ListItem\",\"position\":1,\"name\":\"Home\",\"item\":\"https:\\\/\\\/www.policlinicogemelli.it\\\/en\\\/\"},{\"@type\":\"ListItem\",\"position\":2,\"name\":\"News and Events\",\"item\":\"https:\\\/\\\/www.policlinicogemelli.it\\\/en\\\/news-events\\\/\"},{\"@type\":\"ListItem\",\"position\":3,\"name\":\"A Radio Vaticana, Intelligenza artificiale\"}]},{\"@type\":\"WebSite\",\"@id\":\"https:\\\/\\\/www.policlinicogemelli.it\\\/en\\\/#website\",\"url\":\"https:\\\/\\\/www.policlinicogemelli.it\\\/en\\\/\",\"name\":\"Policlinico Universitario Agostino Gemelli IRCCS\",\"description\":\"Policlinico Universitario Agostino Gemelli IRCCS\",\"publisher\":{\"@id\":\"https:\\\/\\\/www.policlinicogemelli.it\\\/en\\\/#organization\"},\"potentialAction\":[{\"@type\":\"SearchAction\",\"target\":{\"@type\":\"EntryPoint\",\"urlTemplate\":\"https:\\\/\\\/www.policlinicogemelli.it\\\/en\\\/?s={search_term_string}\"},\"query-input\":{\"@type\":\"PropertyValueSpecification\",\"valueRequired\":true,\"valueName\":\"search_term_string\"}}],\"inLanguage\":\"en-US\"},{\"@type\":\"Organization\",\"@id\":\"https:\\\/\\\/www.policlinicogemelli.it\\\/en\\\/#organization\",\"name\":\"Policlinico Universitario Agostino Gemelli IRCCS\",\"url\":\"https:\\\/\\\/www.policlinicogemelli.it\\\/en\\\/\",\"logo\":{\"@type\":\"ImageObject\",\"inLanguage\":\"en-US\",\"@id\":\"https:\\\/\\\/www.policlinicogemelli.it\\\/en\\\/#\\\/schema\\\/logo\\\/image\\\/\",\"url\":\"https:\\\/\\\/www.policlinicogemelli.it\\\/wp-content\\\/uploads\\\/2019\\\/02\\\/logo-policlinico-gemelli-250-trasp-color-1.png\",\"contentUrl\":\"https:\\\/\\\/www.policlinicogemelli.it\\\/wp-content\\\/uploads\\\/2019\\\/02\\\/logo-policlinico-gemelli-250-trasp-color-1.png\",\"width\":250,\"height\":82,\"caption\":\"Policlinico Universitario Agostino Gemelli IRCCS\"},\"image\":{\"@id\":\"https:\\\/\\\/www.policlinicogemelli.it\\\/en\\\/#\\\/schema\\\/logo\\\/image\\\/\"}}]}<\/script>\n<!-- \/ Yoast SEO plugin. -->","yoast_head_json":{"title":"A Radio Vaticana, Intelligenza artificiale - Policlinico Universitario A. Gemelli IRCCS","robots":{"index":"index","follow":"follow","max-snippet":"max-snippet:-1","max-image-preview":"max-image-preview:large","max-video-preview":"max-video-preview:-1"},"canonical":"https:\/\/www.policlinicogemelli.it\/en\/news-events\/a-radio-vaticana-intelligenza-artificiale\/","og_locale":"en_US","og_type":"article","og_title":"A Radio Vaticana, Intelligenza artificiale - Policlinico Universitario A. Gemelli IRCCS","og_description":"Su Radio Vaticana Italia, Effetti Collaterali, la rubrica settimanale realizzata in collaborazione con i medici della Fondazione Policlinico Universitario Agostino Gemelli IRCCS, \u00a0in onda tutti i gioved\u00ec alle ore 12.15 (e in replica lo stesso giorno alle ore 17.05 e la domenica alle ore 15.00). Intelligenza artificiale, convegno al Gemelli su opportunit\u00e0 e rischi &#8211; [&hellip;]","og_url":"https:\/\/www.policlinicogemelli.it\/en\/news-events\/a-radio-vaticana-intelligenza-artificiale\/","og_site_name":"Policlinico Universitario Agostino Gemelli IRCCS","article_modified_time":"2025-03-31T13:17:25+00:00","og_image":[{"width":850,"height":495,"url":"https:\/\/www.policlinicogemelli.it\/wp-content\/uploads\/2019\/06\/radio-vaticana.jpg","type":"image\/jpeg"}],"twitter_card":"summary_large_image","twitter_misc":{"Est. reading time":"2 minutes"},"schema":{"@context":"https:\/\/schema.org","@graph":[{"@type":"WebPage","@id":"https:\/\/www.policlinicogemelli.it\/en\/news-events\/a-radio-vaticana-intelligenza-artificiale\/","url":"https:\/\/www.policlinicogemelli.it\/en\/news-events\/a-radio-vaticana-intelligenza-artificiale\/","name":"A Radio Vaticana, Intelligenza artificiale - Policlinico Universitario A. Gemelli IRCCS","isPartOf":{"@id":"https:\/\/www.policlinicogemelli.it\/en\/#website"},"primaryImageOfPage":{"@id":"https:\/\/www.policlinicogemelli.it\/en\/news-events\/a-radio-vaticana-intelligenza-artificiale\/#primaryimage"},"image":{"@id":"https:\/\/www.policlinicogemelli.it\/en\/news-events\/a-radio-vaticana-intelligenza-artificiale\/#primaryimage"},"thumbnailUrl":"https:\/\/www.policlinicogemelli.it\/wp-content\/uploads\/2019\/06\/radio-vaticana.jpg","datePublished":"2019-12-12T13:00:26+00:00","dateModified":"2025-03-31T13:17:25+00:00","breadcrumb":{"@id":"https:\/\/www.policlinicogemelli.it\/en\/news-events\/a-radio-vaticana-intelligenza-artificiale\/#breadcrumb"},"inLanguage":"en-US","potentialAction":[{"@type":"ReadAction","target":["https:\/\/www.policlinicogemelli.it\/en\/news-events\/a-radio-vaticana-intelligenza-artificiale\/"]}]},{"@type":"ImageObject","inLanguage":"en-US","@id":"https:\/\/www.policlinicogemelli.it\/en\/news-events\/a-radio-vaticana-intelligenza-artificiale\/#primaryimage","url":"https:\/\/www.policlinicogemelli.it\/wp-content\/uploads\/2019\/06\/radio-vaticana.jpg","contentUrl":"https:\/\/www.policlinicogemelli.it\/wp-content\/uploads\/2019\/06\/radio-vaticana.jpg","width":850,"height":495,"caption":"radio vaticana"},{"@type":"BreadcrumbList","@id":"https:\/\/www.policlinicogemelli.it\/en\/news-events\/a-radio-vaticana-intelligenza-artificiale\/#breadcrumb","itemListElement":[{"@type":"ListItem","position":1,"name":"Home","item":"https:\/\/www.policlinicogemelli.it\/en\/"},{"@type":"ListItem","position":2,"name":"News and Events","item":"https:\/\/www.policlinicogemelli.it\/en\/news-events\/"},{"@type":"ListItem","position":3,"name":"A Radio Vaticana, Intelligenza artificiale"}]},{"@type":"WebSite","@id":"https:\/\/www.policlinicogemelli.it\/en\/#website","url":"https:\/\/www.policlinicogemelli.it\/en\/","name":"Policlinico Universitario Agostino Gemelli IRCCS","description":"Policlinico Universitario Agostino Gemelli IRCCS","publisher":{"@id":"https:\/\/www.policlinicogemelli.it\/en\/#organization"},"potentialAction":[{"@type":"SearchAction","target":{"@type":"EntryPoint","urlTemplate":"https:\/\/www.policlinicogemelli.it\/en\/?s={search_term_string}"},"query-input":{"@type":"PropertyValueSpecification","valueRequired":true,"valueName":"search_term_string"}}],"inLanguage":"en-US"},{"@type":"Organization","@id":"https:\/\/www.policlinicogemelli.it\/en\/#organization","name":"Policlinico Universitario Agostino Gemelli IRCCS","url":"https:\/\/www.policlinicogemelli.it\/en\/","logo":{"@type":"ImageObject","inLanguage":"en-US","@id":"https:\/\/www.policlinicogemelli.it\/en\/#\/schema\/logo\/image\/","url":"https:\/\/www.policlinicogemelli.it\/wp-content\/uploads\/2019\/02\/logo-policlinico-gemelli-250-trasp-color-1.png","contentUrl":"https:\/\/www.policlinicogemelli.it\/wp-content\/uploads\/2019\/02\/logo-policlinico-gemelli-250-trasp-color-1.png","width":250,"height":82,"caption":"Policlinico Universitario Agostino Gemelli IRCCS"},"image":{"@id":"https:\/\/www.policlinicogemelli.it\/en\/#\/schema\/logo\/image\/"}}]}},"rest_api_enabler":[],"_links":{"self":[{"href":"https:\/\/www.policlinicogemelli.it\/en\/wp-json\/wp\/v2\/news\/22384","targetHints":{"allow":["GET"]}}],"collection":[{"href":"https:\/\/www.policlinicogemelli.it\/en\/wp-json\/wp\/v2\/news"}],"about":[{"href":"https:\/\/www.policlinicogemelli.it\/en\/wp-json\/wp\/v2\/types\/kf_gem_news"}],"version-history":[{"count":0,"href":"https:\/\/www.policlinicogemelli.it\/en\/wp-json\/wp\/v2\/news\/22384\/revisions"}],"wp:featuredmedia":[{"embeddable":true,"href":"https:\/\/www.policlinicogemelli.it\/en\/wp-json\/wp\/v2\/media\/17768"}],"wp:attachment":[{"href":"https:\/\/www.policlinicogemelli.it\/en\/wp-json\/wp\/v2\/media?parent=22384"}],"wp:term":[{"taxonomy":"kf_gem_newscat","embeddable":true,"href":"https:\/\/www.policlinicogemelli.it\/en\/wp-json\/wp\/v2\/categorie?post=22384"}],"curies":[{"name":"wp","href":"https:\/\/api.w.org\/{rel}","templated":true}]}}