{"id":20748,"date":"2019-11-27T10:02:46","date_gmt":"2019-11-27T10:02:46","guid":{"rendered":"https:\/\/www.policlinicogemelli.it\/news-eventi\/parte-al-gemelli-il-percorso-clinico-assistenziale-dedicato-alla-donna-con-mioma-atipico\/"},"modified":"2019-11-27T10:02:46","modified_gmt":"2019-11-27T10:02:46","slug":"parte-al-gemelli-il-percorso-clinico-assistenziale-dedicato-alla-donna-con-mioma-atipico","status":"publish","type":"kf_gem_news","link":"https:\/\/www.policlinicogemelli.it\/en\/news-events\/parte-al-gemelli-il-percorso-clinico-assistenziale-dedicato-alla-donna-con-mioma-atipico\/","title":{"rendered":"Parte al Gemelli il Percorso Clinico Assistenziale dedicato alla donna con mioma atipico"},"content":{"rendered":"\n<p><strong><em>Sar\u00e0 presentato domani, gioved\u00ec 28 novembre, hall\ndel Policlinico.<\/em><\/strong><\/p>\n\n\n\n<p><strong><em>L\u2019importanza di un preciso inquadramento\ndiagnostico per il migliore trattamento terapeutico dei fibromi uterini che\ncolpiscono circa il 60% delle donne in et\u00e0 riproduttiva.<\/em><\/strong><\/p>\n\n\n\n<p><strong>Un percorso clinico assistenziale (PCA) dedicato alla donna con mioma atipico, promosso dagli specialisti della Fondazione Policlinico Universitario Agostino Gemelli IRCCS, sar\u00e0 presentato domani, gioved\u00ec 28 novembre, alle ore 13.00 nella hall dell\u2019ospedale.<\/strong><\/p>\n\n\n\n<p>Il\nmioma, o fibroma uterino, \u00e8 il pi\u00f9 frequente tumore benigno dell&#8217;utero ed \u00e8\ndovuto all&#8217;esagerato sviluppo di cellule muscolari lisce dell&#8217;utero.&nbsp; La prevalenza dei miomi aumenta con l\u2019et\u00e0, ed\n\u00e8 molto alta: circa il 60% di tutte le donne in et\u00e0 riproduttiva ne \u00e8 affetta. <\/p>\n\n\n\n<p>Nella\nstragrande maggioranza dei casi si tratta di formazioni benigne ben\ndifferenziate, ma ad oggi non ci sono ancora indicazioni chiare su come\ndistinguere nella diagnosi le formazioni miometriali benigne da quelle\nmaligne.&nbsp; <\/p>\n\n\n\n<p>Il PCA dedicato alla donna con\nmioma atipico sar\u00e0 illustrato dai professori <strong>Walter Ricciardi<\/strong>, ordinario di Igiene e Sanit\u00e0 Pubblica all\u2019Universit\u00e0\nCattolica e Direttore del Dipartimento di Scienze della Salute della Donna, del\nBambino e di Sanit\u00e0 Pubblica, e da <strong>Giovanni\nScambia<\/strong>, ordinario di Clinica Ostetrica e Ginecologica all\u2019Universit\u00e0\nCattolica e Direttore Scientifico della Fondazione Policlinico Universitario\nAgostino Gemelli IRCCS.<\/p>\n\n\n\n<p>Il <em>\u201c<\/em>modello di gestione per Percorsi Clinico Assistenziali\u201d sar\u00e0 presentato\nda <strong>Antonio Giulio<\/strong> <strong>de Belvis<\/strong>, Direttore UOC Percorsi e Valutazione\nOutcome Clinici del Policlinico Universitario A. Gemelli IRCSS.<\/p>\n\n\n\n<p>Nella\n<strong>paziente asintomatica<\/strong>, la gestione ottimale della paziente con mioma\nuterino pu\u00f2 prevedere un trattamento di monitoraggio nel tempo. In quella <strong>sintomatica\n<\/strong>pu\u00f2 prevedere il <strong>trattamento medico, non invasivo, o chirurgico, con\napproccio conservativo o meno.<\/strong> Ognuna di queste scelte ha impatti diversi\nsu qualit\u00e0 della vita e costi dell\u2019assistenza. <\/p>\n\n\n\n<p>\u201cPer\nquesto motivo \u2013 anticipa il professor Scambia &#8211; \u00e8 di fondamentale importanza un\npreciso inquadramento della paziente al fine di proporle il migliore\ntrattamento terapeutico, laddove siano disponibili evidenze proposte dalle\nprincipali societ\u00e0 scientifiche nazionali e internazionali\u201d.<\/p>\n\n\n\n<p>Con\nquesto obiettivo nasce il PCA dedicato alla donna con mioma atipico al Policlinico\nGemelli, struttura che ha il numero pi\u00f9 alto (885 casi) in Italia di interventi\nchirurgici per tumore maligno uterino, secondo i dati del Programma Nazionale Esiti\n2018 su dati 2017, strumento di valutazione a supporto di programmi di audit\nclinico e organizzativo. Il Percorso intende supportare gli specialisti del\nGemelli e orientare i medici del territorio nella decisione, per guidarli nel\nmigliore trattamento di fronte ad un quadro di sospetto, per costruire insieme\nalla persona un percorso assistenziale personalizzato. <\/p>\n\n\n\n<p>\u201cRiducendo\nla discrezionalit\u00e0 del singolo nella decisione terapeutica \u2013 afferma il\nprofessor de Belvis &#8211; &nbsp;anche attraverso\nmeccanismi di valutazione multidisciplinare, sar\u00e0 possibile avere pi\u00f9\nappropriatezza, meno costi per le strutture ospedaliere e per il sistema\nsanitario e, soprattutto, un miglioramento della qualit\u00e0 di vita per le\npazienti\u201d.<\/p>\n\n\n\n<p>Alla presentazione interverranno\nspecialisti del Gemelli e dell\u2019Universit\u00e0 Cattolica <strong>Francesca Ciccarone, <\/strong>medico specialista UOC Ginecologia Oncologica,<strong> Daniela Romualdi, <\/strong>dirigente medico UOC\nGinecologia Oncologica e direttore UOC Ginecologia e Ostetricia Pia Fondazione\ndi Culto e Religione, Azienda Ospedaliera Cardinale Panico, Tricase (LE), <strong>Antonia Carla Testa<\/strong>, professore\nassociato di Clinica Ostetrica e Ginecologica e responsabile scientifico Centro\ndi Ecografia in Ginecologia Oncologica, \u2018Class Ultrasound\u2019.<\/p>\n\n\n\n<p>Concluder\u00e0 i lavori il dottor <strong>Andrea Cambieri<\/strong>,Direttore Sanitario della Fondazione Policlinico Universitario\nAgostino Gemelli IRCCS. <\/p>\n","protected":false},"excerpt":{"rendered":"<p>Sar\u00e0 presentato domani, gioved\u00ec 28 novembre, hall del Policlinico. L\u2019importanza di un preciso inquadramento diagnostico per il migliore trattamento terapeutico dei fibromi uterini che colpiscono circa il 60% delle donne in et\u00e0 riproduttiva. Un percorso clinico assistenziale (PCA) dedicato alla donna con mioma atipico, promosso dagli specialisti della Fondazione Policlinico Universitario Agostino Gemelli IRCCS, sar\u00e0 [&hellip;]<\/p>\n","protected":false},"featured_media":17251,"template":"","categorie":[93],"class_list":{"0":"post-20748","1":"kf_gem_news","2":"type-kf_gem_news","3":"status-publish","4":"has-post-thumbnail","6":"kf_gem_newscat-events","7":"entry"},"acf":[],"yoast_head":"<!-- This site is optimized with the Yoast SEO plugin v27.5 - https:\/\/yoast.com\/product\/yoast-seo-wordpress\/ -->\n<title>Parte al Gemelli il Percorso Clinico Assistenziale dedicato alla donna con mioma atipico - Policlinico Universitario A. Gemelli IRCCS<\/title>\n<meta name=\"robots\" content=\"index, follow, max-snippet:-1, max-image-preview:large, max-video-preview:-1\" \/>\n<link rel=\"canonical\" href=\"https:\/\/www.policlinicogemelli.it\/en\/news-events\/parte-al-gemelli-il-percorso-clinico-assistenziale-dedicato-alla-donna-con-mioma-atipico\/\" \/>\n<meta property=\"og:locale\" content=\"en_US\" \/>\n<meta property=\"og:type\" content=\"article\" \/>\n<meta property=\"og:title\" content=\"Parte al Gemelli il Percorso Clinico Assistenziale dedicato alla donna con mioma atipico - Policlinico Universitario A. Gemelli IRCCS\" \/>\n<meta property=\"og:description\" content=\"Sar\u00e0 presentato domani, gioved\u00ec 28 novembre, hall del Policlinico. L\u2019importanza di un preciso inquadramento diagnostico per il migliore trattamento terapeutico dei fibromi uterini che colpiscono circa il 60% delle donne in et\u00e0 riproduttiva. Un percorso clinico assistenziale (PCA) dedicato alla donna con mioma atipico, promosso dagli specialisti della Fondazione Policlinico Universitario Agostino Gemelli IRCCS, sar\u00e0 [&hellip;]\" \/>\n<meta property=\"og:url\" content=\"https:\/\/www.policlinicogemelli.it\/en\/news-events\/parte-al-gemelli-il-percorso-clinico-assistenziale-dedicato-alla-donna-con-mioma-atipico\/\" \/>\n<meta property=\"og:site_name\" content=\"Policlinico Universitario Agostino Gemelli IRCCS\" \/>\n<meta property=\"og:image\" content=\"https:\/\/www.policlinicogemelli.it\/wp-content\/uploads\/2019\/11\/immagine-in-evidenza-fibroma-uterino.jpg\" \/>\n\t<meta property=\"og:image:width\" content=\"879\" \/>\n\t<meta property=\"og:image:height\" content=\"495\" \/>\n\t<meta property=\"og:image:type\" content=\"image\/jpeg\" \/>\n<meta name=\"twitter:card\" content=\"summary_large_image\" \/>\n<meta name=\"twitter:label1\" content=\"Est. reading time\" \/>\n\t<meta name=\"twitter:data1\" content=\"3 minutes\" \/>\n<script type=\"application\/ld+json\" class=\"yoast-schema-graph\">{\"@context\":\"https:\\\/\\\/schema.org\",\"@graph\":[{\"@type\":\"WebPage\",\"@id\":\"https:\\\/\\\/www.policlinicogemelli.it\\\/en\\\/news-events\\\/parte-al-gemelli-il-percorso-clinico-assistenziale-dedicato-alla-donna-con-mioma-atipico\\\/\",\"url\":\"https:\\\/\\\/www.policlinicogemelli.it\\\/en\\\/news-events\\\/parte-al-gemelli-il-percorso-clinico-assistenziale-dedicato-alla-donna-con-mioma-atipico\\\/\",\"name\":\"Parte al Gemelli il Percorso Clinico Assistenziale dedicato alla donna con mioma atipico - Policlinico Universitario A. Gemelli IRCCS\",\"isPartOf\":{\"@id\":\"https:\\\/\\\/www.policlinicogemelli.it\\\/en\\\/#website\"},\"primaryImageOfPage\":{\"@id\":\"https:\\\/\\\/www.policlinicogemelli.it\\\/en\\\/news-events\\\/parte-al-gemelli-il-percorso-clinico-assistenziale-dedicato-alla-donna-con-mioma-atipico\\\/#primaryimage\"},\"image\":{\"@id\":\"https:\\\/\\\/www.policlinicogemelli.it\\\/en\\\/news-events\\\/parte-al-gemelli-il-percorso-clinico-assistenziale-dedicato-alla-donna-con-mioma-atipico\\\/#primaryimage\"},\"thumbnailUrl\":\"https:\\\/\\\/www.policlinicogemelli.it\\\/wp-content\\\/uploads\\\/2019\\\/11\\\/immagine-in-evidenza-fibroma-uterino.jpg\",\"datePublished\":\"2019-11-27T10:02:46+00:00\",\"breadcrumb\":{\"@id\":\"https:\\\/\\\/www.policlinicogemelli.it\\\/en\\\/news-events\\\/parte-al-gemelli-il-percorso-clinico-assistenziale-dedicato-alla-donna-con-mioma-atipico\\\/#breadcrumb\"},\"inLanguage\":\"en-US\",\"potentialAction\":[{\"@type\":\"ReadAction\",\"target\":[\"https:\\\/\\\/www.policlinicogemelli.it\\\/en\\\/news-events\\\/parte-al-gemelli-il-percorso-clinico-assistenziale-dedicato-alla-donna-con-mioma-atipico\\\/\"]}]},{\"@type\":\"ImageObject\",\"inLanguage\":\"en-US\",\"@id\":\"https:\\\/\\\/www.policlinicogemelli.it\\\/en\\\/news-events\\\/parte-al-gemelli-il-percorso-clinico-assistenziale-dedicato-alla-donna-con-mioma-atipico\\\/#primaryimage\",\"url\":\"https:\\\/\\\/www.policlinicogemelli.it\\\/wp-content\\\/uploads\\\/2019\\\/11\\\/immagine-in-evidenza-fibroma-uterino.jpg\",\"contentUrl\":\"https:\\\/\\\/www.policlinicogemelli.it\\\/wp-content\\\/uploads\\\/2019\\\/11\\\/immagine-in-evidenza-fibroma-uterino.jpg\",\"width\":879,\"height\":495},{\"@type\":\"BreadcrumbList\",\"@id\":\"https:\\\/\\\/www.policlinicogemelli.it\\\/en\\\/news-events\\\/parte-al-gemelli-il-percorso-clinico-assistenziale-dedicato-alla-donna-con-mioma-atipico\\\/#breadcrumb\",\"itemListElement\":[{\"@type\":\"ListItem\",\"position\":1,\"name\":\"Home\",\"item\":\"https:\\\/\\\/www.policlinicogemelli.it\\\/en\\\/\"},{\"@type\":\"ListItem\",\"position\":2,\"name\":\"News and Events\",\"item\":\"https:\\\/\\\/www.policlinicogemelli.it\\\/en\\\/news-events\\\/\"},{\"@type\":\"ListItem\",\"position\":3,\"name\":\"Parte al Gemelli il Percorso Clinico Assistenziale dedicato alla donna con mioma atipico\"}]},{\"@type\":\"WebSite\",\"@id\":\"https:\\\/\\\/www.policlinicogemelli.it\\\/en\\\/#website\",\"url\":\"https:\\\/\\\/www.policlinicogemelli.it\\\/en\\\/\",\"name\":\"Policlinico Universitario Agostino Gemelli IRCCS\",\"description\":\"Policlinico Universitario Agostino Gemelli IRCCS\",\"publisher\":{\"@id\":\"https:\\\/\\\/www.policlinicogemelli.it\\\/en\\\/#organization\"},\"potentialAction\":[{\"@type\":\"SearchAction\",\"target\":{\"@type\":\"EntryPoint\",\"urlTemplate\":\"https:\\\/\\\/www.policlinicogemelli.it\\\/en\\\/?s={search_term_string}\"},\"query-input\":{\"@type\":\"PropertyValueSpecification\",\"valueRequired\":true,\"valueName\":\"search_term_string\"}}],\"inLanguage\":\"en-US\"},{\"@type\":\"Organization\",\"@id\":\"https:\\\/\\\/www.policlinicogemelli.it\\\/en\\\/#organization\",\"name\":\"Policlinico Universitario Agostino Gemelli IRCCS\",\"url\":\"https:\\\/\\\/www.policlinicogemelli.it\\\/en\\\/\",\"logo\":{\"@type\":\"ImageObject\",\"inLanguage\":\"en-US\",\"@id\":\"https:\\\/\\\/www.policlinicogemelli.it\\\/en\\\/#\\\/schema\\\/logo\\\/image\\\/\",\"url\":\"https:\\\/\\\/www.policlinicogemelli.it\\\/wp-content\\\/uploads\\\/2019\\\/02\\\/logo-policlinico-gemelli-250-trasp-color-1.png\",\"contentUrl\":\"https:\\\/\\\/www.policlinicogemelli.it\\\/wp-content\\\/uploads\\\/2019\\\/02\\\/logo-policlinico-gemelli-250-trasp-color-1.png\",\"width\":250,\"height\":82,\"caption\":\"Policlinico Universitario Agostino Gemelli IRCCS\"},\"image\":{\"@id\":\"https:\\\/\\\/www.policlinicogemelli.it\\\/en\\\/#\\\/schema\\\/logo\\\/image\\\/\"}}]}<\/script>\n<!-- \/ Yoast SEO plugin. -->","yoast_head_json":{"title":"Parte al Gemelli il Percorso Clinico Assistenziale dedicato alla donna con mioma atipico - Policlinico Universitario A. Gemelli IRCCS","robots":{"index":"index","follow":"follow","max-snippet":"max-snippet:-1","max-image-preview":"max-image-preview:large","max-video-preview":"max-video-preview:-1"},"canonical":"https:\/\/www.policlinicogemelli.it\/en\/news-events\/parte-al-gemelli-il-percorso-clinico-assistenziale-dedicato-alla-donna-con-mioma-atipico\/","og_locale":"en_US","og_type":"article","og_title":"Parte al Gemelli il Percorso Clinico Assistenziale dedicato alla donna con mioma atipico - Policlinico Universitario A. Gemelli IRCCS","og_description":"Sar\u00e0 presentato domani, gioved\u00ec 28 novembre, hall del Policlinico. L\u2019importanza di un preciso inquadramento diagnostico per il migliore trattamento terapeutico dei fibromi uterini che colpiscono circa il 60% delle donne in et\u00e0 riproduttiva. Un percorso clinico assistenziale (PCA) dedicato alla donna con mioma atipico, promosso dagli specialisti della Fondazione Policlinico Universitario Agostino Gemelli IRCCS, sar\u00e0 [&hellip;]","og_url":"https:\/\/www.policlinicogemelli.it\/en\/news-events\/parte-al-gemelli-il-percorso-clinico-assistenziale-dedicato-alla-donna-con-mioma-atipico\/","og_site_name":"Policlinico Universitario Agostino Gemelli IRCCS","og_image":[{"width":879,"height":495,"url":"https:\/\/www.policlinicogemelli.it\/wp-content\/uploads\/2019\/11\/immagine-in-evidenza-fibroma-uterino.jpg","type":"image\/jpeg"}],"twitter_card":"summary_large_image","twitter_misc":{"Est. reading time":"3 minutes"},"schema":{"@context":"https:\/\/schema.org","@graph":[{"@type":"WebPage","@id":"https:\/\/www.policlinicogemelli.it\/en\/news-events\/parte-al-gemelli-il-percorso-clinico-assistenziale-dedicato-alla-donna-con-mioma-atipico\/","url":"https:\/\/www.policlinicogemelli.it\/en\/news-events\/parte-al-gemelli-il-percorso-clinico-assistenziale-dedicato-alla-donna-con-mioma-atipico\/","name":"Parte al Gemelli il Percorso Clinico Assistenziale dedicato alla donna con mioma atipico - Policlinico Universitario A. Gemelli IRCCS","isPartOf":{"@id":"https:\/\/www.policlinicogemelli.it\/en\/#website"},"primaryImageOfPage":{"@id":"https:\/\/www.policlinicogemelli.it\/en\/news-events\/parte-al-gemelli-il-percorso-clinico-assistenziale-dedicato-alla-donna-con-mioma-atipico\/#primaryimage"},"image":{"@id":"https:\/\/www.policlinicogemelli.it\/en\/news-events\/parte-al-gemelli-il-percorso-clinico-assistenziale-dedicato-alla-donna-con-mioma-atipico\/#primaryimage"},"thumbnailUrl":"https:\/\/www.policlinicogemelli.it\/wp-content\/uploads\/2019\/11\/immagine-in-evidenza-fibroma-uterino.jpg","datePublished":"2019-11-27T10:02:46+00:00","breadcrumb":{"@id":"https:\/\/www.policlinicogemelli.it\/en\/news-events\/parte-al-gemelli-il-percorso-clinico-assistenziale-dedicato-alla-donna-con-mioma-atipico\/#breadcrumb"},"inLanguage":"en-US","potentialAction":[{"@type":"ReadAction","target":["https:\/\/www.policlinicogemelli.it\/en\/news-events\/parte-al-gemelli-il-percorso-clinico-assistenziale-dedicato-alla-donna-con-mioma-atipico\/"]}]},{"@type":"ImageObject","inLanguage":"en-US","@id":"https:\/\/www.policlinicogemelli.it\/en\/news-events\/parte-al-gemelli-il-percorso-clinico-assistenziale-dedicato-alla-donna-con-mioma-atipico\/#primaryimage","url":"https:\/\/www.policlinicogemelli.it\/wp-content\/uploads\/2019\/11\/immagine-in-evidenza-fibroma-uterino.jpg","contentUrl":"https:\/\/www.policlinicogemelli.it\/wp-content\/uploads\/2019\/11\/immagine-in-evidenza-fibroma-uterino.jpg","width":879,"height":495},{"@type":"BreadcrumbList","@id":"https:\/\/www.policlinicogemelli.it\/en\/news-events\/parte-al-gemelli-il-percorso-clinico-assistenziale-dedicato-alla-donna-con-mioma-atipico\/#breadcrumb","itemListElement":[{"@type":"ListItem","position":1,"name":"Home","item":"https:\/\/www.policlinicogemelli.it\/en\/"},{"@type":"ListItem","position":2,"name":"News and Events","item":"https:\/\/www.policlinicogemelli.it\/en\/news-events\/"},{"@type":"ListItem","position":3,"name":"Parte al Gemelli il Percorso Clinico Assistenziale dedicato alla donna con mioma atipico"}]},{"@type":"WebSite","@id":"https:\/\/www.policlinicogemelli.it\/en\/#website","url":"https:\/\/www.policlinicogemelli.it\/en\/","name":"Policlinico Universitario Agostino Gemelli IRCCS","description":"Policlinico Universitario Agostino Gemelli IRCCS","publisher":{"@id":"https:\/\/www.policlinicogemelli.it\/en\/#organization"},"potentialAction":[{"@type":"SearchAction","target":{"@type":"EntryPoint","urlTemplate":"https:\/\/www.policlinicogemelli.it\/en\/?s={search_term_string}"},"query-input":{"@type":"PropertyValueSpecification","valueRequired":true,"valueName":"search_term_string"}}],"inLanguage":"en-US"},{"@type":"Organization","@id":"https:\/\/www.policlinicogemelli.it\/en\/#organization","name":"Policlinico Universitario Agostino Gemelli IRCCS","url":"https:\/\/www.policlinicogemelli.it\/en\/","logo":{"@type":"ImageObject","inLanguage":"en-US","@id":"https:\/\/www.policlinicogemelli.it\/en\/#\/schema\/logo\/image\/","url":"https:\/\/www.policlinicogemelli.it\/wp-content\/uploads\/2019\/02\/logo-policlinico-gemelli-250-trasp-color-1.png","contentUrl":"https:\/\/www.policlinicogemelli.it\/wp-content\/uploads\/2019\/02\/logo-policlinico-gemelli-250-trasp-color-1.png","width":250,"height":82,"caption":"Policlinico Universitario Agostino Gemelli IRCCS"},"image":{"@id":"https:\/\/www.policlinicogemelli.it\/en\/#\/schema\/logo\/image\/"}}]}},"rest_api_enabler":[],"_links":{"self":[{"href":"https:\/\/www.policlinicogemelli.it\/en\/wp-json\/wp\/v2\/news\/20748","targetHints":{"allow":["GET"]}}],"collection":[{"href":"https:\/\/www.policlinicogemelli.it\/en\/wp-json\/wp\/v2\/news"}],"about":[{"href":"https:\/\/www.policlinicogemelli.it\/en\/wp-json\/wp\/v2\/types\/kf_gem_news"}],"version-history":[{"count":0,"href":"https:\/\/www.policlinicogemelli.it\/en\/wp-json\/wp\/v2\/news\/20748\/revisions"}],"wp:featuredmedia":[{"embeddable":true,"href":"https:\/\/www.policlinicogemelli.it\/en\/wp-json\/wp\/v2\/media\/17251"}],"wp:attachment":[{"href":"https:\/\/www.policlinicogemelli.it\/en\/wp-json\/wp\/v2\/media?parent=20748"}],"wp:term":[{"taxonomy":"kf_gem_newscat","embeddable":true,"href":"https:\/\/www.policlinicogemelli.it\/en\/wp-json\/wp\/v2\/categorie?post=20748"}],"curies":[{"name":"wp","href":"https:\/\/api.w.org\/{rel}","templated":true}]}}