{"id":20718,"date":"2019-10-21T13:20:13","date_gmt":"2019-10-21T13:20:13","guid":{"rendered":"https:\/\/www.policlinicogemelli.it\/news-eventi\/domani-al-gemelli-presentazione-del-progetto-connettiamoci-attivamente-per-luso-corretto-dei-dispositivi-tecnologici-da-parte-dei-minori\/"},"modified":"2019-10-21T13:20:13","modified_gmt":"2019-10-21T13:20:13","slug":"domani-al-gemelli-presentazione-del-progetto-connettiamoci-attivamente-per-luso-corretto-dei-dispositivi-tecnologici-da-parte-dei-minori","status":"publish","type":"kf_gem_news","link":"https:\/\/www.policlinicogemelli.it\/en\/news-events\/domani-al-gemelli-presentazione-del-progetto-connettiamoci-attivamente-per-luso-corretto-dei-dispositivi-tecnologici-da-parte-dei-minori\/","title":{"rendered":"Al Gemelli presentazione del progetto \u201cConnettiamoci attivamente\u201d uso corretto dispositivi tecnologici da parte dei minori."},"content":{"rendered":"\n<p><strong>Marted\u00ec 22 ottobre, alle ore 15.00, nella Hall del Policlinico Universitario A. Gemelli IRCCS, l\u2019Associazione culturale Progetto AttivaMente, presenta il progetto \u201cConnettiamoci attivamente\u201d.<\/strong><\/p>\n\n\n\n<p>\u201dSi parler\u00e0 di un tema&nbsp;articolato e attuale,&nbsp;legato all\u2019uso dei dispositivi tecnologici di comunicazione di massa e del\ncorretto approccio per eliminare o ridurre i danni non solo psicologici ma\nanche&nbsp;fisici che l&#8217;uso&nbsp;eccessivo&nbsp;dei\ndispositivi potrebbe creare ai minori &#8211; anticipa <strong>laria Lazzareschi<\/strong>, pediatra della Fondazione Policlinico\nuniversitario agostino gemelli IRCCS, tra i promotori dell\u2019iniziativa insieme a\n<strong>Enrica leo<\/strong> presidente dell\u2019associazione\nculturale. \u2013\u201c. <\/p>\n\n\n\n<p>Partecipano all\u2019incontro medici, psicologi ed\nesperti per un confronto sull\u2019uso dei\ndispositivi e in particolare sull\u2019uso degli smartphone in et\u00e0 pediatrica.<\/p>\n\n\n\n<p><strong>\u201cConnettiamoci attivamente\u201d<\/strong>, \u00e8 il tema dell\u2019evento nonch\u00e9il nome del progetto (www.\nConnettiamoci.eu) che tratta le tematiche legate all\u2019utilizzo invasivo e\nincontrollato dei dispositivi mobili, in particolare degli smartphone, da parte\ndei minorenni, parla del diritto alla salute, alla sicurezza, all\u2019istruzione,\ndi problematiche legate al mondo web in generale. Con il coinvolgimento delle\nscuole perch\u00e9 la scuola \u00e8 intesa come uno dei luoghi ideali di intermediazione\ne di sensibilizzazione delle famiglie e dei ragazzi stessi, in grado di\nattivare una divulgazione pi\u00f9 ampia. L\u2019obiettivo del progetto \u00e8 rendere gli\nstudenti figure attive di percorso correttivo e di una riflessione sulle\nrelazioni umane, a partire dal ruolo genitoriale fino a tutti i ruoli di\nmediazione dei vari soggetti della societ\u00e0 (scuola, pediatri, media, ecc.), a\ntutela degli interessi dei soggetti pi\u00f9 deboli.<\/p>\n\n\n\n<p>Nelle\nfasce di et\u00e0 sempre pi\u00f9 basse infatti, gli smartphone&nbsp;interferiscono in modo sempre pi\u00f9 invasivo\nsulle attivit\u00e0 quotidiane, sul comportamento e sulle relazioni creando\ndipendenza con distrazioni continue, abbassamento della qualit\u00e0 delle attivit\u00e0\nquotidiane, delle relazioni, della sicurezza, della salute fisica e psichica.<\/p>\n\n\n\n<p>Interverranno: <strong>Eugenio Mercuri,<\/strong> direttore dell\u2019Area Salute del bambino e\ndell\u2019Area di neuropsichiatria infantile, nonch\u00e9 direttore scientifico del NINeR\ndella Fondazione Policlinico Universitario Agostino Gemelli IRCCS aprir\u00e0 i\nlavori e a seguire, <strong>Enrica Leo<\/strong>,\npresidente dell\u2019Associazione Culturale Attiva Mente. <\/p>\n\n\n\n<p>Saranno inoltre presenti i pediatri del Gemelli, <strong>Piero Valentini<\/strong> e <strong>Pietro Ferrara,<\/strong> presidente della Societ\u00e0 Italiana di Pediatria, sez Lazio, parleranno della Tutela della Salute Fisica e Psichica del bambino e dell\u2019Adolescente, seguir\u00e0 la relazione della neuropsicologa e psicoterapeuta, <strong>Daniela Chieffo<\/strong> che con lo psichiatra e responsabile dell\u2019ambulatorio per la psicopatologia web mediatica del Gemelli, <strong>Federico Tonioni,<\/strong> sottolineeranno i comportamenti adattivi e disadattivi dei minori con l\u2019uso della tecnologia.<\/p>\n\n\n\n<p>Al meeting porteranno il loro contributo\ninoltre<strong> Giancarlo Gennaro<\/strong> della\nPolizia di Stato con <strong>Franco Fabbri,<\/strong>\ndell\u2019Associazione nazionale funzionari di Polizia consiglieranno i\ncomportamenti per essere sicuri nel \u201cMuoversi tra il mondo web e il mondo reale\u201d.\nInfine il presidente dell\u2019Associazione Nazionale Presidi, <strong>Lazio Mario Rusconi,<\/strong> concluder\u00e0 i lavori con la relazione sulle \u201cPotenzialit\u00e0\ntecnologiche, istruzione e conoscenza\u201d.<\/p>\n","protected":false},"excerpt":{"rendered":"<p>Marted\u00ec 22 ottobre, alle ore 15.00, nella Hall del Policlinico Universitario A. Gemelli IRCCS, l\u2019Associazione culturale Progetto AttivaMente, presenta il progetto \u201cConnettiamoci attivamente\u201d. \u201dSi parler\u00e0 di un tema&nbsp;articolato e attuale,&nbsp;legato all\u2019uso dei dispositivi tecnologici di comunicazione di massa e del corretto approccio per eliminare o ridurre i danni non solo psicologici ma anche&nbsp;fisici che l&#8217;uso&nbsp;eccessivo&nbsp;dei [&hellip;]<\/p>\n","protected":false},"featured_media":16555,"template":"","categorie":[93],"class_list":{"0":"post-20718","1":"kf_gem_news","2":"type-kf_gem_news","3":"status-publish","4":"has-post-thumbnail","6":"kf_gem_newscat-events","7":"entry"},"acf":[],"yoast_head":"<!-- This site is optimized with the Yoast SEO plugin v27.5 - https:\/\/yoast.com\/product\/yoast-seo-wordpress\/ -->\n<title>Al Gemelli presentazione del progetto \u201cConnettiamoci attivamente\u201d uso corretto dispositivi tecnologici da parte dei minori. - Policlinico Universitario A. Gemelli IRCCS<\/title>\n<meta name=\"robots\" content=\"index, follow, max-snippet:-1, max-image-preview:large, max-video-preview:-1\" \/>\n<link rel=\"canonical\" href=\"https:\/\/www.policlinicogemelli.it\/en\/news-events\/domani-al-gemelli-presentazione-del-progetto-connettiamoci-attivamente-per-luso-corretto-dei-dispositivi-tecnologici-da-parte-dei-minori\/\" \/>\n<meta property=\"og:locale\" content=\"en_US\" \/>\n<meta property=\"og:type\" content=\"article\" \/>\n<meta property=\"og:title\" content=\"Al Gemelli presentazione del progetto \u201cConnettiamoci attivamente\u201d uso corretto dispositivi tecnologici da parte dei minori. - Policlinico Universitario A. Gemelli IRCCS\" \/>\n<meta property=\"og:description\" content=\"Marted\u00ec 22 ottobre, alle ore 15.00, nella Hall del Policlinico Universitario A. Gemelli IRCCS, l\u2019Associazione culturale Progetto AttivaMente, presenta il progetto \u201cConnettiamoci attivamente\u201d. \u201dSi parler\u00e0 di un tema&nbsp;articolato e attuale,&nbsp;legato all\u2019uso dei dispositivi tecnologici di comunicazione di massa e del corretto approccio per eliminare o ridurre i danni non solo psicologici ma anche&nbsp;fisici che l&#8217;uso&nbsp;eccessivo&nbsp;dei [&hellip;]\" \/>\n<meta property=\"og:url\" content=\"https:\/\/www.policlinicogemelli.it\/en\/news-events\/domani-al-gemelli-presentazione-del-progetto-connettiamoci-attivamente-per-luso-corretto-dei-dispositivi-tecnologici-da-parte-dei-minori\/\" \/>\n<meta property=\"og:site_name\" content=\"Policlinico Universitario Agostino Gemelli IRCCS\" \/>\n<meta property=\"og:image\" content=\"https:\/\/www.policlinicogemelli.it\/wp-content\/uploads\/2019\/10\/Connettiamoci.jpg\" \/>\n\t<meta property=\"og:image:width\" content=\"848\" \/>\n\t<meta property=\"og:image:height\" content=\"565\" \/>\n\t<meta property=\"og:image:type\" content=\"image\/jpeg\" \/>\n<meta name=\"twitter:card\" content=\"summary_large_image\" \/>\n<meta name=\"twitter:label1\" content=\"Est. reading time\" \/>\n\t<meta name=\"twitter:data1\" content=\"2 minutes\" \/>\n<script type=\"application\/ld+json\" class=\"yoast-schema-graph\">{\"@context\":\"https:\\\/\\\/schema.org\",\"@graph\":[{\"@type\":\"WebPage\",\"@id\":\"https:\\\/\\\/www.policlinicogemelli.it\\\/en\\\/news-events\\\/domani-al-gemelli-presentazione-del-progetto-connettiamoci-attivamente-per-luso-corretto-dei-dispositivi-tecnologici-da-parte-dei-minori\\\/\",\"url\":\"https:\\\/\\\/www.policlinicogemelli.it\\\/en\\\/news-events\\\/domani-al-gemelli-presentazione-del-progetto-connettiamoci-attivamente-per-luso-corretto-dei-dispositivi-tecnologici-da-parte-dei-minori\\\/\",\"name\":\"Al Gemelli presentazione del progetto \u201cConnettiamoci attivamente\u201d uso corretto dispositivi tecnologici da parte dei minori. - Policlinico Universitario A. Gemelli IRCCS\",\"isPartOf\":{\"@id\":\"https:\\\/\\\/www.policlinicogemelli.it\\\/en\\\/#website\"},\"primaryImageOfPage\":{\"@id\":\"https:\\\/\\\/www.policlinicogemelli.it\\\/en\\\/news-events\\\/domani-al-gemelli-presentazione-del-progetto-connettiamoci-attivamente-per-luso-corretto-dei-dispositivi-tecnologici-da-parte-dei-minori\\\/#primaryimage\"},\"image\":{\"@id\":\"https:\\\/\\\/www.policlinicogemelli.it\\\/en\\\/news-events\\\/domani-al-gemelli-presentazione-del-progetto-connettiamoci-attivamente-per-luso-corretto-dei-dispositivi-tecnologici-da-parte-dei-minori\\\/#primaryimage\"},\"thumbnailUrl\":\"https:\\\/\\\/www.policlinicogemelli.it\\\/wp-content\\\/uploads\\\/2019\\\/10\\\/Connettiamoci.jpg\",\"datePublished\":\"2019-10-21T13:20:13+00:00\",\"breadcrumb\":{\"@id\":\"https:\\\/\\\/www.policlinicogemelli.it\\\/en\\\/news-events\\\/domani-al-gemelli-presentazione-del-progetto-connettiamoci-attivamente-per-luso-corretto-dei-dispositivi-tecnologici-da-parte-dei-minori\\\/#breadcrumb\"},\"inLanguage\":\"en-US\",\"potentialAction\":[{\"@type\":\"ReadAction\",\"target\":[\"https:\\\/\\\/www.policlinicogemelli.it\\\/en\\\/news-events\\\/domani-al-gemelli-presentazione-del-progetto-connettiamoci-attivamente-per-luso-corretto-dei-dispositivi-tecnologici-da-parte-dei-minori\\\/\"]}]},{\"@type\":\"ImageObject\",\"inLanguage\":\"en-US\",\"@id\":\"https:\\\/\\\/www.policlinicogemelli.it\\\/en\\\/news-events\\\/domani-al-gemelli-presentazione-del-progetto-connettiamoci-attivamente-per-luso-corretto-dei-dispositivi-tecnologici-da-parte-dei-minori\\\/#primaryimage\",\"url\":\"https:\\\/\\\/www.policlinicogemelli.it\\\/wp-content\\\/uploads\\\/2019\\\/10\\\/Connettiamoci.jpg\",\"contentUrl\":\"https:\\\/\\\/www.policlinicogemelli.it\\\/wp-content\\\/uploads\\\/2019\\\/10\\\/Connettiamoci.jpg\",\"width\":848,\"height\":565,\"caption\":\"Asian Chinese little girl lying on the sofa with mobile phone in the living room at home.\"},{\"@type\":\"BreadcrumbList\",\"@id\":\"https:\\\/\\\/www.policlinicogemelli.it\\\/en\\\/news-events\\\/domani-al-gemelli-presentazione-del-progetto-connettiamoci-attivamente-per-luso-corretto-dei-dispositivi-tecnologici-da-parte-dei-minori\\\/#breadcrumb\",\"itemListElement\":[{\"@type\":\"ListItem\",\"position\":1,\"name\":\"Home\",\"item\":\"https:\\\/\\\/www.policlinicogemelli.it\\\/en\\\/\"},{\"@type\":\"ListItem\",\"position\":2,\"name\":\"News and Events\",\"item\":\"https:\\\/\\\/www.policlinicogemelli.it\\\/en\\\/news-events\\\/\"},{\"@type\":\"ListItem\",\"position\":3,\"name\":\"Al Gemelli presentazione del progetto \u201cConnettiamoci attivamente\u201d uso corretto dispositivi tecnologici da parte dei minori.\"}]},{\"@type\":\"WebSite\",\"@id\":\"https:\\\/\\\/www.policlinicogemelli.it\\\/en\\\/#website\",\"url\":\"https:\\\/\\\/www.policlinicogemelli.it\\\/en\\\/\",\"name\":\"Policlinico Universitario Agostino Gemelli IRCCS\",\"description\":\"Policlinico Universitario Agostino Gemelli IRCCS\",\"publisher\":{\"@id\":\"https:\\\/\\\/www.policlinicogemelli.it\\\/en\\\/#organization\"},\"potentialAction\":[{\"@type\":\"SearchAction\",\"target\":{\"@type\":\"EntryPoint\",\"urlTemplate\":\"https:\\\/\\\/www.policlinicogemelli.it\\\/en\\\/?s={search_term_string}\"},\"query-input\":{\"@type\":\"PropertyValueSpecification\",\"valueRequired\":true,\"valueName\":\"search_term_string\"}}],\"inLanguage\":\"en-US\"},{\"@type\":\"Organization\",\"@id\":\"https:\\\/\\\/www.policlinicogemelli.it\\\/en\\\/#organization\",\"name\":\"Policlinico Universitario Agostino Gemelli IRCCS\",\"url\":\"https:\\\/\\\/www.policlinicogemelli.it\\\/en\\\/\",\"logo\":{\"@type\":\"ImageObject\",\"inLanguage\":\"en-US\",\"@id\":\"https:\\\/\\\/www.policlinicogemelli.it\\\/en\\\/#\\\/schema\\\/logo\\\/image\\\/\",\"url\":\"https:\\\/\\\/www.policlinicogemelli.it\\\/wp-content\\\/uploads\\\/2019\\\/02\\\/logo-policlinico-gemelli-250-trasp-color-1.png\",\"contentUrl\":\"https:\\\/\\\/www.policlinicogemelli.it\\\/wp-content\\\/uploads\\\/2019\\\/02\\\/logo-policlinico-gemelli-250-trasp-color-1.png\",\"width\":250,\"height\":82,\"caption\":\"Policlinico Universitario Agostino Gemelli IRCCS\"},\"image\":{\"@id\":\"https:\\\/\\\/www.policlinicogemelli.it\\\/en\\\/#\\\/schema\\\/logo\\\/image\\\/\"}}]}<\/script>\n<!-- \/ Yoast SEO plugin. -->","yoast_head_json":{"title":"Al Gemelli presentazione del progetto \u201cConnettiamoci attivamente\u201d uso corretto dispositivi tecnologici da parte dei minori. - Policlinico Universitario A. Gemelli IRCCS","robots":{"index":"index","follow":"follow","max-snippet":"max-snippet:-1","max-image-preview":"max-image-preview:large","max-video-preview":"max-video-preview:-1"},"canonical":"https:\/\/www.policlinicogemelli.it\/en\/news-events\/domani-al-gemelli-presentazione-del-progetto-connettiamoci-attivamente-per-luso-corretto-dei-dispositivi-tecnologici-da-parte-dei-minori\/","og_locale":"en_US","og_type":"article","og_title":"Al Gemelli presentazione del progetto \u201cConnettiamoci attivamente\u201d uso corretto dispositivi tecnologici da parte dei minori. - Policlinico Universitario A. Gemelli IRCCS","og_description":"Marted\u00ec 22 ottobre, alle ore 15.00, nella Hall del Policlinico Universitario A. Gemelli IRCCS, l\u2019Associazione culturale Progetto AttivaMente, presenta il progetto \u201cConnettiamoci attivamente\u201d. \u201dSi parler\u00e0 di un tema&nbsp;articolato e attuale,&nbsp;legato all\u2019uso dei dispositivi tecnologici di comunicazione di massa e del corretto approccio per eliminare o ridurre i danni non solo psicologici ma anche&nbsp;fisici che l&#8217;uso&nbsp;eccessivo&nbsp;dei [&hellip;]","og_url":"https:\/\/www.policlinicogemelli.it\/en\/news-events\/domani-al-gemelli-presentazione-del-progetto-connettiamoci-attivamente-per-luso-corretto-dei-dispositivi-tecnologici-da-parte-dei-minori\/","og_site_name":"Policlinico Universitario Agostino Gemelli IRCCS","og_image":[{"width":848,"height":565,"url":"https:\/\/www.policlinicogemelli.it\/wp-content\/uploads\/2019\/10\/Connettiamoci.jpg","type":"image\/jpeg"}],"twitter_card":"summary_large_image","twitter_misc":{"Est. reading time":"2 minutes"},"schema":{"@context":"https:\/\/schema.org","@graph":[{"@type":"WebPage","@id":"https:\/\/www.policlinicogemelli.it\/en\/news-events\/domani-al-gemelli-presentazione-del-progetto-connettiamoci-attivamente-per-luso-corretto-dei-dispositivi-tecnologici-da-parte-dei-minori\/","url":"https:\/\/www.policlinicogemelli.it\/en\/news-events\/domani-al-gemelli-presentazione-del-progetto-connettiamoci-attivamente-per-luso-corretto-dei-dispositivi-tecnologici-da-parte-dei-minori\/","name":"Al Gemelli presentazione del progetto \u201cConnettiamoci attivamente\u201d uso corretto dispositivi tecnologici da parte dei minori. - Policlinico Universitario A. Gemelli IRCCS","isPartOf":{"@id":"https:\/\/www.policlinicogemelli.it\/en\/#website"},"primaryImageOfPage":{"@id":"https:\/\/www.policlinicogemelli.it\/en\/news-events\/domani-al-gemelli-presentazione-del-progetto-connettiamoci-attivamente-per-luso-corretto-dei-dispositivi-tecnologici-da-parte-dei-minori\/#primaryimage"},"image":{"@id":"https:\/\/www.policlinicogemelli.it\/en\/news-events\/domani-al-gemelli-presentazione-del-progetto-connettiamoci-attivamente-per-luso-corretto-dei-dispositivi-tecnologici-da-parte-dei-minori\/#primaryimage"},"thumbnailUrl":"https:\/\/www.policlinicogemelli.it\/wp-content\/uploads\/2019\/10\/Connettiamoci.jpg","datePublished":"2019-10-21T13:20:13+00:00","breadcrumb":{"@id":"https:\/\/www.policlinicogemelli.it\/en\/news-events\/domani-al-gemelli-presentazione-del-progetto-connettiamoci-attivamente-per-luso-corretto-dei-dispositivi-tecnologici-da-parte-dei-minori\/#breadcrumb"},"inLanguage":"en-US","potentialAction":[{"@type":"ReadAction","target":["https:\/\/www.policlinicogemelli.it\/en\/news-events\/domani-al-gemelli-presentazione-del-progetto-connettiamoci-attivamente-per-luso-corretto-dei-dispositivi-tecnologici-da-parte-dei-minori\/"]}]},{"@type":"ImageObject","inLanguage":"en-US","@id":"https:\/\/www.policlinicogemelli.it\/en\/news-events\/domani-al-gemelli-presentazione-del-progetto-connettiamoci-attivamente-per-luso-corretto-dei-dispositivi-tecnologici-da-parte-dei-minori\/#primaryimage","url":"https:\/\/www.policlinicogemelli.it\/wp-content\/uploads\/2019\/10\/Connettiamoci.jpg","contentUrl":"https:\/\/www.policlinicogemelli.it\/wp-content\/uploads\/2019\/10\/Connettiamoci.jpg","width":848,"height":565,"caption":"Asian Chinese little girl lying on the sofa with mobile phone in the living room at home."},{"@type":"BreadcrumbList","@id":"https:\/\/www.policlinicogemelli.it\/en\/news-events\/domani-al-gemelli-presentazione-del-progetto-connettiamoci-attivamente-per-luso-corretto-dei-dispositivi-tecnologici-da-parte-dei-minori\/#breadcrumb","itemListElement":[{"@type":"ListItem","position":1,"name":"Home","item":"https:\/\/www.policlinicogemelli.it\/en\/"},{"@type":"ListItem","position":2,"name":"News and Events","item":"https:\/\/www.policlinicogemelli.it\/en\/news-events\/"},{"@type":"ListItem","position":3,"name":"Al Gemelli presentazione del progetto \u201cConnettiamoci attivamente\u201d uso corretto dispositivi tecnologici da parte dei minori."}]},{"@type":"WebSite","@id":"https:\/\/www.policlinicogemelli.it\/en\/#website","url":"https:\/\/www.policlinicogemelli.it\/en\/","name":"Policlinico Universitario Agostino Gemelli IRCCS","description":"Policlinico Universitario Agostino Gemelli IRCCS","publisher":{"@id":"https:\/\/www.policlinicogemelli.it\/en\/#organization"},"potentialAction":[{"@type":"SearchAction","target":{"@type":"EntryPoint","urlTemplate":"https:\/\/www.policlinicogemelli.it\/en\/?s={search_term_string}"},"query-input":{"@type":"PropertyValueSpecification","valueRequired":true,"valueName":"search_term_string"}}],"inLanguage":"en-US"},{"@type":"Organization","@id":"https:\/\/www.policlinicogemelli.it\/en\/#organization","name":"Policlinico Universitario Agostino Gemelli IRCCS","url":"https:\/\/www.policlinicogemelli.it\/en\/","logo":{"@type":"ImageObject","inLanguage":"en-US","@id":"https:\/\/www.policlinicogemelli.it\/en\/#\/schema\/logo\/image\/","url":"https:\/\/www.policlinicogemelli.it\/wp-content\/uploads\/2019\/02\/logo-policlinico-gemelli-250-trasp-color-1.png","contentUrl":"https:\/\/www.policlinicogemelli.it\/wp-content\/uploads\/2019\/02\/logo-policlinico-gemelli-250-trasp-color-1.png","width":250,"height":82,"caption":"Policlinico Universitario Agostino Gemelli IRCCS"},"image":{"@id":"https:\/\/www.policlinicogemelli.it\/en\/#\/schema\/logo\/image\/"}}]}},"rest_api_enabler":[],"_links":{"self":[{"href":"https:\/\/www.policlinicogemelli.it\/en\/wp-json\/wp\/v2\/news\/20718","targetHints":{"allow":["GET"]}}],"collection":[{"href":"https:\/\/www.policlinicogemelli.it\/en\/wp-json\/wp\/v2\/news"}],"about":[{"href":"https:\/\/www.policlinicogemelli.it\/en\/wp-json\/wp\/v2\/types\/kf_gem_news"}],"version-history":[{"count":0,"href":"https:\/\/www.policlinicogemelli.it\/en\/wp-json\/wp\/v2\/news\/20718\/revisions"}],"wp:featuredmedia":[{"embeddable":true,"href":"https:\/\/www.policlinicogemelli.it\/en\/wp-json\/wp\/v2\/media\/16555"}],"wp:attachment":[{"href":"https:\/\/www.policlinicogemelli.it\/en\/wp-json\/wp\/v2\/media?parent=20718"}],"wp:term":[{"taxonomy":"kf_gem_newscat","embeddable":true,"href":"https:\/\/www.policlinicogemelli.it\/en\/wp-json\/wp\/v2\/categorie?post=20718"}],"curies":[{"name":"wp","href":"https:\/\/api.w.org\/{rel}","templated":true}]}}