{"id":20717,"date":"2019-10-21T10:35:15","date_gmt":"2019-10-21T10:35:15","guid":{"rendered":"https:\/\/www.policlinicogemelli.it\/news-eventi\/la-festa-del-cinema-di-roma-per-il-terzo-anno-consecutivo-al-gemelli-nella-sala-medicinema\/"},"modified":"2019-10-21T10:35:15","modified_gmt":"2019-10-21T10:35:15","slug":"la-festa-del-cinema-di-roma-per-il-terzo-anno-consecutivo-al-gemelli-nella-sala-medicinema","status":"publish","type":"kf_gem_news","link":"https:\/\/www.policlinicogemelli.it\/en\/news-events\/la-festa-del-cinema-di-roma-per-il-terzo-anno-consecutivo-al-gemelli-nella-sala-medicinema\/","title":{"rendered":"La Festa del Cinema di Roma per il terzo anno consecutivo al Gemelli nella Sala MediCinema"},"content":{"rendered":"\n<p>Domani in programma <em>L\u2019uomo senza gravit\u00e0<\/em> di <strong>Marco Bonfanti<\/strong> e gioved\u00ec <em>Bar Giuseppe<\/em> di <strong>Giulio Base<\/strong>: entrambi i registi parteciperanno alle proiezioni.                                                         La rassegna sar\u00e0 inaugurata dall\u2019attrice <strong>Rocio Munoz Morales<\/strong>, ambasciatrice di MediCinema Italia Onlus.<\/p>\n\n\n\n<p>&nbsp;Per il terzo anno\nconsecutivo la Festa del Cinema di Roma approda al Policlinico Universitario\nAgostino Gemelli IRCCS, il 22 e il 24 ottobre, nella Sala MediCinema, con due\nfilm della programmazione ufficiale riservati ai pazienti ricoverati, ai loro\nfamiliari, ai medici e agli operatori sanitari del Gemelli.<\/p>\n\n\n\n<p>Marted\u00ec 22 ottobre alle ore 16 nella Sala MediCinema al\nGemelli, si inizia con la commedia L\u2019uomo senza gravit\u00e0 diretto da Marco\nBonfanti, che sar\u00e0 presente alla proiezione del film, con Elio Germano, Michela\nCescon, Elena Cotta, Silvia D&#8217;Amico, Vincent Scarito.&nbsp; <\/p>\n\n\n\n<p>In questa occasione, l\u2019attrice Rocio Munoz Morales si unir\u00e0 a MediCinema Italia Onlus in qualit\u00e0 di ambasciatrice dell\u2019Associazione, condividendone l\u2019operato, e inaugurer\u00e0, nella sala MediCinema presso il Policlinico Gemelli, le proiezioni ufficiali della Festa del Cinema di Roma insieme ai pazienti, sostenendoli e condividendo con loro una giornata speciale all\u2019insegna del cinema.                                                                                                                                                            \u201cSono felice di poter dare il mio contributo a MediCinema \u2013 dichiara l\u2019attrice \u2013 e di far parte di questo progetto che consente di usufruire delle storie e del cinema per alleviare, seppur per qualche ora, le sofferenze di molte persone malate costrette in ospedale. Ognuno di noi ha il diritto di poter sognare e arricchire il proprio cuore attraverso le emozioni che solo i film possono darci\u201d.<\/p>\n\n\n\n<p>Gioved\u00ec 24 ottobre, alle ore 16, sar\u00e0 proiettato Bar\nGiuseppe diretto da Giulio Base con Ivano Marescotti, Virginia Diop, Nicola\nNocella, Selene Caramazza, Michele Morrone. Il regista Base assister\u00e0 alla\nproiezione. <\/p>\n\n\n\n<p>Prosegue dunque la straordinaria e felice collaborazione che\nl\u2019edizione 2017 della Festa del Cinema di Roma ha avviato con MediCinema Italia\nOnlus e la Fondazione Policlinico Universitario Agostino Gemelli IRCCS e che\nconsentir\u00e0 di portare in ospedale un momento di grande sollievo con due\nproiezioni anteprima di film selezionati dal programma ufficiale della\nmanifestazione e scelti con attenzione per un pubblico molto speciale, cio\u00e8 i\npazienti dell\u2019ospedale.<\/p>\n\n\n\n<p>Questa iniziativa continua il lavoro svolto da MediCinema,\nche da aprile 2016 \u00e8 attiva all\u2019interno del Policlinico Universitario A. Gemelli\nIRCCS di Roma con una vera e propria sala cinematografica. L\u2019organizzazione\nprevede un calendario bisettimanale di proiezioni per i pazienti, il marted\u00ec\nper tutti i ricoverati e il gioved\u00ec dedicate in particolare ai piccoli degenti\ndei reparti pediatrici.<\/p>\n\n\n\n<p>La programmazione di film in contemporanea a quelli delle\n\u201cnormali\u201d sale cittadine \u2013 grazie alla preziosa collaborazione con tutte le\naziende di produzione e distribuzione cinematografica \u2013 rappresenta un\ninnovativo strumento di complementariet\u00e0 alle terapie tradizionali e si propone\ncome strumento di pratica riabilitativa. Il metodo e la gestione del programma,\nsu base nazionale, \u00e8 un protocollo esclusivo di MediCinema Italia che ha\npromosso dal suo avvio lo sviluppo della ricerca clinica per certificare la\npositivit\u00e0 dell\u2019utilizzo del contenuto filmico. A tale scopo, insieme alla\nFondazione Policlinico Universitario Agostino Gemelli IRCCS, sono state avviate\nvarie collaborazioni e studi su patologie specifiche con Grande Ospedale\nMetropolitano Niguarda di Milano, Fondazione Don C. Gnocchi, Universit\u00e0 di\nPavia e altre strutture sanitarie in cui MediCinema \u00e8 presente.<\/p>\n\n\n\n<p>\u201cSiamo lieti del consolidato legame con la Festa del Cinema di Roma che rappresenta un esempio di concreta attuazione dell\u2019obiettivo di umanizzazione delle cure che cerchiamo di perseguire, preoccupandoci della persona nella sua integralit\u00e0 e nel pieno rispetto della sua umanit\u00e0 &#8211;\u00a0 ha detto il Presidente della Fondazione Policlinico Universitario Agostino Gemelli IRCCS <strong>Giovanni Raimondi<\/strong>. \u2013 La collaborazione del Gemelli con la mostra cinematografica di Roma \u00e8 una bella opportunit\u00e0 per offrire occasioni di svago e sollievo ai nostri degenti durante il ricovero in ospedale\u201d \u2013 ha concluso il Presidente.<\/p>\n\n\n\n<p>Il Direttore Artistico della Festa del Cinema di Roma, <strong>Antonio Monda<\/strong>, ha dichiarato: \u201cOltre alle sedi abituali del MAXXI e della Casa del Cinema, per la terza volta la Festa torna al Policlinico Gemelli nella Sala MediCinema, un esempio originale e importante per tutti, che porta sollievo attraverso il cinema anche alle persone ricoverate negli ospedali\u201d.<\/p>\n\n\n\n<p>\u201cCon grande piacere prosegue la collaborazione con la Festa del Cinema di Roma, anche questa edizione porter\u00e0 in ospedale un momento di grande sollievo a tanti pazienti. Il cinema \u00e8 per MediCinema Italia uno strumento di grande valore e di cura. Stiamo lavorando intensamente nella ricerca clinica con l\u2019obiettivo di dimostrare che il cinema pu\u00f2 diventare strumento di riabilitazione e per il mantenimento e miglioramento della qualit\u00e0 della vita. Al nostro fianco da quest\u2019anno come ambasciatrice per le nostre attivit\u00e0, avremo l\u2019attrice Rocio Munoz Morales, che con la sua grande passione e comunicativa, ci aiuter\u00e0 a divulgare i nostri progetti &#8211; conclude <strong>Fulvia Salvi<\/strong>, Presidente MediCinema Italia Onlus -. Ringrazio a nome di MediCinema Italia tutti gli organizzatori della Festa del Cinema di Roma, che ogni anno coinvolgono un\u2019intera citt\u00e0, e che anche quest\u2019anno daranno a chi in questo momento si trova in una condizione di fragilit\u00e0, la possibilit\u00e0 di partecipare a questo importante evento\u2018\u2019.<\/p>\n","protected":false},"excerpt":{"rendered":"<p>Domani in programma L\u2019uomo senza gravit\u00e0 di Marco Bonfanti e gioved\u00ec Bar Giuseppe di Giulio Base: entrambi i registi parteciperanno alle proiezioni. La rassegna sar\u00e0 inaugurata dall\u2019attrice Rocio Munoz Morales, ambasciatrice di MediCinema Italia Onlus. &nbsp;Per il terzo anno consecutivo la Festa del Cinema di Roma approda al Policlinico Universitario Agostino Gemelli IRCCS, il 22 [&hellip;]<\/p>\n","protected":false},"featured_media":16552,"template":"","categorie":[93],"class_list":{"0":"post-20717","1":"kf_gem_news","2":"type-kf_gem_news","3":"status-publish","4":"has-post-thumbnail","6":"kf_gem_newscat-events","7":"entry"},"acf":[],"yoast_head":"<!-- This site is optimized with the Yoast SEO plugin v27.5 - https:\/\/yoast.com\/product\/yoast-seo-wordpress\/ -->\n<title>La Festa del Cinema di Roma per il terzo anno consecutivo al Gemelli nella Sala MediCinema - Policlinico Universitario A. Gemelli IRCCS<\/title>\n<meta name=\"robots\" content=\"index, follow, max-snippet:-1, max-image-preview:large, max-video-preview:-1\" \/>\n<link rel=\"canonical\" href=\"https:\/\/www.policlinicogemelli.it\/en\/news-events\/la-festa-del-cinema-di-roma-per-il-terzo-anno-consecutivo-al-gemelli-nella-sala-medicinema\/\" \/>\n<meta property=\"og:locale\" content=\"en_US\" \/>\n<meta property=\"og:type\" content=\"article\" \/>\n<meta property=\"og:title\" content=\"La Festa del Cinema di Roma per il terzo anno consecutivo al Gemelli nella Sala MediCinema - Policlinico Universitario A. Gemelli IRCCS\" \/>\n<meta property=\"og:description\" content=\"Domani in programma L\u2019uomo senza gravit\u00e0 di Marco Bonfanti e gioved\u00ec Bar Giuseppe di Giulio Base: entrambi i registi parteciperanno alle proiezioni. La rassegna sar\u00e0 inaugurata dall\u2019attrice Rocio Munoz Morales, ambasciatrice di MediCinema Italia Onlus. &nbsp;Per il terzo anno consecutivo la Festa del Cinema di Roma approda al Policlinico Universitario Agostino Gemelli IRCCS, il 22 [&hellip;]\" \/>\n<meta property=\"og:url\" content=\"https:\/\/www.policlinicogemelli.it\/en\/news-events\/la-festa-del-cinema-di-roma-per-il-terzo-anno-consecutivo-al-gemelli-nella-sala-medicinema\/\" \/>\n<meta property=\"og:site_name\" content=\"Policlinico Universitario Agostino Gemelli IRCCS\" \/>\n<meta property=\"og:image\" content=\"https:\/\/www.policlinicogemelli.it\/wp-content\/uploads\/2019\/10\/festa-cinema.jpg\" \/>\n\t<meta property=\"og:image:width\" content=\"990\" \/>\n\t<meta property=\"og:image:height\" content=\"404\" \/>\n\t<meta property=\"og:image:type\" content=\"image\/jpeg\" \/>\n<meta name=\"twitter:card\" content=\"summary_large_image\" \/>\n<meta name=\"twitter:label1\" content=\"Est. reading time\" \/>\n\t<meta name=\"twitter:data1\" content=\"4 minutes\" \/>\n<script type=\"application\/ld+json\" class=\"yoast-schema-graph\">{\"@context\":\"https:\\\/\\\/schema.org\",\"@graph\":[{\"@type\":\"WebPage\",\"@id\":\"https:\\\/\\\/www.policlinicogemelli.it\\\/en\\\/news-events\\\/la-festa-del-cinema-di-roma-per-il-terzo-anno-consecutivo-al-gemelli-nella-sala-medicinema\\\/\",\"url\":\"https:\\\/\\\/www.policlinicogemelli.it\\\/en\\\/news-events\\\/la-festa-del-cinema-di-roma-per-il-terzo-anno-consecutivo-al-gemelli-nella-sala-medicinema\\\/\",\"name\":\"La Festa del Cinema di Roma per il terzo anno consecutivo al Gemelli nella Sala MediCinema - Policlinico Universitario A. Gemelli IRCCS\",\"isPartOf\":{\"@id\":\"https:\\\/\\\/www.policlinicogemelli.it\\\/en\\\/#website\"},\"primaryImageOfPage\":{\"@id\":\"https:\\\/\\\/www.policlinicogemelli.it\\\/en\\\/news-events\\\/la-festa-del-cinema-di-roma-per-il-terzo-anno-consecutivo-al-gemelli-nella-sala-medicinema\\\/#primaryimage\"},\"image\":{\"@id\":\"https:\\\/\\\/www.policlinicogemelli.it\\\/en\\\/news-events\\\/la-festa-del-cinema-di-roma-per-il-terzo-anno-consecutivo-al-gemelli-nella-sala-medicinema\\\/#primaryimage\"},\"thumbnailUrl\":\"https:\\\/\\\/www.policlinicogemelli.it\\\/wp-content\\\/uploads\\\/2019\\\/10\\\/festa-cinema.jpg\",\"datePublished\":\"2019-10-21T10:35:15+00:00\",\"breadcrumb\":{\"@id\":\"https:\\\/\\\/www.policlinicogemelli.it\\\/en\\\/news-events\\\/la-festa-del-cinema-di-roma-per-il-terzo-anno-consecutivo-al-gemelli-nella-sala-medicinema\\\/#breadcrumb\"},\"inLanguage\":\"en-US\",\"potentialAction\":[{\"@type\":\"ReadAction\",\"target\":[\"https:\\\/\\\/www.policlinicogemelli.it\\\/en\\\/news-events\\\/la-festa-del-cinema-di-roma-per-il-terzo-anno-consecutivo-al-gemelli-nella-sala-medicinema\\\/\"]}]},{\"@type\":\"ImageObject\",\"inLanguage\":\"en-US\",\"@id\":\"https:\\\/\\\/www.policlinicogemelli.it\\\/en\\\/news-events\\\/la-festa-del-cinema-di-roma-per-il-terzo-anno-consecutivo-al-gemelli-nella-sala-medicinema\\\/#primaryimage\",\"url\":\"https:\\\/\\\/www.policlinicogemelli.it\\\/wp-content\\\/uploads\\\/2019\\\/10\\\/festa-cinema.jpg\",\"contentUrl\":\"https:\\\/\\\/www.policlinicogemelli.it\\\/wp-content\\\/uploads\\\/2019\\\/10\\\/festa-cinema.jpg\",\"width\":990,\"height\":404},{\"@type\":\"BreadcrumbList\",\"@id\":\"https:\\\/\\\/www.policlinicogemelli.it\\\/en\\\/news-events\\\/la-festa-del-cinema-di-roma-per-il-terzo-anno-consecutivo-al-gemelli-nella-sala-medicinema\\\/#breadcrumb\",\"itemListElement\":[{\"@type\":\"ListItem\",\"position\":1,\"name\":\"Home\",\"item\":\"https:\\\/\\\/www.policlinicogemelli.it\\\/en\\\/\"},{\"@type\":\"ListItem\",\"position\":2,\"name\":\"News and Events\",\"item\":\"https:\\\/\\\/www.policlinicogemelli.it\\\/en\\\/news-events\\\/\"},{\"@type\":\"ListItem\",\"position\":3,\"name\":\"La Festa del Cinema di Roma per il terzo anno consecutivo al Gemelli nella Sala MediCinema\"}]},{\"@type\":\"WebSite\",\"@id\":\"https:\\\/\\\/www.policlinicogemelli.it\\\/en\\\/#website\",\"url\":\"https:\\\/\\\/www.policlinicogemelli.it\\\/en\\\/\",\"name\":\"Policlinico Universitario Agostino Gemelli IRCCS\",\"description\":\"Policlinico Universitario Agostino Gemelli IRCCS\",\"publisher\":{\"@id\":\"https:\\\/\\\/www.policlinicogemelli.it\\\/en\\\/#organization\"},\"potentialAction\":[{\"@type\":\"SearchAction\",\"target\":{\"@type\":\"EntryPoint\",\"urlTemplate\":\"https:\\\/\\\/www.policlinicogemelli.it\\\/en\\\/?s={search_term_string}\"},\"query-input\":{\"@type\":\"PropertyValueSpecification\",\"valueRequired\":true,\"valueName\":\"search_term_string\"}}],\"inLanguage\":\"en-US\"},{\"@type\":\"Organization\",\"@id\":\"https:\\\/\\\/www.policlinicogemelli.it\\\/en\\\/#organization\",\"name\":\"Policlinico Universitario Agostino Gemelli IRCCS\",\"url\":\"https:\\\/\\\/www.policlinicogemelli.it\\\/en\\\/\",\"logo\":{\"@type\":\"ImageObject\",\"inLanguage\":\"en-US\",\"@id\":\"https:\\\/\\\/www.policlinicogemelli.it\\\/en\\\/#\\\/schema\\\/logo\\\/image\\\/\",\"url\":\"https:\\\/\\\/www.policlinicogemelli.it\\\/wp-content\\\/uploads\\\/2019\\\/02\\\/logo-policlinico-gemelli-250-trasp-color-1.png\",\"contentUrl\":\"https:\\\/\\\/www.policlinicogemelli.it\\\/wp-content\\\/uploads\\\/2019\\\/02\\\/logo-policlinico-gemelli-250-trasp-color-1.png\",\"width\":250,\"height\":82,\"caption\":\"Policlinico Universitario Agostino Gemelli IRCCS\"},\"image\":{\"@id\":\"https:\\\/\\\/www.policlinicogemelli.it\\\/en\\\/#\\\/schema\\\/logo\\\/image\\\/\"}}]}<\/script>\n<!-- \/ Yoast SEO plugin. -->","yoast_head_json":{"title":"La Festa del Cinema di Roma per il terzo anno consecutivo al Gemelli nella Sala MediCinema - Policlinico Universitario A. Gemelli IRCCS","robots":{"index":"index","follow":"follow","max-snippet":"max-snippet:-1","max-image-preview":"max-image-preview:large","max-video-preview":"max-video-preview:-1"},"canonical":"https:\/\/www.policlinicogemelli.it\/en\/news-events\/la-festa-del-cinema-di-roma-per-il-terzo-anno-consecutivo-al-gemelli-nella-sala-medicinema\/","og_locale":"en_US","og_type":"article","og_title":"La Festa del Cinema di Roma per il terzo anno consecutivo al Gemelli nella Sala MediCinema - Policlinico Universitario A. Gemelli IRCCS","og_description":"Domani in programma L\u2019uomo senza gravit\u00e0 di Marco Bonfanti e gioved\u00ec Bar Giuseppe di Giulio Base: entrambi i registi parteciperanno alle proiezioni. La rassegna sar\u00e0 inaugurata dall\u2019attrice Rocio Munoz Morales, ambasciatrice di MediCinema Italia Onlus. &nbsp;Per il terzo anno consecutivo la Festa del Cinema di Roma approda al Policlinico Universitario Agostino Gemelli IRCCS, il 22 [&hellip;]","og_url":"https:\/\/www.policlinicogemelli.it\/en\/news-events\/la-festa-del-cinema-di-roma-per-il-terzo-anno-consecutivo-al-gemelli-nella-sala-medicinema\/","og_site_name":"Policlinico Universitario Agostino Gemelli IRCCS","og_image":[{"width":990,"height":404,"url":"https:\/\/www.policlinicogemelli.it\/wp-content\/uploads\/2019\/10\/festa-cinema.jpg","type":"image\/jpeg"}],"twitter_card":"summary_large_image","twitter_misc":{"Est. reading time":"4 minutes"},"schema":{"@context":"https:\/\/schema.org","@graph":[{"@type":"WebPage","@id":"https:\/\/www.policlinicogemelli.it\/en\/news-events\/la-festa-del-cinema-di-roma-per-il-terzo-anno-consecutivo-al-gemelli-nella-sala-medicinema\/","url":"https:\/\/www.policlinicogemelli.it\/en\/news-events\/la-festa-del-cinema-di-roma-per-il-terzo-anno-consecutivo-al-gemelli-nella-sala-medicinema\/","name":"La Festa del Cinema di Roma per il terzo anno consecutivo al Gemelli nella Sala MediCinema - Policlinico Universitario A. Gemelli IRCCS","isPartOf":{"@id":"https:\/\/www.policlinicogemelli.it\/en\/#website"},"primaryImageOfPage":{"@id":"https:\/\/www.policlinicogemelli.it\/en\/news-events\/la-festa-del-cinema-di-roma-per-il-terzo-anno-consecutivo-al-gemelli-nella-sala-medicinema\/#primaryimage"},"image":{"@id":"https:\/\/www.policlinicogemelli.it\/en\/news-events\/la-festa-del-cinema-di-roma-per-il-terzo-anno-consecutivo-al-gemelli-nella-sala-medicinema\/#primaryimage"},"thumbnailUrl":"https:\/\/www.policlinicogemelli.it\/wp-content\/uploads\/2019\/10\/festa-cinema.jpg","datePublished":"2019-10-21T10:35:15+00:00","breadcrumb":{"@id":"https:\/\/www.policlinicogemelli.it\/en\/news-events\/la-festa-del-cinema-di-roma-per-il-terzo-anno-consecutivo-al-gemelli-nella-sala-medicinema\/#breadcrumb"},"inLanguage":"en-US","potentialAction":[{"@type":"ReadAction","target":["https:\/\/www.policlinicogemelli.it\/en\/news-events\/la-festa-del-cinema-di-roma-per-il-terzo-anno-consecutivo-al-gemelli-nella-sala-medicinema\/"]}]},{"@type":"ImageObject","inLanguage":"en-US","@id":"https:\/\/www.policlinicogemelli.it\/en\/news-events\/la-festa-del-cinema-di-roma-per-il-terzo-anno-consecutivo-al-gemelli-nella-sala-medicinema\/#primaryimage","url":"https:\/\/www.policlinicogemelli.it\/wp-content\/uploads\/2019\/10\/festa-cinema.jpg","contentUrl":"https:\/\/www.policlinicogemelli.it\/wp-content\/uploads\/2019\/10\/festa-cinema.jpg","width":990,"height":404},{"@type":"BreadcrumbList","@id":"https:\/\/www.policlinicogemelli.it\/en\/news-events\/la-festa-del-cinema-di-roma-per-il-terzo-anno-consecutivo-al-gemelli-nella-sala-medicinema\/#breadcrumb","itemListElement":[{"@type":"ListItem","position":1,"name":"Home","item":"https:\/\/www.policlinicogemelli.it\/en\/"},{"@type":"ListItem","position":2,"name":"News and Events","item":"https:\/\/www.policlinicogemelli.it\/en\/news-events\/"},{"@type":"ListItem","position":3,"name":"La Festa del Cinema di Roma per il terzo anno consecutivo al Gemelli nella Sala MediCinema"}]},{"@type":"WebSite","@id":"https:\/\/www.policlinicogemelli.it\/en\/#website","url":"https:\/\/www.policlinicogemelli.it\/en\/","name":"Policlinico Universitario Agostino Gemelli IRCCS","description":"Policlinico Universitario Agostino Gemelli IRCCS","publisher":{"@id":"https:\/\/www.policlinicogemelli.it\/en\/#organization"},"potentialAction":[{"@type":"SearchAction","target":{"@type":"EntryPoint","urlTemplate":"https:\/\/www.policlinicogemelli.it\/en\/?s={search_term_string}"},"query-input":{"@type":"PropertyValueSpecification","valueRequired":true,"valueName":"search_term_string"}}],"inLanguage":"en-US"},{"@type":"Organization","@id":"https:\/\/www.policlinicogemelli.it\/en\/#organization","name":"Policlinico Universitario Agostino Gemelli IRCCS","url":"https:\/\/www.policlinicogemelli.it\/en\/","logo":{"@type":"ImageObject","inLanguage":"en-US","@id":"https:\/\/www.policlinicogemelli.it\/en\/#\/schema\/logo\/image\/","url":"https:\/\/www.policlinicogemelli.it\/wp-content\/uploads\/2019\/02\/logo-policlinico-gemelli-250-trasp-color-1.png","contentUrl":"https:\/\/www.policlinicogemelli.it\/wp-content\/uploads\/2019\/02\/logo-policlinico-gemelli-250-trasp-color-1.png","width":250,"height":82,"caption":"Policlinico Universitario Agostino Gemelli IRCCS"},"image":{"@id":"https:\/\/www.policlinicogemelli.it\/en\/#\/schema\/logo\/image\/"}}]}},"rest_api_enabler":[],"_links":{"self":[{"href":"https:\/\/www.policlinicogemelli.it\/en\/wp-json\/wp\/v2\/news\/20717","targetHints":{"allow":["GET"]}}],"collection":[{"href":"https:\/\/www.policlinicogemelli.it\/en\/wp-json\/wp\/v2\/news"}],"about":[{"href":"https:\/\/www.policlinicogemelli.it\/en\/wp-json\/wp\/v2\/types\/kf_gem_news"}],"version-history":[{"count":0,"href":"https:\/\/www.policlinicogemelli.it\/en\/wp-json\/wp\/v2\/news\/20717\/revisions"}],"wp:featuredmedia":[{"embeddable":true,"href":"https:\/\/www.policlinicogemelli.it\/en\/wp-json\/wp\/v2\/media\/16552"}],"wp:attachment":[{"href":"https:\/\/www.policlinicogemelli.it\/en\/wp-json\/wp\/v2\/media?parent=20717"}],"wp:term":[{"taxonomy":"kf_gem_newscat","embeddable":true,"href":"https:\/\/www.policlinicogemelli.it\/en\/wp-json\/wp\/v2\/categorie?post=20717"}],"curies":[{"name":"wp","href":"https:\/\/api.w.org\/{rel}","templated":true}]}}