{"id":20716,"date":"2019-10-18T14:18:11","date_gmt":"2019-10-18T14:18:11","guid":{"rendered":"https:\/\/www.policlinicogemelli.it\/news-eventi\/mese-della-prevenzione-orale-lunedi-lopen-day-presso-il-nuovo-dental-center-del-gemelli\/"},"modified":"2019-10-18T14:18:11","modified_gmt":"2019-10-18T14:18:11","slug":"mese-della-prevenzione-orale-lunedi-lopen-day-presso-il-nuovo-dental-center-del-gemelli","status":"publish","type":"kf_gem_news","link":"https:\/\/www.policlinicogemelli.it\/en\/news-events\/mese-della-prevenzione-orale-lunedi-lopen-day-presso-il-nuovo-dental-center-del-gemelli\/","title":{"rendered":"Mese della prevenzione orale, luned\u00ec l\u2019Open Day presso il nuovo Dental Center del Gemelli"},"content":{"rendered":"\n<p><strong>Saranno presentate innovative tecnologie e per chi prenoter\u00e0 telefonicamente allo 06 30156700 sar\u00e0 possibile effettuare check-up della salute dei propri denti con strumenti innovativi pi\u00f9 rapidi e sicuri (dalle 9 alle 18 &#8211; Piano V &#8211; Ala D)<\/strong><\/p>\n\n\n\n<p>Secondo una recente indagine, realizzata dal Censis, in collaborazione con Andi-Associazione nazionale dentisti italiani, l&#8217;80% degli italiani ha paura dei dentisti. Ma l&#8217;innovazione tecnologica in odontoiatria sta contribuendo a superare questa paura, chiamata &#8220;odontofobia&#8221;, perch\u00e9 utilizza strumenti meno invasivi, pi\u00f9 rapidi e pi\u00f9 sicuri.<\/p>\n\n\n\n<p>Nel mese della prevenzione orale il nuovissimo Dental Center della Fondazione Policlinico Universitario Agostino Gemelli IRCCS apre le porte a tutti, luned\u00ec 21 ottobre (dalle 9 alle 18 &#8211; Piano V &#8211; Ala D<em>)<\/em>, per presentare e far provare la nuovissima tecnologia dello scanner intraorale. Un moderno sistema di rilevazione delle impronte dentali che evita la fastidiosa pasta da molti definita soffocante e riduce i tempi dal dentista del 50%.<\/p>\n\n\n\n<p>Al di l\u00e0 dei vantaggi in termini di confort per il paziente, queste tecnologie sono utilissime nelle riabilitazioni su impianti sia del singolo dente che dell&#8217;intera arcata. E sono utili anche in ortodonzia.<\/p>\n\n\n\n<p>Oggi il Dental Center del Policlinico Universitario A. Gemelli IRCCS progetta e realizza, partendo da modelli di studio in stampa 3D, protesi mobili, sicure e veloci, realizzate con tecnica CAD-CAM e stampa 3D, ma anche dispositivi individualizzati e allineatori trasparenti.<\/p>\n\n\n\n<p>Infine, in abbinamento a una programmazione\nvirtuale, \u00e8 possibile realizzare inserimenti guidati di impianti senza lembo e\nsenza suture.<\/p>\n\n\n\n<p>Un\u2019altra rilevante innovazione tecnologica disponibile nel centro \u00e8 la radiologia 3D, CONE BEAM, che grazie a un&#8217;apparecchiatura a bassissimo dosaggio di onde, consente (qualora l\u2019odontoiatra riscontri particolari esigenze di urgenza) un\u2019immediata valutazione diagnostica di &nbsp;importanti patologie &nbsp;dentarie. Tutto avviene senza perdite di tempo all&#8217;interno del Dental Center.<\/p>\n\n\n\n<p>Per partecipare all\u2019Open Day contattare telefonicamente il numero 06 30156700 per prenotare il check-up.<\/p>\n\n\n\n<figure class=\"wp-block-image\"><img loading=\"lazy\" decoding=\"async\" width=\"960\" height=\"664\" src=\"https:\/\/www.policlinicogemelli.it\/wp-content\/uploads\/2019\/10\/Pulizia-dentale-professionale.jpg\" alt=\"\" class=\"wp-image-16544\" srcset=\"https:\/\/www.policlinicogemelli.it\/wp-content\/uploads\/2019\/10\/Pulizia-dentale-professionale.jpg 960w, https:\/\/www.policlinicogemelli.it\/wp-content\/uploads\/2019\/10\/Pulizia-dentale-professionale-300x208.jpg 300w, https:\/\/www.policlinicogemelli.it\/wp-content\/uploads\/2019\/10\/Pulizia-dentale-professionale-768x531.jpg 768w, https:\/\/www.policlinicogemelli.it\/wp-content\/uploads\/2019\/10\/Pulizia-dentale-professionale-716x495.jpg 716w, https:\/\/www.policlinicogemelli.it\/wp-content\/uploads\/2019\/10\/Pulizia-dentale-professionale-296x205.jpg 296w, https:\/\/www.policlinicogemelli.it\/wp-content\/uploads\/2019\/10\/Pulizia-dentale-professionale-400x277.jpg 400w\" sizes=\"auto, (max-width: 960px) 100vw, 960px\" \/><\/figure>\n\n\n\n<figure class=\"wp-block-image\"><img loading=\"lazy\" decoding=\"async\" width=\"850\" height=\"495\" src=\"https:\/\/www.policlinicogemelli.it\/wp-content\/uploads\/2019\/10\/foto-dental-center.jpg\" alt=\"\" class=\"wp-image-16539\" srcset=\"https:\/\/www.policlinicogemelli.it\/wp-content\/uploads\/2019\/10\/foto-dental-center.jpg 850w, https:\/\/www.policlinicogemelli.it\/wp-content\/uploads\/2019\/10\/foto-dental-center-300x175.jpg 300w, https:\/\/www.policlinicogemelli.it\/wp-content\/uploads\/2019\/10\/foto-dental-center-768x447.jpg 768w, https:\/\/www.policlinicogemelli.it\/wp-content\/uploads\/2019\/10\/foto-dental-center-350x205.jpg 350w, https:\/\/www.policlinicogemelli.it\/wp-content\/uploads\/2019\/10\/foto-dental-center-400x233.jpg 400w\" sizes=\"auto, (max-width: 850px) 100vw, 850px\" \/><\/figure>\n","protected":false},"excerpt":{"rendered":"<p>Saranno presentate innovative tecnologie e per chi prenoter\u00e0 telefonicamente allo 06 30156700 sar\u00e0 possibile effettuare check-up della salute dei propri denti con strumenti innovativi pi\u00f9 rapidi e sicuri (dalle 9 alle 18 &#8211; Piano V &#8211; Ala D) Secondo una recente indagine, realizzata dal Censis, in collaborazione con Andi-Associazione nazionale dentisti italiani, l&#8217;80% degli italiani [&hellip;]<\/p>\n","protected":false},"featured_media":16540,"template":"","categorie":[93],"class_list":{"0":"post-20716","1":"kf_gem_news","2":"type-kf_gem_news","3":"status-publish","4":"has-post-thumbnail","6":"kf_gem_newscat-events","7":"entry"},"acf":[],"yoast_head":"<!-- This site is optimized with the Yoast SEO plugin v27.5 - https:\/\/yoast.com\/product\/yoast-seo-wordpress\/ -->\n<title>Mese della prevenzione orale, luned\u00ec l\u2019Open Day presso il nuovo Dental Center del Gemelli - Policlinico Universitario A. Gemelli IRCCS<\/title>\n<meta name=\"robots\" content=\"index, follow, max-snippet:-1, max-image-preview:large, max-video-preview:-1\" \/>\n<link rel=\"canonical\" href=\"https:\/\/www.policlinicogemelli.it\/en\/news-events\/mese-della-prevenzione-orale-lunedi-lopen-day-presso-il-nuovo-dental-center-del-gemelli\/\" \/>\n<meta property=\"og:locale\" content=\"en_US\" \/>\n<meta property=\"og:type\" content=\"article\" \/>\n<meta property=\"og:title\" content=\"Mese della prevenzione orale, luned\u00ec l\u2019Open Day presso il nuovo Dental Center del Gemelli - Policlinico Universitario A. Gemelli IRCCS\" \/>\n<meta property=\"og:description\" content=\"Saranno presentate innovative tecnologie e per chi prenoter\u00e0 telefonicamente allo 06 30156700 sar\u00e0 possibile effettuare check-up della salute dei propri denti con strumenti innovativi pi\u00f9 rapidi e sicuri (dalle 9 alle 18 &#8211; Piano V &#8211; Ala D) Secondo una recente indagine, realizzata dal Censis, in collaborazione con Andi-Associazione nazionale dentisti italiani, l&#8217;80% degli italiani [&hellip;]\" \/>\n<meta property=\"og:url\" content=\"https:\/\/www.policlinicogemelli.it\/en\/news-events\/mese-della-prevenzione-orale-lunedi-lopen-day-presso-il-nuovo-dental-center-del-gemelli\/\" \/>\n<meta property=\"og:site_name\" content=\"Policlinico Universitario Agostino Gemelli IRCCS\" \/>\n<meta property=\"og:image\" content=\"https:\/\/www.policlinicogemelli.it\/wp-content\/uploads\/2019\/10\/AdobeStock_264395936-2.jpeg\" \/>\n\t<meta property=\"og:image:width\" content=\"2700\" \/>\n\t<meta property=\"og:image:height\" content=\"1800\" \/>\n\t<meta property=\"og:image:type\" content=\"image\/jpeg\" \/>\n<meta name=\"twitter:card\" content=\"summary_large_image\" \/>\n<meta name=\"twitter:label1\" content=\"Est. reading time\" \/>\n\t<meta name=\"twitter:data1\" content=\"1 minute\" \/>\n<script type=\"application\/ld+json\" class=\"yoast-schema-graph\">{\"@context\":\"https:\\\/\\\/schema.org\",\"@graph\":[{\"@type\":\"WebPage\",\"@id\":\"https:\\\/\\\/www.policlinicogemelli.it\\\/en\\\/news-events\\\/mese-della-prevenzione-orale-lunedi-lopen-day-presso-il-nuovo-dental-center-del-gemelli\\\/\",\"url\":\"https:\\\/\\\/www.policlinicogemelli.it\\\/en\\\/news-events\\\/mese-della-prevenzione-orale-lunedi-lopen-day-presso-il-nuovo-dental-center-del-gemelli\\\/\",\"name\":\"Mese della prevenzione orale, luned\u00ec l\u2019Open Day presso il nuovo Dental Center del Gemelli - Policlinico Universitario A. Gemelli IRCCS\",\"isPartOf\":{\"@id\":\"https:\\\/\\\/www.policlinicogemelli.it\\\/en\\\/#website\"},\"primaryImageOfPage\":{\"@id\":\"https:\\\/\\\/www.policlinicogemelli.it\\\/en\\\/news-events\\\/mese-della-prevenzione-orale-lunedi-lopen-day-presso-il-nuovo-dental-center-del-gemelli\\\/#primaryimage\"},\"image\":{\"@id\":\"https:\\\/\\\/www.policlinicogemelli.it\\\/en\\\/news-events\\\/mese-della-prevenzione-orale-lunedi-lopen-day-presso-il-nuovo-dental-center-del-gemelli\\\/#primaryimage\"},\"thumbnailUrl\":\"https:\\\/\\\/www.policlinicogemelli.it\\\/wp-content\\\/uploads\\\/2019\\\/10\\\/AdobeStock_264395936-2.jpeg\",\"datePublished\":\"2019-10-18T14:18:11+00:00\",\"breadcrumb\":{\"@id\":\"https:\\\/\\\/www.policlinicogemelli.it\\\/en\\\/news-events\\\/mese-della-prevenzione-orale-lunedi-lopen-day-presso-il-nuovo-dental-center-del-gemelli\\\/#breadcrumb\"},\"inLanguage\":\"en-US\",\"potentialAction\":[{\"@type\":\"ReadAction\",\"target\":[\"https:\\\/\\\/www.policlinicogemelli.it\\\/en\\\/news-events\\\/mese-della-prevenzione-orale-lunedi-lopen-day-presso-il-nuovo-dental-center-del-gemelli\\\/\"]}]},{\"@type\":\"ImageObject\",\"inLanguage\":\"en-US\",\"@id\":\"https:\\\/\\\/www.policlinicogemelli.it\\\/en\\\/news-events\\\/mese-della-prevenzione-orale-lunedi-lopen-day-presso-il-nuovo-dental-center-del-gemelli\\\/#primaryimage\",\"url\":\"https:\\\/\\\/www.policlinicogemelli.it\\\/wp-content\\\/uploads\\\/2019\\\/10\\\/AdobeStock_264395936-2.jpeg\",\"contentUrl\":\"https:\\\/\\\/www.policlinicogemelli.it\\\/wp-content\\\/uploads\\\/2019\\\/10\\\/AdobeStock_264395936-2.jpeg\",\"width\":2700,\"height\":1800,\"caption\":\"Image of pretty young woman sitting in dental chair at medical center while professional doctor fixing her teeth\"},{\"@type\":\"BreadcrumbList\",\"@id\":\"https:\\\/\\\/www.policlinicogemelli.it\\\/en\\\/news-events\\\/mese-della-prevenzione-orale-lunedi-lopen-day-presso-il-nuovo-dental-center-del-gemelli\\\/#breadcrumb\",\"itemListElement\":[{\"@type\":\"ListItem\",\"position\":1,\"name\":\"Home\",\"item\":\"https:\\\/\\\/www.policlinicogemelli.it\\\/en\\\/\"},{\"@type\":\"ListItem\",\"position\":2,\"name\":\"News and Events\",\"item\":\"https:\\\/\\\/www.policlinicogemelli.it\\\/en\\\/news-events\\\/\"},{\"@type\":\"ListItem\",\"position\":3,\"name\":\"Mese della prevenzione orale, luned\u00ec l\u2019Open Day presso il nuovo Dental Center del Gemelli\"}]},{\"@type\":\"WebSite\",\"@id\":\"https:\\\/\\\/www.policlinicogemelli.it\\\/en\\\/#website\",\"url\":\"https:\\\/\\\/www.policlinicogemelli.it\\\/en\\\/\",\"name\":\"Policlinico Universitario Agostino Gemelli IRCCS\",\"description\":\"Policlinico Universitario Agostino Gemelli IRCCS\",\"publisher\":{\"@id\":\"https:\\\/\\\/www.policlinicogemelli.it\\\/en\\\/#organization\"},\"potentialAction\":[{\"@type\":\"SearchAction\",\"target\":{\"@type\":\"EntryPoint\",\"urlTemplate\":\"https:\\\/\\\/www.policlinicogemelli.it\\\/en\\\/?s={search_term_string}\"},\"query-input\":{\"@type\":\"PropertyValueSpecification\",\"valueRequired\":true,\"valueName\":\"search_term_string\"}}],\"inLanguage\":\"en-US\"},{\"@type\":\"Organization\",\"@id\":\"https:\\\/\\\/www.policlinicogemelli.it\\\/en\\\/#organization\",\"name\":\"Policlinico Universitario Agostino Gemelli IRCCS\",\"url\":\"https:\\\/\\\/www.policlinicogemelli.it\\\/en\\\/\",\"logo\":{\"@type\":\"ImageObject\",\"inLanguage\":\"en-US\",\"@id\":\"https:\\\/\\\/www.policlinicogemelli.it\\\/en\\\/#\\\/schema\\\/logo\\\/image\\\/\",\"url\":\"https:\\\/\\\/www.policlinicogemelli.it\\\/wp-content\\\/uploads\\\/2019\\\/02\\\/logo-policlinico-gemelli-250-trasp-color-1.png\",\"contentUrl\":\"https:\\\/\\\/www.policlinicogemelli.it\\\/wp-content\\\/uploads\\\/2019\\\/02\\\/logo-policlinico-gemelli-250-trasp-color-1.png\",\"width\":250,\"height\":82,\"caption\":\"Policlinico Universitario Agostino Gemelli IRCCS\"},\"image\":{\"@id\":\"https:\\\/\\\/www.policlinicogemelli.it\\\/en\\\/#\\\/schema\\\/logo\\\/image\\\/\"}}]}<\/script>\n<!-- \/ Yoast SEO plugin. -->","yoast_head_json":{"title":"Mese della prevenzione orale, luned\u00ec l\u2019Open Day presso il nuovo Dental Center del Gemelli - Policlinico Universitario A. Gemelli IRCCS","robots":{"index":"index","follow":"follow","max-snippet":"max-snippet:-1","max-image-preview":"max-image-preview:large","max-video-preview":"max-video-preview:-1"},"canonical":"https:\/\/www.policlinicogemelli.it\/en\/news-events\/mese-della-prevenzione-orale-lunedi-lopen-day-presso-il-nuovo-dental-center-del-gemelli\/","og_locale":"en_US","og_type":"article","og_title":"Mese della prevenzione orale, luned\u00ec l\u2019Open Day presso il nuovo Dental Center del Gemelli - Policlinico Universitario A. Gemelli IRCCS","og_description":"Saranno presentate innovative tecnologie e per chi prenoter\u00e0 telefonicamente allo 06 30156700 sar\u00e0 possibile effettuare check-up della salute dei propri denti con strumenti innovativi pi\u00f9 rapidi e sicuri (dalle 9 alle 18 &#8211; Piano V &#8211; Ala D) Secondo una recente indagine, realizzata dal Censis, in collaborazione con Andi-Associazione nazionale dentisti italiani, l&#8217;80% degli italiani [&hellip;]","og_url":"https:\/\/www.policlinicogemelli.it\/en\/news-events\/mese-della-prevenzione-orale-lunedi-lopen-day-presso-il-nuovo-dental-center-del-gemelli\/","og_site_name":"Policlinico Universitario Agostino Gemelli IRCCS","og_image":[{"width":2700,"height":1800,"url":"https:\/\/www.policlinicogemelli.it\/wp-content\/uploads\/2019\/10\/AdobeStock_264395936-2.jpeg","type":"image\/jpeg"}],"twitter_card":"summary_large_image","twitter_misc":{"Est. reading time":"1 minute"},"schema":{"@context":"https:\/\/schema.org","@graph":[{"@type":"WebPage","@id":"https:\/\/www.policlinicogemelli.it\/en\/news-events\/mese-della-prevenzione-orale-lunedi-lopen-day-presso-il-nuovo-dental-center-del-gemelli\/","url":"https:\/\/www.policlinicogemelli.it\/en\/news-events\/mese-della-prevenzione-orale-lunedi-lopen-day-presso-il-nuovo-dental-center-del-gemelli\/","name":"Mese della prevenzione orale, luned\u00ec l\u2019Open Day presso il nuovo Dental Center del Gemelli - Policlinico Universitario A. Gemelli IRCCS","isPartOf":{"@id":"https:\/\/www.policlinicogemelli.it\/en\/#website"},"primaryImageOfPage":{"@id":"https:\/\/www.policlinicogemelli.it\/en\/news-events\/mese-della-prevenzione-orale-lunedi-lopen-day-presso-il-nuovo-dental-center-del-gemelli\/#primaryimage"},"image":{"@id":"https:\/\/www.policlinicogemelli.it\/en\/news-events\/mese-della-prevenzione-orale-lunedi-lopen-day-presso-il-nuovo-dental-center-del-gemelli\/#primaryimage"},"thumbnailUrl":"https:\/\/www.policlinicogemelli.it\/wp-content\/uploads\/2019\/10\/AdobeStock_264395936-2.jpeg","datePublished":"2019-10-18T14:18:11+00:00","breadcrumb":{"@id":"https:\/\/www.policlinicogemelli.it\/en\/news-events\/mese-della-prevenzione-orale-lunedi-lopen-day-presso-il-nuovo-dental-center-del-gemelli\/#breadcrumb"},"inLanguage":"en-US","potentialAction":[{"@type":"ReadAction","target":["https:\/\/www.policlinicogemelli.it\/en\/news-events\/mese-della-prevenzione-orale-lunedi-lopen-day-presso-il-nuovo-dental-center-del-gemelli\/"]}]},{"@type":"ImageObject","inLanguage":"en-US","@id":"https:\/\/www.policlinicogemelli.it\/en\/news-events\/mese-della-prevenzione-orale-lunedi-lopen-day-presso-il-nuovo-dental-center-del-gemelli\/#primaryimage","url":"https:\/\/www.policlinicogemelli.it\/wp-content\/uploads\/2019\/10\/AdobeStock_264395936-2.jpeg","contentUrl":"https:\/\/www.policlinicogemelli.it\/wp-content\/uploads\/2019\/10\/AdobeStock_264395936-2.jpeg","width":2700,"height":1800,"caption":"Image of pretty young woman sitting in dental chair at medical center while professional doctor fixing her teeth"},{"@type":"BreadcrumbList","@id":"https:\/\/www.policlinicogemelli.it\/en\/news-events\/mese-della-prevenzione-orale-lunedi-lopen-day-presso-il-nuovo-dental-center-del-gemelli\/#breadcrumb","itemListElement":[{"@type":"ListItem","position":1,"name":"Home","item":"https:\/\/www.policlinicogemelli.it\/en\/"},{"@type":"ListItem","position":2,"name":"News and Events","item":"https:\/\/www.policlinicogemelli.it\/en\/news-events\/"},{"@type":"ListItem","position":3,"name":"Mese della prevenzione orale, luned\u00ec l\u2019Open Day presso il nuovo Dental Center del Gemelli"}]},{"@type":"WebSite","@id":"https:\/\/www.policlinicogemelli.it\/en\/#website","url":"https:\/\/www.policlinicogemelli.it\/en\/","name":"Policlinico Universitario Agostino Gemelli IRCCS","description":"Policlinico Universitario Agostino Gemelli IRCCS","publisher":{"@id":"https:\/\/www.policlinicogemelli.it\/en\/#organization"},"potentialAction":[{"@type":"SearchAction","target":{"@type":"EntryPoint","urlTemplate":"https:\/\/www.policlinicogemelli.it\/en\/?s={search_term_string}"},"query-input":{"@type":"PropertyValueSpecification","valueRequired":true,"valueName":"search_term_string"}}],"inLanguage":"en-US"},{"@type":"Organization","@id":"https:\/\/www.policlinicogemelli.it\/en\/#organization","name":"Policlinico Universitario Agostino Gemelli IRCCS","url":"https:\/\/www.policlinicogemelli.it\/en\/","logo":{"@type":"ImageObject","inLanguage":"en-US","@id":"https:\/\/www.policlinicogemelli.it\/en\/#\/schema\/logo\/image\/","url":"https:\/\/www.policlinicogemelli.it\/wp-content\/uploads\/2019\/02\/logo-policlinico-gemelli-250-trasp-color-1.png","contentUrl":"https:\/\/www.policlinicogemelli.it\/wp-content\/uploads\/2019\/02\/logo-policlinico-gemelli-250-trasp-color-1.png","width":250,"height":82,"caption":"Policlinico Universitario Agostino Gemelli IRCCS"},"image":{"@id":"https:\/\/www.policlinicogemelli.it\/en\/#\/schema\/logo\/image\/"}}]}},"rest_api_enabler":[],"_links":{"self":[{"href":"https:\/\/www.policlinicogemelli.it\/en\/wp-json\/wp\/v2\/news\/20716","targetHints":{"allow":["GET"]}}],"collection":[{"href":"https:\/\/www.policlinicogemelli.it\/en\/wp-json\/wp\/v2\/news"}],"about":[{"href":"https:\/\/www.policlinicogemelli.it\/en\/wp-json\/wp\/v2\/types\/kf_gem_news"}],"version-history":[{"count":0,"href":"https:\/\/www.policlinicogemelli.it\/en\/wp-json\/wp\/v2\/news\/20716\/revisions"}],"wp:featuredmedia":[{"embeddable":true,"href":"https:\/\/www.policlinicogemelli.it\/en\/wp-json\/wp\/v2\/media\/16540"}],"wp:attachment":[{"href":"https:\/\/www.policlinicogemelli.it\/en\/wp-json\/wp\/v2\/media?parent=20716"}],"wp:term":[{"taxonomy":"kf_gem_newscat","embeddable":true,"href":"https:\/\/www.policlinicogemelli.it\/en\/wp-json\/wp\/v2\/categorie?post=20716"}],"curies":[{"name":"wp","href":"https:\/\/api.w.org\/{rel}","templated":true}]}}