{"id":20712,"date":"2019-10-10T10:13:22","date_gmt":"2019-10-10T10:13:22","guid":{"rendered":"https:\/\/www.policlinicogemelli.it\/news-eventi\/obesita-al-via-la-campagna-social-con-le-testimonianze-di-chi-lha-affrontata-con-successo\/"},"modified":"2019-12-27T08:43:09","modified_gmt":"2019-12-27T08:43:09","slug":"obesita-al-via-la-campagna-social-con-le-testimonianze-di-chi-lha-affrontata-con-successo","status":"publish","type":"kf_gem_news","link":"https:\/\/www.policlinicogemelli.it\/en\/news-events\/obesita-al-via-la-campagna-social-con-le-testimonianze-di-chi-lha-affrontata-con-successo\/","title":{"rendered":"Obesit\u00e0, al via la campagna social con le testimonianze di chi l\u2019ha affrontata con successo"},"content":{"rendered":"\n<p><strong>In occasione del World Obesity Day che si celebra ogni anno l\u201911 ottobre \u00e8 partita \u201cShare your light \u2013 Oltre l\u2019obesit\u00e0, storie di nuovi inizi\u201d, la campagna per sensibilizzare gli italiani attraverso i racconti dei pazienti con l\u2019obiettivo di costruire una community che incoraggi ad affrontare la malattia. Il progetto \u00e8 promosso dall\u2019Unit\u00e0 Operativa Complessa di Chirurgia Endocrina e Metabolica del Policlinico Universitario Agostino Gemelli IRCCS di Roma.<\/strong><\/p>\n\n\n\n<div class=\"wp-block-image\"><figure class=\"alignleft\"><img loading=\"lazy\" decoding=\"async\" width=\"224\" height=\"169\" src=\"https:\/\/www.policlinicogemelli.it\/wp-content\/uploads\/2019\/10\/obesit\u00e0.png\" alt=\"\" class=\"wp-image-16375\"\/><\/figure><\/div>\n\n\n\n<p>\u00a0Una campagna di sensibilizzazione innovativa, che \u00e8 anche una call to action immediata alla condivisione, per portare alla luce sogni, vita vissuta e progetti di chi ha affrontato con successo l\u2019obesit\u00e0, una patologia complessa definita dall\u2019Organizzazione Mondiale della Sanit\u00e0 come \u201cl\u2019epidemia del XXI secolo\u201d che colpisce un italiano su dieci. \u00c8 la sintesi di \u201cShare your light \u2013 Oltre l\u2019Obesit\u00e0, storie di nuovi inizi\u201d, un progetto ideato dall\u2019<strong>Unit\u00e0 Operativa Complessa di Chirurgia Endocrina e Metabolica del Policlinico Universitario Agostino Gemelli IRCCS <\/strong>di Roma, con il patrocinio dell\u2019<strong>Associazione Fiocchetto Verde<\/strong>, impegnata a sostenere le persone che soffrono o hanno sofferto di obesit\u00e0, e il supporto non condizionante di Johnson &amp; Johnson  Medical Spa.<a> <\/a>La campagna, che vuole mettere in risalto il legame forte e prezioso tra chi ce l\u2019ha fatta e chi ancora sta lottando con la malattia, ha come strumenti principali un portale dedicato (<a rel=\"noreferrer noopener\" aria-label=\"www.shareyourlight.it (opens in a new tab)\" href=\"https:\/\/www.shareyourlight.it\/\" target=\"_blank\">www.shareyourlight.it<\/a>) e una pagina Facebook che raccolgono le videointerviste a quattro testimonial, impegnati a raccontare la propria storia tra emozioni, ricordi, sensazioni e oggetti personali. <\/p>\n\n\n\n<p>L\u2019obiettivo \u00e8 costruire una community\ndove condividere sia la propria rinascita oltre l\u2019obesit\u00e0 che la voglia di\nfarcela insieme, dedicata soprattutto a chi, colpito da questa patologia, ha\nperduto la speranza di affrontarla e ha bisogno della forza di chi ce l\u2019ha\nfatta per intraprendere un percorso di cura efficace.<\/p>\n\n\n\n<p>\u201cLa volont\u00e0 di cambiare la propria situazione deve partire dall\u2019interno. Chi \u00e8 obeso, ad un certo punto, si deve mettere davanti a una sorta di specchio e chiedersi: \u201cSto bene? Mi accetto cos\u00ec come sono?\u201d e non credo che la risposta possa essere: \u201cOh come sto bene\u201d o \u201cQuanto mi \u00e8 comoda la vita in questa maniera!\u201d \u2013 ha racconta <strong>Claudio Ciampi<\/strong>, uno dei quattro testimonial della campagna, operatosi a inizio 2019 &#8211; \u201cLa persona obesa deve rendersi conto che ha tutte le possibilit\u00e0, oggi come oggi, di poter cambiare vita, e cambiarla in maniera radicale. Io sono felice, perch\u00e9 sono rinato e tutte le mattine mi armo di scarpe da ginnastica e cammino. Che cosa ho guadagnato? Una vita nuova e mi sento come Lazzaro\u201d.<\/p>\n\n\n\n<p><strong>OPEN DAY A ROMA E A OLBIA PER CONTROLLI\nGRATUITI <\/strong><\/p>\n\n\n\n<p>La campagna vedr\u00e0 nei primi mesi del\n2020 anche un open day gratuito realizzato dall\u2019Unit\u00e0 Operativa Complessa di\nChirurgia Endocrina e Metabolica del Policlinico Universitario A. Gemelli\nIRCCS, dove gli specialisti dedicati alla cura dell\u2019obesit\u00e0 saranno a\ndisposizione per valutazioni e controlli gratuiti. Lo stesso format sar\u00e0\nriproposto anche presso il Mater Olbia Hospital, risultato della partnership\nfra Qatar Foundation Endowment e Fondazione Policlinico Universitario Agostino\nGemelli IRCCS, in cui \u00e8 possibile ritrovare il medesimo approccio integrato al\ntrattamento dell\u2019obesit\u00e0 adottato dal Policlinico Universitario A. Gemelli\nIRCCS.<\/p>\n\n\n\n<p><strong>UN PERCORSO DI CURA INTEGRATO<\/strong><\/p>\n\n\n\n<p>Infatti, \u201cShare your light \u2013 Oltre l\u2019Obesit\u00e0, storie di nuovi inizi\u201d vuole sottolineare l\u2019importanza di un approccio \u201colistico\u201d all\u2019obesit\u00e0, che non contempla solo il ricorso alla chirurgia bariatrica, ma considera anche e soprattutto i risvolti psicologici, relazionali e assistenziali di un problema che ha assunto dimensioni sempre pi\u00f9 allarmanti.  <\/p>\n\n\n\n<p>\u201cIl trattamento dell\u2019obesit\u00e0 <em>\u2013 <\/em>ha sostenuto il professor <strong>Marco Raffaelli<\/strong>, Direttore dell\u2019Unit\u00e0 Operativa Complessa di Chirurgia Endocrina e\u00a0 Metabolica del Policlinico Universitario Agostino Gemelli IRCCS \u2013 implica la conoscenza e la gestione di numerose problematiche ad essa correlate ed \u00e8 per questo che si rendono necessari Centri dedicati in cui operino team multidisciplinari che possano prendersi cura del singolo paziente obeso nella sua complessa unicit\u00e0, garantendone la gestione personalizzata ed un programma terapeutico, dinamico e modificabile nel corso del tempo, modulato sul paziente stesso in base al tipo di obesit\u00e0, alla storia clinica, al tipo di disordine alimentare ed alle patologie associate\u201d.<\/p>\n\n\n\n<p><strong>L\u2019OBESITA\u2019: UN PROBLEMA GLOBALE<\/strong><\/p>\n\n\n\n<p>In base alle stime dell\u2019Organizzazione Mondiale della Sanit\u00e0, dal 1975 ad oggi l\u2019obesit\u00e0 nel mondo \u00e8 pi\u00f9 che triplicata. Ogni anno, questa malattia \u00e8 causa del 13% dei decessi, mentre l\u2019eccesso di peso \u00e8 responsabile della perdita di 12 milioni di anni vissuti con disabilit\u00e0 (Dalys); gli adulti in sovrappeso raggiungono infatti il 39% della popolazione mondiale e gli obesi sono il 13%. In Italia, sulla base dei dati pi\u00f9 recenti a disposizione e diffusi dal primo Italian Obesity Barometer Report, realizzato in collaborazione con ISTAT, sono oltre 23 milioni le persone over 18 in eccesso di peso, di cui quasi 18 milioni in sovrappeso e oltre 5 milioni in condizione di obesit\u00e0. Inoltre, l\u2019obesit\u00e0 e il sovrappeso sono la seconda causa evitabile di tumori dopo il fumo e rappresentano un importante fattore di rischio per lo sviluppo di varie malattie croniche.<\/p>\n\n\n\n<p>\u201cSiamo orgogliosi di poter supportare la campagna di sensibilizzazione \u201cShare your light\u201d dedicata a diffondere informazioni corrette sul tema dell\u2019obesit\u00e0 e delle possibili soluzioni di cura &#8211; ha affermato <strong>Silvia<\/strong> <strong>De Dominicis<\/strong>, Presidente e Amministratore Delegato Johnson &amp; Johnson Medical SpA. \u2013 La consapevolezza del paziente e di chi se ne prende cura \u00e8 fondamentale per una migliore gestione della patologia e per fare la differenza nella traiettoria della salute delle persone\u201d.<br><\/p>\n","protected":false},"excerpt":{"rendered":"<p>In occasione del World Obesity Day che si celebra ogni anno l\u201911 ottobre \u00e8 partita \u201cShare your light \u2013 Oltre l\u2019obesit\u00e0, storie di nuovi inizi\u201d, la campagna per sensibilizzare gli italiani attraverso i racconti dei pazienti con l\u2019obiettivo di costruire una community che incoraggi ad affrontare la malattia. Il progetto \u00e8 promosso dall\u2019Unit\u00e0 Operativa Complessa [&hellip;]<\/p>\n","protected":false},"featured_media":16377,"template":"","categorie":[93],"class_list":{"0":"post-20712","1":"kf_gem_news","2":"type-kf_gem_news","3":"status-publish","4":"has-post-thumbnail","6":"kf_gem_newscat-events","7":"entry"},"acf":[],"yoast_head":"<!-- This site is optimized with the Yoast SEO plugin v27.5 - https:\/\/yoast.com\/product\/yoast-seo-wordpress\/ -->\n<title>Obesit\u00e0, al via la campagna social con le testimonianze di chi l\u2019ha affrontata con successo - Policlinico Universitario A. Gemelli IRCCS<\/title>\n<meta name=\"robots\" content=\"index, follow, max-snippet:-1, max-image-preview:large, max-video-preview:-1\" \/>\n<link rel=\"canonical\" href=\"https:\/\/www.policlinicogemelli.it\/en\/news-events\/obesita-al-via-la-campagna-social-con-le-testimonianze-di-chi-lha-affrontata-con-successo\/\" \/>\n<meta property=\"og:locale\" content=\"en_US\" \/>\n<meta property=\"og:type\" content=\"article\" \/>\n<meta property=\"og:title\" content=\"Obesit\u00e0, al via la campagna social con le testimonianze di chi l\u2019ha affrontata con successo - Policlinico Universitario A. Gemelli IRCCS\" \/>\n<meta property=\"og:description\" content=\"In occasione del World Obesity Day che si celebra ogni anno l\u201911 ottobre \u00e8 partita \u201cShare your light \u2013 Oltre l\u2019obesit\u00e0, storie di nuovi inizi\u201d, la campagna per sensibilizzare gli italiani attraverso i racconti dei pazienti con l\u2019obiettivo di costruire una community che incoraggi ad affrontare la malattia. Il progetto \u00e8 promosso dall\u2019Unit\u00e0 Operativa Complessa [&hellip;]\" \/>\n<meta property=\"og:url\" content=\"https:\/\/www.policlinicogemelli.it\/en\/news-events\/obesita-al-via-la-campagna-social-con-le-testimonianze-di-chi-lha-affrontata-con-successo\/\" \/>\n<meta property=\"og:site_name\" content=\"Policlinico Universitario Agostino Gemelli IRCCS\" \/>\n<meta property=\"article:modified_time\" content=\"2019-12-27T08:43:09+00:00\" \/>\n<meta property=\"og:image\" content=\"https:\/\/www.policlinicogemelli.it\/wp-content\/uploads\/2019\/10\/wod2019.jpg\" \/>\n\t<meta property=\"og:image:width\" content=\"850\" \/>\n\t<meta property=\"og:image:height\" content=\"496\" \/>\n\t<meta property=\"og:image:type\" content=\"image\/jpeg\" \/>\n<meta name=\"twitter:card\" content=\"summary_large_image\" \/>\n<meta name=\"twitter:label1\" content=\"Est. reading time\" \/>\n\t<meta name=\"twitter:data1\" content=\"4 minutes\" \/>\n<script type=\"application\/ld+json\" class=\"yoast-schema-graph\">{\"@context\":\"https:\\\/\\\/schema.org\",\"@graph\":[{\"@type\":\"WebPage\",\"@id\":\"https:\\\/\\\/www.policlinicogemelli.it\\\/en\\\/news-events\\\/obesita-al-via-la-campagna-social-con-le-testimonianze-di-chi-lha-affrontata-con-successo\\\/\",\"url\":\"https:\\\/\\\/www.policlinicogemelli.it\\\/en\\\/news-events\\\/obesita-al-via-la-campagna-social-con-le-testimonianze-di-chi-lha-affrontata-con-successo\\\/\",\"name\":\"Obesit\u00e0, al via la campagna social con le testimonianze di chi l\u2019ha affrontata con successo - Policlinico Universitario A. Gemelli IRCCS\",\"isPartOf\":{\"@id\":\"https:\\\/\\\/www.policlinicogemelli.it\\\/en\\\/#website\"},\"primaryImageOfPage\":{\"@id\":\"https:\\\/\\\/www.policlinicogemelli.it\\\/en\\\/news-events\\\/obesita-al-via-la-campagna-social-con-le-testimonianze-di-chi-lha-affrontata-con-successo\\\/#primaryimage\"},\"image\":{\"@id\":\"https:\\\/\\\/www.policlinicogemelli.it\\\/en\\\/news-events\\\/obesita-al-via-la-campagna-social-con-le-testimonianze-di-chi-lha-affrontata-con-successo\\\/#primaryimage\"},\"thumbnailUrl\":\"https:\\\/\\\/www.policlinicogemelli.it\\\/wp-content\\\/uploads\\\/2019\\\/10\\\/wod2019.jpg\",\"datePublished\":\"2019-10-10T10:13:22+00:00\",\"dateModified\":\"2019-12-27T08:43:09+00:00\",\"breadcrumb\":{\"@id\":\"https:\\\/\\\/www.policlinicogemelli.it\\\/en\\\/news-events\\\/obesita-al-via-la-campagna-social-con-le-testimonianze-di-chi-lha-affrontata-con-successo\\\/#breadcrumb\"},\"inLanguage\":\"en-US\",\"potentialAction\":[{\"@type\":\"ReadAction\",\"target\":[\"https:\\\/\\\/www.policlinicogemelli.it\\\/en\\\/news-events\\\/obesita-al-via-la-campagna-social-con-le-testimonianze-di-chi-lha-affrontata-con-successo\\\/\"]}]},{\"@type\":\"ImageObject\",\"inLanguage\":\"en-US\",\"@id\":\"https:\\\/\\\/www.policlinicogemelli.it\\\/en\\\/news-events\\\/obesita-al-via-la-campagna-social-con-le-testimonianze-di-chi-lha-affrontata-con-successo\\\/#primaryimage\",\"url\":\"https:\\\/\\\/www.policlinicogemelli.it\\\/wp-content\\\/uploads\\\/2019\\\/10\\\/wod2019.jpg\",\"contentUrl\":\"https:\\\/\\\/www.policlinicogemelli.it\\\/wp-content\\\/uploads\\\/2019\\\/10\\\/wod2019.jpg\",\"width\":850,\"height\":496},{\"@type\":\"BreadcrumbList\",\"@id\":\"https:\\\/\\\/www.policlinicogemelli.it\\\/en\\\/news-events\\\/obesita-al-via-la-campagna-social-con-le-testimonianze-di-chi-lha-affrontata-con-successo\\\/#breadcrumb\",\"itemListElement\":[{\"@type\":\"ListItem\",\"position\":1,\"name\":\"Home\",\"item\":\"https:\\\/\\\/www.policlinicogemelli.it\\\/en\\\/\"},{\"@type\":\"ListItem\",\"position\":2,\"name\":\"News and Events\",\"item\":\"https:\\\/\\\/www.policlinicogemelli.it\\\/en\\\/news-events\\\/\"},{\"@type\":\"ListItem\",\"position\":3,\"name\":\"Obesit\u00e0, al via la campagna social con le testimonianze di chi l\u2019ha affrontata con successo\"}]},{\"@type\":\"WebSite\",\"@id\":\"https:\\\/\\\/www.policlinicogemelli.it\\\/en\\\/#website\",\"url\":\"https:\\\/\\\/www.policlinicogemelli.it\\\/en\\\/\",\"name\":\"Policlinico Universitario Agostino Gemelli IRCCS\",\"description\":\"Policlinico Universitario Agostino Gemelli IRCCS\",\"publisher\":{\"@id\":\"https:\\\/\\\/www.policlinicogemelli.it\\\/en\\\/#organization\"},\"potentialAction\":[{\"@type\":\"SearchAction\",\"target\":{\"@type\":\"EntryPoint\",\"urlTemplate\":\"https:\\\/\\\/www.policlinicogemelli.it\\\/en\\\/?s={search_term_string}\"},\"query-input\":{\"@type\":\"PropertyValueSpecification\",\"valueRequired\":true,\"valueName\":\"search_term_string\"}}],\"inLanguage\":\"en-US\"},{\"@type\":\"Organization\",\"@id\":\"https:\\\/\\\/www.policlinicogemelli.it\\\/en\\\/#organization\",\"name\":\"Policlinico Universitario Agostino Gemelli IRCCS\",\"url\":\"https:\\\/\\\/www.policlinicogemelli.it\\\/en\\\/\",\"logo\":{\"@type\":\"ImageObject\",\"inLanguage\":\"en-US\",\"@id\":\"https:\\\/\\\/www.policlinicogemelli.it\\\/en\\\/#\\\/schema\\\/logo\\\/image\\\/\",\"url\":\"https:\\\/\\\/www.policlinicogemelli.it\\\/wp-content\\\/uploads\\\/2019\\\/02\\\/logo-policlinico-gemelli-250-trasp-color-1.png\",\"contentUrl\":\"https:\\\/\\\/www.policlinicogemelli.it\\\/wp-content\\\/uploads\\\/2019\\\/02\\\/logo-policlinico-gemelli-250-trasp-color-1.png\",\"width\":250,\"height\":82,\"caption\":\"Policlinico Universitario Agostino Gemelli IRCCS\"},\"image\":{\"@id\":\"https:\\\/\\\/www.policlinicogemelli.it\\\/en\\\/#\\\/schema\\\/logo\\\/image\\\/\"}}]}<\/script>\n<!-- \/ Yoast SEO plugin. -->","yoast_head_json":{"title":"Obesit\u00e0, al via la campagna social con le testimonianze di chi l\u2019ha affrontata con successo - Policlinico Universitario A. Gemelli IRCCS","robots":{"index":"index","follow":"follow","max-snippet":"max-snippet:-1","max-image-preview":"max-image-preview:large","max-video-preview":"max-video-preview:-1"},"canonical":"https:\/\/www.policlinicogemelli.it\/en\/news-events\/obesita-al-via-la-campagna-social-con-le-testimonianze-di-chi-lha-affrontata-con-successo\/","og_locale":"en_US","og_type":"article","og_title":"Obesit\u00e0, al via la campagna social con le testimonianze di chi l\u2019ha affrontata con successo - Policlinico Universitario A. Gemelli IRCCS","og_description":"In occasione del World Obesity Day che si celebra ogni anno l\u201911 ottobre \u00e8 partita \u201cShare your light \u2013 Oltre l\u2019obesit\u00e0, storie di nuovi inizi\u201d, la campagna per sensibilizzare gli italiani attraverso i racconti dei pazienti con l\u2019obiettivo di costruire una community che incoraggi ad affrontare la malattia. Il progetto \u00e8 promosso dall\u2019Unit\u00e0 Operativa Complessa [&hellip;]","og_url":"https:\/\/www.policlinicogemelli.it\/en\/news-events\/obesita-al-via-la-campagna-social-con-le-testimonianze-di-chi-lha-affrontata-con-successo\/","og_site_name":"Policlinico Universitario Agostino Gemelli IRCCS","article_modified_time":"2019-12-27T08:43:09+00:00","og_image":[{"width":850,"height":496,"url":"https:\/\/www.policlinicogemelli.it\/wp-content\/uploads\/2019\/10\/wod2019.jpg","type":"image\/jpeg"}],"twitter_card":"summary_large_image","twitter_misc":{"Est. reading time":"4 minutes"},"schema":{"@context":"https:\/\/schema.org","@graph":[{"@type":"WebPage","@id":"https:\/\/www.policlinicogemelli.it\/en\/news-events\/obesita-al-via-la-campagna-social-con-le-testimonianze-di-chi-lha-affrontata-con-successo\/","url":"https:\/\/www.policlinicogemelli.it\/en\/news-events\/obesita-al-via-la-campagna-social-con-le-testimonianze-di-chi-lha-affrontata-con-successo\/","name":"Obesit\u00e0, al via la campagna social con le testimonianze di chi l\u2019ha affrontata con successo - Policlinico Universitario A. Gemelli IRCCS","isPartOf":{"@id":"https:\/\/www.policlinicogemelli.it\/en\/#website"},"primaryImageOfPage":{"@id":"https:\/\/www.policlinicogemelli.it\/en\/news-events\/obesita-al-via-la-campagna-social-con-le-testimonianze-di-chi-lha-affrontata-con-successo\/#primaryimage"},"image":{"@id":"https:\/\/www.policlinicogemelli.it\/en\/news-events\/obesita-al-via-la-campagna-social-con-le-testimonianze-di-chi-lha-affrontata-con-successo\/#primaryimage"},"thumbnailUrl":"https:\/\/www.policlinicogemelli.it\/wp-content\/uploads\/2019\/10\/wod2019.jpg","datePublished":"2019-10-10T10:13:22+00:00","dateModified":"2019-12-27T08:43:09+00:00","breadcrumb":{"@id":"https:\/\/www.policlinicogemelli.it\/en\/news-events\/obesita-al-via-la-campagna-social-con-le-testimonianze-di-chi-lha-affrontata-con-successo\/#breadcrumb"},"inLanguage":"en-US","potentialAction":[{"@type":"ReadAction","target":["https:\/\/www.policlinicogemelli.it\/en\/news-events\/obesita-al-via-la-campagna-social-con-le-testimonianze-di-chi-lha-affrontata-con-successo\/"]}]},{"@type":"ImageObject","inLanguage":"en-US","@id":"https:\/\/www.policlinicogemelli.it\/en\/news-events\/obesita-al-via-la-campagna-social-con-le-testimonianze-di-chi-lha-affrontata-con-successo\/#primaryimage","url":"https:\/\/www.policlinicogemelli.it\/wp-content\/uploads\/2019\/10\/wod2019.jpg","contentUrl":"https:\/\/www.policlinicogemelli.it\/wp-content\/uploads\/2019\/10\/wod2019.jpg","width":850,"height":496},{"@type":"BreadcrumbList","@id":"https:\/\/www.policlinicogemelli.it\/en\/news-events\/obesita-al-via-la-campagna-social-con-le-testimonianze-di-chi-lha-affrontata-con-successo\/#breadcrumb","itemListElement":[{"@type":"ListItem","position":1,"name":"Home","item":"https:\/\/www.policlinicogemelli.it\/en\/"},{"@type":"ListItem","position":2,"name":"News and Events","item":"https:\/\/www.policlinicogemelli.it\/en\/news-events\/"},{"@type":"ListItem","position":3,"name":"Obesit\u00e0, al via la campagna social con le testimonianze di chi l\u2019ha affrontata con successo"}]},{"@type":"WebSite","@id":"https:\/\/www.policlinicogemelli.it\/en\/#website","url":"https:\/\/www.policlinicogemelli.it\/en\/","name":"Policlinico Universitario Agostino Gemelli IRCCS","description":"Policlinico Universitario Agostino Gemelli IRCCS","publisher":{"@id":"https:\/\/www.policlinicogemelli.it\/en\/#organization"},"potentialAction":[{"@type":"SearchAction","target":{"@type":"EntryPoint","urlTemplate":"https:\/\/www.policlinicogemelli.it\/en\/?s={search_term_string}"},"query-input":{"@type":"PropertyValueSpecification","valueRequired":true,"valueName":"search_term_string"}}],"inLanguage":"en-US"},{"@type":"Organization","@id":"https:\/\/www.policlinicogemelli.it\/en\/#organization","name":"Policlinico Universitario Agostino Gemelli IRCCS","url":"https:\/\/www.policlinicogemelli.it\/en\/","logo":{"@type":"ImageObject","inLanguage":"en-US","@id":"https:\/\/www.policlinicogemelli.it\/en\/#\/schema\/logo\/image\/","url":"https:\/\/www.policlinicogemelli.it\/wp-content\/uploads\/2019\/02\/logo-policlinico-gemelli-250-trasp-color-1.png","contentUrl":"https:\/\/www.policlinicogemelli.it\/wp-content\/uploads\/2019\/02\/logo-policlinico-gemelli-250-trasp-color-1.png","width":250,"height":82,"caption":"Policlinico Universitario Agostino Gemelli IRCCS"},"image":{"@id":"https:\/\/www.policlinicogemelli.it\/en\/#\/schema\/logo\/image\/"}}]}},"rest_api_enabler":[],"_links":{"self":[{"href":"https:\/\/www.policlinicogemelli.it\/en\/wp-json\/wp\/v2\/news\/20712","targetHints":{"allow":["GET"]}}],"collection":[{"href":"https:\/\/www.policlinicogemelli.it\/en\/wp-json\/wp\/v2\/news"}],"about":[{"href":"https:\/\/www.policlinicogemelli.it\/en\/wp-json\/wp\/v2\/types\/kf_gem_news"}],"version-history":[{"count":0,"href":"https:\/\/www.policlinicogemelli.it\/en\/wp-json\/wp\/v2\/news\/20712\/revisions"}],"wp:featuredmedia":[{"embeddable":true,"href":"https:\/\/www.policlinicogemelli.it\/en\/wp-json\/wp\/v2\/media\/16377"}],"wp:attachment":[{"href":"https:\/\/www.policlinicogemelli.it\/en\/wp-json\/wp\/v2\/media?parent=20712"}],"wp:term":[{"taxonomy":"kf_gem_newscat","embeddable":true,"href":"https:\/\/www.policlinicogemelli.it\/en\/wp-json\/wp\/v2\/categorie?post=20712"}],"curies":[{"name":"wp","href":"https:\/\/api.w.org\/{rel}","templated":true}]}}