{"id":20704,"date":"2019-10-01T12:15:51","date_gmt":"2019-10-01T12:15:51","guid":{"rendered":"https:\/\/www.policlinicogemelli.it\/news-eventi\/gemelli-health-system-presentato-il-primo-prodotto-indicato-per-lobesita-sindromica\/"},"modified":"2019-10-01T12:15:51","modified_gmt":"2019-10-01T12:15:51","slug":"gemelli-health-system-presentato-il-primo-prodotto-indicato-per-lobesita-sindromica","status":"publish","type":"kf_gem_news","link":"https:\/\/www.policlinicogemelli.it\/en\/news-events\/gemelli-health-system-presentato-il-primo-prodotto-indicato-per-lobesita-sindromica\/","title":{"rendered":"Gemelli Health System: presentato il primo prodotto indicato per l\u2019obesit\u00e0 sindromica"},"content":{"rendered":"\n<p>Con un intervento introduttivo del Direttore Generale, il professor <strong>Marco Elefanti<\/strong>, \u00e8 stato presentato lo scorso 3 settembre il primo prodotto di Gemelli Health System (GHS), societ\u00e0 controllata al 100% dalla Fondazione Policlinico Universitario Agostino Gemelli IRCCS, che avvia cos\u00ec la propria attivit\u00e0, focalizzata alla progettazione e realizzazione essenzialmente di alimenti a fini medici speciali, ma anche integratori complessi e dispositivi medici. <\/p>\n\n\n\n<div class=\"wp-block-image\"><figure class=\"alignright\"><img loading=\"lazy\" decoding=\"async\" width=\"567\" height=\"378\" src=\"https:\/\/www.policlinicogemelli.it\/wp-content\/uploads\/2019\/10\/ghs.jpg\" alt=\"\" class=\"wp-image-16402\" srcset=\"https:\/\/www.policlinicogemelli.it\/wp-content\/uploads\/2019\/10\/ghs.jpg 567w, https:\/\/www.policlinicogemelli.it\/wp-content\/uploads\/2019\/10\/ghs-300x200.jpg 300w, https:\/\/www.policlinicogemelli.it\/wp-content\/uploads\/2019\/10\/ghs-308x205.jpg 308w, https:\/\/www.policlinicogemelli.it\/wp-content\/uploads\/2019\/10\/ghs-400x267.jpg 400w\" sizes=\"auto, (max-width: 567px) 100vw, 567px\" \/><\/figure><\/div>\n\n\n\n<p><em>\u201cGemelli Health Obesit\u00e0 Sindromica <\/em>\u2013 spiega <strong>Enzo Lucherini<\/strong>, Direttore Generale di GHS &#8211; \u00e8 un Alimento ai fini medici speciali (Afms) sostitutivo dei pasti, disponibile in una confezione di 30 buste singole da 35g ciascuna, contenenti una miscela gelificante, che fornisce all\u2019incirca 125 kcal per porzione\u201d. La quota di carboidrati viene garantita da maltodestrine con una bassa destrosio-equivalenza, pi\u00f9 lente da metabolizzare e che non inducono picchi glicemici. Il prodotto permette di assumere un pasto bilanciato a bassa densit\u00e0 calorica e con caratteristiche idonee ad intervenire sui meccanismi modulatori del senso di saziet\u00e0. Un supporto specifico alla terapia nutrizionale coadiuvante di tali sindromi, come conferma il professor <strong>Giuseppe Zampino<\/strong>, Responsabile Unit\u00e0 di Malattie Rare e Difetti Congeniti del Policlinico Universitario A. Gemelli IRCCS. <\/p>\n\n\n\n<div class=\"wp-block-image\"><figure class=\"alignleft is-resized\"><img loading=\"lazy\" decoding=\"async\" src=\"https:\/\/www.policlinicogemelli.it\/wp-content\/uploads\/2019\/10\/mockup_bustine_obesit\u00e0_SCONT.png\" alt=\"\" class=\"wp-image-16403\" width=\"425\" height=\"304\" srcset=\"https:\/\/www.policlinicogemelli.it\/wp-content\/uploads\/2019\/10\/mockup_bustine_obesit\u00e0_SCONT.png 567w, https:\/\/www.policlinicogemelli.it\/wp-content\/uploads\/2019\/10\/mockup_bustine_obesit\u00e0_SCONT-300x214.png 300w, https:\/\/www.policlinicogemelli.it\/wp-content\/uploads\/2019\/10\/mockup_bustine_obesit\u00e0_SCONT-287x205.png 287w, https:\/\/www.policlinicogemelli.it\/wp-content\/uploads\/2019\/10\/mockup_bustine_obesit\u00e0_SCONT-400x286.png 400w\" sizes=\"auto, (max-width: 425px) 100vw, 425px\" \/><\/figure><\/div>\n\n\n\n<p>\u201cI meccanismi che sono alla base dell\u2019obesit\u00e0 sindromica \u2013 ha spiegato il professor Zampino &#8211; sono di natura intrinseca, legati alla funzione del gene, meccanismi legati al senso di saziet\u00e0 che viene alterato, per cui parliamo di soggetti che sono bulimici iperfagici (con aumento della sensazione di fame o dell\u2019appetito NDR) spesso con un\u2019alterazione del metabolismo basale che \u00e8 ridotto, molto rallentato, per cui anche mangiando modeste quantit\u00e0 di cibo, tendono a ingrassare\u201d. Poich\u00e9 la gestione nutrizionale convenzionale di tali soggetti risulta insufficiente e ad oggi non esistono strategie nutrizionali alternative, <em>GHS Obesit\u00e0 Sindromic<\/em>a si candida quale strumento aggiuntivo per l\u2019intervento nutrizionale nei soggetti con obesit\u00e0 sindromica a partire dai 4 anni di et\u00e0. Ma quali sono le pi\u00f9 frequenti (e quindi diffuse) obesit\u00e0 sindromiche? Lo ha chiarito ancora il professor Giuseppe Zampino \u201cSono rappresentate innanzitutto dalla sindrome di Prader Willi, prototipo delle sindromi da obesit\u00e0, in cui il bambino inizialmente ha difficolt\u00e0 a deglutire ma poi diventa iperfagico e, per un problema di metabolismo basale, diventa obeso. <\/p>\n\n\n\n<div class=\"wp-block-image\"><figure class=\"alignleft is-resized\"><img loading=\"lazy\" decoding=\"async\" src=\"https:\/\/www.policlinicogemelli.it\/wp-content\/uploads\/2019\/10\/MockUp_Scatola-GHS_sfondo.jpg\" alt=\"\" class=\"wp-image-16404\" width=\"425\" height=\"374\" srcset=\"https:\/\/www.policlinicogemelli.it\/wp-content\/uploads\/2019\/10\/MockUp_Scatola-GHS_sfondo.jpg 567w, https:\/\/www.policlinicogemelli.it\/wp-content\/uploads\/2019\/10\/MockUp_Scatola-GHS_sfondo-300x264.jpg 300w, https:\/\/www.policlinicogemelli.it\/wp-content\/uploads\/2019\/10\/MockUp_Scatola-GHS_sfondo-562x495.jpg 562w, https:\/\/www.policlinicogemelli.it\/wp-content\/uploads\/2019\/10\/MockUp_Scatola-GHS_sfondo-233x205.jpg 233w, https:\/\/www.policlinicogemelli.it\/wp-content\/uploads\/2019\/10\/MockUp_Scatola-GHS_sfondo-400x352.jpg 400w\" sizes=\"auto, (max-width: 425px) 100vw, 425px\" \/><\/figure><\/div>\n\n\n\n<p>Il controllo dell\u2019obesit\u00e0 nella sindrome \u00e8 l\u2019elemento principale del suo trattamento e la sua riabilitazione. Altre condizioni come la Bardet-Biedl, la sindrome di Cohen, la sindrome di Rubinstein- Taybi, la sindrome di Down sono situazioni \u2013 ha aggiunto il professor Zampino &#8211; in cui l\u2019obesit\u00e0 \u00e8 un elemento importante che, a volte, ne permette la diagnosi\u201d. <em>Gemelli Health Obesit\u00e0 Sindromica <\/em>completa la sua miscela di nutrienti con selezionate proteine vegetali (proteine di pisello\/ceci\/proteine di riso integrale) che garantiscono, come ha confermato la dottoressa <strong>Roberta Onesimo <\/strong>\u201cun sostituto del pasto che soddisfa i requisiti nutrizionali e, al contempo, \u00e8 utilizzabile anche da chi presenta intolleranze o allergie alle proteine del latte vaccino\u201d. La scheda completa sul prodotto \u00e8 disponibile sul sito <em>www.gemellihealthsystem.it<\/em>, compresa una \u201cGuida pratica agli Afms\u201d. Ricordiamo che <em>Gemelli<\/em> <em>Health Obesit\u00e0 Sindromica<\/em> \u00e8 disponibile in tutte le farmacie e, qualora non fosse immediatamente reperibile, si potr\u00e0 contattare il numero verde gratuito per accelerare la fornitura presso la farmacia indicata. Importante infine sottolineare che <em>GHS<\/em> <em>Obesit\u00e0 Sindromica <\/em>\u00e8 stato sviluppato come supporto nutrizionale dei soggetti affetti da obesit\u00e0 sindromica e deve essere quindi utilizzato sotto controllo medico.<\/p>\n","protected":false},"excerpt":{"rendered":"<p>Con un intervento introduttivo del Direttore Generale, il professor Marco Elefanti, \u00e8 stato presentato lo scorso 3 settembre il primo prodotto di Gemelli Health System (GHS), societ\u00e0 controllata al 100% dalla Fondazione Policlinico Universitario Agostino Gemelli IRCCS, che avvia cos\u00ec la propria attivit\u00e0, focalizzata alla progettazione e realizzazione essenzialmente di alimenti a fini medici speciali, [&hellip;]<\/p>\n","protected":false},"featured_media":16402,"template":"","categorie":[93],"class_list":{"0":"post-20704","1":"kf_gem_news","2":"type-kf_gem_news","3":"status-publish","4":"has-post-thumbnail","6":"kf_gem_newscat-events","7":"entry"},"acf":[],"yoast_head":"<!-- This site is optimized with the Yoast SEO plugin v27.5 - https:\/\/yoast.com\/product\/yoast-seo-wordpress\/ -->\n<title>Gemelli Health System: presentato il primo prodotto indicato per l\u2019obesit\u00e0 sindromica - Policlinico Universitario A. Gemelli IRCCS<\/title>\n<meta name=\"robots\" content=\"index, follow, max-snippet:-1, max-image-preview:large, max-video-preview:-1\" \/>\n<link rel=\"canonical\" href=\"https:\/\/www.policlinicogemelli.it\/en\/news-events\/gemelli-health-system-presentato-il-primo-prodotto-indicato-per-lobesita-sindromica\/\" \/>\n<meta property=\"og:locale\" content=\"en_US\" \/>\n<meta property=\"og:type\" content=\"article\" \/>\n<meta property=\"og:title\" content=\"Gemelli Health System: presentato il primo prodotto indicato per l\u2019obesit\u00e0 sindromica - Policlinico Universitario A. Gemelli IRCCS\" \/>\n<meta property=\"og:description\" content=\"Con un intervento introduttivo del Direttore Generale, il professor Marco Elefanti, \u00e8 stato presentato lo scorso 3 settembre il primo prodotto di Gemelli Health System (GHS), societ\u00e0 controllata al 100% dalla Fondazione Policlinico Universitario Agostino Gemelli IRCCS, che avvia cos\u00ec la propria attivit\u00e0, focalizzata alla progettazione e realizzazione essenzialmente di alimenti a fini medici speciali, [&hellip;]\" \/>\n<meta property=\"og:url\" content=\"https:\/\/www.policlinicogemelli.it\/en\/news-events\/gemelli-health-system-presentato-il-primo-prodotto-indicato-per-lobesita-sindromica\/\" \/>\n<meta property=\"og:site_name\" content=\"Policlinico Universitario Agostino Gemelli IRCCS\" \/>\n<meta property=\"og:image\" content=\"https:\/\/www.policlinicogemelli.it\/wp-content\/uploads\/2019\/10\/ghs.jpg\" \/>\n\t<meta property=\"og:image:width\" content=\"567\" \/>\n\t<meta property=\"og:image:height\" content=\"378\" \/>\n\t<meta property=\"og:image:type\" content=\"image\/jpeg\" \/>\n<meta name=\"twitter:card\" content=\"summary_large_image\" \/>\n<meta name=\"twitter:label1\" content=\"Est. reading time\" \/>\n\t<meta name=\"twitter:data1\" content=\"3 minutes\" \/>\n<script type=\"application\/ld+json\" class=\"yoast-schema-graph\">{\"@context\":\"https:\\\/\\\/schema.org\",\"@graph\":[{\"@type\":\"WebPage\",\"@id\":\"https:\\\/\\\/www.policlinicogemelli.it\\\/en\\\/news-events\\\/gemelli-health-system-presentato-il-primo-prodotto-indicato-per-lobesita-sindromica\\\/\",\"url\":\"https:\\\/\\\/www.policlinicogemelli.it\\\/en\\\/news-events\\\/gemelli-health-system-presentato-il-primo-prodotto-indicato-per-lobesita-sindromica\\\/\",\"name\":\"Gemelli Health System: presentato il primo prodotto indicato per l\u2019obesit\u00e0 sindromica - Policlinico Universitario A. Gemelli IRCCS\",\"isPartOf\":{\"@id\":\"https:\\\/\\\/www.policlinicogemelli.it\\\/en\\\/#website\"},\"primaryImageOfPage\":{\"@id\":\"https:\\\/\\\/www.policlinicogemelli.it\\\/en\\\/news-events\\\/gemelli-health-system-presentato-il-primo-prodotto-indicato-per-lobesita-sindromica\\\/#primaryimage\"},\"image\":{\"@id\":\"https:\\\/\\\/www.policlinicogemelli.it\\\/en\\\/news-events\\\/gemelli-health-system-presentato-il-primo-prodotto-indicato-per-lobesita-sindromica\\\/#primaryimage\"},\"thumbnailUrl\":\"https:\\\/\\\/www.policlinicogemelli.it\\\/wp-content\\\/uploads\\\/2019\\\/10\\\/ghs.jpg\",\"datePublished\":\"2019-10-01T12:15:51+00:00\",\"breadcrumb\":{\"@id\":\"https:\\\/\\\/www.policlinicogemelli.it\\\/en\\\/news-events\\\/gemelli-health-system-presentato-il-primo-prodotto-indicato-per-lobesita-sindromica\\\/#breadcrumb\"},\"inLanguage\":\"en-US\",\"potentialAction\":[{\"@type\":\"ReadAction\",\"target\":[\"https:\\\/\\\/www.policlinicogemelli.it\\\/en\\\/news-events\\\/gemelli-health-system-presentato-il-primo-prodotto-indicato-per-lobesita-sindromica\\\/\"]}]},{\"@type\":\"ImageObject\",\"inLanguage\":\"en-US\",\"@id\":\"https:\\\/\\\/www.policlinicogemelli.it\\\/en\\\/news-events\\\/gemelli-health-system-presentato-il-primo-prodotto-indicato-per-lobesita-sindromica\\\/#primaryimage\",\"url\":\"https:\\\/\\\/www.policlinicogemelli.it\\\/wp-content\\\/uploads\\\/2019\\\/10\\\/ghs.jpg\",\"contentUrl\":\"https:\\\/\\\/www.policlinicogemelli.it\\\/wp-content\\\/uploads\\\/2019\\\/10\\\/ghs.jpg\",\"width\":567,\"height\":378},{\"@type\":\"BreadcrumbList\",\"@id\":\"https:\\\/\\\/www.policlinicogemelli.it\\\/en\\\/news-events\\\/gemelli-health-system-presentato-il-primo-prodotto-indicato-per-lobesita-sindromica\\\/#breadcrumb\",\"itemListElement\":[{\"@type\":\"ListItem\",\"position\":1,\"name\":\"Home\",\"item\":\"https:\\\/\\\/www.policlinicogemelli.it\\\/en\\\/\"},{\"@type\":\"ListItem\",\"position\":2,\"name\":\"News and Events\",\"item\":\"https:\\\/\\\/www.policlinicogemelli.it\\\/en\\\/news-events\\\/\"},{\"@type\":\"ListItem\",\"position\":3,\"name\":\"Gemelli Health System: presentato il primo prodotto indicato per l\u2019obesit\u00e0 sindromica\"}]},{\"@type\":\"WebSite\",\"@id\":\"https:\\\/\\\/www.policlinicogemelli.it\\\/en\\\/#website\",\"url\":\"https:\\\/\\\/www.policlinicogemelli.it\\\/en\\\/\",\"name\":\"Policlinico Universitario Agostino Gemelli IRCCS\",\"description\":\"Policlinico Universitario Agostino Gemelli IRCCS\",\"publisher\":{\"@id\":\"https:\\\/\\\/www.policlinicogemelli.it\\\/en\\\/#organization\"},\"potentialAction\":[{\"@type\":\"SearchAction\",\"target\":{\"@type\":\"EntryPoint\",\"urlTemplate\":\"https:\\\/\\\/www.policlinicogemelli.it\\\/en\\\/?s={search_term_string}\"},\"query-input\":{\"@type\":\"PropertyValueSpecification\",\"valueRequired\":true,\"valueName\":\"search_term_string\"}}],\"inLanguage\":\"en-US\"},{\"@type\":\"Organization\",\"@id\":\"https:\\\/\\\/www.policlinicogemelli.it\\\/en\\\/#organization\",\"name\":\"Policlinico Universitario Agostino Gemelli IRCCS\",\"url\":\"https:\\\/\\\/www.policlinicogemelli.it\\\/en\\\/\",\"logo\":{\"@type\":\"ImageObject\",\"inLanguage\":\"en-US\",\"@id\":\"https:\\\/\\\/www.policlinicogemelli.it\\\/en\\\/#\\\/schema\\\/logo\\\/image\\\/\",\"url\":\"https:\\\/\\\/www.policlinicogemelli.it\\\/wp-content\\\/uploads\\\/2019\\\/02\\\/logo-policlinico-gemelli-250-trasp-color-1.png\",\"contentUrl\":\"https:\\\/\\\/www.policlinicogemelli.it\\\/wp-content\\\/uploads\\\/2019\\\/02\\\/logo-policlinico-gemelli-250-trasp-color-1.png\",\"width\":250,\"height\":82,\"caption\":\"Policlinico Universitario Agostino Gemelli IRCCS\"},\"image\":{\"@id\":\"https:\\\/\\\/www.policlinicogemelli.it\\\/en\\\/#\\\/schema\\\/logo\\\/image\\\/\"}}]}<\/script>\n<!-- \/ Yoast SEO plugin. -->","yoast_head_json":{"title":"Gemelli Health System: presentato il primo prodotto indicato per l\u2019obesit\u00e0 sindromica - Policlinico Universitario A. Gemelli IRCCS","robots":{"index":"index","follow":"follow","max-snippet":"max-snippet:-1","max-image-preview":"max-image-preview:large","max-video-preview":"max-video-preview:-1"},"canonical":"https:\/\/www.policlinicogemelli.it\/en\/news-events\/gemelli-health-system-presentato-il-primo-prodotto-indicato-per-lobesita-sindromica\/","og_locale":"en_US","og_type":"article","og_title":"Gemelli Health System: presentato il primo prodotto indicato per l\u2019obesit\u00e0 sindromica - Policlinico Universitario A. Gemelli IRCCS","og_description":"Con un intervento introduttivo del Direttore Generale, il professor Marco Elefanti, \u00e8 stato presentato lo scorso 3 settembre il primo prodotto di Gemelli Health System (GHS), societ\u00e0 controllata al 100% dalla Fondazione Policlinico Universitario Agostino Gemelli IRCCS, che avvia cos\u00ec la propria attivit\u00e0, focalizzata alla progettazione e realizzazione essenzialmente di alimenti a fini medici speciali, [&hellip;]","og_url":"https:\/\/www.policlinicogemelli.it\/en\/news-events\/gemelli-health-system-presentato-il-primo-prodotto-indicato-per-lobesita-sindromica\/","og_site_name":"Policlinico Universitario Agostino Gemelli IRCCS","og_image":[{"width":567,"height":378,"url":"https:\/\/www.policlinicogemelli.it\/wp-content\/uploads\/2019\/10\/ghs.jpg","type":"image\/jpeg"}],"twitter_card":"summary_large_image","twitter_misc":{"Est. reading time":"3 minutes"},"schema":{"@context":"https:\/\/schema.org","@graph":[{"@type":"WebPage","@id":"https:\/\/www.policlinicogemelli.it\/en\/news-events\/gemelli-health-system-presentato-il-primo-prodotto-indicato-per-lobesita-sindromica\/","url":"https:\/\/www.policlinicogemelli.it\/en\/news-events\/gemelli-health-system-presentato-il-primo-prodotto-indicato-per-lobesita-sindromica\/","name":"Gemelli Health System: presentato il primo prodotto indicato per l\u2019obesit\u00e0 sindromica - Policlinico Universitario A. Gemelli IRCCS","isPartOf":{"@id":"https:\/\/www.policlinicogemelli.it\/en\/#website"},"primaryImageOfPage":{"@id":"https:\/\/www.policlinicogemelli.it\/en\/news-events\/gemelli-health-system-presentato-il-primo-prodotto-indicato-per-lobesita-sindromica\/#primaryimage"},"image":{"@id":"https:\/\/www.policlinicogemelli.it\/en\/news-events\/gemelli-health-system-presentato-il-primo-prodotto-indicato-per-lobesita-sindromica\/#primaryimage"},"thumbnailUrl":"https:\/\/www.policlinicogemelli.it\/wp-content\/uploads\/2019\/10\/ghs.jpg","datePublished":"2019-10-01T12:15:51+00:00","breadcrumb":{"@id":"https:\/\/www.policlinicogemelli.it\/en\/news-events\/gemelli-health-system-presentato-il-primo-prodotto-indicato-per-lobesita-sindromica\/#breadcrumb"},"inLanguage":"en-US","potentialAction":[{"@type":"ReadAction","target":["https:\/\/www.policlinicogemelli.it\/en\/news-events\/gemelli-health-system-presentato-il-primo-prodotto-indicato-per-lobesita-sindromica\/"]}]},{"@type":"ImageObject","inLanguage":"en-US","@id":"https:\/\/www.policlinicogemelli.it\/en\/news-events\/gemelli-health-system-presentato-il-primo-prodotto-indicato-per-lobesita-sindromica\/#primaryimage","url":"https:\/\/www.policlinicogemelli.it\/wp-content\/uploads\/2019\/10\/ghs.jpg","contentUrl":"https:\/\/www.policlinicogemelli.it\/wp-content\/uploads\/2019\/10\/ghs.jpg","width":567,"height":378},{"@type":"BreadcrumbList","@id":"https:\/\/www.policlinicogemelli.it\/en\/news-events\/gemelli-health-system-presentato-il-primo-prodotto-indicato-per-lobesita-sindromica\/#breadcrumb","itemListElement":[{"@type":"ListItem","position":1,"name":"Home","item":"https:\/\/www.policlinicogemelli.it\/en\/"},{"@type":"ListItem","position":2,"name":"News and Events","item":"https:\/\/www.policlinicogemelli.it\/en\/news-events\/"},{"@type":"ListItem","position":3,"name":"Gemelli Health System: presentato il primo prodotto indicato per l\u2019obesit\u00e0 sindromica"}]},{"@type":"WebSite","@id":"https:\/\/www.policlinicogemelli.it\/en\/#website","url":"https:\/\/www.policlinicogemelli.it\/en\/","name":"Policlinico Universitario Agostino Gemelli IRCCS","description":"Policlinico Universitario Agostino Gemelli IRCCS","publisher":{"@id":"https:\/\/www.policlinicogemelli.it\/en\/#organization"},"potentialAction":[{"@type":"SearchAction","target":{"@type":"EntryPoint","urlTemplate":"https:\/\/www.policlinicogemelli.it\/en\/?s={search_term_string}"},"query-input":{"@type":"PropertyValueSpecification","valueRequired":true,"valueName":"search_term_string"}}],"inLanguage":"en-US"},{"@type":"Organization","@id":"https:\/\/www.policlinicogemelli.it\/en\/#organization","name":"Policlinico Universitario Agostino Gemelli IRCCS","url":"https:\/\/www.policlinicogemelli.it\/en\/","logo":{"@type":"ImageObject","inLanguage":"en-US","@id":"https:\/\/www.policlinicogemelli.it\/en\/#\/schema\/logo\/image\/","url":"https:\/\/www.policlinicogemelli.it\/wp-content\/uploads\/2019\/02\/logo-policlinico-gemelli-250-trasp-color-1.png","contentUrl":"https:\/\/www.policlinicogemelli.it\/wp-content\/uploads\/2019\/02\/logo-policlinico-gemelli-250-trasp-color-1.png","width":250,"height":82,"caption":"Policlinico Universitario Agostino Gemelli IRCCS"},"image":{"@id":"https:\/\/www.policlinicogemelli.it\/en\/#\/schema\/logo\/image\/"}}]}},"rest_api_enabler":[],"_links":{"self":[{"href":"https:\/\/www.policlinicogemelli.it\/en\/wp-json\/wp\/v2\/news\/20704","targetHints":{"allow":["GET"]}}],"collection":[{"href":"https:\/\/www.policlinicogemelli.it\/en\/wp-json\/wp\/v2\/news"}],"about":[{"href":"https:\/\/www.policlinicogemelli.it\/en\/wp-json\/wp\/v2\/types\/kf_gem_news"}],"version-history":[{"count":0,"href":"https:\/\/www.policlinicogemelli.it\/en\/wp-json\/wp\/v2\/news\/20704\/revisions"}],"wp:featuredmedia":[{"embeddable":true,"href":"https:\/\/www.policlinicogemelli.it\/en\/wp-json\/wp\/v2\/media\/16402"}],"wp:attachment":[{"href":"https:\/\/www.policlinicogemelli.it\/en\/wp-json\/wp\/v2\/media?parent=20704"}],"wp:term":[{"taxonomy":"kf_gem_newscat","embeddable":true,"href":"https:\/\/www.policlinicogemelli.it\/en\/wp-json\/wp\/v2\/categorie?post=20704"}],"curies":[{"name":"wp","href":"https:\/\/api.w.org\/{rel}","templated":true}]}}