{"id":20698,"date":"2019-09-26T05:57:09","date_gmt":"2019-09-26T05:57:09","guid":{"rendered":"https:\/\/www.policlinicogemelli.it\/news-eventi\/un-bando-per-la-vita-anche-al-gemelli-i-ciclamini-del-gils-sostengono-un-giovane-ricercatore\/"},"modified":"2019-09-26T05:57:09","modified_gmt":"2019-09-26T05:57:09","slug":"un-bando-per-la-vita-anche-al-gemelli-i-ciclamini-del-gils-sostengono-un-giovane-ricercatore","status":"publish","type":"kf_gem_news","link":"https:\/\/www.policlinicogemelli.it\/en\/news-events\/un-bando-per-la-vita-anche-al-gemelli-i-ciclamini-del-gils-sostengono-un-giovane-ricercatore\/","title":{"rendered":"Un bando per la vita, anche al Gemelli i ciclamini del GILS sostengono un giovane ricercatore"},"content":{"rendered":"\n<p><strong><em>Venerd\u00ec 27 settembre gli specialisti della Scleroderma Unit della Fondazione Policlinico Universitario Agostino Gemelli IRCCS presso il Presidio Columbus effettueranno controlli gratuiti alla popolazione<\/em><\/strong><\/p>\n\n\n\n<p>La Giornata del Ciclamino, appuntamento storico\npromosso dal GILS \u2013 Gruppo Italiano per la Lotta alla Sclerodermia \u2013 approder\u00e0\nin oltre 100 piazze italiane domenica 29 settembre per sostenere la ricerca\ncontro la Sclerodermia, malattia rara, e favorirne la diagnosi precoce, unica\narma per scoprire la patologia, anche anni prima che si manifesti. <\/p>\n\n\n\n<p>Il ricavato dell\u2019offerta dei ciclamini contribuir\u00e0 a\nfinanziare un Bando di Ricerca pubblico di 30.000 Euro, con tema libero sulla\npatologia, riservato a un giovane ricercatore sotto i 40 anni, e un progetto da\n20.000 Euro da dedicare a borse di scambio per brevi periodi da suddividere tra\nle nove Scleroderma Unit promosse da GILS. <\/p>\n\n\n\n<p>La Giornata del Ciclamino rappresenta per il GILS\nun\u2019occasione fondamentale per diffondere conoscenza su una malattia ancora poco\nnota e favorirne, quindi, la prevenzione tramite una diagnosi precoce, decisiva\nai fini della qualit\u00e0 della vita dei pazienti e della loro sopravvivenza. Per\nquesto, anche per questa edizione, gli ospedali parteciperanno al progetto\n&#8220;Ospedali Aperti&#8221; con controlli e consulenze gratuiti dal 26 al 29\nsettembre, secondo la loro programmazione. <\/p>\n\n\n\n<p><strong>Venerd\u00ec 27 settembre, dalle 9 alle 12<\/strong>, la professoressa <strong>Elisa Gremese<\/strong>, la dottoressa <strong>Silvia Bosello<\/strong> e il dottore <strong>Stefano Alivernini<\/strong> specialisti della Scleroderma Unit del Policlinico Universitario A. Gemelli IRCCS presso il Presidio Columbus effettueranno controlli gratuiti e capillaroscopie. <\/p>\n\n\n\n<p>\u201cLa sclerosi sistemica \u00e8 una malattia rara cronica\nautoimmune \u2013 spiega <strong>Elisa Gremese<\/strong> &#8211; che\ncolpisce soprattutto le donne, il primo sintomo in pi\u00f9 del 90% dei pazienti \u00e8\nil fenomeno di Raynaud, cio\u00e8 il cambiamento del colore delle mani dopo\nesposizione a basse temperature. Nei pazienti con fenomeno di Raynaud la\ncapillaroscopia, esame non invasivo della durata di pochi minuti che analizza\nil microcircolo delle mani, permette di orientare il medico sulla presenza o\nmeno della malattia e sulla necessit\u00e0 di effettuare ulteriori indagini\u201d. <\/p>\n\n\n\n<p>Attualmente nella Scleroderma Unit del Policlinico\nGemelli sono seguiti pi\u00f9 di 400 pazienti con Sclerosi Sistemica. <\/p>\n\n\n\n<p>\u201cL\u2019attenzione del Policlinico per le malattie rare, &#8211; afferma la reumatologa <strong>Gremese<\/strong> &#8211; ha permesso la costituzione di un team di medici con diverse specializzazioni che sono impegnati nella gestione della malattia sclerodermica, in particolare in presenza di coinvolgimento degli organi interni. Considerata l\u2019importanza della ricerca nelle malattie rare &#8211; continua la professoressa <strong>Gremese &#8211;<\/strong> i medici reumatologi sono impegnati in studi multicentrici nazionali ed internazionali volti alla identificazione di biomarcatori della malattia sclerodermica per una diagnosi sempre pi\u00f9 precoce e per l\u2019identificazione di un eventuale impegno d\u2019organo. Recentemente la collaborazione con la UOC di Microbiologia del nostro Policlinico ha permesso di individuare la presenza di una disbiosi intestinale che influenza la severit\u00e0 di malattia, suggerendo che modifiche della dieta possano influenzare positivamente la malattia sclerodermica. Infine, partendo dalle necessit\u00e0 cliniche dei pazienti, in cui l\u2019interessamento del cuore pu\u00f2 rappresentare uno dei coinvolgimenti pi\u00f9 importanti e severi, \u00e8 in corso una ricerca in collaborazione con cardiologi del Gemelli per studiare in modo sempre pi\u00f9 completo il coinvolgimento cardiovascolare nella sclerosi sistemica e poter individuare trattamenti efficaci e di prevenzione per le conseguenze di questo interessamento\u201d. <\/p>\n\n\n\n<p>Oltre ai numerosi volontari presenti ai banchetti in tutta Italia, scenderanno in campo a sostegno dell\u2019iniziativa anche i testimonial del GILS, <strong>Mara Maionchi<\/strong>, <strong>Lorenzo Cittadini<\/strong>, <strong>Vito Di Tano<\/strong> e <strong>Franco One<\/strong>.&nbsp; Tutte le piazze e gli ospedali coinvolti nel progetto si possono scoprire su ww.sclerodermia.net o chiamando 800.080.266. <\/p>\n\n\n\n<ul class=\"wp-block-gallery columns-3 is-cropped wp-block-gallery-1 is-layout-flex wp-block-gallery-is-layout-flex\"><li class=\"blocks-gallery-item\"><figure><img loading=\"lazy\" decoding=\"async\" width=\"837\" height=\"1024\" src=\"https:\/\/www.policlinicogemelli.it\/wp-content\/uploads\/2019\/09\/fotociclamino-1-837x1024.jpg\" alt=\"\" data-id=\"15816\" data-link=\"https:\/\/www.policlinicogemelli.it\/news-eventi\/un-bando-per-la-vita-anche-al-gemelli-i-ciclamini-del-gils-sostengono-un-giovane-ricercatore\/fotociclamino-1\/\" class=\"wp-image-15816\" srcset=\"https:\/\/www.policlinicogemelli.it\/wp-content\/uploads\/2019\/09\/fotociclamino-1-837x1024.jpg 837w, https:\/\/www.policlinicogemelli.it\/wp-content\/uploads\/2019\/09\/fotociclamino-1-245x300.jpg 245w, https:\/\/www.policlinicogemelli.it\/wp-content\/uploads\/2019\/09\/fotociclamino-1-768x940.jpg 768w, https:\/\/www.policlinicogemelli.it\/wp-content\/uploads\/2019\/09\/fotociclamino-1-404x495.jpg 404w, https:\/\/www.policlinicogemelli.it\/wp-content\/uploads\/2019\/09\/fotociclamino-1-168x205.jpg 168w, https:\/\/www.policlinicogemelli.it\/wp-content\/uploads\/2019\/09\/fotociclamino-1-400x490.jpg 400w, https:\/\/www.policlinicogemelli.it\/wp-content\/uploads\/2019\/09\/fotociclamino-1.jpg 1448w\" sizes=\"auto, (max-width: 837px) 100vw, 837px\" \/><\/figure><\/li><li class=\"blocks-gallery-item\"><figure><img loading=\"lazy\" decoding=\"async\" width=\"682\" height=\"1024\" src=\"https:\/\/www.policlinicogemelli.it\/wp-content\/uploads\/2019\/09\/FotoMara--682x1024.jpg\" alt=\"\" data-id=\"15817\" data-link=\"https:\/\/www.policlinicogemelli.it\/news-eventi\/un-bando-per-la-vita-anche-al-gemelli-i-ciclamini-del-gils-sostengono-un-giovane-ricercatore\/fotomara\/\" class=\"wp-image-15817\" srcset=\"https:\/\/www.policlinicogemelli.it\/wp-content\/uploads\/2019\/09\/FotoMara--682x1024.jpg 682w, https:\/\/www.policlinicogemelli.it\/wp-content\/uploads\/2019\/09\/FotoMara--200x300.jpg 200w, https:\/\/www.policlinicogemelli.it\/wp-content\/uploads\/2019\/09\/FotoMara--768x1154.jpg 768w, https:\/\/www.policlinicogemelli.it\/wp-content\/uploads\/2019\/09\/FotoMara--329x495.jpg 329w, https:\/\/www.policlinicogemelli.it\/wp-content\/uploads\/2019\/09\/FotoMara--136x205.jpg 136w, https:\/\/www.policlinicogemelli.it\/wp-content\/uploads\/2019\/09\/FotoMara--400x600.jpg 400w, https:\/\/www.policlinicogemelli.it\/wp-content\/uploads\/2019\/09\/FotoMara-.jpg 1572w\" sizes=\"auto, (max-width: 682px) 100vw, 682px\" \/><\/figure><\/li><li class=\"blocks-gallery-item\"><figure><img loading=\"lazy\" decoding=\"async\" width=\"1024\" height=\"453\" src=\"https:\/\/www.policlinicogemelli.it\/wp-content\/uploads\/2019\/09\/gremese_edited-1-1024x453.jpg\" alt=\"\" data-id=\"15818\" data-link=\"https:\/\/www.policlinicogemelli.it\/news-eventi\/un-bando-per-la-vita-anche-al-gemelli-i-ciclamini-del-gils-sostengono-un-giovane-ricercatore\/gremese_edited-1\/\" class=\"wp-image-15818\" srcset=\"https:\/\/www.policlinicogemelli.it\/wp-content\/uploads\/2019\/09\/gremese_edited-1-1024x453.jpg 1024w, https:\/\/www.policlinicogemelli.it\/wp-content\/uploads\/2019\/09\/gremese_edited-1-300x133.jpg 300w, https:\/\/www.policlinicogemelli.it\/wp-content\/uploads\/2019\/09\/gremese_edited-1-768x340.jpg 768w, https:\/\/www.policlinicogemelli.it\/wp-content\/uploads\/2019\/09\/gremese_edited-1-850x376.jpg 850w, https:\/\/www.policlinicogemelli.it\/wp-content\/uploads\/2019\/09\/gremese_edited-1-350x155.jpg 350w, https:\/\/www.policlinicogemelli.it\/wp-content\/uploads\/2019\/09\/gremese_edited-1-400x177.jpg 400w\" sizes=\"auto, (max-width: 1024px) 100vw, 1024px\" \/><\/figure><\/li><li class=\"blocks-gallery-item\"><figure><img loading=\"lazy\" decoding=\"async\" width=\"719\" height=\"1024\" src=\"https:\/\/www.policlinicogemelli.it\/wp-content\/uploads\/2019\/09\/locandina-719x1024.jpg\" alt=\"\" data-id=\"15821\" data-link=\"https:\/\/www.policlinicogemelli.it\/news-eventi\/un-bando-per-la-vita-anche-al-gemelli-i-ciclamini-del-gils-sostengono-un-giovane-ricercatore\/locandina-2\/\" class=\"wp-image-15821\" srcset=\"https:\/\/www.policlinicogemelli.it\/wp-content\/uploads\/2019\/09\/locandina-719x1024.jpg 719w, https:\/\/www.policlinicogemelli.it\/wp-content\/uploads\/2019\/09\/locandina-211x300.jpg 211w, https:\/\/www.policlinicogemelli.it\/wp-content\/uploads\/2019\/09\/locandina-768x1094.jpg 768w, https:\/\/www.policlinicogemelli.it\/wp-content\/uploads\/2019\/09\/locandina-348x495.jpg 348w, https:\/\/www.policlinicogemelli.it\/wp-content\/uploads\/2019\/09\/locandina-144x205.jpg 144w, https:\/\/www.policlinicogemelli.it\/wp-content\/uploads\/2019\/09\/locandina-400x570.jpg 400w, https:\/\/www.policlinicogemelli.it\/wp-content\/uploads\/2019\/09\/locandina.jpg 1800w\" sizes=\"auto, (max-width: 719px) 100vw, 719px\" \/><\/figure><\/li><\/ul>\n","protected":false},"excerpt":{"rendered":"<p>Venerd\u00ec 27 settembre gli specialisti della Scleroderma Unit della Fondazione Policlinico Universitario Agostino Gemelli IRCCS presso il Presidio Columbus effettueranno controlli gratuiti alla popolazione La Giornata del Ciclamino, appuntamento storico promosso dal GILS \u2013 Gruppo Italiano per la Lotta alla Sclerodermia \u2013 approder\u00e0 in oltre 100 piazze italiane domenica 29 settembre per sostenere la ricerca [&hellip;]<\/p>\n","protected":false},"featured_media":15819,"template":"","categorie":[93],"class_list":{"0":"post-20698","1":"kf_gem_news","2":"type-kf_gem_news","3":"status-publish","4":"has-post-thumbnail","6":"kf_gem_newscat-events","7":"entry"},"acf":[],"yoast_head":"<!-- This site is optimized with the Yoast SEO plugin v27.5 - https:\/\/yoast.com\/product\/yoast-seo-wordpress\/ -->\n<title>Un bando per la vita, anche al Gemelli i ciclamini del GILS sostengono un giovane ricercatore - Policlinico Universitario A. Gemelli IRCCS<\/title>\n<meta name=\"robots\" content=\"index, follow, max-snippet:-1, max-image-preview:large, max-video-preview:-1\" \/>\n<link rel=\"canonical\" href=\"https:\/\/www.policlinicogemelli.it\/en\/news-events\/un-bando-per-la-vita-anche-al-gemelli-i-ciclamini-del-gils-sostengono-un-giovane-ricercatore\/\" \/>\n<meta property=\"og:locale\" content=\"en_US\" \/>\n<meta property=\"og:type\" content=\"article\" \/>\n<meta property=\"og:title\" content=\"Un bando per la vita, anche al Gemelli i ciclamini del GILS sostengono un giovane ricercatore - Policlinico Universitario A. Gemelli IRCCS\" \/>\n<meta property=\"og:description\" content=\"Venerd\u00ec 27 settembre gli specialisti della Scleroderma Unit della Fondazione Policlinico Universitario Agostino Gemelli IRCCS presso il Presidio Columbus effettueranno controlli gratuiti alla popolazione La Giornata del Ciclamino, appuntamento storico promosso dal GILS \u2013 Gruppo Italiano per la Lotta alla Sclerodermia \u2013 approder\u00e0 in oltre 100 piazze italiane domenica 29 settembre per sostenere la ricerca [&hellip;]\" \/>\n<meta property=\"og:url\" content=\"https:\/\/www.policlinicogemelli.it\/en\/news-events\/un-bando-per-la-vita-anche-al-gemelli-i-ciclamini-del-gils-sostengono-un-giovane-ricercatore\/\" \/>\n<meta property=\"og:site_name\" content=\"Policlinico Universitario Agostino Gemelli IRCCS\" \/>\n<meta property=\"og:image\" content=\"https:\/\/www.policlinicogemelli.it\/wp-content\/uploads\/2019\/09\/fotociclamino_edited.jpg\" \/>\n\t<meta property=\"og:image:width\" content=\"1123\" \/>\n\t<meta property=\"og:image:height\" content=\"498\" \/>\n\t<meta property=\"og:image:type\" content=\"image\/jpeg\" \/>\n<meta name=\"twitter:card\" content=\"summary_large_image\" \/>\n<meta name=\"twitter:label1\" content=\"Est. reading time\" \/>\n\t<meta name=\"twitter:data1\" content=\"3 minutes\" \/>\n<script type=\"application\/ld+json\" class=\"yoast-schema-graph\">{\"@context\":\"https:\\\/\\\/schema.org\",\"@graph\":[{\"@type\":\"WebPage\",\"@id\":\"https:\\\/\\\/www.policlinicogemelli.it\\\/en\\\/news-events\\\/un-bando-per-la-vita-anche-al-gemelli-i-ciclamini-del-gils-sostengono-un-giovane-ricercatore\\\/\",\"url\":\"https:\\\/\\\/www.policlinicogemelli.it\\\/en\\\/news-events\\\/un-bando-per-la-vita-anche-al-gemelli-i-ciclamini-del-gils-sostengono-un-giovane-ricercatore\\\/\",\"name\":\"Un bando per la vita, anche al Gemelli i ciclamini del GILS sostengono un giovane ricercatore - Policlinico Universitario A. Gemelli IRCCS\",\"isPartOf\":{\"@id\":\"https:\\\/\\\/www.policlinicogemelli.it\\\/en\\\/#website\"},\"primaryImageOfPage\":{\"@id\":\"https:\\\/\\\/www.policlinicogemelli.it\\\/en\\\/news-events\\\/un-bando-per-la-vita-anche-al-gemelli-i-ciclamini-del-gils-sostengono-un-giovane-ricercatore\\\/#primaryimage\"},\"image\":{\"@id\":\"https:\\\/\\\/www.policlinicogemelli.it\\\/en\\\/news-events\\\/un-bando-per-la-vita-anche-al-gemelli-i-ciclamini-del-gils-sostengono-un-giovane-ricercatore\\\/#primaryimage\"},\"thumbnailUrl\":\"https:\\\/\\\/www.policlinicogemelli.it\\\/wp-content\\\/uploads\\\/2019\\\/09\\\/fotociclamino_edited.jpg\",\"datePublished\":\"2019-09-26T05:57:09+00:00\",\"breadcrumb\":{\"@id\":\"https:\\\/\\\/www.policlinicogemelli.it\\\/en\\\/news-events\\\/un-bando-per-la-vita-anche-al-gemelli-i-ciclamini-del-gils-sostengono-un-giovane-ricercatore\\\/#breadcrumb\"},\"inLanguage\":\"en-US\",\"potentialAction\":[{\"@type\":\"ReadAction\",\"target\":[\"https:\\\/\\\/www.policlinicogemelli.it\\\/en\\\/news-events\\\/un-bando-per-la-vita-anche-al-gemelli-i-ciclamini-del-gils-sostengono-un-giovane-ricercatore\\\/\"]}]},{\"@type\":\"ImageObject\",\"inLanguage\":\"en-US\",\"@id\":\"https:\\\/\\\/www.policlinicogemelli.it\\\/en\\\/news-events\\\/un-bando-per-la-vita-anche-al-gemelli-i-ciclamini-del-gils-sostengono-un-giovane-ricercatore\\\/#primaryimage\",\"url\":\"https:\\\/\\\/www.policlinicogemelli.it\\\/wp-content\\\/uploads\\\/2019\\\/09\\\/fotociclamino_edited.jpg\",\"contentUrl\":\"https:\\\/\\\/www.policlinicogemelli.it\\\/wp-content\\\/uploads\\\/2019\\\/09\\\/fotociclamino_edited.jpg\",\"width\":1123,\"height\":498},{\"@type\":\"BreadcrumbList\",\"@id\":\"https:\\\/\\\/www.policlinicogemelli.it\\\/en\\\/news-events\\\/un-bando-per-la-vita-anche-al-gemelli-i-ciclamini-del-gils-sostengono-un-giovane-ricercatore\\\/#breadcrumb\",\"itemListElement\":[{\"@type\":\"ListItem\",\"position\":1,\"name\":\"Home\",\"item\":\"https:\\\/\\\/www.policlinicogemelli.it\\\/en\\\/\"},{\"@type\":\"ListItem\",\"position\":2,\"name\":\"News and Events\",\"item\":\"https:\\\/\\\/www.policlinicogemelli.it\\\/en\\\/news-events\\\/\"},{\"@type\":\"ListItem\",\"position\":3,\"name\":\"Un bando per la vita, anche al Gemelli i ciclamini del GILS sostengono un giovane ricercatore\"}]},{\"@type\":\"WebSite\",\"@id\":\"https:\\\/\\\/www.policlinicogemelli.it\\\/en\\\/#website\",\"url\":\"https:\\\/\\\/www.policlinicogemelli.it\\\/en\\\/\",\"name\":\"Policlinico Universitario Agostino Gemelli IRCCS\",\"description\":\"Policlinico Universitario Agostino Gemelli IRCCS\",\"publisher\":{\"@id\":\"https:\\\/\\\/www.policlinicogemelli.it\\\/en\\\/#organization\"},\"potentialAction\":[{\"@type\":\"SearchAction\",\"target\":{\"@type\":\"EntryPoint\",\"urlTemplate\":\"https:\\\/\\\/www.policlinicogemelli.it\\\/en\\\/?s={search_term_string}\"},\"query-input\":{\"@type\":\"PropertyValueSpecification\",\"valueRequired\":true,\"valueName\":\"search_term_string\"}}],\"inLanguage\":\"en-US\"},{\"@type\":\"Organization\",\"@id\":\"https:\\\/\\\/www.policlinicogemelli.it\\\/en\\\/#organization\",\"name\":\"Policlinico Universitario Agostino Gemelli IRCCS\",\"url\":\"https:\\\/\\\/www.policlinicogemelli.it\\\/en\\\/\",\"logo\":{\"@type\":\"ImageObject\",\"inLanguage\":\"en-US\",\"@id\":\"https:\\\/\\\/www.policlinicogemelli.it\\\/en\\\/#\\\/schema\\\/logo\\\/image\\\/\",\"url\":\"https:\\\/\\\/www.policlinicogemelli.it\\\/wp-content\\\/uploads\\\/2019\\\/02\\\/logo-policlinico-gemelli-250-trasp-color-1.png\",\"contentUrl\":\"https:\\\/\\\/www.policlinicogemelli.it\\\/wp-content\\\/uploads\\\/2019\\\/02\\\/logo-policlinico-gemelli-250-trasp-color-1.png\",\"width\":250,\"height\":82,\"caption\":\"Policlinico Universitario Agostino Gemelli IRCCS\"},\"image\":{\"@id\":\"https:\\\/\\\/www.policlinicogemelli.it\\\/en\\\/#\\\/schema\\\/logo\\\/image\\\/\"}}]}<\/script>\n<!-- \/ Yoast SEO plugin. -->","yoast_head_json":{"title":"Un bando per la vita, anche al Gemelli i ciclamini del GILS sostengono un giovane ricercatore - Policlinico Universitario A. Gemelli IRCCS","robots":{"index":"index","follow":"follow","max-snippet":"max-snippet:-1","max-image-preview":"max-image-preview:large","max-video-preview":"max-video-preview:-1"},"canonical":"https:\/\/www.policlinicogemelli.it\/en\/news-events\/un-bando-per-la-vita-anche-al-gemelli-i-ciclamini-del-gils-sostengono-un-giovane-ricercatore\/","og_locale":"en_US","og_type":"article","og_title":"Un bando per la vita, anche al Gemelli i ciclamini del GILS sostengono un giovane ricercatore - Policlinico Universitario A. Gemelli IRCCS","og_description":"Venerd\u00ec 27 settembre gli specialisti della Scleroderma Unit della Fondazione Policlinico Universitario Agostino Gemelli IRCCS presso il Presidio Columbus effettueranno controlli gratuiti alla popolazione La Giornata del Ciclamino, appuntamento storico promosso dal GILS \u2013 Gruppo Italiano per la Lotta alla Sclerodermia \u2013 approder\u00e0 in oltre 100 piazze italiane domenica 29 settembre per sostenere la ricerca [&hellip;]","og_url":"https:\/\/www.policlinicogemelli.it\/en\/news-events\/un-bando-per-la-vita-anche-al-gemelli-i-ciclamini-del-gils-sostengono-un-giovane-ricercatore\/","og_site_name":"Policlinico Universitario Agostino Gemelli IRCCS","og_image":[{"width":1123,"height":498,"url":"https:\/\/www.policlinicogemelli.it\/wp-content\/uploads\/2019\/09\/fotociclamino_edited.jpg","type":"image\/jpeg"}],"twitter_card":"summary_large_image","twitter_misc":{"Est. reading time":"3 minutes"},"schema":{"@context":"https:\/\/schema.org","@graph":[{"@type":"WebPage","@id":"https:\/\/www.policlinicogemelli.it\/en\/news-events\/un-bando-per-la-vita-anche-al-gemelli-i-ciclamini-del-gils-sostengono-un-giovane-ricercatore\/","url":"https:\/\/www.policlinicogemelli.it\/en\/news-events\/un-bando-per-la-vita-anche-al-gemelli-i-ciclamini-del-gils-sostengono-un-giovane-ricercatore\/","name":"Un bando per la vita, anche al Gemelli i ciclamini del GILS sostengono un giovane ricercatore - Policlinico Universitario A. Gemelli IRCCS","isPartOf":{"@id":"https:\/\/www.policlinicogemelli.it\/en\/#website"},"primaryImageOfPage":{"@id":"https:\/\/www.policlinicogemelli.it\/en\/news-events\/un-bando-per-la-vita-anche-al-gemelli-i-ciclamini-del-gils-sostengono-un-giovane-ricercatore\/#primaryimage"},"image":{"@id":"https:\/\/www.policlinicogemelli.it\/en\/news-events\/un-bando-per-la-vita-anche-al-gemelli-i-ciclamini-del-gils-sostengono-un-giovane-ricercatore\/#primaryimage"},"thumbnailUrl":"https:\/\/www.policlinicogemelli.it\/wp-content\/uploads\/2019\/09\/fotociclamino_edited.jpg","datePublished":"2019-09-26T05:57:09+00:00","breadcrumb":{"@id":"https:\/\/www.policlinicogemelli.it\/en\/news-events\/un-bando-per-la-vita-anche-al-gemelli-i-ciclamini-del-gils-sostengono-un-giovane-ricercatore\/#breadcrumb"},"inLanguage":"en-US","potentialAction":[{"@type":"ReadAction","target":["https:\/\/www.policlinicogemelli.it\/en\/news-events\/un-bando-per-la-vita-anche-al-gemelli-i-ciclamini-del-gils-sostengono-un-giovane-ricercatore\/"]}]},{"@type":"ImageObject","inLanguage":"en-US","@id":"https:\/\/www.policlinicogemelli.it\/en\/news-events\/un-bando-per-la-vita-anche-al-gemelli-i-ciclamini-del-gils-sostengono-un-giovane-ricercatore\/#primaryimage","url":"https:\/\/www.policlinicogemelli.it\/wp-content\/uploads\/2019\/09\/fotociclamino_edited.jpg","contentUrl":"https:\/\/www.policlinicogemelli.it\/wp-content\/uploads\/2019\/09\/fotociclamino_edited.jpg","width":1123,"height":498},{"@type":"BreadcrumbList","@id":"https:\/\/www.policlinicogemelli.it\/en\/news-events\/un-bando-per-la-vita-anche-al-gemelli-i-ciclamini-del-gils-sostengono-un-giovane-ricercatore\/#breadcrumb","itemListElement":[{"@type":"ListItem","position":1,"name":"Home","item":"https:\/\/www.policlinicogemelli.it\/en\/"},{"@type":"ListItem","position":2,"name":"News and Events","item":"https:\/\/www.policlinicogemelli.it\/en\/news-events\/"},{"@type":"ListItem","position":3,"name":"Un bando per la vita, anche al Gemelli i ciclamini del GILS sostengono un giovane ricercatore"}]},{"@type":"WebSite","@id":"https:\/\/www.policlinicogemelli.it\/en\/#website","url":"https:\/\/www.policlinicogemelli.it\/en\/","name":"Policlinico Universitario Agostino Gemelli IRCCS","description":"Policlinico Universitario Agostino Gemelli IRCCS","publisher":{"@id":"https:\/\/www.policlinicogemelli.it\/en\/#organization"},"potentialAction":[{"@type":"SearchAction","target":{"@type":"EntryPoint","urlTemplate":"https:\/\/www.policlinicogemelli.it\/en\/?s={search_term_string}"},"query-input":{"@type":"PropertyValueSpecification","valueRequired":true,"valueName":"search_term_string"}}],"inLanguage":"en-US"},{"@type":"Organization","@id":"https:\/\/www.policlinicogemelli.it\/en\/#organization","name":"Policlinico Universitario Agostino Gemelli IRCCS","url":"https:\/\/www.policlinicogemelli.it\/en\/","logo":{"@type":"ImageObject","inLanguage":"en-US","@id":"https:\/\/www.policlinicogemelli.it\/en\/#\/schema\/logo\/image\/","url":"https:\/\/www.policlinicogemelli.it\/wp-content\/uploads\/2019\/02\/logo-policlinico-gemelli-250-trasp-color-1.png","contentUrl":"https:\/\/www.policlinicogemelli.it\/wp-content\/uploads\/2019\/02\/logo-policlinico-gemelli-250-trasp-color-1.png","width":250,"height":82,"caption":"Policlinico Universitario Agostino Gemelli IRCCS"},"image":{"@id":"https:\/\/www.policlinicogemelli.it\/en\/#\/schema\/logo\/image\/"}}]}},"rest_api_enabler":[],"_links":{"self":[{"href":"https:\/\/www.policlinicogemelli.it\/en\/wp-json\/wp\/v2\/news\/20698","targetHints":{"allow":["GET"]}}],"collection":[{"href":"https:\/\/www.policlinicogemelli.it\/en\/wp-json\/wp\/v2\/news"}],"about":[{"href":"https:\/\/www.policlinicogemelli.it\/en\/wp-json\/wp\/v2\/types\/kf_gem_news"}],"version-history":[{"count":0,"href":"https:\/\/www.policlinicogemelli.it\/en\/wp-json\/wp\/v2\/news\/20698\/revisions"}],"wp:featuredmedia":[{"embeddable":true,"href":"https:\/\/www.policlinicogemelli.it\/en\/wp-json\/wp\/v2\/media\/15819"}],"wp:attachment":[{"href":"https:\/\/www.policlinicogemelli.it\/en\/wp-json\/wp\/v2\/media?parent=20698"}],"wp:term":[{"taxonomy":"kf_gem_newscat","embeddable":true,"href":"https:\/\/www.policlinicogemelli.it\/en\/wp-json\/wp\/v2\/categorie?post=20698"}],"curies":[{"name":"wp","href":"https:\/\/api.w.org\/{rel}","templated":true}]}}