{"id":20645,"date":"2019-06-20T15:16:17","date_gmt":"2019-06-20T15:16:17","guid":{"rendered":"https:\/\/www.policlinicogemelli.it\/news-eventi\/al-gemelli-la-prima-biobanca-nazionale-sla\/"},"modified":"2019-06-20T15:16:17","modified_gmt":"2019-06-20T15:16:17","slug":"al-gemelli-la-prima-biobanca-nazionale-sla","status":"publish","type":"kf_gem_news","link":"https:\/\/www.policlinicogemelli.it\/en\/news-events\/al-gemelli-la-prima-biobanca-nazionale-sla\/","title":{"rendered":"Al Gemelli la prima biobanca nazionale SLA"},"content":{"rendered":"\n<p>Alla presenza del presidente del Consiglio Giuseppe Conte, AISLA, Associazione Italiana Sclerosi Laterale Amiotrofica, Policlinico Universitario A. Gemelli IRCCS e Xbiogem hanno inaugurato la prima Biobanca Nazionale dedicata alla ricerca sulla SLA e aperta a tutti i ricercatori del mondo.Potr\u00e0 contenere fino a 380.000 campioni biologici. <\/p>\n\n\n\n<figure class=\"wp-block-image\"><img loading=\"lazy\" decoding=\"async\" width=\"1024\" height=\"683\" src=\"https:\/\/www.policlinicogemelli.it\/wp-content\/uploads\/2019\/06\/biobanca5-1024x683.jpeg\" alt=\"\" class=\"wp-image-9676\" srcset=\"https:\/\/www.policlinicogemelli.it\/wp-content\/uploads\/2019\/06\/biobanca5-1024x683.jpeg 1024w, https:\/\/www.policlinicogemelli.it\/wp-content\/uploads\/2019\/06\/biobanca5-300x200.jpeg 300w, https:\/\/www.policlinicogemelli.it\/wp-content\/uploads\/2019\/06\/biobanca5-768x512.jpeg 768w, https:\/\/www.policlinicogemelli.it\/wp-content\/uploads\/2019\/06\/biobanca5-743x495.jpeg 743w, https:\/\/www.policlinicogemelli.it\/wp-content\/uploads\/2019\/06\/biobanca5-308x205.jpeg 308w, https:\/\/www.policlinicogemelli.it\/wp-content\/uploads\/2019\/06\/biobanca5-600x400.jpeg 600w, https:\/\/www.policlinicogemelli.it\/wp-content\/uploads\/2019\/06\/biobanca5-400x267.jpeg 400w, https:\/\/www.policlinicogemelli.it\/wp-content\/uploads\/2019\/06\/biobanca5.jpeg 1248w\" sizes=\"auto, (max-width: 1024px) 100vw, 1024px\" \/><\/figure>\n\n\n\n<p>Per la prima volta in Italia i ricercatori impegnati nella lotta alla SLA, Sclerosi Laterale Amiotrofica, patologia oggi inguaribile che colpisce oltre 6000 italiani, potranno contare sulla prima biobanca per la conservazione dei tessuti biologici necessari alla ricerca dedicata alla SLA e aperta a tutti gli scienziati nel mondo. <\/p>\n\n\n\n<p>La Biobanca Nazionale SLA \u00e8 stata inaugurata oggi a Roma da AISLA, Associazione Italiana Sclerosi Laterale Amiotrofica, dalla Fondazione Policlinico Universitario Agostino Gemelli IRCCS e da XBiogem alla presenza del Presidente del Consiglio Giuseppe Conte. In questa giornata, in cui in tutto il mondo si celebra la speranza di cura per la SLA, il Presidente Conte ha scelto di dedicare tempo e spazio a chi vive quotidianamente la sfida della malattia, incontrando i pazienti con SLA ospiti del NeMO, NeuroMuscular Omnicentre, il Centro Clinico che da oltre 10 anni \u00e8 dedicato esclusivamente alla presa in carico specialistica delle persone con malattie neuromuscolari. <\/p>\n\n\n\n<p>All\u2019inaugurazione sono intervenuti&nbsp;<strong>Giovanni Raimondi<\/strong>, presidente di Fondazione Policlinico Universitario Agostino Gemelli IRCCS;&nbsp;<strong>Franco Anelli<\/strong>, Rettore dell\u2019Universit\u00e0 Cattolica del Sacro Cuore;&nbsp;<strong>Massimo Mauro<\/strong>, presidente di AISLA; Alberto Fontana, presidente dei Centri Clinici NeMO;&nbsp;<strong>Giovanni Scambia<\/strong>, direttore scientifico della Fondazione Policlinico Universitario Agostino Gemelli IRCCS;&nbsp;<strong>Mario Sabatelli<\/strong>, direttore clinico dell\u2019area adulti del Centro clinico NeMO di Roma;&nbsp;<strong>Maurizio Colombo<\/strong>, presidente di Biorep e&nbsp;<strong>Maniele Tasca<\/strong>, direttore generale di Selex Gruppo Commerciale,&nbsp;<strong>Annalisa Manduca<\/strong>, giornalista Radio 1 Rai. <\/p>\n\n\n\n<figure class=\"wp-block-image\"><img loading=\"lazy\" decoding=\"async\" width=\"1024\" height=\"683\" src=\"https:\/\/www.policlinicogemelli.it\/wp-content\/uploads\/2019\/06\/biobanca6-1024x683.jpeg\" alt=\"\" class=\"wp-image-9677\" srcset=\"https:\/\/www.policlinicogemelli.it\/wp-content\/uploads\/2019\/06\/biobanca6-1024x683.jpeg 1024w, https:\/\/www.policlinicogemelli.it\/wp-content\/uploads\/2019\/06\/biobanca6-300x200.jpeg 300w, https:\/\/www.policlinicogemelli.it\/wp-content\/uploads\/2019\/06\/biobanca6-768x512.jpeg 768w, https:\/\/www.policlinicogemelli.it\/wp-content\/uploads\/2019\/06\/biobanca6-742x495.jpeg 742w, https:\/\/www.policlinicogemelli.it\/wp-content\/uploads\/2019\/06\/biobanca6-307x205.jpeg 307w, https:\/\/www.policlinicogemelli.it\/wp-content\/uploads\/2019\/06\/biobanca6-600x400.jpeg 600w, https:\/\/www.policlinicogemelli.it\/wp-content\/uploads\/2019\/06\/biobanca6-400x267.jpeg 400w, https:\/\/www.policlinicogemelli.it\/wp-content\/uploads\/2019\/06\/biobanca6.jpeg 1600w\" sizes=\"auto, (max-width: 1024px) 100vw, 1024px\" \/><\/figure>\n\n\n\n<p>Il taglio del nastro della Biobanca Nazionale SLA arriva in occasione della Giornata Mondiale sulla SLA \u201cGlobal Day\u201d, che si celebra in tutto il mondo il 21 giugno per sollevare l\u2019attenzione sui diritti delle persone con SLA. La scelta del 21 giugno, solstizio d\u2019estate, esprime la speranza in un punto di svolta nella ricerca delle cause e delle cure efficaci per sconfiggere la SLA. Il simbolo del Global Day \u00e8 il fiordaliso, fiore di campo sempre pi\u00f9 raro e il cui colore blu lo rende bellissimo. <\/p>\n\n\n\n<p>Massimo Mauro, presidente di AISLA, Associazione Italiana Sclerosi Laterale Amiotrofica, sottolinea: \u201cE\u2019 la prima volta che, su iniziativa degli stessi pazienti, si realizza una Biobanca messa interamente a disposizione degli scienziati impegnati nella ricerca. La nostra gente guarda al futuro con speranza e, ad oggi, l\u2019unica risposta possibile \u00e8 la ricerca. E\u2019 un progetto in cui ho da sempre creduto perch\u00e9 sono convinto che aiuter\u00e0 i ricercatori a offrire finalmente nuove terapie ed avere una freccia in pi\u00f9 per sconfiggere la Sla\u201d.<\/p>\n\n\n\n<p>La Biobanca Nazionale SLA \u00e8 una struttura situata al Policlinico Gemelli di Roma e sar\u00e0 gestita da XBiogem, (Biorep Gemelli Biobank), societ\u00e0 nata dalla collaborazione tra Policlinico Gemelli e BioRep, il Centro di Risorse Biologiche del Gruppo Sapio. Comprende 10 contenitori per la crioconservazione a vapore d\u2019azoto a temperature comprese tra -20\u00b0C e i -190\u00b0C. I contenitori possono conservare fino a 380.000 campioni biologici di persone con SLA, tra tessuti, campioni di sangue etc.  <\/p>\n\n\n\n<p>Giovanni Raimondi, presidente di Fondazione Policlinico Universitario Agostino Gemelli IRCCS, sostiene: \u201cNel nostro ospedale ricerca scientifica e cura si legano inscindibilmente con alta specializzazione e tecnologie innovative a disposizione di tutti i malati. La Biobanca \u00e8 un nuovo importante tassello di questo mosaico di struttura d\u2019avanguardia, la cui realizzazione \u00e8 un esempio di fruttuosa sinergia tra industria, strutture ospedaliere e associazionismo per il raggiungimento di risultati nella ricerca di cure contro la SLA. Siamo onorati che il Presidente del Consiglio abbia voluto, con la sua partecipazione a questa giornata inaugurale, esprimerci sostegno e incoraggiamento\u201d. <\/p>\n\n\n\n<p>La Biobanca \u00e8 stata pensata non solo per poter ricevere e stoccare i campioni biologici dai centri di ricerca, secondo criteri standard ottimali per la ricerca scientifica, ma anche per poterli condividere e inviare ai ricercatori che ne fanno richiesta. Sar\u00e0 stilato un catalogo con i campioni stoccati, consultabile dagli scienziati italiani e stranieri e potr\u00e0 essere gestito anche l\u2019invio dei tessuti ai centri di ricerca, sempre nel rispetto dei criteri di corretta conservazione dei campioni.La disponibilit\u00e0 di campioni biologici di persone affette da SLA, raccolti secondo standard internazionali e nel rispetto delle norme sulla privacy (i campioni sono catalogati in modo anonimo) \u00e8 fondamentale per condurre ricerche scientifiche su questa patologia, per verificare in vitro sia la reazione a test con nuove molecole, sia la possibilit\u00e0 di identificare marker della patologia. Ad oggi, infatti, nonostante gli enormi passi avanti fatti dalla ricerca negli ultimi venti anni, le cause della SLA sono sconosciute e non sono ancora state trovate cure risolutive.La SLA \u00e8 una malattia neurodegenerativa che porta alla progressiva perdita di forza muscolare e in alcune forme pu\u00f2 portare alla morte nel giro di un anno dalla diagnosi.<\/p>\n\n\n\n<p>Sottolinea il presidente dei Centri Clinici NeMO, Alberto Fontana: &#8220;Nella giornata in cui si celebra in tutto il mondo la speranza di cura sulla SLA, siamo felici di aver accolto al Centro Clinico NeMO il Presidente del Consiglio Giuseppe Conte e di aver fatto conoscere il nostro modello di presa in carico delle persone con malattie neuromuscolari. NeMO pone al centro ogni giorno il bisogno della persona, mantenendo sempre lo sguardo rivolto al futuro. E oggi, con la nascita della prima Biobanca nazionale per la ricerca sulla SLA, non possiamo che festeggiare un importante passo avanti nella ricerca. Una ricerca che parte dal contributo e dal valore di ogni persona che vive la malattia\u201d.  <\/p>\n\n\n\n<p>La creazione e l\u2019avvio delle attivit\u00e0 della Biobanca Nazionale SLA sono stati possibili grazie ad una donazione di 300.000 euro di Selex Gruppo Commerciale, terza realt\u00e0 italiana della distribuzione moderna. Questa cifra \u00e8 stata raccolta anche grazie alla campagna nazionale \u201cUn gesto con il cuore per sostenere la ricerca contro la SLA\u201d portata avanti in 700 punti vendita nel mese di maggio 2019 che ha portato il Gruppo a donare l\u20191% del venduto dei propri prodotti a marchio ad AISLA. Dopo questo inizio l\u2019intenzione di Selex Gruppo Commerciale \u00e8 di rimanere accanto ad AISLA per sostenere le attivit\u00e0 future.&nbsp; <\/p>\n\n\n\n<ul class=\"wp-block-gallery columns-3 is-cropped wp-block-gallery-1 is-layout-flex wp-block-gallery-is-layout-flex\"><li class=\"blocks-gallery-item\"><figure><img loading=\"lazy\" decoding=\"async\" width=\"683\" height=\"1024\" src=\"https:\/\/www.policlinicogemelli.it\/wp-content\/uploads\/2019\/06\/biobanca8-683x1024.jpeg\" alt=\"\" data-id=\"9678\" data-link=\"https:\/\/www.policlinicogemelli.it\/?attachment_id=9678\" class=\"wp-image-9678\" srcset=\"https:\/\/www.policlinicogemelli.it\/wp-content\/uploads\/2019\/06\/biobanca8-683x1024.jpeg 683w, https:\/\/www.policlinicogemelli.it\/wp-content\/uploads\/2019\/06\/biobanca8-200x300.jpeg 200w, https:\/\/www.policlinicogemelli.it\/wp-content\/uploads\/2019\/06\/biobanca8-768x1152.jpeg 768w, https:\/\/www.policlinicogemelli.it\/wp-content\/uploads\/2019\/06\/biobanca8-330x495.jpeg 330w, https:\/\/www.policlinicogemelli.it\/wp-content\/uploads\/2019\/06\/biobanca8-137x205.jpeg 137w, https:\/\/www.policlinicogemelli.it\/wp-content\/uploads\/2019\/06\/biobanca8-400x600.jpeg 400w, https:\/\/www.policlinicogemelli.it\/wp-content\/uploads\/2019\/06\/biobanca8.jpeg 800w\" sizes=\"auto, (max-width: 683px) 100vw, 683px\" \/><\/figure><\/li><li class=\"blocks-gallery-item\"><figure><img loading=\"lazy\" decoding=\"async\" width=\"1024\" height=\"683\" src=\"https:\/\/www.policlinicogemelli.it\/wp-content\/uploads\/2019\/06\/biobanca1-1024x683.jpeg\" alt=\"\" data-id=\"9679\" data-link=\"https:\/\/www.policlinicogemelli.it\/?attachment_id=9679\" class=\"wp-image-9679\" srcset=\"https:\/\/www.policlinicogemelli.it\/wp-content\/uploads\/2019\/06\/biobanca1-1024x683.jpeg 1024w, https:\/\/www.policlinicogemelli.it\/wp-content\/uploads\/2019\/06\/biobanca1-300x200.jpeg 300w, https:\/\/www.policlinicogemelli.it\/wp-content\/uploads\/2019\/06\/biobanca1-768x512.jpeg 768w, https:\/\/www.policlinicogemelli.it\/wp-content\/uploads\/2019\/06\/biobanca1-742x495.jpeg 742w, https:\/\/www.policlinicogemelli.it\/wp-content\/uploads\/2019\/06\/biobanca1-307x205.jpeg 307w, https:\/\/www.policlinicogemelli.it\/wp-content\/uploads\/2019\/06\/biobanca1-600x400.jpeg 600w, https:\/\/www.policlinicogemelli.it\/wp-content\/uploads\/2019\/06\/biobanca1-400x267.jpeg 400w, https:\/\/www.policlinicogemelli.it\/wp-content\/uploads\/2019\/06\/biobanca1.jpeg 1600w\" sizes=\"auto, (max-width: 1024px) 100vw, 1024px\" \/><\/figure><\/li><li class=\"blocks-gallery-item\"><figure><img loading=\"lazy\" decoding=\"async\" width=\"1024\" height=\"683\" src=\"https:\/\/www.policlinicogemelli.it\/wp-content\/uploads\/2019\/06\/biobanca7-1024x683.jpeg\" alt=\"\" data-id=\"9680\" data-link=\"https:\/\/www.policlinicogemelli.it\/?attachment_id=9680\" class=\"wp-image-9680\" srcset=\"https:\/\/www.policlinicogemelli.it\/wp-content\/uploads\/2019\/06\/biobanca7-1024x683.jpeg 1024w, https:\/\/www.policlinicogemelli.it\/wp-content\/uploads\/2019\/06\/biobanca7-300x200.jpeg 300w, https:\/\/www.policlinicogemelli.it\/wp-content\/uploads\/2019\/06\/biobanca7-768x512.jpeg 768w, https:\/\/www.policlinicogemelli.it\/wp-content\/uploads\/2019\/06\/biobanca7-742x495.jpeg 742w, https:\/\/www.policlinicogemelli.it\/wp-content\/uploads\/2019\/06\/biobanca7-307x205.jpeg 307w, https:\/\/www.policlinicogemelli.it\/wp-content\/uploads\/2019\/06\/biobanca7-600x400.jpeg 600w, https:\/\/www.policlinicogemelli.it\/wp-content\/uploads\/2019\/06\/biobanca7-400x267.jpeg 400w, https:\/\/www.policlinicogemelli.it\/wp-content\/uploads\/2019\/06\/biobanca7.jpeg 1600w\" sizes=\"auto, (max-width: 1024px) 100vw, 1024px\" \/><\/figure><\/li><li class=\"blocks-gallery-item\"><figure><img loading=\"lazy\" decoding=\"async\" width=\"1024\" height=\"683\" src=\"https:\/\/www.policlinicogemelli.it\/wp-content\/uploads\/2019\/06\/biobanca-1024x683.jpeg\" alt=\"\" data-id=\"9681\" data-link=\"https:\/\/www.policlinicogemelli.it\/?attachment_id=9681\" class=\"wp-image-9681\" srcset=\"https:\/\/www.policlinicogemelli.it\/wp-content\/uploads\/2019\/06\/biobanca-1024x683.jpeg 1024w, https:\/\/www.policlinicogemelli.it\/wp-content\/uploads\/2019\/06\/biobanca-300x200.jpeg 300w, https:\/\/www.policlinicogemelli.it\/wp-content\/uploads\/2019\/06\/biobanca-768x512.jpeg 768w, https:\/\/www.policlinicogemelli.it\/wp-content\/uploads\/2019\/06\/biobanca-742x495.jpeg 742w, https:\/\/www.policlinicogemelli.it\/wp-content\/uploads\/2019\/06\/biobanca-307x205.jpeg 307w, https:\/\/www.policlinicogemelli.it\/wp-content\/uploads\/2019\/06\/biobanca-600x400.jpeg 600w, https:\/\/www.policlinicogemelli.it\/wp-content\/uploads\/2019\/06\/biobanca-400x267.jpeg 400w, https:\/\/www.policlinicogemelli.it\/wp-content\/uploads\/2019\/06\/biobanca.jpeg 1600w\" sizes=\"auto, (max-width: 1024px) 100vw, 1024px\" \/><\/figure><\/li><li class=\"blocks-gallery-item\"><figure><img loading=\"lazy\" decoding=\"async\" width=\"1024\" height=\"683\" src=\"https:\/\/www.policlinicogemelli.it\/wp-content\/uploads\/2019\/06\/biobanca4-1024x683.jpeg\" alt=\"\" data-id=\"9682\" data-link=\"https:\/\/www.policlinicogemelli.it\/?attachment_id=9682\" class=\"wp-image-9682\" srcset=\"https:\/\/www.policlinicogemelli.it\/wp-content\/uploads\/2019\/06\/biobanca4-1024x683.jpeg 1024w, https:\/\/www.policlinicogemelli.it\/wp-content\/uploads\/2019\/06\/biobanca4-300x200.jpeg 300w, https:\/\/www.policlinicogemelli.it\/wp-content\/uploads\/2019\/06\/biobanca4-768x512.jpeg 768w, https:\/\/www.policlinicogemelli.it\/wp-content\/uploads\/2019\/06\/biobanca4-742x495.jpeg 742w, https:\/\/www.policlinicogemelli.it\/wp-content\/uploads\/2019\/06\/biobanca4-307x205.jpeg 307w, https:\/\/www.policlinicogemelli.it\/wp-content\/uploads\/2019\/06\/biobanca4-600x400.jpeg 600w, https:\/\/www.policlinicogemelli.it\/wp-content\/uploads\/2019\/06\/biobanca4-400x267.jpeg 400w, https:\/\/www.policlinicogemelli.it\/wp-content\/uploads\/2019\/06\/biobanca4.jpeg 1600w\" sizes=\"auto, (max-width: 1024px) 100vw, 1024px\" \/><\/figure><\/li><\/ul>\n\n\n\n<p>\u201cSelex ha pianificato un percorso di sviluppo sostenibile che ha come comune denominatore la responsabilit\u00e0 sociale d\u2019impresa ed \u00e8 costellato da iniziative di solidariet\u00e0 in sinergia con i territori che abbiamo il privilegio di servire\u201d dichiara Maniele Tasca, Direttore Generale di Selex Gruppo Commerciale, terzo gruppo della distribuzione moderna nazionale \u201cCerchiamo di individuare ed elaborare progetti che hanno l\u2019obiettivo di creare valore condiviso, che si tratti della sensibilizzazione verso gli sprechi alimentari, di sostegno alla ricerca o di salvaguardia dell\u2019ambiente che ospita la nostra attivit\u00e0. Per questo abbiamo contattato AISLA, per dare un aiuto concreto condividendo l\u2019impegno con i nostri clienti, e da qui \u00e8 nata la campagna nazionale a favore della ricerca. Il resto \u00e8 un gesto che ci \u00e8 parso naturale fare\u201d. <\/p>\n\n\n\n<figure class=\"wp-block-embed-youtube wp-block-embed is-type-video is-provider-youtube wp-embed-aspect-16-9 wp-has-aspect-ratio\"><div class=\"wp-block-embed__wrapper\">\n<iframe loading=\"lazy\" title=\"Nasce la Biobanca Nazionale SLA\" width=\"500\" height=\"281\" src=\"https:\/\/www.youtube.com\/embed\/43BsiCO9F64?feature=oembed\" frameborder=\"0\" allow=\"accelerometer; autoplay; clipboard-write; encrypted-media; gyroscope; picture-in-picture; web-share\" referrerpolicy=\"strict-origin-when-cross-origin\" allowfullscreen><\/iframe>\n<\/div><\/figure>\n\n\n\n<figure class=\"wp-block-embed-youtube wp-block-embed is-type-video is-provider-youtube wp-embed-aspect-16-9 wp-has-aspect-ratio\"><div class=\"wp-block-embed__wrapper\">\n<iframe loading=\"lazy\" title=\"Nasce la Biobanca Nazionale SLA\" width=\"500\" height=\"281\" src=\"https:\/\/www.youtube.com\/embed\/43BsiCO9F64?feature=oembed\" frameborder=\"0\" allow=\"accelerometer; autoplay; clipboard-write; encrypted-media; gyroscope; picture-in-picture; web-share\" referrerpolicy=\"strict-origin-when-cross-origin\" allowfullscreen><\/iframe>\n<\/div><\/figure>\n","protected":false},"excerpt":{"rendered":"<p>Alla presenza del presidente del Consiglio Giuseppe Conte, AISLA, Associazione Italiana Sclerosi Laterale Amiotrofica, Policlinico Universitario A. Gemelli IRCCS e Xbiogem hanno inaugurato la prima Biobanca Nazionale dedicata alla ricerca sulla SLA e aperta a tutti i ricercatori del mondo.Potr\u00e0 contenere fino a 380.000 campioni biologici. Per la prima volta in Italia i ricercatori impegnati [&hellip;]<\/p>\n","protected":false},"featured_media":0,"template":"","categorie":[96],"class_list":{"0":"post-20645","1":"kf_gem_news","2":"type-kf_gem_news","3":"status-publish","5":"kf_gem_newscat-institutional-information","6":"entry","7":"has-post-thumbnail"},"acf":[],"yoast_head":"<!-- This site is optimized with the Yoast SEO plugin v27.5 - https:\/\/yoast.com\/product\/yoast-seo-wordpress\/ -->\n<title>Al Gemelli la prima biobanca nazionale SLA - Policlinico Universitario A. Gemelli IRCCS<\/title>\n<meta name=\"robots\" content=\"index, follow, max-snippet:-1, max-image-preview:large, max-video-preview:-1\" \/>\n<link rel=\"canonical\" href=\"https:\/\/www.policlinicogemelli.it\/en\/news-events\/al-gemelli-la-prima-biobanca-nazionale-sla\/\" \/>\n<meta property=\"og:locale\" content=\"en_US\" \/>\n<meta property=\"og:type\" content=\"article\" \/>\n<meta property=\"og:title\" content=\"Al Gemelli la prima biobanca nazionale SLA - Policlinico Universitario A. Gemelli IRCCS\" \/>\n<meta property=\"og:description\" content=\"Alla presenza del presidente del Consiglio Giuseppe Conte, AISLA, Associazione Italiana Sclerosi Laterale Amiotrofica, Policlinico Universitario A. Gemelli IRCCS e Xbiogem hanno inaugurato la prima Biobanca Nazionale dedicata alla ricerca sulla SLA e aperta a tutti i ricercatori del mondo.Potr\u00e0 contenere fino a 380.000 campioni biologici. Per la prima volta in Italia i ricercatori impegnati [&hellip;]\" \/>\n<meta property=\"og:url\" content=\"https:\/\/www.policlinicogemelli.it\/en\/news-events\/al-gemelli-la-prima-biobanca-nazionale-sla\/\" \/>\n<meta property=\"og:site_name\" content=\"Policlinico Universitario Agostino Gemelli IRCCS\" \/>\n<meta property=\"og:image\" content=\"https:\/\/www.policlinicogemelli.it\/wp-content\/uploads\/2019\/06\/biobanca5.jpeg\" \/>\n\t<meta property=\"og:image:width\" content=\"1248\" \/>\n\t<meta property=\"og:image:height\" content=\"832\" \/>\n\t<meta property=\"og:image:type\" content=\"image\/jpeg\" \/>\n<meta name=\"twitter:card\" content=\"summary_large_image\" \/>\n<meta name=\"twitter:label1\" content=\"Est. reading time\" \/>\n\t<meta name=\"twitter:data1\" content=\"6 minutes\" \/>\n<script type=\"application\/ld+json\" class=\"yoast-schema-graph\">{\"@context\":\"https:\\\/\\\/schema.org\",\"@graph\":[{\"@type\":\"WebPage\",\"@id\":\"https:\\\/\\\/www.policlinicogemelli.it\\\/en\\\/news-events\\\/al-gemelli-la-prima-biobanca-nazionale-sla\\\/\",\"url\":\"https:\\\/\\\/www.policlinicogemelli.it\\\/en\\\/news-events\\\/al-gemelli-la-prima-biobanca-nazionale-sla\\\/\",\"name\":\"Al Gemelli la prima biobanca nazionale SLA - Policlinico Universitario A. Gemelli IRCCS\",\"isPartOf\":{\"@id\":\"https:\\\/\\\/www.policlinicogemelli.it\\\/en\\\/#website\"},\"primaryImageOfPage\":{\"@id\":\"https:\\\/\\\/www.policlinicogemelli.it\\\/en\\\/news-events\\\/al-gemelli-la-prima-biobanca-nazionale-sla\\\/#primaryimage\"},\"image\":{\"@id\":\"https:\\\/\\\/www.policlinicogemelli.it\\\/en\\\/news-events\\\/al-gemelli-la-prima-biobanca-nazionale-sla\\\/#primaryimage\"},\"thumbnailUrl\":\"https:\\\/\\\/www.policlinicogemelli.it\\\/wp-content\\\/uploads\\\/2019\\\/06\\\/biobanca5-1024x683.jpeg\",\"datePublished\":\"2019-06-20T15:16:17+00:00\",\"breadcrumb\":{\"@id\":\"https:\\\/\\\/www.policlinicogemelli.it\\\/en\\\/news-events\\\/al-gemelli-la-prima-biobanca-nazionale-sla\\\/#breadcrumb\"},\"inLanguage\":\"en-US\",\"potentialAction\":[{\"@type\":\"ReadAction\",\"target\":[\"https:\\\/\\\/www.policlinicogemelli.it\\\/en\\\/news-events\\\/al-gemelli-la-prima-biobanca-nazionale-sla\\\/\"]}]},{\"@type\":\"ImageObject\",\"inLanguage\":\"en-US\",\"@id\":\"https:\\\/\\\/www.policlinicogemelli.it\\\/en\\\/news-events\\\/al-gemelli-la-prima-biobanca-nazionale-sla\\\/#primaryimage\",\"url\":\"https:\\\/\\\/www.policlinicogemelli.it\\\/wp-content\\\/uploads\\\/2019\\\/06\\\/biobanca5-1024x683.jpeg\",\"contentUrl\":\"https:\\\/\\\/www.policlinicogemelli.it\\\/wp-content\\\/uploads\\\/2019\\\/06\\\/biobanca5-1024x683.jpeg\"},{\"@type\":\"BreadcrumbList\",\"@id\":\"https:\\\/\\\/www.policlinicogemelli.it\\\/en\\\/news-events\\\/al-gemelli-la-prima-biobanca-nazionale-sla\\\/#breadcrumb\",\"itemListElement\":[{\"@type\":\"ListItem\",\"position\":1,\"name\":\"Home\",\"item\":\"https:\\\/\\\/www.policlinicogemelli.it\\\/en\\\/\"},{\"@type\":\"ListItem\",\"position\":2,\"name\":\"News and Events\",\"item\":\"https:\\\/\\\/www.policlinicogemelli.it\\\/en\\\/news-events\\\/\"},{\"@type\":\"ListItem\",\"position\":3,\"name\":\"Al Gemelli la prima biobanca nazionale SLA\"}]},{\"@type\":\"WebSite\",\"@id\":\"https:\\\/\\\/www.policlinicogemelli.it\\\/en\\\/#website\",\"url\":\"https:\\\/\\\/www.policlinicogemelli.it\\\/en\\\/\",\"name\":\"Policlinico Universitario Agostino Gemelli IRCCS\",\"description\":\"Policlinico Universitario Agostino Gemelli IRCCS\",\"publisher\":{\"@id\":\"https:\\\/\\\/www.policlinicogemelli.it\\\/en\\\/#organization\"},\"potentialAction\":[{\"@type\":\"SearchAction\",\"target\":{\"@type\":\"EntryPoint\",\"urlTemplate\":\"https:\\\/\\\/www.policlinicogemelli.it\\\/en\\\/?s={search_term_string}\"},\"query-input\":{\"@type\":\"PropertyValueSpecification\",\"valueRequired\":true,\"valueName\":\"search_term_string\"}}],\"inLanguage\":\"en-US\"},{\"@type\":\"Organization\",\"@id\":\"https:\\\/\\\/www.policlinicogemelli.it\\\/en\\\/#organization\",\"name\":\"Policlinico Universitario Agostino Gemelli IRCCS\",\"url\":\"https:\\\/\\\/www.policlinicogemelli.it\\\/en\\\/\",\"logo\":{\"@type\":\"ImageObject\",\"inLanguage\":\"en-US\",\"@id\":\"https:\\\/\\\/www.policlinicogemelli.it\\\/en\\\/#\\\/schema\\\/logo\\\/image\\\/\",\"url\":\"https:\\\/\\\/www.policlinicogemelli.it\\\/wp-content\\\/uploads\\\/2019\\\/02\\\/logo-policlinico-gemelli-250-trasp-color-1.png\",\"contentUrl\":\"https:\\\/\\\/www.policlinicogemelli.it\\\/wp-content\\\/uploads\\\/2019\\\/02\\\/logo-policlinico-gemelli-250-trasp-color-1.png\",\"width\":250,\"height\":82,\"caption\":\"Policlinico Universitario Agostino Gemelli IRCCS\"},\"image\":{\"@id\":\"https:\\\/\\\/www.policlinicogemelli.it\\\/en\\\/#\\\/schema\\\/logo\\\/image\\\/\"}}]}<\/script>\n<!-- \/ Yoast SEO plugin. -->","yoast_head_json":{"title":"Al Gemelli la prima biobanca nazionale SLA - Policlinico Universitario A. Gemelli IRCCS","robots":{"index":"index","follow":"follow","max-snippet":"max-snippet:-1","max-image-preview":"max-image-preview:large","max-video-preview":"max-video-preview:-1"},"canonical":"https:\/\/www.policlinicogemelli.it\/en\/news-events\/al-gemelli-la-prima-biobanca-nazionale-sla\/","og_locale":"en_US","og_type":"article","og_title":"Al Gemelli la prima biobanca nazionale SLA - Policlinico Universitario A. Gemelli IRCCS","og_description":"Alla presenza del presidente del Consiglio Giuseppe Conte, AISLA, Associazione Italiana Sclerosi Laterale Amiotrofica, Policlinico Universitario A. Gemelli IRCCS e Xbiogem hanno inaugurato la prima Biobanca Nazionale dedicata alla ricerca sulla SLA e aperta a tutti i ricercatori del mondo.Potr\u00e0 contenere fino a 380.000 campioni biologici. Per la prima volta in Italia i ricercatori impegnati [&hellip;]","og_url":"https:\/\/www.policlinicogemelli.it\/en\/news-events\/al-gemelli-la-prima-biobanca-nazionale-sla\/","og_site_name":"Policlinico Universitario Agostino Gemelli IRCCS","og_image":[{"width":1248,"height":832,"url":"https:\/\/www.policlinicogemelli.it\/wp-content\/uploads\/2019\/06\/biobanca5.jpeg","type":"image\/jpeg"}],"twitter_card":"summary_large_image","twitter_misc":{"Est. reading time":"6 minutes"},"schema":{"@context":"https:\/\/schema.org","@graph":[{"@type":"WebPage","@id":"https:\/\/www.policlinicogemelli.it\/en\/news-events\/al-gemelli-la-prima-biobanca-nazionale-sla\/","url":"https:\/\/www.policlinicogemelli.it\/en\/news-events\/al-gemelli-la-prima-biobanca-nazionale-sla\/","name":"Al Gemelli la prima biobanca nazionale SLA - Policlinico Universitario A. Gemelli IRCCS","isPartOf":{"@id":"https:\/\/www.policlinicogemelli.it\/en\/#website"},"primaryImageOfPage":{"@id":"https:\/\/www.policlinicogemelli.it\/en\/news-events\/al-gemelli-la-prima-biobanca-nazionale-sla\/#primaryimage"},"image":{"@id":"https:\/\/www.policlinicogemelli.it\/en\/news-events\/al-gemelli-la-prima-biobanca-nazionale-sla\/#primaryimage"},"thumbnailUrl":"https:\/\/www.policlinicogemelli.it\/wp-content\/uploads\/2019\/06\/biobanca5-1024x683.jpeg","datePublished":"2019-06-20T15:16:17+00:00","breadcrumb":{"@id":"https:\/\/www.policlinicogemelli.it\/en\/news-events\/al-gemelli-la-prima-biobanca-nazionale-sla\/#breadcrumb"},"inLanguage":"en-US","potentialAction":[{"@type":"ReadAction","target":["https:\/\/www.policlinicogemelli.it\/en\/news-events\/al-gemelli-la-prima-biobanca-nazionale-sla\/"]}]},{"@type":"ImageObject","inLanguage":"en-US","@id":"https:\/\/www.policlinicogemelli.it\/en\/news-events\/al-gemelli-la-prima-biobanca-nazionale-sla\/#primaryimage","url":"https:\/\/www.policlinicogemelli.it\/wp-content\/uploads\/2019\/06\/biobanca5-1024x683.jpeg","contentUrl":"https:\/\/www.policlinicogemelli.it\/wp-content\/uploads\/2019\/06\/biobanca5-1024x683.jpeg"},{"@type":"BreadcrumbList","@id":"https:\/\/www.policlinicogemelli.it\/en\/news-events\/al-gemelli-la-prima-biobanca-nazionale-sla\/#breadcrumb","itemListElement":[{"@type":"ListItem","position":1,"name":"Home","item":"https:\/\/www.policlinicogemelli.it\/en\/"},{"@type":"ListItem","position":2,"name":"News and Events","item":"https:\/\/www.policlinicogemelli.it\/en\/news-events\/"},{"@type":"ListItem","position":3,"name":"Al Gemelli la prima biobanca nazionale SLA"}]},{"@type":"WebSite","@id":"https:\/\/www.policlinicogemelli.it\/en\/#website","url":"https:\/\/www.policlinicogemelli.it\/en\/","name":"Policlinico Universitario Agostino Gemelli IRCCS","description":"Policlinico Universitario Agostino Gemelli IRCCS","publisher":{"@id":"https:\/\/www.policlinicogemelli.it\/en\/#organization"},"potentialAction":[{"@type":"SearchAction","target":{"@type":"EntryPoint","urlTemplate":"https:\/\/www.policlinicogemelli.it\/en\/?s={search_term_string}"},"query-input":{"@type":"PropertyValueSpecification","valueRequired":true,"valueName":"search_term_string"}}],"inLanguage":"en-US"},{"@type":"Organization","@id":"https:\/\/www.policlinicogemelli.it\/en\/#organization","name":"Policlinico Universitario Agostino Gemelli IRCCS","url":"https:\/\/www.policlinicogemelli.it\/en\/","logo":{"@type":"ImageObject","inLanguage":"en-US","@id":"https:\/\/www.policlinicogemelli.it\/en\/#\/schema\/logo\/image\/","url":"https:\/\/www.policlinicogemelli.it\/wp-content\/uploads\/2019\/02\/logo-policlinico-gemelli-250-trasp-color-1.png","contentUrl":"https:\/\/www.policlinicogemelli.it\/wp-content\/uploads\/2019\/02\/logo-policlinico-gemelli-250-trasp-color-1.png","width":250,"height":82,"caption":"Policlinico Universitario Agostino Gemelli IRCCS"},"image":{"@id":"https:\/\/www.policlinicogemelli.it\/en\/#\/schema\/logo\/image\/"}}]}},"rest_api_enabler":[],"_links":{"self":[{"href":"https:\/\/www.policlinicogemelli.it\/en\/wp-json\/wp\/v2\/news\/20645","targetHints":{"allow":["GET"]}}],"collection":[{"href":"https:\/\/www.policlinicogemelli.it\/en\/wp-json\/wp\/v2\/news"}],"about":[{"href":"https:\/\/www.policlinicogemelli.it\/en\/wp-json\/wp\/v2\/types\/kf_gem_news"}],"version-history":[{"count":0,"href":"https:\/\/www.policlinicogemelli.it\/en\/wp-json\/wp\/v2\/news\/20645\/revisions"}],"wp:attachment":[{"href":"https:\/\/www.policlinicogemelli.it\/en\/wp-json\/wp\/v2\/media?parent=20645"}],"wp:term":[{"taxonomy":"kf_gem_newscat","embeddable":true,"href":"https:\/\/www.policlinicogemelli.it\/en\/wp-json\/wp\/v2\/categorie?post=20645"}],"curies":[{"name":"wp","href":"https:\/\/api.w.org\/{rel}","templated":true}]}}