{"id":20632,"date":"2019-06-04T09:54:48","date_gmt":"2019-06-04T09:54:48","guid":{"rendered":"https:\/\/www.policlinicogemelli.it\/news-eventi\/al-gemelli-la-giornata-di-sensibilizzazione-sulligiene-delle-mani\/"},"modified":"2019-06-04T09:54:48","modified_gmt":"2019-06-04T09:54:48","slug":"al-gemelli-la-giornata-di-sensibilizzazione-sulligiene-delle-mani","status":"publish","type":"kf_gem_news","link":"https:\/\/www.policlinicogemelli.it\/en\/news-events\/al-gemelli-la-giornata-di-sensibilizzazione-sulligiene-delle-mani\/","title":{"rendered":"Al Gemelli la Giornata di sensibilizzazione sull\u2019igiene delle mani"},"content":{"rendered":"\n<p>Al via la sesta campagna nella hall del Policlinico rivolta a visitatori, parenti e pazienti. <\/p>\n\n\n\n<p><strong>La Fondazione Policlinico Universitario Agostino Gemelli IRCCS non abbassa la guardia e anche quest\u2019anno lancia per il sesto anno consecutivo una nuova campagna di sensibilizzazione per l\u2019igiene delle mani, a un mese esatto dalla Giornata Mondiale che si \u00e8 celebrata lo scorso 5 maggio.<\/strong><\/p>\n\n\n\n<p>Il progetto, promosso dalla Direzione Generale del Policlinico Gemelli, e coordinato dal professor&nbsp; <strong>Gabriele Sganga<\/strong>, Direttore del Master \u201cSepsi in Chirurgia\u201d dell\u2019Universit\u00e0 Cattolica e della UOC Chirurgia d\u2019Urgenza, dal dottor&nbsp;<strong>Filippo Berloco<\/strong>, Responsabile del Servizio di Radioprotezione e Igiene Ospedaliera e dalla professoressa&nbsp;<strong>Patrizia Laurenti<\/strong>, Direttore della UOC Igiene Ospedaliera, prevede una nuova forma di campagna comunicativa che coinvolger\u00e0 direttamente visitatori, parenti e pazienti del Policlinico e si svolger\u00e0 dalle ore 11.00 di mercoled\u00ec 5 giugno nella hall del Gemelli. <\/p>\n\n\n\n<p>Il progetto, promosso dalla Direzione Generale del Policlinico Gemelli, e coordinato dal professor&nbsp; <strong>Gabriele Sganga<\/strong>, Direttore del Master \u201cSepsi in Chirurgia\u201d dell\u2019Universit\u00e0 Cattolica e della UOC Chirurgia d\u2019Urgenza, dal dottor&nbsp;<strong>Filippo Berloco<\/strong>, Responsabile del Servizio di Radioprotezione e Igiene Ospedaliera e dalla professoressa&nbsp;<strong>Patrizia Laurenti<\/strong>, Direttore della UOC Igiene Ospedaliera, prevede una nuova forma di campagna comunicativa che coinvolger\u00e0 direttamente visitatori, parenti e pazienti del Policlinico e si svolger\u00e0 dalle ore 11.00 di mercoled\u00ec 5 giugno nella hall del Gemelli.<\/p>\n\n\n\n<p>L\u2019evento si articoler\u00e0 in una sessione in cui studenti e operatori sanitari della Fondazione illustreranno ai visitatori la corretta modalit\u00e0 d\u2019esecuzione dell\u2019igiene delle mani e, tramite uno strumento ad hoc, eseguiranno dimostrazioni pratiche per evidenziare il livello residuo di contaminazione delle mani non correttamente igienizzate. Parallelamente saranno proiettati, sui monitor a circuito chiuso, dei video che illustrano le varie attivit\u00e0 e iniziative promosse in questi sei anni dalla Fondazione Policlinico Universitario Agostino Gemelli IRCCS nonch\u00e8 i risultati raggiunti sull\u2019adesione all\u2019igiene delle mani da parte dei professionisti sanitari. <\/p>\n\n\n\n<p>\u201cSecondo i dati dello European Centre for Disease Prevention and Control (Ecdc) \u2013 dice il professor Sganga &#8211; &nbsp;si stima che in Italia siano circa 8 mila all\u2019anno le morti dovute a infezioni ospedaliere. Per avere una pietra di paragone si pensi che le morti dovute a incidente stradale nel Belpaese sono poco pi\u00f9 di 3 mila all\u2019anno. Questi dati evidenziano la severit\u00e0 del fenomeno che mostra un trend in continua crescita, anche in conseguenza dell\u2019invecchiamento della popolazione. Come evidenziato dal Rapporto Osservasalute 2018 l&#8217;aumento delle morti dovute a infezione ospedaliera riguarda tutte le fasce d&#8217;et\u00e0, ma in particolar modo gli individui dai 75 anni in su\u201d. <\/p>\n\n\n\n<p>\u201cPrima ancora di interventi quali l\u2019adeguata disinfezione degli ambienti, le vaccinazioni degli operatori sanitari oltre che dei pazienti fragili, l\u2019uso razionale degli antibiotici, la corretta igiene delle mani, da parte dei professionisti sanitari, dei pazienti e dei visitatori, rappresenta l\u2019intervento pi\u00f9 importante e, nel contempo, pi\u00f9 semplice, per ridurre il rischio di infezione ospedaliera\u201d afferma il dottor Berloco. <\/p>\n\n\n\n<p>Sensibilizzare e istruire non solo medici e infermieri, ma anche i pazienti e i loro parenti verso il corretto lavaggio delle mani rappresenta quindi un\u2019arma efficacissima e immediata contro il dilagare delle infezioni in ospedale. <\/p>\n\n\n\n<p>\u201cIn ogni reparto del Policlinico Gemelli sono presenti professionisti sanitari che rilevano l\u2019adesione all\u2019igiene delle mani da parte dei loro stessi colleghi, riportando poi ai diretti interessati i risultati raggiunti. Grazie a questa semplice attivit\u00e0 educativa e di reportistica, raccomandata anche dall\u2019Organizzazione Mondiale della Sanit\u00e0, l\u2019adesione all\u2019igiene delle mani nel Policlinico Gemelli \u00e8 raddoppiata in un triennio, passando dal 34,4% del 2016 al 66,5% del 2018\u201d conclude la professoressa Laurenti. <\/p>\n\n\n\n<p>Gli sforzi di questi anni di ricordare continuativamente questa semplice manovra igienica, anche al di l\u00e0 degli eventi celebrativi, con cartelloni, totem, flyers, cos\u00ec come interventi strutturali quali ad esempio il posizionamento in tutte le stanze di degenza di dispenser di soluzioni alcooliche, senza dimenticare poi il monitoraggio dell\u2019adesione, si sono pertanto dimostrati l\u2019arma vincente per innalzare il livello di sensibilit\u00e0 nel campo della prevenzione delle infezioni. <\/p>\n","protected":false},"excerpt":{"rendered":"<p>Al via la sesta campagna nella hall del Policlinico rivolta a visitatori, parenti e pazienti. La Fondazione Policlinico Universitario Agostino Gemelli IRCCS non abbassa la guardia e anche quest\u2019anno lancia per il sesto anno consecutivo una nuova campagna di sensibilizzazione per l\u2019igiene delle mani, a un mese esatto dalla Giornata Mondiale che si \u00e8 celebrata [&hellip;]<\/p>\n","protected":false},"featured_media":0,"template":"","categorie":[96],"class_list":{"0":"post-20632","1":"kf_gem_news","2":"type-kf_gem_news","3":"status-publish","5":"kf_gem_newscat-institutional-information","6":"entry","7":"has-post-thumbnail"},"acf":[],"yoast_head":"<!-- This site is optimized with the Yoast SEO plugin v27.5 - https:\/\/yoast.com\/product\/yoast-seo-wordpress\/ -->\n<title>Al Gemelli la Giornata di sensibilizzazione sull\u2019igiene delle mani - Policlinico Universitario A. Gemelli IRCCS<\/title>\n<meta name=\"robots\" content=\"index, follow, max-snippet:-1, max-image-preview:large, max-video-preview:-1\" \/>\n<link rel=\"canonical\" href=\"https:\/\/www.policlinicogemelli.it\/en\/news-events\/al-gemelli-la-giornata-di-sensibilizzazione-sulligiene-delle-mani\/\" \/>\n<meta property=\"og:locale\" content=\"en_US\" \/>\n<meta property=\"og:type\" content=\"article\" \/>\n<meta property=\"og:title\" content=\"Al Gemelli la Giornata di sensibilizzazione sull\u2019igiene delle mani - Policlinico Universitario A. Gemelli IRCCS\" \/>\n<meta property=\"og:description\" content=\"Al via la sesta campagna nella hall del Policlinico rivolta a visitatori, parenti e pazienti. La Fondazione Policlinico Universitario Agostino Gemelli IRCCS non abbassa la guardia e anche quest\u2019anno lancia per il sesto anno consecutivo una nuova campagna di sensibilizzazione per l\u2019igiene delle mani, a un mese esatto dalla Giornata Mondiale che si \u00e8 celebrata [&hellip;]\" \/>\n<meta property=\"og:url\" content=\"https:\/\/www.policlinicogemelli.it\/en\/news-events\/al-gemelli-la-giornata-di-sensibilizzazione-sulligiene-delle-mani\/\" \/>\n<meta property=\"og:site_name\" content=\"Policlinico Universitario Agostino Gemelli IRCCS\" \/>\n<meta property=\"og:image\" content=\"https:\/\/www.policlinicogemelli.it\/wp-content\/uploads\/2023\/06\/Share_Gemelli.png\" \/>\n\t<meta property=\"og:image:width\" content=\"1200\" \/>\n\t<meta property=\"og:image:height\" content=\"630\" \/>\n\t<meta property=\"og:image:type\" content=\"image\/png\" \/>\n<meta name=\"twitter:card\" content=\"summary_large_image\" \/>\n<meta name=\"twitter:label1\" content=\"Est. reading time\" \/>\n\t<meta name=\"twitter:data1\" content=\"3 minutes\" \/>\n<script type=\"application\/ld+json\" class=\"yoast-schema-graph\">{\"@context\":\"https:\\\/\\\/schema.org\",\"@graph\":[{\"@type\":\"WebPage\",\"@id\":\"https:\\\/\\\/www.policlinicogemelli.it\\\/en\\\/news-events\\\/al-gemelli-la-giornata-di-sensibilizzazione-sulligiene-delle-mani\\\/\",\"url\":\"https:\\\/\\\/www.policlinicogemelli.it\\\/en\\\/news-events\\\/al-gemelli-la-giornata-di-sensibilizzazione-sulligiene-delle-mani\\\/\",\"name\":\"Al Gemelli la Giornata di sensibilizzazione sull\u2019igiene delle mani - Policlinico Universitario A. Gemelli IRCCS\",\"isPartOf\":{\"@id\":\"https:\\\/\\\/www.policlinicogemelli.it\\\/en\\\/#website\"},\"datePublished\":\"2019-06-04T09:54:48+00:00\",\"breadcrumb\":{\"@id\":\"https:\\\/\\\/www.policlinicogemelli.it\\\/en\\\/news-events\\\/al-gemelli-la-giornata-di-sensibilizzazione-sulligiene-delle-mani\\\/#breadcrumb\"},\"inLanguage\":\"en-US\",\"potentialAction\":[{\"@type\":\"ReadAction\",\"target\":[\"https:\\\/\\\/www.policlinicogemelli.it\\\/en\\\/news-events\\\/al-gemelli-la-giornata-di-sensibilizzazione-sulligiene-delle-mani\\\/\"]}]},{\"@type\":\"BreadcrumbList\",\"@id\":\"https:\\\/\\\/www.policlinicogemelli.it\\\/en\\\/news-events\\\/al-gemelli-la-giornata-di-sensibilizzazione-sulligiene-delle-mani\\\/#breadcrumb\",\"itemListElement\":[{\"@type\":\"ListItem\",\"position\":1,\"name\":\"Home\",\"item\":\"https:\\\/\\\/www.policlinicogemelli.it\\\/en\\\/\"},{\"@type\":\"ListItem\",\"position\":2,\"name\":\"News and Events\",\"item\":\"https:\\\/\\\/www.policlinicogemelli.it\\\/en\\\/news-events\\\/\"},{\"@type\":\"ListItem\",\"position\":3,\"name\":\"Al Gemelli la Giornata di sensibilizzazione sull\u2019igiene delle mani\"}]},{\"@type\":\"WebSite\",\"@id\":\"https:\\\/\\\/www.policlinicogemelli.it\\\/en\\\/#website\",\"url\":\"https:\\\/\\\/www.policlinicogemelli.it\\\/en\\\/\",\"name\":\"Policlinico Universitario Agostino Gemelli IRCCS\",\"description\":\"Policlinico Universitario Agostino Gemelli IRCCS\",\"publisher\":{\"@id\":\"https:\\\/\\\/www.policlinicogemelli.it\\\/en\\\/#organization\"},\"potentialAction\":[{\"@type\":\"SearchAction\",\"target\":{\"@type\":\"EntryPoint\",\"urlTemplate\":\"https:\\\/\\\/www.policlinicogemelli.it\\\/en\\\/?s={search_term_string}\"},\"query-input\":{\"@type\":\"PropertyValueSpecification\",\"valueRequired\":true,\"valueName\":\"search_term_string\"}}],\"inLanguage\":\"en-US\"},{\"@type\":\"Organization\",\"@id\":\"https:\\\/\\\/www.policlinicogemelli.it\\\/en\\\/#organization\",\"name\":\"Policlinico Universitario Agostino Gemelli IRCCS\",\"url\":\"https:\\\/\\\/www.policlinicogemelli.it\\\/en\\\/\",\"logo\":{\"@type\":\"ImageObject\",\"inLanguage\":\"en-US\",\"@id\":\"https:\\\/\\\/www.policlinicogemelli.it\\\/en\\\/#\\\/schema\\\/logo\\\/image\\\/\",\"url\":\"https:\\\/\\\/www.policlinicogemelli.it\\\/wp-content\\\/uploads\\\/2019\\\/02\\\/logo-policlinico-gemelli-250-trasp-color-1.png\",\"contentUrl\":\"https:\\\/\\\/www.policlinicogemelli.it\\\/wp-content\\\/uploads\\\/2019\\\/02\\\/logo-policlinico-gemelli-250-trasp-color-1.png\",\"width\":250,\"height\":82,\"caption\":\"Policlinico Universitario Agostino Gemelli IRCCS\"},\"image\":{\"@id\":\"https:\\\/\\\/www.policlinicogemelli.it\\\/en\\\/#\\\/schema\\\/logo\\\/image\\\/\"}}]}<\/script>\n<!-- \/ Yoast SEO plugin. -->","yoast_head_json":{"title":"Al Gemelli la Giornata di sensibilizzazione sull\u2019igiene delle mani - Policlinico Universitario A. Gemelli IRCCS","robots":{"index":"index","follow":"follow","max-snippet":"max-snippet:-1","max-image-preview":"max-image-preview:large","max-video-preview":"max-video-preview:-1"},"canonical":"https:\/\/www.policlinicogemelli.it\/en\/news-events\/al-gemelli-la-giornata-di-sensibilizzazione-sulligiene-delle-mani\/","og_locale":"en_US","og_type":"article","og_title":"Al Gemelli la Giornata di sensibilizzazione sull\u2019igiene delle mani - Policlinico Universitario A. Gemelli IRCCS","og_description":"Al via la sesta campagna nella hall del Policlinico rivolta a visitatori, parenti e pazienti. La Fondazione Policlinico Universitario Agostino Gemelli IRCCS non abbassa la guardia e anche quest\u2019anno lancia per il sesto anno consecutivo una nuova campagna di sensibilizzazione per l\u2019igiene delle mani, a un mese esatto dalla Giornata Mondiale che si \u00e8 celebrata [&hellip;]","og_url":"https:\/\/www.policlinicogemelli.it\/en\/news-events\/al-gemelli-la-giornata-di-sensibilizzazione-sulligiene-delle-mani\/","og_site_name":"Policlinico Universitario Agostino Gemelli IRCCS","og_image":[{"width":1200,"height":630,"url":"https:\/\/www.policlinicogemelli.it\/wp-content\/uploads\/2023\/06\/Share_Gemelli.png","type":"image\/png"}],"twitter_card":"summary_large_image","twitter_misc":{"Est. reading time":"3 minutes"},"schema":{"@context":"https:\/\/schema.org","@graph":[{"@type":"WebPage","@id":"https:\/\/www.policlinicogemelli.it\/en\/news-events\/al-gemelli-la-giornata-di-sensibilizzazione-sulligiene-delle-mani\/","url":"https:\/\/www.policlinicogemelli.it\/en\/news-events\/al-gemelli-la-giornata-di-sensibilizzazione-sulligiene-delle-mani\/","name":"Al Gemelli la Giornata di sensibilizzazione sull\u2019igiene delle mani - Policlinico Universitario A. Gemelli IRCCS","isPartOf":{"@id":"https:\/\/www.policlinicogemelli.it\/en\/#website"},"datePublished":"2019-06-04T09:54:48+00:00","breadcrumb":{"@id":"https:\/\/www.policlinicogemelli.it\/en\/news-events\/al-gemelli-la-giornata-di-sensibilizzazione-sulligiene-delle-mani\/#breadcrumb"},"inLanguage":"en-US","potentialAction":[{"@type":"ReadAction","target":["https:\/\/www.policlinicogemelli.it\/en\/news-events\/al-gemelli-la-giornata-di-sensibilizzazione-sulligiene-delle-mani\/"]}]},{"@type":"BreadcrumbList","@id":"https:\/\/www.policlinicogemelli.it\/en\/news-events\/al-gemelli-la-giornata-di-sensibilizzazione-sulligiene-delle-mani\/#breadcrumb","itemListElement":[{"@type":"ListItem","position":1,"name":"Home","item":"https:\/\/www.policlinicogemelli.it\/en\/"},{"@type":"ListItem","position":2,"name":"News and Events","item":"https:\/\/www.policlinicogemelli.it\/en\/news-events\/"},{"@type":"ListItem","position":3,"name":"Al Gemelli la Giornata di sensibilizzazione sull\u2019igiene delle mani"}]},{"@type":"WebSite","@id":"https:\/\/www.policlinicogemelli.it\/en\/#website","url":"https:\/\/www.policlinicogemelli.it\/en\/","name":"Policlinico Universitario Agostino Gemelli IRCCS","description":"Policlinico Universitario Agostino Gemelli IRCCS","publisher":{"@id":"https:\/\/www.policlinicogemelli.it\/en\/#organization"},"potentialAction":[{"@type":"SearchAction","target":{"@type":"EntryPoint","urlTemplate":"https:\/\/www.policlinicogemelli.it\/en\/?s={search_term_string}"},"query-input":{"@type":"PropertyValueSpecification","valueRequired":true,"valueName":"search_term_string"}}],"inLanguage":"en-US"},{"@type":"Organization","@id":"https:\/\/www.policlinicogemelli.it\/en\/#organization","name":"Policlinico Universitario Agostino Gemelli IRCCS","url":"https:\/\/www.policlinicogemelli.it\/en\/","logo":{"@type":"ImageObject","inLanguage":"en-US","@id":"https:\/\/www.policlinicogemelli.it\/en\/#\/schema\/logo\/image\/","url":"https:\/\/www.policlinicogemelli.it\/wp-content\/uploads\/2019\/02\/logo-policlinico-gemelli-250-trasp-color-1.png","contentUrl":"https:\/\/www.policlinicogemelli.it\/wp-content\/uploads\/2019\/02\/logo-policlinico-gemelli-250-trasp-color-1.png","width":250,"height":82,"caption":"Policlinico Universitario Agostino Gemelli IRCCS"},"image":{"@id":"https:\/\/www.policlinicogemelli.it\/en\/#\/schema\/logo\/image\/"}}]}},"rest_api_enabler":[],"_links":{"self":[{"href":"https:\/\/www.policlinicogemelli.it\/en\/wp-json\/wp\/v2\/news\/20632","targetHints":{"allow":["GET"]}}],"collection":[{"href":"https:\/\/www.policlinicogemelli.it\/en\/wp-json\/wp\/v2\/news"}],"about":[{"href":"https:\/\/www.policlinicogemelli.it\/en\/wp-json\/wp\/v2\/types\/kf_gem_news"}],"version-history":[{"count":0,"href":"https:\/\/www.policlinicogemelli.it\/en\/wp-json\/wp\/v2\/news\/20632\/revisions"}],"wp:attachment":[{"href":"https:\/\/www.policlinicogemelli.it\/en\/wp-json\/wp\/v2\/media?parent=20632"}],"wp:term":[{"taxonomy":"kf_gem_newscat","embeddable":true,"href":"https:\/\/www.policlinicogemelli.it\/en\/wp-json\/wp\/v2\/categorie?post=20632"}],"curies":[{"name":"wp","href":"https:\/\/api.w.org\/{rel}","templated":true}]}}