{"id":20611,"date":"2019-05-27T15:34:04","date_gmt":"2019-05-27T15:34:04","guid":{"rendered":"https:\/\/www.policlinicogemelli.it\/news-eventi\/la-sindaca-di-roma-virginia-raggi-visita-il-policlinico-il-gemelli-uneccellenza-della-citta\/"},"modified":"2019-05-27T15:34:04","modified_gmt":"2019-05-27T15:34:04","slug":"la-sindaca-di-roma-virginia-raggi-visita-il-policlinico-il-gemelli-uneccellenza-della-citta","status":"publish","type":"kf_gem_news","link":"https:\/\/www.policlinicogemelli.it\/en\/news-events\/la-sindaca-di-roma-virginia-raggi-visita-il-policlinico-il-gemelli-uneccellenza-della-citta\/","title":{"rendered":"La Sindaca di Roma Virginia Raggi visita il Policlinico: \u201cIl Gemelli un\u2019eccellenza della citt\u00e0\u201d"},"content":{"rendered":"\n<p>La Sindaca di Roma&nbsp;<strong>Virginia Raggi<\/strong>, insieme all\u2019Assessore al Personale e ai Servizi Anagrafici&nbsp;<strong>Antonio De Santis<\/strong>, ha fatto visita lo scorso 23 aprile 2019 al Policlinico Universitario A. Gemelli IRCCS. Il primo cittadino della Capitale \u00e8 stata ricevuta dal Presidente della Fondazione Policlinico Universitario Agostino Gemelli IRCSS&nbsp;<strong>Giovanni<\/strong><strong>Raimondi<\/strong>, dal Direttore Generale&nbsp;<strong>Marco Elefanti&nbsp;<\/strong>e dal Direttore del Governo Clinico del Gemelli e Preside della Facolt\u00e0 di Medicina e Chirurgia dell\u2019Universit\u00e0 Cattolica&nbsp;<strong>Rocco Bellantone<\/strong>. Nell\u2019occasione sono stati illustrati i programmi di sviluppo del Policlinico Gemelli che prevedono l\u2019avvio a breve dei lavori per la costruzione di un nuovo edificio di dieci piani con 250 posti letto, laboratori innovativi e aree per la didattica degli studenti della Facolt\u00e0 di Medicina e chirurgia dell\u2019Universit\u00e0 Cattolica. La Sindaca ha anche firmato, insieme al Presidente Raimondi e al Direttore Generale Elefanti, un protocollo di intesa per l\u2019apertura al Policlinico Gemelli di uno sportello dell\u2019anagrafe capitolina dove potranno essere svolte una serie di pratiche amministrative per tutta la cittadinanza che frequenta il Policlinico. \u201cIl Gemelli \u2013 ha dichiarato la Sindaca di Roma Virginia Raggi &#8211; rappresenta un&#8217;eccellenza per la citt\u00e0, grazie alla capacit\u00e0 di coniugare altissima qualit\u00e0 delle cure e delle prestazioni, innovazione e ricerca. Le strutture sono di primissimo livello e infatti accolgono persone provenienti da tutto il mondo. Importante inoltre che si tratti di un Policlinico Universitario, perch\u00e9 consente di mantenere elevato il profilo scientifico con percorsi di formazione a 360 gradi.&nbsp;<\/p>\n\n\n\n<figure class=\"wp-block-image is-resized\"><img loading=\"lazy\" decoding=\"async\" src=\"https:\/\/www.policlinicogemelli.it\/wp-content\/uploads\/2019\/06\/raggi2.jpg\" alt=\"\" class=\"wp-image-8779\" width=\"716\" height=\"477\" srcset=\"https:\/\/www.policlinicogemelli.it\/wp-content\/uploads\/2019\/06\/raggi2.jpg 655w, https:\/\/www.policlinicogemelli.it\/wp-content\/uploads\/2019\/06\/raggi2-300x200.jpg 300w, https:\/\/www.policlinicogemelli.it\/wp-content\/uploads\/2019\/06\/raggi2-308x205.jpg 308w, https:\/\/www.policlinicogemelli.it\/wp-content\/uploads\/2019\/06\/raggi2-600x400.jpg 600w, https:\/\/www.policlinicogemelli.it\/wp-content\/uploads\/2019\/06\/raggi2-400x266.jpg 400w\" sizes=\"auto, (max-width: 716px) 100vw, 716px\" \/><\/figure>\n\n\n\n<p>Oggi abbiamo anche messo a punto un&#8217;importante sinergia: grazie al lavoro dell&#8217;Assessore Antonio De Santis abbiamo siglato il protocollo d&#8217;intesa per l&#8217;apertura di uno sportello per i servizi anagrafici presso il Gemelli, che garantir\u00e0 un forte valore aggiunto a tantissimi cittadini&#8221;. \u201cSiamo lieti della visita della Sindaca di Roma Capitale Virginia Raggi &#8211; ha detto il Presidente Giovanni Raimondi &#8211; che ringrazio a nome della Fondazione Gemelli per l\u2019attenzione con cui segue le attivit\u00e0 e i progetti di sviluppo che hanno come obiettivo condiviso il bene dei pazienti che non solo da Roma, ma anche da tutta Italia, si rivolgono al Policlinico con fiducia. In questa direzione va la firma dell\u2019accordo per la prossima apertura di uno sportello dell\u2019anagrafe capitolina dentro il Gemelli. Anche questo servizio, che ci vede alleati, mira alla presa in carico globale dei degenti del Policlinico, come pure dei familiari e del personale interno, che potranno anch\u2019essi beneficiarne\u201d. La Sindaca ha visitato, accompagnata anche dal professor&nbsp;<strong>Giovanni Scambia<\/strong>, ginecologo- oncologo e Direttore Scientifico della Fondazione Policlinico Universitario Agostino Gemelli IRCCS, alcuni reparti del Dipartimento Scienze della Salute della Donna, del Bambino e di Sanit\u00e0 Pubblica, tra cui il Centro di Farmacologia e il Giardino Terapeutico e la Terapia Intensiva Neonatale e il Day Hospital Tumori Femminili. Ha poi proseguito la visita nel Gemelli ART, centro altamente specializzato di radioterapia oncologica del Policlinico Gemelli, in grado di offrire ai pazienti la pi\u00f9 avanzata assistenza clinica e terapeutica e le tecnologie tra le pi\u00f9 innovative. Infine ha fatto visita anche al Centro Clinico Nemo Roma dove sono in cura pazienti adulti e pediatrici affetti da patologie neuromuscolari. La Sindaca di Roma si \u00e8 infine intrattenuta a colazione nella mensa del Gemelli incontrando medici, operatori sanitari e studenti del Policlinico e della Facolt\u00e0 di Medicina e chirurgia dell\u2019Universit\u00e0&nbsp;<\/p>\n","protected":false},"excerpt":{"rendered":"<p>La Sindaca di Roma&nbsp;Virginia Raggi, insieme all\u2019Assessore al Personale e ai Servizi Anagrafici&nbsp;Antonio De Santis, ha fatto visita lo scorso 23 aprile 2019 al Policlinico Universitario A. Gemelli IRCCS. Il primo cittadino della Capitale \u00e8 stata ricevuta dal Presidente della Fondazione Policlinico Universitario Agostino Gemelli IRCSS&nbsp;GiovanniRaimondi, dal Direttore Generale&nbsp;Marco Elefanti&nbsp;e dal Direttore del Governo Clinico [&hellip;]<\/p>\n","protected":false},"featured_media":0,"template":"","categorie":[93],"class_list":{"0":"post-20611","1":"kf_gem_news","2":"type-kf_gem_news","3":"status-publish","5":"kf_gem_newscat-events","6":"entry","7":"has-post-thumbnail"},"acf":[],"yoast_head":"<!-- This site is optimized with the Yoast SEO plugin v27.5 - https:\/\/yoast.com\/product\/yoast-seo-wordpress\/ -->\n<title>La Sindaca di Roma Virginia Raggi visita il Policlinico: \u201cIl Gemelli un\u2019eccellenza della citt\u00e0\u201d - Policlinico Universitario A. Gemelli IRCCS<\/title>\n<meta name=\"robots\" content=\"index, follow, max-snippet:-1, max-image-preview:large, max-video-preview:-1\" \/>\n<link rel=\"canonical\" href=\"https:\/\/www.policlinicogemelli.it\/en\/news-events\/la-sindaca-di-roma-virginia-raggi-visita-il-policlinico-il-gemelli-uneccellenza-della-citta\/\" \/>\n<meta property=\"og:locale\" content=\"en_US\" \/>\n<meta property=\"og:type\" content=\"article\" \/>\n<meta property=\"og:title\" content=\"La Sindaca di Roma Virginia Raggi visita il Policlinico: \u201cIl Gemelli un\u2019eccellenza della citt\u00e0\u201d - Policlinico Universitario A. Gemelli IRCCS\" \/>\n<meta property=\"og:description\" content=\"La Sindaca di Roma&nbsp;Virginia Raggi, insieme all\u2019Assessore al Personale e ai Servizi Anagrafici&nbsp;Antonio De Santis, ha fatto visita lo scorso 23 aprile 2019 al Policlinico Universitario A. Gemelli IRCCS. Il primo cittadino della Capitale \u00e8 stata ricevuta dal Presidente della Fondazione Policlinico Universitario Agostino Gemelli IRCSS&nbsp;GiovanniRaimondi, dal Direttore Generale&nbsp;Marco Elefanti&nbsp;e dal Direttore del Governo Clinico [&hellip;]\" \/>\n<meta property=\"og:url\" content=\"https:\/\/www.policlinicogemelli.it\/en\/news-events\/la-sindaca-di-roma-virginia-raggi-visita-il-policlinico-il-gemelli-uneccellenza-della-citta\/\" \/>\n<meta property=\"og:site_name\" content=\"Policlinico Universitario Agostino Gemelli IRCCS\" \/>\n<meta property=\"og:image\" content=\"https:\/\/www.policlinicogemelli.it\/wp-content\/uploads\/2019\/06\/raggi2.jpg\" \/>\n\t<meta property=\"og:image:width\" content=\"655\" \/>\n\t<meta property=\"og:image:height\" content=\"436\" \/>\n\t<meta property=\"og:image:type\" content=\"image\/jpeg\" \/>\n<meta name=\"twitter:card\" content=\"summary_large_image\" \/>\n<meta name=\"twitter:label1\" content=\"Est. reading time\" \/>\n\t<meta name=\"twitter:data1\" content=\"3 minutes\" \/>\n<script type=\"application\/ld+json\" class=\"yoast-schema-graph\">{\"@context\":\"https:\\\/\\\/schema.org\",\"@graph\":[{\"@type\":\"WebPage\",\"@id\":\"https:\\\/\\\/www.policlinicogemelli.it\\\/en\\\/news-events\\\/la-sindaca-di-roma-virginia-raggi-visita-il-policlinico-il-gemelli-uneccellenza-della-citta\\\/\",\"url\":\"https:\\\/\\\/www.policlinicogemelli.it\\\/en\\\/news-events\\\/la-sindaca-di-roma-virginia-raggi-visita-il-policlinico-il-gemelli-uneccellenza-della-citta\\\/\",\"name\":\"La Sindaca di Roma Virginia Raggi visita il Policlinico: \u201cIl Gemelli un\u2019eccellenza della citt\u00e0\u201d - Policlinico Universitario A. Gemelli IRCCS\",\"isPartOf\":{\"@id\":\"https:\\\/\\\/www.policlinicogemelli.it\\\/en\\\/#website\"},\"primaryImageOfPage\":{\"@id\":\"https:\\\/\\\/www.policlinicogemelli.it\\\/en\\\/news-events\\\/la-sindaca-di-roma-virginia-raggi-visita-il-policlinico-il-gemelli-uneccellenza-della-citta\\\/#primaryimage\"},\"image\":{\"@id\":\"https:\\\/\\\/www.policlinicogemelli.it\\\/en\\\/news-events\\\/la-sindaca-di-roma-virginia-raggi-visita-il-policlinico-il-gemelli-uneccellenza-della-citta\\\/#primaryimage\"},\"thumbnailUrl\":\"https:\\\/\\\/www.policlinicogemelli.it\\\/wp-content\\\/uploads\\\/2019\\\/06\\\/raggi2.jpg\",\"datePublished\":\"2019-05-27T15:34:04+00:00\",\"breadcrumb\":{\"@id\":\"https:\\\/\\\/www.policlinicogemelli.it\\\/en\\\/news-events\\\/la-sindaca-di-roma-virginia-raggi-visita-il-policlinico-il-gemelli-uneccellenza-della-citta\\\/#breadcrumb\"},\"inLanguage\":\"en-US\",\"potentialAction\":[{\"@type\":\"ReadAction\",\"target\":[\"https:\\\/\\\/www.policlinicogemelli.it\\\/en\\\/news-events\\\/la-sindaca-di-roma-virginia-raggi-visita-il-policlinico-il-gemelli-uneccellenza-della-citta\\\/\"]}]},{\"@type\":\"ImageObject\",\"inLanguage\":\"en-US\",\"@id\":\"https:\\\/\\\/www.policlinicogemelli.it\\\/en\\\/news-events\\\/la-sindaca-di-roma-virginia-raggi-visita-il-policlinico-il-gemelli-uneccellenza-della-citta\\\/#primaryimage\",\"url\":\"https:\\\/\\\/www.policlinicogemelli.it\\\/wp-content\\\/uploads\\\/2019\\\/06\\\/raggi2.jpg\",\"contentUrl\":\"https:\\\/\\\/www.policlinicogemelli.it\\\/wp-content\\\/uploads\\\/2019\\\/06\\\/raggi2.jpg\"},{\"@type\":\"BreadcrumbList\",\"@id\":\"https:\\\/\\\/www.policlinicogemelli.it\\\/en\\\/news-events\\\/la-sindaca-di-roma-virginia-raggi-visita-il-policlinico-il-gemelli-uneccellenza-della-citta\\\/#breadcrumb\",\"itemListElement\":[{\"@type\":\"ListItem\",\"position\":1,\"name\":\"Home\",\"item\":\"https:\\\/\\\/www.policlinicogemelli.it\\\/en\\\/\"},{\"@type\":\"ListItem\",\"position\":2,\"name\":\"News and Events\",\"item\":\"https:\\\/\\\/www.policlinicogemelli.it\\\/en\\\/news-events\\\/\"},{\"@type\":\"ListItem\",\"position\":3,\"name\":\"La Sindaca di Roma Virginia Raggi visita il Policlinico: \u201cIl Gemelli un\u2019eccellenza della citt\u00e0\u201d\"}]},{\"@type\":\"WebSite\",\"@id\":\"https:\\\/\\\/www.policlinicogemelli.it\\\/en\\\/#website\",\"url\":\"https:\\\/\\\/www.policlinicogemelli.it\\\/en\\\/\",\"name\":\"Policlinico Universitario Agostino Gemelli IRCCS\",\"description\":\"Policlinico Universitario Agostino Gemelli IRCCS\",\"publisher\":{\"@id\":\"https:\\\/\\\/www.policlinicogemelli.it\\\/en\\\/#organization\"},\"potentialAction\":[{\"@type\":\"SearchAction\",\"target\":{\"@type\":\"EntryPoint\",\"urlTemplate\":\"https:\\\/\\\/www.policlinicogemelli.it\\\/en\\\/?s={search_term_string}\"},\"query-input\":{\"@type\":\"PropertyValueSpecification\",\"valueRequired\":true,\"valueName\":\"search_term_string\"}}],\"inLanguage\":\"en-US\"},{\"@type\":\"Organization\",\"@id\":\"https:\\\/\\\/www.policlinicogemelli.it\\\/en\\\/#organization\",\"name\":\"Policlinico Universitario Agostino Gemelli IRCCS\",\"url\":\"https:\\\/\\\/www.policlinicogemelli.it\\\/en\\\/\",\"logo\":{\"@type\":\"ImageObject\",\"inLanguage\":\"en-US\",\"@id\":\"https:\\\/\\\/www.policlinicogemelli.it\\\/en\\\/#\\\/schema\\\/logo\\\/image\\\/\",\"url\":\"https:\\\/\\\/www.policlinicogemelli.it\\\/wp-content\\\/uploads\\\/2019\\\/02\\\/logo-policlinico-gemelli-250-trasp-color-1.png\",\"contentUrl\":\"https:\\\/\\\/www.policlinicogemelli.it\\\/wp-content\\\/uploads\\\/2019\\\/02\\\/logo-policlinico-gemelli-250-trasp-color-1.png\",\"width\":250,\"height\":82,\"caption\":\"Policlinico Universitario Agostino Gemelli IRCCS\"},\"image\":{\"@id\":\"https:\\\/\\\/www.policlinicogemelli.it\\\/en\\\/#\\\/schema\\\/logo\\\/image\\\/\"}}]}<\/script>\n<!-- \/ Yoast SEO plugin. -->","yoast_head_json":{"title":"La Sindaca di Roma Virginia Raggi visita il Policlinico: \u201cIl Gemelli un\u2019eccellenza della citt\u00e0\u201d - Policlinico Universitario A. Gemelli IRCCS","robots":{"index":"index","follow":"follow","max-snippet":"max-snippet:-1","max-image-preview":"max-image-preview:large","max-video-preview":"max-video-preview:-1"},"canonical":"https:\/\/www.policlinicogemelli.it\/en\/news-events\/la-sindaca-di-roma-virginia-raggi-visita-il-policlinico-il-gemelli-uneccellenza-della-citta\/","og_locale":"en_US","og_type":"article","og_title":"La Sindaca di Roma Virginia Raggi visita il Policlinico: \u201cIl Gemelli un\u2019eccellenza della citt\u00e0\u201d - Policlinico Universitario A. Gemelli IRCCS","og_description":"La Sindaca di Roma&nbsp;Virginia Raggi, insieme all\u2019Assessore al Personale e ai Servizi Anagrafici&nbsp;Antonio De Santis, ha fatto visita lo scorso 23 aprile 2019 al Policlinico Universitario A. Gemelli IRCCS. Il primo cittadino della Capitale \u00e8 stata ricevuta dal Presidente della Fondazione Policlinico Universitario Agostino Gemelli IRCSS&nbsp;GiovanniRaimondi, dal Direttore Generale&nbsp;Marco Elefanti&nbsp;e dal Direttore del Governo Clinico [&hellip;]","og_url":"https:\/\/www.policlinicogemelli.it\/en\/news-events\/la-sindaca-di-roma-virginia-raggi-visita-il-policlinico-il-gemelli-uneccellenza-della-citta\/","og_site_name":"Policlinico Universitario Agostino Gemelli IRCCS","og_image":[{"width":655,"height":436,"url":"https:\/\/www.policlinicogemelli.it\/wp-content\/uploads\/2019\/06\/raggi2.jpg","type":"image\/jpeg"}],"twitter_card":"summary_large_image","twitter_misc":{"Est. reading time":"3 minutes"},"schema":{"@context":"https:\/\/schema.org","@graph":[{"@type":"WebPage","@id":"https:\/\/www.policlinicogemelli.it\/en\/news-events\/la-sindaca-di-roma-virginia-raggi-visita-il-policlinico-il-gemelli-uneccellenza-della-citta\/","url":"https:\/\/www.policlinicogemelli.it\/en\/news-events\/la-sindaca-di-roma-virginia-raggi-visita-il-policlinico-il-gemelli-uneccellenza-della-citta\/","name":"La Sindaca di Roma Virginia Raggi visita il Policlinico: \u201cIl Gemelli un\u2019eccellenza della citt\u00e0\u201d - Policlinico Universitario A. Gemelli IRCCS","isPartOf":{"@id":"https:\/\/www.policlinicogemelli.it\/en\/#website"},"primaryImageOfPage":{"@id":"https:\/\/www.policlinicogemelli.it\/en\/news-events\/la-sindaca-di-roma-virginia-raggi-visita-il-policlinico-il-gemelli-uneccellenza-della-citta\/#primaryimage"},"image":{"@id":"https:\/\/www.policlinicogemelli.it\/en\/news-events\/la-sindaca-di-roma-virginia-raggi-visita-il-policlinico-il-gemelli-uneccellenza-della-citta\/#primaryimage"},"thumbnailUrl":"https:\/\/www.policlinicogemelli.it\/wp-content\/uploads\/2019\/06\/raggi2.jpg","datePublished":"2019-05-27T15:34:04+00:00","breadcrumb":{"@id":"https:\/\/www.policlinicogemelli.it\/en\/news-events\/la-sindaca-di-roma-virginia-raggi-visita-il-policlinico-il-gemelli-uneccellenza-della-citta\/#breadcrumb"},"inLanguage":"en-US","potentialAction":[{"@type":"ReadAction","target":["https:\/\/www.policlinicogemelli.it\/en\/news-events\/la-sindaca-di-roma-virginia-raggi-visita-il-policlinico-il-gemelli-uneccellenza-della-citta\/"]}]},{"@type":"ImageObject","inLanguage":"en-US","@id":"https:\/\/www.policlinicogemelli.it\/en\/news-events\/la-sindaca-di-roma-virginia-raggi-visita-il-policlinico-il-gemelli-uneccellenza-della-citta\/#primaryimage","url":"https:\/\/www.policlinicogemelli.it\/wp-content\/uploads\/2019\/06\/raggi2.jpg","contentUrl":"https:\/\/www.policlinicogemelli.it\/wp-content\/uploads\/2019\/06\/raggi2.jpg"},{"@type":"BreadcrumbList","@id":"https:\/\/www.policlinicogemelli.it\/en\/news-events\/la-sindaca-di-roma-virginia-raggi-visita-il-policlinico-il-gemelli-uneccellenza-della-citta\/#breadcrumb","itemListElement":[{"@type":"ListItem","position":1,"name":"Home","item":"https:\/\/www.policlinicogemelli.it\/en\/"},{"@type":"ListItem","position":2,"name":"News and Events","item":"https:\/\/www.policlinicogemelli.it\/en\/news-events\/"},{"@type":"ListItem","position":3,"name":"La Sindaca di Roma Virginia Raggi visita il Policlinico: \u201cIl Gemelli un\u2019eccellenza della citt\u00e0\u201d"}]},{"@type":"WebSite","@id":"https:\/\/www.policlinicogemelli.it\/en\/#website","url":"https:\/\/www.policlinicogemelli.it\/en\/","name":"Policlinico Universitario Agostino Gemelli IRCCS","description":"Policlinico Universitario Agostino Gemelli IRCCS","publisher":{"@id":"https:\/\/www.policlinicogemelli.it\/en\/#organization"},"potentialAction":[{"@type":"SearchAction","target":{"@type":"EntryPoint","urlTemplate":"https:\/\/www.policlinicogemelli.it\/en\/?s={search_term_string}"},"query-input":{"@type":"PropertyValueSpecification","valueRequired":true,"valueName":"search_term_string"}}],"inLanguage":"en-US"},{"@type":"Organization","@id":"https:\/\/www.policlinicogemelli.it\/en\/#organization","name":"Policlinico Universitario Agostino Gemelli IRCCS","url":"https:\/\/www.policlinicogemelli.it\/en\/","logo":{"@type":"ImageObject","inLanguage":"en-US","@id":"https:\/\/www.policlinicogemelli.it\/en\/#\/schema\/logo\/image\/","url":"https:\/\/www.policlinicogemelli.it\/wp-content\/uploads\/2019\/02\/logo-policlinico-gemelli-250-trasp-color-1.png","contentUrl":"https:\/\/www.policlinicogemelli.it\/wp-content\/uploads\/2019\/02\/logo-policlinico-gemelli-250-trasp-color-1.png","width":250,"height":82,"caption":"Policlinico Universitario Agostino Gemelli IRCCS"},"image":{"@id":"https:\/\/www.policlinicogemelli.it\/en\/#\/schema\/logo\/image\/"}}]}},"rest_api_enabler":[],"_links":{"self":[{"href":"https:\/\/www.policlinicogemelli.it\/en\/wp-json\/wp\/v2\/news\/20611","targetHints":{"allow":["GET"]}}],"collection":[{"href":"https:\/\/www.policlinicogemelli.it\/en\/wp-json\/wp\/v2\/news"}],"about":[{"href":"https:\/\/www.policlinicogemelli.it\/en\/wp-json\/wp\/v2\/types\/kf_gem_news"}],"version-history":[{"count":0,"href":"https:\/\/www.policlinicogemelli.it\/en\/wp-json\/wp\/v2\/news\/20611\/revisions"}],"wp:attachment":[{"href":"https:\/\/www.policlinicogemelli.it\/en\/wp-json\/wp\/v2\/media?parent=20611"}],"wp:term":[{"taxonomy":"kf_gem_newscat","embeddable":true,"href":"https:\/\/www.policlinicogemelli.it\/en\/wp-json\/wp\/v2\/categorie?post=20611"}],"curies":[{"name":"wp","href":"https:\/\/api.w.org\/{rel}","templated":true}]}}